{"id":10615,"date":"2025-10-12T10:17:59","date_gmt":"2025-10-12T08:17:59","guid":{"rendered":"https:\/\/vieassociative.be\/actualites\/tour-de-lombardie-derniere-course-devenepoel-pour-soudal-et-dernier-duel-avec-pogacar-cette-annee\/"},"modified":"2025-10-12T10:17:59","modified_gmt":"2025-10-12T08:17:59","slug":"tour-de-lombardie-derniere-course-devenepoel-pour-soudal-et-dernier-duel-avec-pogacar-cette-annee","status":"publish","type":"post","link":"https:\/\/vieassociative.be\/actualites\/tour-de-lombardie-derniere-course-devenepoel-pour-soudal-et-dernier-duel-avec-pogacar-cette-annee\/","title":{"rendered":"Tour de Lombardie : derni\u00e8re course d&rsquo;Evenepoel pour Soudal et dernier duel avec Pogacar cette ann\u00e9e"},"content":{"rendered":"<p><strong>Le Tour de Lombardie, dernier monument de 2025, est au programme ce samedi. Remco Evenepoel peut-il allumer un feu sous le favori Tadej Pogacar ?<\/strong><\/p>\n<p><span id=\"more-426785\"><\/span>Le Tour de Lombardie est le dernier \u00ab monument \u00bb de cette saison 2025 du cyclisme professionnel. C&rsquo;est aussi la derni\u00e8re fois que les deux rivaux Tadej Pogacar et Remco Evenepoel s&rsquo;affrontent. Et enfin, le Belge dispute sa derni\u00e8re course pour l&rsquo;\u00e9quipe belge Soudal-Quick Step, qui l&rsquo;a rendu g\u00e9nial. Evenepoel rejoint l&rsquo;\u00e9quipe de course allemande Red Bull-Bora-hansgrohe.<\/p>\n<div id=\"attachment_426794\" class=\"wp-caption alignleft\" style=\"max-width: 300px\"><img fetchpriority=\"high\" decoding=\"async\" class=\"wp-image-426794 size-medium\" src=\"https:\/\/vieassociative.be\/actualites\/wp-content\/uploads\/2025\/10\/Tour-de-Lombardie-derniere-course-dEvenepoel-pour-Soudal-et.jpg\" alt=\"\" width=\"300\" height=\"200\"><\/div>\n<p>La course commence \u00e0 C\u00f4me et se termine dans la vieille ville (Bergamo Alta) de Bergame. La distance est d&rsquo;environ 238 km et l&rsquo;altitude totalise environ 4 400 m\u00e8tres. Le parcours est extr\u00eamement montagneux &#8211; dans la seconde moiti\u00e9 de la course, il y a de nombreuses ascensions telles que Roncola, Berbenno, Dossena, Zambla Alta et le Passo di Ganda.<\/p>\n<p>Apr\u00e8s le Passo di Ganda, une descente plus longue et technique avec 19 virages m\u00e8ne \u00e0 l&rsquo;aire d&rsquo;arriv\u00e9e. Les derniers kilom\u00e8tres sont tr\u00e8s s\u00e9lectifs : \u00e0 Bergamo Alta, il faut traverser la Porta Garibaldi, puis il y a un court tron\u00e7on pav\u00e9 (environ 200 m) jusqu&rsquo;\u00e0 la derni\u00e8re ligne droite. Les premi\u00e8res sections de la derni\u00e8re ligne droite tombent l\u00e9g\u00e8rement, puis elles s&rsquo;aplatissent plus tard.<\/p>\n<p>La particularit\u00e9 de cette \u00e9dition est qu&rsquo;il n&rsquo;y a pratiquement pas de passages plats &#8211; d\u00e8s que l&rsquo;on sort d&rsquo;une vall\u00e9e, une nouvelle mont\u00e9e ou descente s&rsquo;ensuit g\u00e9n\u00e9ralement.<\/p>\n<p>Pogacar est \u00e0 nouveau clairement le favori de la course. Il a d\u00e9j\u00e0 remport\u00e9 les quatre derni\u00e8res \u00e9ditions et tente de devenir le premier pilote \u00e0 remporter cinq victoires cons\u00e9cutives.<\/p>\n<p>Outre Evenepoel, ses principaux concurrents sont Tom Pidcock, Isaac del Toro et d&rsquo;autres grimpeurs qui pourraient se d\u00e9marquer dans les sections difficiles.<\/p>\n<div id=\"attachment_258342\" class=\"wp-caption alignleft\" style=\"max-width: 300px\"><img decoding=\"async\" class=\"wp-image-258342 size-medium\" src=\"https:\/\/vieassociative.be\/actualites\/wp-content\/uploads\/2024\/12\/Radstar-Evenepoel-sest-fracture-des-os-apres-une-chute.jpeg\" alt=\"\" width=\"300\" height=\"236\"  ><\/div>\n<p>La difficult\u00e9 des mont\u00e9es et le profil constant n\u00e9cessitent un bon timing, une bonne condition physique et un excellent travail d&rsquo;\u00e9quipe &#8211; des \u00e9chapp\u00e9s pourraient attaquer t\u00f4t, mais il ne faut pas oublier que de nombreuses r\u00e9serves de force sont n\u00e9cessaires pour les sections finales.<\/p>\n<p>Surtout dans les descentes et sur les terrains techniques, les erreurs peuvent avoir des cons\u00e9quences fatales. Remco Evenepoel a eu un accident particuli\u00e8rement dramatique sur le Tour de Lombardie en 2020 : le Belge est tomb\u00e9 lors de la descente de Muro di Sormano. Il a perdu le contr\u00f4le dans un virage serr\u00e9, s&rsquo;est \u00e9cras\u00e9 contre un muret de pierre au bord du pont et a \u00e9t\u00e9 catapult\u00e9 dessus. Il est tomb\u00e9 dans un ravin ou un talus plus profond.<\/p>\n<p>Il a subi une fracture du bassin (fracture du bassin, notamment au niveau de la hanche\/de l&rsquo;os pelvien) et un poumon droit contusionn\u00e9 ou contusionn\u00e9. Cependant, Evenepoel est rest\u00e9 conscient et a \u00e9t\u00e9 secouru par les services d&rsquo;urgence et transport\u00e9 \u00e0 l&rsquo;h\u00f4pital. (cr\u00e9er)<\/p>\n<p><em>ATTENTION &#8211; Le Tour de Lombardie 2025 pourra \u00eatre suivi ce samedi \u00e0 partir de 13h44. sur RTBF1 \u00ab La Une \u00bb ou sur VRT1 \u00ab Een \u00bb.<\/em><\/p>\n","protected":false},"excerpt":{"rendered":"<p>Le Tour de Lombardie, dernier monument de 2025, est au programme ce samedi. Remco Evenepoel peut-il allumer un feu sous le favori Tadej Pogacar ?<\/p>\n","protected":false},"author":1,"featured_media":10616,"comment_status":"","ping_status":"","sticky":false,"template":"","format":"standard","meta":{"footnotes":""},"categories":[298],"tags":[549,61,206,2682,139,8867,4821,8862,5976,81,8868,2443],"class_list":["post-10615","post","type-post","status-publish","format-standard","has-post-thumbnail","hentry","category-belgique","tag-annee","tag-avec","tag-cette","tag-dernier","tag-derniere","tag-devenepoel","tag-duel","tag-lombardie","tag-pogacar","tag-pour","tag-soudal","tag-tour","generate-columns","tablet-grid-50","mobile-grid-100","grid-parent","grid-33"],"yoast_head":"<!-- This site is optimized with the Yoast SEO plugin v24.0 - https:\/\/yoast.com\/wordpress\/plugins\/seo\/ -->\n<title>Tour de Lombardie : derni\u00e8re course d&#039;Evenepoel pour Soudal et dernier duel avec Pogacar cette ann\u00e9e | Vie Associative<\/title>\n<meta name=\"robots\" content=\"index, follow, max-snippet:-1, max-image-preview:large, max-video-preview:-1\" \/>\n<link rel=\"canonical\" href=\"https:\/\/vieassociative.be\/actualites\/tour-de-lombardie-derniere-course-devenepoel-pour-soudal-et-dernier-duel-avec-pogacar-cette-annee\/\" \/>\n<meta property=\"og:locale\" content=\"fr_FR\" \/>\n<meta property=\"og:type\" content=\"article\" \/>\n<meta property=\"og:title\" content=\"Tour de Lombardie : derni\u00e8re course d&#039;Evenepoel pour Soudal et dernier duel avec Pogacar cette ann\u00e9e | Vie Associative\" \/>\n<meta property=\"og:description\" content=\"Le Tour de Lombardie, dernier monument de 2025, est au programme ce samedi. Remco Evenepoel peut-il allumer un feu sous le favori Tadej Pogacar ?\" \/>\n<meta property=\"og:url\" content=\"https:\/\/vieassociative.be\/actualites\/tour-de-lombardie-derniere-course-devenepoel-pour-soudal-et-dernier-duel-avec-pogacar-cette-annee\/\" \/>\n<meta property=\"og:site_name\" content=\"Vie Associative\" \/>\n<meta property=\"article:published_time\" content=\"2025-10-12T08:17:59+00:00\" \/>\n<meta property=\"og:image\" content=\"https:\/\/vieassociative.be\/actualites\/wp-content\/uploads\/2024\/09\/header_backgroundk-01-e1726694325946.png\" \/>\n\t<meta property=\"og:image:width\" content=\"279\" \/>\n\t<meta property=\"og:image:height\" content=\"92\" \/>\n\t<meta property=\"og:image:type\" content=\"image\/png\" \/>\n<meta name=\"author\" content=\"Julien\" \/>\n<meta name=\"twitter:card\" content=\"summary_large_image\" \/>\n<meta name=\"twitter:label1\" content=\"\u00c9crit par\" \/>\n\t<meta name=\"twitter:data1\" content=\"Julien\" \/>\n\t<meta name=\"twitter:label2\" content=\"Dur\u00e9e de lecture est.\" \/>\n\t<meta name=\"twitter:data2\" content=\"3 minutes\" \/>\n<script type=\"application\/ld+json\" class=\"yoast-schema-graph\">{\"@context\":\"https:\/\/schema.org\",\"@graph\":[{\"@type\":\"Article\",\"@id\":\"https:\/\/vieassociative.be\/actualites\/tour-de-lombardie-derniere-course-devenepoel-pour-soudal-et-dernier-duel-avec-pogacar-cette-annee\/#article\",\"isPartOf\":{\"@id\":\"https:\/\/vieassociative.be\/actualites\/tour-de-lombardie-derniere-course-devenepoel-pour-soudal-et-dernier-duel-avec-pogacar-cette-annee\/\"},\"author\":{\"name\":\"Julien\",\"@id\":\"https:\/\/vieassociative.be\/actualites\/#\/schema\/person\/b87ac4f82f9d4e7b7cec7395b679edc4\"},\"headline\":\"Tour de Lombardie : derni\u00e8re course d&rsquo;Evenepoel pour Soudal et dernier duel avec Pogacar cette ann\u00e9e\",\"datePublished\":\"2025-10-12T08:17:59+00:00\",\"dateModified\":\"2025-10-12T08:17:59+00:00\",\"mainEntityOfPage\":{\"@id\":\"https:\/\/vieassociative.be\/actualites\/tour-de-lombardie-derniere-course-devenepoel-pour-soudal-et-dernier-duel-avec-pogacar-cette-annee\/\"},\"wordCount\":536,\"publisher\":{\"@id\":\"https:\/\/vieassociative.be\/actualites\/#organization\"},\"image\":{\"@id\":\"https:\/\/vieassociative.be\/actualites\/tour-de-lombardie-derniere-course-devenepoel-pour-soudal-et-dernier-duel-avec-pogacar-cette-annee\/#primaryimage\"},\"thumbnailUrl\":\"https:\/\/vieassociative.be\/actualites\/wp-content\/uploads\/2025\/10\/1760257080_Tour-de-Lombardie-derniere-course-dEvenepoel-pour-Soudal-et.jpg\",\"keywords\":[\"ann\u00e9e\",\"avec\",\"cette\",\"dernier\",\"derni\u00e8re\",\"dEvenepoel\",\"duel\",\"Lombardie\",\"Pogacar\",\"pour\",\"Soudal\",\"Tour\"],\"articleSection\":[\"Belgique\"],\"inLanguage\":\"fr-BE\"},{\"@type\":\"WebPage\",\"@id\":\"https:\/\/vieassociative.be\/actualites\/tour-de-lombardie-derniere-course-devenepoel-pour-soudal-et-dernier-duel-avec-pogacar-cette-annee\/\",\"url\":\"https:\/\/vieassociative.be\/actualites\/tour-de-lombardie-derniere-course-devenepoel-pour-soudal-et-dernier-duel-avec-pogacar-cette-annee\/\",\"name\":\"Tour de Lombardie : derni\u00e8re course d'Evenepoel pour Soudal et dernier duel avec Pogacar cette ann\u00e9e | Vie Associative\",\"isPartOf\":{\"@id\":\"https:\/\/vieassociative.be\/actualites\/#website\"},\"primaryImageOfPage\":{\"@id\":\"https:\/\/vieassociative.be\/actualites\/tour-de-lombardie-derniere-course-devenepoel-pour-soudal-et-dernier-duel-avec-pogacar-cette-annee\/#primaryimage\"},\"image\":{\"@id\":\"https:\/\/vieassociative.be\/actualites\/tour-de-lombardie-derniere-course-devenepoel-pour-soudal-et-dernier-duel-avec-pogacar-cette-annee\/#primaryimage\"},\"thumbnailUrl\":\"https:\/\/vieassociative.be\/actualites\/wp-content\/uploads\/2025\/10\/1760257080_Tour-de-Lombardie-derniere-course-dEvenepoel-pour-Soudal-et.jpg\",\"datePublished\":\"2025-10-12T08:17:59+00:00\",\"dateModified\":\"2025-10-12T08:17:59+00:00\",\"breadcrumb\":{\"@id\":\"https:\/\/vieassociative.be\/actualites\/tour-de-lombardie-derniere-course-devenepoel-pour-soudal-et-dernier-duel-avec-pogacar-cette-annee\/#breadcrumb\"},\"inLanguage\":\"fr-BE\",\"potentialAction\":[{\"@type\":\"ReadAction\",\"target\":[\"https:\/\/vieassociative.be\/actualites\/tour-de-lombardie-derniere-course-devenepoel-pour-soudal-et-dernier-duel-avec-pogacar-cette-annee\/\"]}]},{\"@type\":\"ImageObject\",\"inLanguage\":\"fr-BE\",\"@id\":\"https:\/\/vieassociative.be\/actualites\/tour-de-lombardie-derniere-course-devenepoel-pour-soudal-et-dernier-duel-avec-pogacar-cette-annee\/#primaryimage\",\"url\":\"https:\/\/vieassociative.be\/actualites\/wp-content\/uploads\/2025\/10\/1760257080_Tour-de-Lombardie-derniere-course-dEvenepoel-pour-Soudal-et.jpg\",\"contentUrl\":\"https:\/\/vieassociative.be\/actualites\/wp-content\/uploads\/2025\/10\/1760257080_Tour-de-Lombardie-derniere-course-dEvenepoel-pour-Soudal-et.jpg\",\"width\":1200,\"height\":800,\"caption\":\"Tour de Lombardie : derni\u00e8re course d'Evenepoel pour Soudal et dernier duel avec Pogacar cette ann\u00e9e\"},{\"@type\":\"BreadcrumbList\",\"@id\":\"https:\/\/vieassociative.be\/actualites\/tour-de-lombardie-derniere-course-devenepoel-pour-soudal-et-dernier-duel-avec-pogacar-cette-annee\/#breadcrumb\",\"itemListElement\":[{\"@type\":\"ListItem\",\"position\":1,\"name\":\"Accueil\",\"item\":\"https:\/\/vieassociative.be\/actualites\/\"},{\"@type\":\"ListItem\",\"position\":2,\"name\":\"Tour de Lombardie : derni\u00e8re course d&rsquo;Evenepoel pour Soudal et dernier duel avec Pogacar cette ann\u00e9e\"}]},{\"@type\":\"WebSite\",\"@id\":\"https:\/\/vieassociative.be\/actualites\/#website\",\"url\":\"https:\/\/vieassociative.be\/actualites\/\",\"name\":\"Vie Associative\",\"description\":\"\",\"publisher\":{\"@id\":\"https:\/\/vieassociative.be\/actualites\/#organization\"},\"potentialAction\":[{\"@type\":\"SearchAction\",\"target\":{\"@type\":\"EntryPoint\",\"urlTemplate\":\"https:\/\/vieassociative.be\/actualites\/?s={search_term_string}\"},\"query-input\":{\"@type\":\"PropertyValueSpecification\",\"valueRequired\":true,\"valueName\":\"search_term_string\"}}],\"inLanguage\":\"fr-BE\"},{\"@type\":\"Organization\",\"@id\":\"https:\/\/vieassociative.be\/actualites\/#organization\",\"name\":\"Vie Associative\",\"url\":\"https:\/\/vieassociative.be\/actualites\/\",\"logo\":{\"@type\":\"ImageObject\",\"inLanguage\":\"fr-BE\",\"@id\":\"https:\/\/vieassociative.be\/actualites\/#\/schema\/logo\/image\/\",\"url\":\"https:\/\/vieassociative.be\/actualites\/wp-content\/uploads\/2024\/09\/cropped-vieassociative_favicon.ico.png\",\"contentUrl\":\"https:\/\/vieassociative.be\/actualites\/wp-content\/uploads\/2024\/09\/cropped-vieassociative_favicon.ico.png\",\"width\":512,\"height\":512,\"caption\":\"Vie Associative\"},\"image\":{\"@id\":\"https:\/\/vieassociative.be\/actualites\/#\/schema\/logo\/image\/\"}},{\"@type\":\"Person\",\"@id\":\"https:\/\/vieassociative.be\/actualites\/#\/schema\/person\/b87ac4f82f9d4e7b7cec7395b679edc4\",\"name\":\"Julien\",\"image\":{\"@type\":\"ImageObject\",\"inLanguage\":\"fr-BE\",\"@id\":\"https:\/\/vieassociative.be\/actualites\/#\/schema\/person\/image\/\",\"url\":\"https:\/\/vieassociative.be\/actualites\/wp-content\/uploads\/2024\/09\/vie-associative-1-150x150.jpg\",\"contentUrl\":\"https:\/\/vieassociative.be\/actualites\/wp-content\/uploads\/2024\/09\/vie-associative-1-150x150.jpg\",\"caption\":\"Julien\"},\"description\":\"Je suis Julien, r\u00e9dacteur pour Vie Associative. Passionn\u00e9 par le monde associatif depuis plus de 10 ans, j'ai \u00e0 c\u0153ur de partager des histoires inspirantes et de mettre en lumi\u00e8re les initiatives locales. Mon objectif est de sensibiliser et d'encourager l'engagement communautaire \u00e0 travers mes articles.\",\"sameAs\":[\"https:\/\/vieassociative.be\/\"]}]}<\/script>\n<!-- \/ Yoast SEO plugin. -->","yoast_head_json":{"title":"Tour de Lombardie : derni\u00e8re course d'Evenepoel pour Soudal et dernier duel avec Pogacar cette ann\u00e9e | Vie Associative","robots":{"index":"index","follow":"follow","max-snippet":"max-snippet:-1","max-image-preview":"max-image-preview:large","max-video-preview":"max-video-preview:-1"},"canonical":"https:\/\/vieassociative.be\/actualites\/tour-de-lombardie-derniere-course-devenepoel-pour-soudal-et-dernier-duel-avec-pogacar-cette-annee\/","og_locale":"fr_FR","og_type":"article","og_title":"Tour de Lombardie : derni\u00e8re course d'Evenepoel pour Soudal et dernier duel avec Pogacar cette ann\u00e9e | Vie Associative","og_description":"Le Tour de Lombardie, dernier monument de 2025, est au programme ce samedi. Remco Evenepoel peut-il allumer un feu sous le favori Tadej Pogacar ?","og_url":"https:\/\/vieassociative.be\/actualites\/tour-de-lombardie-derniere-course-devenepoel-pour-soudal-et-dernier-duel-avec-pogacar-cette-annee\/","og_site_name":"Vie Associative","article_published_time":"2025-10-12T08:17:59+00:00","og_image":[{"width":279,"height":92,"url":"https:\/\/vieassociative.be\/actualites\/wp-content\/uploads\/2024\/09\/header_backgroundk-01-e1726694325946.png","type":"image\/png"}],"author":"Julien","twitter_card":"summary_large_image","twitter_misc":{"\u00c9crit par":"Julien","Dur\u00e9e de lecture est.":"3 minutes"},"schema":{"@context":"https:\/\/schema.org","@graph":[{"@type":"Article","@id":"https:\/\/vieassociative.be\/actualites\/tour-de-lombardie-derniere-course-devenepoel-pour-soudal-et-dernier-duel-avec-pogacar-cette-annee\/#article","isPartOf":{"@id":"https:\/\/vieassociative.be\/actualites\/tour-de-lombardie-derniere-course-devenepoel-pour-soudal-et-dernier-duel-avec-pogacar-cette-annee\/"},"author":{"name":"Julien","@id":"https:\/\/vieassociative.be\/actualites\/#\/schema\/person\/b87ac4f82f9d4e7b7cec7395b679edc4"},"headline":"Tour de Lombardie : derni\u00e8re course d&rsquo;Evenepoel pour Soudal et dernier duel avec Pogacar cette ann\u00e9e","datePublished":"2025-10-12T08:17:59+00:00","dateModified":"2025-10-12T08:17:59+00:00","mainEntityOfPage":{"@id":"https:\/\/vieassociative.be\/actualites\/tour-de-lombardie-derniere-course-devenepoel-pour-soudal-et-dernier-duel-avec-pogacar-cette-annee\/"},"wordCount":536,"publisher":{"@id":"https:\/\/vieassociative.be\/actualites\/#organization"},"image":{"@id":"https:\/\/vieassociative.be\/actualites\/tour-de-lombardie-derniere-course-devenepoel-pour-soudal-et-dernier-duel-avec-pogacar-cette-annee\/#primaryimage"},"thumbnailUrl":"https:\/\/vieassociative.be\/actualites\/wp-content\/uploads\/2025\/10\/1760257080_Tour-de-Lombardie-derniere-course-dEvenepoel-pour-Soudal-et.jpg","keywords":["ann\u00e9e","avec","cette","dernier","derni\u00e8re","dEvenepoel","duel","Lombardie","Pogacar","pour","Soudal","Tour"],"articleSection":["Belgique"],"inLanguage":"fr-BE"},{"@type":"WebPage","@id":"https:\/\/vieassociative.be\/actualites\/tour-de-lombardie-derniere-course-devenepoel-pour-soudal-et-dernier-duel-avec-pogacar-cette-annee\/","url":"https:\/\/vieassociative.be\/actualites\/tour-de-lombardie-derniere-course-devenepoel-pour-soudal-et-dernier-duel-avec-pogacar-cette-annee\/","name":"Tour de Lombardie : derni\u00e8re course d'Evenepoel pour Soudal et dernier duel avec Pogacar cette ann\u00e9e | Vie Associative","isPartOf":{"@id":"https:\/\/vieassociative.be\/actualites\/#website"},"primaryImageOfPage":{"@id":"https:\/\/vieassociative.be\/actualites\/tour-de-lombardie-derniere-course-devenepoel-pour-soudal-et-dernier-duel-avec-pogacar-cette-annee\/#primaryimage"},"image":{"@id":"https:\/\/vieassociative.be\/actualites\/tour-de-lombardie-derniere-course-devenepoel-pour-soudal-et-dernier-duel-avec-pogacar-cette-annee\/#primaryimage"},"thumbnailUrl":"https:\/\/vieassociative.be\/actualites\/wp-content\/uploads\/2025\/10\/1760257080_Tour-de-Lombardie-derniere-course-dEvenepoel-pour-Soudal-et.jpg","datePublished":"2025-10-12T08:17:59+00:00","dateModified":"2025-10-12T08:17:59+00:00","breadcrumb":{"@id":"https:\/\/vieassociative.be\/actualites\/tour-de-lombardie-derniere-course-devenepoel-pour-soudal-et-dernier-duel-avec-pogacar-cette-annee\/#breadcrumb"},"inLanguage":"fr-BE","potentialAction":[{"@type":"ReadAction","target":["https:\/\/vieassociative.be\/actualites\/tour-de-lombardie-derniere-course-devenepoel-pour-soudal-et-dernier-duel-avec-pogacar-cette-annee\/"]}]},{"@type":"ImageObject","inLanguage":"fr-BE","@id":"https:\/\/vieassociative.be\/actualites\/tour-de-lombardie-derniere-course-devenepoel-pour-soudal-et-dernier-duel-avec-pogacar-cette-annee\/#primaryimage","url":"https:\/\/vieassociative.be\/actualites\/wp-content\/uploads\/2025\/10\/1760257080_Tour-de-Lombardie-derniere-course-dEvenepoel-pour-Soudal-et.jpg","contentUrl":"https:\/\/vieassociative.be\/actualites\/wp-content\/uploads\/2025\/10\/1760257080_Tour-de-Lombardie-derniere-course-dEvenepoel-pour-Soudal-et.jpg","width":1200,"height":800,"caption":"Tour de Lombardie : derni\u00e8re course d'Evenepoel pour Soudal et dernier duel avec Pogacar cette ann\u00e9e"},{"@type":"BreadcrumbList","@id":"https:\/\/vieassociative.be\/actualites\/tour-de-lombardie-derniere-course-devenepoel-pour-soudal-et-dernier-duel-avec-pogacar-cette-annee\/#breadcrumb","itemListElement":[{"@type":"ListItem","position":1,"name":"Accueil","item":"https:\/\/vieassociative.be\/actualites\/"},{"@type":"ListItem","position":2,"name":"Tour de Lombardie : derni\u00e8re course d&rsquo;Evenepoel pour Soudal et dernier duel avec Pogacar cette ann\u00e9e"}]},{"@type":"WebSite","@id":"https:\/\/vieassociative.be\/actualites\/#website","url":"https:\/\/vieassociative.be\/actualites\/","name":"Vie Associative","description":"","publisher":{"@id":"https:\/\/vieassociative.be\/actualites\/#organization"},"potentialAction":[{"@type":"SearchAction","target":{"@type":"EntryPoint","urlTemplate":"https:\/\/vieassociative.be\/actualites\/?s={search_term_string}"},"query-input":{"@type":"PropertyValueSpecification","valueRequired":true,"valueName":"search_term_string"}}],"inLanguage":"fr-BE"},{"@type":"Organization","@id":"https:\/\/vieassociative.be\/actualites\/#organization","name":"Vie Associative","url":"https:\/\/vieassociative.be\/actualites\/","logo":{"@type":"ImageObject","inLanguage":"fr-BE","@id":"https:\/\/vieassociative.be\/actualites\/#\/schema\/logo\/image\/","url":"https:\/\/vieassociative.be\/actualites\/wp-content\/uploads\/2024\/09\/cropped-vieassociative_favicon.ico.png","contentUrl":"https:\/\/vieassociative.be\/actualites\/wp-content\/uploads\/2024\/09\/cropped-vieassociative_favicon.ico.png","width":512,"height":512,"caption":"Vie Associative"},"image":{"@id":"https:\/\/vieassociative.be\/actualites\/#\/schema\/logo\/image\/"}},{"@type":"Person","@id":"https:\/\/vieassociative.be\/actualites\/#\/schema\/person\/b87ac4f82f9d4e7b7cec7395b679edc4","name":"Julien","image":{"@type":"ImageObject","inLanguage":"fr-BE","@id":"https:\/\/vieassociative.be\/actualites\/#\/schema\/person\/image\/","url":"https:\/\/vieassociative.be\/actualites\/wp-content\/uploads\/2024\/09\/vie-associative-1-150x150.jpg","contentUrl":"https:\/\/vieassociative.be\/actualites\/wp-content\/uploads\/2024\/09\/vie-associative-1-150x150.jpg","caption":"Julien"},"description":"Je suis Julien, r\u00e9dacteur pour Vie Associative. Passionn\u00e9 par le monde associatif depuis plus de 10 ans, j'ai \u00e0 c\u0153ur de partager des histoires inspirantes et de mettre en lumi\u00e8re les initiatives locales. Mon objectif est de sensibiliser et d'encourager l'engagement communautaire \u00e0 travers mes articles.","sameAs":["https:\/\/vieassociative.be\/"]}]}},"_links":{"self":[{"href":"https:\/\/vieassociative.be\/actualites\/wp-json\/wp\/v2\/posts\/10615"}],"collection":[{"href":"https:\/\/vieassociative.be\/actualites\/wp-json\/wp\/v2\/posts"}],"about":[{"href":"https:\/\/vieassociative.be\/actualites\/wp-json\/wp\/v2\/types\/post"}],"author":[{"embeddable":true,"href":"https:\/\/vieassociative.be\/actualites\/wp-json\/wp\/v2\/users\/1"}],"replies":[{"embeddable":true,"href":"https:\/\/vieassociative.be\/actualites\/wp-json\/wp\/v2\/comments?post=10615"}],"version-history":[{"count":0,"href":"https:\/\/vieassociative.be\/actualites\/wp-json\/wp\/v2\/posts\/10615\/revisions"}],"wp:featuredmedia":[{"embeddable":true,"href":"https:\/\/vieassociative.be\/actualites\/wp-json\/wp\/v2\/media\/10616"}],"wp:attachment":[{"href":"https:\/\/vieassociative.be\/actualites\/wp-json\/wp\/v2\/media?parent=10615"}],"wp:term":[{"taxonomy":"category","embeddable":true,"href":"https:\/\/vieassociative.be\/actualites\/wp-json\/wp\/v2\/categories?post=10615"},{"taxonomy":"post_tag","embeddable":true,"href":"https:\/\/vieassociative.be\/actualites\/wp-json\/wp\/v2\/tags?post=10615"}],"curies":[{"name":"wp","href":"https:\/\/api.w.org\/{rel}","templated":true}]}}