{"id":10613,"date":"2025-10-12T09:18:40","date_gmt":"2025-10-12T07:18:40","guid":{"rendered":"https:\/\/vieassociative.be\/actualites\/vous-pouvez-obtenir-ce-haut-parleur-skullcandy-etanche-et-portable-en-vente-pour-33-des-maintenant\/"},"modified":"2025-10-12T09:18:40","modified_gmt":"2025-10-12T07:18:40","slug":"vous-pouvez-obtenir-ce-haut-parleur-skullcandy-etanche-et-portable-en-vente-pour-33-des-maintenant","status":"publish","type":"post","link":"https:\/\/vieassociative.be\/actualites\/vous-pouvez-obtenir-ce-haut-parleur-skullcandy-etanche-et-portable-en-vente-pour-33-des-maintenant\/","title":{"rendered":"Vous pouvez obtenir ce haut-parleur Skullcandy \u00e9tanche et portable en vente pour 33 $ d\u00e8s maintenant"},"content":{"rendered":"<div class=\"mt-4 leading-6 md:mb-8\">Le Skullcandy Terrain Mini est pratique, durable et peu co\u00fbteux.<\/div>\n<p><\/p>\n<p>Si vous avez d\u00e9j\u00e0 essay\u00e9 de faire glisser un haut-parleur trop grand \u2013 ou pire, de compter sur le petit son de votre t\u00e9l\u00e9phone pour la projection sonore \u2013 vous devriez appr\u00e9cier cette vente sur le Skullcandy Terrain Mini : il est de la taille d&rsquo;une paume, sans fioritures et actuellement en vente au prix de 32,99 $ sur StackSocial, avec livraison gratuite aux \u00c9tats-Unis. Cette baisse de prix n&rsquo;est pas \u00e9poustouflante, mais pour moins de 35 $, vous envisagez un haut-parleur \u00e9tanche IPX7 qui ne sera pas endommag\u00e9. s&rsquo;il tombe ou est mouill\u00e9.<\/p>\n<p>Le Skullcandy Terrain Mini est dot\u00e9 de Bluetooth 5.3, garantissant une connexion stable dans une port\u00e9e de 33 pieds. La batterie offrirait 14 heures d&rsquo;autonomie, ce qui devrait couvrir la plupart des aventures d&rsquo;une journ\u00e9e ou au moins une solide liste de lecture de travail sans avoir besoin d&rsquo;une recharge. Lorsque la batterie est \u00e9puis\u00e9e, elle peut \u00eatre charg\u00e9e \u00e0 l&rsquo;aide d&rsquo;un port USB-C inclus, vous n&rsquo;aurez donc pas besoin de fouiller dans d&rsquo;anciens cordons. Il est \u00e9galement livr\u00e9 avec une dragonne que vous pouvez attacher \u00e0 un sac ou balancer comme un cordon lorsque vous \u00eates en d\u00e9placement. <\/p>\n<p>En ce qui concerne la qualit\u00e9 sonore, il est correct en soi, mais la fonction True Wireless Stereo vous permet de le coupler avec une deuxi\u00e8me unit\u00e9 pour une v\u00e9ritable s\u00e9paration st\u00e9r\u00e9o. Vous pouvez \u00e9galement utiliser le Multi-Link de Skullcandy pour encha\u00eener jusqu&rsquo;\u00e0 99 d&rsquo;entre eux. En r\u00e9alit\u00e9, vous ne ferez probablement jamais cela, mais l&rsquo;option est l\u00e0 si jamais vous souhaitez organiser un flash mob.<\/p>\n<p>Cela dit, cette enceinte ne d\u00e9passe pas largement sa taille. Il est davantage con\u00e7u pour une \u00e9coute d\u00e9contract\u00e9e et portable que pour des basses puissantes ou une pr\u00e9cision \u00e0 volume \u00e9lev\u00e9. Le maillage en tissu contribue \u00e0 la durabilit\u00e9 et \u00e0 la clart\u00e9 du son, mais il ne remplacera pas la configuration de vos enceintes domestiques. Si vous recherchez un petit haut-parleur robuste, \u00e9tanche, rechargeable et facile \u00e0 mettre dans un sac, le Skullcandy Terrain Mini vous convient.<\/p>\n","protected":false},"excerpt":{"rendered":"<p>Le Skullcandy Terrain Mini est pratique, durable et peu co\u00fbteux. Si vous avez d\u00e9j\u00e0 essay\u00e9 de faire glisser un haut-parleur trop grand \u2013 ou pire,<\/p>\n","protected":false},"author":1,"featured_media":10614,"comment_status":"","ping_status":"","sticky":false,"template":"","format":"standard","meta":{"footnotes":""},"categories":[13],"tags":[29,8362,3545,233,227,170,81,5,6240,223,4],"class_list":["post-10613","post","type-post","status-publish","format-standard","has-post-thumbnail","hentry","category-technologie","tag-des","tag-etanche","tag-hautparleur","tag-maintenant","tag-obtenir","tag-portable","tag-pour","tag-pouvez","tag-skullcandy","tag-vente","tag-vous","generate-columns","tablet-grid-50","mobile-grid-100","grid-parent","grid-33"],"yoast_head":"<!-- This site is optimized with the Yoast SEO plugin v24.0 - https:\/\/yoast.com\/wordpress\/plugins\/seo\/ -->\n<title>Vous pouvez obtenir ce haut-parleur Skullcandy \u00e9tanche et portable en vente pour 33 $ d\u00e8s maintenant | Vie Associative<\/title>\n<meta name=\"robots\" content=\"index, follow, max-snippet:-1, max-image-preview:large, max-video-preview:-1\" \/>\n<link rel=\"canonical\" href=\"https:\/\/vieassociative.be\/actualites\/vous-pouvez-obtenir-ce-haut-parleur-skullcandy-etanche-et-portable-en-vente-pour-33-des-maintenant\/\" \/>\n<meta property=\"og:locale\" content=\"fr_FR\" \/>\n<meta property=\"og:type\" content=\"article\" \/>\n<meta property=\"og:title\" content=\"Vous pouvez obtenir ce haut-parleur Skullcandy \u00e9tanche et portable en vente pour 33 $ d\u00e8s maintenant | Vie Associative\" \/>\n<meta property=\"og:description\" content=\"Le Skullcandy Terrain Mini est pratique, durable et peu co\u00fbteux. Si vous avez d\u00e9j\u00e0 essay\u00e9 de faire glisser un haut-parleur trop grand \u2013 ou pire,\" \/>\n<meta property=\"og:url\" content=\"https:\/\/vieassociative.be\/actualites\/vous-pouvez-obtenir-ce-haut-parleur-skullcandy-etanche-et-portable-en-vente-pour-33-des-maintenant\/\" \/>\n<meta property=\"og:site_name\" content=\"Vie Associative\" \/>\n<meta property=\"article:published_time\" content=\"2025-10-12T07:18:40+00:00\" \/>\n<meta property=\"og:image\" content=\"https:\/\/vieassociative.be\/actualites\/wp-content\/uploads\/2024\/09\/header_backgroundk-01-e1726694325946.png\" \/>\n\t<meta property=\"og:image:width\" content=\"279\" \/>\n\t<meta property=\"og:image:height\" content=\"92\" \/>\n\t<meta property=\"og:image:type\" content=\"image\/png\" \/>\n<meta name=\"author\" content=\"Julien\" \/>\n<meta name=\"twitter:card\" content=\"summary_large_image\" \/>\n<meta name=\"twitter:label1\" content=\"\u00c9crit par\" \/>\n\t<meta name=\"twitter:data1\" content=\"Julien\" \/>\n\t<meta name=\"twitter:label2\" content=\"Dur\u00e9e de lecture est.\" \/>\n\t<meta name=\"twitter:data2\" content=\"2 minutes\" \/>\n<script type=\"application\/ld+json\" class=\"yoast-schema-graph\">{\"@context\":\"https:\/\/schema.org\",\"@graph\":[{\"@type\":\"Article\",\"@id\":\"https:\/\/vieassociative.be\/actualites\/vous-pouvez-obtenir-ce-haut-parleur-skullcandy-etanche-et-portable-en-vente-pour-33-des-maintenant\/#article\",\"isPartOf\":{\"@id\":\"https:\/\/vieassociative.be\/actualites\/vous-pouvez-obtenir-ce-haut-parleur-skullcandy-etanche-et-portable-en-vente-pour-33-des-maintenant\/\"},\"author\":{\"name\":\"Julien\",\"@id\":\"https:\/\/vieassociative.be\/actualites\/#\/schema\/person\/b87ac4f82f9d4e7b7cec7395b679edc4\"},\"headline\":\"Vous pouvez obtenir ce haut-parleur Skullcandy \u00e9tanche et portable en vente pour 33 $ d\u00e8s maintenant\",\"datePublished\":\"2025-10-12T07:18:40+00:00\",\"dateModified\":\"2025-10-12T07:18:40+00:00\",\"mainEntityOfPage\":{\"@id\":\"https:\/\/vieassociative.be\/actualites\/vous-pouvez-obtenir-ce-haut-parleur-skullcandy-etanche-et-portable-en-vente-pour-33-des-maintenant\/\"},\"wordCount\":379,\"publisher\":{\"@id\":\"https:\/\/vieassociative.be\/actualites\/#organization\"},\"image\":{\"@id\":\"https:\/\/vieassociative.be\/actualites\/vous-pouvez-obtenir-ce-haut-parleur-skullcandy-etanche-et-portable-en-vente-pour-33-des-maintenant\/#primaryimage\"},\"thumbnailUrl\":\"https:\/\/vieassociative.be\/actualites\/wp-content\/uploads\/2025\/10\/Vous-pouvez-obtenir-ce-haut-parleur-Skullcandy-etanche-et-portable-en.png\",\"keywords\":[\"Des\",\"\u00e9tanche\",\"hautparleur\",\"maintenant\",\"obtenir\",\"portable\",\"pour\",\"pouvez\",\"Skullcandy\",\"vente\",\"Vous\"],\"articleSection\":[\"Technologie\"],\"inLanguage\":\"fr-BE\"},{\"@type\":\"WebPage\",\"@id\":\"https:\/\/vieassociative.be\/actualites\/vous-pouvez-obtenir-ce-haut-parleur-skullcandy-etanche-et-portable-en-vente-pour-33-des-maintenant\/\",\"url\":\"https:\/\/vieassociative.be\/actualites\/vous-pouvez-obtenir-ce-haut-parleur-skullcandy-etanche-et-portable-en-vente-pour-33-des-maintenant\/\",\"name\":\"Vous pouvez obtenir ce haut-parleur Skullcandy \u00e9tanche et portable en vente pour 33 $ d\u00e8s maintenant | Vie Associative\",\"isPartOf\":{\"@id\":\"https:\/\/vieassociative.be\/actualites\/#website\"},\"primaryImageOfPage\":{\"@id\":\"https:\/\/vieassociative.be\/actualites\/vous-pouvez-obtenir-ce-haut-parleur-skullcandy-etanche-et-portable-en-vente-pour-33-des-maintenant\/#primaryimage\"},\"image\":{\"@id\":\"https:\/\/vieassociative.be\/actualites\/vous-pouvez-obtenir-ce-haut-parleur-skullcandy-etanche-et-portable-en-vente-pour-33-des-maintenant\/#primaryimage\"},\"thumbnailUrl\":\"https:\/\/vieassociative.be\/actualites\/wp-content\/uploads\/2025\/10\/Vous-pouvez-obtenir-ce-haut-parleur-Skullcandy-etanche-et-portable-en.png\",\"datePublished\":\"2025-10-12T07:18:40+00:00\",\"dateModified\":\"2025-10-12T07:18:40+00:00\",\"breadcrumb\":{\"@id\":\"https:\/\/vieassociative.be\/actualites\/vous-pouvez-obtenir-ce-haut-parleur-skullcandy-etanche-et-portable-en-vente-pour-33-des-maintenant\/#breadcrumb\"},\"inLanguage\":\"fr-BE\",\"potentialAction\":[{\"@type\":\"ReadAction\",\"target\":[\"https:\/\/vieassociative.be\/actualites\/vous-pouvez-obtenir-ce-haut-parleur-skullcandy-etanche-et-portable-en-vente-pour-33-des-maintenant\/\"]}]},{\"@type\":\"ImageObject\",\"inLanguage\":\"fr-BE\",\"@id\":\"https:\/\/vieassociative.be\/actualites\/vous-pouvez-obtenir-ce-haut-parleur-skullcandy-etanche-et-portable-en-vente-pour-33-des-maintenant\/#primaryimage\",\"url\":\"https:\/\/vieassociative.be\/actualites\/wp-content\/uploads\/2025\/10\/Vous-pouvez-obtenir-ce-haut-parleur-Skullcandy-etanche-et-portable-en.png\",\"contentUrl\":\"https:\/\/vieassociative.be\/actualites\/wp-content\/uploads\/2025\/10\/Vous-pouvez-obtenir-ce-haut-parleur-Skullcandy-etanche-et-portable-en.png\",\"width\":1200,\"height\":675,\"caption\":\"Vous pouvez obtenir ce haut-parleur Skullcandy \u00e9tanche et portable en vente pour 33 $ d\u00e8s maintenant\"},{\"@type\":\"BreadcrumbList\",\"@id\":\"https:\/\/vieassociative.be\/actualites\/vous-pouvez-obtenir-ce-haut-parleur-skullcandy-etanche-et-portable-en-vente-pour-33-des-maintenant\/#breadcrumb\",\"itemListElement\":[{\"@type\":\"ListItem\",\"position\":1,\"name\":\"Accueil\",\"item\":\"https:\/\/vieassociative.be\/actualites\/\"},{\"@type\":\"ListItem\",\"position\":2,\"name\":\"Vous pouvez obtenir ce haut-parleur Skullcandy \u00e9tanche et portable en vente pour 33 $ d\u00e8s maintenant\"}]},{\"@type\":\"WebSite\",\"@id\":\"https:\/\/vieassociative.be\/actualites\/#website\",\"url\":\"https:\/\/vieassociative.be\/actualites\/\",\"name\":\"Vie Associative\",\"description\":\"\",\"publisher\":{\"@id\":\"https:\/\/vieassociative.be\/actualites\/#organization\"},\"potentialAction\":[{\"@type\":\"SearchAction\",\"target\":{\"@type\":\"EntryPoint\",\"urlTemplate\":\"https:\/\/vieassociative.be\/actualites\/?s={search_term_string}\"},\"query-input\":{\"@type\":\"PropertyValueSpecification\",\"valueRequired\":true,\"valueName\":\"search_term_string\"}}],\"inLanguage\":\"fr-BE\"},{\"@type\":\"Organization\",\"@id\":\"https:\/\/vieassociative.be\/actualites\/#organization\",\"name\":\"Vie Associative\",\"url\":\"https:\/\/vieassociative.be\/actualites\/\",\"logo\":{\"@type\":\"ImageObject\",\"inLanguage\":\"fr-BE\",\"@id\":\"https:\/\/vieassociative.be\/actualites\/#\/schema\/logo\/image\/\",\"url\":\"https:\/\/vieassociative.be\/actualites\/wp-content\/uploads\/2024\/09\/cropped-vieassociative_favicon.ico.png\",\"contentUrl\":\"https:\/\/vieassociative.be\/actualites\/wp-content\/uploads\/2024\/09\/cropped-vieassociative_favicon.ico.png\",\"width\":512,\"height\":512,\"caption\":\"Vie Associative\"},\"image\":{\"@id\":\"https:\/\/vieassociative.be\/actualites\/#\/schema\/logo\/image\/\"}},{\"@type\":\"Person\",\"@id\":\"https:\/\/vieassociative.be\/actualites\/#\/schema\/person\/b87ac4f82f9d4e7b7cec7395b679edc4\",\"name\":\"Julien\",\"image\":{\"@type\":\"ImageObject\",\"inLanguage\":\"fr-BE\",\"@id\":\"https:\/\/vieassociative.be\/actualites\/#\/schema\/person\/image\/\",\"url\":\"https:\/\/vieassociative.be\/actualites\/wp-content\/uploads\/2024\/09\/vie-associative-1-150x150.jpg\",\"contentUrl\":\"https:\/\/vieassociative.be\/actualites\/wp-content\/uploads\/2024\/09\/vie-associative-1-150x150.jpg\",\"caption\":\"Julien\"},\"description\":\"Je suis Julien, r\u00e9dacteur pour Vie Associative. Passionn\u00e9 par le monde associatif depuis plus de 10 ans, j'ai \u00e0 c\u0153ur de partager des histoires inspirantes et de mettre en lumi\u00e8re les initiatives locales. Mon objectif est de sensibiliser et d'encourager l'engagement communautaire \u00e0 travers mes articles.\",\"sameAs\":[\"https:\/\/vieassociative.be\/\"]}]}<\/script>\n<!-- \/ Yoast SEO plugin. -->","yoast_head_json":{"title":"Vous pouvez obtenir ce haut-parleur Skullcandy \u00e9tanche et portable en vente pour 33 $ d\u00e8s maintenant | Vie Associative","robots":{"index":"index","follow":"follow","max-snippet":"max-snippet:-1","max-image-preview":"max-image-preview:large","max-video-preview":"max-video-preview:-1"},"canonical":"https:\/\/vieassociative.be\/actualites\/vous-pouvez-obtenir-ce-haut-parleur-skullcandy-etanche-et-portable-en-vente-pour-33-des-maintenant\/","og_locale":"fr_FR","og_type":"article","og_title":"Vous pouvez obtenir ce haut-parleur Skullcandy \u00e9tanche et portable en vente pour 33 $ d\u00e8s maintenant | Vie Associative","og_description":"Le Skullcandy Terrain Mini est pratique, durable et peu co\u00fbteux. Si vous avez d\u00e9j\u00e0 essay\u00e9 de faire glisser un haut-parleur trop grand \u2013 ou pire,","og_url":"https:\/\/vieassociative.be\/actualites\/vous-pouvez-obtenir-ce-haut-parleur-skullcandy-etanche-et-portable-en-vente-pour-33-des-maintenant\/","og_site_name":"Vie Associative","article_published_time":"2025-10-12T07:18:40+00:00","og_image":[{"width":279,"height":92,"url":"https:\/\/vieassociative.be\/actualites\/wp-content\/uploads\/2024\/09\/header_backgroundk-01-e1726694325946.png","type":"image\/png"}],"author":"Julien","twitter_card":"summary_large_image","twitter_misc":{"\u00c9crit par":"Julien","Dur\u00e9e de lecture est.":"2 minutes"},"schema":{"@context":"https:\/\/schema.org","@graph":[{"@type":"Article","@id":"https:\/\/vieassociative.be\/actualites\/vous-pouvez-obtenir-ce-haut-parleur-skullcandy-etanche-et-portable-en-vente-pour-33-des-maintenant\/#article","isPartOf":{"@id":"https:\/\/vieassociative.be\/actualites\/vous-pouvez-obtenir-ce-haut-parleur-skullcandy-etanche-et-portable-en-vente-pour-33-des-maintenant\/"},"author":{"name":"Julien","@id":"https:\/\/vieassociative.be\/actualites\/#\/schema\/person\/b87ac4f82f9d4e7b7cec7395b679edc4"},"headline":"Vous pouvez obtenir ce haut-parleur Skullcandy \u00e9tanche et portable en vente pour 33 $ d\u00e8s maintenant","datePublished":"2025-10-12T07:18:40+00:00","dateModified":"2025-10-12T07:18:40+00:00","mainEntityOfPage":{"@id":"https:\/\/vieassociative.be\/actualites\/vous-pouvez-obtenir-ce-haut-parleur-skullcandy-etanche-et-portable-en-vente-pour-33-des-maintenant\/"},"wordCount":379,"publisher":{"@id":"https:\/\/vieassociative.be\/actualites\/#organization"},"image":{"@id":"https:\/\/vieassociative.be\/actualites\/vous-pouvez-obtenir-ce-haut-parleur-skullcandy-etanche-et-portable-en-vente-pour-33-des-maintenant\/#primaryimage"},"thumbnailUrl":"https:\/\/vieassociative.be\/actualites\/wp-content\/uploads\/2025\/10\/Vous-pouvez-obtenir-ce-haut-parleur-Skullcandy-etanche-et-portable-en.png","keywords":["Des","\u00e9tanche","hautparleur","maintenant","obtenir","portable","pour","pouvez","Skullcandy","vente","Vous"],"articleSection":["Technologie"],"inLanguage":"fr-BE"},{"@type":"WebPage","@id":"https:\/\/vieassociative.be\/actualites\/vous-pouvez-obtenir-ce-haut-parleur-skullcandy-etanche-et-portable-en-vente-pour-33-des-maintenant\/","url":"https:\/\/vieassociative.be\/actualites\/vous-pouvez-obtenir-ce-haut-parleur-skullcandy-etanche-et-portable-en-vente-pour-33-des-maintenant\/","name":"Vous pouvez obtenir ce haut-parleur Skullcandy \u00e9tanche et portable en vente pour 33 $ d\u00e8s maintenant | Vie Associative","isPartOf":{"@id":"https:\/\/vieassociative.be\/actualites\/#website"},"primaryImageOfPage":{"@id":"https:\/\/vieassociative.be\/actualites\/vous-pouvez-obtenir-ce-haut-parleur-skullcandy-etanche-et-portable-en-vente-pour-33-des-maintenant\/#primaryimage"},"image":{"@id":"https:\/\/vieassociative.be\/actualites\/vous-pouvez-obtenir-ce-haut-parleur-skullcandy-etanche-et-portable-en-vente-pour-33-des-maintenant\/#primaryimage"},"thumbnailUrl":"https:\/\/vieassociative.be\/actualites\/wp-content\/uploads\/2025\/10\/Vous-pouvez-obtenir-ce-haut-parleur-Skullcandy-etanche-et-portable-en.png","datePublished":"2025-10-12T07:18:40+00:00","dateModified":"2025-10-12T07:18:40+00:00","breadcrumb":{"@id":"https:\/\/vieassociative.be\/actualites\/vous-pouvez-obtenir-ce-haut-parleur-skullcandy-etanche-et-portable-en-vente-pour-33-des-maintenant\/#breadcrumb"},"inLanguage":"fr-BE","potentialAction":[{"@type":"ReadAction","target":["https:\/\/vieassociative.be\/actualites\/vous-pouvez-obtenir-ce-haut-parleur-skullcandy-etanche-et-portable-en-vente-pour-33-des-maintenant\/"]}]},{"@type":"ImageObject","inLanguage":"fr-BE","@id":"https:\/\/vieassociative.be\/actualites\/vous-pouvez-obtenir-ce-haut-parleur-skullcandy-etanche-et-portable-en-vente-pour-33-des-maintenant\/#primaryimage","url":"https:\/\/vieassociative.be\/actualites\/wp-content\/uploads\/2025\/10\/Vous-pouvez-obtenir-ce-haut-parleur-Skullcandy-etanche-et-portable-en.png","contentUrl":"https:\/\/vieassociative.be\/actualites\/wp-content\/uploads\/2025\/10\/Vous-pouvez-obtenir-ce-haut-parleur-Skullcandy-etanche-et-portable-en.png","width":1200,"height":675,"caption":"Vous pouvez obtenir ce haut-parleur Skullcandy \u00e9tanche et portable en vente pour 33 $ d\u00e8s maintenant"},{"@type":"BreadcrumbList","@id":"https:\/\/vieassociative.be\/actualites\/vous-pouvez-obtenir-ce-haut-parleur-skullcandy-etanche-et-portable-en-vente-pour-33-des-maintenant\/#breadcrumb","itemListElement":[{"@type":"ListItem","position":1,"name":"Accueil","item":"https:\/\/vieassociative.be\/actualites\/"},{"@type":"ListItem","position":2,"name":"Vous pouvez obtenir ce haut-parleur Skullcandy \u00e9tanche et portable en vente pour 33 $ d\u00e8s maintenant"}]},{"@type":"WebSite","@id":"https:\/\/vieassociative.be\/actualites\/#website","url":"https:\/\/vieassociative.be\/actualites\/","name":"Vie Associative","description":"","publisher":{"@id":"https:\/\/vieassociative.be\/actualites\/#organization"},"potentialAction":[{"@type":"SearchAction","target":{"@type":"EntryPoint","urlTemplate":"https:\/\/vieassociative.be\/actualites\/?s={search_term_string}"},"query-input":{"@type":"PropertyValueSpecification","valueRequired":true,"valueName":"search_term_string"}}],"inLanguage":"fr-BE"},{"@type":"Organization","@id":"https:\/\/vieassociative.be\/actualites\/#organization","name":"Vie Associative","url":"https:\/\/vieassociative.be\/actualites\/","logo":{"@type":"ImageObject","inLanguage":"fr-BE","@id":"https:\/\/vieassociative.be\/actualites\/#\/schema\/logo\/image\/","url":"https:\/\/vieassociative.be\/actualites\/wp-content\/uploads\/2024\/09\/cropped-vieassociative_favicon.ico.png","contentUrl":"https:\/\/vieassociative.be\/actualites\/wp-content\/uploads\/2024\/09\/cropped-vieassociative_favicon.ico.png","width":512,"height":512,"caption":"Vie Associative"},"image":{"@id":"https:\/\/vieassociative.be\/actualites\/#\/schema\/logo\/image\/"}},{"@type":"Person","@id":"https:\/\/vieassociative.be\/actualites\/#\/schema\/person\/b87ac4f82f9d4e7b7cec7395b679edc4","name":"Julien","image":{"@type":"ImageObject","inLanguage":"fr-BE","@id":"https:\/\/vieassociative.be\/actualites\/#\/schema\/person\/image\/","url":"https:\/\/vieassociative.be\/actualites\/wp-content\/uploads\/2024\/09\/vie-associative-1-150x150.jpg","contentUrl":"https:\/\/vieassociative.be\/actualites\/wp-content\/uploads\/2024\/09\/vie-associative-1-150x150.jpg","caption":"Julien"},"description":"Je suis Julien, r\u00e9dacteur pour Vie Associative. Passionn\u00e9 par le monde associatif depuis plus de 10 ans, j'ai \u00e0 c\u0153ur de partager des histoires inspirantes et de mettre en lumi\u00e8re les initiatives locales. Mon objectif est de sensibiliser et d'encourager l'engagement communautaire \u00e0 travers mes articles.","sameAs":["https:\/\/vieassociative.be\/"]}]}},"_links":{"self":[{"href":"https:\/\/vieassociative.be\/actualites\/wp-json\/wp\/v2\/posts\/10613"}],"collection":[{"href":"https:\/\/vieassociative.be\/actualites\/wp-json\/wp\/v2\/posts"}],"about":[{"href":"https:\/\/vieassociative.be\/actualites\/wp-json\/wp\/v2\/types\/post"}],"author":[{"embeddable":true,"href":"https:\/\/vieassociative.be\/actualites\/wp-json\/wp\/v2\/users\/1"}],"replies":[{"embeddable":true,"href":"https:\/\/vieassociative.be\/actualites\/wp-json\/wp\/v2\/comments?post=10613"}],"version-history":[{"count":0,"href":"https:\/\/vieassociative.be\/actualites\/wp-json\/wp\/v2\/posts\/10613\/revisions"}],"wp:featuredmedia":[{"embeddable":true,"href":"https:\/\/vieassociative.be\/actualites\/wp-json\/wp\/v2\/media\/10614"}],"wp:attachment":[{"href":"https:\/\/vieassociative.be\/actualites\/wp-json\/wp\/v2\/media?parent=10613"}],"wp:term":[{"taxonomy":"category","embeddable":true,"href":"https:\/\/vieassociative.be\/actualites\/wp-json\/wp\/v2\/categories?post=10613"},{"taxonomy":"post_tag","embeddable":true,"href":"https:\/\/vieassociative.be\/actualites\/wp-json\/wp\/v2\/tags?post=10613"}],"curies":[{"name":"wp","href":"https:\/\/api.w.org\/{rel}","templated":true}]}}