{"id":10611,"date":"2025-10-12T04:17:22","date_gmt":"2025-10-12T02:17:22","guid":{"rendered":"https:\/\/vieassociative.be\/actualites\/nouveau-systeme-de-frontieres-lue-supprime-les-tampons-sur-les-passeports\/"},"modified":"2025-10-12T04:17:22","modified_gmt":"2025-10-12T02:17:22","slug":"nouveau-systeme-de-frontieres-lue-supprime-les-tampons-sur-les-passeports","status":"publish","type":"post","link":"https:\/\/vieassociative.be\/actualites\/nouveau-systeme-de-frontieres-lue-supprime-les-tampons-sur-les-passeports\/","title":{"rendered":"Nouveau syst\u00e8me de fronti\u00e8res : l&rsquo;UE supprime les tampons sur les passeports"},"content":{"rendered":"<p><strong>La fin des tampons europ\u00e9ens sur les passeports a commenc\u00e9. Les citoyens non europ\u00e9ens devront d\u00e9sormais s\u2019inscrire \u00e9lectroniquement \u00e0 leur arriv\u00e9e. Cela ne signifie pas seulement moins de couleurs sur le passeport.<\/strong><\/p>\n<p><span id=\"more-426858\"><\/span>Adieu les tampons de passeport\u00a0: \u00e0 partir d&rsquo;aujourd&rsquo;hui (12 octobre), un nouveau syst\u00e8me d&rsquo;entr\u00e9e pour les citoyens non europ\u00e9ens sera mis en place aux postes fronti\u00e8res vers l&rsquo;Europe. La nouvelle proc\u00e9dure doit \u00eatre introduite progressivement, collecter davantage de donn\u00e9es et ainsi lutter contre la criminalit\u00e9, comme l&rsquo;a annonc\u00e9 la Commission europ\u00e9enne \u00e0 Bruxelles. Un aper\u00e7u :<\/p>\n<p><strong>\u2013 Quels changements ?<\/strong><\/p>\n<p>Rien ne change pour les ressortissants belges ou d\u2019autres pays de l\u2019UE. \u00c0 l\u2019avenir, les citoyens non-communautaires pourront s\u2019inscrire \u00e9lectroniquement \u00e0 des guichets sp\u00e9ciaux. Il existe des exceptions pour les personnes poss\u00e9dant une carte de s\u00e9jour et directement li\u00e9es \u00e0 un citoyen de l&rsquo;UE.<\/p>\n<div id=\"attachment_426861\" class=\"wp-caption alignnone\" style=\"max-width: 300px\"><img fetchpriority=\"high\" decoding=\"async\" class=\"size-medium wp-image-426861\" src=\"https:\/\/vieassociative.be\/actualites\/wp-content\/uploads\/2025\/10\/Nouveau-systeme-de-frontieres-lUE-supprime-les-tampons-sur.jpg\" alt=\"\" width=\"300\" height=\"200\"><\/div>\n<p>Selon l&rsquo;UE, en plus des informations habituelles du passeport, les personnes entrant dans le pays doivent \u00e9galement disposer de donn\u00e9es biom\u00e9triques, c&rsquo;est-\u00e0-dire des empreintes digitales et des images faciales, prises et enregistr\u00e9es. Les dates d&rsquo;entr\u00e9e et de sortie sont \u00e9galement enregistr\u00e9es. Pour acc\u00e9l\u00e9rer les d\u00e9marches \u00e0 la fronti\u00e8re, certaines donn\u00e9es peuvent \u00eatre soumises \u00e0 l&rsquo;avance via l&rsquo;application ou au guichet libre-service.<\/p>\n<div id=\"attachment_426862\" class=\"wp-caption alignleft\" style=\"max-width: 300px\"><img decoding=\"async\" class=\"wp-image-426862 size-medium\" src=\"https:\/\/vieassociative.be\/actualites\/wp-content\/uploads\/2025\/10\/1760235442_309_Nouveau-systeme-de-frontieres-lUE-supprime-les-tampons-sur.jpg\" alt=\"\" width=\"300\" height=\"200\"><\/div>\n<p><strong>\u2013 Quand et o\u00f9 le syst\u00e8me sera-t-il introduit ?<\/strong><\/p>\n<p>Au cours des six prochains mois, le syst\u00e8me sera progressivement introduit dans les 29 pays de l&rsquo;espace Schengen. Outre les 25 \u00c9tats membres de l&rsquo;UE, il s&rsquo;agit notamment de l&rsquo;Islande, du Liechtenstein, de la Norv\u00e8ge et de la Suisse. \u00c0 partir du 10 avril 2026, il devrait fonctionner \u00e0 tous les points de passage des fronti\u00e8res ext\u00e9rieures europ\u00e9ennes. Ensuite, le cachet sur le passeport devrait \u00e9galement appartenir au pass\u00e9.<\/p>\n<p>Outre les passagers venant de pays tiers, les voyageurs en train peuvent \u00e9galement \u00eatre concern\u00e9s, par exemple lorsqu&rsquo;ils voyagent avec l&rsquo;Eurostar de Londres \u00e0 Paris, Bruxelles ou Amsterdam.<\/p>\n<p><strong>\u2013 Quels sont les effets du nouveau syst\u00e8me d\u2019entr\u00e9e ?<\/strong><\/p>\n<p>Les nouvelles r\u00e8gles n\u2019ont initialement aucun impact direct sur tous les citoyens de l\u2019UE. M\u00eame si les contr\u00f4les d&rsquo;entr\u00e9e pourraient \u00eatre plus rapides \u00e0 long terme selon les projets de l&rsquo;UE, les personnes qui ne sont pas citoyens d&rsquo;un pays de l&rsquo;UE en b\u00e9n\u00e9ficieront particuli\u00e8rement.<\/p>\n<div id=\"attachment_426866\" class=\"wp-caption alignleft\" style=\"max-width: 200px\"><img decoding=\"async\" class=\"wp-image-426866 size-medium\" src=\"https:\/\/vieassociative.be\/actualites\/wp-content\/uploads\/2025\/10\/1760235442_205_Nouveau-systeme-de-frontieres-lUE-supprime-les-tampons-sur.jpg\" alt=\"\" width=\"200\" height=\"300\"><\/div>\n<p><strong>\u2013 Pourquoi l\u2019UE introduit-elle ce syst\u00e8me ?<\/strong><\/p>\n<p>L&rsquo;UE souhaite utiliser le nouveau syst\u00e8me pour garantir une plus grande s\u00e9curit\u00e9 et \u00e9liminer rapidement les criminels de la circulation. Par exemple, l&rsquo;autorit\u00e9 bruxelloise a indiqu\u00e9 que le stockage des donn\u00e9es biom\u00e9triques avait pour but de lutter contre l&rsquo;usurpation d&rsquo;identit\u00e9. En cons\u00e9quence, il devrait \u00e9galement fournir des informations fiables sur les personnes qui prolongent leur s\u00e9jour.<\/p>\n<p>Le commissaire europ\u00e9en responsable, Magnus Brunner, a d\u00e9crit l&rsquo;EES comme l&rsquo;\u00e9pine dorsale num\u00e9rique de la nouvelle politique europ\u00e9enne commune en mati\u00e8re de migration et d&rsquo;asile. \u00ab\u00a0Avec son introduction, nous modernisons la gestion de nos fronti\u00e8res ext\u00e9rieures\u00a0\u00bb, a d\u00e9clar\u00e9 Brunner, selon le communiqu\u00e9.<\/p>\n<p><strong>&#8211; C&rsquo;est tout ?<\/strong><\/p>\n<p>L&rsquo;EES est la premi\u00e8re \u00e9tape d&rsquo;un nouveau syst\u00e8me de fronti\u00e8res que l&rsquo;UE vise : selon l&rsquo;UE, au cours du dernier trimestre 2026, un permis d&rsquo;entr\u00e9e payant deviendra \u00e9galement obligatoire pour les \u00e9trangers de l&rsquo;UE qui n&rsquo;ont pas encore besoin de visa.<\/p>\n<p>Cela concerne les ressortissants de plus de 50 pays, dont les \u00c9tats-Unis, le Canada, le Royaume-Uni, le Br\u00e9sil, les \u00c9mirats arabes unis, Isra\u00ebl et la Cor\u00e9e du Sud. Vous devez ensuite demander une autorisation de voyage dite ETIAS, qui peut \u00e9galement \u00eatre refus\u00e9e par les autorit\u00e9s pour des raisons de s\u00e9curit\u00e9. Des syst\u00e8mes similaires existent d\u00e9j\u00e0 en Grande-Bretagne et aux \u00c9tats-Unis. (dpa)<\/p>\n","protected":false},"excerpt":{"rendered":"<p>La fin des tampons europ\u00e9ens sur les passeports a commenc\u00e9. Les citoyens non europ\u00e9ens devront d\u00e9sormais s\u2019inscrire \u00e9lectroniquement \u00e0 leur arriv\u00e9e. Cela ne signifie pas<\/p>\n","protected":false},"author":1,"featured_media":10612,"comment_status":"","ping_status":"","sticky":false,"template":"","format":"standard","meta":{"footnotes":""},"categories":[298],"tags":[361,14,3578,553,8866,1191,33,161,8865],"class_list":["post-10611","post","type-post","status-publish","format-standard","has-post-thumbnail","hentry","category-belgique","tag-frontieres","tag-les","tag-lue","tag-nouveau","tag-passeports","tag-supprime","tag-sur","tag-systeme","tag-tampons","generate-columns","tablet-grid-50","mobile-grid-100","grid-parent","grid-33"],"yoast_head":"<!-- This site is optimized with the Yoast SEO plugin v24.0 - https:\/\/yoast.com\/wordpress\/plugins\/seo\/ -->\n<title>Nouveau syst\u00e8me de fronti\u00e8res : l&#039;UE supprime les tampons sur les passeports | Vie Associative<\/title>\n<meta name=\"robots\" content=\"index, follow, max-snippet:-1, max-image-preview:large, max-video-preview:-1\" \/>\n<link rel=\"canonical\" href=\"https:\/\/vieassociative.be\/actualites\/nouveau-systeme-de-frontieres-lue-supprime-les-tampons-sur-les-passeports\/\" \/>\n<meta property=\"og:locale\" content=\"fr_FR\" \/>\n<meta property=\"og:type\" content=\"article\" \/>\n<meta property=\"og:title\" content=\"Nouveau syst\u00e8me de fronti\u00e8res : l&#039;UE supprime les tampons sur les passeports | Vie Associative\" \/>\n<meta property=\"og:description\" content=\"La fin des tampons europ\u00e9ens sur les passeports a commenc\u00e9. Les citoyens non europ\u00e9ens devront d\u00e9sormais s\u2019inscrire \u00e9lectroniquement \u00e0 leur arriv\u00e9e. Cela ne signifie pas\" \/>\n<meta property=\"og:url\" content=\"https:\/\/vieassociative.be\/actualites\/nouveau-systeme-de-frontieres-lue-supprime-les-tampons-sur-les-passeports\/\" \/>\n<meta property=\"og:site_name\" content=\"Vie Associative\" \/>\n<meta property=\"article:published_time\" content=\"2025-10-12T02:17:22+00:00\" \/>\n<meta property=\"og:image\" content=\"https:\/\/vieassociative.be\/actualites\/wp-content\/uploads\/2024\/09\/header_backgroundk-01-e1726694325946.png\" \/>\n\t<meta property=\"og:image:width\" content=\"279\" \/>\n\t<meta property=\"og:image:height\" content=\"92\" \/>\n\t<meta property=\"og:image:type\" content=\"image\/png\" \/>\n<meta name=\"author\" content=\"Julien\" \/>\n<meta name=\"twitter:card\" content=\"summary_large_image\" \/>\n<meta name=\"twitter:label1\" content=\"\u00c9crit par\" \/>\n\t<meta name=\"twitter:data1\" content=\"Julien\" \/>\n\t<meta name=\"twitter:label2\" content=\"Dur\u00e9e de lecture est.\" \/>\n\t<meta name=\"twitter:data2\" content=\"3 minutes\" \/>\n<script type=\"application\/ld+json\" class=\"yoast-schema-graph\">{\"@context\":\"https:\/\/schema.org\",\"@graph\":[{\"@type\":\"Article\",\"@id\":\"https:\/\/vieassociative.be\/actualites\/nouveau-systeme-de-frontieres-lue-supprime-les-tampons-sur-les-passeports\/#article\",\"isPartOf\":{\"@id\":\"https:\/\/vieassociative.be\/actualites\/nouveau-systeme-de-frontieres-lue-supprime-les-tampons-sur-les-passeports\/\"},\"author\":{\"name\":\"Julien\",\"@id\":\"https:\/\/vieassociative.be\/actualites\/#\/schema\/person\/b87ac4f82f9d4e7b7cec7395b679edc4\"},\"headline\":\"Nouveau syst\u00e8me de fronti\u00e8res : l&rsquo;UE supprime les tampons sur les passeports\",\"datePublished\":\"2025-10-12T02:17:22+00:00\",\"dateModified\":\"2025-10-12T02:17:22+00:00\",\"mainEntityOfPage\":{\"@id\":\"https:\/\/vieassociative.be\/actualites\/nouveau-systeme-de-frontieres-lue-supprime-les-tampons-sur-les-passeports\/\"},\"wordCount\":669,\"publisher\":{\"@id\":\"https:\/\/vieassociative.be\/actualites\/#organization\"},\"image\":{\"@id\":\"https:\/\/vieassociative.be\/actualites\/nouveau-systeme-de-frontieres-lue-supprime-les-tampons-sur-les-passeports\/#primaryimage\"},\"thumbnailUrl\":\"https:\/\/vieassociative.be\/actualites\/wp-content\/uploads\/2025\/10\/1760235442_Nouveau-systeme-de-frontieres-lUE-supprime-les-tampons-sur.jpg\",\"keywords\":[\"fronti\u00e8res\",\"Les\",\"LUE\",\"nouveau\",\"passeports\",\"supprime\",\"sur\",\"syst\u00e8me\",\"tampons\"],\"articleSection\":[\"Belgique\"],\"inLanguage\":\"fr-BE\"},{\"@type\":\"WebPage\",\"@id\":\"https:\/\/vieassociative.be\/actualites\/nouveau-systeme-de-frontieres-lue-supprime-les-tampons-sur-les-passeports\/\",\"url\":\"https:\/\/vieassociative.be\/actualites\/nouveau-systeme-de-frontieres-lue-supprime-les-tampons-sur-les-passeports\/\",\"name\":\"Nouveau syst\u00e8me de fronti\u00e8res : l'UE supprime les tampons sur les passeports | Vie Associative\",\"isPartOf\":{\"@id\":\"https:\/\/vieassociative.be\/actualites\/#website\"},\"primaryImageOfPage\":{\"@id\":\"https:\/\/vieassociative.be\/actualites\/nouveau-systeme-de-frontieres-lue-supprime-les-tampons-sur-les-passeports\/#primaryimage\"},\"image\":{\"@id\":\"https:\/\/vieassociative.be\/actualites\/nouveau-systeme-de-frontieres-lue-supprime-les-tampons-sur-les-passeports\/#primaryimage\"},\"thumbnailUrl\":\"https:\/\/vieassociative.be\/actualites\/wp-content\/uploads\/2025\/10\/1760235442_Nouveau-systeme-de-frontieres-lUE-supprime-les-tampons-sur.jpg\",\"datePublished\":\"2025-10-12T02:17:22+00:00\",\"dateModified\":\"2025-10-12T02:17:22+00:00\",\"breadcrumb\":{\"@id\":\"https:\/\/vieassociative.be\/actualites\/nouveau-systeme-de-frontieres-lue-supprime-les-tampons-sur-les-passeports\/#breadcrumb\"},\"inLanguage\":\"fr-BE\",\"potentialAction\":[{\"@type\":\"ReadAction\",\"target\":[\"https:\/\/vieassociative.be\/actualites\/nouveau-systeme-de-frontieres-lue-supprime-les-tampons-sur-les-passeports\/\"]}]},{\"@type\":\"ImageObject\",\"inLanguage\":\"fr-BE\",\"@id\":\"https:\/\/vieassociative.be\/actualites\/nouveau-systeme-de-frontieres-lue-supprime-les-tampons-sur-les-passeports\/#primaryimage\",\"url\":\"https:\/\/vieassociative.be\/actualites\/wp-content\/uploads\/2025\/10\/1760235442_Nouveau-systeme-de-frontieres-lUE-supprime-les-tampons-sur.jpg\",\"contentUrl\":\"https:\/\/vieassociative.be\/actualites\/wp-content\/uploads\/2025\/10\/1760235442_Nouveau-systeme-de-frontieres-lUE-supprime-les-tampons-sur.jpg\",\"width\":1200,\"height\":800,\"caption\":\"Nouveau syst\u00e8me de fronti\u00e8res : l'UE supprime les tampons sur les passeports\"},{\"@type\":\"BreadcrumbList\",\"@id\":\"https:\/\/vieassociative.be\/actualites\/nouveau-systeme-de-frontieres-lue-supprime-les-tampons-sur-les-passeports\/#breadcrumb\",\"itemListElement\":[{\"@type\":\"ListItem\",\"position\":1,\"name\":\"Accueil\",\"item\":\"https:\/\/vieassociative.be\/actualites\/\"},{\"@type\":\"ListItem\",\"position\":2,\"name\":\"Nouveau syst\u00e8me de fronti\u00e8res : l&rsquo;UE supprime les tampons sur les passeports\"}]},{\"@type\":\"WebSite\",\"@id\":\"https:\/\/vieassociative.be\/actualites\/#website\",\"url\":\"https:\/\/vieassociative.be\/actualites\/\",\"name\":\"Vie Associative\",\"description\":\"\",\"publisher\":{\"@id\":\"https:\/\/vieassociative.be\/actualites\/#organization\"},\"potentialAction\":[{\"@type\":\"SearchAction\",\"target\":{\"@type\":\"EntryPoint\",\"urlTemplate\":\"https:\/\/vieassociative.be\/actualites\/?s={search_term_string}\"},\"query-input\":{\"@type\":\"PropertyValueSpecification\",\"valueRequired\":true,\"valueName\":\"search_term_string\"}}],\"inLanguage\":\"fr-BE\"},{\"@type\":\"Organization\",\"@id\":\"https:\/\/vieassociative.be\/actualites\/#organization\",\"name\":\"Vie Associative\",\"url\":\"https:\/\/vieassociative.be\/actualites\/\",\"logo\":{\"@type\":\"ImageObject\",\"inLanguage\":\"fr-BE\",\"@id\":\"https:\/\/vieassociative.be\/actualites\/#\/schema\/logo\/image\/\",\"url\":\"https:\/\/vieassociative.be\/actualites\/wp-content\/uploads\/2024\/09\/cropped-vieassociative_favicon.ico.png\",\"contentUrl\":\"https:\/\/vieassociative.be\/actualites\/wp-content\/uploads\/2024\/09\/cropped-vieassociative_favicon.ico.png\",\"width\":512,\"height\":512,\"caption\":\"Vie Associative\"},\"image\":{\"@id\":\"https:\/\/vieassociative.be\/actualites\/#\/schema\/logo\/image\/\"}},{\"@type\":\"Person\",\"@id\":\"https:\/\/vieassociative.be\/actualites\/#\/schema\/person\/b87ac4f82f9d4e7b7cec7395b679edc4\",\"name\":\"Julien\",\"image\":{\"@type\":\"ImageObject\",\"inLanguage\":\"fr-BE\",\"@id\":\"https:\/\/vieassociative.be\/actualites\/#\/schema\/person\/image\/\",\"url\":\"https:\/\/vieassociative.be\/actualites\/wp-content\/uploads\/2024\/09\/vie-associative-1-150x150.jpg\",\"contentUrl\":\"https:\/\/vieassociative.be\/actualites\/wp-content\/uploads\/2024\/09\/vie-associative-1-150x150.jpg\",\"caption\":\"Julien\"},\"description\":\"Je suis Julien, r\u00e9dacteur pour Vie Associative. Passionn\u00e9 par le monde associatif depuis plus de 10 ans, j'ai \u00e0 c\u0153ur de partager des histoires inspirantes et de mettre en lumi\u00e8re les initiatives locales. Mon objectif est de sensibiliser et d'encourager l'engagement communautaire \u00e0 travers mes articles.\",\"sameAs\":[\"https:\/\/vieassociative.be\/\"]}]}<\/script>\n<!-- \/ Yoast SEO plugin. -->","yoast_head_json":{"title":"Nouveau syst\u00e8me de fronti\u00e8res : l'UE supprime les tampons sur les passeports | Vie Associative","robots":{"index":"index","follow":"follow","max-snippet":"max-snippet:-1","max-image-preview":"max-image-preview:large","max-video-preview":"max-video-preview:-1"},"canonical":"https:\/\/vieassociative.be\/actualites\/nouveau-systeme-de-frontieres-lue-supprime-les-tampons-sur-les-passeports\/","og_locale":"fr_FR","og_type":"article","og_title":"Nouveau syst\u00e8me de fronti\u00e8res : l'UE supprime les tampons sur les passeports | Vie Associative","og_description":"La fin des tampons europ\u00e9ens sur les passeports a commenc\u00e9. Les citoyens non europ\u00e9ens devront d\u00e9sormais s\u2019inscrire \u00e9lectroniquement \u00e0 leur arriv\u00e9e. Cela ne signifie pas","og_url":"https:\/\/vieassociative.be\/actualites\/nouveau-systeme-de-frontieres-lue-supprime-les-tampons-sur-les-passeports\/","og_site_name":"Vie Associative","article_published_time":"2025-10-12T02:17:22+00:00","og_image":[{"width":279,"height":92,"url":"https:\/\/vieassociative.be\/actualites\/wp-content\/uploads\/2024\/09\/header_backgroundk-01-e1726694325946.png","type":"image\/png"}],"author":"Julien","twitter_card":"summary_large_image","twitter_misc":{"\u00c9crit par":"Julien","Dur\u00e9e de lecture est.":"3 minutes"},"schema":{"@context":"https:\/\/schema.org","@graph":[{"@type":"Article","@id":"https:\/\/vieassociative.be\/actualites\/nouveau-systeme-de-frontieres-lue-supprime-les-tampons-sur-les-passeports\/#article","isPartOf":{"@id":"https:\/\/vieassociative.be\/actualites\/nouveau-systeme-de-frontieres-lue-supprime-les-tampons-sur-les-passeports\/"},"author":{"name":"Julien","@id":"https:\/\/vieassociative.be\/actualites\/#\/schema\/person\/b87ac4f82f9d4e7b7cec7395b679edc4"},"headline":"Nouveau syst\u00e8me de fronti\u00e8res : l&rsquo;UE supprime les tampons sur les passeports","datePublished":"2025-10-12T02:17:22+00:00","dateModified":"2025-10-12T02:17:22+00:00","mainEntityOfPage":{"@id":"https:\/\/vieassociative.be\/actualites\/nouveau-systeme-de-frontieres-lue-supprime-les-tampons-sur-les-passeports\/"},"wordCount":669,"publisher":{"@id":"https:\/\/vieassociative.be\/actualites\/#organization"},"image":{"@id":"https:\/\/vieassociative.be\/actualites\/nouveau-systeme-de-frontieres-lue-supprime-les-tampons-sur-les-passeports\/#primaryimage"},"thumbnailUrl":"https:\/\/vieassociative.be\/actualites\/wp-content\/uploads\/2025\/10\/1760235442_Nouveau-systeme-de-frontieres-lUE-supprime-les-tampons-sur.jpg","keywords":["fronti\u00e8res","Les","LUE","nouveau","passeports","supprime","sur","syst\u00e8me","tampons"],"articleSection":["Belgique"],"inLanguage":"fr-BE"},{"@type":"WebPage","@id":"https:\/\/vieassociative.be\/actualites\/nouveau-systeme-de-frontieres-lue-supprime-les-tampons-sur-les-passeports\/","url":"https:\/\/vieassociative.be\/actualites\/nouveau-systeme-de-frontieres-lue-supprime-les-tampons-sur-les-passeports\/","name":"Nouveau syst\u00e8me de fronti\u00e8res : l'UE supprime les tampons sur les passeports | Vie Associative","isPartOf":{"@id":"https:\/\/vieassociative.be\/actualites\/#website"},"primaryImageOfPage":{"@id":"https:\/\/vieassociative.be\/actualites\/nouveau-systeme-de-frontieres-lue-supprime-les-tampons-sur-les-passeports\/#primaryimage"},"image":{"@id":"https:\/\/vieassociative.be\/actualites\/nouveau-systeme-de-frontieres-lue-supprime-les-tampons-sur-les-passeports\/#primaryimage"},"thumbnailUrl":"https:\/\/vieassociative.be\/actualites\/wp-content\/uploads\/2025\/10\/1760235442_Nouveau-systeme-de-frontieres-lUE-supprime-les-tampons-sur.jpg","datePublished":"2025-10-12T02:17:22+00:00","dateModified":"2025-10-12T02:17:22+00:00","breadcrumb":{"@id":"https:\/\/vieassociative.be\/actualites\/nouveau-systeme-de-frontieres-lue-supprime-les-tampons-sur-les-passeports\/#breadcrumb"},"inLanguage":"fr-BE","potentialAction":[{"@type":"ReadAction","target":["https:\/\/vieassociative.be\/actualites\/nouveau-systeme-de-frontieres-lue-supprime-les-tampons-sur-les-passeports\/"]}]},{"@type":"ImageObject","inLanguage":"fr-BE","@id":"https:\/\/vieassociative.be\/actualites\/nouveau-systeme-de-frontieres-lue-supprime-les-tampons-sur-les-passeports\/#primaryimage","url":"https:\/\/vieassociative.be\/actualites\/wp-content\/uploads\/2025\/10\/1760235442_Nouveau-systeme-de-frontieres-lUE-supprime-les-tampons-sur.jpg","contentUrl":"https:\/\/vieassociative.be\/actualites\/wp-content\/uploads\/2025\/10\/1760235442_Nouveau-systeme-de-frontieres-lUE-supprime-les-tampons-sur.jpg","width":1200,"height":800,"caption":"Nouveau syst\u00e8me de fronti\u00e8res : l'UE supprime les tampons sur les passeports"},{"@type":"BreadcrumbList","@id":"https:\/\/vieassociative.be\/actualites\/nouveau-systeme-de-frontieres-lue-supprime-les-tampons-sur-les-passeports\/#breadcrumb","itemListElement":[{"@type":"ListItem","position":1,"name":"Accueil","item":"https:\/\/vieassociative.be\/actualites\/"},{"@type":"ListItem","position":2,"name":"Nouveau syst\u00e8me de fronti\u00e8res : l&rsquo;UE supprime les tampons sur les passeports"}]},{"@type":"WebSite","@id":"https:\/\/vieassociative.be\/actualites\/#website","url":"https:\/\/vieassociative.be\/actualites\/","name":"Vie Associative","description":"","publisher":{"@id":"https:\/\/vieassociative.be\/actualites\/#organization"},"potentialAction":[{"@type":"SearchAction","target":{"@type":"EntryPoint","urlTemplate":"https:\/\/vieassociative.be\/actualites\/?s={search_term_string}"},"query-input":{"@type":"PropertyValueSpecification","valueRequired":true,"valueName":"search_term_string"}}],"inLanguage":"fr-BE"},{"@type":"Organization","@id":"https:\/\/vieassociative.be\/actualites\/#organization","name":"Vie Associative","url":"https:\/\/vieassociative.be\/actualites\/","logo":{"@type":"ImageObject","inLanguage":"fr-BE","@id":"https:\/\/vieassociative.be\/actualites\/#\/schema\/logo\/image\/","url":"https:\/\/vieassociative.be\/actualites\/wp-content\/uploads\/2024\/09\/cropped-vieassociative_favicon.ico.png","contentUrl":"https:\/\/vieassociative.be\/actualites\/wp-content\/uploads\/2024\/09\/cropped-vieassociative_favicon.ico.png","width":512,"height":512,"caption":"Vie Associative"},"image":{"@id":"https:\/\/vieassociative.be\/actualites\/#\/schema\/logo\/image\/"}},{"@type":"Person","@id":"https:\/\/vieassociative.be\/actualites\/#\/schema\/person\/b87ac4f82f9d4e7b7cec7395b679edc4","name":"Julien","image":{"@type":"ImageObject","inLanguage":"fr-BE","@id":"https:\/\/vieassociative.be\/actualites\/#\/schema\/person\/image\/","url":"https:\/\/vieassociative.be\/actualites\/wp-content\/uploads\/2024\/09\/vie-associative-1-150x150.jpg","contentUrl":"https:\/\/vieassociative.be\/actualites\/wp-content\/uploads\/2024\/09\/vie-associative-1-150x150.jpg","caption":"Julien"},"description":"Je suis Julien, r\u00e9dacteur pour Vie Associative. Passionn\u00e9 par le monde associatif depuis plus de 10 ans, j'ai \u00e0 c\u0153ur de partager des histoires inspirantes et de mettre en lumi\u00e8re les initiatives locales. Mon objectif est de sensibiliser et d'encourager l'engagement communautaire \u00e0 travers mes articles.","sameAs":["https:\/\/vieassociative.be\/"]}]}},"_links":{"self":[{"href":"https:\/\/vieassociative.be\/actualites\/wp-json\/wp\/v2\/posts\/10611"}],"collection":[{"href":"https:\/\/vieassociative.be\/actualites\/wp-json\/wp\/v2\/posts"}],"about":[{"href":"https:\/\/vieassociative.be\/actualites\/wp-json\/wp\/v2\/types\/post"}],"author":[{"embeddable":true,"href":"https:\/\/vieassociative.be\/actualites\/wp-json\/wp\/v2\/users\/1"}],"replies":[{"embeddable":true,"href":"https:\/\/vieassociative.be\/actualites\/wp-json\/wp\/v2\/comments?post=10611"}],"version-history":[{"count":0,"href":"https:\/\/vieassociative.be\/actualites\/wp-json\/wp\/v2\/posts\/10611\/revisions"}],"wp:featuredmedia":[{"embeddable":true,"href":"https:\/\/vieassociative.be\/actualites\/wp-json\/wp\/v2\/media\/10612"}],"wp:attachment":[{"href":"https:\/\/vieassociative.be\/actualites\/wp-json\/wp\/v2\/media?parent=10611"}],"wp:term":[{"taxonomy":"category","embeddable":true,"href":"https:\/\/vieassociative.be\/actualites\/wp-json\/wp\/v2\/categories?post=10611"},{"taxonomy":"post_tag","embeddable":true,"href":"https:\/\/vieassociative.be\/actualites\/wp-json\/wp\/v2\/tags?post=10611"}],"curies":[{"name":"wp","href":"https:\/\/api.w.org\/{rel}","templated":true}]}}