{"id":1061,"date":"2024-10-10T10:18:40","date_gmt":"2024-10-10T08:18:40","guid":{"rendered":"https:\/\/vieassociative.be\/actualites\/comment-proteger-votre-enfant-des-discussions-sur-le-poids-chez-le-medecin\/"},"modified":"2024-10-10T10:18:40","modified_gmt":"2024-10-10T08:18:40","slug":"comment-proteger-votre-enfant-des-discussions-sur-le-poids-chez-le-medecin","status":"publish","type":"post","link":"https:\/\/vieassociative.be\/actualites\/comment-proteger-votre-enfant-des-discussions-sur-le-poids-chez-le-medecin\/","title":{"rendered":"Comment prot\u00e9ger votre enfant des discussions sur le poids chez le m\u00e9decin"},"content":{"rendered":"<div class=\"mt-4 leading-6 md:mb-8\">Se concentrer trop sur les courbes de croissance est rarement utile, et peut m\u00eame \u00eatre nuisible<\/div>\n<p><\/p>\n<p>Les personnes souffrant de troubles de l&rsquo;alimentation et d&rsquo;images corporelles peuvent souvent retracer leur exp\u00e9rience jusqu&rsquo;\u00e0 un rendez-vous chez un m\u00e9decin de la petite enfance lorsque leur poids ou leur taille ont \u00e9t\u00e9 caract\u00e9ris\u00e9s comme un probl\u00e8me \u00e0 r\u00e9soudre. Et que des r\u00e9gimes vous aient \u00e9t\u00e9 prescrits lorsque vous \u00e9tiez enfant ou non, vous avez raison de vouloir prot\u00e9ger vos propres enfants de la honte de se faire dire que leur corps ne va pas et de la perte de leur connexion intuitive avec leur propre app\u00e9tit.<\/p>\n<p>Comme l&rsquo;\u00e9crit la journaliste Virgina Sole-Smith dans son livre <em>Fat Talk\u00a0: \u00catre parent \u00e0 l\u2019\u00e8re de la culture di\u00e9t\u00e9tique<\/em>\u00ab\u00a0Cela semble contre-intuitif, mais l&rsquo;une des choses les plus importantes que les parents puissent faire pour am\u00e9liorer la sant\u00e9 de leurs enfants est de r\u00e9duire le poids de chaque conversation li\u00e9e \u00e0 la sant\u00e9.\u00a0\u00bb<\/p>\n<p>Lorsque les b\u00e9b\u00e9s viennent de na\u00eetre, leur poids (et leur taux de prise de poids) rev\u00eatent une telle importance lors de ces fr\u00e9quents rendez-vous pr\u00e9coces chez le m\u00e9decin. Leur position sur la courbe de croissance omnipr\u00e9sente nous conforte dans le fait qu\u2019ils commencent la vie du bon pied\u2026 ou nous pr\u00e9vient qu\u2019il pourrait y avoir un probl\u00e8me plus tard.<\/p>\n<p>\u00c0 mesure que les enfants grandissent, certains p\u00e9diatres continuent de marquer ces graphiques et de nous informer avec d\u00e9sinvolture o\u00f9 se situe leur trajectoire de croissance par rapport aux autres enfants. Mais ce ne sont pas n\u00e9cessairement des informations utiles pour vous ou pour votre enfant.<\/p>\n<h2 id=\"what-to-know-about-growth-charts\">Ce qu&rsquo;il faut savoir sur les courbes de croissance<\/h2>\n<p>Avez-vous toujours suppos\u00e9 que les donn\u00e9es sur les centiles sur la courbe de croissance d&rsquo;un enfant sont en fait bas\u00e9es sur des donn\u00e9es pr\u00e9cises pour la population actuelle ? Selon Sole-Smith, les graphiques de l&rsquo;indice de masse corporelle utilis\u00e9s par la plupart des m\u00e9decins sont bas\u00e9s sur le poids des enfants de 1963 \u00e0 1994. Dans quelle mesure pourrait-il \u00eatre utile de savoir que votre enfant est plus petit ou plus grand que X pour cent des enfants \u00e2g\u00e9s de 30 \u00e0 60 ans. il y a?<\/p>\n<p>Un autre inconv\u00e9nient majeur de la comparaison des corps bas\u00e9e sur l\u2019IMC est qu\u2019elle ne tient pas compte de la masse musculaire. Et autre chose ? Les donn\u00e9es d\u00e9mographiques ne peuvent pas rendre compte de la grande variabilit\u00e9 dans la mani\u00e8re dont le corps d&rsquo;une personne change au cours de la pubert\u00e9.<\/p>\n<h2 id=\"the-elephant-in-the-exam-room-provider-bias\">L\u2019\u00e9l\u00e9phant dans la salle d\u2019examen\u00a0: les pr\u00e9jug\u00e9s des prestataires<\/h2>\n<p>Lorsqu&rsquo;un p\u00e9diatre prescrit une restriction alimentaire \u00e0 votre enfant en pleine croissance, vous vous sentirez peut-\u00eatre oblig\u00e9 de donner suite, car ce m\u00eame m\u00e9decin vous a soutenu et accompagn\u00e9 avec succ\u00e8s, vous et votre enfant, \u00e0 travers de nombreux probl\u00e8mes de sant\u00e9 auparavant. Mais m\u00eame les m\u00e9decins les plus talentueux et les plus compatissants peuvent fonctionner dans le cadre d\u2019une culture di\u00e9t\u00e9tique omnipr\u00e9sente et de pr\u00e9jug\u00e9s li\u00e9s au poids.<\/p>\n<p>Les \u00e9tudiants en m\u00e9decine sont inond\u00e9s de messages sur le danger de l\u2019ob\u00e9sit\u00e9 et se lancent dans la pratique, pr\u00eats \u00e0 tuer la b\u00eate \u00e0 tout prix. Traiter les patients de mani\u00e8re neutre en termes de poids reste assez radical.<\/p>\n<p>\u00ab\u00a0Trop souvent, les prestataires consid\u00e8rent les patients aux corps plus grands (ainsi que les patients pauvres, les patients handicap\u00e9s et les patients de couleur ou d&rsquo;identit\u00e9 de genre non conforme) comme des probl\u00e8mes \u00e0 r\u00e9soudre\u00a0\u00bb, a \u00e9crit Sole-Smith. \u00ab\u00a0Et lorsque leurs prescriptions de perte de poids ne fonctionnent pas, les m\u00e9decins consid\u00e8rent ces m\u00eames patients comme non conformes et peu coop\u00e9ratifs.\u00a0\u00bb<\/p>\n<p>Malheureusement, pas plus tard qu&rsquo;en janvier 2023, l&rsquo;Acad\u00e9mie am\u00e9ricaine de p\u00e9diatrie a propos\u00e9 des lignes directrices pour traiter \u00ab l&rsquo;ob\u00e9sit\u00e9 \u00bb (une \u00e9tiquette stigmatisante pour les corps dont la taille d\u00e9passe un seuil arbitraire) chez les enfants d\u00e8s l&rsquo;\u00e2ge de 2 ans. Les lignes directrices incluent la recommandation de m\u00e9dicaments amaigrissants ou d\u2019une intervention chirurgicale pour les adolescents.<\/p>\n<h2 id=\"dangers-of-weight-shaming-children\">Les dangers des enfants qui font honte au poids<\/h2>\n<p>Il semble cependant que l&rsquo;Acad\u00e9mie am\u00e9ricaine de p\u00e9diatrie sache qu&rsquo;il est nocif de se concentrer sur le poids d&rsquo;un enfant. \u00ab Les donn\u00e9es sur le chevauchement entre les troubles de l\u2019alimentation et un poids corporel plus \u00e9lev\u00e9 sont suffisamment importantes pour qu\u2019en 2016, l\u2019American Academy of Pediatrics publie un rapport intitul\u00e9 <em>Pr\u00e9venir l&rsquo;ob\u00e9sit\u00e9 et les troubles de l&rsquo;alimentation chez les adolescents<\/em> dans lequel ils ont fortement conseill\u00e9 aux p\u00e9diatres de limiter leur discussion sur le poids et d&rsquo;\u00e9viter de parler de r\u00e9gime \u00bb, a \u00e9crit Sole-Smith.<\/p>\n<p>Les enfants qui sont encourag\u00e9s par les m\u00e9decins \u00e0 perdre du poids courent non seulement un risque de troubles de l\u2019alimentation, mais ils risquent \u00e9galement d\u2019\u00e9viter les soins m\u00e9dicaux plus tard dans la vie en raison de la honte et du manque de confiance.<\/p>\n<h2 id=\"how-to-talk-to-your-pediatrician-about-weight-talk\">Comment parler de poids \u00e0 votre p\u00e9diatre<\/h2>\n<h3>Entamez la conversation avant leur rendez-vous<\/h3>\n<p>Avant la prochaine visite de sant\u00e9 de votre enfant, envoyez un message au m\u00e9decin pour \u00e9viter de discuter du poids. En ayant une conversation ouverte avec le p\u00e9diatre sur la honte du poids et sur le r\u00e9gime alimentaire, vous l&rsquo;invitez \u00e0 partager votre engagement \u00e0 favoriser une image corporelle positive et une relation saine avec la nourriture pour votre enfant.<\/p>\n<p>\u00ab\u00a0Vous pouvez r\u00e9diger une courte note expliquant que vous ne souhaitez pas discuter du poids ou de l&rsquo;IMC devant votre enfant (mais que vous \u00eates heureux de r\u00e9pondre aux questions du prestataire lors d&rsquo;une conversation priv\u00e9e), et soit l&rsquo;envoyer par courrier \u00e9lectronique via le portail des patients de votre clinique, soit demander la r\u00e9ceptionniste de le transmettre au m\u00e9decin lors de votre arriv\u00e9e au rendez-vous \u00bb, a \u00e9crit Sole-Smith.<\/p>\n<p>Si vous ne savez pas par o\u00f9 commencer pour r\u00e9diger une telle note, consultez ces ressources\u00a0:<\/p>\n<ul>\n<li>\n<p>Veuillez ne pas discuter de la courbe de croissance, du poids ou de l&rsquo;IMC de mon enfant devant mon enfant.<\/p>\n<\/li>\n<li>\n<p>Cartes \u00ab\u00a0Ne parlez pas du poids de mon enfant\u00a0\u00bb<\/p>\n<\/li>\n<\/ul>\n<h3>Passer l&rsquo;\u00e9chelle<\/h3>\n<p>Lors du rendez-vous, demandez une pes\u00e9e \u00e0 l&rsquo;aveugle (l&rsquo;enfant est dos \u00e0 la balance et l&rsquo;infirmi\u00e8re n&rsquo;annonce pas son poids \u00e0 voix haute), ou refusez du tout la pes\u00e9e de votre enfant.<\/p>\n<p>Sole-Smith sugg\u00e8re des phrases qu&rsquo;elle a apprises d&rsquo;une infirmi\u00e8re praticienne en p\u00e9diatrie : \u00ab Nous faisons confiance \u00e0 son corps et savons qu&rsquo;elle grandit bien \u00bb ou \u00ab Je n&rsquo;ai aucune raison de m&rsquo;inqui\u00e9ter de son poids \u00bb.<\/p>\n<h3>Soyez un d\u00e9fenseur lors du rendez-vous<\/h3>\n<p>Si le m\u00e9decin commence \u00e0 parler de poids ou de r\u00e9gime, refusez poliment mais fermement toute suggestion visant \u00e0 restreindre la nourriture ou \u00e0 compter les calories. Insistez sur votre engagement en faveur d\u2019une approche ax\u00e9e sur la sant\u00e9 plut\u00f4t que sur le poids.<\/p>\n<p>Quelle que soit la raison du rendez-vous de votre enfant ou ce qui se passe, encouragez-le \u00e0 participer \u00e0 la conversation. En les encourageant \u00e0 poser des questions au praticien et \u00e0 s&rsquo;exprimer eux-m\u00eames, vous leur apprenez \u00e0 se d\u00e9fendre eux-m\u00eames et \u00e0 se sentir plus puissants lors de rencontres m\u00e9dicales vuln\u00e9rables. <\/p>\n<p>Bien entendu, le poids d&rsquo;un enfant n&rsquo;est pas <em>toujours <\/em>non pertinent. Faites savoir au praticien que vous comprenez les raisons valables de surveiller le poids d&rsquo;un enfant au cabinet du m\u00e9decin : comme identifier le diab\u00e8te et les troubles de l&rsquo;alimentation, et bien doser les m\u00e9dicaments. En m\u00eame temps, vous pouvez indiquer clairement que vous ne croyez pas qu&rsquo;il soit acceptable de surveiller le poids d&rsquo;un enfant dans le seul but de le stigmatiser, de le pathologiser ou de le r\u00e9duire.<\/p>\n","protected":false},"excerpt":{"rendered":"<p>Se concentrer trop sur les courbes de croissance est rarement utile, et peut m\u00eame \u00eatre nuisible Les personnes souffrant de troubles de l&rsquo;alimentation et d&rsquo;images<\/p>\n","protected":false},"author":1,"featured_media":1062,"comment_status":"","ping_status":"","sticky":false,"template":"","format":"standard","meta":{"footnotes":""},"categories":[37],"tags":[1287,44,29,1607,295,882,1608,275,33,8],"class_list":["post-1061","post","type-post","status-publish","format-standard","has-post-thumbnail","hentry","category-famille","tag-chez","tag-comment","tag-des","tag-discussions","tag-enfant","tag-medecin","tag-poids","tag-proteger","tag-sur","tag-votre","generate-columns","tablet-grid-50","mobile-grid-100","grid-parent","grid-33"],"yoast_head":"<!-- This site is optimized with the Yoast SEO plugin v24.0 - https:\/\/yoast.com\/wordpress\/plugins\/seo\/ -->\n<title>Comment prot\u00e9ger votre enfant des discussions sur le poids chez le m\u00e9decin | Vie Associative<\/title>\n<meta name=\"robots\" content=\"index, follow, max-snippet:-1, max-image-preview:large, max-video-preview:-1\" \/>\n<link rel=\"canonical\" href=\"https:\/\/vieassociative.be\/actualites\/comment-proteger-votre-enfant-des-discussions-sur-le-poids-chez-le-medecin\/\" \/>\n<meta property=\"og:locale\" content=\"fr_FR\" \/>\n<meta property=\"og:type\" content=\"article\" \/>\n<meta property=\"og:title\" content=\"Comment prot\u00e9ger votre enfant des discussions sur le poids chez le m\u00e9decin | Vie Associative\" \/>\n<meta property=\"og:description\" content=\"Se concentrer trop sur les courbes de croissance est rarement utile, et peut m\u00eame \u00eatre nuisible Les personnes souffrant de troubles de l&rsquo;alimentation et d&rsquo;images\" \/>\n<meta property=\"og:url\" content=\"https:\/\/vieassociative.be\/actualites\/comment-proteger-votre-enfant-des-discussions-sur-le-poids-chez-le-medecin\/\" \/>\n<meta property=\"og:site_name\" content=\"Vie Associative\" \/>\n<meta property=\"article:published_time\" content=\"2024-10-10T08:18:40+00:00\" \/>\n<meta property=\"og:image\" content=\"https:\/\/vieassociative.be\/actualites\/wp-content\/uploads\/2024\/09\/header_backgroundk-01-e1726694325946.png\" \/>\n\t<meta property=\"og:image:width\" content=\"279\" \/>\n\t<meta property=\"og:image:height\" content=\"92\" \/>\n\t<meta property=\"og:image:type\" content=\"image\/png\" \/>\n<meta name=\"author\" content=\"Julien\" \/>\n<meta name=\"twitter:card\" content=\"summary_large_image\" \/>\n<meta name=\"twitter:label1\" content=\"\u00c9crit par\" \/>\n\t<meta name=\"twitter:data1\" content=\"Julien\" \/>\n\t<meta name=\"twitter:label2\" content=\"Dur\u00e9e de lecture est.\" \/>\n\t<meta name=\"twitter:data2\" content=\"7 minutes\" \/>\n<script type=\"application\/ld+json\" class=\"yoast-schema-graph\">{\"@context\":\"https:\/\/schema.org\",\"@graph\":[{\"@type\":\"Article\",\"@id\":\"https:\/\/vieassociative.be\/actualites\/comment-proteger-votre-enfant-des-discussions-sur-le-poids-chez-le-medecin\/#article\",\"isPartOf\":{\"@id\":\"https:\/\/vieassociative.be\/actualites\/comment-proteger-votre-enfant-des-discussions-sur-le-poids-chez-le-medecin\/\"},\"author\":{\"name\":\"Julien\",\"@id\":\"https:\/\/vieassociative.be\/actualites\/#\/schema\/person\/b87ac4f82f9d4e7b7cec7395b679edc4\"},\"headline\":\"Comment prot\u00e9ger votre enfant des discussions sur le poids chez le m\u00e9decin\",\"datePublished\":\"2024-10-10T08:18:40+00:00\",\"dateModified\":\"2024-10-10T08:18:40+00:00\",\"mainEntityOfPage\":{\"@id\":\"https:\/\/vieassociative.be\/actualites\/comment-proteger-votre-enfant-des-discussions-sur-le-poids-chez-le-medecin\/\"},\"wordCount\":1374,\"publisher\":{\"@id\":\"https:\/\/vieassociative.be\/actualites\/#organization\"},\"image\":{\"@id\":\"https:\/\/vieassociative.be\/actualites\/comment-proteger-votre-enfant-des-discussions-sur-le-poids-chez-le-medecin\/#primaryimage\"},\"thumbnailUrl\":\"https:\/\/vieassociative.be\/actualites\/wp-content\/uploads\/2024\/10\/Comment-proteger-votre-enfant-des-discussions-sur-le-poids-chez.jpg\",\"keywords\":[\"chez\",\"Comment\",\"Des\",\"discussions\",\"enfant\",\"m\u00e9decin\",\"poids\",\"prot\u00e9ger\",\"sur\",\"votre\"],\"articleSection\":[\"Famille\"],\"inLanguage\":\"fr-BE\"},{\"@type\":\"WebPage\",\"@id\":\"https:\/\/vieassociative.be\/actualites\/comment-proteger-votre-enfant-des-discussions-sur-le-poids-chez-le-medecin\/\",\"url\":\"https:\/\/vieassociative.be\/actualites\/comment-proteger-votre-enfant-des-discussions-sur-le-poids-chez-le-medecin\/\",\"name\":\"Comment prot\u00e9ger votre enfant des discussions sur le poids chez le m\u00e9decin | Vie Associative\",\"isPartOf\":{\"@id\":\"https:\/\/vieassociative.be\/actualites\/#website\"},\"primaryImageOfPage\":{\"@id\":\"https:\/\/vieassociative.be\/actualites\/comment-proteger-votre-enfant-des-discussions-sur-le-poids-chez-le-medecin\/#primaryimage\"},\"image\":{\"@id\":\"https:\/\/vieassociative.be\/actualites\/comment-proteger-votre-enfant-des-discussions-sur-le-poids-chez-le-medecin\/#primaryimage\"},\"thumbnailUrl\":\"https:\/\/vieassociative.be\/actualites\/wp-content\/uploads\/2024\/10\/Comment-proteger-votre-enfant-des-discussions-sur-le-poids-chez.jpg\",\"datePublished\":\"2024-10-10T08:18:40+00:00\",\"dateModified\":\"2024-10-10T08:18:40+00:00\",\"breadcrumb\":{\"@id\":\"https:\/\/vieassociative.be\/actualites\/comment-proteger-votre-enfant-des-discussions-sur-le-poids-chez-le-medecin\/#breadcrumb\"},\"inLanguage\":\"fr-BE\",\"potentialAction\":[{\"@type\":\"ReadAction\",\"target\":[\"https:\/\/vieassociative.be\/actualites\/comment-proteger-votre-enfant-des-discussions-sur-le-poids-chez-le-medecin\/\"]}]},{\"@type\":\"ImageObject\",\"inLanguage\":\"fr-BE\",\"@id\":\"https:\/\/vieassociative.be\/actualites\/comment-proteger-votre-enfant-des-discussions-sur-le-poids-chez-le-medecin\/#primaryimage\",\"url\":\"https:\/\/vieassociative.be\/actualites\/wp-content\/uploads\/2024\/10\/Comment-proteger-votre-enfant-des-discussions-sur-le-poids-chez.jpg\",\"contentUrl\":\"https:\/\/vieassociative.be\/actualites\/wp-content\/uploads\/2024\/10\/Comment-proteger-votre-enfant-des-discussions-sur-le-poids-chez.jpg\",\"width\":1200,\"height\":675,\"caption\":\"Comment prot\u00e9ger votre enfant des discussions sur le poids chez le m\u00e9decin\"},{\"@type\":\"BreadcrumbList\",\"@id\":\"https:\/\/vieassociative.be\/actualites\/comment-proteger-votre-enfant-des-discussions-sur-le-poids-chez-le-medecin\/#breadcrumb\",\"itemListElement\":[{\"@type\":\"ListItem\",\"position\":1,\"name\":\"Accueil\",\"item\":\"https:\/\/vieassociative.be\/actualites\/\"},{\"@type\":\"ListItem\",\"position\":2,\"name\":\"Comment prot\u00e9ger votre enfant des discussions sur le poids chez le m\u00e9decin\"}]},{\"@type\":\"WebSite\",\"@id\":\"https:\/\/vieassociative.be\/actualites\/#website\",\"url\":\"https:\/\/vieassociative.be\/actualites\/\",\"name\":\"Vie Associative\",\"description\":\"\",\"publisher\":{\"@id\":\"https:\/\/vieassociative.be\/actualites\/#organization\"},\"potentialAction\":[{\"@type\":\"SearchAction\",\"target\":{\"@type\":\"EntryPoint\",\"urlTemplate\":\"https:\/\/vieassociative.be\/actualites\/?s={search_term_string}\"},\"query-input\":{\"@type\":\"PropertyValueSpecification\",\"valueRequired\":true,\"valueName\":\"search_term_string\"}}],\"inLanguage\":\"fr-BE\"},{\"@type\":\"Organization\",\"@id\":\"https:\/\/vieassociative.be\/actualites\/#organization\",\"name\":\"Vie Associative\",\"url\":\"https:\/\/vieassociative.be\/actualites\/\",\"logo\":{\"@type\":\"ImageObject\",\"inLanguage\":\"fr-BE\",\"@id\":\"https:\/\/vieassociative.be\/actualites\/#\/schema\/logo\/image\/\",\"url\":\"https:\/\/vieassociative.be\/actualites\/wp-content\/uploads\/2024\/09\/cropped-vieassociative_favicon.ico.png\",\"contentUrl\":\"https:\/\/vieassociative.be\/actualites\/wp-content\/uploads\/2024\/09\/cropped-vieassociative_favicon.ico.png\",\"width\":512,\"height\":512,\"caption\":\"Vie Associative\"},\"image\":{\"@id\":\"https:\/\/vieassociative.be\/actualites\/#\/schema\/logo\/image\/\"}},{\"@type\":\"Person\",\"@id\":\"https:\/\/vieassociative.be\/actualites\/#\/schema\/person\/b87ac4f82f9d4e7b7cec7395b679edc4\",\"name\":\"Julien\",\"image\":{\"@type\":\"ImageObject\",\"inLanguage\":\"fr-BE\",\"@id\":\"https:\/\/vieassociative.be\/actualites\/#\/schema\/person\/image\/\",\"url\":\"https:\/\/vieassociative.be\/actualites\/wp-content\/uploads\/2024\/09\/vie-associative-1-150x150.jpg\",\"contentUrl\":\"https:\/\/vieassociative.be\/actualites\/wp-content\/uploads\/2024\/09\/vie-associative-1-150x150.jpg\",\"caption\":\"Julien\"},\"description\":\"Je suis Julien, r\u00e9dacteur pour Vie Associative. Passionn\u00e9 par le monde associatif depuis plus de 10 ans, j'ai \u00e0 c\u0153ur de partager des histoires inspirantes et de mettre en lumi\u00e8re les initiatives locales. Mon objectif est de sensibiliser et d'encourager l'engagement communautaire \u00e0 travers mes articles.\",\"sameAs\":[\"https:\/\/vieassociative.be\/\"]}]}<\/script>\n<!-- \/ Yoast SEO plugin. -->","yoast_head_json":{"title":"Comment prot\u00e9ger votre enfant des discussions sur le poids chez le m\u00e9decin | Vie Associative","robots":{"index":"index","follow":"follow","max-snippet":"max-snippet:-1","max-image-preview":"max-image-preview:large","max-video-preview":"max-video-preview:-1"},"canonical":"https:\/\/vieassociative.be\/actualites\/comment-proteger-votre-enfant-des-discussions-sur-le-poids-chez-le-medecin\/","og_locale":"fr_FR","og_type":"article","og_title":"Comment prot\u00e9ger votre enfant des discussions sur le poids chez le m\u00e9decin | Vie Associative","og_description":"Se concentrer trop sur les courbes de croissance est rarement utile, et peut m\u00eame \u00eatre nuisible Les personnes souffrant de troubles de l&rsquo;alimentation et d&rsquo;images","og_url":"https:\/\/vieassociative.be\/actualites\/comment-proteger-votre-enfant-des-discussions-sur-le-poids-chez-le-medecin\/","og_site_name":"Vie Associative","article_published_time":"2024-10-10T08:18:40+00:00","og_image":[{"width":279,"height":92,"url":"https:\/\/vieassociative.be\/actualites\/wp-content\/uploads\/2024\/09\/header_backgroundk-01-e1726694325946.png","type":"image\/png"}],"author":"Julien","twitter_card":"summary_large_image","twitter_misc":{"\u00c9crit par":"Julien","Dur\u00e9e de lecture est.":"7 minutes"},"schema":{"@context":"https:\/\/schema.org","@graph":[{"@type":"Article","@id":"https:\/\/vieassociative.be\/actualites\/comment-proteger-votre-enfant-des-discussions-sur-le-poids-chez-le-medecin\/#article","isPartOf":{"@id":"https:\/\/vieassociative.be\/actualites\/comment-proteger-votre-enfant-des-discussions-sur-le-poids-chez-le-medecin\/"},"author":{"name":"Julien","@id":"https:\/\/vieassociative.be\/actualites\/#\/schema\/person\/b87ac4f82f9d4e7b7cec7395b679edc4"},"headline":"Comment prot\u00e9ger votre enfant des discussions sur le poids chez le m\u00e9decin","datePublished":"2024-10-10T08:18:40+00:00","dateModified":"2024-10-10T08:18:40+00:00","mainEntityOfPage":{"@id":"https:\/\/vieassociative.be\/actualites\/comment-proteger-votre-enfant-des-discussions-sur-le-poids-chez-le-medecin\/"},"wordCount":1374,"publisher":{"@id":"https:\/\/vieassociative.be\/actualites\/#organization"},"image":{"@id":"https:\/\/vieassociative.be\/actualites\/comment-proteger-votre-enfant-des-discussions-sur-le-poids-chez-le-medecin\/#primaryimage"},"thumbnailUrl":"https:\/\/vieassociative.be\/actualites\/wp-content\/uploads\/2024\/10\/Comment-proteger-votre-enfant-des-discussions-sur-le-poids-chez.jpg","keywords":["chez","Comment","Des","discussions","enfant","m\u00e9decin","poids","prot\u00e9ger","sur","votre"],"articleSection":["Famille"],"inLanguage":"fr-BE"},{"@type":"WebPage","@id":"https:\/\/vieassociative.be\/actualites\/comment-proteger-votre-enfant-des-discussions-sur-le-poids-chez-le-medecin\/","url":"https:\/\/vieassociative.be\/actualites\/comment-proteger-votre-enfant-des-discussions-sur-le-poids-chez-le-medecin\/","name":"Comment prot\u00e9ger votre enfant des discussions sur le poids chez le m\u00e9decin | Vie Associative","isPartOf":{"@id":"https:\/\/vieassociative.be\/actualites\/#website"},"primaryImageOfPage":{"@id":"https:\/\/vieassociative.be\/actualites\/comment-proteger-votre-enfant-des-discussions-sur-le-poids-chez-le-medecin\/#primaryimage"},"image":{"@id":"https:\/\/vieassociative.be\/actualites\/comment-proteger-votre-enfant-des-discussions-sur-le-poids-chez-le-medecin\/#primaryimage"},"thumbnailUrl":"https:\/\/vieassociative.be\/actualites\/wp-content\/uploads\/2024\/10\/Comment-proteger-votre-enfant-des-discussions-sur-le-poids-chez.jpg","datePublished":"2024-10-10T08:18:40+00:00","dateModified":"2024-10-10T08:18:40+00:00","breadcrumb":{"@id":"https:\/\/vieassociative.be\/actualites\/comment-proteger-votre-enfant-des-discussions-sur-le-poids-chez-le-medecin\/#breadcrumb"},"inLanguage":"fr-BE","potentialAction":[{"@type":"ReadAction","target":["https:\/\/vieassociative.be\/actualites\/comment-proteger-votre-enfant-des-discussions-sur-le-poids-chez-le-medecin\/"]}]},{"@type":"ImageObject","inLanguage":"fr-BE","@id":"https:\/\/vieassociative.be\/actualites\/comment-proteger-votre-enfant-des-discussions-sur-le-poids-chez-le-medecin\/#primaryimage","url":"https:\/\/vieassociative.be\/actualites\/wp-content\/uploads\/2024\/10\/Comment-proteger-votre-enfant-des-discussions-sur-le-poids-chez.jpg","contentUrl":"https:\/\/vieassociative.be\/actualites\/wp-content\/uploads\/2024\/10\/Comment-proteger-votre-enfant-des-discussions-sur-le-poids-chez.jpg","width":1200,"height":675,"caption":"Comment prot\u00e9ger votre enfant des discussions sur le poids chez le m\u00e9decin"},{"@type":"BreadcrumbList","@id":"https:\/\/vieassociative.be\/actualites\/comment-proteger-votre-enfant-des-discussions-sur-le-poids-chez-le-medecin\/#breadcrumb","itemListElement":[{"@type":"ListItem","position":1,"name":"Accueil","item":"https:\/\/vieassociative.be\/actualites\/"},{"@type":"ListItem","position":2,"name":"Comment prot\u00e9ger votre enfant des discussions sur le poids chez le m\u00e9decin"}]},{"@type":"WebSite","@id":"https:\/\/vieassociative.be\/actualites\/#website","url":"https:\/\/vieassociative.be\/actualites\/","name":"Vie Associative","description":"","publisher":{"@id":"https:\/\/vieassociative.be\/actualites\/#organization"},"potentialAction":[{"@type":"SearchAction","target":{"@type":"EntryPoint","urlTemplate":"https:\/\/vieassociative.be\/actualites\/?s={search_term_string}"},"query-input":{"@type":"PropertyValueSpecification","valueRequired":true,"valueName":"search_term_string"}}],"inLanguage":"fr-BE"},{"@type":"Organization","@id":"https:\/\/vieassociative.be\/actualites\/#organization","name":"Vie Associative","url":"https:\/\/vieassociative.be\/actualites\/","logo":{"@type":"ImageObject","inLanguage":"fr-BE","@id":"https:\/\/vieassociative.be\/actualites\/#\/schema\/logo\/image\/","url":"https:\/\/vieassociative.be\/actualites\/wp-content\/uploads\/2024\/09\/cropped-vieassociative_favicon.ico.png","contentUrl":"https:\/\/vieassociative.be\/actualites\/wp-content\/uploads\/2024\/09\/cropped-vieassociative_favicon.ico.png","width":512,"height":512,"caption":"Vie Associative"},"image":{"@id":"https:\/\/vieassociative.be\/actualites\/#\/schema\/logo\/image\/"}},{"@type":"Person","@id":"https:\/\/vieassociative.be\/actualites\/#\/schema\/person\/b87ac4f82f9d4e7b7cec7395b679edc4","name":"Julien","image":{"@type":"ImageObject","inLanguage":"fr-BE","@id":"https:\/\/vieassociative.be\/actualites\/#\/schema\/person\/image\/","url":"https:\/\/vieassociative.be\/actualites\/wp-content\/uploads\/2024\/09\/vie-associative-1-150x150.jpg","contentUrl":"https:\/\/vieassociative.be\/actualites\/wp-content\/uploads\/2024\/09\/vie-associative-1-150x150.jpg","caption":"Julien"},"description":"Je suis Julien, r\u00e9dacteur pour Vie Associative. Passionn\u00e9 par le monde associatif depuis plus de 10 ans, j'ai \u00e0 c\u0153ur de partager des histoires inspirantes et de mettre en lumi\u00e8re les initiatives locales. Mon objectif est de sensibiliser et d'encourager l'engagement communautaire \u00e0 travers mes articles.","sameAs":["https:\/\/vieassociative.be\/"]}]}},"_links":{"self":[{"href":"https:\/\/vieassociative.be\/actualites\/wp-json\/wp\/v2\/posts\/1061"}],"collection":[{"href":"https:\/\/vieassociative.be\/actualites\/wp-json\/wp\/v2\/posts"}],"about":[{"href":"https:\/\/vieassociative.be\/actualites\/wp-json\/wp\/v2\/types\/post"}],"author":[{"embeddable":true,"href":"https:\/\/vieassociative.be\/actualites\/wp-json\/wp\/v2\/users\/1"}],"replies":[{"embeddable":true,"href":"https:\/\/vieassociative.be\/actualites\/wp-json\/wp\/v2\/comments?post=1061"}],"version-history":[{"count":0,"href":"https:\/\/vieassociative.be\/actualites\/wp-json\/wp\/v2\/posts\/1061\/revisions"}],"wp:featuredmedia":[{"embeddable":true,"href":"https:\/\/vieassociative.be\/actualites\/wp-json\/wp\/v2\/media\/1062"}],"wp:attachment":[{"href":"https:\/\/vieassociative.be\/actualites\/wp-json\/wp\/v2\/media?parent=1061"}],"wp:term":[{"taxonomy":"category","embeddable":true,"href":"https:\/\/vieassociative.be\/actualites\/wp-json\/wp\/v2\/categories?post=1061"},{"taxonomy":"post_tag","embeddable":true,"href":"https:\/\/vieassociative.be\/actualites\/wp-json\/wp\/v2\/tags?post=1061"}],"curies":[{"name":"wp","href":"https:\/\/api.w.org\/{rel}","templated":true}]}}