{"id":10605,"date":"2025-10-11T22:17:06","date_gmt":"2025-10-11T20:17:06","guid":{"rendered":"https:\/\/vieassociative.be\/actualites\/pogacar-avec-le-5e-triomphe-de-la-lombardie-comme-coppi-la-fait-autrefois-evenepoel-est-a-nouveau-deuxieme-et-best-of-the-rest\/"},"modified":"2025-10-11T22:17:06","modified_gmt":"2025-10-11T20:17:06","slug":"pogacar-avec-le-5e-triomphe-de-la-lombardie-comme-coppi-la-fait-autrefois-evenepoel-est-a-nouveau-deuxieme-et-best-of-the-rest","status":"publish","type":"post","link":"https:\/\/vieassociative.be\/actualites\/pogacar-avec-le-5e-triomphe-de-la-lombardie-comme-coppi-la-fait-autrefois-evenepoel-est-a-nouveau-deuxieme-et-best-of-the-rest\/","title":{"rendered":"Pogacar avec le 5e triomphe de la Lombardie comme Coppi l&rsquo;a fait autrefois \u2013 Evenepoel est \u00e0 nouveau deuxi\u00e8me et \u00ab Best of the Rest \u00bb"},"content":{"rendered":"<p><strong>Tadej Pogacar s&rsquo;impose devant Remco Evenepoel : Le Tour de Lombardie, dernier \u00ab monument \u00bb cette ann\u00e9e, s&rsquo;est termin\u00e9 comme les derni\u00e8res courses. Avec sa cinqui\u00e8me victoire \u00e0 Bergame, le Slov\u00e8ne a r\u00e9alis\u00e9 ce que seul Fausto Coppi avait r\u00e9alis\u00e9 avant lui, vainqueur de la course traditionnelle de 1946 \u00e0 1949 et 1954. Et comme souvent ces derni\u00e8res semaines et comme en 2024, le Belge Remco Evenepoel est arriv\u00e9 deuxi\u00e8me et \u00ab Best of the Rest \u00bb.<\/strong><\/p>\n<p><span id=\"more-426820\"><\/span>Il s&rsquo;agissait de la 20e victoire de Pogacar cette saison, le troisi\u00e8me triomphe dans l&rsquo;un des cinq monuments du cyclisme professionnel apr\u00e8s le Tour des Flandres et Li\u00e8ge-Bastogne-Li\u00e8ge.<\/p>\n<p>Ce n&rsquo;est qu&rsquo;\u00e0 Milan-Sanremo et Paris-Roubaix, o\u00f9 le N\u00e9erlandais Mathieu van der Poel s&rsquo;est impos\u00e9, ainsi qu&rsquo;au Championnat du monde de contre-la-montre individuel, o\u00f9 Remco Evenepoel a remport\u00e9 le titre, que le Slov\u00e8ne a trouv\u00e9 son ma\u00eetre.<\/p>\n<p>Plut\u00f4t prudent jusqu&rsquo;\u00e0 35km de l&rsquo;arriv\u00e9e, Pogacar s&rsquo;en prend \u00e0 Quinn Simmons et laisse ses principaux rivaux plus d&rsquo;une minute derri\u00e8re. Le champion am\u00e9ricain, qui avait r\u00e9alis\u00e9 une belle course, n&rsquo;a pas pu contrer les attaques du Slov\u00e8ne.<\/p>\n<div id=\"attachment_426837\" class=\"wp-caption alignleft\" style=\"max-width: 300px\"><img fetchpriority=\"high\" decoding=\"async\" class=\"wp-image-426837 size-medium\" src=\"https:\/\/vieassociative.be\/actualites\/wp-content\/uploads\/2025\/10\/Pogacar-avec-le-5e-triomphe-de-la-Lombardie-comme-Coppi.jpg\" alt=\"\" width=\"300\" height=\"200\"><\/div>\n<p>Pogacar a alors stabilis\u00e9 son avance et n&rsquo;est plus rattrap\u00e9. Remco Evenepoel n&rsquo;a jamais \u00e9t\u00e9 une menace pour la superstar slov\u00e8ne et a de nouveau termin\u00e9 deuxi\u00e8me lors de sa derni\u00e8re course pour l&rsquo;\u00e9quipe de course Soudal Quick-Step. Comme on le sait, le Belge rejoint l\u2019\u00e9quipe allemande Red Bull \u2013 Bora-hansgrohe. L&rsquo;Australien Michael Storer est arriv\u00e9 troisi\u00e8me.<\/p>\n<p>\u00ab\u00a0Gagner cinq fois de suite, cette course, ce parcours me conviennent tr\u00e8s bien\u00a0\u00bb, a d\u00e9clar\u00e9 Pogacar et a ajout\u00e9 : \u00ab\u00a0Pendant sept ans, je peux dire que c&rsquo;\u00e9tait ma meilleure saison. Et je peux le r\u00e9p\u00e9ter : c&rsquo;\u00e9tait ma meilleure saison.\u00a0\u00bb<\/p>\n<p>L\u2019\u00e9quipe Israel-Premier Tech n\u2019\u00e9tait pas l\u00e0 samedi. Apr\u00e8s les manifestations pro-palestiniennes, notamment lors du Tour d&rsquo;Espagne, l&rsquo;\u00e9quipe de course et les organisateurs ont convenu de ne pas y participer pour des raisons de s\u00e9curit\u00e9. L\u2019ann\u00e9e prochaine, l\u2019\u00e9quipe concourra en cyclisme sous un nom diff\u00e9rent. (dpa\/cr\u00e9)<\/p>\n","protected":false},"excerpt":{"rendered":"<p>Tadej Pogacar s&rsquo;impose devant Remco Evenepoel : Le Tour de Lombardie, dernier \u00ab monument \u00bb cette ann\u00e9e, s&rsquo;est termin\u00e9 comme les derni\u00e8res courses. Avec sa<\/p>\n","protected":false},"author":1,"featured_media":10606,"comment_status":"","ping_status":"","sticky":false,"template":"","format":"standard","meta":{"footnotes":""},"categories":[298],"tags":[8864,61,1254,8863,2525,76,3737,635,8862,553,5976,5290,6228],"class_list":["post-10605","post","type-post","status-publish","format-standard","has-post-thumbnail","hentry","category-belgique","tag-autrefois","tag-avec","tag-comme","tag-coppi","tag-deuxieme","tag-est","tag-evenepoel","tag-fait","tag-lombardie","tag-nouveau","tag-pogacar","tag-rest","tag-triomphe","generate-columns","tablet-grid-50","mobile-grid-100","grid-parent","grid-33"],"yoast_head":"<!-- This site is optimized with the Yoast SEO plugin v24.0 - https:\/\/yoast.com\/wordpress\/plugins\/seo\/ -->\n<title>Pogacar avec le 5e triomphe de la Lombardie comme Coppi l&#039;a fait autrefois \u2013 Evenepoel est \u00e0 nouveau deuxi\u00e8me et \u00ab Best of the Rest \u00bb | Vie Associative<\/title>\n<meta name=\"robots\" content=\"index, follow, max-snippet:-1, max-image-preview:large, max-video-preview:-1\" \/>\n<link rel=\"canonical\" href=\"https:\/\/vieassociative.be\/actualites\/pogacar-avec-le-5e-triomphe-de-la-lombardie-comme-coppi-la-fait-autrefois-evenepoel-est-a-nouveau-deuxieme-et-best-of-the-rest\/\" \/>\n<meta property=\"og:locale\" content=\"fr_FR\" \/>\n<meta property=\"og:type\" content=\"article\" \/>\n<meta property=\"og:title\" content=\"Pogacar avec le 5e triomphe de la Lombardie comme Coppi l&#039;a fait autrefois \u2013 Evenepoel est \u00e0 nouveau deuxi\u00e8me et \u00ab Best of the Rest \u00bb | Vie Associative\" \/>\n<meta property=\"og:description\" content=\"Tadej Pogacar s&rsquo;impose devant Remco Evenepoel : Le Tour de Lombardie, dernier \u00ab monument \u00bb cette ann\u00e9e, s&rsquo;est termin\u00e9 comme les derni\u00e8res courses. Avec sa\" \/>\n<meta property=\"og:url\" content=\"https:\/\/vieassociative.be\/actualites\/pogacar-avec-le-5e-triomphe-de-la-lombardie-comme-coppi-la-fait-autrefois-evenepoel-est-a-nouveau-deuxieme-et-best-of-the-rest\/\" \/>\n<meta property=\"og:site_name\" content=\"Vie Associative\" \/>\n<meta property=\"article:published_time\" content=\"2025-10-11T20:17:06+00:00\" \/>\n<meta property=\"og:image\" content=\"https:\/\/vieassociative.be\/actualites\/wp-content\/uploads\/2024\/09\/header_backgroundk-01-e1726694325946.png\" \/>\n\t<meta property=\"og:image:width\" content=\"279\" \/>\n\t<meta property=\"og:image:height\" content=\"92\" \/>\n\t<meta property=\"og:image:type\" content=\"image\/png\" \/>\n<meta name=\"author\" content=\"Julien\" \/>\n<meta name=\"twitter:card\" content=\"summary_large_image\" \/>\n<meta name=\"twitter:label1\" content=\"\u00c9crit par\" \/>\n\t<meta name=\"twitter:data1\" content=\"Julien\" \/>\n\t<meta name=\"twitter:label2\" content=\"Dur\u00e9e de lecture est.\" \/>\n\t<meta name=\"twitter:data2\" content=\"2 minutes\" \/>\n<script type=\"application\/ld+json\" class=\"yoast-schema-graph\">{\"@context\":\"https:\/\/schema.org\",\"@graph\":[{\"@type\":\"Article\",\"@id\":\"https:\/\/vieassociative.be\/actualites\/pogacar-avec-le-5e-triomphe-de-la-lombardie-comme-coppi-la-fait-autrefois-evenepoel-est-a-nouveau-deuxieme-et-best-of-the-rest\/#article\",\"isPartOf\":{\"@id\":\"https:\/\/vieassociative.be\/actualites\/pogacar-avec-le-5e-triomphe-de-la-lombardie-comme-coppi-la-fait-autrefois-evenepoel-est-a-nouveau-deuxieme-et-best-of-the-rest\/\"},\"author\":{\"name\":\"Julien\",\"@id\":\"https:\/\/vieassociative.be\/actualites\/#\/schema\/person\/b87ac4f82f9d4e7b7cec7395b679edc4\"},\"headline\":\"Pogacar avec le 5e triomphe de la Lombardie comme Coppi l&rsquo;a fait autrefois \u2013 Evenepoel est \u00e0 nouveau deuxi\u00e8me et \u00ab Best of the Rest \u00bb\",\"datePublished\":\"2025-10-11T20:17:06+00:00\",\"dateModified\":\"2025-10-11T20:17:06+00:00\",\"mainEntityOfPage\":{\"@id\":\"https:\/\/vieassociative.be\/actualites\/pogacar-avec-le-5e-triomphe-de-la-lombardie-comme-coppi-la-fait-autrefois-evenepoel-est-a-nouveau-deuxieme-et-best-of-the-rest\/\"},\"wordCount\":390,\"publisher\":{\"@id\":\"https:\/\/vieassociative.be\/actualites\/#organization\"},\"image\":{\"@id\":\"https:\/\/vieassociative.be\/actualites\/pogacar-avec-le-5e-triomphe-de-la-lombardie-comme-coppi-la-fait-autrefois-evenepoel-est-a-nouveau-deuxieme-et-best-of-the-rest\/#primaryimage\"},\"thumbnailUrl\":\"https:\/\/vieassociative.be\/actualites\/wp-content\/uploads\/2025\/10\/1760213827_Pogacar-avec-le-5e-triomphe-de-la-Lombardie-comme-Coppi.jpg\",\"keywords\":[\"autrefois\",\"avec\",\"comme\",\"Coppi\",\"deuxi\u00e8me\",\"est\",\"Evenepoel\",\"fait\",\"Lombardie\",\"nouveau\",\"Pogacar\",\"Rest\",\"triomphe\"],\"articleSection\":[\"Belgique\"],\"inLanguage\":\"fr-BE\"},{\"@type\":\"WebPage\",\"@id\":\"https:\/\/vieassociative.be\/actualites\/pogacar-avec-le-5e-triomphe-de-la-lombardie-comme-coppi-la-fait-autrefois-evenepoel-est-a-nouveau-deuxieme-et-best-of-the-rest\/\",\"url\":\"https:\/\/vieassociative.be\/actualites\/pogacar-avec-le-5e-triomphe-de-la-lombardie-comme-coppi-la-fait-autrefois-evenepoel-est-a-nouveau-deuxieme-et-best-of-the-rest\/\",\"name\":\"Pogacar avec le 5e triomphe de la Lombardie comme Coppi l'a fait autrefois \u2013 Evenepoel est \u00e0 nouveau deuxi\u00e8me et \u00ab Best of the Rest \u00bb | Vie Associative\",\"isPartOf\":{\"@id\":\"https:\/\/vieassociative.be\/actualites\/#website\"},\"primaryImageOfPage\":{\"@id\":\"https:\/\/vieassociative.be\/actualites\/pogacar-avec-le-5e-triomphe-de-la-lombardie-comme-coppi-la-fait-autrefois-evenepoel-est-a-nouveau-deuxieme-et-best-of-the-rest\/#primaryimage\"},\"image\":{\"@id\":\"https:\/\/vieassociative.be\/actualites\/pogacar-avec-le-5e-triomphe-de-la-lombardie-comme-coppi-la-fait-autrefois-evenepoel-est-a-nouveau-deuxieme-et-best-of-the-rest\/#primaryimage\"},\"thumbnailUrl\":\"https:\/\/vieassociative.be\/actualites\/wp-content\/uploads\/2025\/10\/1760213827_Pogacar-avec-le-5e-triomphe-de-la-Lombardie-comme-Coppi.jpg\",\"datePublished\":\"2025-10-11T20:17:06+00:00\",\"dateModified\":\"2025-10-11T20:17:06+00:00\",\"breadcrumb\":{\"@id\":\"https:\/\/vieassociative.be\/actualites\/pogacar-avec-le-5e-triomphe-de-la-lombardie-comme-coppi-la-fait-autrefois-evenepoel-est-a-nouveau-deuxieme-et-best-of-the-rest\/#breadcrumb\"},\"inLanguage\":\"fr-BE\",\"potentialAction\":[{\"@type\":\"ReadAction\",\"target\":[\"https:\/\/vieassociative.be\/actualites\/pogacar-avec-le-5e-triomphe-de-la-lombardie-comme-coppi-la-fait-autrefois-evenepoel-est-a-nouveau-deuxieme-et-best-of-the-rest\/\"]}]},{\"@type\":\"ImageObject\",\"inLanguage\":\"fr-BE\",\"@id\":\"https:\/\/vieassociative.be\/actualites\/pogacar-avec-le-5e-triomphe-de-la-lombardie-comme-coppi-la-fait-autrefois-evenepoel-est-a-nouveau-deuxieme-et-best-of-the-rest\/#primaryimage\",\"url\":\"https:\/\/vieassociative.be\/actualites\/wp-content\/uploads\/2025\/10\/1760213827_Pogacar-avec-le-5e-triomphe-de-la-Lombardie-comme-Coppi.jpg\",\"contentUrl\":\"https:\/\/vieassociative.be\/actualites\/wp-content\/uploads\/2025\/10\/1760213827_Pogacar-avec-le-5e-triomphe-de-la-Lombardie-comme-Coppi.jpg\",\"width\":1200,\"height\":800,\"caption\":\"Pogacar avec le 5e triomphe de la Lombardie comme Coppi l'a fait autrefois \u2013 Evenepoel est \u00e0 nouveau deuxi\u00e8me et \u00ab Best of the Rest \u00bb\"},{\"@type\":\"BreadcrumbList\",\"@id\":\"https:\/\/vieassociative.be\/actualites\/pogacar-avec-le-5e-triomphe-de-la-lombardie-comme-coppi-la-fait-autrefois-evenepoel-est-a-nouveau-deuxieme-et-best-of-the-rest\/#breadcrumb\",\"itemListElement\":[{\"@type\":\"ListItem\",\"position\":1,\"name\":\"Accueil\",\"item\":\"https:\/\/vieassociative.be\/actualites\/\"},{\"@type\":\"ListItem\",\"position\":2,\"name\":\"Pogacar avec le 5e triomphe de la Lombardie comme Coppi l&rsquo;a fait autrefois \u2013 Evenepoel est \u00e0 nouveau deuxi\u00e8me et \u00ab Best of the Rest \u00bb\"}]},{\"@type\":\"WebSite\",\"@id\":\"https:\/\/vieassociative.be\/actualites\/#website\",\"url\":\"https:\/\/vieassociative.be\/actualites\/\",\"name\":\"Vie Associative\",\"description\":\"\",\"publisher\":{\"@id\":\"https:\/\/vieassociative.be\/actualites\/#organization\"},\"potentialAction\":[{\"@type\":\"SearchAction\",\"target\":{\"@type\":\"EntryPoint\",\"urlTemplate\":\"https:\/\/vieassociative.be\/actualites\/?s={search_term_string}\"},\"query-input\":{\"@type\":\"PropertyValueSpecification\",\"valueRequired\":true,\"valueName\":\"search_term_string\"}}],\"inLanguage\":\"fr-BE\"},{\"@type\":\"Organization\",\"@id\":\"https:\/\/vieassociative.be\/actualites\/#organization\",\"name\":\"Vie Associative\",\"url\":\"https:\/\/vieassociative.be\/actualites\/\",\"logo\":{\"@type\":\"ImageObject\",\"inLanguage\":\"fr-BE\",\"@id\":\"https:\/\/vieassociative.be\/actualites\/#\/schema\/logo\/image\/\",\"url\":\"https:\/\/vieassociative.be\/actualites\/wp-content\/uploads\/2024\/09\/cropped-vieassociative_favicon.ico.png\",\"contentUrl\":\"https:\/\/vieassociative.be\/actualites\/wp-content\/uploads\/2024\/09\/cropped-vieassociative_favicon.ico.png\",\"width\":512,\"height\":512,\"caption\":\"Vie Associative\"},\"image\":{\"@id\":\"https:\/\/vieassociative.be\/actualites\/#\/schema\/logo\/image\/\"}},{\"@type\":\"Person\",\"@id\":\"https:\/\/vieassociative.be\/actualites\/#\/schema\/person\/b87ac4f82f9d4e7b7cec7395b679edc4\",\"name\":\"Julien\",\"image\":{\"@type\":\"ImageObject\",\"inLanguage\":\"fr-BE\",\"@id\":\"https:\/\/vieassociative.be\/actualites\/#\/schema\/person\/image\/\",\"url\":\"https:\/\/vieassociative.be\/actualites\/wp-content\/uploads\/2024\/09\/vie-associative-1-150x150.jpg\",\"contentUrl\":\"https:\/\/vieassociative.be\/actualites\/wp-content\/uploads\/2024\/09\/vie-associative-1-150x150.jpg\",\"caption\":\"Julien\"},\"description\":\"Je suis Julien, r\u00e9dacteur pour Vie Associative. Passionn\u00e9 par le monde associatif depuis plus de 10 ans, j'ai \u00e0 c\u0153ur de partager des histoires inspirantes et de mettre en lumi\u00e8re les initiatives locales. Mon objectif est de sensibiliser et d'encourager l'engagement communautaire \u00e0 travers mes articles.\",\"sameAs\":[\"https:\/\/vieassociative.be\/\"]}]}<\/script>\n<!-- \/ Yoast SEO plugin. -->","yoast_head_json":{"title":"Pogacar avec le 5e triomphe de la Lombardie comme Coppi l'a fait autrefois \u2013 Evenepoel est \u00e0 nouveau deuxi\u00e8me et \u00ab Best of the Rest \u00bb | Vie Associative","robots":{"index":"index","follow":"follow","max-snippet":"max-snippet:-1","max-image-preview":"max-image-preview:large","max-video-preview":"max-video-preview:-1"},"canonical":"https:\/\/vieassociative.be\/actualites\/pogacar-avec-le-5e-triomphe-de-la-lombardie-comme-coppi-la-fait-autrefois-evenepoel-est-a-nouveau-deuxieme-et-best-of-the-rest\/","og_locale":"fr_FR","og_type":"article","og_title":"Pogacar avec le 5e triomphe de la Lombardie comme Coppi l'a fait autrefois \u2013 Evenepoel est \u00e0 nouveau deuxi\u00e8me et \u00ab Best of the Rest \u00bb | Vie Associative","og_description":"Tadej Pogacar s&rsquo;impose devant Remco Evenepoel : Le Tour de Lombardie, dernier \u00ab monument \u00bb cette ann\u00e9e, s&rsquo;est termin\u00e9 comme les derni\u00e8res courses. Avec sa","og_url":"https:\/\/vieassociative.be\/actualites\/pogacar-avec-le-5e-triomphe-de-la-lombardie-comme-coppi-la-fait-autrefois-evenepoel-est-a-nouveau-deuxieme-et-best-of-the-rest\/","og_site_name":"Vie Associative","article_published_time":"2025-10-11T20:17:06+00:00","og_image":[{"width":279,"height":92,"url":"https:\/\/vieassociative.be\/actualites\/wp-content\/uploads\/2024\/09\/header_backgroundk-01-e1726694325946.png","type":"image\/png"}],"author":"Julien","twitter_card":"summary_large_image","twitter_misc":{"\u00c9crit par":"Julien","Dur\u00e9e de lecture est.":"2 minutes"},"schema":{"@context":"https:\/\/schema.org","@graph":[{"@type":"Article","@id":"https:\/\/vieassociative.be\/actualites\/pogacar-avec-le-5e-triomphe-de-la-lombardie-comme-coppi-la-fait-autrefois-evenepoel-est-a-nouveau-deuxieme-et-best-of-the-rest\/#article","isPartOf":{"@id":"https:\/\/vieassociative.be\/actualites\/pogacar-avec-le-5e-triomphe-de-la-lombardie-comme-coppi-la-fait-autrefois-evenepoel-est-a-nouveau-deuxieme-et-best-of-the-rest\/"},"author":{"name":"Julien","@id":"https:\/\/vieassociative.be\/actualites\/#\/schema\/person\/b87ac4f82f9d4e7b7cec7395b679edc4"},"headline":"Pogacar avec le 5e triomphe de la Lombardie comme Coppi l&rsquo;a fait autrefois \u2013 Evenepoel est \u00e0 nouveau deuxi\u00e8me et \u00ab Best of the Rest \u00bb","datePublished":"2025-10-11T20:17:06+00:00","dateModified":"2025-10-11T20:17:06+00:00","mainEntityOfPage":{"@id":"https:\/\/vieassociative.be\/actualites\/pogacar-avec-le-5e-triomphe-de-la-lombardie-comme-coppi-la-fait-autrefois-evenepoel-est-a-nouveau-deuxieme-et-best-of-the-rest\/"},"wordCount":390,"publisher":{"@id":"https:\/\/vieassociative.be\/actualites\/#organization"},"image":{"@id":"https:\/\/vieassociative.be\/actualites\/pogacar-avec-le-5e-triomphe-de-la-lombardie-comme-coppi-la-fait-autrefois-evenepoel-est-a-nouveau-deuxieme-et-best-of-the-rest\/#primaryimage"},"thumbnailUrl":"https:\/\/vieassociative.be\/actualites\/wp-content\/uploads\/2025\/10\/1760213827_Pogacar-avec-le-5e-triomphe-de-la-Lombardie-comme-Coppi.jpg","keywords":["autrefois","avec","comme","Coppi","deuxi\u00e8me","est","Evenepoel","fait","Lombardie","nouveau","Pogacar","Rest","triomphe"],"articleSection":["Belgique"],"inLanguage":"fr-BE"},{"@type":"WebPage","@id":"https:\/\/vieassociative.be\/actualites\/pogacar-avec-le-5e-triomphe-de-la-lombardie-comme-coppi-la-fait-autrefois-evenepoel-est-a-nouveau-deuxieme-et-best-of-the-rest\/","url":"https:\/\/vieassociative.be\/actualites\/pogacar-avec-le-5e-triomphe-de-la-lombardie-comme-coppi-la-fait-autrefois-evenepoel-est-a-nouveau-deuxieme-et-best-of-the-rest\/","name":"Pogacar avec le 5e triomphe de la Lombardie comme Coppi l'a fait autrefois \u2013 Evenepoel est \u00e0 nouveau deuxi\u00e8me et \u00ab Best of the Rest \u00bb | Vie Associative","isPartOf":{"@id":"https:\/\/vieassociative.be\/actualites\/#website"},"primaryImageOfPage":{"@id":"https:\/\/vieassociative.be\/actualites\/pogacar-avec-le-5e-triomphe-de-la-lombardie-comme-coppi-la-fait-autrefois-evenepoel-est-a-nouveau-deuxieme-et-best-of-the-rest\/#primaryimage"},"image":{"@id":"https:\/\/vieassociative.be\/actualites\/pogacar-avec-le-5e-triomphe-de-la-lombardie-comme-coppi-la-fait-autrefois-evenepoel-est-a-nouveau-deuxieme-et-best-of-the-rest\/#primaryimage"},"thumbnailUrl":"https:\/\/vieassociative.be\/actualites\/wp-content\/uploads\/2025\/10\/1760213827_Pogacar-avec-le-5e-triomphe-de-la-Lombardie-comme-Coppi.jpg","datePublished":"2025-10-11T20:17:06+00:00","dateModified":"2025-10-11T20:17:06+00:00","breadcrumb":{"@id":"https:\/\/vieassociative.be\/actualites\/pogacar-avec-le-5e-triomphe-de-la-lombardie-comme-coppi-la-fait-autrefois-evenepoel-est-a-nouveau-deuxieme-et-best-of-the-rest\/#breadcrumb"},"inLanguage":"fr-BE","potentialAction":[{"@type":"ReadAction","target":["https:\/\/vieassociative.be\/actualites\/pogacar-avec-le-5e-triomphe-de-la-lombardie-comme-coppi-la-fait-autrefois-evenepoel-est-a-nouveau-deuxieme-et-best-of-the-rest\/"]}]},{"@type":"ImageObject","inLanguage":"fr-BE","@id":"https:\/\/vieassociative.be\/actualites\/pogacar-avec-le-5e-triomphe-de-la-lombardie-comme-coppi-la-fait-autrefois-evenepoel-est-a-nouveau-deuxieme-et-best-of-the-rest\/#primaryimage","url":"https:\/\/vieassociative.be\/actualites\/wp-content\/uploads\/2025\/10\/1760213827_Pogacar-avec-le-5e-triomphe-de-la-Lombardie-comme-Coppi.jpg","contentUrl":"https:\/\/vieassociative.be\/actualites\/wp-content\/uploads\/2025\/10\/1760213827_Pogacar-avec-le-5e-triomphe-de-la-Lombardie-comme-Coppi.jpg","width":1200,"height":800,"caption":"Pogacar avec le 5e triomphe de la Lombardie comme Coppi l'a fait autrefois \u2013 Evenepoel est \u00e0 nouveau deuxi\u00e8me et \u00ab Best of the Rest \u00bb"},{"@type":"BreadcrumbList","@id":"https:\/\/vieassociative.be\/actualites\/pogacar-avec-le-5e-triomphe-de-la-lombardie-comme-coppi-la-fait-autrefois-evenepoel-est-a-nouveau-deuxieme-et-best-of-the-rest\/#breadcrumb","itemListElement":[{"@type":"ListItem","position":1,"name":"Accueil","item":"https:\/\/vieassociative.be\/actualites\/"},{"@type":"ListItem","position":2,"name":"Pogacar avec le 5e triomphe de la Lombardie comme Coppi l&rsquo;a fait autrefois \u2013 Evenepoel est \u00e0 nouveau deuxi\u00e8me et \u00ab Best of the Rest \u00bb"}]},{"@type":"WebSite","@id":"https:\/\/vieassociative.be\/actualites\/#website","url":"https:\/\/vieassociative.be\/actualites\/","name":"Vie Associative","description":"","publisher":{"@id":"https:\/\/vieassociative.be\/actualites\/#organization"},"potentialAction":[{"@type":"SearchAction","target":{"@type":"EntryPoint","urlTemplate":"https:\/\/vieassociative.be\/actualites\/?s={search_term_string}"},"query-input":{"@type":"PropertyValueSpecification","valueRequired":true,"valueName":"search_term_string"}}],"inLanguage":"fr-BE"},{"@type":"Organization","@id":"https:\/\/vieassociative.be\/actualites\/#organization","name":"Vie Associative","url":"https:\/\/vieassociative.be\/actualites\/","logo":{"@type":"ImageObject","inLanguage":"fr-BE","@id":"https:\/\/vieassociative.be\/actualites\/#\/schema\/logo\/image\/","url":"https:\/\/vieassociative.be\/actualites\/wp-content\/uploads\/2024\/09\/cropped-vieassociative_favicon.ico.png","contentUrl":"https:\/\/vieassociative.be\/actualites\/wp-content\/uploads\/2024\/09\/cropped-vieassociative_favicon.ico.png","width":512,"height":512,"caption":"Vie Associative"},"image":{"@id":"https:\/\/vieassociative.be\/actualites\/#\/schema\/logo\/image\/"}},{"@type":"Person","@id":"https:\/\/vieassociative.be\/actualites\/#\/schema\/person\/b87ac4f82f9d4e7b7cec7395b679edc4","name":"Julien","image":{"@type":"ImageObject","inLanguage":"fr-BE","@id":"https:\/\/vieassociative.be\/actualites\/#\/schema\/person\/image\/","url":"https:\/\/vieassociative.be\/actualites\/wp-content\/uploads\/2024\/09\/vie-associative-1-150x150.jpg","contentUrl":"https:\/\/vieassociative.be\/actualites\/wp-content\/uploads\/2024\/09\/vie-associative-1-150x150.jpg","caption":"Julien"},"description":"Je suis Julien, r\u00e9dacteur pour Vie Associative. Passionn\u00e9 par le monde associatif depuis plus de 10 ans, j'ai \u00e0 c\u0153ur de partager des histoires inspirantes et de mettre en lumi\u00e8re les initiatives locales. Mon objectif est de sensibiliser et d'encourager l'engagement communautaire \u00e0 travers mes articles.","sameAs":["https:\/\/vieassociative.be\/"]}]}},"_links":{"self":[{"href":"https:\/\/vieassociative.be\/actualites\/wp-json\/wp\/v2\/posts\/10605"}],"collection":[{"href":"https:\/\/vieassociative.be\/actualites\/wp-json\/wp\/v2\/posts"}],"about":[{"href":"https:\/\/vieassociative.be\/actualites\/wp-json\/wp\/v2\/types\/post"}],"author":[{"embeddable":true,"href":"https:\/\/vieassociative.be\/actualites\/wp-json\/wp\/v2\/users\/1"}],"replies":[{"embeddable":true,"href":"https:\/\/vieassociative.be\/actualites\/wp-json\/wp\/v2\/comments?post=10605"}],"version-history":[{"count":0,"href":"https:\/\/vieassociative.be\/actualites\/wp-json\/wp\/v2\/posts\/10605\/revisions"}],"wp:featuredmedia":[{"embeddable":true,"href":"https:\/\/vieassociative.be\/actualites\/wp-json\/wp\/v2\/media\/10606"}],"wp:attachment":[{"href":"https:\/\/vieassociative.be\/actualites\/wp-json\/wp\/v2\/media?parent=10605"}],"wp:term":[{"taxonomy":"category","embeddable":true,"href":"https:\/\/vieassociative.be\/actualites\/wp-json\/wp\/v2\/categories?post=10605"},{"taxonomy":"post_tag","embeddable":true,"href":"https:\/\/vieassociative.be\/actualites\/wp-json\/wp\/v2\/tags?post=10605"}],"curies":[{"name":"wp","href":"https:\/\/api.w.org\/{rel}","templated":true}]}}