{"id":10603,"date":"2025-10-11T21:17:57","date_gmt":"2025-10-11T19:17:57","guid":{"rendered":"https:\/\/vieassociative.be\/actualites\/les-appareils-portables-cerebraux-sont-ils-lavenir-du-suivi-de-la-condition-physique\/"},"modified":"2025-10-11T21:17:57","modified_gmt":"2025-10-11T19:17:57","slug":"les-appareils-portables-cerebraux-sont-ils-lavenir-du-suivi-de-la-condition-physique","status":"publish","type":"post","link":"https:\/\/vieassociative.be\/actualites\/les-appareils-portables-cerebraux-sont-ils-lavenir-du-suivi-de-la-condition-physique\/","title":{"rendered":"Les appareils portables c\u00e9r\u00e9braux sont-ils l\u2019avenir du suivi de la condition physique\u00a0?"},"content":{"rendered":"<div class=\"mt-4 leading-6 md:mb-8\">Et si les \u00e9couteurs pouvaient lire dans vos pens\u00e9es comme une montre intelligente lit votre poignet ?<\/div>\n<p><\/p>\n<p><em>Saviez-vous que vous pouvez personnaliser Google pour filtrer les d\u00e9chets\u00a0? Suivez ces \u00e9tapes<\/em><em>  pour de meilleurs r\u00e9sultats de recherche, notamment en ajoutant Vie Associative comme source privil\u00e9gi\u00e9e d&rsquo;actualit\u00e9s technologiques<\/em><em>.<\/em><\/p>\n<hr>\n<p>Cette semaine, la startup neurotechnologique Neurable a lanc\u00e9 son casque MW75 Neuro avec un pitch assez s\u00e9duisant, que je n&rsquo;ach\u00e8te pas vraiment.<\/p>\n<p>Enfilez simplement cette paire d&rsquo;\u00e9couteurs et vous obtiendrez un acc\u00e8s sans pr\u00e9c\u00e9dent au fonctionnement interne de votre cerveau. Suivez votre concentration. Mesurez votre fatigue mentale. Quantifiez vos performances cognitives. C&rsquo;est cens\u00e9 \u00eatre la prochaine fronti\u00e8re du mouvement du soi quantifi\u00e9 : passer des pas et de la fr\u00e9quence cardiaque \u00e0 la source de donn\u00e9es la plus intime de toutes : vos ondes c\u00e9r\u00e9brales.<\/p>\n<div class=\"mx-auto mb-12 mt-5 w-full max-w-3xl rounded-md border-2 border-gray-100 p-3 shadow-md md:px-7 md:pb-7 md:pt-5\" id=\"related-video\">\n<div class=\"mb-3 flex items-center md:mb-5\">\n        <img decoding=\"async\" class=\"mr-4 mt-0 h-10 w-10 md:mr-5 md:h-12 md:w-12\" src=\"https:\/\/vieassociative.be\/actualites\/wp-content\/uploads\/2025\/09\/1757726237_608_Meta-pourrait-devoiler-une-montre-intelligente-pour-controler-ses-lunettes.jpg\" alt=\"Logo du pirate de la vie\"><\/p><\/div>\n<div class=\"aspect-video w-full overflow-hidden rounded-md\">\n<div id=\"video-container-01K7AAB80JPWX4C6N3JTDJNJ3G\"><\/div>\n<\/p><\/div>\n<\/div>\n<p>Si vous me demandez, une paire d\u2019\u00e9couteurs capables de lire dans vos pens\u00e9es semble soit trop belle pour \u00eatre vraie, soit trop effrayante pour \u00eatre bonne. Neurable n&rsquo;a pas l&rsquo;intention de s&rsquo;arr\u00eater aux \u00e9couteurs, et ils ne sont pas la seule entreprise \u00e0 se faire un nom dans le domaine. Lunettes, casques, etc. : la prochaine vague d\u2019appareils portables cible le cerveau. Que vous la trouviez tentante ou terrifiante, la vraie question : cette technologie est-elle r\u00e9ellement r\u00e9elle ? Les \u00e9couteurs de \u00ab suivi c\u00e9r\u00e9bral \u00bb peuvent-ils r\u00e9ellement mesurer quelque chose de significatif, ou les gens paient-ils 499 $ pour un placebo \u00e9labor\u00e9 envelopp\u00e9 dans des capteurs EEG ? <\/p>\n<p>Sans surprise, les r\u00e9ponses sont un peu rid\u00e9es. <\/p>\n<h2 id=\"what-are-brain-wearables-in-theory\">Que sont les appareils portables c\u00e9r\u00e9braux en th\u00e9orie\u00a0?<\/h2>\n<p>Le concept derri\u00e8re les appareils portables c\u00e9r\u00e9braux est le suivant\u00a0: \u00e0 l&rsquo;aide de capteurs d&rsquo;\u00e9lectroenc\u00e9phalographie (EEG) int\u00e9gr\u00e9s dans les \u00e9couteurs, des appareils comme le MW75 Neuro de Neurable pr\u00e9tendent suivre les signaux \u00e9lectriques de votre cerveau, les traduisant en informations exploitables sur votre \u00e9tat mental. Les \u00e9couteurs promettent de vous indiquer quand vous perdez votre concentration, quand vous avez besoin d&rsquo;une pause, et m\u00eame de fournir un \u00ab instantan\u00e9 cognitif \u00bb de la sant\u00e9 de votre cerveau au fil du temps.<\/p>\n<p>Pour les obs\u00e9d\u00e9s du bien-\u00eatre, c\u2019est plut\u00f4t de l\u2019herbe \u00e0 chat. L\u00e0 o\u00f9 les trackers de fitness nous ont donn\u00e9 une visibilit\u00e9 sur notre \u00e9tat physique, les wearables c\u00e9r\u00e9braux promettent d&rsquo;\u00e9clairer la bo\u00eete noire de nos performances mentales. En th\u00e9orie, vous pourriez optimiser non seulement votre routine d&rsquo;entra\u00eenement, mais aussi votre <em>travail<\/em>-routine de travail, attraper l&rsquo;\u00e9puisement professionnel avant qu&rsquo;il ne vous surprenne.<\/p>\n<p>Le probl\u00e8me, selon les experts en droit technologique et en neurosciences, est que nous sommes loin d\u2019\u00eatre pr\u00eats \u00e0 ce que cette technologie devienne courante, ni d\u2019un point de vue r\u00e9glementaire ni scientifique. Commen\u00e7ons par la science.<\/p>\n<h2 id=\"how-does-the-science-of-brain-wearables-hold-up\">Comment la science des wearables c\u00e9r\u00e9braux r\u00e9siste-t-elle ?<\/h2>\n<p>Avant d&rsquo;entrer dans le cauchemar assez \u00e9vident de la vie priv\u00e9e, il y a une question fondamentale de savoir si ces appareils peuvent r\u00e9ellement tenir leurs promesses.<\/p>\n<p>Jos\u00e9 M. Mu\u00f1oz, associ\u00e9 au Centre de neurotechnologie et de droit au Royaume-Uni et au Centre international de neurosciences et d&rsquo;\u00e9thique en Espagne, est sans d\u00e9tour dans son \u00e9valuation : \u00ab\u00a0Pendant des ann\u00e9es, il y a eu un d\u00e9bat en cours concernant l&rsquo;efficacit\u00e9, l&rsquo;exactitude et les d\u00e9fis des neurotechnologies destin\u00e9es directement au consommateur, comme ce nouvel appareil de Neurable\u00a0\u00bb, explique-t-il. \u00ab\u00a0M\u00eame s&rsquo;il est vrai que les algorithmes analysant les donn\u00e9es c\u00e9r\u00e9brales collect\u00e9es via l&rsquo;EEG s&rsquo;am\u00e9liorent r\u00e9guli\u00e8rement, cela reste une neurotechnologie encore insuffisamment pr\u00e9cise en dehors d&rsquo;un cadre m\u00e9dical ou clinique.\u00a0\u00bb<\/p>\n<p>Les probl\u00e8mes sont \u00e0 la fois techniques et pratiques. La qualit\u00e9 des donn\u00e9es EEG est extr\u00eamement sensible au placement des \u00e9lectrodes, parfois dans une plage de millim\u00e8tres. Lorsque les utilisateurs placent eux-m\u00eames ces capteurs, sans surveillance m\u00e9dicale, leur fiabilit\u00e9 s\u2019effondre. De plus, les \u00e9tudes EEG les plus pr\u00e9cises utilisent beaucoup plus d\u2019\u00e9lectrodes que les quelques \u00e9lectrodes int\u00e9gr\u00e9es dans une paire d\u2019\u00e9couteurs.<\/p>\n<p>\u00ab\u00a0En r\u00e9sum\u00e9, vous portez peut-\u00eatre ces \u00e9couteurs et pensez qu&rsquo;ils contribuent \u00e0 am\u00e9liorer votre sant\u00e9 mentale, vos performances physiques ou votre attention\u00a0\u00bb, explique Mu\u00f1oz. \u00ab\u00a0Mais ce que vous am\u00e9liorez r\u00e9ellement, ce sont les algorithmes du fabricant, tout en transf\u00e9rant les donn\u00e9es de votre cerveau en \u00e9change de tr\u00e8s peu.\u00a0\u00bb<\/p>\n<p>En d\u2019autres termes, c\u2019est une histoire technologique vieille comme le temps : vous n\u2019\u00eates pas le client servi par cette technologie. Vous \u00eates la source de donn\u00e9es qui l&rsquo;entra\u00eene.<\/p>\n<p>Le Dr Annu Navani offre une perspective plus mesur\u00e9e. Elle reconna\u00eet que les dispositifs portables c\u00e9r\u00e9braux ont \u00ab des limites importantes, notamment le fait qu&rsquo;ils sont actuellement chers, moins valid\u00e9s cliniquement et moins pratiques ou confortables que les trackers port\u00e9s au poignet \u00bb. Les mesures qu&rsquo;ils fournissent sont \u00e9galement plus difficiles \u00e0 traduire en conseils pratiques\u00a0: la plupart des gens comprennent intuitivement quoi faire avec leur nombre de pas, mais quelle action devez-vous entreprendre lorsque votre \u00ab score de charge cognitive \u00bb atteint 73\u00a0?<\/p>\n<p>Plut\u00f4t que de remplacer les trackers de fitness traditionnels, Navani pense que les appareils portables c\u00e9r\u00e9braux \u00ab compl\u00e9teront plut\u00f4t que remplaceront les appareils conventionnels, ciblant une niche d&rsquo;utilisateurs int\u00e9ress\u00e9s par les informations cognitives et neuro-performances \u00bb. Les appareils portables traditionnels, souligne-t-elle, fournissent toujours des donn\u00e9es fiables et valid\u00e9es sur les mesures de sant\u00e9 de base que les utilisateurs peuvent facilement comprendre et appliquer.<\/p>\n<h2 id=\"who-is-really-reading-your-mind-here\">Qui lit vraiment dans vos pens\u00e9es ici ?<\/h2>\n<p>Pensez-y (et savourez peut-\u00eatre le fait qu&rsquo;aucun casque ne parvienne \u00e0 lire ces pens\u00e9es)\u00a0: vos donn\u00e9es d&rsquo;ondes c\u00e9r\u00e9brales sont sans doute les informations biom\u00e9triques les plus intimes que vous poss\u00e9dez. Nous parlons d&rsquo;une fen\u00eatre sur vos \u00e9tats mentaux et \u00e9motionnels. Alors, que se passe-t-il lorsque vous abandonnez volontairement ces donn\u00e9es sans aucune surveillance significative\u00a0? <\/p>\n<p>\u00ab\u00a0J&rsquo;esp\u00e8re que les appareils portables c\u00e9r\u00e9braux ne sont pas l&rsquo;avenir du suivi de la condition physique, ou de toute autre industrie, du moins certainement pas encore et pas de si t\u00f4t\u00a0\u00bb, d\u00e9clare Star Kashman, avocat sp\u00e9cialis\u00e9 en technologie et associ\u00e9 fondateur d&rsquo;un cabinet d&rsquo;avocats en cybers\u00e9curit\u00e9. \u00ab\u00a0Nous sommes toujours confront\u00e9s, d&rsquo;une mani\u00e8re ou d&rsquo;une autre, \u00e0 une absence totale de r\u00e9glementation f\u00e9d\u00e9rale aux \u00c9tats-Unis en mati\u00e8re de donn\u00e9es biom\u00e9triques, de loi sur la confidentialit\u00e9 des donn\u00e9es, et de normes de cybers\u00e9curit\u00e9 minimales, voire inexistantes, pour ces appareils, et d&rsquo;aucune r\u00e9glementation de protection pour les utilisateurs.\u00a0\u00bb<\/p>\n<p>Les implications sont flagrantes : \u00ab Que se passe-t-il lorsqu\u2019un \u00ab appareil portable c\u00e9r\u00e9bral \u00bb est pirat\u00e9 ? \u00bb demande Kashman. L\u2019absence de r\u00e9glementation signifie que les utilisateurs ont peu de recours et une connaissance limit\u00e9e de la mani\u00e8re dont leurs donn\u00e9es neuronales sont stock\u00e9es, utilis\u00e9es ou potentiellement vendues.<\/p>\n<p>Au-del\u00e0 de la r\u00e9glementation, les consommateurs individuels ont toujours leurs propres pr\u00e9occupations en mati\u00e8re de confidentialit\u00e9. Le type de consommateur pr\u00eat \u00e0 d\u00e9penser des centaines de dollars en \u00e9couteurs pourrait bien \u00eatre le m\u00eame type de personne qui n\u2019est pas \u00e0 l\u2019aise avec une surveillance constante. \u00ab\u00a0\u00c0 moins que quelqu&rsquo;un ne soit tellement obs\u00e9d\u00e9 par l&rsquo;optimisation de son parcours de remise en forme qu&rsquo;il ignore les risques s\u00e9rieux pr\u00e9sents, je ne vois tout simplement pas que cela devienne la norme de si t\u00f4t\u00a0\u00bb, note Kashman. Il suffit de regarder la volont\u00e9 de Meta de proposer des lunettes intelligentes. La technologie doit \u00eatre performante et pr\u00eate avant que les consommateurs ne perdent des centaines de dollars et risquent leurs informations corporelles les plus priv\u00e9es. <\/p>\n<h2 id=\"the-bottom-line\">L&rsquo;essentiel<\/h2>\n<p>Donc, en termes simples, au moment de cette publication, j&rsquo;ai demand\u00e9 avec mes propres ondes c\u00e9r\u00e9brales\u00a0: les appareils portables c\u00e9r\u00e9braux sont-ils l&rsquo;avenir du suivi de la condition physique\u00a0? Certainement pas comme l\u2019esp\u00e8rent leurs fabricants. La technologie est trop immature, le paysage r\u00e9glementaire trop st\u00e9rile et la m\u00e9fiance des consommateurs trop grande pour que ces appareils commencent \u00e0 appara\u00eetre comme les Fitbits demain. <\/p>\n<p>Je dirais que ce \u00e0 quoi nous assistons est plut\u00f4t le mod\u00e8le familier de l&rsquo;industrie du bien-\u00eatre\u00a0: un v\u00e9ritable d\u00e9veloppement technologique (la surveillance EEG fonctionne dans des environnements contr\u00f4l\u00e9s\u00a0!) commercialis\u00e9 et commercialis\u00e9 pr\u00e9matur\u00e9ment avec des promesses qui d\u00e9passent totalement la r\u00e9alit\u00e9. Le r\u00e9sultat est un produit co\u00fbteux qui peut fournir \u00e0 certains utilisateurs des donn\u00e9es int\u00e9ressantes, mais qui offre probablement plus de placebo que de perc\u00e9e.<\/p>\n<p>Pour l\u2019instant, les dispositifs portables c\u00e9r\u00e9braux occupent une position d\u00e9licate : trop invasifs pour les utilisateurs occasionnels, trop peu \u00e9prouv\u00e9s pour des applications s\u00e9rieuses et trop non r\u00e9glement\u00e9s pour qu\u2019on puisse leur faire confiance. Ils ont peut-\u00eatre un avenir, mais ce n&rsquo;est pas celui-l\u00e0 \u2013 pas tant que la science ne rattrapera pas le marketing et que la loi ne rattrapera pas les deux.<\/p>\n<p>En attendant, votre tracker d&rsquo;activit\u00e9 habituel mesure-t-il votre fr\u00e9quence cardiaque et vos pas\u00a0? Cela vous donne probablement plus d\u2019informations utiles sur votre sant\u00e9 que n\u2019importe quel casque lisant vos ondes c\u00e9r\u00e9brales.<\/p>\n","protected":false},"excerpt":{"rendered":"<p>Et si les \u00e9couteurs pouvaient lire dans vos pens\u00e9es comme une montre intelligente lit votre poignet ? Saviez-vous que vous pouvez personnaliser Google pour filtrer<\/p>\n","protected":false},"author":1,"featured_media":10604,"comment_status":"","ping_status":"","sticky":false,"template":"","format":"standard","meta":{"footnotes":""},"categories":[38],"tags":[451,8860,8861,2274,14,4665,427,4261,4473],"class_list":["post-10603","post","type-post","status-publish","format-standard","has-post-thumbnail","hentry","category-sante","tag-appareils","tag-cerebraux","tag-condition","tag-lavenir","tag-les","tag-physique","tag-portables","tag-sontils","tag-suivi","generate-columns","tablet-grid-50","mobile-grid-100","grid-parent","grid-33"],"yoast_head":"<!-- This site is optimized with the Yoast SEO plugin v24.0 - https:\/\/yoast.com\/wordpress\/plugins\/seo\/ -->\n<title>Les appareils portables c\u00e9r\u00e9braux sont-ils l\u2019avenir du suivi de la condition physique\u00a0? | Vie Associative<\/title>\n<meta name=\"robots\" content=\"index, follow, max-snippet:-1, max-image-preview:large, max-video-preview:-1\" \/>\n<link rel=\"canonical\" href=\"https:\/\/vieassociative.be\/actualites\/les-appareils-portables-cerebraux-sont-ils-lavenir-du-suivi-de-la-condition-physique\/\" \/>\n<meta property=\"og:locale\" content=\"fr_FR\" \/>\n<meta property=\"og:type\" content=\"article\" \/>\n<meta property=\"og:title\" content=\"Les appareils portables c\u00e9r\u00e9braux sont-ils l\u2019avenir du suivi de la condition physique\u00a0? | Vie Associative\" \/>\n<meta property=\"og:description\" content=\"Et si les \u00e9couteurs pouvaient lire dans vos pens\u00e9es comme une montre intelligente lit votre poignet ? Saviez-vous que vous pouvez personnaliser Google pour filtrer\" \/>\n<meta property=\"og:url\" content=\"https:\/\/vieassociative.be\/actualites\/les-appareils-portables-cerebraux-sont-ils-lavenir-du-suivi-de-la-condition-physique\/\" \/>\n<meta property=\"og:site_name\" content=\"Vie Associative\" \/>\n<meta property=\"article:published_time\" content=\"2025-10-11T19:17:57+00:00\" \/>\n<meta property=\"og:image\" content=\"https:\/\/vieassociative.be\/actualites\/wp-content\/uploads\/2025\/09\/1757726237_608_Meta-pourrait-devoiler-une-montre-intelligente-pour-controler-ses-lunettes.jpg\" \/>\n<meta name=\"author\" content=\"Julien\" \/>\n<meta name=\"twitter:card\" content=\"summary_large_image\" \/>\n<meta name=\"twitter:label1\" content=\"\u00c9crit par\" \/>\n\t<meta name=\"twitter:data1\" content=\"Julien\" \/>\n\t<meta name=\"twitter:label2\" content=\"Dur\u00e9e de lecture est.\" \/>\n\t<meta name=\"twitter:data2\" content=\"8 minutes\" \/>\n<script type=\"application\/ld+json\" class=\"yoast-schema-graph\">{\"@context\":\"https:\/\/schema.org\",\"@graph\":[{\"@type\":\"Article\",\"@id\":\"https:\/\/vieassociative.be\/actualites\/les-appareils-portables-cerebraux-sont-ils-lavenir-du-suivi-de-la-condition-physique\/#article\",\"isPartOf\":{\"@id\":\"https:\/\/vieassociative.be\/actualites\/les-appareils-portables-cerebraux-sont-ils-lavenir-du-suivi-de-la-condition-physique\/\"},\"author\":{\"name\":\"Julien\",\"@id\":\"https:\/\/vieassociative.be\/actualites\/#\/schema\/person\/b87ac4f82f9d4e7b7cec7395b679edc4\"},\"headline\":\"Les appareils portables c\u00e9r\u00e9braux sont-ils l\u2019avenir du suivi de la condition physique\u00a0?\",\"datePublished\":\"2025-10-11T19:17:57+00:00\",\"dateModified\":\"2025-10-11T19:17:57+00:00\",\"mainEntityOfPage\":{\"@id\":\"https:\/\/vieassociative.be\/actualites\/les-appareils-portables-cerebraux-sont-ils-lavenir-du-suivi-de-la-condition-physique\/\"},\"wordCount\":1623,\"publisher\":{\"@id\":\"https:\/\/vieassociative.be\/actualites\/#organization\"},\"image\":{\"@id\":\"https:\/\/vieassociative.be\/actualites\/les-appareils-portables-cerebraux-sont-ils-lavenir-du-suivi-de-la-condition-physique\/#primaryimage\"},\"thumbnailUrl\":\"https:\/\/vieassociative.be\/actualites\/wp-content\/uploads\/2025\/10\/Les-appareils-portables-cerebraux-sont-ils-lavenir-du-suivi-de-la.jpg\",\"keywords\":[\"appareils\",\"c\u00e9r\u00e9braux\",\"condition\",\"lavenir\",\"Les\",\"physique\",\"portables\",\"sontils\",\"suivi\"],\"articleSection\":[\"Sant\u00e9\"],\"inLanguage\":\"fr-BE\"},{\"@type\":\"WebPage\",\"@id\":\"https:\/\/vieassociative.be\/actualites\/les-appareils-portables-cerebraux-sont-ils-lavenir-du-suivi-de-la-condition-physique\/\",\"url\":\"https:\/\/vieassociative.be\/actualites\/les-appareils-portables-cerebraux-sont-ils-lavenir-du-suivi-de-la-condition-physique\/\",\"name\":\"Les appareils portables c\u00e9r\u00e9braux sont-ils l\u2019avenir du suivi de la condition physique\u00a0? | Vie Associative\",\"isPartOf\":{\"@id\":\"https:\/\/vieassociative.be\/actualites\/#website\"},\"primaryImageOfPage\":{\"@id\":\"https:\/\/vieassociative.be\/actualites\/les-appareils-portables-cerebraux-sont-ils-lavenir-du-suivi-de-la-condition-physique\/#primaryimage\"},\"image\":{\"@id\":\"https:\/\/vieassociative.be\/actualites\/les-appareils-portables-cerebraux-sont-ils-lavenir-du-suivi-de-la-condition-physique\/#primaryimage\"},\"thumbnailUrl\":\"https:\/\/vieassociative.be\/actualites\/wp-content\/uploads\/2025\/10\/Les-appareils-portables-cerebraux-sont-ils-lavenir-du-suivi-de-la.jpg\",\"datePublished\":\"2025-10-11T19:17:57+00:00\",\"dateModified\":\"2025-10-11T19:17:57+00:00\",\"breadcrumb\":{\"@id\":\"https:\/\/vieassociative.be\/actualites\/les-appareils-portables-cerebraux-sont-ils-lavenir-du-suivi-de-la-condition-physique\/#breadcrumb\"},\"inLanguage\":\"fr-BE\",\"potentialAction\":[{\"@type\":\"ReadAction\",\"target\":[\"https:\/\/vieassociative.be\/actualites\/les-appareils-portables-cerebraux-sont-ils-lavenir-du-suivi-de-la-condition-physique\/\"]}]},{\"@type\":\"ImageObject\",\"inLanguage\":\"fr-BE\",\"@id\":\"https:\/\/vieassociative.be\/actualites\/les-appareils-portables-cerebraux-sont-ils-lavenir-du-suivi-de-la-condition-physique\/#primaryimage\",\"url\":\"https:\/\/vieassociative.be\/actualites\/wp-content\/uploads\/2025\/10\/Les-appareils-portables-cerebraux-sont-ils-lavenir-du-suivi-de-la.jpg\",\"contentUrl\":\"https:\/\/vieassociative.be\/actualites\/wp-content\/uploads\/2025\/10\/Les-appareils-portables-cerebraux-sont-ils-lavenir-du-suivi-de-la.jpg\",\"width\":1200,\"height\":675,\"caption\":\"Les appareils portables c\u00e9r\u00e9braux sont-ils l\u2019avenir du suivi de la condition physique\u00a0?\"},{\"@type\":\"BreadcrumbList\",\"@id\":\"https:\/\/vieassociative.be\/actualites\/les-appareils-portables-cerebraux-sont-ils-lavenir-du-suivi-de-la-condition-physique\/#breadcrumb\",\"itemListElement\":[{\"@type\":\"ListItem\",\"position\":1,\"name\":\"Accueil\",\"item\":\"https:\/\/vieassociative.be\/actualites\/\"},{\"@type\":\"ListItem\",\"position\":2,\"name\":\"Les appareils portables c\u00e9r\u00e9braux sont-ils l\u2019avenir du suivi de la condition physique\u00a0?\"}]},{\"@type\":\"WebSite\",\"@id\":\"https:\/\/vieassociative.be\/actualites\/#website\",\"url\":\"https:\/\/vieassociative.be\/actualites\/\",\"name\":\"Vie Associative\",\"description\":\"\",\"publisher\":{\"@id\":\"https:\/\/vieassociative.be\/actualites\/#organization\"},\"potentialAction\":[{\"@type\":\"SearchAction\",\"target\":{\"@type\":\"EntryPoint\",\"urlTemplate\":\"https:\/\/vieassociative.be\/actualites\/?s={search_term_string}\"},\"query-input\":{\"@type\":\"PropertyValueSpecification\",\"valueRequired\":true,\"valueName\":\"search_term_string\"}}],\"inLanguage\":\"fr-BE\"},{\"@type\":\"Organization\",\"@id\":\"https:\/\/vieassociative.be\/actualites\/#organization\",\"name\":\"Vie Associative\",\"url\":\"https:\/\/vieassociative.be\/actualites\/\",\"logo\":{\"@type\":\"ImageObject\",\"inLanguage\":\"fr-BE\",\"@id\":\"https:\/\/vieassociative.be\/actualites\/#\/schema\/logo\/image\/\",\"url\":\"https:\/\/vieassociative.be\/actualites\/wp-content\/uploads\/2024\/09\/cropped-vieassociative_favicon.ico.png\",\"contentUrl\":\"https:\/\/vieassociative.be\/actualites\/wp-content\/uploads\/2024\/09\/cropped-vieassociative_favicon.ico.png\",\"width\":512,\"height\":512,\"caption\":\"Vie Associative\"},\"image\":{\"@id\":\"https:\/\/vieassociative.be\/actualites\/#\/schema\/logo\/image\/\"}},{\"@type\":\"Person\",\"@id\":\"https:\/\/vieassociative.be\/actualites\/#\/schema\/person\/b87ac4f82f9d4e7b7cec7395b679edc4\",\"name\":\"Julien\",\"image\":{\"@type\":\"ImageObject\",\"inLanguage\":\"fr-BE\",\"@id\":\"https:\/\/vieassociative.be\/actualites\/#\/schema\/person\/image\/\",\"url\":\"https:\/\/vieassociative.be\/actualites\/wp-content\/uploads\/2024\/09\/vie-associative-1-150x150.jpg\",\"contentUrl\":\"https:\/\/vieassociative.be\/actualites\/wp-content\/uploads\/2024\/09\/vie-associative-1-150x150.jpg\",\"caption\":\"Julien\"},\"description\":\"Je suis Julien, r\u00e9dacteur pour Vie Associative. Passionn\u00e9 par le monde associatif depuis plus de 10 ans, j'ai \u00e0 c\u0153ur de partager des histoires inspirantes et de mettre en lumi\u00e8re les initiatives locales. Mon objectif est de sensibiliser et d'encourager l'engagement communautaire \u00e0 travers mes articles.\",\"sameAs\":[\"https:\/\/vieassociative.be\/\"]}]}<\/script>\n<!-- \/ Yoast SEO plugin. -->","yoast_head_json":{"title":"Les appareils portables c\u00e9r\u00e9braux sont-ils l\u2019avenir du suivi de la condition physique\u00a0? | Vie Associative","robots":{"index":"index","follow":"follow","max-snippet":"max-snippet:-1","max-image-preview":"max-image-preview:large","max-video-preview":"max-video-preview:-1"},"canonical":"https:\/\/vieassociative.be\/actualites\/les-appareils-portables-cerebraux-sont-ils-lavenir-du-suivi-de-la-condition-physique\/","og_locale":"fr_FR","og_type":"article","og_title":"Les appareils portables c\u00e9r\u00e9braux sont-ils l\u2019avenir du suivi de la condition physique\u00a0? | Vie Associative","og_description":"Et si les \u00e9couteurs pouvaient lire dans vos pens\u00e9es comme une montre intelligente lit votre poignet ? Saviez-vous que vous pouvez personnaliser Google pour filtrer","og_url":"https:\/\/vieassociative.be\/actualites\/les-appareils-portables-cerebraux-sont-ils-lavenir-du-suivi-de-la-condition-physique\/","og_site_name":"Vie Associative","article_published_time":"2025-10-11T19:17:57+00:00","og_image":[{"url":"https:\/\/vieassociative.be\/actualites\/wp-content\/uploads\/2025\/09\/1757726237_608_Meta-pourrait-devoiler-une-montre-intelligente-pour-controler-ses-lunettes.jpg","type":"","width":"","height":""}],"author":"Julien","twitter_card":"summary_large_image","twitter_misc":{"\u00c9crit par":"Julien","Dur\u00e9e de lecture est.":"8 minutes"},"schema":{"@context":"https:\/\/schema.org","@graph":[{"@type":"Article","@id":"https:\/\/vieassociative.be\/actualites\/les-appareils-portables-cerebraux-sont-ils-lavenir-du-suivi-de-la-condition-physique\/#article","isPartOf":{"@id":"https:\/\/vieassociative.be\/actualites\/les-appareils-portables-cerebraux-sont-ils-lavenir-du-suivi-de-la-condition-physique\/"},"author":{"name":"Julien","@id":"https:\/\/vieassociative.be\/actualites\/#\/schema\/person\/b87ac4f82f9d4e7b7cec7395b679edc4"},"headline":"Les appareils portables c\u00e9r\u00e9braux sont-ils l\u2019avenir du suivi de la condition physique\u00a0?","datePublished":"2025-10-11T19:17:57+00:00","dateModified":"2025-10-11T19:17:57+00:00","mainEntityOfPage":{"@id":"https:\/\/vieassociative.be\/actualites\/les-appareils-portables-cerebraux-sont-ils-lavenir-du-suivi-de-la-condition-physique\/"},"wordCount":1623,"publisher":{"@id":"https:\/\/vieassociative.be\/actualites\/#organization"},"image":{"@id":"https:\/\/vieassociative.be\/actualites\/les-appareils-portables-cerebraux-sont-ils-lavenir-du-suivi-de-la-condition-physique\/#primaryimage"},"thumbnailUrl":"https:\/\/vieassociative.be\/actualites\/wp-content\/uploads\/2025\/10\/Les-appareils-portables-cerebraux-sont-ils-lavenir-du-suivi-de-la.jpg","keywords":["appareils","c\u00e9r\u00e9braux","condition","lavenir","Les","physique","portables","sontils","suivi"],"articleSection":["Sant\u00e9"],"inLanguage":"fr-BE"},{"@type":"WebPage","@id":"https:\/\/vieassociative.be\/actualites\/les-appareils-portables-cerebraux-sont-ils-lavenir-du-suivi-de-la-condition-physique\/","url":"https:\/\/vieassociative.be\/actualites\/les-appareils-portables-cerebraux-sont-ils-lavenir-du-suivi-de-la-condition-physique\/","name":"Les appareils portables c\u00e9r\u00e9braux sont-ils l\u2019avenir du suivi de la condition physique\u00a0? | Vie Associative","isPartOf":{"@id":"https:\/\/vieassociative.be\/actualites\/#website"},"primaryImageOfPage":{"@id":"https:\/\/vieassociative.be\/actualites\/les-appareils-portables-cerebraux-sont-ils-lavenir-du-suivi-de-la-condition-physique\/#primaryimage"},"image":{"@id":"https:\/\/vieassociative.be\/actualites\/les-appareils-portables-cerebraux-sont-ils-lavenir-du-suivi-de-la-condition-physique\/#primaryimage"},"thumbnailUrl":"https:\/\/vieassociative.be\/actualites\/wp-content\/uploads\/2025\/10\/Les-appareils-portables-cerebraux-sont-ils-lavenir-du-suivi-de-la.jpg","datePublished":"2025-10-11T19:17:57+00:00","dateModified":"2025-10-11T19:17:57+00:00","breadcrumb":{"@id":"https:\/\/vieassociative.be\/actualites\/les-appareils-portables-cerebraux-sont-ils-lavenir-du-suivi-de-la-condition-physique\/#breadcrumb"},"inLanguage":"fr-BE","potentialAction":[{"@type":"ReadAction","target":["https:\/\/vieassociative.be\/actualites\/les-appareils-portables-cerebraux-sont-ils-lavenir-du-suivi-de-la-condition-physique\/"]}]},{"@type":"ImageObject","inLanguage":"fr-BE","@id":"https:\/\/vieassociative.be\/actualites\/les-appareils-portables-cerebraux-sont-ils-lavenir-du-suivi-de-la-condition-physique\/#primaryimage","url":"https:\/\/vieassociative.be\/actualites\/wp-content\/uploads\/2025\/10\/Les-appareils-portables-cerebraux-sont-ils-lavenir-du-suivi-de-la.jpg","contentUrl":"https:\/\/vieassociative.be\/actualites\/wp-content\/uploads\/2025\/10\/Les-appareils-portables-cerebraux-sont-ils-lavenir-du-suivi-de-la.jpg","width":1200,"height":675,"caption":"Les appareils portables c\u00e9r\u00e9braux sont-ils l\u2019avenir du suivi de la condition physique\u00a0?"},{"@type":"BreadcrumbList","@id":"https:\/\/vieassociative.be\/actualites\/les-appareils-portables-cerebraux-sont-ils-lavenir-du-suivi-de-la-condition-physique\/#breadcrumb","itemListElement":[{"@type":"ListItem","position":1,"name":"Accueil","item":"https:\/\/vieassociative.be\/actualites\/"},{"@type":"ListItem","position":2,"name":"Les appareils portables c\u00e9r\u00e9braux sont-ils l\u2019avenir du suivi de la condition physique\u00a0?"}]},{"@type":"WebSite","@id":"https:\/\/vieassociative.be\/actualites\/#website","url":"https:\/\/vieassociative.be\/actualites\/","name":"Vie Associative","description":"","publisher":{"@id":"https:\/\/vieassociative.be\/actualites\/#organization"},"potentialAction":[{"@type":"SearchAction","target":{"@type":"EntryPoint","urlTemplate":"https:\/\/vieassociative.be\/actualites\/?s={search_term_string}"},"query-input":{"@type":"PropertyValueSpecification","valueRequired":true,"valueName":"search_term_string"}}],"inLanguage":"fr-BE"},{"@type":"Organization","@id":"https:\/\/vieassociative.be\/actualites\/#organization","name":"Vie Associative","url":"https:\/\/vieassociative.be\/actualites\/","logo":{"@type":"ImageObject","inLanguage":"fr-BE","@id":"https:\/\/vieassociative.be\/actualites\/#\/schema\/logo\/image\/","url":"https:\/\/vieassociative.be\/actualites\/wp-content\/uploads\/2024\/09\/cropped-vieassociative_favicon.ico.png","contentUrl":"https:\/\/vieassociative.be\/actualites\/wp-content\/uploads\/2024\/09\/cropped-vieassociative_favicon.ico.png","width":512,"height":512,"caption":"Vie Associative"},"image":{"@id":"https:\/\/vieassociative.be\/actualites\/#\/schema\/logo\/image\/"}},{"@type":"Person","@id":"https:\/\/vieassociative.be\/actualites\/#\/schema\/person\/b87ac4f82f9d4e7b7cec7395b679edc4","name":"Julien","image":{"@type":"ImageObject","inLanguage":"fr-BE","@id":"https:\/\/vieassociative.be\/actualites\/#\/schema\/person\/image\/","url":"https:\/\/vieassociative.be\/actualites\/wp-content\/uploads\/2024\/09\/vie-associative-1-150x150.jpg","contentUrl":"https:\/\/vieassociative.be\/actualites\/wp-content\/uploads\/2024\/09\/vie-associative-1-150x150.jpg","caption":"Julien"},"description":"Je suis Julien, r\u00e9dacteur pour Vie Associative. Passionn\u00e9 par le monde associatif depuis plus de 10 ans, j'ai \u00e0 c\u0153ur de partager des histoires inspirantes et de mettre en lumi\u00e8re les initiatives locales. Mon objectif est de sensibiliser et d'encourager l'engagement communautaire \u00e0 travers mes articles.","sameAs":["https:\/\/vieassociative.be\/"]}]}},"_links":{"self":[{"href":"https:\/\/vieassociative.be\/actualites\/wp-json\/wp\/v2\/posts\/10603"}],"collection":[{"href":"https:\/\/vieassociative.be\/actualites\/wp-json\/wp\/v2\/posts"}],"about":[{"href":"https:\/\/vieassociative.be\/actualites\/wp-json\/wp\/v2\/types\/post"}],"author":[{"embeddable":true,"href":"https:\/\/vieassociative.be\/actualites\/wp-json\/wp\/v2\/users\/1"}],"replies":[{"embeddable":true,"href":"https:\/\/vieassociative.be\/actualites\/wp-json\/wp\/v2\/comments?post=10603"}],"version-history":[{"count":0,"href":"https:\/\/vieassociative.be\/actualites\/wp-json\/wp\/v2\/posts\/10603\/revisions"}],"wp:featuredmedia":[{"embeddable":true,"href":"https:\/\/vieassociative.be\/actualites\/wp-json\/wp\/v2\/media\/10604"}],"wp:attachment":[{"href":"https:\/\/vieassociative.be\/actualites\/wp-json\/wp\/v2\/media?parent=10603"}],"wp:term":[{"taxonomy":"category","embeddable":true,"href":"https:\/\/vieassociative.be\/actualites\/wp-json\/wp\/v2\/categories?post=10603"},{"taxonomy":"post_tag","embeddable":true,"href":"https:\/\/vieassociative.be\/actualites\/wp-json\/wp\/v2\/tags?post=10603"}],"curies":[{"name":"wp","href":"https:\/\/api.w.org\/{rel}","templated":true}]}}