{"id":10601,"date":"2025-10-11T16:17:08","date_gmt":"2025-10-11T14:17:08","guid":{"rendered":"https:\/\/vieassociative.be\/actualites\/qui-sont-les-20-otages-de-gaza-encore-en-vie\/"},"modified":"2025-10-11T16:17:08","modified_gmt":"2025-10-11T14:17:08","slug":"qui-sont-les-20-otages-de-gaza-encore-en-vie","status":"publish","type":"post","link":"https:\/\/vieassociative.be\/actualites\/qui-sont-les-20-otages-de-gaza-encore-en-vie\/","title":{"rendered":"Qui sont les 20 otages de Gaza encore en vie ?"},"content":{"rendered":"<p><strong>S\u00e9par\u00e9s, encha\u00een\u00e9s, tortur\u00e9s : les derniers rapports des otages de Gaza donnent une id\u00e9e de ce que vivent les 20 hommes encore en vie. Quel destin fait bouger le pays.<\/strong><\/p>\n<p><span id=\"more-426805\"><\/span>Dans le cadre de l&rsquo;accord de cessez-le-feu dans la guerre \u00e0 Gaza, tous les otages enlev\u00e9s par les islamistes devraient d\u00e9sormais \u00eatre lib\u00e9r\u00e9s rapidement. Selon les m\u00e9dias isra\u00e9liens, les hommes pourraient revenir d\u00e8s dimanche. Le pr\u00e9sident am\u00e9ricain Donald Trump a d\u00e9clar\u00e9 qu&rsquo;il s&rsquo;attend \u00e0 ce que la passation de pouvoir ait lieu lundi ou mardi.<\/p>\n<p>Au total, 48 personnes sont toujours sous le contr\u00f4le de l&rsquo;organisation terroriste Hamas dans la bande de Gaza, dont 20 seraient encore en vie. Ils sont d\u00e9tenus dans des conditions cruelles : les otages lib\u00e9r\u00e9s ont signal\u00e9 des actes de torture, de graves mauvais traitements, la famine et de mauvaises conditions d&rsquo;hygi\u00e8ne.<\/p>\n<div id=\"attachment_426810\" class=\"wp-caption alignleft\" style=\"max-width: 300px\"><img fetchpriority=\"high\" decoding=\"async\" class=\"wp-image-426810 size-medium\" src=\"https:\/\/vieassociative.be\/actualites\/wp-content\/uploads\/2025\/10\/Qui-sont-les-20-otages-de-Gaza-encore-en-vie.jpg\" alt=\"\" width=\"300\" height=\"200\"><\/div>\n<p>Qui sont les hommes kidnapp\u00e9s lors de l&rsquo;attaque de l&rsquo;organisation terroriste Hamas contre Isra\u00ebl le 7 octobre 2023 ?<\/p>\n<p><strong>\u2013 Gali et Ziv Berman :<\/strong> Des terroristes ont kidnapp\u00e9 les deux fr\u00e8res jumeaux de 28 ans, \u00e9galement citoyens allemands, dans une ville frontali\u00e8re isra\u00e9lienne. Les deux doivent \u00eatre tenus s\u00e9par\u00e9ment l\u2019un de l\u2019autre.<\/p>\n<p><strong>\u2013 Alon Ohel :<\/strong> L&rsquo;Allemand-Isra\u00e9lien a \u00e9t\u00e9 bless\u00e9 apr\u00e8s s&rsquo;\u00eatre \u00e9chapp\u00e9 du festival Nova pour se r\u00e9fugier dans un refuge terroriste et pourrait avoir \u00e9t\u00e9 aveugl\u00e9 d&rsquo;un \u0153il. Le pianiste de 24 ans aurait \u00e9t\u00e9 encha\u00een\u00e9 alors qu&rsquo;il \u00e9tait retenu en otage.<\/p>\n<p><strong>\u2013 Matan Zangauker :<\/strong> Alors que sa compagne, \u00e9galement enlev\u00e9e, a d\u00e9j\u00e0 \u00e9t\u00e9 lib\u00e9r\u00e9e, le jeune homme de 25 ans est toujours retenu en otage. Sa m\u00e8re est l\u2019une des proches otages les plus connues et une critique acerbe du gouvernement.<\/p>\n<p><strong>\u2013 Ariel et David Cunio :<\/strong> Ariel (28 ans) et David Cunio (35 ans) ont \u00e9t\u00e9 enlev\u00e9s avec d&rsquo;autres proches, dont les filles de David, aujourd&rsquo;hui \u00e2g\u00e9es de cinq ans. \u00c0 l&rsquo;exception des fr\u00e8res, tous ont \u00e9t\u00e9 lib\u00e9r\u00e9s. Lors de la Berlinale de cette ann\u00e9e, des acteurs allemands de renom ont attir\u00e9 l&rsquo;attention sur le sort de l&rsquo;acteur David Cunio, repr\u00e9sent\u00e9 dans un film \u00e0 la Berlinale en 2013.<\/p>\n<p><strong>-Omri Miran :<\/strong> Omri Miran, aujourd&rsquo;hui \u00e2g\u00e9 de 48 ans, originaire de la ville frontali\u00e8re de Nahal Oz, aurait \u00e9t\u00e9 enlev\u00e9 devant ses enfants. Depuis, outre son \u00e9pouse, ses deux petites filles \u00ab esp\u00e8rent de tout c\u0153ur \u00bb pouvoir \u00e0 nouveau embrasser leur p\u00e8re, selon la famille.<\/p>\n<div id=\"attachment_426811\" class=\"wp-caption alignleft\" style=\"max-width: 300px\"><img decoding=\"async\" class=\"wp-image-426811 size-medium\" src=\"https:\/\/vieassociative.be\/actualites\/wp-content\/uploads\/2025\/10\/1760192228_346_Qui-sont-les-20-otages-de-Gaza-encore-en-vie.jpg\" alt=\"\" width=\"300\" height=\"203\"><\/div>\n<p><strong>\u2013 Eitan Corne\u00a0:<\/strong> L&rsquo;Isra\u00e9lien (39 ans) rendait visite \u00e0 son fr\u00e8re a\u00een\u00e9 au kibboutz Nir Oz au moment du massacre du Hamas. Les deux hommes, consid\u00e9r\u00e9s comme de grands fans de football, ont \u00e9t\u00e9 kidnapp\u00e9s. Iair Horn a \u00e9t\u00e9 lib\u00e9r\u00e9 au d\u00e9but de l&rsquo;ann\u00e9e.<\/p>\n<p><strong>\u2013 Guy Gilboa-Dalal :<\/strong> L&rsquo;homme aujourd&rsquo;hui \u00e2g\u00e9 de 24 ans a \u00e9t\u00e9 kidnapp\u00e9 au festival Nova avec son meilleur ami Eviatar David. Plus t\u00f4t cette ann\u00e9e, le Hamas a publi\u00e9 des images montrant \u00e0 la fois assister \u00e0 la lib\u00e9ration d\u2019autres otages et suppliant d\u00e9sesp\u00e9r\u00e9ment le gouvernement isra\u00e9lien d\u2019assurer \u00e9galement leur lib\u00e9ration.<\/p>\n<p><strong>\u2013 Eviatar David :<\/strong> L&rsquo;Isra\u00e9lien est le meilleur ami de Guy Gilboa-Dalal. Au cours de l\u2019\u00e9t\u00e9, le Hamas a publi\u00e9 une autre vid\u00e9o atroce montrant le jeune homme de 24 ans, \u00e9maci\u00e9 jusqu\u2019aux os, creusant sa propre tombe dans un tunnel \u00e9troit.<\/p>\n<p><strong>\u2013 Avinatan Ou :<\/strong> Avinatan, aujourd&rsquo;hui \u00e2g\u00e9 de 32 ans, a \u00e9galement \u00e9t\u00e9 kidnapp\u00e9 au festival Nova, avec sa petite amie Noa Argamani. L&rsquo;arm\u00e9e isra\u00e9lienne a lib\u00e9r\u00e9 Argamani l&rsquo;\u00e9t\u00e9 dernier.<\/p>\n<p><strong>\u2013 Bar Kuperstein :<\/strong> Bar Kuperstein (23 ans) travaillait comme agent de s\u00e9curit\u00e9 au Nova Festival. Des proches ont rapport\u00e9 aux m\u00e9dias qu&rsquo;il avait aid\u00e9 d&rsquo;autres personnes \u00e0 se mettre \u00e0 l&rsquo;abri des terroristes.<\/p>\n<div id=\"attachment_426812\" class=\"wp-caption alignleft\" style=\"max-width: 300px\"><img decoding=\"async\" class=\"wp-image-426812 size-medium\" src=\"https:\/\/vieassociative.be\/actualites\/wp-content\/uploads\/2025\/10\/1760192228_671_Qui-sont-les-20-otages-de-Gaza-encore-en-vie.jpg\" alt=\"\" width=\"300\" height=\"200\"><\/div>\n<p><strong>\u2013 Eitan Mor\u00a0:<\/strong> L&rsquo;Isra\u00e9lien de 25 ans \u00e9tait \u00e9galement responsable de la s\u00e9curit\u00e9 de la f\u00eate dans le d\u00e9sert et aurait soign\u00e9 les festivaliers bless\u00e9s. Ses parents se sont par le pass\u00e9 prononc\u00e9s contre l&rsquo;\u00e9change des otages contre des Palestiniens reconnus coupables de terrorisme.<\/p>\n<p><strong>\u2013 Rome Braslavski :<\/strong> Selon les m\u00e9dias, l&rsquo;Allemand-Isra\u00e9lien aurait \u00e9galement \u00e9t\u00e9 employ\u00e9 comme gardien lors du festival et aurait tent\u00e9 de sauver des personnes sur place. Il y a quelques mois, une vid\u00e9o de propagande de l\u2019organisation terroriste Jihad islamique palestinien (JIP) montrait le jeune homme de 21 ans \u00e9maci\u00e9 et p\u00e2le.<\/p>\n<p><strong>\u2013 Josef-Chaim Ohana :<\/strong> Josef-Chaim Ohana, 25 ans, aurait \u00e9galement aid\u00e9 les participants \u00e0 des \u00e9v\u00e9nements musicaux lors du massacre du festival. Dans une vid\u00e9o diffus\u00e9e par le Hamas en mai de cette ann\u00e9e, il a d\u00e9clar\u00e9 : \u00ab Un pays tout entier veut que ce cauchemar cesse. \u00bb<\/p>\n<p><strong>\u2013 Elkana Bohbot :<\/strong> Elkana Bohbot (36 ans), p\u00e8re d&rsquo;un petit gar\u00e7on, travaille \u00e9galement au parti Nova. Dans une vid\u00e9o de propagande du Hamas publi\u00e9e en mai, Josef-Chaim Ohana parlait, entre autres choses, de Bohbot, \u00e9maci\u00e9 et \u00e0 l&rsquo;air apathique, qui avait tent\u00e9 de se blesser \u00e0 plusieurs reprises.<\/p>\n<div id=\"attachment_426813\" class=\"wp-caption alignleft\" style=\"max-width: 300px\"><img loading=\"lazy\" decoding=\"async\" class=\"wp-image-426813 size-medium\" src=\"https:\/\/vieassociative.be\/actualites\/wp-content\/uploads\/2025\/10\/1760192228_854_Qui-sont-les-20-otages-de-Gaza-encore-en-vie.jpg\" alt=\"\" width=\"300\" height=\"200\"><\/div>\n<p><strong>\u2013 Nimrod Cohen :<\/strong> Le jeune soldat aurait mont\u00e9 la garde pr\u00e8s de la bande de Gaza dans le cadre de son service militaire au moment du massacre. Selon les m\u00e9dias, un otage lib\u00e9r\u00e9 aurait d\u00e9clar\u00e9 \u00e0 ses parents que l&rsquo;homme de 21 ans les aimait et qu&rsquo;ils ne devraient pas s&rsquo;inqui\u00e9ter pour lui.<\/p>\n<p><strong>\u2013 Maxime Herkin :<\/strong> Max Herkin (37 ans), \u00e9galement kidnapp\u00e9 lors du festival Nova, est originaire d&rsquo;Ukraine et a une petite fille. Dans une vid\u00e9o diffus\u00e9e par le Hamas au cours de l&rsquo;\u00e9t\u00e9, il a d\u00e9clar\u00e9 que les otages ne se sentaient pas comme des \u00eatres humains.<\/p>\n<p><strong>\u2013 Matan Angrest :<\/strong> Matan Angrest, un soldat isra\u00e9lien, a \u00e9t\u00e9 kidnapp\u00e9 dans un char en feu, selon les m\u00e9dias isra\u00e9liens. L&rsquo;homme, aujourd&rsquo;hui \u00e2g\u00e9 de 22 ans, aurait \u00e9t\u00e9 encha\u00een\u00e9 et battu.<\/p>\n<p><strong>\u2013 Segev Kalfon :<\/strong> L&rsquo;Isra\u00e9lien a \u00e9t\u00e9 kidnapp\u00e9 alors qu&rsquo;il tentait de s&rsquo;\u00e9chapper du festival Nova. En f\u00e9vrier, les personnes enlev\u00e9es lib\u00e9r\u00e9es ont rendu compte du temps pass\u00e9 avec lui \u2013 ce fut le premier signe de vie que la famille de Kalfon a re\u00e7u de l&rsquo;homme de 27 ans. (dpa)<\/p>\n","protected":false},"excerpt":{"rendered":"<p>S\u00e9par\u00e9s, encha\u00een\u00e9s, tortur\u00e9s : les derniers rapports des otages de Gaza donnent une id\u00e9e de ce que vivent les 20 hommes encore en vie. Quel<\/p>\n","protected":false},"author":1,"featured_media":10602,"comment_status":"","ping_status":"","sticky":false,"template":"","format":"standard","meta":{"footnotes":""},"categories":[298],"tags":[592,4755,14,4757,99,18,58],"class_list":["post-10601","post","type-post","status-publish","format-standard","has-post-thumbnail","hentry","category-belgique","tag-encore","tag-gaza","tag-les","tag-otages","tag-qui","tag-sont","tag-vie","generate-columns","tablet-grid-50","mobile-grid-100","grid-parent","grid-33"],"yoast_head":"<!-- This site is optimized with the Yoast SEO plugin v24.0 - https:\/\/yoast.com\/wordpress\/plugins\/seo\/ -->\n<title>Qui sont les 20 otages de Gaza encore en vie ? | Vie Associative<\/title>\n<meta name=\"robots\" content=\"index, follow, max-snippet:-1, max-image-preview:large, max-video-preview:-1\" \/>\n<link rel=\"canonical\" href=\"https:\/\/vieassociative.be\/actualites\/qui-sont-les-20-otages-de-gaza-encore-en-vie\/\" \/>\n<meta property=\"og:locale\" content=\"fr_FR\" \/>\n<meta property=\"og:type\" content=\"article\" \/>\n<meta property=\"og:title\" content=\"Qui sont les 20 otages de Gaza encore en vie ? | Vie Associative\" \/>\n<meta property=\"og:description\" content=\"S\u00e9par\u00e9s, encha\u00een\u00e9s, tortur\u00e9s : les derniers rapports des otages de Gaza donnent une id\u00e9e de ce que vivent les 20 hommes encore en vie. Quel\" \/>\n<meta property=\"og:url\" content=\"https:\/\/vieassociative.be\/actualites\/qui-sont-les-20-otages-de-gaza-encore-en-vie\/\" \/>\n<meta property=\"og:site_name\" content=\"Vie Associative\" \/>\n<meta property=\"article:published_time\" content=\"2025-10-11T14:17:08+00:00\" \/>\n<meta property=\"og:image\" content=\"https:\/\/vieassociative.be\/actualites\/wp-content\/uploads\/2024\/09\/header_backgroundk-01-e1726694325946.png\" \/>\n\t<meta property=\"og:image:width\" content=\"279\" \/>\n\t<meta property=\"og:image:height\" content=\"92\" \/>\n\t<meta property=\"og:image:type\" content=\"image\/png\" \/>\n<meta name=\"author\" content=\"Julien\" \/>\n<meta name=\"twitter:card\" content=\"summary_large_image\" \/>\n<meta name=\"twitter:label1\" content=\"\u00c9crit par\" \/>\n\t<meta name=\"twitter:data1\" content=\"Julien\" \/>\n\t<meta name=\"twitter:label2\" content=\"Dur\u00e9e de lecture est.\" \/>\n\t<meta name=\"twitter:data2\" content=\"5 minutes\" \/>\n<script type=\"application\/ld+json\" class=\"yoast-schema-graph\">{\"@context\":\"https:\/\/schema.org\",\"@graph\":[{\"@type\":\"Article\",\"@id\":\"https:\/\/vieassociative.be\/actualites\/qui-sont-les-20-otages-de-gaza-encore-en-vie\/#article\",\"isPartOf\":{\"@id\":\"https:\/\/vieassociative.be\/actualites\/qui-sont-les-20-otages-de-gaza-encore-en-vie\/\"},\"author\":{\"name\":\"Julien\",\"@id\":\"https:\/\/vieassociative.be\/actualites\/#\/schema\/person\/b87ac4f82f9d4e7b7cec7395b679edc4\"},\"headline\":\"Qui sont les 20 otages de Gaza encore en vie ?\",\"datePublished\":\"2025-10-11T14:17:08+00:00\",\"dateModified\":\"2025-10-11T14:17:08+00:00\",\"mainEntityOfPage\":{\"@id\":\"https:\/\/vieassociative.be\/actualites\/qui-sont-les-20-otages-de-gaza-encore-en-vie\/\"},\"wordCount\":1058,\"publisher\":{\"@id\":\"https:\/\/vieassociative.be\/actualites\/#organization\"},\"image\":{\"@id\":\"https:\/\/vieassociative.be\/actualites\/qui-sont-les-20-otages-de-gaza-encore-en-vie\/#primaryimage\"},\"thumbnailUrl\":\"https:\/\/vieassociative.be\/actualites\/wp-content\/uploads\/2025\/10\/1760192229_Qui-sont-les-20-otages-de-Gaza-encore-en-vie.jpg\",\"keywords\":[\"encore\",\"Gaza\",\"Les\",\"otages\",\"qui\",\"sont\",\"vie\"],\"articleSection\":[\"Belgique\"],\"inLanguage\":\"fr-BE\"},{\"@type\":\"WebPage\",\"@id\":\"https:\/\/vieassociative.be\/actualites\/qui-sont-les-20-otages-de-gaza-encore-en-vie\/\",\"url\":\"https:\/\/vieassociative.be\/actualites\/qui-sont-les-20-otages-de-gaza-encore-en-vie\/\",\"name\":\"Qui sont les 20 otages de Gaza encore en vie ? | Vie Associative\",\"isPartOf\":{\"@id\":\"https:\/\/vieassociative.be\/actualites\/#website\"},\"primaryImageOfPage\":{\"@id\":\"https:\/\/vieassociative.be\/actualites\/qui-sont-les-20-otages-de-gaza-encore-en-vie\/#primaryimage\"},\"image\":{\"@id\":\"https:\/\/vieassociative.be\/actualites\/qui-sont-les-20-otages-de-gaza-encore-en-vie\/#primaryimage\"},\"thumbnailUrl\":\"https:\/\/vieassociative.be\/actualites\/wp-content\/uploads\/2025\/10\/1760192229_Qui-sont-les-20-otages-de-Gaza-encore-en-vie.jpg\",\"datePublished\":\"2025-10-11T14:17:08+00:00\",\"dateModified\":\"2025-10-11T14:17:08+00:00\",\"breadcrumb\":{\"@id\":\"https:\/\/vieassociative.be\/actualites\/qui-sont-les-20-otages-de-gaza-encore-en-vie\/#breadcrumb\"},\"inLanguage\":\"fr-BE\",\"potentialAction\":[{\"@type\":\"ReadAction\",\"target\":[\"https:\/\/vieassociative.be\/actualites\/qui-sont-les-20-otages-de-gaza-encore-en-vie\/\"]}]},{\"@type\":\"ImageObject\",\"inLanguage\":\"fr-BE\",\"@id\":\"https:\/\/vieassociative.be\/actualites\/qui-sont-les-20-otages-de-gaza-encore-en-vie\/#primaryimage\",\"url\":\"https:\/\/vieassociative.be\/actualites\/wp-content\/uploads\/2025\/10\/1760192229_Qui-sont-les-20-otages-de-Gaza-encore-en-vie.jpg\",\"contentUrl\":\"https:\/\/vieassociative.be\/actualites\/wp-content\/uploads\/2025\/10\/1760192229_Qui-sont-les-20-otages-de-Gaza-encore-en-vie.jpg\",\"width\":1200,\"height\":800,\"caption\":\"Qui sont les 20 otages de Gaza encore en vie ?\"},{\"@type\":\"BreadcrumbList\",\"@id\":\"https:\/\/vieassociative.be\/actualites\/qui-sont-les-20-otages-de-gaza-encore-en-vie\/#breadcrumb\",\"itemListElement\":[{\"@type\":\"ListItem\",\"position\":1,\"name\":\"Accueil\",\"item\":\"https:\/\/vieassociative.be\/actualites\/\"},{\"@type\":\"ListItem\",\"position\":2,\"name\":\"Qui sont les 20 otages de Gaza encore en vie ?\"}]},{\"@type\":\"WebSite\",\"@id\":\"https:\/\/vieassociative.be\/actualites\/#website\",\"url\":\"https:\/\/vieassociative.be\/actualites\/\",\"name\":\"Vie Associative\",\"description\":\"\",\"publisher\":{\"@id\":\"https:\/\/vieassociative.be\/actualites\/#organization\"},\"potentialAction\":[{\"@type\":\"SearchAction\",\"target\":{\"@type\":\"EntryPoint\",\"urlTemplate\":\"https:\/\/vieassociative.be\/actualites\/?s={search_term_string}\"},\"query-input\":{\"@type\":\"PropertyValueSpecification\",\"valueRequired\":true,\"valueName\":\"search_term_string\"}}],\"inLanguage\":\"fr-BE\"},{\"@type\":\"Organization\",\"@id\":\"https:\/\/vieassociative.be\/actualites\/#organization\",\"name\":\"Vie Associative\",\"url\":\"https:\/\/vieassociative.be\/actualites\/\",\"logo\":{\"@type\":\"ImageObject\",\"inLanguage\":\"fr-BE\",\"@id\":\"https:\/\/vieassociative.be\/actualites\/#\/schema\/logo\/image\/\",\"url\":\"https:\/\/vieassociative.be\/actualites\/wp-content\/uploads\/2024\/09\/cropped-vieassociative_favicon.ico.png\",\"contentUrl\":\"https:\/\/vieassociative.be\/actualites\/wp-content\/uploads\/2024\/09\/cropped-vieassociative_favicon.ico.png\",\"width\":512,\"height\":512,\"caption\":\"Vie Associative\"},\"image\":{\"@id\":\"https:\/\/vieassociative.be\/actualites\/#\/schema\/logo\/image\/\"}},{\"@type\":\"Person\",\"@id\":\"https:\/\/vieassociative.be\/actualites\/#\/schema\/person\/b87ac4f82f9d4e7b7cec7395b679edc4\",\"name\":\"Julien\",\"image\":{\"@type\":\"ImageObject\",\"inLanguage\":\"fr-BE\",\"@id\":\"https:\/\/vieassociative.be\/actualites\/#\/schema\/person\/image\/\",\"url\":\"https:\/\/vieassociative.be\/actualites\/wp-content\/uploads\/2024\/09\/vie-associative-1-150x150.jpg\",\"contentUrl\":\"https:\/\/vieassociative.be\/actualites\/wp-content\/uploads\/2024\/09\/vie-associative-1-150x150.jpg\",\"caption\":\"Julien\"},\"description\":\"Je suis Julien, r\u00e9dacteur pour Vie Associative. Passionn\u00e9 par le monde associatif depuis plus de 10 ans, j'ai \u00e0 c\u0153ur de partager des histoires inspirantes et de mettre en lumi\u00e8re les initiatives locales. Mon objectif est de sensibiliser et d'encourager l'engagement communautaire \u00e0 travers mes articles.\",\"sameAs\":[\"https:\/\/vieassociative.be\/\"]}]}<\/script>\n<!-- \/ Yoast SEO plugin. -->","yoast_head_json":{"title":"Qui sont les 20 otages de Gaza encore en vie ? | Vie Associative","robots":{"index":"index","follow":"follow","max-snippet":"max-snippet:-1","max-image-preview":"max-image-preview:large","max-video-preview":"max-video-preview:-1"},"canonical":"https:\/\/vieassociative.be\/actualites\/qui-sont-les-20-otages-de-gaza-encore-en-vie\/","og_locale":"fr_FR","og_type":"article","og_title":"Qui sont les 20 otages de Gaza encore en vie ? | Vie Associative","og_description":"S\u00e9par\u00e9s, encha\u00een\u00e9s, tortur\u00e9s : les derniers rapports des otages de Gaza donnent une id\u00e9e de ce que vivent les 20 hommes encore en vie. Quel","og_url":"https:\/\/vieassociative.be\/actualites\/qui-sont-les-20-otages-de-gaza-encore-en-vie\/","og_site_name":"Vie Associative","article_published_time":"2025-10-11T14:17:08+00:00","og_image":[{"width":279,"height":92,"url":"https:\/\/vieassociative.be\/actualites\/wp-content\/uploads\/2024\/09\/header_backgroundk-01-e1726694325946.png","type":"image\/png"}],"author":"Julien","twitter_card":"summary_large_image","twitter_misc":{"\u00c9crit par":"Julien","Dur\u00e9e de lecture est.":"5 minutes"},"schema":{"@context":"https:\/\/schema.org","@graph":[{"@type":"Article","@id":"https:\/\/vieassociative.be\/actualites\/qui-sont-les-20-otages-de-gaza-encore-en-vie\/#article","isPartOf":{"@id":"https:\/\/vieassociative.be\/actualites\/qui-sont-les-20-otages-de-gaza-encore-en-vie\/"},"author":{"name":"Julien","@id":"https:\/\/vieassociative.be\/actualites\/#\/schema\/person\/b87ac4f82f9d4e7b7cec7395b679edc4"},"headline":"Qui sont les 20 otages de Gaza encore en vie ?","datePublished":"2025-10-11T14:17:08+00:00","dateModified":"2025-10-11T14:17:08+00:00","mainEntityOfPage":{"@id":"https:\/\/vieassociative.be\/actualites\/qui-sont-les-20-otages-de-gaza-encore-en-vie\/"},"wordCount":1058,"publisher":{"@id":"https:\/\/vieassociative.be\/actualites\/#organization"},"image":{"@id":"https:\/\/vieassociative.be\/actualites\/qui-sont-les-20-otages-de-gaza-encore-en-vie\/#primaryimage"},"thumbnailUrl":"https:\/\/vieassociative.be\/actualites\/wp-content\/uploads\/2025\/10\/1760192229_Qui-sont-les-20-otages-de-Gaza-encore-en-vie.jpg","keywords":["encore","Gaza","Les","otages","qui","sont","vie"],"articleSection":["Belgique"],"inLanguage":"fr-BE"},{"@type":"WebPage","@id":"https:\/\/vieassociative.be\/actualites\/qui-sont-les-20-otages-de-gaza-encore-en-vie\/","url":"https:\/\/vieassociative.be\/actualites\/qui-sont-les-20-otages-de-gaza-encore-en-vie\/","name":"Qui sont les 20 otages de Gaza encore en vie ? | Vie Associative","isPartOf":{"@id":"https:\/\/vieassociative.be\/actualites\/#website"},"primaryImageOfPage":{"@id":"https:\/\/vieassociative.be\/actualites\/qui-sont-les-20-otages-de-gaza-encore-en-vie\/#primaryimage"},"image":{"@id":"https:\/\/vieassociative.be\/actualites\/qui-sont-les-20-otages-de-gaza-encore-en-vie\/#primaryimage"},"thumbnailUrl":"https:\/\/vieassociative.be\/actualites\/wp-content\/uploads\/2025\/10\/1760192229_Qui-sont-les-20-otages-de-Gaza-encore-en-vie.jpg","datePublished":"2025-10-11T14:17:08+00:00","dateModified":"2025-10-11T14:17:08+00:00","breadcrumb":{"@id":"https:\/\/vieassociative.be\/actualites\/qui-sont-les-20-otages-de-gaza-encore-en-vie\/#breadcrumb"},"inLanguage":"fr-BE","potentialAction":[{"@type":"ReadAction","target":["https:\/\/vieassociative.be\/actualites\/qui-sont-les-20-otages-de-gaza-encore-en-vie\/"]}]},{"@type":"ImageObject","inLanguage":"fr-BE","@id":"https:\/\/vieassociative.be\/actualites\/qui-sont-les-20-otages-de-gaza-encore-en-vie\/#primaryimage","url":"https:\/\/vieassociative.be\/actualites\/wp-content\/uploads\/2025\/10\/1760192229_Qui-sont-les-20-otages-de-Gaza-encore-en-vie.jpg","contentUrl":"https:\/\/vieassociative.be\/actualites\/wp-content\/uploads\/2025\/10\/1760192229_Qui-sont-les-20-otages-de-Gaza-encore-en-vie.jpg","width":1200,"height":800,"caption":"Qui sont les 20 otages de Gaza encore en vie ?"},{"@type":"BreadcrumbList","@id":"https:\/\/vieassociative.be\/actualites\/qui-sont-les-20-otages-de-gaza-encore-en-vie\/#breadcrumb","itemListElement":[{"@type":"ListItem","position":1,"name":"Accueil","item":"https:\/\/vieassociative.be\/actualites\/"},{"@type":"ListItem","position":2,"name":"Qui sont les 20 otages de Gaza encore en vie ?"}]},{"@type":"WebSite","@id":"https:\/\/vieassociative.be\/actualites\/#website","url":"https:\/\/vieassociative.be\/actualites\/","name":"Vie Associative","description":"","publisher":{"@id":"https:\/\/vieassociative.be\/actualites\/#organization"},"potentialAction":[{"@type":"SearchAction","target":{"@type":"EntryPoint","urlTemplate":"https:\/\/vieassociative.be\/actualites\/?s={search_term_string}"},"query-input":{"@type":"PropertyValueSpecification","valueRequired":true,"valueName":"search_term_string"}}],"inLanguage":"fr-BE"},{"@type":"Organization","@id":"https:\/\/vieassociative.be\/actualites\/#organization","name":"Vie Associative","url":"https:\/\/vieassociative.be\/actualites\/","logo":{"@type":"ImageObject","inLanguage":"fr-BE","@id":"https:\/\/vieassociative.be\/actualites\/#\/schema\/logo\/image\/","url":"https:\/\/vieassociative.be\/actualites\/wp-content\/uploads\/2024\/09\/cropped-vieassociative_favicon.ico.png","contentUrl":"https:\/\/vieassociative.be\/actualites\/wp-content\/uploads\/2024\/09\/cropped-vieassociative_favicon.ico.png","width":512,"height":512,"caption":"Vie Associative"},"image":{"@id":"https:\/\/vieassociative.be\/actualites\/#\/schema\/logo\/image\/"}},{"@type":"Person","@id":"https:\/\/vieassociative.be\/actualites\/#\/schema\/person\/b87ac4f82f9d4e7b7cec7395b679edc4","name":"Julien","image":{"@type":"ImageObject","inLanguage":"fr-BE","@id":"https:\/\/vieassociative.be\/actualites\/#\/schema\/person\/image\/","url":"https:\/\/vieassociative.be\/actualites\/wp-content\/uploads\/2024\/09\/vie-associative-1-150x150.jpg","contentUrl":"https:\/\/vieassociative.be\/actualites\/wp-content\/uploads\/2024\/09\/vie-associative-1-150x150.jpg","caption":"Julien"},"description":"Je suis Julien, r\u00e9dacteur pour Vie Associative. Passionn\u00e9 par le monde associatif depuis plus de 10 ans, j'ai \u00e0 c\u0153ur de partager des histoires inspirantes et de mettre en lumi\u00e8re les initiatives locales. Mon objectif est de sensibiliser et d'encourager l'engagement communautaire \u00e0 travers mes articles.","sameAs":["https:\/\/vieassociative.be\/"]}]}},"_links":{"self":[{"href":"https:\/\/vieassociative.be\/actualites\/wp-json\/wp\/v2\/posts\/10601"}],"collection":[{"href":"https:\/\/vieassociative.be\/actualites\/wp-json\/wp\/v2\/posts"}],"about":[{"href":"https:\/\/vieassociative.be\/actualites\/wp-json\/wp\/v2\/types\/post"}],"author":[{"embeddable":true,"href":"https:\/\/vieassociative.be\/actualites\/wp-json\/wp\/v2\/users\/1"}],"replies":[{"embeddable":true,"href":"https:\/\/vieassociative.be\/actualites\/wp-json\/wp\/v2\/comments?post=10601"}],"version-history":[{"count":0,"href":"https:\/\/vieassociative.be\/actualites\/wp-json\/wp\/v2\/posts\/10601\/revisions"}],"wp:featuredmedia":[{"embeddable":true,"href":"https:\/\/vieassociative.be\/actualites\/wp-json\/wp\/v2\/media\/10602"}],"wp:attachment":[{"href":"https:\/\/vieassociative.be\/actualites\/wp-json\/wp\/v2\/media?parent=10601"}],"wp:term":[{"taxonomy":"category","embeddable":true,"href":"https:\/\/vieassociative.be\/actualites\/wp-json\/wp\/v2\/categories?post=10601"},{"taxonomy":"post_tag","embeddable":true,"href":"https:\/\/vieassociative.be\/actualites\/wp-json\/wp\/v2\/tags?post=10601"}],"curies":[{"name":"wp","href":"https:\/\/api.w.org\/{rel}","templated":true}]}}