{"id":10596,"date":"2025-10-11T13:17:03","date_gmt":"2025-10-11T11:17:03","guid":{"rendered":"https:\/\/vieassociative.be\/actualites\/utilisez-leffet-de-production-pour-etudier-plus-efficacement\/"},"modified":"2025-10-11T13:17:03","modified_gmt":"2025-10-11T11:17:03","slug":"utilisez-leffet-de-production-pour-etudier-plus-efficacement","status":"publish","type":"post","link":"https:\/\/vieassociative.be\/actualites\/utilisez-leffet-de-production-pour-etudier-plus-efficacement\/","title":{"rendered":"Utilisez \u00ab\u00a0l&rsquo;effet de production\u00a0\u00bb pour \u00e9tudier plus efficacement"},"content":{"rendered":"<div class=\"mt-4 leading-6 md:mb-8\">Parfois, il ne faut pas \u00e9tudier en silence.<\/div>\n<p><\/p>\n<p><em>Saviez-vous que vous pouvez personnaliser Google pour filtrer les d\u00e9chets\u00a0? Suivez ces \u00e9tapes<\/em><em> pour de meilleurs r\u00e9sultats de recherche, notamment en ajoutant Vie Associative comme source privil\u00e9gi\u00e9e d&rsquo;actualit\u00e9s technologiques<\/em><em>.<\/em><\/p>\n<hr>\n<p>Je vais dire quelque chose qui semble contradictoire au d\u00e9but, m\u00eame si je jure que cela a finalement du sens : vous devriez toujours \u00e9tudier en silence, mais un peu de bruit peut \u00eatre utile pour vous souvenir des choses. Sp\u00e9cifiquement, <em>ton <\/em>le bruit peut \u00eatre utile, c&rsquo;est-\u00e0-dire lorsque vous parlez \u00e0 voix haute. Si vous pratiquez \u00ab l\u2019effet de production \u00bb, cela peut vous aider \u00e0 vous souvenir de ce que vous \u00e9tudiez. Voici comment l&rsquo;utiliser la prochaine fois que vous essaierez de vous souvenir de quelque chose de difficile.<\/p>\n<h2 id=\"what-is-the-production-effect\">Quel est l\u2019effet de production ?<\/h2>\n<p>L&rsquo;effet de production fait r\u00e9f\u00e9rence \u00e0 ce qui se passe lorsque vous utilisez la vocalisation comme mn\u00e9monique pour am\u00e9liorer votre m\u00e9moire d&rsquo;un nouveau concept. Fondamentalement, votre m\u00e9moire favorise davantage les mots que vous lisez \u00e0 haute voix que ceux que vous lisez en silence. Quand tu parles \u00e0 voix haute, tu es <em>produire<\/em> quelque chose avec votre mat\u00e9riel, d&rsquo;o\u00f9 son nom. Des recherches ont \u00e9galement montr\u00e9 que plus vous produisez des choses distinctes, mieux vous vous souviendrez de ce que vous dites. Il est donc plus utile de parler fort ou m\u00eame de chanter les nouvelles informations que de simplement les lire \u00e0 haute voix.<\/p>\n<div class=\"mx-auto mb-12 mt-5 w-full max-w-3xl rounded-md border-2 border-gray-100 p-3 shadow-md md:px-7 md:pb-7 md:pt-5\" id=\"related-video\">\n<div class=\"mb-3 flex items-center md:mb-5\">\n        <img decoding=\"async\" class=\"mr-4 mt-0 h-10 w-10 md:mr-5 md:h-12 md:w-12\" src=\"https:\/\/vieassociative.be\/actualites\/wp-content\/uploads\/2025\/09\/1757726237_608_Meta-pourrait-devoiler-une-montre-intelligente-pour-controler-ses-lunettes.jpg\" alt=\"Logo du pirate de la vie\"><\/p><\/div>\n<div class=\"aspect-video w-full overflow-hidden rounded-md\">\n<div id=\"video-container-01K79DKQCW3J2XTQDNQEZ7QP80\"><\/div>\n<\/p><\/div>\n<\/div>\n<h2 id=\"how-to-capitalize-on-the-production-effect-when-studying\">Comment capitaliser sur l\u2019effet de production lors des \u00e9tudes<\/h2>\n<p>Vous avez plusieurs options pour essayer cela par vous-m\u00eame lors d&rsquo;une session d&rsquo;\u00e9tude. Au niveau le plus \u00e9l\u00e9mentaire, vous pouvez lire vos notes ou votre manuel \u00e0 voix haute, mais conform\u00e9ment aux recherches soutenant la valeur du caract\u00e8re distinctif, je vous recommande d&rsquo;aller plus loin.<\/p>\n<p>Vous pouvez toujours compter sur la technique Feynman, o\u00f9 vous enseignez \u00e0 quelqu&rsquo;un d&rsquo;autre la mati\u00e8re que vous \u00e9tudiez et assurez-vous de le faire \u00e0 voix haute. J&rsquo;ai d\u00e9j\u00e0 recommand\u00e9 d&rsquo;utiliser ChatGPT pour utiliser la m\u00e9thode Feyman, mais si vous essayez d&rsquo;exploiter l&rsquo;effet de production, cela ne suffira pas cette fois. Vous pouvez vous entra\u00eener plusieurs fois avec l&rsquo;IA si vous en avez besoin ou si personne d&rsquo;autre n&rsquo;est l\u00e0 pour \u00e9tudier, mais vous devriez le revoir au moins une fois \u00e0 voix haute avec quelqu&rsquo;un d&rsquo;autre. <\/p>\n<p>Essayez \u00e9galement d&rsquo;incorporer l&rsquo;effet de production dans votre utilisation de flashcard. Lorsque vous utilisez le syst\u00e8me Leitner, par exemple, lisez vous-m\u00eame vos flashcards \u00e0 voix haute. Cette approche est solide car elle ne d\u00e9pend de la participation de personne d\u2019autre. Vous n&rsquo;avez pas besoin de quelqu&rsquo;un d&rsquo;autre pour capitaliser sur la valeur de l&rsquo;effet de production et, en fait, il est g\u00e9n\u00e9ralement pr\u00e9f\u00e9rable d&rsquo;\u00e9tudier seul car vous \u00e9vitez les distractions, les retards li\u00e9s \u00e0 l&#8217;emploi du temps de quelqu&rsquo;un d&rsquo;autre ou le manque d&rsquo;enthousiasme. <\/p>\n<p>J&rsquo;ai d\u00e9j\u00e0 recommand\u00e9 de cr\u00e9er un \u00ab podcast personnel \u00bb pour vos \u00e9tudes \u00e9galement, et c&rsquo;est utile ici non seulement parce que cela vous donne quelque chose \u00e0 \u00e9couter encore et encore jusqu&rsquo;\u00e0 ce que vous le compreniez, mais aussi parce que vous devez le faire. <em>parler<\/em> le mat\u00e9riau du premier coup, conf\u00e9rant \u00e0 tout l\u2019exercice un effet de production. C&rsquo;est votre option deux pour un et, \u00e0 condition que vous ayez la patience de r\u00e9diger et de lire vos documents, de les enregistrer et de les r\u00e9\u00e9couter \u00e0 plusieurs reprises, c&rsquo;est probablement la meilleure.<\/p>\n","protected":false},"excerpt":{"rendered":"<p>Parfois, il ne faut pas \u00e9tudier en silence. Saviez-vous que vous pouvez personnaliser Google pour filtrer les d\u00e9chets\u00a0? Suivez ces \u00e9tapes pour de meilleurs r\u00e9sultats<\/p>\n","protected":false},"author":1,"featured_media":10597,"comment_status":"","ping_status":"","sticky":false,"template":"","format":"standard","meta":{"footnotes":""},"categories":[37],"tags":[108,82,6433,81,2463,105],"class_list":["post-10596","post","type-post","status-publish","format-standard","has-post-thumbnail","hentry","category-famille","tag-efficacement","tag-etudier","tag-leffet","tag-pour","tag-production","tag-utilisez","generate-columns","tablet-grid-50","mobile-grid-100","grid-parent","grid-33"],"yoast_head":"<!-- This site is optimized with the Yoast SEO plugin v24.0 - https:\/\/yoast.com\/wordpress\/plugins\/seo\/ -->\n<title>Utilisez \u00ab\u00a0l&#039;effet de production\u00a0\u00bb pour \u00e9tudier plus efficacement | Vie Associative<\/title>\n<meta name=\"robots\" content=\"index, follow, max-snippet:-1, max-image-preview:large, max-video-preview:-1\" \/>\n<link rel=\"canonical\" href=\"https:\/\/vieassociative.be\/actualites\/utilisez-leffet-de-production-pour-etudier-plus-efficacement\/\" \/>\n<meta property=\"og:locale\" content=\"fr_FR\" \/>\n<meta property=\"og:type\" content=\"article\" \/>\n<meta property=\"og:title\" content=\"Utilisez \u00ab\u00a0l&#039;effet de production\u00a0\u00bb pour \u00e9tudier plus efficacement | Vie Associative\" \/>\n<meta property=\"og:description\" content=\"Parfois, il ne faut pas \u00e9tudier en silence. Saviez-vous que vous pouvez personnaliser Google pour filtrer les d\u00e9chets\u00a0? Suivez ces \u00e9tapes pour de meilleurs r\u00e9sultats\" \/>\n<meta property=\"og:url\" content=\"https:\/\/vieassociative.be\/actualites\/utilisez-leffet-de-production-pour-etudier-plus-efficacement\/\" \/>\n<meta property=\"og:site_name\" content=\"Vie Associative\" \/>\n<meta property=\"article:published_time\" content=\"2025-10-11T11:17:03+00:00\" \/>\n<meta property=\"og:image\" content=\"https:\/\/vieassociative.be\/actualites\/wp-content\/uploads\/2025\/09\/1757726237_608_Meta-pourrait-devoiler-une-montre-intelligente-pour-controler-ses-lunettes.jpg\" \/>\n<meta name=\"author\" content=\"Julien\" \/>\n<meta name=\"twitter:card\" content=\"summary_large_image\" \/>\n<meta name=\"twitter:label1\" content=\"\u00c9crit par\" \/>\n\t<meta name=\"twitter:data1\" content=\"Julien\" \/>\n\t<meta name=\"twitter:label2\" content=\"Dur\u00e9e de lecture est.\" \/>\n\t<meta name=\"twitter:data2\" content=\"3 minutes\" \/>\n<script type=\"application\/ld+json\" class=\"yoast-schema-graph\">{\"@context\":\"https:\/\/schema.org\",\"@graph\":[{\"@type\":\"Article\",\"@id\":\"https:\/\/vieassociative.be\/actualites\/utilisez-leffet-de-production-pour-etudier-plus-efficacement\/#article\",\"isPartOf\":{\"@id\":\"https:\/\/vieassociative.be\/actualites\/utilisez-leffet-de-production-pour-etudier-plus-efficacement\/\"},\"author\":{\"name\":\"Julien\",\"@id\":\"https:\/\/vieassociative.be\/actualites\/#\/schema\/person\/b87ac4f82f9d4e7b7cec7395b679edc4\"},\"headline\":\"Utilisez \u00ab\u00a0l&rsquo;effet de production\u00a0\u00bb pour \u00e9tudier plus efficacement\",\"datePublished\":\"2025-10-11T11:17:03+00:00\",\"dateModified\":\"2025-10-11T11:17:03+00:00\",\"mainEntityOfPage\":{\"@id\":\"https:\/\/vieassociative.be\/actualites\/utilisez-leffet-de-production-pour-etudier-plus-efficacement\/\"},\"wordCount\":625,\"publisher\":{\"@id\":\"https:\/\/vieassociative.be\/actualites\/#organization\"},\"image\":{\"@id\":\"https:\/\/vieassociative.be\/actualites\/utilisez-leffet-de-production-pour-etudier-plus-efficacement\/#primaryimage\"},\"thumbnailUrl\":\"https:\/\/vieassociative.be\/actualites\/wp-content\/uploads\/2025\/10\/Utilisez-leffet-de-production-pour-etudier-plus-efficacement.jpg\",\"keywords\":[\"efficacement\",\"\u00e9tudier\",\"leffet\",\"pour\",\"production\",\"Utilisez\"],\"articleSection\":[\"Famille\"],\"inLanguage\":\"fr-BE\"},{\"@type\":\"WebPage\",\"@id\":\"https:\/\/vieassociative.be\/actualites\/utilisez-leffet-de-production-pour-etudier-plus-efficacement\/\",\"url\":\"https:\/\/vieassociative.be\/actualites\/utilisez-leffet-de-production-pour-etudier-plus-efficacement\/\",\"name\":\"Utilisez \u00ab\u00a0l'effet de production\u00a0\u00bb pour \u00e9tudier plus efficacement | Vie Associative\",\"isPartOf\":{\"@id\":\"https:\/\/vieassociative.be\/actualites\/#website\"},\"primaryImageOfPage\":{\"@id\":\"https:\/\/vieassociative.be\/actualites\/utilisez-leffet-de-production-pour-etudier-plus-efficacement\/#primaryimage\"},\"image\":{\"@id\":\"https:\/\/vieassociative.be\/actualites\/utilisez-leffet-de-production-pour-etudier-plus-efficacement\/#primaryimage\"},\"thumbnailUrl\":\"https:\/\/vieassociative.be\/actualites\/wp-content\/uploads\/2025\/10\/Utilisez-leffet-de-production-pour-etudier-plus-efficacement.jpg\",\"datePublished\":\"2025-10-11T11:17:03+00:00\",\"dateModified\":\"2025-10-11T11:17:03+00:00\",\"breadcrumb\":{\"@id\":\"https:\/\/vieassociative.be\/actualites\/utilisez-leffet-de-production-pour-etudier-plus-efficacement\/#breadcrumb\"},\"inLanguage\":\"fr-BE\",\"potentialAction\":[{\"@type\":\"ReadAction\",\"target\":[\"https:\/\/vieassociative.be\/actualites\/utilisez-leffet-de-production-pour-etudier-plus-efficacement\/\"]}]},{\"@type\":\"ImageObject\",\"inLanguage\":\"fr-BE\",\"@id\":\"https:\/\/vieassociative.be\/actualites\/utilisez-leffet-de-production-pour-etudier-plus-efficacement\/#primaryimage\",\"url\":\"https:\/\/vieassociative.be\/actualites\/wp-content\/uploads\/2025\/10\/Utilisez-leffet-de-production-pour-etudier-plus-efficacement.jpg\",\"contentUrl\":\"https:\/\/vieassociative.be\/actualites\/wp-content\/uploads\/2025\/10\/Utilisez-leffet-de-production-pour-etudier-plus-efficacement.jpg\",\"width\":1200,\"height\":675,\"caption\":\"Utilisez \u00ab\u00a0l'effet de production\u00a0\u00bb pour \u00e9tudier plus efficacement\"},{\"@type\":\"BreadcrumbList\",\"@id\":\"https:\/\/vieassociative.be\/actualites\/utilisez-leffet-de-production-pour-etudier-plus-efficacement\/#breadcrumb\",\"itemListElement\":[{\"@type\":\"ListItem\",\"position\":1,\"name\":\"Accueil\",\"item\":\"https:\/\/vieassociative.be\/actualites\/\"},{\"@type\":\"ListItem\",\"position\":2,\"name\":\"Utilisez \u00ab\u00a0l&rsquo;effet de production\u00a0\u00bb pour \u00e9tudier plus efficacement\"}]},{\"@type\":\"WebSite\",\"@id\":\"https:\/\/vieassociative.be\/actualites\/#website\",\"url\":\"https:\/\/vieassociative.be\/actualites\/\",\"name\":\"Vie Associative\",\"description\":\"\",\"publisher\":{\"@id\":\"https:\/\/vieassociative.be\/actualites\/#organization\"},\"potentialAction\":[{\"@type\":\"SearchAction\",\"target\":{\"@type\":\"EntryPoint\",\"urlTemplate\":\"https:\/\/vieassociative.be\/actualites\/?s={search_term_string}\"},\"query-input\":{\"@type\":\"PropertyValueSpecification\",\"valueRequired\":true,\"valueName\":\"search_term_string\"}}],\"inLanguage\":\"fr-BE\"},{\"@type\":\"Organization\",\"@id\":\"https:\/\/vieassociative.be\/actualites\/#organization\",\"name\":\"Vie Associative\",\"url\":\"https:\/\/vieassociative.be\/actualites\/\",\"logo\":{\"@type\":\"ImageObject\",\"inLanguage\":\"fr-BE\",\"@id\":\"https:\/\/vieassociative.be\/actualites\/#\/schema\/logo\/image\/\",\"url\":\"https:\/\/vieassociative.be\/actualites\/wp-content\/uploads\/2024\/09\/cropped-vieassociative_favicon.ico.png\",\"contentUrl\":\"https:\/\/vieassociative.be\/actualites\/wp-content\/uploads\/2024\/09\/cropped-vieassociative_favicon.ico.png\",\"width\":512,\"height\":512,\"caption\":\"Vie Associative\"},\"image\":{\"@id\":\"https:\/\/vieassociative.be\/actualites\/#\/schema\/logo\/image\/\"}},{\"@type\":\"Person\",\"@id\":\"https:\/\/vieassociative.be\/actualites\/#\/schema\/person\/b87ac4f82f9d4e7b7cec7395b679edc4\",\"name\":\"Julien\",\"image\":{\"@type\":\"ImageObject\",\"inLanguage\":\"fr-BE\",\"@id\":\"https:\/\/vieassociative.be\/actualites\/#\/schema\/person\/image\/\",\"url\":\"https:\/\/vieassociative.be\/actualites\/wp-content\/uploads\/2024\/09\/vie-associative-1-150x150.jpg\",\"contentUrl\":\"https:\/\/vieassociative.be\/actualites\/wp-content\/uploads\/2024\/09\/vie-associative-1-150x150.jpg\",\"caption\":\"Julien\"},\"description\":\"Je suis Julien, r\u00e9dacteur pour Vie Associative. Passionn\u00e9 par le monde associatif depuis plus de 10 ans, j'ai \u00e0 c\u0153ur de partager des histoires inspirantes et de mettre en lumi\u00e8re les initiatives locales. Mon objectif est de sensibiliser et d'encourager l'engagement communautaire \u00e0 travers mes articles.\",\"sameAs\":[\"https:\/\/vieassociative.be\/\"]}]}<\/script>\n<!-- \/ Yoast SEO plugin. -->","yoast_head_json":{"title":"Utilisez \u00ab\u00a0l'effet de production\u00a0\u00bb pour \u00e9tudier plus efficacement | Vie Associative","robots":{"index":"index","follow":"follow","max-snippet":"max-snippet:-1","max-image-preview":"max-image-preview:large","max-video-preview":"max-video-preview:-1"},"canonical":"https:\/\/vieassociative.be\/actualites\/utilisez-leffet-de-production-pour-etudier-plus-efficacement\/","og_locale":"fr_FR","og_type":"article","og_title":"Utilisez \u00ab\u00a0l'effet de production\u00a0\u00bb pour \u00e9tudier plus efficacement | Vie Associative","og_description":"Parfois, il ne faut pas \u00e9tudier en silence. Saviez-vous que vous pouvez personnaliser Google pour filtrer les d\u00e9chets\u00a0? Suivez ces \u00e9tapes pour de meilleurs r\u00e9sultats","og_url":"https:\/\/vieassociative.be\/actualites\/utilisez-leffet-de-production-pour-etudier-plus-efficacement\/","og_site_name":"Vie Associative","article_published_time":"2025-10-11T11:17:03+00:00","og_image":[{"url":"https:\/\/vieassociative.be\/actualites\/wp-content\/uploads\/2025\/09\/1757726237_608_Meta-pourrait-devoiler-une-montre-intelligente-pour-controler-ses-lunettes.jpg","type":"","width":"","height":""}],"author":"Julien","twitter_card":"summary_large_image","twitter_misc":{"\u00c9crit par":"Julien","Dur\u00e9e de lecture est.":"3 minutes"},"schema":{"@context":"https:\/\/schema.org","@graph":[{"@type":"Article","@id":"https:\/\/vieassociative.be\/actualites\/utilisez-leffet-de-production-pour-etudier-plus-efficacement\/#article","isPartOf":{"@id":"https:\/\/vieassociative.be\/actualites\/utilisez-leffet-de-production-pour-etudier-plus-efficacement\/"},"author":{"name":"Julien","@id":"https:\/\/vieassociative.be\/actualites\/#\/schema\/person\/b87ac4f82f9d4e7b7cec7395b679edc4"},"headline":"Utilisez \u00ab\u00a0l&rsquo;effet de production\u00a0\u00bb pour \u00e9tudier plus efficacement","datePublished":"2025-10-11T11:17:03+00:00","dateModified":"2025-10-11T11:17:03+00:00","mainEntityOfPage":{"@id":"https:\/\/vieassociative.be\/actualites\/utilisez-leffet-de-production-pour-etudier-plus-efficacement\/"},"wordCount":625,"publisher":{"@id":"https:\/\/vieassociative.be\/actualites\/#organization"},"image":{"@id":"https:\/\/vieassociative.be\/actualites\/utilisez-leffet-de-production-pour-etudier-plus-efficacement\/#primaryimage"},"thumbnailUrl":"https:\/\/vieassociative.be\/actualites\/wp-content\/uploads\/2025\/10\/Utilisez-leffet-de-production-pour-etudier-plus-efficacement.jpg","keywords":["efficacement","\u00e9tudier","leffet","pour","production","Utilisez"],"articleSection":["Famille"],"inLanguage":"fr-BE"},{"@type":"WebPage","@id":"https:\/\/vieassociative.be\/actualites\/utilisez-leffet-de-production-pour-etudier-plus-efficacement\/","url":"https:\/\/vieassociative.be\/actualites\/utilisez-leffet-de-production-pour-etudier-plus-efficacement\/","name":"Utilisez \u00ab\u00a0l'effet de production\u00a0\u00bb pour \u00e9tudier plus efficacement | Vie Associative","isPartOf":{"@id":"https:\/\/vieassociative.be\/actualites\/#website"},"primaryImageOfPage":{"@id":"https:\/\/vieassociative.be\/actualites\/utilisez-leffet-de-production-pour-etudier-plus-efficacement\/#primaryimage"},"image":{"@id":"https:\/\/vieassociative.be\/actualites\/utilisez-leffet-de-production-pour-etudier-plus-efficacement\/#primaryimage"},"thumbnailUrl":"https:\/\/vieassociative.be\/actualites\/wp-content\/uploads\/2025\/10\/Utilisez-leffet-de-production-pour-etudier-plus-efficacement.jpg","datePublished":"2025-10-11T11:17:03+00:00","dateModified":"2025-10-11T11:17:03+00:00","breadcrumb":{"@id":"https:\/\/vieassociative.be\/actualites\/utilisez-leffet-de-production-pour-etudier-plus-efficacement\/#breadcrumb"},"inLanguage":"fr-BE","potentialAction":[{"@type":"ReadAction","target":["https:\/\/vieassociative.be\/actualites\/utilisez-leffet-de-production-pour-etudier-plus-efficacement\/"]}]},{"@type":"ImageObject","inLanguage":"fr-BE","@id":"https:\/\/vieassociative.be\/actualites\/utilisez-leffet-de-production-pour-etudier-plus-efficacement\/#primaryimage","url":"https:\/\/vieassociative.be\/actualites\/wp-content\/uploads\/2025\/10\/Utilisez-leffet-de-production-pour-etudier-plus-efficacement.jpg","contentUrl":"https:\/\/vieassociative.be\/actualites\/wp-content\/uploads\/2025\/10\/Utilisez-leffet-de-production-pour-etudier-plus-efficacement.jpg","width":1200,"height":675,"caption":"Utilisez \u00ab\u00a0l'effet de production\u00a0\u00bb pour \u00e9tudier plus efficacement"},{"@type":"BreadcrumbList","@id":"https:\/\/vieassociative.be\/actualites\/utilisez-leffet-de-production-pour-etudier-plus-efficacement\/#breadcrumb","itemListElement":[{"@type":"ListItem","position":1,"name":"Accueil","item":"https:\/\/vieassociative.be\/actualites\/"},{"@type":"ListItem","position":2,"name":"Utilisez \u00ab\u00a0l&rsquo;effet de production\u00a0\u00bb pour \u00e9tudier plus efficacement"}]},{"@type":"WebSite","@id":"https:\/\/vieassociative.be\/actualites\/#website","url":"https:\/\/vieassociative.be\/actualites\/","name":"Vie Associative","description":"","publisher":{"@id":"https:\/\/vieassociative.be\/actualites\/#organization"},"potentialAction":[{"@type":"SearchAction","target":{"@type":"EntryPoint","urlTemplate":"https:\/\/vieassociative.be\/actualites\/?s={search_term_string}"},"query-input":{"@type":"PropertyValueSpecification","valueRequired":true,"valueName":"search_term_string"}}],"inLanguage":"fr-BE"},{"@type":"Organization","@id":"https:\/\/vieassociative.be\/actualites\/#organization","name":"Vie Associative","url":"https:\/\/vieassociative.be\/actualites\/","logo":{"@type":"ImageObject","inLanguage":"fr-BE","@id":"https:\/\/vieassociative.be\/actualites\/#\/schema\/logo\/image\/","url":"https:\/\/vieassociative.be\/actualites\/wp-content\/uploads\/2024\/09\/cropped-vieassociative_favicon.ico.png","contentUrl":"https:\/\/vieassociative.be\/actualites\/wp-content\/uploads\/2024\/09\/cropped-vieassociative_favicon.ico.png","width":512,"height":512,"caption":"Vie Associative"},"image":{"@id":"https:\/\/vieassociative.be\/actualites\/#\/schema\/logo\/image\/"}},{"@type":"Person","@id":"https:\/\/vieassociative.be\/actualites\/#\/schema\/person\/b87ac4f82f9d4e7b7cec7395b679edc4","name":"Julien","image":{"@type":"ImageObject","inLanguage":"fr-BE","@id":"https:\/\/vieassociative.be\/actualites\/#\/schema\/person\/image\/","url":"https:\/\/vieassociative.be\/actualites\/wp-content\/uploads\/2024\/09\/vie-associative-1-150x150.jpg","contentUrl":"https:\/\/vieassociative.be\/actualites\/wp-content\/uploads\/2024\/09\/vie-associative-1-150x150.jpg","caption":"Julien"},"description":"Je suis Julien, r\u00e9dacteur pour Vie Associative. Passionn\u00e9 par le monde associatif depuis plus de 10 ans, j'ai \u00e0 c\u0153ur de partager des histoires inspirantes et de mettre en lumi\u00e8re les initiatives locales. Mon objectif est de sensibiliser et d'encourager l'engagement communautaire \u00e0 travers mes articles.","sameAs":["https:\/\/vieassociative.be\/"]}]}},"_links":{"self":[{"href":"https:\/\/vieassociative.be\/actualites\/wp-json\/wp\/v2\/posts\/10596"}],"collection":[{"href":"https:\/\/vieassociative.be\/actualites\/wp-json\/wp\/v2\/posts"}],"about":[{"href":"https:\/\/vieassociative.be\/actualites\/wp-json\/wp\/v2\/types\/post"}],"author":[{"embeddable":true,"href":"https:\/\/vieassociative.be\/actualites\/wp-json\/wp\/v2\/users\/1"}],"replies":[{"embeddable":true,"href":"https:\/\/vieassociative.be\/actualites\/wp-json\/wp\/v2\/comments?post=10596"}],"version-history":[{"count":0,"href":"https:\/\/vieassociative.be\/actualites\/wp-json\/wp\/v2\/posts\/10596\/revisions"}],"wp:featuredmedia":[{"embeddable":true,"href":"https:\/\/vieassociative.be\/actualites\/wp-json\/wp\/v2\/media\/10597"}],"wp:attachment":[{"href":"https:\/\/vieassociative.be\/actualites\/wp-json\/wp\/v2\/media?parent=10596"}],"wp:term":[{"taxonomy":"category","embeddable":true,"href":"https:\/\/vieassociative.be\/actualites\/wp-json\/wp\/v2\/categories?post=10596"},{"taxonomy":"post_tag","embeddable":true,"href":"https:\/\/vieassociative.be\/actualites\/wp-json\/wp\/v2\/tags?post=10596"}],"curies":[{"name":"wp","href":"https:\/\/api.w.org\/{rel}","templated":true}]}}