{"id":10594,"date":"2025-10-11T10:17:25","date_gmt":"2025-10-11T08:17:25","guid":{"rendered":"https:\/\/vieassociative.be\/actualites\/etudier-en-communaute-francaise-coute-nettement-plus-cher\/"},"modified":"2025-10-11T10:17:25","modified_gmt":"2025-10-11T08:17:25","slug":"etudier-en-communaute-francaise-coute-nettement-plus-cher","status":"publish","type":"post","link":"https:\/\/vieassociative.be\/actualites\/etudier-en-communaute-francaise-coute-nettement-plus-cher\/","title":{"rendered":"\u00c9tudier en Communaut\u00e9 fran\u00e7aise co\u00fbte nettement plus cher"},"content":{"rendered":"<p><strong>A partir de l&rsquo;ann\u00e9e universitaire 2026-2027, les frais de scolarit\u00e9 augmenteront significativement en F\u00e9d\u00e9ration Wallonie-Bruxelles et en Communaut\u00e9 fran\u00e7aise. Le montant que les \u00e9tudiants doivent payer pour s&rsquo;inscrire dans les \u00e9coles sup\u00e9rieures et les universit\u00e9s de la partie francophone du pays sera d\u00e9sormais augment\u00e9 de 835 euros \u00e0 1 194 euros.<\/strong><\/p>\n<p><span id=\"more-426734\"><\/span>Cette augmentation d&rsquo;au moins 43 pour cent correspond \u00e0 une compensation pour le fait que les frais de scolarit\u00e9 n&rsquo;ont pas \u00e9t\u00e9 index\u00e9s depuis 2011, pr\u00e9cise-t-on dans la justification. Il fait partie d&rsquo;un ensemble de mesures d\u00e9cid\u00e9es par le Gouvernement de la F\u00e9d\u00e9ration Wallonie-Bruxelles lors de la s\u00e9ance budg\u00e9taire pour r\u00e9aliser des \u00e9conomies.<\/p>\n<div id=\"attachment_426738\" class=\"wp-caption alignleft\" style=\"max-width: 300px\"><img fetchpriority=\"high\" decoding=\"async\" class=\"wp-image-426738 size-medium\" src=\"https:\/\/vieassociative.be\/actualites\/wp-content\/uploads\/2025\/10\/Etudier-en-Communaute-francaise-coute-nettement-plus-cher.jpg\" alt=\"\" width=\"300\" height=\"200\"><\/div>\n<p>L&rsquo;augmentation des frais de scolarit\u00e9 devrait permettre au gouvernement communautaire d&rsquo;\u00e9conomiser 10,8 millions d&rsquo;euros. Certaines cat\u00e9gories d\u2019\u00e9tudiants peuvent toutefois \u00eatre exempt\u00e9es de cette majoration. Elisabeth Degryse (Les Engag\u00e9s), Premi\u00e8re ministre de la F\u00e9d\u00e9ration et \u00e9galement responsable du budget et de l&rsquo;enseignement sup\u00e9rieur, a expliqu\u00e9 que les boursiers n&rsquo;auraient toujours pas \u00e0 payer de frais de scolarit\u00e9.<\/p>\n<p>Le statut d&rsquo;\u00e9tudiant \u00e0 faible revenu (375 euros de frais de scolarit\u00e9) devrait \u00e9galement \u00eatre \u00e9largi afin qu&rsquo;un plus grand nombre d&rsquo;\u00e9tudiants puissent en b\u00e9n\u00e9ficier (actuellement 1 %). Un statut int\u00e9rimaire (835 euros de frais de scolarit\u00e9) sera cr\u00e9\u00e9 pour certains \u00e9tudiants, qui sera d\u00e9termin\u00e9 sur la base de l&rsquo;attestation fiscale. (cr\u00e9er)<\/p>\n","protected":false},"excerpt":{"rendered":"<p>A partir de l&rsquo;ann\u00e9e universitaire 2026-2027, les frais de scolarit\u00e9 augmenteront significativement en F\u00e9d\u00e9ration Wallonie-Bruxelles et en Communaut\u00e9 fran\u00e7aise. Le montant que les \u00e9tudiants doivent<\/p>\n","protected":false},"author":1,"featured_media":10595,"comment_status":"","ping_status":"","sticky":false,"template":"","format":"standard","meta":{"footnotes":""},"categories":[298],"tags":[657,5889,1122,82,8856,3729],"class_list":["post-10594","post","type-post","status-publish","format-standard","has-post-thumbnail","hentry","category-belgique","tag-cher","tag-communaute","tag-coute","tag-etudier","tag-francaise","tag-nettement","generate-columns","tablet-grid-50","mobile-grid-100","grid-parent","grid-33"],"yoast_head":"<!-- This site is optimized with the Yoast SEO plugin v24.0 - https:\/\/yoast.com\/wordpress\/plugins\/seo\/ -->\n<title>\u00c9tudier en Communaut\u00e9 fran\u00e7aise co\u00fbte nettement plus cher | Vie Associative<\/title>\n<meta name=\"robots\" content=\"index, follow, max-snippet:-1, max-image-preview:large, max-video-preview:-1\" \/>\n<link rel=\"canonical\" href=\"https:\/\/vieassociative.be\/actualites\/etudier-en-communaute-francaise-coute-nettement-plus-cher\/\" \/>\n<meta property=\"og:locale\" content=\"fr_FR\" \/>\n<meta property=\"og:type\" content=\"article\" \/>\n<meta property=\"og:title\" content=\"\u00c9tudier en Communaut\u00e9 fran\u00e7aise co\u00fbte nettement plus cher | Vie Associative\" \/>\n<meta property=\"og:description\" content=\"A partir de l&rsquo;ann\u00e9e universitaire 2026-2027, les frais de scolarit\u00e9 augmenteront significativement en F\u00e9d\u00e9ration Wallonie-Bruxelles et en Communaut\u00e9 fran\u00e7aise. Le montant que les \u00e9tudiants doivent\" \/>\n<meta property=\"og:url\" content=\"https:\/\/vieassociative.be\/actualites\/etudier-en-communaute-francaise-coute-nettement-plus-cher\/\" \/>\n<meta property=\"og:site_name\" content=\"Vie Associative\" \/>\n<meta property=\"article:published_time\" content=\"2025-10-11T08:17:25+00:00\" \/>\n<meta property=\"og:image\" content=\"https:\/\/vieassociative.be\/actualites\/wp-content\/uploads\/2024\/09\/header_backgroundk-01-e1726694325946.png\" \/>\n\t<meta property=\"og:image:width\" content=\"279\" \/>\n\t<meta property=\"og:image:height\" content=\"92\" \/>\n\t<meta property=\"og:image:type\" content=\"image\/png\" \/>\n<meta name=\"author\" content=\"Julien\" \/>\n<meta name=\"twitter:card\" content=\"summary_large_image\" \/>\n<meta name=\"twitter:label1\" content=\"\u00c9crit par\" \/>\n\t<meta name=\"twitter:data1\" content=\"Julien\" \/>\n\t<meta name=\"twitter:label2\" content=\"Dur\u00e9e de lecture est.\" \/>\n\t<meta name=\"twitter:data2\" content=\"1 minute\" \/>\n<script type=\"application\/ld+json\" class=\"yoast-schema-graph\">{\"@context\":\"https:\/\/schema.org\",\"@graph\":[{\"@type\":\"Article\",\"@id\":\"https:\/\/vieassociative.be\/actualites\/etudier-en-communaute-francaise-coute-nettement-plus-cher\/#article\",\"isPartOf\":{\"@id\":\"https:\/\/vieassociative.be\/actualites\/etudier-en-communaute-francaise-coute-nettement-plus-cher\/\"},\"author\":{\"name\":\"Julien\",\"@id\":\"https:\/\/vieassociative.be\/actualites\/#\/schema\/person\/b87ac4f82f9d4e7b7cec7395b679edc4\"},\"headline\":\"\u00c9tudier en Communaut\u00e9 fran\u00e7aise co\u00fbte nettement plus cher\",\"datePublished\":\"2025-10-11T08:17:25+00:00\",\"dateModified\":\"2025-10-11T08:17:25+00:00\",\"mainEntityOfPage\":{\"@id\":\"https:\/\/vieassociative.be\/actualites\/etudier-en-communaute-francaise-coute-nettement-plus-cher\/\"},\"wordCount\":251,\"publisher\":{\"@id\":\"https:\/\/vieassociative.be\/actualites\/#organization\"},\"image\":{\"@id\":\"https:\/\/vieassociative.be\/actualites\/etudier-en-communaute-francaise-coute-nettement-plus-cher\/#primaryimage\"},\"thumbnailUrl\":\"https:\/\/vieassociative.be\/actualites\/wp-content\/uploads\/2025\/10\/Etudier-en-Communaute-francaise-coute-nettement-plus-cher.jpeg\",\"keywords\":[\"cher\",\"communaut\u00e9\",\"co\u00fbte\",\"\u00e9tudier\",\"fran\u00e7aise\",\"nettement\"],\"articleSection\":[\"Belgique\"],\"inLanguage\":\"fr-BE\"},{\"@type\":\"WebPage\",\"@id\":\"https:\/\/vieassociative.be\/actualites\/etudier-en-communaute-francaise-coute-nettement-plus-cher\/\",\"url\":\"https:\/\/vieassociative.be\/actualites\/etudier-en-communaute-francaise-coute-nettement-plus-cher\/\",\"name\":\"\u00c9tudier en Communaut\u00e9 fran\u00e7aise co\u00fbte nettement plus cher | Vie Associative\",\"isPartOf\":{\"@id\":\"https:\/\/vieassociative.be\/actualites\/#website\"},\"primaryImageOfPage\":{\"@id\":\"https:\/\/vieassociative.be\/actualites\/etudier-en-communaute-francaise-coute-nettement-plus-cher\/#primaryimage\"},\"image\":{\"@id\":\"https:\/\/vieassociative.be\/actualites\/etudier-en-communaute-francaise-coute-nettement-plus-cher\/#primaryimage\"},\"thumbnailUrl\":\"https:\/\/vieassociative.be\/actualites\/wp-content\/uploads\/2025\/10\/Etudier-en-Communaute-francaise-coute-nettement-plus-cher.jpeg\",\"datePublished\":\"2025-10-11T08:17:25+00:00\",\"dateModified\":\"2025-10-11T08:17:25+00:00\",\"breadcrumb\":{\"@id\":\"https:\/\/vieassociative.be\/actualites\/etudier-en-communaute-francaise-coute-nettement-plus-cher\/#breadcrumb\"},\"inLanguage\":\"fr-BE\",\"potentialAction\":[{\"@type\":\"ReadAction\",\"target\":[\"https:\/\/vieassociative.be\/actualites\/etudier-en-communaute-francaise-coute-nettement-plus-cher\/\"]}]},{\"@type\":\"ImageObject\",\"inLanguage\":\"fr-BE\",\"@id\":\"https:\/\/vieassociative.be\/actualites\/etudier-en-communaute-francaise-coute-nettement-plus-cher\/#primaryimage\",\"url\":\"https:\/\/vieassociative.be\/actualites\/wp-content\/uploads\/2025\/10\/Etudier-en-Communaute-francaise-coute-nettement-plus-cher.jpeg\",\"contentUrl\":\"https:\/\/vieassociative.be\/actualites\/wp-content\/uploads\/2025\/10\/Etudier-en-Communaute-francaise-coute-nettement-plus-cher.jpeg\",\"width\":1000,\"height\":667,\"caption\":\"\u00c9tudier en Communaut\u00e9 fran\u00e7aise co\u00fbte nettement plus cher\"},{\"@type\":\"BreadcrumbList\",\"@id\":\"https:\/\/vieassociative.be\/actualites\/etudier-en-communaute-francaise-coute-nettement-plus-cher\/#breadcrumb\",\"itemListElement\":[{\"@type\":\"ListItem\",\"position\":1,\"name\":\"Accueil\",\"item\":\"https:\/\/vieassociative.be\/actualites\/\"},{\"@type\":\"ListItem\",\"position\":2,\"name\":\"\u00c9tudier en Communaut\u00e9 fran\u00e7aise co\u00fbte nettement plus cher\"}]},{\"@type\":\"WebSite\",\"@id\":\"https:\/\/vieassociative.be\/actualites\/#website\",\"url\":\"https:\/\/vieassociative.be\/actualites\/\",\"name\":\"Vie Associative\",\"description\":\"\",\"publisher\":{\"@id\":\"https:\/\/vieassociative.be\/actualites\/#organization\"},\"potentialAction\":[{\"@type\":\"SearchAction\",\"target\":{\"@type\":\"EntryPoint\",\"urlTemplate\":\"https:\/\/vieassociative.be\/actualites\/?s={search_term_string}\"},\"query-input\":{\"@type\":\"PropertyValueSpecification\",\"valueRequired\":true,\"valueName\":\"search_term_string\"}}],\"inLanguage\":\"fr-BE\"},{\"@type\":\"Organization\",\"@id\":\"https:\/\/vieassociative.be\/actualites\/#organization\",\"name\":\"Vie Associative\",\"url\":\"https:\/\/vieassociative.be\/actualites\/\",\"logo\":{\"@type\":\"ImageObject\",\"inLanguage\":\"fr-BE\",\"@id\":\"https:\/\/vieassociative.be\/actualites\/#\/schema\/logo\/image\/\",\"url\":\"https:\/\/vieassociative.be\/actualites\/wp-content\/uploads\/2024\/09\/cropped-vieassociative_favicon.ico.png\",\"contentUrl\":\"https:\/\/vieassociative.be\/actualites\/wp-content\/uploads\/2024\/09\/cropped-vieassociative_favicon.ico.png\",\"width\":512,\"height\":512,\"caption\":\"Vie Associative\"},\"image\":{\"@id\":\"https:\/\/vieassociative.be\/actualites\/#\/schema\/logo\/image\/\"}},{\"@type\":\"Person\",\"@id\":\"https:\/\/vieassociative.be\/actualites\/#\/schema\/person\/b87ac4f82f9d4e7b7cec7395b679edc4\",\"name\":\"Julien\",\"image\":{\"@type\":\"ImageObject\",\"inLanguage\":\"fr-BE\",\"@id\":\"https:\/\/vieassociative.be\/actualites\/#\/schema\/person\/image\/\",\"url\":\"https:\/\/vieassociative.be\/actualites\/wp-content\/uploads\/2024\/09\/vie-associative-1-150x150.jpg\",\"contentUrl\":\"https:\/\/vieassociative.be\/actualites\/wp-content\/uploads\/2024\/09\/vie-associative-1-150x150.jpg\",\"caption\":\"Julien\"},\"description\":\"Je suis Julien, r\u00e9dacteur pour Vie Associative. Passionn\u00e9 par le monde associatif depuis plus de 10 ans, j'ai \u00e0 c\u0153ur de partager des histoires inspirantes et de mettre en lumi\u00e8re les initiatives locales. Mon objectif est de sensibiliser et d'encourager l'engagement communautaire \u00e0 travers mes articles.\",\"sameAs\":[\"https:\/\/vieassociative.be\/\"]}]}<\/script>\n<!-- \/ Yoast SEO plugin. -->","yoast_head_json":{"title":"\u00c9tudier en Communaut\u00e9 fran\u00e7aise co\u00fbte nettement plus cher | Vie Associative","robots":{"index":"index","follow":"follow","max-snippet":"max-snippet:-1","max-image-preview":"max-image-preview:large","max-video-preview":"max-video-preview:-1"},"canonical":"https:\/\/vieassociative.be\/actualites\/etudier-en-communaute-francaise-coute-nettement-plus-cher\/","og_locale":"fr_FR","og_type":"article","og_title":"\u00c9tudier en Communaut\u00e9 fran\u00e7aise co\u00fbte nettement plus cher | Vie Associative","og_description":"A partir de l&rsquo;ann\u00e9e universitaire 2026-2027, les frais de scolarit\u00e9 augmenteront significativement en F\u00e9d\u00e9ration Wallonie-Bruxelles et en Communaut\u00e9 fran\u00e7aise. Le montant que les \u00e9tudiants doivent","og_url":"https:\/\/vieassociative.be\/actualites\/etudier-en-communaute-francaise-coute-nettement-plus-cher\/","og_site_name":"Vie Associative","article_published_time":"2025-10-11T08:17:25+00:00","og_image":[{"width":279,"height":92,"url":"https:\/\/vieassociative.be\/actualites\/wp-content\/uploads\/2024\/09\/header_backgroundk-01-e1726694325946.png","type":"image\/png"}],"author":"Julien","twitter_card":"summary_large_image","twitter_misc":{"\u00c9crit par":"Julien","Dur\u00e9e de lecture est.":"1 minute"},"schema":{"@context":"https:\/\/schema.org","@graph":[{"@type":"Article","@id":"https:\/\/vieassociative.be\/actualites\/etudier-en-communaute-francaise-coute-nettement-plus-cher\/#article","isPartOf":{"@id":"https:\/\/vieassociative.be\/actualites\/etudier-en-communaute-francaise-coute-nettement-plus-cher\/"},"author":{"name":"Julien","@id":"https:\/\/vieassociative.be\/actualites\/#\/schema\/person\/b87ac4f82f9d4e7b7cec7395b679edc4"},"headline":"\u00c9tudier en Communaut\u00e9 fran\u00e7aise co\u00fbte nettement plus cher","datePublished":"2025-10-11T08:17:25+00:00","dateModified":"2025-10-11T08:17:25+00:00","mainEntityOfPage":{"@id":"https:\/\/vieassociative.be\/actualites\/etudier-en-communaute-francaise-coute-nettement-plus-cher\/"},"wordCount":251,"publisher":{"@id":"https:\/\/vieassociative.be\/actualites\/#organization"},"image":{"@id":"https:\/\/vieassociative.be\/actualites\/etudier-en-communaute-francaise-coute-nettement-plus-cher\/#primaryimage"},"thumbnailUrl":"https:\/\/vieassociative.be\/actualites\/wp-content\/uploads\/2025\/10\/Etudier-en-Communaute-francaise-coute-nettement-plus-cher.jpeg","keywords":["cher","communaut\u00e9","co\u00fbte","\u00e9tudier","fran\u00e7aise","nettement"],"articleSection":["Belgique"],"inLanguage":"fr-BE"},{"@type":"WebPage","@id":"https:\/\/vieassociative.be\/actualites\/etudier-en-communaute-francaise-coute-nettement-plus-cher\/","url":"https:\/\/vieassociative.be\/actualites\/etudier-en-communaute-francaise-coute-nettement-plus-cher\/","name":"\u00c9tudier en Communaut\u00e9 fran\u00e7aise co\u00fbte nettement plus cher | Vie Associative","isPartOf":{"@id":"https:\/\/vieassociative.be\/actualites\/#website"},"primaryImageOfPage":{"@id":"https:\/\/vieassociative.be\/actualites\/etudier-en-communaute-francaise-coute-nettement-plus-cher\/#primaryimage"},"image":{"@id":"https:\/\/vieassociative.be\/actualites\/etudier-en-communaute-francaise-coute-nettement-plus-cher\/#primaryimage"},"thumbnailUrl":"https:\/\/vieassociative.be\/actualites\/wp-content\/uploads\/2025\/10\/Etudier-en-Communaute-francaise-coute-nettement-plus-cher.jpeg","datePublished":"2025-10-11T08:17:25+00:00","dateModified":"2025-10-11T08:17:25+00:00","breadcrumb":{"@id":"https:\/\/vieassociative.be\/actualites\/etudier-en-communaute-francaise-coute-nettement-plus-cher\/#breadcrumb"},"inLanguage":"fr-BE","potentialAction":[{"@type":"ReadAction","target":["https:\/\/vieassociative.be\/actualites\/etudier-en-communaute-francaise-coute-nettement-plus-cher\/"]}]},{"@type":"ImageObject","inLanguage":"fr-BE","@id":"https:\/\/vieassociative.be\/actualites\/etudier-en-communaute-francaise-coute-nettement-plus-cher\/#primaryimage","url":"https:\/\/vieassociative.be\/actualites\/wp-content\/uploads\/2025\/10\/Etudier-en-Communaute-francaise-coute-nettement-plus-cher.jpeg","contentUrl":"https:\/\/vieassociative.be\/actualites\/wp-content\/uploads\/2025\/10\/Etudier-en-Communaute-francaise-coute-nettement-plus-cher.jpeg","width":1000,"height":667,"caption":"\u00c9tudier en Communaut\u00e9 fran\u00e7aise co\u00fbte nettement plus cher"},{"@type":"BreadcrumbList","@id":"https:\/\/vieassociative.be\/actualites\/etudier-en-communaute-francaise-coute-nettement-plus-cher\/#breadcrumb","itemListElement":[{"@type":"ListItem","position":1,"name":"Accueil","item":"https:\/\/vieassociative.be\/actualites\/"},{"@type":"ListItem","position":2,"name":"\u00c9tudier en Communaut\u00e9 fran\u00e7aise co\u00fbte nettement plus cher"}]},{"@type":"WebSite","@id":"https:\/\/vieassociative.be\/actualites\/#website","url":"https:\/\/vieassociative.be\/actualites\/","name":"Vie Associative","description":"","publisher":{"@id":"https:\/\/vieassociative.be\/actualites\/#organization"},"potentialAction":[{"@type":"SearchAction","target":{"@type":"EntryPoint","urlTemplate":"https:\/\/vieassociative.be\/actualites\/?s={search_term_string}"},"query-input":{"@type":"PropertyValueSpecification","valueRequired":true,"valueName":"search_term_string"}}],"inLanguage":"fr-BE"},{"@type":"Organization","@id":"https:\/\/vieassociative.be\/actualites\/#organization","name":"Vie Associative","url":"https:\/\/vieassociative.be\/actualites\/","logo":{"@type":"ImageObject","inLanguage":"fr-BE","@id":"https:\/\/vieassociative.be\/actualites\/#\/schema\/logo\/image\/","url":"https:\/\/vieassociative.be\/actualites\/wp-content\/uploads\/2024\/09\/cropped-vieassociative_favicon.ico.png","contentUrl":"https:\/\/vieassociative.be\/actualites\/wp-content\/uploads\/2024\/09\/cropped-vieassociative_favicon.ico.png","width":512,"height":512,"caption":"Vie Associative"},"image":{"@id":"https:\/\/vieassociative.be\/actualites\/#\/schema\/logo\/image\/"}},{"@type":"Person","@id":"https:\/\/vieassociative.be\/actualites\/#\/schema\/person\/b87ac4f82f9d4e7b7cec7395b679edc4","name":"Julien","image":{"@type":"ImageObject","inLanguage":"fr-BE","@id":"https:\/\/vieassociative.be\/actualites\/#\/schema\/person\/image\/","url":"https:\/\/vieassociative.be\/actualites\/wp-content\/uploads\/2024\/09\/vie-associative-1-150x150.jpg","contentUrl":"https:\/\/vieassociative.be\/actualites\/wp-content\/uploads\/2024\/09\/vie-associative-1-150x150.jpg","caption":"Julien"},"description":"Je suis Julien, r\u00e9dacteur pour Vie Associative. Passionn\u00e9 par le monde associatif depuis plus de 10 ans, j'ai \u00e0 c\u0153ur de partager des histoires inspirantes et de mettre en lumi\u00e8re les initiatives locales. Mon objectif est de sensibiliser et d'encourager l'engagement communautaire \u00e0 travers mes articles.","sameAs":["https:\/\/vieassociative.be\/"]}]}},"_links":{"self":[{"href":"https:\/\/vieassociative.be\/actualites\/wp-json\/wp\/v2\/posts\/10594"}],"collection":[{"href":"https:\/\/vieassociative.be\/actualites\/wp-json\/wp\/v2\/posts"}],"about":[{"href":"https:\/\/vieassociative.be\/actualites\/wp-json\/wp\/v2\/types\/post"}],"author":[{"embeddable":true,"href":"https:\/\/vieassociative.be\/actualites\/wp-json\/wp\/v2\/users\/1"}],"replies":[{"embeddable":true,"href":"https:\/\/vieassociative.be\/actualites\/wp-json\/wp\/v2\/comments?post=10594"}],"version-history":[{"count":0,"href":"https:\/\/vieassociative.be\/actualites\/wp-json\/wp\/v2\/posts\/10594\/revisions"}],"wp:featuredmedia":[{"embeddable":true,"href":"https:\/\/vieassociative.be\/actualites\/wp-json\/wp\/v2\/media\/10595"}],"wp:attachment":[{"href":"https:\/\/vieassociative.be\/actualites\/wp-json\/wp\/v2\/media?parent=10594"}],"wp:term":[{"taxonomy":"category","embeddable":true,"href":"https:\/\/vieassociative.be\/actualites\/wp-json\/wp\/v2\/categories?post=10594"},{"taxonomy":"post_tag","embeddable":true,"href":"https:\/\/vieassociative.be\/actualites\/wp-json\/wp\/v2\/tags?post=10594"}],"curies":[{"name":"wp","href":"https:\/\/api.w.org\/{rel}","templated":true}]}}