{"id":10588,"date":"2025-10-11T04:17:29","date_gmt":"2025-10-11T02:17:29","guid":{"rendered":"https:\/\/vieassociative.be\/actualites\/seulement-0-0-les-diables-rouges-jouent-pour-un-but-sans-but\/"},"modified":"2025-10-11T04:17:29","modified_gmt":"2025-10-11T02:17:29","slug":"seulement-0-0-les-diables-rouges-jouent-pour-un-but-sans-but","status":"publish","type":"post","link":"https:\/\/vieassociative.be\/actualites\/seulement-0-0-les-diables-rouges-jouent-pour-un-but-sans-but\/","title":{"rendered":"Seulement 0-0 \u2013 Les Diables Rouges jouent pour un but \u2013 sans but"},"content":{"rendered":"<p><strong>L&rsquo;\u00e9quipe nationale belge n&rsquo;a pas r\u00e9ussi \u00e0 faire sortir la Mac\u00e9doine du Nord de la premi\u00e8re place. Malgr\u00e9 90 minutes de football \u00e0 sens unique, les Diables Rouges ont d\u00fb se contenter d&rsquo;un match nul 0-0 \u00e0 la Planet Group Arena de Gand. La Belgique s&rsquo;est heurt\u00e9e \u00e0 une d\u00e9fense tr\u00e8s compacte et a rat\u00e9 de nombreuses occasions.<\/strong><\/p>\n<p><span id=\"more-426752\"><\/span>L&rsquo;enjeu \u00e9tait de taille car avec une victoire, les prot\u00e9g\u00e9s de Rudi Garcia auraient pu priver leurs adversaires de la premi\u00e8re place du groupe. Cependant, cela ne s&rsquo;est pas produit car la Belgique n&rsquo;a pas pu marquer de but.<\/p>\n<p>Le onze de d\u00e9part belge : Courtois \u2013 Castagne, Debast, Theate, De Cuyper \u2013 Raskin, Vanaken, De Bruyne \u2013 Saelemaekers, Trossard, Doku.<\/p>\n<p>Il fallut dix bonnes minutes aux Belges pour obtenir leur premier v\u00e9ritable tir. Apr\u00e8s un centre d\u00e9vi\u00e9 de Saelemaekers, De Bruyne tentait de loin, mais son tir sortait.<\/p>\n<div id=\"attachment_426774\" class=\"wp-caption alignleft\" style=\"max-width: 300px\"><img fetchpriority=\"high\" decoding=\"async\" class=\"wp-image-426774 size-medium\" src=\"https:\/\/vieassociative.be\/actualites\/wp-content\/uploads\/2025\/10\/Seulement-0-0-\u2013-Les-Diables-Rouges-jouent-pour-un-but.jpg\" alt=\"\" width=\"300\" height=\"200\"><\/div>\n<p>Au bout d&rsquo;un quart d&rsquo;heure, Castagne \u00e9tait en bonne position, quoique un peu loin sur la droite. Au lieu de tirer, il tente un centre, mais son ballon ne trouve pas preneur.<\/p>\n<p>Apr\u00e8s que le but de De Cuyper ait \u00e9t\u00e9 refus\u00e9 \u00e0 juste titre pour hors-jeu de De Bruyne et sur un corner dangereux de Saelemaekers, les Diables \u00e9taient proches de prendre l&rsquo;avantage \u00e0 la 26e minute. Apr\u00e8s une \u00e9norme confusion, Trossard et Saelemaekers ont tent\u00e9 leur chance l&rsquo;un apr\u00e8s l&rsquo;autre, mais ont \u00e9t\u00e9 repouss\u00e9s par plusieurs d\u00e9fenseurs revenus sur la ligne de but pour d\u00e9fendre.<\/p>\n<p>Apr\u00e8s un beau coup franc de De Bruyne, la t\u00eate de L\u00e9andro Trossard passe \u00e0 c\u00f4t\u00e9 et laisse passer une nouvelle belle occasion de prendre l&rsquo;avantage.<\/p>\n<p>Au retour de la cabine, la composition est rest\u00e9e inchang\u00e9e. Apr\u00e8s un joli mouvement de Trossard et De Bruyne, Saelemaekers trouvait Doku dans la zone arri\u00e8re, mais son tir depuis le point de penalty manquait le but.<\/p>\n<p>Puis son ancien co\u00e9quipier Kevin De Bruyne a tent\u00e9 depuis l&rsquo;ext\u00e9rieur de la surface de r\u00e9paration. Son tir du pied gauche a \u00e9t\u00e9 tr\u00e8s bien stopp\u00e9 par Dimitrievski.<\/p>\n<div id=\"attachment_426754\" class=\"wp-caption alignleft\" style=\"max-width: 300px\"><img decoding=\"async\" class=\"wp-image-426754 size-medium\" src=\"https:\/\/vieassociative.be\/actualites\/wp-content\/uploads\/2025\/10\/1760149049_965_Seulement-0-0-\u2013-Les-Diables-Rouges-jouent-pour-un-but.jpg\" alt=\"\" width=\"300\" height=\"200\"><\/div>\n<p>Apr\u00e8s une heure de jeu, la Belgique lance une contre-attaque. Doku a domin\u00e9 plusieurs joueurs adverses avant d\u2019essayer son pied gauche. Malheureusement, son tir a \u00e9t\u00e9 d\u00e9vi\u00e9 en corner. Quelques minutes plus tard, Openda, qui venait d&rsquo;entrer en jeu et \u00e9tait bien servi par Vanaken, a \u00e9t\u00e9 repouss\u00e9 par le gardien Dimitrievski.<\/p>\n<p>A un quart d&rsquo;heure de la fin, Castagne s&rsquo;enfon\u00e7ait dans la surface de r\u00e9paration apr\u00e8s un centre de Doku. Malheureusement, l&rsquo;arri\u00e8re droit n&rsquo;a pas pu r\u00e9ussir son tir acrobatique au but.<\/p>\n<p>Fofana, \u00e9galement remplac\u00e9, a repris un centre de Doku \u00e0 la 82e minute. Mais il manque le but de peu et son tir est d\u00e9vi\u00e9 en corner. Quelques minutes plus tard, le Lyonnais tirait fort du pied gauche au but, mais Dimitrievski d\u00e9tournait \u00e0 nouveau le ballon, d\u00e9samor\u00e7ant le danger. La Belgique n&rsquo;a finalement pas r\u00e9ussi \u00e0 vaincre Dimitrievski, qui a contrecarr\u00e9 plusieurs bonnes occasions belges.<\/p>\n<p>La Belgique reste \u00e0 la deuxi\u00e8me place du classement avant de se rendre au Pays de Galles lundi soir. Les Diables Rouges sont toujours \u00e0 un point de la Mac\u00e9doine du Nord, qui a disput\u00e9 un match de plus. (cr\u00e9er)<\/p>\n<p><strong>Le tableau du Groupe J (matchs\/diff\u00e9rence de buts\/points)<\/strong><\/p>\n<ol>\n<li>Mac\u00e9doine du Nord 6 \/ +9 \/ 12<\/li>\n<li>Belgique 5 \/ +13 \/ 11<\/li>\n<li>Pays de Galles 5 \/ +5 \/ 10<\/li>\n<li>Kazakhstan 6\/-4\/6<\/li>\n<li>Liechtenstein 6\/-23\/0<\/li>\n<\/ol>\n","protected":false},"excerpt":{"rendered":"<p>L&rsquo;\u00e9quipe nationale belge n&rsquo;a pas r\u00e9ussi \u00e0 faire sortir la Mac\u00e9doine du Nord de la premi\u00e8re place. Malgr\u00e9 90 minutes de football \u00e0 sens unique,<\/p>\n","protected":false},"author":1,"featured_media":10589,"comment_status":"","ping_status":"","sticky":false,"template":"","format":"standard","meta":{"footnotes":""},"categories":[298],"tags":[2389,984,14,81,2366,130,2583],"class_list":["post-10588","post","type-post","status-publish","format-standard","has-post-thumbnail","hentry","category-belgique","tag-diables","tag-jouent","tag-les","tag-pour","tag-rouges","tag-sans","tag-seulement","generate-columns","tablet-grid-50","mobile-grid-100","grid-parent","grid-33"],"yoast_head":"<!-- This site is optimized with the Yoast SEO plugin v24.0 - https:\/\/yoast.com\/wordpress\/plugins\/seo\/ -->\n<title>Seulement 0-0 \u2013 Les Diables Rouges jouent pour un but \u2013 sans but | Vie Associative<\/title>\n<meta name=\"robots\" content=\"index, follow, max-snippet:-1, max-image-preview:large, max-video-preview:-1\" \/>\n<link rel=\"canonical\" href=\"https:\/\/vieassociative.be\/actualites\/seulement-0-0-les-diables-rouges-jouent-pour-un-but-sans-but\/\" \/>\n<meta property=\"og:locale\" content=\"fr_FR\" \/>\n<meta property=\"og:type\" content=\"article\" \/>\n<meta property=\"og:title\" content=\"Seulement 0-0 \u2013 Les Diables Rouges jouent pour un but \u2013 sans but | Vie Associative\" \/>\n<meta property=\"og:description\" content=\"L&rsquo;\u00e9quipe nationale belge n&rsquo;a pas r\u00e9ussi \u00e0 faire sortir la Mac\u00e9doine du Nord de la premi\u00e8re place. Malgr\u00e9 90 minutes de football \u00e0 sens unique,\" \/>\n<meta property=\"og:url\" content=\"https:\/\/vieassociative.be\/actualites\/seulement-0-0-les-diables-rouges-jouent-pour-un-but-sans-but\/\" \/>\n<meta property=\"og:site_name\" content=\"Vie Associative\" \/>\n<meta property=\"article:published_time\" content=\"2025-10-11T02:17:29+00:00\" \/>\n<meta property=\"og:image\" content=\"https:\/\/vieassociative.be\/actualites\/wp-content\/uploads\/2024\/09\/header_backgroundk-01-e1726694325946.png\" \/>\n\t<meta property=\"og:image:width\" content=\"279\" \/>\n\t<meta property=\"og:image:height\" content=\"92\" \/>\n\t<meta property=\"og:image:type\" content=\"image\/png\" \/>\n<meta name=\"author\" content=\"Julien\" \/>\n<meta name=\"twitter:card\" content=\"summary_large_image\" \/>\n<meta name=\"twitter:label1\" content=\"\u00c9crit par\" \/>\n\t<meta name=\"twitter:data1\" content=\"Julien\" \/>\n\t<meta name=\"twitter:label2\" content=\"Dur\u00e9e de lecture est.\" \/>\n\t<meta name=\"twitter:data2\" content=\"3 minutes\" \/>\n<script type=\"application\/ld+json\" class=\"yoast-schema-graph\">{\"@context\":\"https:\/\/schema.org\",\"@graph\":[{\"@type\":\"Article\",\"@id\":\"https:\/\/vieassociative.be\/actualites\/seulement-0-0-les-diables-rouges-jouent-pour-un-but-sans-but\/#article\",\"isPartOf\":{\"@id\":\"https:\/\/vieassociative.be\/actualites\/seulement-0-0-les-diables-rouges-jouent-pour-un-but-sans-but\/\"},\"author\":{\"name\":\"Julien\",\"@id\":\"https:\/\/vieassociative.be\/actualites\/#\/schema\/person\/b87ac4f82f9d4e7b7cec7395b679edc4\"},\"headline\":\"Seulement 0-0 \u2013 Les Diables Rouges jouent pour un but \u2013 sans but\",\"datePublished\":\"2025-10-11T02:17:29+00:00\",\"dateModified\":\"2025-10-11T02:17:29+00:00\",\"mainEntityOfPage\":{\"@id\":\"https:\/\/vieassociative.be\/actualites\/seulement-0-0-les-diables-rouges-jouent-pour-un-but-sans-but\/\"},\"wordCount\":608,\"publisher\":{\"@id\":\"https:\/\/vieassociative.be\/actualites\/#organization\"},\"image\":{\"@id\":\"https:\/\/vieassociative.be\/actualites\/seulement-0-0-les-diables-rouges-jouent-pour-un-but-sans-but\/#primaryimage\"},\"thumbnailUrl\":\"https:\/\/vieassociative.be\/actualites\/wp-content\/uploads\/2025\/10\/1760149049_Seulement-0-0-\u2013-Les-Diables-Rouges-jouent-pour-un-but.jpg\",\"keywords\":[\"Diables\",\"jouent\",\"Les\",\"pour\",\"rouges\",\"sans\",\"seulement\"],\"articleSection\":[\"Belgique\"],\"inLanguage\":\"fr-BE\"},{\"@type\":\"WebPage\",\"@id\":\"https:\/\/vieassociative.be\/actualites\/seulement-0-0-les-diables-rouges-jouent-pour-un-but-sans-but\/\",\"url\":\"https:\/\/vieassociative.be\/actualites\/seulement-0-0-les-diables-rouges-jouent-pour-un-but-sans-but\/\",\"name\":\"Seulement 0-0 \u2013 Les Diables Rouges jouent pour un but \u2013 sans but | Vie Associative\",\"isPartOf\":{\"@id\":\"https:\/\/vieassociative.be\/actualites\/#website\"},\"primaryImageOfPage\":{\"@id\":\"https:\/\/vieassociative.be\/actualites\/seulement-0-0-les-diables-rouges-jouent-pour-un-but-sans-but\/#primaryimage\"},\"image\":{\"@id\":\"https:\/\/vieassociative.be\/actualites\/seulement-0-0-les-diables-rouges-jouent-pour-un-but-sans-but\/#primaryimage\"},\"thumbnailUrl\":\"https:\/\/vieassociative.be\/actualites\/wp-content\/uploads\/2025\/10\/1760149049_Seulement-0-0-\u2013-Les-Diables-Rouges-jouent-pour-un-but.jpg\",\"datePublished\":\"2025-10-11T02:17:29+00:00\",\"dateModified\":\"2025-10-11T02:17:29+00:00\",\"breadcrumb\":{\"@id\":\"https:\/\/vieassociative.be\/actualites\/seulement-0-0-les-diables-rouges-jouent-pour-un-but-sans-but\/#breadcrumb\"},\"inLanguage\":\"fr-BE\",\"potentialAction\":[{\"@type\":\"ReadAction\",\"target\":[\"https:\/\/vieassociative.be\/actualites\/seulement-0-0-les-diables-rouges-jouent-pour-un-but-sans-but\/\"]}]},{\"@type\":\"ImageObject\",\"inLanguage\":\"fr-BE\",\"@id\":\"https:\/\/vieassociative.be\/actualites\/seulement-0-0-les-diables-rouges-jouent-pour-un-but-sans-but\/#primaryimage\",\"url\":\"https:\/\/vieassociative.be\/actualites\/wp-content\/uploads\/2025\/10\/1760149049_Seulement-0-0-\u2013-Les-Diables-Rouges-jouent-pour-un-but.jpg\",\"contentUrl\":\"https:\/\/vieassociative.be\/actualites\/wp-content\/uploads\/2025\/10\/1760149049_Seulement-0-0-\u2013-Les-Diables-Rouges-jouent-pour-un-but.jpg\",\"width\":1200,\"height\":801,\"caption\":\"Seulement 0-0 \u2013 Les Diables Rouges jouent pour un but \u2013 sans but\"},{\"@type\":\"BreadcrumbList\",\"@id\":\"https:\/\/vieassociative.be\/actualites\/seulement-0-0-les-diables-rouges-jouent-pour-un-but-sans-but\/#breadcrumb\",\"itemListElement\":[{\"@type\":\"ListItem\",\"position\":1,\"name\":\"Accueil\",\"item\":\"https:\/\/vieassociative.be\/actualites\/\"},{\"@type\":\"ListItem\",\"position\":2,\"name\":\"Seulement 0-0 \u2013 Les Diables Rouges jouent pour un but \u2013 sans but\"}]},{\"@type\":\"WebSite\",\"@id\":\"https:\/\/vieassociative.be\/actualites\/#website\",\"url\":\"https:\/\/vieassociative.be\/actualites\/\",\"name\":\"Vie Associative\",\"description\":\"\",\"publisher\":{\"@id\":\"https:\/\/vieassociative.be\/actualites\/#organization\"},\"potentialAction\":[{\"@type\":\"SearchAction\",\"target\":{\"@type\":\"EntryPoint\",\"urlTemplate\":\"https:\/\/vieassociative.be\/actualites\/?s={search_term_string}\"},\"query-input\":{\"@type\":\"PropertyValueSpecification\",\"valueRequired\":true,\"valueName\":\"search_term_string\"}}],\"inLanguage\":\"fr-BE\"},{\"@type\":\"Organization\",\"@id\":\"https:\/\/vieassociative.be\/actualites\/#organization\",\"name\":\"Vie Associative\",\"url\":\"https:\/\/vieassociative.be\/actualites\/\",\"logo\":{\"@type\":\"ImageObject\",\"inLanguage\":\"fr-BE\",\"@id\":\"https:\/\/vieassociative.be\/actualites\/#\/schema\/logo\/image\/\",\"url\":\"https:\/\/vieassociative.be\/actualites\/wp-content\/uploads\/2024\/09\/cropped-vieassociative_favicon.ico.png\",\"contentUrl\":\"https:\/\/vieassociative.be\/actualites\/wp-content\/uploads\/2024\/09\/cropped-vieassociative_favicon.ico.png\",\"width\":512,\"height\":512,\"caption\":\"Vie Associative\"},\"image\":{\"@id\":\"https:\/\/vieassociative.be\/actualites\/#\/schema\/logo\/image\/\"}},{\"@type\":\"Person\",\"@id\":\"https:\/\/vieassociative.be\/actualites\/#\/schema\/person\/b87ac4f82f9d4e7b7cec7395b679edc4\",\"name\":\"Julien\",\"image\":{\"@type\":\"ImageObject\",\"inLanguage\":\"fr-BE\",\"@id\":\"https:\/\/vieassociative.be\/actualites\/#\/schema\/person\/image\/\",\"url\":\"https:\/\/vieassociative.be\/actualites\/wp-content\/uploads\/2024\/09\/vie-associative-1-150x150.jpg\",\"contentUrl\":\"https:\/\/vieassociative.be\/actualites\/wp-content\/uploads\/2024\/09\/vie-associative-1-150x150.jpg\",\"caption\":\"Julien\"},\"description\":\"Je suis Julien, r\u00e9dacteur pour Vie Associative. Passionn\u00e9 par le monde associatif depuis plus de 10 ans, j'ai \u00e0 c\u0153ur de partager des histoires inspirantes et de mettre en lumi\u00e8re les initiatives locales. Mon objectif est de sensibiliser et d'encourager l'engagement communautaire \u00e0 travers mes articles.\",\"sameAs\":[\"https:\/\/vieassociative.be\/\"]}]}<\/script>\n<!-- \/ Yoast SEO plugin. -->","yoast_head_json":{"title":"Seulement 0-0 \u2013 Les Diables Rouges jouent pour un but \u2013 sans but | Vie Associative","robots":{"index":"index","follow":"follow","max-snippet":"max-snippet:-1","max-image-preview":"max-image-preview:large","max-video-preview":"max-video-preview:-1"},"canonical":"https:\/\/vieassociative.be\/actualites\/seulement-0-0-les-diables-rouges-jouent-pour-un-but-sans-but\/","og_locale":"fr_FR","og_type":"article","og_title":"Seulement 0-0 \u2013 Les Diables Rouges jouent pour un but \u2013 sans but | Vie Associative","og_description":"L&rsquo;\u00e9quipe nationale belge n&rsquo;a pas r\u00e9ussi \u00e0 faire sortir la Mac\u00e9doine du Nord de la premi\u00e8re place. Malgr\u00e9 90 minutes de football \u00e0 sens unique,","og_url":"https:\/\/vieassociative.be\/actualites\/seulement-0-0-les-diables-rouges-jouent-pour-un-but-sans-but\/","og_site_name":"Vie Associative","article_published_time":"2025-10-11T02:17:29+00:00","og_image":[{"width":279,"height":92,"url":"https:\/\/vieassociative.be\/actualites\/wp-content\/uploads\/2024\/09\/header_backgroundk-01-e1726694325946.png","type":"image\/png"}],"author":"Julien","twitter_card":"summary_large_image","twitter_misc":{"\u00c9crit par":"Julien","Dur\u00e9e de lecture est.":"3 minutes"},"schema":{"@context":"https:\/\/schema.org","@graph":[{"@type":"Article","@id":"https:\/\/vieassociative.be\/actualites\/seulement-0-0-les-diables-rouges-jouent-pour-un-but-sans-but\/#article","isPartOf":{"@id":"https:\/\/vieassociative.be\/actualites\/seulement-0-0-les-diables-rouges-jouent-pour-un-but-sans-but\/"},"author":{"name":"Julien","@id":"https:\/\/vieassociative.be\/actualites\/#\/schema\/person\/b87ac4f82f9d4e7b7cec7395b679edc4"},"headline":"Seulement 0-0 \u2013 Les Diables Rouges jouent pour un but \u2013 sans but","datePublished":"2025-10-11T02:17:29+00:00","dateModified":"2025-10-11T02:17:29+00:00","mainEntityOfPage":{"@id":"https:\/\/vieassociative.be\/actualites\/seulement-0-0-les-diables-rouges-jouent-pour-un-but-sans-but\/"},"wordCount":608,"publisher":{"@id":"https:\/\/vieassociative.be\/actualites\/#organization"},"image":{"@id":"https:\/\/vieassociative.be\/actualites\/seulement-0-0-les-diables-rouges-jouent-pour-un-but-sans-but\/#primaryimage"},"thumbnailUrl":"https:\/\/vieassociative.be\/actualites\/wp-content\/uploads\/2025\/10\/1760149049_Seulement-0-0-\u2013-Les-Diables-Rouges-jouent-pour-un-but.jpg","keywords":["Diables","jouent","Les","pour","rouges","sans","seulement"],"articleSection":["Belgique"],"inLanguage":"fr-BE"},{"@type":"WebPage","@id":"https:\/\/vieassociative.be\/actualites\/seulement-0-0-les-diables-rouges-jouent-pour-un-but-sans-but\/","url":"https:\/\/vieassociative.be\/actualites\/seulement-0-0-les-diables-rouges-jouent-pour-un-but-sans-but\/","name":"Seulement 0-0 \u2013 Les Diables Rouges jouent pour un but \u2013 sans but | Vie Associative","isPartOf":{"@id":"https:\/\/vieassociative.be\/actualites\/#website"},"primaryImageOfPage":{"@id":"https:\/\/vieassociative.be\/actualites\/seulement-0-0-les-diables-rouges-jouent-pour-un-but-sans-but\/#primaryimage"},"image":{"@id":"https:\/\/vieassociative.be\/actualites\/seulement-0-0-les-diables-rouges-jouent-pour-un-but-sans-but\/#primaryimage"},"thumbnailUrl":"https:\/\/vieassociative.be\/actualites\/wp-content\/uploads\/2025\/10\/1760149049_Seulement-0-0-\u2013-Les-Diables-Rouges-jouent-pour-un-but.jpg","datePublished":"2025-10-11T02:17:29+00:00","dateModified":"2025-10-11T02:17:29+00:00","breadcrumb":{"@id":"https:\/\/vieassociative.be\/actualites\/seulement-0-0-les-diables-rouges-jouent-pour-un-but-sans-but\/#breadcrumb"},"inLanguage":"fr-BE","potentialAction":[{"@type":"ReadAction","target":["https:\/\/vieassociative.be\/actualites\/seulement-0-0-les-diables-rouges-jouent-pour-un-but-sans-but\/"]}]},{"@type":"ImageObject","inLanguage":"fr-BE","@id":"https:\/\/vieassociative.be\/actualites\/seulement-0-0-les-diables-rouges-jouent-pour-un-but-sans-but\/#primaryimage","url":"https:\/\/vieassociative.be\/actualites\/wp-content\/uploads\/2025\/10\/1760149049_Seulement-0-0-\u2013-Les-Diables-Rouges-jouent-pour-un-but.jpg","contentUrl":"https:\/\/vieassociative.be\/actualites\/wp-content\/uploads\/2025\/10\/1760149049_Seulement-0-0-\u2013-Les-Diables-Rouges-jouent-pour-un-but.jpg","width":1200,"height":801,"caption":"Seulement 0-0 \u2013 Les Diables Rouges jouent pour un but \u2013 sans but"},{"@type":"BreadcrumbList","@id":"https:\/\/vieassociative.be\/actualites\/seulement-0-0-les-diables-rouges-jouent-pour-un-but-sans-but\/#breadcrumb","itemListElement":[{"@type":"ListItem","position":1,"name":"Accueil","item":"https:\/\/vieassociative.be\/actualites\/"},{"@type":"ListItem","position":2,"name":"Seulement 0-0 \u2013 Les Diables Rouges jouent pour un but \u2013 sans but"}]},{"@type":"WebSite","@id":"https:\/\/vieassociative.be\/actualites\/#website","url":"https:\/\/vieassociative.be\/actualites\/","name":"Vie Associative","description":"","publisher":{"@id":"https:\/\/vieassociative.be\/actualites\/#organization"},"potentialAction":[{"@type":"SearchAction","target":{"@type":"EntryPoint","urlTemplate":"https:\/\/vieassociative.be\/actualites\/?s={search_term_string}"},"query-input":{"@type":"PropertyValueSpecification","valueRequired":true,"valueName":"search_term_string"}}],"inLanguage":"fr-BE"},{"@type":"Organization","@id":"https:\/\/vieassociative.be\/actualites\/#organization","name":"Vie Associative","url":"https:\/\/vieassociative.be\/actualites\/","logo":{"@type":"ImageObject","inLanguage":"fr-BE","@id":"https:\/\/vieassociative.be\/actualites\/#\/schema\/logo\/image\/","url":"https:\/\/vieassociative.be\/actualites\/wp-content\/uploads\/2024\/09\/cropped-vieassociative_favicon.ico.png","contentUrl":"https:\/\/vieassociative.be\/actualites\/wp-content\/uploads\/2024\/09\/cropped-vieassociative_favicon.ico.png","width":512,"height":512,"caption":"Vie Associative"},"image":{"@id":"https:\/\/vieassociative.be\/actualites\/#\/schema\/logo\/image\/"}},{"@type":"Person","@id":"https:\/\/vieassociative.be\/actualites\/#\/schema\/person\/b87ac4f82f9d4e7b7cec7395b679edc4","name":"Julien","image":{"@type":"ImageObject","inLanguage":"fr-BE","@id":"https:\/\/vieassociative.be\/actualites\/#\/schema\/person\/image\/","url":"https:\/\/vieassociative.be\/actualites\/wp-content\/uploads\/2024\/09\/vie-associative-1-150x150.jpg","contentUrl":"https:\/\/vieassociative.be\/actualites\/wp-content\/uploads\/2024\/09\/vie-associative-1-150x150.jpg","caption":"Julien"},"description":"Je suis Julien, r\u00e9dacteur pour Vie Associative. Passionn\u00e9 par le monde associatif depuis plus de 10 ans, j'ai \u00e0 c\u0153ur de partager des histoires inspirantes et de mettre en lumi\u00e8re les initiatives locales. Mon objectif est de sensibiliser et d'encourager l'engagement communautaire \u00e0 travers mes articles.","sameAs":["https:\/\/vieassociative.be\/"]}]}},"_links":{"self":[{"href":"https:\/\/vieassociative.be\/actualites\/wp-json\/wp\/v2\/posts\/10588"}],"collection":[{"href":"https:\/\/vieassociative.be\/actualites\/wp-json\/wp\/v2\/posts"}],"about":[{"href":"https:\/\/vieassociative.be\/actualites\/wp-json\/wp\/v2\/types\/post"}],"author":[{"embeddable":true,"href":"https:\/\/vieassociative.be\/actualites\/wp-json\/wp\/v2\/users\/1"}],"replies":[{"embeddable":true,"href":"https:\/\/vieassociative.be\/actualites\/wp-json\/wp\/v2\/comments?post=10588"}],"version-history":[{"count":0,"href":"https:\/\/vieassociative.be\/actualites\/wp-json\/wp\/v2\/posts\/10588\/revisions"}],"wp:featuredmedia":[{"embeddable":true,"href":"https:\/\/vieassociative.be\/actualites\/wp-json\/wp\/v2\/media\/10589"}],"wp:attachment":[{"href":"https:\/\/vieassociative.be\/actualites\/wp-json\/wp\/v2\/media?parent=10588"}],"wp:term":[{"taxonomy":"category","embeddable":true,"href":"https:\/\/vieassociative.be\/actualites\/wp-json\/wp\/v2\/categories?post=10588"},{"taxonomy":"post_tag","embeddable":true,"href":"https:\/\/vieassociative.be\/actualites\/wp-json\/wp\/v2\/tags?post=10588"}],"curies":[{"name":"wp","href":"https:\/\/api.w.org\/{rel}","templated":true}]}}