{"id":10584,"date":"2025-10-11T02:17:12","date_gmt":"2025-10-11T00:17:12","guid":{"rendered":"https:\/\/vieassociative.be\/actualites\/cette-tendance-rend-encore-plus-difficile-de-savoir-quand-une-video-est-generee-par-lia-2\/"},"modified":"2025-10-11T02:17:12","modified_gmt":"2025-10-11T00:17:12","slug":"cette-tendance-rend-encore-plus-difficile-de-savoir-quand-une-video-est-generee-par-lia-2","status":"publish","type":"post","link":"https:\/\/vieassociative.be\/actualites\/cette-tendance-rend-encore-plus-difficile-de-savoir-quand-une-video-est-generee-par-lia-2\/","title":{"rendered":"Cette tendance rend encore plus difficile de savoir quand une vid\u00e9o est g\u00e9n\u00e9r\u00e9e par l&rsquo;IA"},"content":{"rendered":"<div class=\"mt-4 leading-6 md:mb-8\">Il devient impossible de distinguer le vrai du faux.<\/div>\n<p><\/p>\n<p><em>Saviez-vous que vous pouvez personnaliser Google pour filtrer les d\u00e9chets\u00a0? Suivez ces \u00e9tapes<\/em><em>  pour de meilleurs r\u00e9sultats de recherche, notamment en ajoutant mon travail chez Vie Associative comme source pr\u00e9f\u00e9r\u00e9e<\/em><em>.<\/em><\/p>\n<hr>\n<p>C&rsquo;est effrayant de voir \u00e0 quel point les vid\u00e9os g\u00e9n\u00e9r\u00e9es par l&rsquo;IA deviennent r\u00e9alistes. Ce qui est encore plus effrayant, cependant, c&rsquo;est \u00e0 quel point les outils permettant de cr\u00e9er ces vid\u00e9os sont accessibles. En utilisant quelque chose comme l&rsquo;application Sora d&rsquo;OpenAI, les gens peuvent cr\u00e9er des vid\u00e9os courtes hyper r\u00e9alistes de \u00e0 peu pr\u00e8s tout ce qu&rsquo;ils veulent, y compris de vraies personnes, comme des c\u00e9l\u00e9brit\u00e9s, des amis ou m\u00eame eux-m\u00eames. <\/p>\n<p>OpenAI conna\u00eet les risques li\u00e9s \u00e0 une application qui facilite la g\u00e9n\u00e9ration de vid\u00e9os r\u00e9alistes. En tant que telle, la soci\u00e9t\u00e9 place un filigrane sur toute g\u00e9n\u00e9ration Sora que vous cr\u00e9ez via l&rsquo;application. De cette fa\u00e7on, lorsque vous parcourez vos flux de m\u00e9dias sociaux, si vous voyez un petit logo Sora avec un joli nuage avec des yeux qui rebondissent, vous savez qu&rsquo;il est g\u00e9n\u00e9r\u00e9 par l&rsquo;IA.<\/p>\n<div class=\"mx-auto mb-12 mt-5 w-full max-w-3xl rounded-md border-2 border-gray-100 p-3 shadow-md md:px-7 md:pb-7 md:pt-5\" id=\"related-video\">\n<div class=\"mb-3 flex items-center md:mb-5\">\n        <img decoding=\"async\" class=\"mr-4 mt-0 h-10 w-10 md:mr-5 md:h-12 md:w-12\" src=\"https:\/\/vieassociative.be\/actualites\/wp-content\/uploads\/2025\/09\/1757726237_608_Meta-pourrait-devoiler-une-montre-intelligente-pour-controler-ses-lunettes.jpg\" alt=\"Logo du pirate de la vie\"><\/p><\/div>\n<div class=\"aspect-video w-full overflow-hidden rounded-md\">\n<div id=\"video-container-01K789FW15NYH349B21RHNH19C\"><\/div>\n<\/p><\/div>\n<\/div>\n<h2 id=\"you-cant-trust-a-sora-watermark\">Vous ne pouvez pas faire confiance \u00e0 un filigrane Sora<\/h2>\n<p>Mon inqui\u00e9tude imm\u00e9diate lorsque OpenAI a annonc\u00e9 cette application \u00e9tait que les gens trouveraient un moyen de supprimer le filigrane, semant ainsi la confusion sur Internet. Je n&rsquo;avais pas tort : il existe d\u00e9j\u00e0 de nombreuses options pour les parties int\u00e9ress\u00e9es qui souhaitent rendre leur IA encore plus r\u00e9aliste. Mais ce \u00e0 quoi je ne m&rsquo;attendais pas, c&rsquo;est le contraire : des gens qui veulent <em>ajouter <\/em>le filigrane Sora sur de vraies vid\u00e9os, pour leur donner l&rsquo;impression qu&rsquo;elles ont \u00e9t\u00e9 cr\u00e9\u00e9es avec l&rsquo;IA. <\/p>\n<p>J&rsquo;\u00e9tais r\u00e9cemment en train de faire d\u00e9filer &#8211; ou peut-\u00eatre de faire un doomscroll &#8211; sur X lorsque j&rsquo;ai commenc\u00e9 \u00e0 voir certaines de ces vid\u00e9os, comme celle-ci mettant en vedette le dirigeant d&rsquo;Apple, Craig Federighi : Le message dit \u00ab\u00a0Sora devient tellement bon\u00a0\u00bb et inclut le filigrane Sora, j&rsquo;ai donc suppos\u00e9 que quelqu&rsquo;un avait fait une apparition de Federighi dans l&rsquo;application et l&rsquo;avait post\u00e9 sur X. \u00c0 ma grande surprise, cependant, la vid\u00e9o est simplement extraite de l&rsquo;un des \u00e9v\u00e9nements WWDC pr\u00e9enregistr\u00e9s d&rsquo;Apple &#8211; un o\u00f9 Federighi fait des parkours autour du si\u00e8ge d&rsquo;Apple.<\/p>\n<p>Plus tard, j&rsquo;ai vu ce clip, qui utilise \u00e9galement un filigrane Sora. \u00c0 premi\u00e8re vue, vous pourriez croire qu\u2019il s\u2019agit d\u2019un produit OpenAI. Mais regardez de plus pr\u00e8s, et vous pouvez voir que le clip utilise de vraies personnes : les plans sont trop parfaits, sans le flou ou les probl\u00e8mes que vous avez tendance \u00e0 voir avec la g\u00e9n\u00e9ration vid\u00e9o AI. Ce clip usurpe simplement la fa\u00e7on dont Sora a tendance \u00e0 g\u00e9n\u00e9rer des clips multi-plans de personnes parlant. (Les spectateurs avis\u00e9s remarqueront peut-\u00eatre \u00e9galement que le filigrane est un peu plus grand et plus statique que le v\u00e9ritable filigrane Sora.)<\/p>\n<blockquote class=\"twitterEmbed twitter-tweet\"><p>\n    <a rel=\"nofollow noopener\" class=\"text-gray-600\" href=\"https:\/\/twitter.com\/theo\/status\/1976026324008566816\" title=\"open in a new window\" target=\"_blank\"><\/p>\n<p>        Ce Tweet est actuellement indisponible. Il est peut-\u00eatre en cours de chargement ou a \u00e9t\u00e9 supprim\u00e9.<br \/>\n    <\/a>\n<\/p><\/blockquote>\n<p>Il s&rsquo;av\u00e8re que le compte qui a publi\u00e9 ce deuxi\u00e8me clip a \u00e9galement cr\u00e9\u00e9 un outil permettant d&rsquo;ajouter un filigrane Sora \u00e0 n&rsquo;importe quelle vid\u00e9o. Ils n&rsquo;expliquent pas la pens\u00e9e ou le but derri\u00e8re l&rsquo;outil, mais c&rsquo;est d\u00e9finitivement r\u00e9el. Et m\u00eame si cet outil n&rsquo;existait pas, je suis s\u00fbr qu&rsquo;il ne serait pas trop difficile d&rsquo;\u00e9diter un filigrane Sora dans une vid\u00e9o, surtout si vous n&rsquo;\u00e9tiez pas soucieux de reproduire le mouvement du filigrane officiel de Sora. <\/p>\n<p>Pour \u00eatre clair, les gens publiaient d\u00e9j\u00e0 comme \u00e7a avant d&rsquo;ajouter l&rsquo;outil de filigrane. La blague, c&rsquo;est de dire que vous avez fait quelque chose avec Sora, mais de publier \u00e0 la place un clip populaire ou tristement c\u00e9l\u00e8bre \u2013 par exemple, la publicit\u00e9 Sprite de Drake d&rsquo;il y a 15 ans, Taylor Swift dansant au Eras Tour, ou un film entier. <em>Sonic le h\u00e9risson<\/em> film. C&rsquo;est un m\u00e8me amusant, surtout quand il est \u00e9vident que la vid\u00e9o <em>n&rsquo;\u00e9tait pas<\/em> r\u00e9alis\u00e9 par Sora. <\/p>\n<blockquote class=\"twitterEmbed twitter-tweet\"><p>\n    <a rel=\"nofollow noopener\" class=\"text-gray-600\" href=\"https:\/\/twitter.com\/tervisscoot\/status\/1976018927357657178\" title=\"open in a new window\" target=\"_blank\"><\/p>\n<p>        Ce Tweet est actuellement indisponible. Il est peut-\u00eatre en cours de chargement ou a \u00e9t\u00e9 supprim\u00e9.<br \/>\n    <\/a>\n<\/p><\/blockquote>\n<h2 id=\"real-or-not-real\">R\u00e9el ou pas r\u00e9el ?<\/h2>\n<p>Mais c&rsquo;est un rappel important pour \u00eatre constamment vigilant lorsque vous faites d\u00e9filer les vid\u00e9os sur vos flux. Vous devez \u00eatre \u00e0 l&rsquo;aff\u00fbt des clips qui ne sont pas r\u00e9els, ainsi que des clips qui sont r\u00e9ellement r\u00e9els, mais qui sont annonc\u00e9s comme g\u00e9n\u00e9r\u00e9s par l&rsquo;IA. Il y a ici de nombreuses implications. Bien s\u00fbr, c&rsquo;est amusant d&rsquo;apposer un filigrane Sora sur une vid\u00e9o virale, mais que se passe-t-il lorsque quelqu&rsquo;un ajoute le filigrane \u00e0 une vraie vid\u00e9o d&rsquo;activit\u00e9 ill\u00e9gale ? \u00ab\u00a0Oh, cette vid\u00e9o n&rsquo;est pas r\u00e9elle. Toutes les vid\u00e9os que vous voyez sans filigrane ont \u00e9t\u00e9 falsifi\u00e9es.\u00a0\u00bb<\/p>\n<p>Pour le moment, il semble que personne n&rsquo;ait compris comment reproduire parfaitement le filigrane Sora. Il y aura donc des signes si quelqu&rsquo;un essaie r\u00e9ellement de faire passer une vraie vid\u00e9o pour de l&rsquo;IA. Mais tout cela reste un peu inqui\u00e9tant et je ne sais pas quelle pourrait \u00eatre la solution. Peut-\u00eatre nous dirigeons-nous vers un avenir dans lequel les vid\u00e9os sur Internet seront simplement consid\u00e9r\u00e9es comme peu fiables \u00e0 tous les niveaux. Si vous ne pouvez pas d\u00e9terminer ce qui est r\u00e9el ou faux, pourquoi essayer\u00a0?<\/p>\n<p><script async src=\"https:\/\/platform.twitter.com\/widgets.js\" charset=\"utf-8\"><\/script><\/p>\n","protected":false},"excerpt":{"rendered":"<p>Il devient impossible de distinguer le vrai du faux. Saviez-vous que vous pouvez personnaliser Google pour filtrer les d\u00e9chets\u00a0? Suivez ces \u00e9tapes pour de meilleurs<\/p>\n","protected":false},"author":1,"featured_media":10585,"comment_status":"","ping_status":"","sticky":false,"template":"","format":"standard","meta":{"footnotes":""},"categories":[13],"tags":[206,3470,592,76,8844,155,676,123,1279,183,1817,110,1204],"class_list":["post-10584","post","type-post","status-publish","format-standard","has-post-thumbnail","hentry","category-technologie","tag-cette","tag-difficile","tag-encore","tag-est","tag-generee","tag-lia","tag-par","tag-quand","tag-rend","tag-savoir","tag-tendance","tag-une","tag-video","generate-columns","tablet-grid-50","mobile-grid-100","grid-parent","grid-33"],"yoast_head":"<!-- This site is optimized with the Yoast SEO plugin v24.0 - https:\/\/yoast.com\/wordpress\/plugins\/seo\/ -->\n<title>Cette tendance rend encore plus difficile de savoir quand une vid\u00e9o est g\u00e9n\u00e9r\u00e9e par l&#039;IA | Vie Associative<\/title>\n<meta name=\"robots\" content=\"index, follow, max-snippet:-1, max-image-preview:large, max-video-preview:-1\" \/>\n<link rel=\"canonical\" href=\"https:\/\/vieassociative.be\/actualites\/cette-tendance-rend-encore-plus-difficile-de-savoir-quand-une-video-est-generee-par-lia-2\/\" \/>\n<meta property=\"og:locale\" content=\"fr_FR\" \/>\n<meta property=\"og:type\" content=\"article\" \/>\n<meta property=\"og:title\" content=\"Cette tendance rend encore plus difficile de savoir quand une vid\u00e9o est g\u00e9n\u00e9r\u00e9e par l&#039;IA | Vie Associative\" \/>\n<meta property=\"og:description\" content=\"Il devient impossible de distinguer le vrai du faux. Saviez-vous que vous pouvez personnaliser Google pour filtrer les d\u00e9chets\u00a0? Suivez ces \u00e9tapes pour de meilleurs\" \/>\n<meta property=\"og:url\" content=\"https:\/\/vieassociative.be\/actualites\/cette-tendance-rend-encore-plus-difficile-de-savoir-quand-une-video-est-generee-par-lia-2\/\" \/>\n<meta property=\"og:site_name\" content=\"Vie Associative\" \/>\n<meta property=\"article:published_time\" content=\"2025-10-11T00:17:12+00:00\" \/>\n<meta property=\"og:image\" content=\"https:\/\/vieassociative.be\/actualites\/wp-content\/uploads\/2025\/09\/1757726237_608_Meta-pourrait-devoiler-une-montre-intelligente-pour-controler-ses-lunettes.jpg\" \/>\n<meta name=\"author\" content=\"Julien\" \/>\n<meta name=\"twitter:card\" content=\"summary_large_image\" \/>\n<meta name=\"twitter:label1\" content=\"\u00c9crit par\" \/>\n\t<meta name=\"twitter:data1\" content=\"Julien\" \/>\n\t<meta name=\"twitter:label2\" content=\"Dur\u00e9e de lecture est.\" \/>\n\t<meta name=\"twitter:data2\" content=\"5 minutes\" \/>\n<script type=\"application\/ld+json\" class=\"yoast-schema-graph\">{\"@context\":\"https:\/\/schema.org\",\"@graph\":[{\"@type\":\"Article\",\"@id\":\"https:\/\/vieassociative.be\/actualites\/cette-tendance-rend-encore-plus-difficile-de-savoir-quand-une-video-est-generee-par-lia-2\/#article\",\"isPartOf\":{\"@id\":\"https:\/\/vieassociative.be\/actualites\/cette-tendance-rend-encore-plus-difficile-de-savoir-quand-une-video-est-generee-par-lia-2\/\"},\"author\":{\"name\":\"Julien\",\"@id\":\"https:\/\/vieassociative.be\/actualites\/#\/schema\/person\/b87ac4f82f9d4e7b7cec7395b679edc4\"},\"headline\":\"Cette tendance rend encore plus difficile de savoir quand une vid\u00e9o est g\u00e9n\u00e9r\u00e9e par l&rsquo;IA\",\"datePublished\":\"2025-10-11T00:17:12+00:00\",\"dateModified\":\"2025-10-11T00:17:12+00:00\",\"mainEntityOfPage\":{\"@id\":\"https:\/\/vieassociative.be\/actualites\/cette-tendance-rend-encore-plus-difficile-de-savoir-quand-une-video-est-generee-par-lia-2\/\"},\"wordCount\":1014,\"publisher\":{\"@id\":\"https:\/\/vieassociative.be\/actualites\/#organization\"},\"image\":{\"@id\":\"https:\/\/vieassociative.be\/actualites\/cette-tendance-rend-encore-plus-difficile-de-savoir-quand-une-video-est-generee-par-lia-2\/#primaryimage\"},\"thumbnailUrl\":\"https:\/\/vieassociative.be\/actualites\/wp-content\/uploads\/2025\/10\/1760141832_Cette-tendance-rend-encore-plus-difficile-de-savoir-quand-une.jpg\",\"keywords\":[\"cette\",\"difficile\",\"encore\",\"est\",\"g\u00e9n\u00e9r\u00e9e\",\"lIA\",\"par\",\"Quand\",\"rend\",\"savoir\",\"tendance\",\"une\",\"vid\u00e9o\"],\"articleSection\":[\"Technologie\"],\"inLanguage\":\"fr-BE\"},{\"@type\":\"WebPage\",\"@id\":\"https:\/\/vieassociative.be\/actualites\/cette-tendance-rend-encore-plus-difficile-de-savoir-quand-une-video-est-generee-par-lia-2\/\",\"url\":\"https:\/\/vieassociative.be\/actualites\/cette-tendance-rend-encore-plus-difficile-de-savoir-quand-une-video-est-generee-par-lia-2\/\",\"name\":\"Cette tendance rend encore plus difficile de savoir quand une vid\u00e9o est g\u00e9n\u00e9r\u00e9e par l'IA | Vie Associative\",\"isPartOf\":{\"@id\":\"https:\/\/vieassociative.be\/actualites\/#website\"},\"primaryImageOfPage\":{\"@id\":\"https:\/\/vieassociative.be\/actualites\/cette-tendance-rend-encore-plus-difficile-de-savoir-quand-une-video-est-generee-par-lia-2\/#primaryimage\"},\"image\":{\"@id\":\"https:\/\/vieassociative.be\/actualites\/cette-tendance-rend-encore-plus-difficile-de-savoir-quand-une-video-est-generee-par-lia-2\/#primaryimage\"},\"thumbnailUrl\":\"https:\/\/vieassociative.be\/actualites\/wp-content\/uploads\/2025\/10\/1760141832_Cette-tendance-rend-encore-plus-difficile-de-savoir-quand-une.jpg\",\"datePublished\":\"2025-10-11T00:17:12+00:00\",\"dateModified\":\"2025-10-11T00:17:12+00:00\",\"breadcrumb\":{\"@id\":\"https:\/\/vieassociative.be\/actualites\/cette-tendance-rend-encore-plus-difficile-de-savoir-quand-une-video-est-generee-par-lia-2\/#breadcrumb\"},\"inLanguage\":\"fr-BE\",\"potentialAction\":[{\"@type\":\"ReadAction\",\"target\":[\"https:\/\/vieassociative.be\/actualites\/cette-tendance-rend-encore-plus-difficile-de-savoir-quand-une-video-est-generee-par-lia-2\/\"]}]},{\"@type\":\"ImageObject\",\"inLanguage\":\"fr-BE\",\"@id\":\"https:\/\/vieassociative.be\/actualites\/cette-tendance-rend-encore-plus-difficile-de-savoir-quand-une-video-est-generee-par-lia-2\/#primaryimage\",\"url\":\"https:\/\/vieassociative.be\/actualites\/wp-content\/uploads\/2025\/10\/1760141832_Cette-tendance-rend-encore-plus-difficile-de-savoir-quand-une.jpg\",\"contentUrl\":\"https:\/\/vieassociative.be\/actualites\/wp-content\/uploads\/2025\/10\/1760141832_Cette-tendance-rend-encore-plus-difficile-de-savoir-quand-une.jpg\",\"width\":1200,\"height\":675,\"caption\":\"Cette tendance rend encore plus difficile de savoir quand une vid\u00e9o est g\u00e9n\u00e9r\u00e9e par l'IA\"},{\"@type\":\"BreadcrumbList\",\"@id\":\"https:\/\/vieassociative.be\/actualites\/cette-tendance-rend-encore-plus-difficile-de-savoir-quand-une-video-est-generee-par-lia-2\/#breadcrumb\",\"itemListElement\":[{\"@type\":\"ListItem\",\"position\":1,\"name\":\"Accueil\",\"item\":\"https:\/\/vieassociative.be\/actualites\/\"},{\"@type\":\"ListItem\",\"position\":2,\"name\":\"Cette tendance rend encore plus difficile de savoir quand une vid\u00e9o est g\u00e9n\u00e9r\u00e9e par l&rsquo;IA\"}]},{\"@type\":\"WebSite\",\"@id\":\"https:\/\/vieassociative.be\/actualites\/#website\",\"url\":\"https:\/\/vieassociative.be\/actualites\/\",\"name\":\"Vie Associative\",\"description\":\"\",\"publisher\":{\"@id\":\"https:\/\/vieassociative.be\/actualites\/#organization\"},\"potentialAction\":[{\"@type\":\"SearchAction\",\"target\":{\"@type\":\"EntryPoint\",\"urlTemplate\":\"https:\/\/vieassociative.be\/actualites\/?s={search_term_string}\"},\"query-input\":{\"@type\":\"PropertyValueSpecification\",\"valueRequired\":true,\"valueName\":\"search_term_string\"}}],\"inLanguage\":\"fr-BE\"},{\"@type\":\"Organization\",\"@id\":\"https:\/\/vieassociative.be\/actualites\/#organization\",\"name\":\"Vie Associative\",\"url\":\"https:\/\/vieassociative.be\/actualites\/\",\"logo\":{\"@type\":\"ImageObject\",\"inLanguage\":\"fr-BE\",\"@id\":\"https:\/\/vieassociative.be\/actualites\/#\/schema\/logo\/image\/\",\"url\":\"https:\/\/vieassociative.be\/actualites\/wp-content\/uploads\/2024\/09\/cropped-vieassociative_favicon.ico.png\",\"contentUrl\":\"https:\/\/vieassociative.be\/actualites\/wp-content\/uploads\/2024\/09\/cropped-vieassociative_favicon.ico.png\",\"width\":512,\"height\":512,\"caption\":\"Vie Associative\"},\"image\":{\"@id\":\"https:\/\/vieassociative.be\/actualites\/#\/schema\/logo\/image\/\"}},{\"@type\":\"Person\",\"@id\":\"https:\/\/vieassociative.be\/actualites\/#\/schema\/person\/b87ac4f82f9d4e7b7cec7395b679edc4\",\"name\":\"Julien\",\"image\":{\"@type\":\"ImageObject\",\"inLanguage\":\"fr-BE\",\"@id\":\"https:\/\/vieassociative.be\/actualites\/#\/schema\/person\/image\/\",\"url\":\"https:\/\/vieassociative.be\/actualites\/wp-content\/uploads\/2024\/09\/vie-associative-1-150x150.jpg\",\"contentUrl\":\"https:\/\/vieassociative.be\/actualites\/wp-content\/uploads\/2024\/09\/vie-associative-1-150x150.jpg\",\"caption\":\"Julien\"},\"description\":\"Je suis Julien, r\u00e9dacteur pour Vie Associative. Passionn\u00e9 par le monde associatif depuis plus de 10 ans, j'ai \u00e0 c\u0153ur de partager des histoires inspirantes et de mettre en lumi\u00e8re les initiatives locales. Mon objectif est de sensibiliser et d'encourager l'engagement communautaire \u00e0 travers mes articles.\",\"sameAs\":[\"https:\/\/vieassociative.be\/\"]}]}<\/script>\n<!-- \/ Yoast SEO plugin. -->","yoast_head_json":{"title":"Cette tendance rend encore plus difficile de savoir quand une vid\u00e9o est g\u00e9n\u00e9r\u00e9e par l'IA | Vie Associative","robots":{"index":"index","follow":"follow","max-snippet":"max-snippet:-1","max-image-preview":"max-image-preview:large","max-video-preview":"max-video-preview:-1"},"canonical":"https:\/\/vieassociative.be\/actualites\/cette-tendance-rend-encore-plus-difficile-de-savoir-quand-une-video-est-generee-par-lia-2\/","og_locale":"fr_FR","og_type":"article","og_title":"Cette tendance rend encore plus difficile de savoir quand une vid\u00e9o est g\u00e9n\u00e9r\u00e9e par l'IA | Vie Associative","og_description":"Il devient impossible de distinguer le vrai du faux. Saviez-vous que vous pouvez personnaliser Google pour filtrer les d\u00e9chets\u00a0? Suivez ces \u00e9tapes pour de meilleurs","og_url":"https:\/\/vieassociative.be\/actualites\/cette-tendance-rend-encore-plus-difficile-de-savoir-quand-une-video-est-generee-par-lia-2\/","og_site_name":"Vie Associative","article_published_time":"2025-10-11T00:17:12+00:00","og_image":[{"url":"https:\/\/vieassociative.be\/actualites\/wp-content\/uploads\/2025\/09\/1757726237_608_Meta-pourrait-devoiler-une-montre-intelligente-pour-controler-ses-lunettes.jpg","type":"","width":"","height":""}],"author":"Julien","twitter_card":"summary_large_image","twitter_misc":{"\u00c9crit par":"Julien","Dur\u00e9e de lecture est.":"5 minutes"},"schema":{"@context":"https:\/\/schema.org","@graph":[{"@type":"Article","@id":"https:\/\/vieassociative.be\/actualites\/cette-tendance-rend-encore-plus-difficile-de-savoir-quand-une-video-est-generee-par-lia-2\/#article","isPartOf":{"@id":"https:\/\/vieassociative.be\/actualites\/cette-tendance-rend-encore-plus-difficile-de-savoir-quand-une-video-est-generee-par-lia-2\/"},"author":{"name":"Julien","@id":"https:\/\/vieassociative.be\/actualites\/#\/schema\/person\/b87ac4f82f9d4e7b7cec7395b679edc4"},"headline":"Cette tendance rend encore plus difficile de savoir quand une vid\u00e9o est g\u00e9n\u00e9r\u00e9e par l&rsquo;IA","datePublished":"2025-10-11T00:17:12+00:00","dateModified":"2025-10-11T00:17:12+00:00","mainEntityOfPage":{"@id":"https:\/\/vieassociative.be\/actualites\/cette-tendance-rend-encore-plus-difficile-de-savoir-quand-une-video-est-generee-par-lia-2\/"},"wordCount":1014,"publisher":{"@id":"https:\/\/vieassociative.be\/actualites\/#organization"},"image":{"@id":"https:\/\/vieassociative.be\/actualites\/cette-tendance-rend-encore-plus-difficile-de-savoir-quand-une-video-est-generee-par-lia-2\/#primaryimage"},"thumbnailUrl":"https:\/\/vieassociative.be\/actualites\/wp-content\/uploads\/2025\/10\/1760141832_Cette-tendance-rend-encore-plus-difficile-de-savoir-quand-une.jpg","keywords":["cette","difficile","encore","est","g\u00e9n\u00e9r\u00e9e","lIA","par","Quand","rend","savoir","tendance","une","vid\u00e9o"],"articleSection":["Technologie"],"inLanguage":"fr-BE"},{"@type":"WebPage","@id":"https:\/\/vieassociative.be\/actualites\/cette-tendance-rend-encore-plus-difficile-de-savoir-quand-une-video-est-generee-par-lia-2\/","url":"https:\/\/vieassociative.be\/actualites\/cette-tendance-rend-encore-plus-difficile-de-savoir-quand-une-video-est-generee-par-lia-2\/","name":"Cette tendance rend encore plus difficile de savoir quand une vid\u00e9o est g\u00e9n\u00e9r\u00e9e par l'IA | Vie Associative","isPartOf":{"@id":"https:\/\/vieassociative.be\/actualites\/#website"},"primaryImageOfPage":{"@id":"https:\/\/vieassociative.be\/actualites\/cette-tendance-rend-encore-plus-difficile-de-savoir-quand-une-video-est-generee-par-lia-2\/#primaryimage"},"image":{"@id":"https:\/\/vieassociative.be\/actualites\/cette-tendance-rend-encore-plus-difficile-de-savoir-quand-une-video-est-generee-par-lia-2\/#primaryimage"},"thumbnailUrl":"https:\/\/vieassociative.be\/actualites\/wp-content\/uploads\/2025\/10\/1760141832_Cette-tendance-rend-encore-plus-difficile-de-savoir-quand-une.jpg","datePublished":"2025-10-11T00:17:12+00:00","dateModified":"2025-10-11T00:17:12+00:00","breadcrumb":{"@id":"https:\/\/vieassociative.be\/actualites\/cette-tendance-rend-encore-plus-difficile-de-savoir-quand-une-video-est-generee-par-lia-2\/#breadcrumb"},"inLanguage":"fr-BE","potentialAction":[{"@type":"ReadAction","target":["https:\/\/vieassociative.be\/actualites\/cette-tendance-rend-encore-plus-difficile-de-savoir-quand-une-video-est-generee-par-lia-2\/"]}]},{"@type":"ImageObject","inLanguage":"fr-BE","@id":"https:\/\/vieassociative.be\/actualites\/cette-tendance-rend-encore-plus-difficile-de-savoir-quand-une-video-est-generee-par-lia-2\/#primaryimage","url":"https:\/\/vieassociative.be\/actualites\/wp-content\/uploads\/2025\/10\/1760141832_Cette-tendance-rend-encore-plus-difficile-de-savoir-quand-une.jpg","contentUrl":"https:\/\/vieassociative.be\/actualites\/wp-content\/uploads\/2025\/10\/1760141832_Cette-tendance-rend-encore-plus-difficile-de-savoir-quand-une.jpg","width":1200,"height":675,"caption":"Cette tendance rend encore plus difficile de savoir quand une vid\u00e9o est g\u00e9n\u00e9r\u00e9e par l'IA"},{"@type":"BreadcrumbList","@id":"https:\/\/vieassociative.be\/actualites\/cette-tendance-rend-encore-plus-difficile-de-savoir-quand-une-video-est-generee-par-lia-2\/#breadcrumb","itemListElement":[{"@type":"ListItem","position":1,"name":"Accueil","item":"https:\/\/vieassociative.be\/actualites\/"},{"@type":"ListItem","position":2,"name":"Cette tendance rend encore plus difficile de savoir quand une vid\u00e9o est g\u00e9n\u00e9r\u00e9e par l&rsquo;IA"}]},{"@type":"WebSite","@id":"https:\/\/vieassociative.be\/actualites\/#website","url":"https:\/\/vieassociative.be\/actualites\/","name":"Vie Associative","description":"","publisher":{"@id":"https:\/\/vieassociative.be\/actualites\/#organization"},"potentialAction":[{"@type":"SearchAction","target":{"@type":"EntryPoint","urlTemplate":"https:\/\/vieassociative.be\/actualites\/?s={search_term_string}"},"query-input":{"@type":"PropertyValueSpecification","valueRequired":true,"valueName":"search_term_string"}}],"inLanguage":"fr-BE"},{"@type":"Organization","@id":"https:\/\/vieassociative.be\/actualites\/#organization","name":"Vie Associative","url":"https:\/\/vieassociative.be\/actualites\/","logo":{"@type":"ImageObject","inLanguage":"fr-BE","@id":"https:\/\/vieassociative.be\/actualites\/#\/schema\/logo\/image\/","url":"https:\/\/vieassociative.be\/actualites\/wp-content\/uploads\/2024\/09\/cropped-vieassociative_favicon.ico.png","contentUrl":"https:\/\/vieassociative.be\/actualites\/wp-content\/uploads\/2024\/09\/cropped-vieassociative_favicon.ico.png","width":512,"height":512,"caption":"Vie Associative"},"image":{"@id":"https:\/\/vieassociative.be\/actualites\/#\/schema\/logo\/image\/"}},{"@type":"Person","@id":"https:\/\/vieassociative.be\/actualites\/#\/schema\/person\/b87ac4f82f9d4e7b7cec7395b679edc4","name":"Julien","image":{"@type":"ImageObject","inLanguage":"fr-BE","@id":"https:\/\/vieassociative.be\/actualites\/#\/schema\/person\/image\/","url":"https:\/\/vieassociative.be\/actualites\/wp-content\/uploads\/2024\/09\/vie-associative-1-150x150.jpg","contentUrl":"https:\/\/vieassociative.be\/actualites\/wp-content\/uploads\/2024\/09\/vie-associative-1-150x150.jpg","caption":"Julien"},"description":"Je suis Julien, r\u00e9dacteur pour Vie Associative. Passionn\u00e9 par le monde associatif depuis plus de 10 ans, j'ai \u00e0 c\u0153ur de partager des histoires inspirantes et de mettre en lumi\u00e8re les initiatives locales. Mon objectif est de sensibiliser et d'encourager l'engagement communautaire \u00e0 travers mes articles.","sameAs":["https:\/\/vieassociative.be\/"]}]}},"_links":{"self":[{"href":"https:\/\/vieassociative.be\/actualites\/wp-json\/wp\/v2\/posts\/10584"}],"collection":[{"href":"https:\/\/vieassociative.be\/actualites\/wp-json\/wp\/v2\/posts"}],"about":[{"href":"https:\/\/vieassociative.be\/actualites\/wp-json\/wp\/v2\/types\/post"}],"author":[{"embeddable":true,"href":"https:\/\/vieassociative.be\/actualites\/wp-json\/wp\/v2\/users\/1"}],"replies":[{"embeddable":true,"href":"https:\/\/vieassociative.be\/actualites\/wp-json\/wp\/v2\/comments?post=10584"}],"version-history":[{"count":0,"href":"https:\/\/vieassociative.be\/actualites\/wp-json\/wp\/v2\/posts\/10584\/revisions"}],"wp:featuredmedia":[{"embeddable":true,"href":"https:\/\/vieassociative.be\/actualites\/wp-json\/wp\/v2\/media\/10585"}],"wp:attachment":[{"href":"https:\/\/vieassociative.be\/actualites\/wp-json\/wp\/v2\/media?parent=10584"}],"wp:term":[{"taxonomy":"category","embeddable":true,"href":"https:\/\/vieassociative.be\/actualites\/wp-json\/wp\/v2\/categories?post=10584"},{"taxonomy":"post_tag","embeddable":true,"href":"https:\/\/vieassociative.be\/actualites\/wp-json\/wp\/v2\/tags?post=10584"}],"curies":[{"name":"wp","href":"https:\/\/api.w.org\/{rel}","templated":true}]}}