{"id":10583,"date":"2025-10-10T22:17:37","date_gmt":"2025-10-10T20:17:37","guid":{"rendered":"https:\/\/vieassociative.be\/actualites\/changement-dans-le-courant-vivant-au-parlement-dg-alain-mertes-depute-depuis-2009-demissionne-de-son-mandat\/"},"modified":"2025-10-10T22:17:37","modified_gmt":"2025-10-10T20:17:37","slug":"changement-dans-le-courant-vivant-au-parlement-dg-alain-mertes-depute-depuis-2009-demissionne-de-son-mandat","status":"publish","type":"post","link":"https:\/\/vieassociative.be\/actualites\/changement-dans-le-courant-vivant-au-parlement-dg-alain-mertes-depute-depuis-2009-demissionne-de-son-mandat\/","title":{"rendered":"Changement dans le courant Vivant au parlement DG : Alain Mertes, d\u00e9put\u00e9 depuis 2009, d\u00e9missionne de son mandat"},"content":{"rendered":"<p><strong>Le groupe Vivant au sein du parlement DG a annonc\u00e9 vendredi un changement dans sa composition. Le d\u00e9put\u00e9 de longue date, Alain Mertes, d\u00e9missionne de son mandat pour des raisons personnelles.<\/strong><\/p>\n<p><span id=\"more-426741\"><\/span>Alain Mertes, 51 ans, de Recht, est d\u00e9put\u00e9 depuis 2009, tout comme le chef du groupe parlementaire Michael Balter. Il a \u00e9t\u00e9, en un sens, le bras droit de Balter pendant toutes ces ann\u00e9es.<\/p>\n<p>Marco Hoffmann entre au Parlement en tant que successeur de la liste Vivant. Le groupe pr\u00e9voit d&rsquo;annoncer plus de d\u00e9tails lors d&rsquo;un \u00e9v\u00e9nement de presse mardi. (cr\u00e9er)<\/p>\n","protected":false},"excerpt":{"rendered":"<p>Le groupe Vivant au sein du parlement DG a annonc\u00e9 vendredi un changement dans sa composition. Le d\u00e9put\u00e9 de longue date, Alain Mertes, d\u00e9missionne de<\/p>\n","protected":false},"author":1,"featured_media":9354,"comment_status":"","ping_status":"","sticky":false,"template":"","format":"standard","meta":{"footnotes":""},"categories":[298],"tags":[8849,2590,1332,166,6839,1824,6922,8851,8850,2895,800,3138],"class_list":["post-10583","post","type-post","status-publish","format-standard","has-post-thumbnail","hentry","category-belgique","tag-alain","tag-changement","tag-courant","tag-dans","tag-demissionne","tag-depuis","tag-depute","tag-mandat","tag-mertes","tag-parlement","tag-son","tag-vivant","generate-columns","tablet-grid-50","mobile-grid-100","grid-parent","grid-33"],"yoast_head":"<!-- This site is optimized with the Yoast SEO plugin v24.0 - https:\/\/yoast.com\/wordpress\/plugins\/seo\/ -->\n<title>Changement dans le courant Vivant au parlement DG : Alain Mertes, d\u00e9put\u00e9 depuis 2009, d\u00e9missionne de son mandat | Vie Associative<\/title>\n<meta name=\"robots\" content=\"index, follow, max-snippet:-1, max-image-preview:large, max-video-preview:-1\" \/>\n<link rel=\"canonical\" href=\"https:\/\/vieassociative.be\/actualites\/changement-dans-le-courant-vivant-au-parlement-dg-alain-mertes-depute-depuis-2009-demissionne-de-son-mandat\/\" \/>\n<meta property=\"og:locale\" content=\"fr_FR\" \/>\n<meta property=\"og:type\" content=\"article\" \/>\n<meta property=\"og:title\" content=\"Changement dans le courant Vivant au parlement DG : Alain Mertes, d\u00e9put\u00e9 depuis 2009, d\u00e9missionne de son mandat | Vie Associative\" \/>\n<meta property=\"og:description\" content=\"Le groupe Vivant au sein du parlement DG a annonc\u00e9 vendredi un changement dans sa composition. Le d\u00e9put\u00e9 de longue date, Alain Mertes, d\u00e9missionne de\" \/>\n<meta property=\"og:url\" content=\"https:\/\/vieassociative.be\/actualites\/changement-dans-le-courant-vivant-au-parlement-dg-alain-mertes-depute-depuis-2009-demissionne-de-son-mandat\/\" \/>\n<meta property=\"og:site_name\" content=\"Vie Associative\" \/>\n<meta property=\"article:published_time\" content=\"2025-10-10T20:17:37+00:00\" \/>\n<meta property=\"og:image\" content=\"https:\/\/vieassociative.be\/actualites\/wp-content\/uploads\/2024\/09\/header_backgroundk-01-e1726694325946.png\" \/>\n\t<meta property=\"og:image:width\" content=\"279\" \/>\n\t<meta property=\"og:image:height\" content=\"92\" \/>\n\t<meta property=\"og:image:type\" content=\"image\/png\" \/>\n<meta name=\"author\" content=\"Julien\" \/>\n<meta name=\"twitter:card\" content=\"summary_large_image\" \/>\n<meta name=\"twitter:label1\" content=\"\u00c9crit par\" \/>\n\t<meta name=\"twitter:data1\" content=\"Julien\" \/>\n<script type=\"application\/ld+json\" class=\"yoast-schema-graph\">{\"@context\":\"https:\/\/schema.org\",\"@graph\":[{\"@type\":\"Article\",\"@id\":\"https:\/\/vieassociative.be\/actualites\/changement-dans-le-courant-vivant-au-parlement-dg-alain-mertes-depute-depuis-2009-demissionne-de-son-mandat\/#article\",\"isPartOf\":{\"@id\":\"https:\/\/vieassociative.be\/actualites\/changement-dans-le-courant-vivant-au-parlement-dg-alain-mertes-depute-depuis-2009-demissionne-de-son-mandat\/\"},\"author\":{\"name\":\"Julien\",\"@id\":\"https:\/\/vieassociative.be\/actualites\/#\/schema\/person\/b87ac4f82f9d4e7b7cec7395b679edc4\"},\"headline\":\"Changement dans le courant Vivant au parlement DG : Alain Mertes, d\u00e9put\u00e9 depuis 2009, d\u00e9missionne de son mandat\",\"datePublished\":\"2025-10-10T20:17:37+00:00\",\"dateModified\":\"2025-10-10T20:17:37+00:00\",\"mainEntityOfPage\":{\"@id\":\"https:\/\/vieassociative.be\/actualites\/changement-dans-le-courant-vivant-au-parlement-dg-alain-mertes-depute-depuis-2009-demissionne-de-son-mandat\/\"},\"wordCount\":118,\"publisher\":{\"@id\":\"https:\/\/vieassociative.be\/actualites\/#organization\"},\"image\":{\"@id\":\"https:\/\/vieassociative.be\/actualites\/changement-dans-le-courant-vivant-au-parlement-dg-alain-mertes-depute-depuis-2009-demissionne-de-son-mandat\/#primaryimage\"},\"thumbnailUrl\":\"https:\/\/vieassociative.be\/actualites\/wp-content\/uploads\/2025\/08\/Vivant-Faction-critique-lelevation-de-lecole-de-lecole-Notre-ministre.jpg\",\"keywords\":[\"Alain\",\"Changement\",\"courant\",\"dans\",\"d\u00e9missionne\",\"depuis\",\"d\u00e9put\u00e9\",\"mandat\",\"Mertes\",\"Parlement\",\"son\",\"Vivant\"],\"articleSection\":[\"Belgique\"],\"inLanguage\":\"fr-BE\"},{\"@type\":\"WebPage\",\"@id\":\"https:\/\/vieassociative.be\/actualites\/changement-dans-le-courant-vivant-au-parlement-dg-alain-mertes-depute-depuis-2009-demissionne-de-son-mandat\/\",\"url\":\"https:\/\/vieassociative.be\/actualites\/changement-dans-le-courant-vivant-au-parlement-dg-alain-mertes-depute-depuis-2009-demissionne-de-son-mandat\/\",\"name\":\"Changement dans le courant Vivant au parlement DG : Alain Mertes, d\u00e9put\u00e9 depuis 2009, d\u00e9missionne de son mandat | Vie Associative\",\"isPartOf\":{\"@id\":\"https:\/\/vieassociative.be\/actualites\/#website\"},\"primaryImageOfPage\":{\"@id\":\"https:\/\/vieassociative.be\/actualites\/changement-dans-le-courant-vivant-au-parlement-dg-alain-mertes-depute-depuis-2009-demissionne-de-son-mandat\/#primaryimage\"},\"image\":{\"@id\":\"https:\/\/vieassociative.be\/actualites\/changement-dans-le-courant-vivant-au-parlement-dg-alain-mertes-depute-depuis-2009-demissionne-de-son-mandat\/#primaryimage\"},\"thumbnailUrl\":\"https:\/\/vieassociative.be\/actualites\/wp-content\/uploads\/2025\/08\/Vivant-Faction-critique-lelevation-de-lecole-de-lecole-Notre-ministre.jpg\",\"datePublished\":\"2025-10-10T20:17:37+00:00\",\"dateModified\":\"2025-10-10T20:17:37+00:00\",\"breadcrumb\":{\"@id\":\"https:\/\/vieassociative.be\/actualites\/changement-dans-le-courant-vivant-au-parlement-dg-alain-mertes-depute-depuis-2009-demissionne-de-son-mandat\/#breadcrumb\"},\"inLanguage\":\"fr-BE\",\"potentialAction\":[{\"@type\":\"ReadAction\",\"target\":[\"https:\/\/vieassociative.be\/actualites\/changement-dans-le-courant-vivant-au-parlement-dg-alain-mertes-depute-depuis-2009-demissionne-de-son-mandat\/\"]}]},{\"@type\":\"ImageObject\",\"inLanguage\":\"fr-BE\",\"@id\":\"https:\/\/vieassociative.be\/actualites\/changement-dans-le-courant-vivant-au-parlement-dg-alain-mertes-depute-depuis-2009-demissionne-de-son-mandat\/#primaryimage\",\"url\":\"https:\/\/vieassociative.be\/actualites\/wp-content\/uploads\/2025\/08\/Vivant-Faction-critique-lelevation-de-lecole-de-lecole-Notre-ministre.jpg\",\"contentUrl\":\"https:\/\/vieassociative.be\/actualites\/wp-content\/uploads\/2025\/08\/Vivant-Faction-critique-lelevation-de-lecole-de-lecole-Notre-ministre.jpg\",\"width\":1300,\"height\":869,\"caption\":\"Vivant Faction critique l'\u00e9l\u00e9vation de l'\u00e9cole de l'\u00e9cole: \\\"Notre ministre de la dette Paasch a jou\u00e9\\\"\"},{\"@type\":\"BreadcrumbList\",\"@id\":\"https:\/\/vieassociative.be\/actualites\/changement-dans-le-courant-vivant-au-parlement-dg-alain-mertes-depute-depuis-2009-demissionne-de-son-mandat\/#breadcrumb\",\"itemListElement\":[{\"@type\":\"ListItem\",\"position\":1,\"name\":\"Accueil\",\"item\":\"https:\/\/vieassociative.be\/actualites\/\"},{\"@type\":\"ListItem\",\"position\":2,\"name\":\"Changement dans le courant Vivant au parlement DG : Alain Mertes, d\u00e9put\u00e9 depuis 2009, d\u00e9missionne de son mandat\"}]},{\"@type\":\"WebSite\",\"@id\":\"https:\/\/vieassociative.be\/actualites\/#website\",\"url\":\"https:\/\/vieassociative.be\/actualites\/\",\"name\":\"Vie Associative\",\"description\":\"\",\"publisher\":{\"@id\":\"https:\/\/vieassociative.be\/actualites\/#organization\"},\"potentialAction\":[{\"@type\":\"SearchAction\",\"target\":{\"@type\":\"EntryPoint\",\"urlTemplate\":\"https:\/\/vieassociative.be\/actualites\/?s={search_term_string}\"},\"query-input\":{\"@type\":\"PropertyValueSpecification\",\"valueRequired\":true,\"valueName\":\"search_term_string\"}}],\"inLanguage\":\"fr-BE\"},{\"@type\":\"Organization\",\"@id\":\"https:\/\/vieassociative.be\/actualites\/#organization\",\"name\":\"Vie Associative\",\"url\":\"https:\/\/vieassociative.be\/actualites\/\",\"logo\":{\"@type\":\"ImageObject\",\"inLanguage\":\"fr-BE\",\"@id\":\"https:\/\/vieassociative.be\/actualites\/#\/schema\/logo\/image\/\",\"url\":\"https:\/\/vieassociative.be\/actualites\/wp-content\/uploads\/2024\/09\/cropped-vieassociative_favicon.ico.png\",\"contentUrl\":\"https:\/\/vieassociative.be\/actualites\/wp-content\/uploads\/2024\/09\/cropped-vieassociative_favicon.ico.png\",\"width\":512,\"height\":512,\"caption\":\"Vie Associative\"},\"image\":{\"@id\":\"https:\/\/vieassociative.be\/actualites\/#\/schema\/logo\/image\/\"}},{\"@type\":\"Person\",\"@id\":\"https:\/\/vieassociative.be\/actualites\/#\/schema\/person\/b87ac4f82f9d4e7b7cec7395b679edc4\",\"name\":\"Julien\",\"image\":{\"@type\":\"ImageObject\",\"inLanguage\":\"fr-BE\",\"@id\":\"https:\/\/vieassociative.be\/actualites\/#\/schema\/person\/image\/\",\"url\":\"https:\/\/vieassociative.be\/actualites\/wp-content\/uploads\/2024\/09\/vie-associative-1-150x150.jpg\",\"contentUrl\":\"https:\/\/vieassociative.be\/actualites\/wp-content\/uploads\/2024\/09\/vie-associative-1-150x150.jpg\",\"caption\":\"Julien\"},\"description\":\"Je suis Julien, r\u00e9dacteur pour Vie Associative. Passionn\u00e9 par le monde associatif depuis plus de 10 ans, j'ai \u00e0 c\u0153ur de partager des histoires inspirantes et de mettre en lumi\u00e8re les initiatives locales. Mon objectif est de sensibiliser et d'encourager l'engagement communautaire \u00e0 travers mes articles.\",\"sameAs\":[\"https:\/\/vieassociative.be\/\"]}]}<\/script>\n<!-- \/ Yoast SEO plugin. -->","yoast_head_json":{"title":"Changement dans le courant Vivant au parlement DG : Alain Mertes, d\u00e9put\u00e9 depuis 2009, d\u00e9missionne de son mandat | Vie Associative","robots":{"index":"index","follow":"follow","max-snippet":"max-snippet:-1","max-image-preview":"max-image-preview:large","max-video-preview":"max-video-preview:-1"},"canonical":"https:\/\/vieassociative.be\/actualites\/changement-dans-le-courant-vivant-au-parlement-dg-alain-mertes-depute-depuis-2009-demissionne-de-son-mandat\/","og_locale":"fr_FR","og_type":"article","og_title":"Changement dans le courant Vivant au parlement DG : Alain Mertes, d\u00e9put\u00e9 depuis 2009, d\u00e9missionne de son mandat | Vie Associative","og_description":"Le groupe Vivant au sein du parlement DG a annonc\u00e9 vendredi un changement dans sa composition. Le d\u00e9put\u00e9 de longue date, Alain Mertes, d\u00e9missionne de","og_url":"https:\/\/vieassociative.be\/actualites\/changement-dans-le-courant-vivant-au-parlement-dg-alain-mertes-depute-depuis-2009-demissionne-de-son-mandat\/","og_site_name":"Vie Associative","article_published_time":"2025-10-10T20:17:37+00:00","og_image":[{"width":279,"height":92,"url":"https:\/\/vieassociative.be\/actualites\/wp-content\/uploads\/2024\/09\/header_backgroundk-01-e1726694325946.png","type":"image\/png"}],"author":"Julien","twitter_card":"summary_large_image","twitter_misc":{"\u00c9crit par":"Julien"},"schema":{"@context":"https:\/\/schema.org","@graph":[{"@type":"Article","@id":"https:\/\/vieassociative.be\/actualites\/changement-dans-le-courant-vivant-au-parlement-dg-alain-mertes-depute-depuis-2009-demissionne-de-son-mandat\/#article","isPartOf":{"@id":"https:\/\/vieassociative.be\/actualites\/changement-dans-le-courant-vivant-au-parlement-dg-alain-mertes-depute-depuis-2009-demissionne-de-son-mandat\/"},"author":{"name":"Julien","@id":"https:\/\/vieassociative.be\/actualites\/#\/schema\/person\/b87ac4f82f9d4e7b7cec7395b679edc4"},"headline":"Changement dans le courant Vivant au parlement DG : Alain Mertes, d\u00e9put\u00e9 depuis 2009, d\u00e9missionne de son mandat","datePublished":"2025-10-10T20:17:37+00:00","dateModified":"2025-10-10T20:17:37+00:00","mainEntityOfPage":{"@id":"https:\/\/vieassociative.be\/actualites\/changement-dans-le-courant-vivant-au-parlement-dg-alain-mertes-depute-depuis-2009-demissionne-de-son-mandat\/"},"wordCount":118,"publisher":{"@id":"https:\/\/vieassociative.be\/actualites\/#organization"},"image":{"@id":"https:\/\/vieassociative.be\/actualites\/changement-dans-le-courant-vivant-au-parlement-dg-alain-mertes-depute-depuis-2009-demissionne-de-son-mandat\/#primaryimage"},"thumbnailUrl":"https:\/\/vieassociative.be\/actualites\/wp-content\/uploads\/2025\/08\/Vivant-Faction-critique-lelevation-de-lecole-de-lecole-Notre-ministre.jpg","keywords":["Alain","Changement","courant","dans","d\u00e9missionne","depuis","d\u00e9put\u00e9","mandat","Mertes","Parlement","son","Vivant"],"articleSection":["Belgique"],"inLanguage":"fr-BE"},{"@type":"WebPage","@id":"https:\/\/vieassociative.be\/actualites\/changement-dans-le-courant-vivant-au-parlement-dg-alain-mertes-depute-depuis-2009-demissionne-de-son-mandat\/","url":"https:\/\/vieassociative.be\/actualites\/changement-dans-le-courant-vivant-au-parlement-dg-alain-mertes-depute-depuis-2009-demissionne-de-son-mandat\/","name":"Changement dans le courant Vivant au parlement DG : Alain Mertes, d\u00e9put\u00e9 depuis 2009, d\u00e9missionne de son mandat | Vie Associative","isPartOf":{"@id":"https:\/\/vieassociative.be\/actualites\/#website"},"primaryImageOfPage":{"@id":"https:\/\/vieassociative.be\/actualites\/changement-dans-le-courant-vivant-au-parlement-dg-alain-mertes-depute-depuis-2009-demissionne-de-son-mandat\/#primaryimage"},"image":{"@id":"https:\/\/vieassociative.be\/actualites\/changement-dans-le-courant-vivant-au-parlement-dg-alain-mertes-depute-depuis-2009-demissionne-de-son-mandat\/#primaryimage"},"thumbnailUrl":"https:\/\/vieassociative.be\/actualites\/wp-content\/uploads\/2025\/08\/Vivant-Faction-critique-lelevation-de-lecole-de-lecole-Notre-ministre.jpg","datePublished":"2025-10-10T20:17:37+00:00","dateModified":"2025-10-10T20:17:37+00:00","breadcrumb":{"@id":"https:\/\/vieassociative.be\/actualites\/changement-dans-le-courant-vivant-au-parlement-dg-alain-mertes-depute-depuis-2009-demissionne-de-son-mandat\/#breadcrumb"},"inLanguage":"fr-BE","potentialAction":[{"@type":"ReadAction","target":["https:\/\/vieassociative.be\/actualites\/changement-dans-le-courant-vivant-au-parlement-dg-alain-mertes-depute-depuis-2009-demissionne-de-son-mandat\/"]}]},{"@type":"ImageObject","inLanguage":"fr-BE","@id":"https:\/\/vieassociative.be\/actualites\/changement-dans-le-courant-vivant-au-parlement-dg-alain-mertes-depute-depuis-2009-demissionne-de-son-mandat\/#primaryimage","url":"https:\/\/vieassociative.be\/actualites\/wp-content\/uploads\/2025\/08\/Vivant-Faction-critique-lelevation-de-lecole-de-lecole-Notre-ministre.jpg","contentUrl":"https:\/\/vieassociative.be\/actualites\/wp-content\/uploads\/2025\/08\/Vivant-Faction-critique-lelevation-de-lecole-de-lecole-Notre-ministre.jpg","width":1300,"height":869,"caption":"Vivant Faction critique l'\u00e9l\u00e9vation de l'\u00e9cole de l'\u00e9cole: \"Notre ministre de la dette Paasch a jou\u00e9\""},{"@type":"BreadcrumbList","@id":"https:\/\/vieassociative.be\/actualites\/changement-dans-le-courant-vivant-au-parlement-dg-alain-mertes-depute-depuis-2009-demissionne-de-son-mandat\/#breadcrumb","itemListElement":[{"@type":"ListItem","position":1,"name":"Accueil","item":"https:\/\/vieassociative.be\/actualites\/"},{"@type":"ListItem","position":2,"name":"Changement dans le courant Vivant au parlement DG : Alain Mertes, d\u00e9put\u00e9 depuis 2009, d\u00e9missionne de son mandat"}]},{"@type":"WebSite","@id":"https:\/\/vieassociative.be\/actualites\/#website","url":"https:\/\/vieassociative.be\/actualites\/","name":"Vie Associative","description":"","publisher":{"@id":"https:\/\/vieassociative.be\/actualites\/#organization"},"potentialAction":[{"@type":"SearchAction","target":{"@type":"EntryPoint","urlTemplate":"https:\/\/vieassociative.be\/actualites\/?s={search_term_string}"},"query-input":{"@type":"PropertyValueSpecification","valueRequired":true,"valueName":"search_term_string"}}],"inLanguage":"fr-BE"},{"@type":"Organization","@id":"https:\/\/vieassociative.be\/actualites\/#organization","name":"Vie Associative","url":"https:\/\/vieassociative.be\/actualites\/","logo":{"@type":"ImageObject","inLanguage":"fr-BE","@id":"https:\/\/vieassociative.be\/actualites\/#\/schema\/logo\/image\/","url":"https:\/\/vieassociative.be\/actualites\/wp-content\/uploads\/2024\/09\/cropped-vieassociative_favicon.ico.png","contentUrl":"https:\/\/vieassociative.be\/actualites\/wp-content\/uploads\/2024\/09\/cropped-vieassociative_favicon.ico.png","width":512,"height":512,"caption":"Vie Associative"},"image":{"@id":"https:\/\/vieassociative.be\/actualites\/#\/schema\/logo\/image\/"}},{"@type":"Person","@id":"https:\/\/vieassociative.be\/actualites\/#\/schema\/person\/b87ac4f82f9d4e7b7cec7395b679edc4","name":"Julien","image":{"@type":"ImageObject","inLanguage":"fr-BE","@id":"https:\/\/vieassociative.be\/actualites\/#\/schema\/person\/image\/","url":"https:\/\/vieassociative.be\/actualites\/wp-content\/uploads\/2024\/09\/vie-associative-1-150x150.jpg","contentUrl":"https:\/\/vieassociative.be\/actualites\/wp-content\/uploads\/2024\/09\/vie-associative-1-150x150.jpg","caption":"Julien"},"description":"Je suis Julien, r\u00e9dacteur pour Vie Associative. Passionn\u00e9 par le monde associatif depuis plus de 10 ans, j'ai \u00e0 c\u0153ur de partager des histoires inspirantes et de mettre en lumi\u00e8re les initiatives locales. Mon objectif est de sensibiliser et d'encourager l'engagement communautaire \u00e0 travers mes articles.","sameAs":["https:\/\/vieassociative.be\/"]}]}},"_links":{"self":[{"href":"https:\/\/vieassociative.be\/actualites\/wp-json\/wp\/v2\/posts\/10583"}],"collection":[{"href":"https:\/\/vieassociative.be\/actualites\/wp-json\/wp\/v2\/posts"}],"about":[{"href":"https:\/\/vieassociative.be\/actualites\/wp-json\/wp\/v2\/types\/post"}],"author":[{"embeddable":true,"href":"https:\/\/vieassociative.be\/actualites\/wp-json\/wp\/v2\/users\/1"}],"replies":[{"embeddable":true,"href":"https:\/\/vieassociative.be\/actualites\/wp-json\/wp\/v2\/comments?post=10583"}],"version-history":[{"count":0,"href":"https:\/\/vieassociative.be\/actualites\/wp-json\/wp\/v2\/posts\/10583\/revisions"}],"wp:featuredmedia":[{"embeddable":true,"href":"https:\/\/vieassociative.be\/actualites\/wp-json\/wp\/v2\/media\/9354"}],"wp:attachment":[{"href":"https:\/\/vieassociative.be\/actualites\/wp-json\/wp\/v2\/media?parent=10583"}],"wp:term":[{"taxonomy":"category","embeddable":true,"href":"https:\/\/vieassociative.be\/actualites\/wp-json\/wp\/v2\/categories?post=10583"},{"taxonomy":"post_tag","embeddable":true,"href":"https:\/\/vieassociative.be\/actualites\/wp-json\/wp\/v2\/tags?post=10583"}],"curies":[{"name":"wp","href":"https:\/\/api.w.org\/{rel}","templated":true}]}}