{"id":10581,"date":"2025-10-10T21:17:37","date_gmt":"2025-10-10T19:17:37","guid":{"rendered":"https:\/\/vieassociative.be\/actualites\/ce-sont-les-meilleures-offres-technologiques-de-la-vente-circle-week-de-target\/"},"modified":"2025-10-10T21:17:37","modified_gmt":"2025-10-10T19:17:37","slug":"ce-sont-les-meilleures-offres-technologiques-de-la-vente-circle-week-de-target","status":"publish","type":"post","link":"https:\/\/vieassociative.be\/actualites\/ce-sont-les-meilleures-offres-technologiques-de-la-vente-circle-week-de-target\/","title":{"rendered":"Ce sont les meilleures offres technologiques de la vente \u00ab Circle Week \u00bb de Target"},"content":{"rendered":"<div class=\"mt-4 leading-6 md:mb-8\">Le Prime Day est termin\u00e9, mais la vente \u00ab Circle Week \u00bb de Target se poursuit.<\/div>\n<p><\/p>\n<p><em>Saviez-vous que vous pouvez personnaliser Google pour filtrer les d\u00e9chets\u00a0? Suivez ces \u00e9tapes<\/em><em> pour de meilleurs r\u00e9sultats de recherche, notamment en ajoutant mon travail chez Vie Associative comme source pr\u00e9f\u00e9r\u00e9e<\/em><em>.<\/em><\/p>\n<hr>\n<p>Target n\u2019est pas \u00e9tranger \u00e0 la concurrence des ventes d\u2019Amazon. Ils ont d\u00e9j\u00e0 superpos\u00e9 leurs ventes de la Circle Week avec celles du Prime Day \u00e0 plusieurs reprises. M\u00eame si le Prime Day d&rsquo;octobre est peut-\u00eatre termin\u00e9, la Target&rsquo;s Circle Week se d\u00e9roule toujours bien. Voici les meilleures offres auxquelles vous devriez pr\u00eater attention.<\/p>\n<div class=\"shadow-b-2 mb-12 mt-10 rounded-md border-2 border-(#F0F0F0) px-6 py-2 shadow-lg md:px-12\" role=\"region\" aria-label=\"Products List\" x-data=\"{ showMore: false }\">\n<div class=\"flex w-full gap-x-5\">\n<div class=\"flex w-full flex-col flex-nowrap justify-center gap-2 text-black no-underline md:order-2 md:gap-y-6\">\n<div class=\"flex flex-col justify-between gap-y-2 md:w-full md:gap-y-1\">\n<div class=\"block w-fit cursor-pointer font-akshar text-lg font-medium leading-5 text-brand-green duration-200 ease-in-out hover:text-brand-green-700 md:text-xl md:leading-6\">\n<p>                            Apple AirPods Pro 2 avec suppression active du bruit\n                        <\/p><\/div>\n<\/p><\/div>\n<div class=\"hidden md:flex md:justify-between md:gap-x-4\">\n<div class=\"w-full mb-0 md:flex md:flex-col md:justify-center font-sans leading-4 text-black\">\n<div class=\"flex flex-wrap items-center justify-center gap-1 md:justify-start\">\n        <span class=\"font-bold\"><\/p>\n<p>            169,99\u00a0$<br \/>\n                            <span class=\"font-medium\">\u00e0 la cible<\/span><br \/>\n                    <\/span>\n            <\/div>\n<div class=\"flex items-center justify-center gap-x-1 font-bold md:justify-start\">\n            <span class=\"text-sm line-through\">249,99\u00a0$<\/span><br \/>\n            <span class=\"text-sm text-brand-green\">\u00c9conomisez 80,00\u00a0$<\/span>\n        <\/div>\n<\/p><\/div>\n<p>                            <button class=\"flex justify-center items-center w-full bg-brand-green text-white text-base font-sans font-medium rounded-md hover:bg-brand-green-700 hover:cursor-pointer md:text-sm hidden self-end h-12 max-w-(10rem) duration-200 ease-in-out hover:bg-brand-green-700 md:flex md:h-10\"><\/p>\n<p>    Obtenez une offre<br \/>\n<\/button>\n                        <\/div>\n<\/p><\/div>\n<div class=\"flex aspect-video h-(90px) shrink-0 items-center justify-center self-center md:order-1\">\n                        <img decoding=\"async\" class=\"m-0 max-h-full max-w-full rounded-md\" src=\"https:\/\/vieassociative.be\/actualites\/wp-content\/uploads\/2025\/10\/Ce-sont-les-meilleures-offres-technologiques-de-la-vente.png\" alt=\"Apple AirPods Pro 2 avec suppression active du bruit\" width=\"auto\" height=\"auto\" loading=\"lazy\">\n                    <\/div>\n<\/p><\/div>\n<p>                            <button class=\"flex justify-center items-center w-full bg-brand-green text-white text-base font-sans font-medium rounded-md hover:bg-brand-green-700 hover:cursor-pointer md:text-sm w-full h-12 duration-200 ease-in-out hover:bg-brand-green-700 md:hidden md:h-10\"><\/p>\n<p>    Obtenez une offre<br \/>\n<\/button><\/p>\n<div class=\"flex flex-col items-center w-full md:hidden font-sans leading-4 text-black\">\n<div class=\"flex flex-wrap items-center justify-center gap-1 md:justify-start\">\n        <span class=\"font-bold\"><\/p>\n<p>            169,99\u00a0$<br \/>\n                            <span class=\"font-medium\">\u00e0 la cible<\/span><br \/>\n                    <\/span>\n            <\/div>\n<div class=\"flex items-center justify-center gap-x-1 font-bold md:justify-start\">\n            <span class=\"text-sm line-through\">249,99\u00a0$<\/span><br \/>\n            <span class=\"text-sm text-brand-green\">\u00c9conomisez 80,00\u00a0$<\/span>\n        <\/div>\n<\/p><\/div>\n<div class=\"flex w-full gap-x-5\">\n<div class=\"flex w-full flex-col flex-nowrap justify-center gap-2 text-black no-underline md:order-2 md:gap-y-6\">\n<div class=\"flex flex-col justify-between gap-y-2 md:w-full md:gap-y-1\">\n<div class=\"block w-fit cursor-pointer font-akshar text-lg font-medium leading-5 text-brand-green duration-200 ease-in-out hover:text-brand-green-700 md:text-xl md:leading-6\">\n<p>                            Apple AirPods 4\n                        <\/p><\/div>\n<\/p><\/div>\n<div class=\"hidden md:flex md:justify-between md:gap-x-4\">\n<div class=\"w-full mb-0 md:flex md:flex-col md:justify-center font-sans leading-4 text-black\">\n<div class=\"flex flex-wrap items-center justify-center gap-1 md:justify-start\">\n        <span class=\"font-bold\"><\/p>\n<p>            89,99\u00a0$<br \/>\n                            <span class=\"font-medium\">\u00e0 la cible<\/span><br \/>\n                    <\/span>\n            <\/div>\n<div class=\"flex items-center justify-center gap-x-1 font-bold md:justify-start\">\n            <span class=\"text-sm line-through\">129,99\u00a0$<\/span><br \/>\n            <span class=\"text-sm text-brand-green\">\u00c9conomisez 40,00\u00a0$<\/span>\n        <\/div>\n<\/p><\/div>\n<p>                            <button class=\"flex justify-center items-center w-full bg-brand-green text-white text-base font-sans font-medium rounded-md hover:bg-brand-green-700 hover:cursor-pointer md:text-sm hidden self-end h-12 max-w-(10rem) duration-200 ease-in-out hover:bg-brand-green-700 md:flex md:h-10\"><\/p>\n<p>    Obtenez une offre<br \/>\n<\/button>\n                        <\/div>\n<\/p><\/div>\n<div class=\"flex aspect-video h-(90px) shrink-0 items-center justify-center self-center md:order-1\">\n                        <img decoding=\"async\" class=\"m-0 max-h-full max-w-full rounded-md\" src=\"https:\/\/vieassociative.be\/actualites\/wp-content\/uploads\/2025\/10\/1760123856_547_Ce-sont-les-meilleures-offres-technologiques-de-la-vente.png\" alt=\"Apple AirPods 4\" width=\"auto\" height=\"auto\" loading=\"lazy\">\n                    <\/div>\n<\/p><\/div>\n<p>                            <button class=\"flex justify-center items-center w-full bg-brand-green text-white text-base font-sans font-medium rounded-md hover:bg-brand-green-700 hover:cursor-pointer md:text-sm w-full h-12 duration-200 ease-in-out hover:bg-brand-green-700 md:hidden md:h-10\"><\/p>\n<p>    Obtenez une offre<br \/>\n<\/button><\/p>\n<div class=\"flex flex-col items-center w-full md:hidden font-sans leading-4 text-black\">\n<div class=\"flex flex-wrap items-center justify-center gap-1 md:justify-start\">\n        <span class=\"font-bold\"><\/p>\n<p>            89,99\u00a0$<br \/>\n                            <span class=\"font-medium\">\u00e0 la cible<\/span><br \/>\n                    <\/span>\n            <\/div>\n<div class=\"flex items-center justify-center gap-x-1 font-bold md:justify-start\">\n            <span class=\"text-sm line-through\">129,99\u00a0$<\/span><br \/>\n            <span class=\"text-sm text-brand-green\">\u00c9conomisez 40,00\u00a0$<\/span>\n        <\/div>\n<\/p><\/div>\n<div class=\"flex w-full gap-x-5\">\n<div class=\"flex w-full flex-col flex-nowrap justify-center gap-2 text-black no-underline md:order-2 md:gap-y-6\">\n<div class=\"flex flex-col justify-between gap-y-2 md:w-full md:gap-y-1\">\n<div class=\"block w-fit cursor-pointer font-akshar text-lg font-medium leading-5 text-brand-green duration-200 ease-in-out hover:text-brand-green-700 md:text-xl md:leading-6\">\n<p>                            Casque sans fil Bluetooth Beats Studio Pro\n                        <\/p><\/div>\n<\/p><\/div>\n<div class=\"hidden md:flex md:justify-between md:gap-x-4\">\n<div class=\"w-full mb-0 md:flex md:flex-col md:justify-center font-sans leading-4 text-black\">\n<div class=\"flex flex-wrap items-center justify-center gap-1 md:justify-start\">\n        <span class=\"font-bold\"><\/p>\n<p>            169,99\u00a0$<br \/>\n                            <span class=\"font-medium\">\u00e0 la cible<\/span><br \/>\n                    <\/span>\n            <\/div>\n<div class=\"flex items-center justify-center gap-x-1 font-bold md:justify-start\">\n            <span class=\"text-sm line-through\">349,99\u00a0$<\/span><br \/>\n            <span class=\"text-sm text-brand-green\">\u00c9conomisez 180,00\u00a0$<\/span>\n        <\/div>\n<\/p><\/div>\n<p>                            <button class=\"flex justify-center items-center w-full bg-brand-green text-white text-base font-sans font-medium rounded-md hover:bg-brand-green-700 hover:cursor-pointer md:text-sm hidden self-end h-12 max-w-(10rem) duration-200 ease-in-out hover:bg-brand-green-700 md:flex md:h-10\"><\/p>\n<p>    Obtenez une offre<br \/>\n<\/button>\n                        <\/div>\n<\/p><\/div>\n<div class=\"flex aspect-video h-(90px) shrink-0 items-center justify-center self-center md:order-1\">\n                        <img decoding=\"async\" class=\"m-0 max-h-full max-w-full rounded-md\" src=\"https:\/\/vieassociative.be\/actualites\/wp-content\/uploads\/2025\/10\/1760123856_259_Ce-sont-les-meilleures-offres-technologiques-de-la-vente.png\" alt=\"Casque sans fil Bluetooth Beats Studio Pro\" width=\"auto\" height=\"auto\" loading=\"lazy\">\n                    <\/div>\n<\/p><\/div>\n<p>                            <button class=\"flex justify-center items-center w-full bg-brand-green text-white text-base font-sans font-medium rounded-md hover:bg-brand-green-700 hover:cursor-pointer md:text-sm w-full h-12 duration-200 ease-in-out hover:bg-brand-green-700 md:hidden md:h-10\"><\/p>\n<p>    Obtenez une offre<br \/>\n<\/button><\/p>\n<div class=\"flex flex-col items-center w-full md:hidden font-sans leading-4 text-black\">\n<div class=\"flex flex-wrap items-center justify-center gap-1 md:justify-start\">\n        <span class=\"font-bold\"><\/p>\n<p>            169,99\u00a0$<br \/>\n                            <span class=\"font-medium\">\u00e0 la cible<\/span><br \/>\n                    <\/span>\n            <\/div>\n<div class=\"flex items-center justify-center gap-x-1 font-bold md:justify-start\">\n            <span class=\"text-sm line-through\">349,99\u00a0$<\/span><br \/>\n            <span class=\"text-sm text-brand-green\">\u00c9conomisez 180,00\u00a0$<\/span>\n        <\/div>\n<\/p><\/div>\n<div class=\"flex w-full gap-x-5\">\n<div class=\"flex w-full flex-col flex-nowrap justify-center gap-2 text-black no-underline md:order-2 md:gap-y-6\">\n<div class=\"flex flex-col justify-between gap-y-2 md:w-full md:gap-y-1\">\n<div class=\"block w-fit cursor-pointer font-akshar text-lg font-medium leading-5 text-brand-green duration-200 ease-in-out hover:text-brand-green-700 md:text-xl md:leading-6\">\n<p>                            Apple Watch Ultra 2 GPS + Bo\u00eetier Cellulaire Titane (2024)\n                        <\/p><\/div>\n<\/p><\/div>\n<div class=\"hidden md:flex md:justify-between md:gap-x-4\">\n<div class=\"w-full mb-0 md:flex md:flex-col md:justify-center font-sans leading-4 text-black\">\n<div class=\"flex flex-wrap items-center justify-center gap-1 md:justify-start\">\n        <span class=\"font-bold\"><\/p>\n<p>            599,99\u00a0$<br \/>\n                            <span class=\"font-medium\">\u00e0 la cible<\/span><br \/>\n                    <\/span>\n            <\/div>\n<div class=\"flex items-center justify-center gap-x-1 font-bold md:justify-start\">\n            <span class=\"text-sm line-through\">799,99\u00a0$<\/span><br \/>\n            <span class=\"text-sm text-brand-green\">\u00c9conomisez 200,00\u00a0$<\/span>\n        <\/div>\n<\/p><\/div>\n<p>                            <button class=\"flex justify-center items-center w-full bg-brand-green text-white text-base font-sans font-medium rounded-md hover:bg-brand-green-700 hover:cursor-pointer md:text-sm hidden self-end h-12 max-w-(10rem) duration-200 ease-in-out hover:bg-brand-green-700 md:flex md:h-10\"><\/p>\n<p>    Obtenez une offre<br \/>\n<\/button>\n                        <\/div>\n<\/p><\/div>\n<div class=\"flex aspect-video h-(90px) shrink-0 items-center justify-center self-center md:order-1\">\n                        <img decoding=\"async\" class=\"m-0 max-h-full max-w-full rounded-md\" src=\"https:\/\/vieassociative.be\/actualites\/wp-content\/uploads\/2025\/10\/1760123856_472_Ce-sont-les-meilleures-offres-technologiques-de-la-vente.png\" alt=\"Apple Watch Ultra 2 GPS + Bo\u00eetier Cellulaire Titane (2024)\" width=\"auto\" height=\"auto\" loading=\"lazy\">\n                    <\/div>\n<\/p><\/div>\n<p>                            <button class=\"flex justify-center items-center w-full bg-brand-green text-white text-base font-sans font-medium rounded-md hover:bg-brand-green-700 hover:cursor-pointer md:text-sm w-full h-12 duration-200 ease-in-out hover:bg-brand-green-700 md:hidden md:h-10\"><\/p>\n<p>    Obtenez une offre<br \/>\n<\/button><\/p>\n<div class=\"flex flex-col items-center w-full md:hidden font-sans leading-4 text-black\">\n<div class=\"flex flex-wrap items-center justify-center gap-1 md:justify-start\">\n        <span class=\"font-bold\"><\/p>\n<p>            599,99\u00a0$<br \/>\n                            <span class=\"font-medium\">\u00e0 la cible<\/span><br \/>\n                    <\/span>\n            <\/div>\n<div class=\"flex items-center justify-center gap-x-1 font-bold md:justify-start\">\n            <span class=\"text-sm line-through\">799,99\u00a0$<\/span><br \/>\n            <span class=\"text-sm text-brand-green\">\u00c9conomisez 200,00\u00a0$<\/span>\n        <\/div>\n<\/p><\/div>\n<div class=\"flex w-full gap-x-5\">\n<div class=\"flex w-full flex-col flex-nowrap justify-center gap-2 text-black no-underline md:order-2 md:gap-y-6\">\n<div class=\"flex flex-col justify-between gap-y-2 md:w-full md:gap-y-1\">\n<div class=\"block w-fit cursor-pointer font-akshar text-lg font-medium leading-5 text-brand-green duration-200 ease-in-out hover:text-brand-green-700 md:text-xl md:leading-6\">\n<p>                            Sonnette Google Nest (batterie)\n                        <\/p><\/div>\n<\/p><\/div>\n<div class=\"hidden md:flex md:justify-between md:gap-x-4\">\n<div class=\"w-full mb-0 md:flex md:flex-col md:justify-center font-sans leading-4 text-black\">\n<div class=\"flex flex-wrap items-center justify-center gap-1 md:justify-start\">\n        <span class=\"font-bold\"><\/p>\n<p>            179,99\u00a0$<br \/>\n                            <span class=\"font-medium\">\u00e0 la cible<\/span><br \/>\n                    <\/span>\n            <\/div>\n<\/p><\/div>\n<p>                            <button class=\"flex justify-center items-center w-full bg-brand-green text-white text-base font-sans font-medium rounded-md hover:bg-brand-green-700 hover:cursor-pointer md:text-sm hidden self-end h-12 max-w-(10rem) duration-200 ease-in-out hover:bg-brand-green-700 md:flex md:h-10\"><\/p>\n<p>    Obtenez une offre<br \/>\n<\/button>\n                        <\/div>\n<\/p><\/div>\n<div class=\"flex aspect-video h-(90px) shrink-0 items-center justify-center self-center md:order-1\">\n                        <img decoding=\"async\" class=\"m-0 max-h-full max-w-full rounded-md\" src=\"https:\/\/vieassociative.be\/actualites\/wp-content\/uploads\/2025\/10\/1760123856_355_Ce-sont-les-meilleures-offres-technologiques-de-la-vente.png\" alt=\"Sonnette Google Nest (batterie)\" width=\"auto\" height=\"auto\" loading=\"lazy\">\n                    <\/div>\n<\/p><\/div>\n<p>                            <button class=\"flex justify-center items-center w-full bg-brand-green text-white text-base font-sans font-medium rounded-md hover:bg-brand-green-700 hover:cursor-pointer md:text-sm w-full h-12 duration-200 ease-in-out hover:bg-brand-green-700 md:hidden md:h-10\"><\/p>\n<p>    Obtenez une offre<br \/>\n<\/button><\/p>\n<div class=\"flex flex-col items-center w-full md:hidden font-sans leading-4 text-black\">\n<div class=\"flex flex-wrap items-center justify-center gap-1 md:justify-start\">\n        <span class=\"font-bold\"><\/p>\n<p>            179,99\u00a0$<br \/>\n                            <span class=\"font-medium\">\u00e0 la cible<\/span><br \/>\n                    <\/span>\n            <\/div>\n<\/p><\/div>\n<div class=\"flex w-full gap-x-5\">\n<div class=\"flex w-full flex-col flex-nowrap justify-center gap-2 text-black no-underline md:order-2 md:gap-y-6\">\n<div class=\"flex flex-col justify-between gap-y-2 md:w-full md:gap-y-1\">\n<div class=\"block w-fit cursor-pointer font-akshar text-lg font-medium leading-5 text-brand-green duration-200 ease-in-out hover:text-brand-green-700 md:text-xl md:leading-6\">\n<p>                            Cadre intelligent TCL 65&Prime; classe NXTVISION 4K QLED\n                        <\/p><\/div>\n<\/p><\/div>\n<div class=\"hidden md:flex md:justify-between md:gap-x-4\">\n<div class=\"w-full mb-0 md:flex md:flex-col md:justify-center font-sans leading-4 text-black\">\n<div class=\"flex flex-wrap items-center justify-center gap-1 md:justify-start\">\n        <span class=\"font-bold\"><\/p>\n<p>            899,99\u00a0$<br \/>\n                            <span class=\"font-medium\">\u00e0 la cible<\/span><br \/>\n                    <\/span>\n            <\/div>\n<div class=\"flex items-center justify-center gap-x-1 font-bold md:justify-start\">\n            <span class=\"text-sm line-through\">1\u00a0399,99\u00a0$<\/span><br \/>\n            <span class=\"text-sm text-brand-green\">\u00c9conomisez 500,00\u00a0$<\/span>\n        <\/div>\n<\/p><\/div>\n<p>                            <button class=\"flex justify-center items-center w-full bg-brand-green text-white text-base font-sans font-medium rounded-md hover:bg-brand-green-700 hover:cursor-pointer md:text-sm hidden self-end h-12 max-w-(10rem) duration-200 ease-in-out hover:bg-brand-green-700 md:flex md:h-10\"><\/p>\n<p>    Obtenez une offre<br \/>\n<\/button>\n                        <\/div>\n<\/p><\/div>\n<div class=\"flex aspect-video h-(90px) shrink-0 items-center justify-center self-center md:order-1\">\n                        <img decoding=\"async\" class=\"m-0 max-h-full max-w-full rounded-md\" src=\"https:\/\/vieassociative.be\/actualites\/wp-content\/uploads\/2025\/10\/1760123857_346_Ce-sont-les-meilleures-offres-technologiques-de-la-vente.png\" alt=\"TCL65\" nxtvision qled smart frame width=\"auto\" height=\"auto\" loading=\"lazy\">\n                    <\/div>\n<\/p><\/div>\n<p>                            <button class=\"flex justify-center items-center w-full bg-brand-green text-white text-base font-sans font-medium rounded-md hover:bg-brand-green-700 hover:cursor-pointer md:text-sm w-full h-12 duration-200 ease-in-out hover:bg-brand-green-700 md:hidden md:h-10\"><\/p>\n<p>    Obtenez une offre<br \/>\n<\/button><\/p>\n<div class=\"flex flex-col items-center w-full md:hidden font-sans leading-4 text-black\">\n<div class=\"flex flex-wrap items-center justify-center gap-1 md:justify-start\">\n        <span class=\"font-bold\"><\/p>\n<p>            899,99\u00a0$<br \/>\n                            <span class=\"font-medium\">\u00e0 la cible<\/span><br \/>\n                    <\/span>\n            <\/div>\n<div class=\"flex items-center justify-center gap-x-1 font-bold md:justify-start\">\n            <span class=\"text-sm line-through\">1\u00a0399,99\u00a0$<\/span><br \/>\n            <span class=\"text-sm text-brand-green\">\u00c9conomisez 500,00\u00a0$<\/span>\n        <\/div>\n<\/p><\/div>\n<div class=\"flex w-full gap-x-5\">\n<div class=\"flex w-full flex-col flex-nowrap justify-center gap-2 text-black no-underline md:order-2 md:gap-y-6\">\n<div class=\"flex flex-col justify-between gap-y-2 md:w-full md:gap-y-1\">\n<div class=\"block w-fit cursor-pointer font-akshar text-lg font-medium leading-5 text-brand-green duration-200 ease-in-out hover:text-brand-green-700 md:text-xl md:leading-6\">\n<p>                            Robot aspirateur et vadrouille Roborock Qrevo Pro\n                        <\/p><\/div>\n<\/p><\/div>\n<div class=\"hidden md:flex md:justify-between md:gap-x-4\">\n<div class=\"w-full mb-0 md:flex md:flex-col md:justify-center font-sans leading-4 text-black\">\n<div class=\"flex flex-wrap items-center justify-center gap-1 md:justify-start\">\n        <span class=\"font-bold\"><\/p>\n<p>            549,99\u00a0$<br \/>\n                            <span class=\"font-medium\">\u00e0 la cible<\/span><br \/>\n                    <\/span>\n            <\/div>\n<div class=\"flex items-center justify-center gap-x-1 font-bold md:justify-start\">\n            <span class=\"text-sm line-through\">999,99\u00a0$<\/span><br \/>\n            <span class=\"text-sm text-brand-green\">\u00c9conomisez 450,00\u00a0$<\/span>\n        <\/div>\n<\/p><\/div>\n<p>                            <button class=\"flex justify-center items-center w-full bg-brand-green text-white text-base font-sans font-medium rounded-md hover:bg-brand-green-700 hover:cursor-pointer md:text-sm hidden self-end h-12 max-w-(10rem) duration-200 ease-in-out hover:bg-brand-green-700 md:flex md:h-10\"><\/p>\n<p>    Obtenez une offre<br \/>\n<\/button>\n                        <\/div>\n<\/p><\/div>\n<div class=\"flex aspect-video h-(90px) shrink-0 items-center justify-center self-center md:order-1\">\n                        <img decoding=\"async\" class=\"m-0 max-h-full max-w-full rounded-md\" src=\"https:\/\/vieassociative.be\/actualites\/wp-content\/uploads\/2025\/10\/1760123857_669_Ce-sont-les-meilleures-offres-technologiques-de-la-vente.png\" alt=\"Robot aspirateur et vadrouille Roborock Qrevo Pro\" width=\"auto\" height=\"auto\" loading=\"lazy\">\n                    <\/div>\n<\/p><\/div>\n<p>                            <button class=\"flex justify-center items-center w-full bg-brand-green text-white text-base font-sans font-medium rounded-md hover:bg-brand-green-700 hover:cursor-pointer md:text-sm w-full h-12 duration-200 ease-in-out hover:bg-brand-green-700 md:hidden md:h-10\"><\/p>\n<p>    Obtenez une offre<br \/>\n<\/button><\/p>\n<div class=\"flex flex-col items-center w-full md:hidden font-sans leading-4 text-black\">\n<div class=\"flex flex-wrap items-center justify-center gap-1 md:justify-start\">\n        <span class=\"font-bold\"><\/p>\n<p>            549,99\u00a0$<br \/>\n                            <span class=\"font-medium\">\u00e0 la cible<\/span><br \/>\n                    <\/span>\n            <\/div>\n<div class=\"flex items-center justify-center gap-x-1 font-bold md:justify-start\">\n            <span class=\"text-sm line-through\">999,99\u00a0$<\/span><br \/>\n            <span class=\"text-sm text-brand-green\">\u00c9conomisez 450,00\u00a0$<\/span>\n        <\/div>\n<\/p><\/div>\n<\/div>\n<h2 id=\"earphones\">\u00c9couteurs<\/h2>\n<p>Les AirPods Pro 2 sont <strong>169,99\u00a0$<\/strong> (\u00e0 l&rsquo;origine 249,99 $) pour les membres de Circle, et ils offrent une suppression du bruit, et leurs embouts en silicone offrent une bonne \u00e9tanch\u00e9it\u00e9 qui bloquera naturellement beaucoup de bruit de fond sans qu&rsquo;il soit n\u00e9cessaire d&rsquo;activer la fonction ANC. Ils ont \u00e9galement propos\u00e9 quelques fonctionnalit\u00e9s que les anciens mod\u00e8les n&rsquo;avaient pas, comme la transparence adaptative. Vous pouvez vous attendre \u00e0 une autonomie solide, Apple revendiquant jusqu&rsquo;\u00e0 30 heures d&rsquo;\u00e9coute avec une seule charge.<\/p>\n<div class=\"mx-auto mb-12 mt-5 w-full max-w-3xl rounded-md border-2 border-gray-100 p-3 shadow-md md:px-7 md:pb-7 md:pt-5\" id=\"related-video\">\n<div class=\"mb-3 flex items-center md:mb-5\">\n        <img decoding=\"async\" class=\"mr-4 mt-0 h-10 w-10 md:mr-5 md:h-12 md:w-12\" src=\"https:\/\/vieassociative.be\/actualites\/wp-content\/uploads\/2025\/09\/1757726237_608_Meta-pourrait-devoiler-une-montre-intelligente-pour-controler-ses-lunettes.jpg\" alt=\"Logo du pirate de la vie\"><\/p><\/div>\n<div class=\"aspect-video w-full overflow-hidden rounded-md\">\n<div id=\"video-container-01K77PEAMJ96419SBP6XKYCK3H\"><\/div>\n<\/p><\/div>\n<\/div>\n<p>Les AirPod les moins chers (sans suppression active du bruit) ne sont que <strong>89,99\u00a0$ <\/strong>(\u00e0 l\u2019origine 129 $), un prix record. Il s&rsquo;agit de la quatri\u00e8me g\u00e9n\u00e9ration avec la puce H2 et une batterie de 30 heures. <\/p>\n<p>Le Beats Studio Pro est sorti en 2023 avec une \u00ab bonne \u00bb critique de PCMag, louant son son sculpt\u00e9 (mais mettant en garde les amateurs de son), son confort, ses accessoires haut de gamme et son audio spatial avec suivi de la t\u00eate. Vous pouvez l&rsquo;obtenir pour <strong>169,99\u00a0$<\/strong> (\u00e0 l&rsquo;origine 349,99 $).<\/p>\n<h2 id=\"apple-watch\">Apple Watch<\/h2>\n<p>L&rsquo;Apple Watch Ultra 2 est la montre Apple la plus haut de gamme, avec la plus grande taille de bo\u00eetier (\u00e9cran), l&rsquo;\u00e9cran le plus lumineux (3 000 nits), la plus grande r\u00e9sistance \u00e0 l&rsquo;eau de 100 m\u00e8tres et la plus longue dur\u00e9e de vie de la batterie allant jusqu&rsquo;\u00e0 36 heures. L&rsquo;Ultra 2 regorge de fonctionnalit\u00e9s ax\u00e9es sur le fitness, mais m\u00eame si vous n&rsquo;\u00eates pas un passionn\u00e9 de sant\u00e9, il propose \u00e9galement de nombreuses fonctionnalit\u00e9s int\u00e9ressantes pour les utilisateurs occasionnels. Les personnes qui recherchent un tracker de sommeil fiable peuvent en apprendre beaucoup sur leurs habitudes de sommeil avec l&rsquo;Ultra 2 \u00e0 condition de le garder bien charg\u00e9. Obtenez l&rsquo;Apple Watch Ultra 2 GPS + Cellular Titanium Case pour <strong>599,99\u00a0$<\/strong> (\u00e0 l&rsquo;origine 799,99 $).<\/p>\n<h2 id=\"google-nest-video-doorbell\">Sonnette vid\u00e9o Google Nest<\/h2>\n<p>La Google Nest Doorbell offre un champ de vision de 145 degr\u00e9s, une vid\u00e9o de 1\u00a0280 x 960 pixels \u00e0 30 ips, un rapport hauteur\/largeur de 3:4 (vous pourrez donc probablement voir vos colis pos\u00e9s sur le porche), une vision nocturne, un zoom num\u00e9rique 6X, un audio bidirectionnel et jusqu&rsquo;\u00e0 six mois d&rsquo;autonomie de la batterie, selon la \u00ab bonne \u00bb critique de PCMag. Obtenez-le pour <strong>139,99\u00a0$ <\/strong>(\u00e0 l&rsquo;origine 179,99 $).<\/p>\n<h2 id=\"tcl-nxtvision-qled-tv\">T\u00e9l\u00e9viseur QLED TCL NXTVISION<\/h2>\n<p>Le TCL Nxtframe est un \u00e9cran QLED 4K dot\u00e9 d&rsquo;un \u00e9cran r\u00e9fl\u00e9chissant antireflet et de cadres ext\u00e9rieurs artistiques qui lui donnent ce look de \u00ab cadre \u00bb distinctif. Il est tr\u00e8s similaire au The Frame de Samsung, mais le Nxtframe prend en charge Dolby Vision en plus du HDR10+, offrant une compatibilit\u00e9 avec une gamme plus large de contenus HDR. Il est \u00e9galement id\u00e9al pour les jeux, offrant un taux de rafra\u00eechissement de 120 Hz avec un taux de rafra\u00eechissement variable (VRR) de 144 Hz. Vous pouvez obtenir le cadre intelligent NXTVISION 4K QLED de classe 65&Prime; pour <strong>899,99\u00a0$<\/strong> (\u00e0 l&rsquo;origine 1 399,99\u00a0$).<\/p>\n<h2 id=\"robotrock-robot-vacuum\">Robot aspirateur Robotrock<\/h2>\n<p>Si vous recherchez un aspirateur robot fiable qui peut faire tout ce que vous attendez d&rsquo;un aspirateur robot haut de gamme, mais \u00e0 un prix interm\u00e9diaire, pensez au Roborock Qrevo Pro pour <strong>549,99\u00a0$<\/strong> (\u00e0 l&rsquo;origine 999,99 $). Il aspire, nettoie, applique de l&rsquo;eau chaude, a une aspiration de 7 000 Pa, fonctionne via Wi-Fi avec une cartographie intelligente avec son application compagnon et peut faire quelques autres choses sympas.<\/p>\n<h2 id=\"target-circle-week-faqs\">FAQ sur la Semaine Target Circle<\/h2>\n<h3>Qu&rsquo;est-ce que la Semaine du Cercle de Target\u00a0?<\/h3>\n<p>Circle Week est le nom que Target donne \u00e0 sa plus grande vente. Comme son nom l\u2019indique, cela dure une semaine enti\u00e8re, et alors que cela ne se produisait qu\u2019une fois par an, cela se produit d\u00e9sormais plusieurs fois par an. La vente la plus r\u00e9cente a eu lieu cet \u00e9t\u00e9, et avant cela, au printemps, chevauchant respectivement le Prime Day et la Big Spring Sale d&rsquo;Amazon.<\/p>\n<h3>Quand a lieu la Semaine du Cercle ?<\/h3>\n<p>La prochaine Circle Week aura lieu du 5 au 11 octobre. Cela signifie qu&rsquo;elle a commenc\u00e9 deux jours avant le Prime Day d&rsquo;octobre, qui s&rsquo;est d\u00e9roul\u00e9 du 7 au 8 octobre.<\/p>\n<h3>Devez-vous \u00eatre membre pour profiter des soldes pendant la Target Circle Week\u00a0?<\/h3>\n<p>Comme pour la vente Prime Day d&rsquo;Amazon, vous devrez \u00eatre membre du Circle pour participer \u00e0 la vente, mais contrairement \u00e0 un abonnement Prime, Target Circle est gratuit. Vous pouvez cr\u00e9er un compte sur l&rsquo;application Target ou Target.com.<\/p>\n<p>Vous pouvez \u00e9galement payer pour un abonnement Target Circle 360, qui vous donne un acc\u00e8s anticip\u00e9 \u00e0 la vente ainsi que d&rsquo;autres avantages, comme la livraison le jour m\u00eame. Si vous \u00eates enseignant ou \u00e9tudiant, vous pouvez \u00e9conomiser 50 % sur l&rsquo;abonnement d&rsquo;un an \u00e0 Circle 360 \u200b\u200bjusqu&rsquo;au 13 septembre ; sinon, \u00e7a commence \u00e0 <strong>10,99\u00a0$<\/strong> par mois. Mais encore une fois, un abonnement payant n\u2019est pas n\u00e9cessaire pour b\u00e9n\u00e9ficier de toutes les meilleures offres de la Circle Week.<\/p>\n<h3>Quelles offres puis-je trouver pendant la Target Circle Week ?<\/h3>\n<p>La semaine du Cercle se concentrera sur les v\u00eatements ; les produits pour la maison comme les appareils de cuisine, les rangements, l\u2019entretien des sols et la literie\u00a0; amusement et divertissement; et costumes et friandises d&rsquo;Halloween. Vous trouverez \u00e9galement des produits technologiques en vente. Vous pouvez magasiner en personne ou en ligne, et il y aura une \u00ab\u00a0offre du jour\u00a0\u00bb pour chaque jour de l&rsquo;\u00e9v\u00e9nement qui d\u00e9butera \u00e0 40\u00a0% de r\u00e9duction.<\/p>\n<h3>Quels concurrents proposent \u00e9galement des ventes\u00a0?<\/h3>\n<ul>\n<li>\n<p><strong><em>Vente concours Prime Day de Walmart<\/em><\/strong><em>  se d\u00e9roule du 6 octobre \u00e0 19 h HE au 12 octobre et comprend des offres allant jusqu&rsquo;\u00e0 50 % de r\u00e9duction. C&rsquo;est une option particuli\u00e8rement int\u00e9ressante si vous avez Walmart+.<\/em><\/p>\n<\/li>\n<li>\n<p><strong><em>Vente concours Prime Day de Best Buy<\/em><\/strong><em>  se d\u00e9roule du 27 septembre au 12 octobre et propose certaines des meilleures ventes technologiques en ligne. C&rsquo;est une option particuli\u00e8rement int\u00e9ressante si vous \u00eates membre de My Best Buy \u00ab Plus \u00bb ou \u00ab Total \u00bb.<\/em><\/p>\n<\/li>\n<\/ul>\n","protected":false},"excerpt":{"rendered":"<p>Le Prime Day est termin\u00e9, mais la vente \u00ab Circle Week \u00bb de Target se poursuit. Saviez-vous que vous pouvez personnaliser Google pour filtrer les<\/p>\n","protected":false},"author":1,"featured_media":10582,"comment_status":"","ping_status":"","sticky":false,"template":"","format":"standard","meta":{"footnotes":""},"categories":[41],"tags":[5934,14,79,345,18,2977,2789,223,300],"class_list":["post-10581","post","type-post","status-publish","format-standard","has-post-thumbnail","hentry","category-argent","tag-circle","tag-les","tag-meilleures","tag-offres","tag-sont","tag-target","tag-technologiques","tag-vente","tag-week","generate-columns","tablet-grid-50","mobile-grid-100","grid-parent","grid-33"],"yoast_head":"<!-- This site is optimized with the Yoast SEO plugin v24.0 - https:\/\/yoast.com\/wordpress\/plugins\/seo\/ -->\n<title>Ce sont les meilleures offres technologiques de la vente \u00ab Circle Week \u00bb de Target | Vie Associative<\/title>\n<meta name=\"robots\" content=\"index, follow, max-snippet:-1, max-image-preview:large, max-video-preview:-1\" \/>\n<link rel=\"canonical\" href=\"https:\/\/vieassociative.be\/actualites\/ce-sont-les-meilleures-offres-technologiques-de-la-vente-circle-week-de-target\/\" \/>\n<meta property=\"og:locale\" content=\"fr_FR\" \/>\n<meta property=\"og:type\" content=\"article\" \/>\n<meta property=\"og:title\" content=\"Ce sont les meilleures offres technologiques de la vente \u00ab Circle Week \u00bb de Target | Vie Associative\" \/>\n<meta property=\"og:description\" content=\"Le Prime Day est termin\u00e9, mais la vente \u00ab Circle Week \u00bb de Target se poursuit. Saviez-vous que vous pouvez personnaliser Google pour filtrer les\" \/>\n<meta property=\"og:url\" content=\"https:\/\/vieassociative.be\/actualites\/ce-sont-les-meilleures-offres-technologiques-de-la-vente-circle-week-de-target\/\" \/>\n<meta property=\"og:site_name\" content=\"Vie Associative\" \/>\n<meta property=\"article:published_time\" content=\"2025-10-10T19:17:37+00:00\" \/>\n<meta property=\"og:image\" content=\"https:\/\/vieassociative.be\/actualites\/wp-content\/uploads\/2025\/10\/Ce-sont-les-meilleures-offres-technologiques-de-la-vente.png\" \/>\n<meta name=\"author\" content=\"Julien\" \/>\n<meta name=\"twitter:card\" content=\"summary_large_image\" \/>\n<meta name=\"twitter:label1\" content=\"\u00c9crit par\" \/>\n\t<meta name=\"twitter:data1\" content=\"Julien\" \/>\n\t<meta name=\"twitter:label2\" content=\"Dur\u00e9e de lecture est.\" \/>\n\t<meta name=\"twitter:data2\" content=\"6 minutes\" \/>\n<script type=\"application\/ld+json\" class=\"yoast-schema-graph\">{\"@context\":\"https:\/\/schema.org\",\"@graph\":[{\"@type\":\"Article\",\"@id\":\"https:\/\/vieassociative.be\/actualites\/ce-sont-les-meilleures-offres-technologiques-de-la-vente-circle-week-de-target\/#article\",\"isPartOf\":{\"@id\":\"https:\/\/vieassociative.be\/actualites\/ce-sont-les-meilleures-offres-technologiques-de-la-vente-circle-week-de-target\/\"},\"author\":{\"name\":\"Julien\",\"@id\":\"https:\/\/vieassociative.be\/actualites\/#\/schema\/person\/b87ac4f82f9d4e7b7cec7395b679edc4\"},\"headline\":\"Ce sont les meilleures offres technologiques de la vente \u00ab Circle Week \u00bb de Target\",\"datePublished\":\"2025-10-10T19:17:37+00:00\",\"dateModified\":\"2025-10-10T19:17:37+00:00\",\"mainEntityOfPage\":{\"@id\":\"https:\/\/vieassociative.be\/actualites\/ce-sont-les-meilleures-offres-technologiques-de-la-vente-circle-week-de-target\/\"},\"wordCount\":1220,\"publisher\":{\"@id\":\"https:\/\/vieassociative.be\/actualites\/#organization\"},\"image\":{\"@id\":\"https:\/\/vieassociative.be\/actualites\/ce-sont-les-meilleures-offres-technologiques-de-la-vente-circle-week-de-target\/#primaryimage\"},\"thumbnailUrl\":\"https:\/\/vieassociative.be\/actualites\/wp-content\/uploads\/2025\/10\/1760123859_Ce-sont-les-meilleures-offres-technologiques-de-la-vente.png\",\"keywords\":[\"Circle\",\"Les\",\"meilleures\",\"offres\",\"sont\",\"Target\",\"technologiques\",\"vente\",\"Week\"],\"articleSection\":[\"Argent\"],\"inLanguage\":\"fr-BE\"},{\"@type\":\"WebPage\",\"@id\":\"https:\/\/vieassociative.be\/actualites\/ce-sont-les-meilleures-offres-technologiques-de-la-vente-circle-week-de-target\/\",\"url\":\"https:\/\/vieassociative.be\/actualites\/ce-sont-les-meilleures-offres-technologiques-de-la-vente-circle-week-de-target\/\",\"name\":\"Ce sont les meilleures offres technologiques de la vente \u00ab Circle Week \u00bb de Target | Vie Associative\",\"isPartOf\":{\"@id\":\"https:\/\/vieassociative.be\/actualites\/#website\"},\"primaryImageOfPage\":{\"@id\":\"https:\/\/vieassociative.be\/actualites\/ce-sont-les-meilleures-offres-technologiques-de-la-vente-circle-week-de-target\/#primaryimage\"},\"image\":{\"@id\":\"https:\/\/vieassociative.be\/actualites\/ce-sont-les-meilleures-offres-technologiques-de-la-vente-circle-week-de-target\/#primaryimage\"},\"thumbnailUrl\":\"https:\/\/vieassociative.be\/actualites\/wp-content\/uploads\/2025\/10\/1760123859_Ce-sont-les-meilleures-offres-technologiques-de-la-vente.png\",\"datePublished\":\"2025-10-10T19:17:37+00:00\",\"dateModified\":\"2025-10-10T19:17:37+00:00\",\"breadcrumb\":{\"@id\":\"https:\/\/vieassociative.be\/actualites\/ce-sont-les-meilleures-offres-technologiques-de-la-vente-circle-week-de-target\/#breadcrumb\"},\"inLanguage\":\"fr-BE\",\"potentialAction\":[{\"@type\":\"ReadAction\",\"target\":[\"https:\/\/vieassociative.be\/actualites\/ce-sont-les-meilleures-offres-technologiques-de-la-vente-circle-week-de-target\/\"]}]},{\"@type\":\"ImageObject\",\"inLanguage\":\"fr-BE\",\"@id\":\"https:\/\/vieassociative.be\/actualites\/ce-sont-les-meilleures-offres-technologiques-de-la-vente-circle-week-de-target\/#primaryimage\",\"url\":\"https:\/\/vieassociative.be\/actualites\/wp-content\/uploads\/2025\/10\/1760123859_Ce-sont-les-meilleures-offres-technologiques-de-la-vente.png\",\"contentUrl\":\"https:\/\/vieassociative.be\/actualites\/wp-content\/uploads\/2025\/10\/1760123859_Ce-sont-les-meilleures-offres-technologiques-de-la-vente.png\",\"width\":1200,\"height\":675,\"caption\":\"Ce sont les meilleures offres technologiques de la vente \u00ab Circle Week \u00bb de Target\"},{\"@type\":\"BreadcrumbList\",\"@id\":\"https:\/\/vieassociative.be\/actualites\/ce-sont-les-meilleures-offres-technologiques-de-la-vente-circle-week-de-target\/#breadcrumb\",\"itemListElement\":[{\"@type\":\"ListItem\",\"position\":1,\"name\":\"Accueil\",\"item\":\"https:\/\/vieassociative.be\/actualites\/\"},{\"@type\":\"ListItem\",\"position\":2,\"name\":\"Ce sont les meilleures offres technologiques de la vente \u00ab Circle Week \u00bb de Target\"}]},{\"@type\":\"WebSite\",\"@id\":\"https:\/\/vieassociative.be\/actualites\/#website\",\"url\":\"https:\/\/vieassociative.be\/actualites\/\",\"name\":\"Vie Associative\",\"description\":\"\",\"publisher\":{\"@id\":\"https:\/\/vieassociative.be\/actualites\/#organization\"},\"potentialAction\":[{\"@type\":\"SearchAction\",\"target\":{\"@type\":\"EntryPoint\",\"urlTemplate\":\"https:\/\/vieassociative.be\/actualites\/?s={search_term_string}\"},\"query-input\":{\"@type\":\"PropertyValueSpecification\",\"valueRequired\":true,\"valueName\":\"search_term_string\"}}],\"inLanguage\":\"fr-BE\"},{\"@type\":\"Organization\",\"@id\":\"https:\/\/vieassociative.be\/actualites\/#organization\",\"name\":\"Vie Associative\",\"url\":\"https:\/\/vieassociative.be\/actualites\/\",\"logo\":{\"@type\":\"ImageObject\",\"inLanguage\":\"fr-BE\",\"@id\":\"https:\/\/vieassociative.be\/actualites\/#\/schema\/logo\/image\/\",\"url\":\"https:\/\/vieassociative.be\/actualites\/wp-content\/uploads\/2024\/09\/cropped-vieassociative_favicon.ico.png\",\"contentUrl\":\"https:\/\/vieassociative.be\/actualites\/wp-content\/uploads\/2024\/09\/cropped-vieassociative_favicon.ico.png\",\"width\":512,\"height\":512,\"caption\":\"Vie Associative\"},\"image\":{\"@id\":\"https:\/\/vieassociative.be\/actualites\/#\/schema\/logo\/image\/\"}},{\"@type\":\"Person\",\"@id\":\"https:\/\/vieassociative.be\/actualites\/#\/schema\/person\/b87ac4f82f9d4e7b7cec7395b679edc4\",\"name\":\"Julien\",\"image\":{\"@type\":\"ImageObject\",\"inLanguage\":\"fr-BE\",\"@id\":\"https:\/\/vieassociative.be\/actualites\/#\/schema\/person\/image\/\",\"url\":\"https:\/\/vieassociative.be\/actualites\/wp-content\/uploads\/2024\/09\/vie-associative-1-150x150.jpg\",\"contentUrl\":\"https:\/\/vieassociative.be\/actualites\/wp-content\/uploads\/2024\/09\/vie-associative-1-150x150.jpg\",\"caption\":\"Julien\"},\"description\":\"Je suis Julien, r\u00e9dacteur pour Vie Associative. Passionn\u00e9 par le monde associatif depuis plus de 10 ans, j'ai \u00e0 c\u0153ur de partager des histoires inspirantes et de mettre en lumi\u00e8re les initiatives locales. Mon objectif est de sensibiliser et d'encourager l'engagement communautaire \u00e0 travers mes articles.\",\"sameAs\":[\"https:\/\/vieassociative.be\/\"]}]}<\/script>\n<!-- \/ Yoast SEO plugin. -->","yoast_head_json":{"title":"Ce sont les meilleures offres technologiques de la vente \u00ab Circle Week \u00bb de Target | Vie Associative","robots":{"index":"index","follow":"follow","max-snippet":"max-snippet:-1","max-image-preview":"max-image-preview:large","max-video-preview":"max-video-preview:-1"},"canonical":"https:\/\/vieassociative.be\/actualites\/ce-sont-les-meilleures-offres-technologiques-de-la-vente-circle-week-de-target\/","og_locale":"fr_FR","og_type":"article","og_title":"Ce sont les meilleures offres technologiques de la vente \u00ab Circle Week \u00bb de Target | Vie Associative","og_description":"Le Prime Day est termin\u00e9, mais la vente \u00ab Circle Week \u00bb de Target se poursuit. Saviez-vous que vous pouvez personnaliser Google pour filtrer les","og_url":"https:\/\/vieassociative.be\/actualites\/ce-sont-les-meilleures-offres-technologiques-de-la-vente-circle-week-de-target\/","og_site_name":"Vie Associative","article_published_time":"2025-10-10T19:17:37+00:00","og_image":[{"url":"https:\/\/vieassociative.be\/actualites\/wp-content\/uploads\/2025\/10\/Ce-sont-les-meilleures-offres-technologiques-de-la-vente.png","type":"","width":"","height":""}],"author":"Julien","twitter_card":"summary_large_image","twitter_misc":{"\u00c9crit par":"Julien","Dur\u00e9e de lecture est.":"6 minutes"},"schema":{"@context":"https:\/\/schema.org","@graph":[{"@type":"Article","@id":"https:\/\/vieassociative.be\/actualites\/ce-sont-les-meilleures-offres-technologiques-de-la-vente-circle-week-de-target\/#article","isPartOf":{"@id":"https:\/\/vieassociative.be\/actualites\/ce-sont-les-meilleures-offres-technologiques-de-la-vente-circle-week-de-target\/"},"author":{"name":"Julien","@id":"https:\/\/vieassociative.be\/actualites\/#\/schema\/person\/b87ac4f82f9d4e7b7cec7395b679edc4"},"headline":"Ce sont les meilleures offres technologiques de la vente \u00ab Circle Week \u00bb de Target","datePublished":"2025-10-10T19:17:37+00:00","dateModified":"2025-10-10T19:17:37+00:00","mainEntityOfPage":{"@id":"https:\/\/vieassociative.be\/actualites\/ce-sont-les-meilleures-offres-technologiques-de-la-vente-circle-week-de-target\/"},"wordCount":1220,"publisher":{"@id":"https:\/\/vieassociative.be\/actualites\/#organization"},"image":{"@id":"https:\/\/vieassociative.be\/actualites\/ce-sont-les-meilleures-offres-technologiques-de-la-vente-circle-week-de-target\/#primaryimage"},"thumbnailUrl":"https:\/\/vieassociative.be\/actualites\/wp-content\/uploads\/2025\/10\/1760123859_Ce-sont-les-meilleures-offres-technologiques-de-la-vente.png","keywords":["Circle","Les","meilleures","offres","sont","Target","technologiques","vente","Week"],"articleSection":["Argent"],"inLanguage":"fr-BE"},{"@type":"WebPage","@id":"https:\/\/vieassociative.be\/actualites\/ce-sont-les-meilleures-offres-technologiques-de-la-vente-circle-week-de-target\/","url":"https:\/\/vieassociative.be\/actualites\/ce-sont-les-meilleures-offres-technologiques-de-la-vente-circle-week-de-target\/","name":"Ce sont les meilleures offres technologiques de la vente \u00ab Circle Week \u00bb de Target | Vie Associative","isPartOf":{"@id":"https:\/\/vieassociative.be\/actualites\/#website"},"primaryImageOfPage":{"@id":"https:\/\/vieassociative.be\/actualites\/ce-sont-les-meilleures-offres-technologiques-de-la-vente-circle-week-de-target\/#primaryimage"},"image":{"@id":"https:\/\/vieassociative.be\/actualites\/ce-sont-les-meilleures-offres-technologiques-de-la-vente-circle-week-de-target\/#primaryimage"},"thumbnailUrl":"https:\/\/vieassociative.be\/actualites\/wp-content\/uploads\/2025\/10\/1760123859_Ce-sont-les-meilleures-offres-technologiques-de-la-vente.png","datePublished":"2025-10-10T19:17:37+00:00","dateModified":"2025-10-10T19:17:37+00:00","breadcrumb":{"@id":"https:\/\/vieassociative.be\/actualites\/ce-sont-les-meilleures-offres-technologiques-de-la-vente-circle-week-de-target\/#breadcrumb"},"inLanguage":"fr-BE","potentialAction":[{"@type":"ReadAction","target":["https:\/\/vieassociative.be\/actualites\/ce-sont-les-meilleures-offres-technologiques-de-la-vente-circle-week-de-target\/"]}]},{"@type":"ImageObject","inLanguage":"fr-BE","@id":"https:\/\/vieassociative.be\/actualites\/ce-sont-les-meilleures-offres-technologiques-de-la-vente-circle-week-de-target\/#primaryimage","url":"https:\/\/vieassociative.be\/actualites\/wp-content\/uploads\/2025\/10\/1760123859_Ce-sont-les-meilleures-offres-technologiques-de-la-vente.png","contentUrl":"https:\/\/vieassociative.be\/actualites\/wp-content\/uploads\/2025\/10\/1760123859_Ce-sont-les-meilleures-offres-technologiques-de-la-vente.png","width":1200,"height":675,"caption":"Ce sont les meilleures offres technologiques de la vente \u00ab Circle Week \u00bb de Target"},{"@type":"BreadcrumbList","@id":"https:\/\/vieassociative.be\/actualites\/ce-sont-les-meilleures-offres-technologiques-de-la-vente-circle-week-de-target\/#breadcrumb","itemListElement":[{"@type":"ListItem","position":1,"name":"Accueil","item":"https:\/\/vieassociative.be\/actualites\/"},{"@type":"ListItem","position":2,"name":"Ce sont les meilleures offres technologiques de la vente \u00ab Circle Week \u00bb de Target"}]},{"@type":"WebSite","@id":"https:\/\/vieassociative.be\/actualites\/#website","url":"https:\/\/vieassociative.be\/actualites\/","name":"Vie Associative","description":"","publisher":{"@id":"https:\/\/vieassociative.be\/actualites\/#organization"},"potentialAction":[{"@type":"SearchAction","target":{"@type":"EntryPoint","urlTemplate":"https:\/\/vieassociative.be\/actualites\/?s={search_term_string}"},"query-input":{"@type":"PropertyValueSpecification","valueRequired":true,"valueName":"search_term_string"}}],"inLanguage":"fr-BE"},{"@type":"Organization","@id":"https:\/\/vieassociative.be\/actualites\/#organization","name":"Vie Associative","url":"https:\/\/vieassociative.be\/actualites\/","logo":{"@type":"ImageObject","inLanguage":"fr-BE","@id":"https:\/\/vieassociative.be\/actualites\/#\/schema\/logo\/image\/","url":"https:\/\/vieassociative.be\/actualites\/wp-content\/uploads\/2024\/09\/cropped-vieassociative_favicon.ico.png","contentUrl":"https:\/\/vieassociative.be\/actualites\/wp-content\/uploads\/2024\/09\/cropped-vieassociative_favicon.ico.png","width":512,"height":512,"caption":"Vie Associative"},"image":{"@id":"https:\/\/vieassociative.be\/actualites\/#\/schema\/logo\/image\/"}},{"@type":"Person","@id":"https:\/\/vieassociative.be\/actualites\/#\/schema\/person\/b87ac4f82f9d4e7b7cec7395b679edc4","name":"Julien","image":{"@type":"ImageObject","inLanguage":"fr-BE","@id":"https:\/\/vieassociative.be\/actualites\/#\/schema\/person\/image\/","url":"https:\/\/vieassociative.be\/actualites\/wp-content\/uploads\/2024\/09\/vie-associative-1-150x150.jpg","contentUrl":"https:\/\/vieassociative.be\/actualites\/wp-content\/uploads\/2024\/09\/vie-associative-1-150x150.jpg","caption":"Julien"},"description":"Je suis Julien, r\u00e9dacteur pour Vie Associative. Passionn\u00e9 par le monde associatif depuis plus de 10 ans, j'ai \u00e0 c\u0153ur de partager des histoires inspirantes et de mettre en lumi\u00e8re les initiatives locales. Mon objectif est de sensibiliser et d'encourager l'engagement communautaire \u00e0 travers mes articles.","sameAs":["https:\/\/vieassociative.be\/"]}]}},"_links":{"self":[{"href":"https:\/\/vieassociative.be\/actualites\/wp-json\/wp\/v2\/posts\/10581"}],"collection":[{"href":"https:\/\/vieassociative.be\/actualites\/wp-json\/wp\/v2\/posts"}],"about":[{"href":"https:\/\/vieassociative.be\/actualites\/wp-json\/wp\/v2\/types\/post"}],"author":[{"embeddable":true,"href":"https:\/\/vieassociative.be\/actualites\/wp-json\/wp\/v2\/users\/1"}],"replies":[{"embeddable":true,"href":"https:\/\/vieassociative.be\/actualites\/wp-json\/wp\/v2\/comments?post=10581"}],"version-history":[{"count":0,"href":"https:\/\/vieassociative.be\/actualites\/wp-json\/wp\/v2\/posts\/10581\/revisions"}],"wp:featuredmedia":[{"embeddable":true,"href":"https:\/\/vieassociative.be\/actualites\/wp-json\/wp\/v2\/media\/10582"}],"wp:attachment":[{"href":"https:\/\/vieassociative.be\/actualites\/wp-json\/wp\/v2\/media?parent=10581"}],"wp:term":[{"taxonomy":"category","embeddable":true,"href":"https:\/\/vieassociative.be\/actualites\/wp-json\/wp\/v2\/categories?post=10581"},{"taxonomy":"post_tag","embeddable":true,"href":"https:\/\/vieassociative.be\/actualites\/wp-json\/wp\/v2\/tags?post=10581"}],"curies":[{"name":"wp","href":"https:\/\/api.w.org\/{rel}","templated":true}]}}