{"id":10579,"date":"2025-10-10T19:17:02","date_gmt":"2025-10-10T17:17:02","guid":{"rendered":"https:\/\/vieassociative.be\/actualites\/utilisez-leffet-von-restorff-lorsque-vous-etudiez-des-concepts-difficiles\/"},"modified":"2025-10-10T19:17:02","modified_gmt":"2025-10-10T17:17:02","slug":"utilisez-leffet-von-restorff-lorsque-vous-etudiez-des-concepts-difficiles","status":"publish","type":"post","link":"https:\/\/vieassociative.be\/actualites\/utilisez-leffet-von-restorff-lorsque-vous-etudiez-des-concepts-difficiles\/","title":{"rendered":"Utilisez \u00abl&rsquo;effet Von Restorff\u00bb lorsque vous \u00e9tudiez des concepts difficiles"},"content":{"rendered":"<div class=\"mt-4 leading-6 md:mb-8\">Diff\u00e9rencier les \u00e9l\u00e9ments d\u2019une liste les aide \u00e0 rester grav\u00e9s dans votre cerveau.<\/div>\n<p><\/p>\n<p><em>Saviez-vous que vous pouvez personnaliser Google pour filtrer les d\u00e9chets\u00a0? Suivez ces \u00e9tapes<\/em><em> pour de meilleurs r\u00e9sultats de recherche, notamment en ajoutant Vie Associative comme source privil\u00e9gi\u00e9e d&rsquo;actualit\u00e9s technologiques<\/em><em>.<\/em><\/p>\n<hr>\n<p>La m\u00e9moire est incroyablement complexe, ce qui explique probablement pourquoi elle a fait l&rsquo;objet de tant d&rsquo;\u00e9tudes et de recherches, et pourquoi les chercheurs qui font de grandes d\u00e9couvertes sur son fonctionnement donnent leur nom \u00e0 des ph\u00e9nom\u00e8nes. Un bon exemple en est l&rsquo;effet Von Restorff, qui fait r\u00e9f\u00e9rence \u00e0 l&rsquo;acuit\u00e9 de notre cerveau \u00e0 m\u00e9moriser des informations distinctes par rapport \u00e0 des informations plus uniformes, un fait d\u00e9couvert par une psychiatre allemande nomm\u00e9e Hedwig von Restorff. C&rsquo;est un fait int\u00e9ressant en biologie, mais il peut aussi \u00eatre tr\u00e8s utile de le savoir lorsque vous \u00e9tudiez un concept difficile. Voici pourquoi et comment mettre \u00e0 profit l\u2019effet Von Restorff.<\/p>\n<h2 id=\"what-is-the-von-restorff-effect\">Qu&rsquo;est-ce que l&rsquo;effet Von Restorff ?<\/h2>\n<p>Dans des articles pr\u00e9c\u00e9dents, j&rsquo;ai discut\u00e9 de divers effets de m\u00e9moire sur lesquels vous pouvez capitaliser lorsque vous \u00e9tudiez, comme l&rsquo;effet de primaut\u00e9, l&rsquo;effet Proust et l&rsquo;effet de production. Tout cela commence par un joli \u00ab P \u00bb rond et le m\u00e9lange de consonnes \u00ab Pr- \u00bb. Si j&rsquo;ajoute l&rsquo;effet Von Restorff \u00e0 cette liste, il se d\u00e9marquera uniquement par la vari\u00e9t\u00e9 de son nom : l&rsquo;angle rigide de ce \u00ab V \u00bb et le son dur du Restorff. Pour cette raison, vous \u00eates plus susceptible de vous souvenir de l&rsquo;effet Von Restorff lorsqu&rsquo;on vous demande de nommer les quatre ph\u00e9nom\u00e8nes de m\u00e9moire que nous venons de passer en revue &#8211; et <em>c&rsquo;est <\/em>l&rsquo;effet Von Restorff en action.<\/p>\n<div class=\"mx-auto mb-12 mt-5 w-full max-w-3xl rounded-md border-2 border-gray-100 p-3 shadow-md md:px-7 md:pb-7 md:pt-5\" id=\"related-video\">\n<div class=\"mb-3 flex items-center md:mb-5\">\n        <img decoding=\"async\" class=\"mr-4 mt-0 h-10 w-10 md:mr-5 md:h-12 md:w-12\" src=\"https:\/\/vieassociative.be\/actualites\/wp-content\/uploads\/2025\/09\/1757726237_608_Meta-pourrait-devoiler-une-montre-intelligente-pour-controler-ses-lunettes.jpg\" alt=\"Logo du pirate de la vie\"><\/p><\/div>\n<div class=\"aspect-video w-full overflow-hidden rounded-md\">\n<div id=\"video-container-01K77H5J7A1Z1CV38VDQM589VM\"><\/div>\n<\/p><\/div>\n<\/div>\n<p>En termes simples, il s\u2019agit d\u2019un \u00ab effet d\u2019isolement \u00bb qui garantit que votre cerveau se souviendra d\u2019un \u00e9l\u00e9ment d\u2019une liste s\u2019il pr\u00e9sente une caract\u00e9ristique distinctive qui le distingue des autres entr\u00e9es de la liste. Lorsque vous \u00e9tudiez, vous pouvez obtenir cet effet en modifiant la signification d&rsquo;un \u00e9l\u00e9ment ou d&rsquo;une information d&rsquo;une mani\u00e8re ou d&rsquo;une autre, que ce soit par la couleur, la taille, le choix de la police ou une autre approche.<\/p>\n<h2 id=\"how-to-use-the-von-restorff-effect-to-remember-what-you-study\">Comment utiliser l&rsquo;effet Von Restorff pour m\u00e9moriser ce que vous \u00e9tudiez<\/h2>\n<p>La bonne nouvelle est que, contrairement \u00e0 ce qui se passe lorsque vous essayez d\u2019exploiter la puissance d\u2019autres techniques d\u2019\u00e9tude bas\u00e9es sur la m\u00e9moire, celle-ci est assez simple. C&rsquo;est presque trop simple, c&rsquo;est pourquoi vous ne le connaissez peut-\u00eatre pas ou n&rsquo;avez jamais envisag\u00e9 de trouver des moyens de l&rsquo;utiliser. Une fois que vous r\u00e9alisez la simplicit\u00e9 de ce concept, il est facile de trouver des moyens de l\u2019int\u00e9grer \u00e0 vos habitudes d\u2019\u00e9tude. <\/p>\n<ul>\n<li>\n<p>Dans vos notes, utilisez un surligneur sp\u00e9cifiquement pour mettre en \u00e9vidence les mots ou les concepts dont vous devez vous souvenir pour un test. Le codage couleur de vos notes est une technique d&rsquo;\u00e9tude extr\u00eamement utile en soi, car m\u00eame prendre le temps de choisir les couleurs et leur signification vous aide \u00e0 vous concentrer. <\/p>\n<\/li>\n<li>\n<p>Lorsque vous utilisez des flashcards, \u00e9crivez les concepts et les mots que vous avez du mal \u00e0 saisir dans une couleur diff\u00e9rente. Si vous utilisez la m\u00e9thode Leitner (ce que vous devriez utiliser), vous pouvez r\u00e9\u00e9crire ou recr\u00e9er des cartes \u00e0 chaque fois que vous les percez. Avec cette technique, vous d\u00e9placez vos cartes en piles \u00e0 chaque fois que vous avez raison ou tort, puis \u00e9tudiez les piles \u00e0 diff\u00e9rentes fr\u00e9quences, en vous concentrant sur celles que vous connaissez moins souvent que sur celles qui vous posent probl\u00e8me. Toutes les quelques fois que vous d\u00e9placez une carte vers le haut ou vers le bas dans une pile, essayez de la r\u00e9\u00e9crire ou de la recr\u00e9er avec une couleur de texte diff\u00e9rente. Si une carte est rouge mais que votre couleur pour les plus faciles est bleue, vous serez instantan\u00e9ment rappel\u00e9 qu&rsquo;il s&rsquo;agit d&rsquo;une carte avec laquelle vous avez r\u00e9cemment eu du mal, ce qui peut vous aider \u00e0 verrouiller et \u00e0 extraire les informations de votre m\u00e9moire en utilisant le rappel actif. <\/p>\n<\/li>\n<li>\n<p>Lorsque vous \u00e9tudiez avec d&rsquo;autres personnes et discutez du mat\u00e9riel (ou lisez \u00e0 haute voix vos notes), essayez d&rsquo;associer un mouvement unique, comme un geste de la main sp\u00e9cifique, aux concepts dont vous discutez. <\/p>\n<\/li>\n<li>\n<p>Utilisez une forme, comme un cercle ou une bo\u00eete, pour d\u00e9crire les parties cl\u00e9s de vos notes ou de vos manuels. Faites-le lorsque vous effectuez une cartographie mentale, en particulier, afin que toutes vos cartes mentales soient uniformes. Les dates peuvent \u00eatre en carr\u00e9s, les mots de vocabulaire en cercles, etc. Pour r\u00e9aliser des cartes mentales rapides et efficaces, je recommande une application comme Xmind.<\/p>\n<\/li>\n<li>\n<p>De plus, lors du mind-mapping, d\u00e9placez le cercle contenant les concepts les plus importants (ou ceux que vous avez du mal \u00e0 comprendre) vers une partie plus \u00e9loign\u00e9e de votre page, en le diff\u00e9renciant visuellement du reste des groupes. J&rsquo;en fais une version avec ma liste de choses \u00e0 faire, qui est \u00e9crite sur un tableau blanc sur le r\u00e9frig\u00e9rateur. Les choses inhabituelles, comme une visite chez le m\u00e9decin ou quelque chose que je dois acheter mais que je n&#8217;emporte g\u00e9n\u00e9ralement pas lors de mon voyage hebdomadaire \u00e0 l&rsquo;\u00e9picerie, sont mises de c\u00f4t\u00e9. Ils sont plus remarquables de cette fa\u00e7on, d\u00e9tournant mon attention du plus gros bloc de texte et me rappelant, encore et encore, que je dois les faire. Au moment o\u00f9 le jour du rendez-vous chez le m\u00e9decin arrive ou que je suis dans le magasin en train d&rsquo;essayer de me souvenir de ma liste, celles-ci sont grav\u00e9es dans mon cerveau. <\/p>\n<\/li>\n<li>\n<p>Si vous r\u00e9visez vos notes, utilisez diff\u00e9rents styles de texte. C&rsquo;est quelque chose que je faisais tout le temps \u00e0 l&rsquo;universit\u00e9, m\u00eame lorsque je prenais des notes en classe. Je mettrais en gras tout ce qu&rsquo;un professeur sugg\u00e9rerait en annon\u00e7ant : \u00ab Cela fera partie du test \u00bb. Je rendrais les mots de vocabulaire violets. M\u00eame si vous \u00e9crivez \u00e0 la main (ce que vous devriez faire !), vous pouvez dessiner des soulignements ondul\u00e9s sous certaines id\u00e9es, en entourer d&rsquo;autres&#8230; vous comprenez. Soyez fou avec, mais gardez-le uniforme. Si vous dessinez une grande bo\u00eete autour d\u2019une date, faites-le pour toutes. Si vous dessinez des fl\u00e8ches pointant vers une loi d&rsquo;\u00c9tat et un cercle autour d&rsquo;une loi f\u00e9d\u00e9rale, faites-le pour chacune d&rsquo;entre elles. <\/p>\n<\/li>\n<\/ul>\n<p>L\u2019objectif est de diff\u00e9rencier les choses dont vous avez besoin ou dont vous avez du mal \u00e0 vous souvenir en utilisant la couleur, le mouvement, la forme ou m\u00eame l\u2019orientation. En s\u00e9parant certaines id\u00e9es ou certains mots, ils resteront mieux grav\u00e9s dans votre cerveau, quelle que soit la mani\u00e8re dont vous le faites. <\/p>\n","protected":false},"excerpt":{"rendered":"<p>Diff\u00e9rencier les \u00e9l\u00e9ments d\u2019une liste les aide \u00e0 rester grav\u00e9s dans votre cerveau. Saviez-vous que vous pouvez personnaliser Google pour filtrer les d\u00e9chets\u00a0? Suivez ces<\/p>\n","protected":false},"author":1,"featured_media":10580,"comment_status":"","ping_status":"","sticky":false,"template":"","format":"standard","meta":{"footnotes":""},"categories":[37],"tags":[8770,29,3256,1585,6433,559,8848,105,3558,4],"class_list":["post-10579","post","type-post","status-publish","format-standard","has-post-thumbnail","hentry","category-famille","tag-concepts","tag-des","tag-difficiles","tag-etudiez","tag-leffet","tag-lorsque","tag-restorff","tag-utilisez","tag-von","tag-vous","generate-columns","tablet-grid-50","mobile-grid-100","grid-parent","grid-33"],"yoast_head":"<!-- This site is optimized with the Yoast SEO plugin v24.0 - https:\/\/yoast.com\/wordpress\/plugins\/seo\/ -->\n<title>Utilisez \u00abl&#039;effet Von Restorff\u00bb lorsque vous \u00e9tudiez des concepts difficiles | Vie Associative<\/title>\n<meta name=\"robots\" content=\"index, follow, max-snippet:-1, max-image-preview:large, max-video-preview:-1\" \/>\n<link rel=\"canonical\" href=\"https:\/\/vieassociative.be\/actualites\/utilisez-leffet-von-restorff-lorsque-vous-etudiez-des-concepts-difficiles\/\" \/>\n<meta property=\"og:locale\" content=\"fr_FR\" \/>\n<meta property=\"og:type\" content=\"article\" \/>\n<meta property=\"og:title\" content=\"Utilisez \u00abl&#039;effet Von Restorff\u00bb lorsque vous \u00e9tudiez des concepts difficiles | Vie Associative\" \/>\n<meta property=\"og:description\" content=\"Diff\u00e9rencier les \u00e9l\u00e9ments d\u2019une liste les aide \u00e0 rester grav\u00e9s dans votre cerveau. Saviez-vous que vous pouvez personnaliser Google pour filtrer les d\u00e9chets\u00a0? Suivez ces\" \/>\n<meta property=\"og:url\" content=\"https:\/\/vieassociative.be\/actualites\/utilisez-leffet-von-restorff-lorsque-vous-etudiez-des-concepts-difficiles\/\" \/>\n<meta property=\"og:site_name\" content=\"Vie Associative\" \/>\n<meta property=\"article:published_time\" content=\"2025-10-10T17:17:02+00:00\" \/>\n<meta property=\"og:image\" content=\"https:\/\/vieassociative.be\/actualites\/wp-content\/uploads\/2025\/09\/1757726237_608_Meta-pourrait-devoiler-une-montre-intelligente-pour-controler-ses-lunettes.jpg\" \/>\n<meta name=\"author\" content=\"Julien\" \/>\n<meta name=\"twitter:card\" content=\"summary_large_image\" \/>\n<meta name=\"twitter:label1\" content=\"\u00c9crit par\" \/>\n\t<meta name=\"twitter:data1\" content=\"Julien\" \/>\n\t<meta name=\"twitter:label2\" content=\"Dur\u00e9e de lecture est.\" \/>\n\t<meta name=\"twitter:data2\" content=\"6 minutes\" \/>\n<script type=\"application\/ld+json\" class=\"yoast-schema-graph\">{\"@context\":\"https:\/\/schema.org\",\"@graph\":[{\"@type\":\"Article\",\"@id\":\"https:\/\/vieassociative.be\/actualites\/utilisez-leffet-von-restorff-lorsque-vous-etudiez-des-concepts-difficiles\/#article\",\"isPartOf\":{\"@id\":\"https:\/\/vieassociative.be\/actualites\/utilisez-leffet-von-restorff-lorsque-vous-etudiez-des-concepts-difficiles\/\"},\"author\":{\"name\":\"Julien\",\"@id\":\"https:\/\/vieassociative.be\/actualites\/#\/schema\/person\/b87ac4f82f9d4e7b7cec7395b679edc4\"},\"headline\":\"Utilisez \u00abl&rsquo;effet Von Restorff\u00bb lorsque vous \u00e9tudiez des concepts difficiles\",\"datePublished\":\"2025-10-10T17:17:02+00:00\",\"dateModified\":\"2025-10-10T17:17:02+00:00\",\"mainEntityOfPage\":{\"@id\":\"https:\/\/vieassociative.be\/actualites\/utilisez-leffet-von-restorff-lorsque-vous-etudiez-des-concepts-difficiles\/\"},\"wordCount\":1219,\"publisher\":{\"@id\":\"https:\/\/vieassociative.be\/actualites\/#organization\"},\"image\":{\"@id\":\"https:\/\/vieassociative.be\/actualites\/utilisez-leffet-von-restorff-lorsque-vous-etudiez-des-concepts-difficiles\/#primaryimage\"},\"thumbnailUrl\":\"https:\/\/vieassociative.be\/actualites\/wp-content\/uploads\/2025\/10\/Utilisez-leffet-Von-Restorff-lorsque-vous-etudiez-des-concepts-difficiles.jpg\",\"keywords\":[\"concepts\",\"Des\",\"difficiles\",\"\u00e9tudiez\",\"leffet\",\"lorsque\",\"Restorff\",\"Utilisez\",\"von\",\"Vous\"],\"articleSection\":[\"Famille\"],\"inLanguage\":\"fr-BE\"},{\"@type\":\"WebPage\",\"@id\":\"https:\/\/vieassociative.be\/actualites\/utilisez-leffet-von-restorff-lorsque-vous-etudiez-des-concepts-difficiles\/\",\"url\":\"https:\/\/vieassociative.be\/actualites\/utilisez-leffet-von-restorff-lorsque-vous-etudiez-des-concepts-difficiles\/\",\"name\":\"Utilisez \u00abl'effet Von Restorff\u00bb lorsque vous \u00e9tudiez des concepts difficiles | Vie Associative\",\"isPartOf\":{\"@id\":\"https:\/\/vieassociative.be\/actualites\/#website\"},\"primaryImageOfPage\":{\"@id\":\"https:\/\/vieassociative.be\/actualites\/utilisez-leffet-von-restorff-lorsque-vous-etudiez-des-concepts-difficiles\/#primaryimage\"},\"image\":{\"@id\":\"https:\/\/vieassociative.be\/actualites\/utilisez-leffet-von-restorff-lorsque-vous-etudiez-des-concepts-difficiles\/#primaryimage\"},\"thumbnailUrl\":\"https:\/\/vieassociative.be\/actualites\/wp-content\/uploads\/2025\/10\/Utilisez-leffet-Von-Restorff-lorsque-vous-etudiez-des-concepts-difficiles.jpg\",\"datePublished\":\"2025-10-10T17:17:02+00:00\",\"dateModified\":\"2025-10-10T17:17:02+00:00\",\"breadcrumb\":{\"@id\":\"https:\/\/vieassociative.be\/actualites\/utilisez-leffet-von-restorff-lorsque-vous-etudiez-des-concepts-difficiles\/#breadcrumb\"},\"inLanguage\":\"fr-BE\",\"potentialAction\":[{\"@type\":\"ReadAction\",\"target\":[\"https:\/\/vieassociative.be\/actualites\/utilisez-leffet-von-restorff-lorsque-vous-etudiez-des-concepts-difficiles\/\"]}]},{\"@type\":\"ImageObject\",\"inLanguage\":\"fr-BE\",\"@id\":\"https:\/\/vieassociative.be\/actualites\/utilisez-leffet-von-restorff-lorsque-vous-etudiez-des-concepts-difficiles\/#primaryimage\",\"url\":\"https:\/\/vieassociative.be\/actualites\/wp-content\/uploads\/2025\/10\/Utilisez-leffet-Von-Restorff-lorsque-vous-etudiez-des-concepts-difficiles.jpg\",\"contentUrl\":\"https:\/\/vieassociative.be\/actualites\/wp-content\/uploads\/2025\/10\/Utilisez-leffet-Von-Restorff-lorsque-vous-etudiez-des-concepts-difficiles.jpg\",\"width\":1200,\"height\":675,\"caption\":\"Utilisez \u00abl'effet Von Restorff\u00bb lorsque vous \u00e9tudiez des concepts difficiles\"},{\"@type\":\"BreadcrumbList\",\"@id\":\"https:\/\/vieassociative.be\/actualites\/utilisez-leffet-von-restorff-lorsque-vous-etudiez-des-concepts-difficiles\/#breadcrumb\",\"itemListElement\":[{\"@type\":\"ListItem\",\"position\":1,\"name\":\"Accueil\",\"item\":\"https:\/\/vieassociative.be\/actualites\/\"},{\"@type\":\"ListItem\",\"position\":2,\"name\":\"Utilisez \u00abl&rsquo;effet Von Restorff\u00bb lorsque vous \u00e9tudiez des concepts difficiles\"}]},{\"@type\":\"WebSite\",\"@id\":\"https:\/\/vieassociative.be\/actualites\/#website\",\"url\":\"https:\/\/vieassociative.be\/actualites\/\",\"name\":\"Vie Associative\",\"description\":\"\",\"publisher\":{\"@id\":\"https:\/\/vieassociative.be\/actualites\/#organization\"},\"potentialAction\":[{\"@type\":\"SearchAction\",\"target\":{\"@type\":\"EntryPoint\",\"urlTemplate\":\"https:\/\/vieassociative.be\/actualites\/?s={search_term_string}\"},\"query-input\":{\"@type\":\"PropertyValueSpecification\",\"valueRequired\":true,\"valueName\":\"search_term_string\"}}],\"inLanguage\":\"fr-BE\"},{\"@type\":\"Organization\",\"@id\":\"https:\/\/vieassociative.be\/actualites\/#organization\",\"name\":\"Vie Associative\",\"url\":\"https:\/\/vieassociative.be\/actualites\/\",\"logo\":{\"@type\":\"ImageObject\",\"inLanguage\":\"fr-BE\",\"@id\":\"https:\/\/vieassociative.be\/actualites\/#\/schema\/logo\/image\/\",\"url\":\"https:\/\/vieassociative.be\/actualites\/wp-content\/uploads\/2024\/09\/cropped-vieassociative_favicon.ico.png\",\"contentUrl\":\"https:\/\/vieassociative.be\/actualites\/wp-content\/uploads\/2024\/09\/cropped-vieassociative_favicon.ico.png\",\"width\":512,\"height\":512,\"caption\":\"Vie Associative\"},\"image\":{\"@id\":\"https:\/\/vieassociative.be\/actualites\/#\/schema\/logo\/image\/\"}},{\"@type\":\"Person\",\"@id\":\"https:\/\/vieassociative.be\/actualites\/#\/schema\/person\/b87ac4f82f9d4e7b7cec7395b679edc4\",\"name\":\"Julien\",\"image\":{\"@type\":\"ImageObject\",\"inLanguage\":\"fr-BE\",\"@id\":\"https:\/\/vieassociative.be\/actualites\/#\/schema\/person\/image\/\",\"url\":\"https:\/\/vieassociative.be\/actualites\/wp-content\/uploads\/2024\/09\/vie-associative-1-150x150.jpg\",\"contentUrl\":\"https:\/\/vieassociative.be\/actualites\/wp-content\/uploads\/2024\/09\/vie-associative-1-150x150.jpg\",\"caption\":\"Julien\"},\"description\":\"Je suis Julien, r\u00e9dacteur pour Vie Associative. Passionn\u00e9 par le monde associatif depuis plus de 10 ans, j'ai \u00e0 c\u0153ur de partager des histoires inspirantes et de mettre en lumi\u00e8re les initiatives locales. Mon objectif est de sensibiliser et d'encourager l'engagement communautaire \u00e0 travers mes articles.\",\"sameAs\":[\"https:\/\/vieassociative.be\/\"]}]}<\/script>\n<!-- \/ Yoast SEO plugin. -->","yoast_head_json":{"title":"Utilisez \u00abl'effet Von Restorff\u00bb lorsque vous \u00e9tudiez des concepts difficiles | Vie Associative","robots":{"index":"index","follow":"follow","max-snippet":"max-snippet:-1","max-image-preview":"max-image-preview:large","max-video-preview":"max-video-preview:-1"},"canonical":"https:\/\/vieassociative.be\/actualites\/utilisez-leffet-von-restorff-lorsque-vous-etudiez-des-concepts-difficiles\/","og_locale":"fr_FR","og_type":"article","og_title":"Utilisez \u00abl'effet Von Restorff\u00bb lorsque vous \u00e9tudiez des concepts difficiles | Vie Associative","og_description":"Diff\u00e9rencier les \u00e9l\u00e9ments d\u2019une liste les aide \u00e0 rester grav\u00e9s dans votre cerveau. Saviez-vous que vous pouvez personnaliser Google pour filtrer les d\u00e9chets\u00a0? Suivez ces","og_url":"https:\/\/vieassociative.be\/actualites\/utilisez-leffet-von-restorff-lorsque-vous-etudiez-des-concepts-difficiles\/","og_site_name":"Vie Associative","article_published_time":"2025-10-10T17:17:02+00:00","og_image":[{"url":"https:\/\/vieassociative.be\/actualites\/wp-content\/uploads\/2025\/09\/1757726237_608_Meta-pourrait-devoiler-une-montre-intelligente-pour-controler-ses-lunettes.jpg","type":"","width":"","height":""}],"author":"Julien","twitter_card":"summary_large_image","twitter_misc":{"\u00c9crit par":"Julien","Dur\u00e9e de lecture est.":"6 minutes"},"schema":{"@context":"https:\/\/schema.org","@graph":[{"@type":"Article","@id":"https:\/\/vieassociative.be\/actualites\/utilisez-leffet-von-restorff-lorsque-vous-etudiez-des-concepts-difficiles\/#article","isPartOf":{"@id":"https:\/\/vieassociative.be\/actualites\/utilisez-leffet-von-restorff-lorsque-vous-etudiez-des-concepts-difficiles\/"},"author":{"name":"Julien","@id":"https:\/\/vieassociative.be\/actualites\/#\/schema\/person\/b87ac4f82f9d4e7b7cec7395b679edc4"},"headline":"Utilisez \u00abl&rsquo;effet Von Restorff\u00bb lorsque vous \u00e9tudiez des concepts difficiles","datePublished":"2025-10-10T17:17:02+00:00","dateModified":"2025-10-10T17:17:02+00:00","mainEntityOfPage":{"@id":"https:\/\/vieassociative.be\/actualites\/utilisez-leffet-von-restorff-lorsque-vous-etudiez-des-concepts-difficiles\/"},"wordCount":1219,"publisher":{"@id":"https:\/\/vieassociative.be\/actualites\/#organization"},"image":{"@id":"https:\/\/vieassociative.be\/actualites\/utilisez-leffet-von-restorff-lorsque-vous-etudiez-des-concepts-difficiles\/#primaryimage"},"thumbnailUrl":"https:\/\/vieassociative.be\/actualites\/wp-content\/uploads\/2025\/10\/Utilisez-leffet-Von-Restorff-lorsque-vous-etudiez-des-concepts-difficiles.jpg","keywords":["concepts","Des","difficiles","\u00e9tudiez","leffet","lorsque","Restorff","Utilisez","von","Vous"],"articleSection":["Famille"],"inLanguage":"fr-BE"},{"@type":"WebPage","@id":"https:\/\/vieassociative.be\/actualites\/utilisez-leffet-von-restorff-lorsque-vous-etudiez-des-concepts-difficiles\/","url":"https:\/\/vieassociative.be\/actualites\/utilisez-leffet-von-restorff-lorsque-vous-etudiez-des-concepts-difficiles\/","name":"Utilisez \u00abl'effet Von Restorff\u00bb lorsque vous \u00e9tudiez des concepts difficiles | Vie Associative","isPartOf":{"@id":"https:\/\/vieassociative.be\/actualites\/#website"},"primaryImageOfPage":{"@id":"https:\/\/vieassociative.be\/actualites\/utilisez-leffet-von-restorff-lorsque-vous-etudiez-des-concepts-difficiles\/#primaryimage"},"image":{"@id":"https:\/\/vieassociative.be\/actualites\/utilisez-leffet-von-restorff-lorsque-vous-etudiez-des-concepts-difficiles\/#primaryimage"},"thumbnailUrl":"https:\/\/vieassociative.be\/actualites\/wp-content\/uploads\/2025\/10\/Utilisez-leffet-Von-Restorff-lorsque-vous-etudiez-des-concepts-difficiles.jpg","datePublished":"2025-10-10T17:17:02+00:00","dateModified":"2025-10-10T17:17:02+00:00","breadcrumb":{"@id":"https:\/\/vieassociative.be\/actualites\/utilisez-leffet-von-restorff-lorsque-vous-etudiez-des-concepts-difficiles\/#breadcrumb"},"inLanguage":"fr-BE","potentialAction":[{"@type":"ReadAction","target":["https:\/\/vieassociative.be\/actualites\/utilisez-leffet-von-restorff-lorsque-vous-etudiez-des-concepts-difficiles\/"]}]},{"@type":"ImageObject","inLanguage":"fr-BE","@id":"https:\/\/vieassociative.be\/actualites\/utilisez-leffet-von-restorff-lorsque-vous-etudiez-des-concepts-difficiles\/#primaryimage","url":"https:\/\/vieassociative.be\/actualites\/wp-content\/uploads\/2025\/10\/Utilisez-leffet-Von-Restorff-lorsque-vous-etudiez-des-concepts-difficiles.jpg","contentUrl":"https:\/\/vieassociative.be\/actualites\/wp-content\/uploads\/2025\/10\/Utilisez-leffet-Von-Restorff-lorsque-vous-etudiez-des-concepts-difficiles.jpg","width":1200,"height":675,"caption":"Utilisez \u00abl'effet Von Restorff\u00bb lorsque vous \u00e9tudiez des concepts difficiles"},{"@type":"BreadcrumbList","@id":"https:\/\/vieassociative.be\/actualites\/utilisez-leffet-von-restorff-lorsque-vous-etudiez-des-concepts-difficiles\/#breadcrumb","itemListElement":[{"@type":"ListItem","position":1,"name":"Accueil","item":"https:\/\/vieassociative.be\/actualites\/"},{"@type":"ListItem","position":2,"name":"Utilisez \u00abl&rsquo;effet Von Restorff\u00bb lorsque vous \u00e9tudiez des concepts difficiles"}]},{"@type":"WebSite","@id":"https:\/\/vieassociative.be\/actualites\/#website","url":"https:\/\/vieassociative.be\/actualites\/","name":"Vie Associative","description":"","publisher":{"@id":"https:\/\/vieassociative.be\/actualites\/#organization"},"potentialAction":[{"@type":"SearchAction","target":{"@type":"EntryPoint","urlTemplate":"https:\/\/vieassociative.be\/actualites\/?s={search_term_string}"},"query-input":{"@type":"PropertyValueSpecification","valueRequired":true,"valueName":"search_term_string"}}],"inLanguage":"fr-BE"},{"@type":"Organization","@id":"https:\/\/vieassociative.be\/actualites\/#organization","name":"Vie Associative","url":"https:\/\/vieassociative.be\/actualites\/","logo":{"@type":"ImageObject","inLanguage":"fr-BE","@id":"https:\/\/vieassociative.be\/actualites\/#\/schema\/logo\/image\/","url":"https:\/\/vieassociative.be\/actualites\/wp-content\/uploads\/2024\/09\/cropped-vieassociative_favicon.ico.png","contentUrl":"https:\/\/vieassociative.be\/actualites\/wp-content\/uploads\/2024\/09\/cropped-vieassociative_favicon.ico.png","width":512,"height":512,"caption":"Vie Associative"},"image":{"@id":"https:\/\/vieassociative.be\/actualites\/#\/schema\/logo\/image\/"}},{"@type":"Person","@id":"https:\/\/vieassociative.be\/actualites\/#\/schema\/person\/b87ac4f82f9d4e7b7cec7395b679edc4","name":"Julien","image":{"@type":"ImageObject","inLanguage":"fr-BE","@id":"https:\/\/vieassociative.be\/actualites\/#\/schema\/person\/image\/","url":"https:\/\/vieassociative.be\/actualites\/wp-content\/uploads\/2024\/09\/vie-associative-1-150x150.jpg","contentUrl":"https:\/\/vieassociative.be\/actualites\/wp-content\/uploads\/2024\/09\/vie-associative-1-150x150.jpg","caption":"Julien"},"description":"Je suis Julien, r\u00e9dacteur pour Vie Associative. Passionn\u00e9 par le monde associatif depuis plus de 10 ans, j'ai \u00e0 c\u0153ur de partager des histoires inspirantes et de mettre en lumi\u00e8re les initiatives locales. Mon objectif est de sensibiliser et d'encourager l'engagement communautaire \u00e0 travers mes articles.","sameAs":["https:\/\/vieassociative.be\/"]}]}},"_links":{"self":[{"href":"https:\/\/vieassociative.be\/actualites\/wp-json\/wp\/v2\/posts\/10579"}],"collection":[{"href":"https:\/\/vieassociative.be\/actualites\/wp-json\/wp\/v2\/posts"}],"about":[{"href":"https:\/\/vieassociative.be\/actualites\/wp-json\/wp\/v2\/types\/post"}],"author":[{"embeddable":true,"href":"https:\/\/vieassociative.be\/actualites\/wp-json\/wp\/v2\/users\/1"}],"replies":[{"embeddable":true,"href":"https:\/\/vieassociative.be\/actualites\/wp-json\/wp\/v2\/comments?post=10579"}],"version-history":[{"count":0,"href":"https:\/\/vieassociative.be\/actualites\/wp-json\/wp\/v2\/posts\/10579\/revisions"}],"wp:featuredmedia":[{"embeddable":true,"href":"https:\/\/vieassociative.be\/actualites\/wp-json\/wp\/v2\/media\/10580"}],"wp:attachment":[{"href":"https:\/\/vieassociative.be\/actualites\/wp-json\/wp\/v2\/media?parent=10579"}],"wp:term":[{"taxonomy":"category","embeddable":true,"href":"https:\/\/vieassociative.be\/actualites\/wp-json\/wp\/v2\/categories?post=10579"},{"taxonomy":"post_tag","embeddable":true,"href":"https:\/\/vieassociative.be\/actualites\/wp-json\/wp\/v2\/tags?post=10579"}],"curies":[{"name":"wp","href":"https:\/\/api.w.org\/{rel}","templated":true}]}}