{"id":10577,"date":"2025-10-10T16:17:00","date_gmt":"2025-10-10T14:17:00","guid":{"rendered":"https:\/\/vieassociative.be\/actualites\/le-venezuelien-machado-recoit-le-prix-nobel-de-la-paix\/"},"modified":"2025-10-10T16:17:00","modified_gmt":"2025-10-10T14:17:00","slug":"le-venezuelien-machado-recoit-le-prix-nobel-de-la-paix","status":"publish","type":"post","link":"https:\/\/vieassociative.be\/actualites\/le-venezuelien-machado-recoit-le-prix-nobel-de-la-paix\/","title":{"rendered":"Le V\u00e9n\u00e9zu\u00e9lien Machado re\u00e7oit le prix Nobel de la paix"},"content":{"rendered":"<p><strong>Quelqu\u2019un l\u2019a revendiqu\u00e9 haut et fort, quelqu\u2019un d\u2019autre l\u2019a obtenu : le prix Nobel de la paix sera d\u00e9cern\u00e9 cette ann\u00e9e au Venezuela. Le pr\u00e9sident am\u00e9ricain repart les mains vides.<\/strong><\/p>\n<p><span id=\"more-426709\"><\/span>Le prix Nobel de la paix ne revient pas au pr\u00e9sident am\u00e9ricain Donald Trump, mais \u00e0 la politicienne v\u00e9n\u00e9zu\u00e9lienne Mar\u00eda Corina Machado. Elle est honor\u00e9e \u00ab pour son engagement infatigable en faveur des droits d\u00e9mocratiques du peuple v\u00e9n\u00e9zu\u00e9lien et pour sa lutte pour une transition juste et pacifique de la dictature \u00e0 la d\u00e9mocratie \u00bb, comme l&rsquo;a annonc\u00e9 le Comit\u00e9 Nobel norv\u00e9gien \u00e0 Oslo. Le chef de l\u2019opposition v\u00e9n\u00e9zu\u00e9lienne Machado est consid\u00e9r\u00e9 comme un farouche opposant au pr\u00e9sident autoritaire Nicolas Maduro.<\/p>\n<div id=\"attachment_426715\" class=\"wp-caption alignleft\" style=\"max-width: 300px\"><img fetchpriority=\"high\" decoding=\"async\" class=\"wp-image-426715 size-medium\" src=\"https:\/\/vieassociative.be\/actualites\/wp-content\/uploads\/2025\/10\/Le-Venezuelien-Machado-recoit-le-prix-Nobel-de-la-paix.jpg\" alt=\"\" width=\"300\" height=\"200\"><\/div>\n<p><strong>\u2013 Prix politique le plus important au monde :<\/strong> Le prix Nobel de la paix est g\u00e9n\u00e9ralement consid\u00e9r\u00e9 comme la r\u00e9compense politique la plus importante au monde. Trump a soulign\u00e9 \u00e0 plusieurs reprises ces derni\u00e8res semaines qu\u2019il devrait recevoir ce prix. Entre autres choses, devant l&rsquo;Assembl\u00e9e g\u00e9n\u00e9rale des Nations Unies \u00e0 New York en septembre, il a d\u00e9clar\u00e9 qu&rsquo;il avait mis fin \u00e0 sept guerres en seulement sept mois. \u00ab Tout le monde dit que je devrais recevoir le prix Nobel de la paix pour chacune de ces r\u00e9alisations \u00bb, a-t-il d\u00e9clar\u00e9.<\/p>\n<p>Cette semaine, Trump a \u00e9galement pu annoncer une premi\u00e8re avanc\u00e9e dans les n\u00e9gociations indirectes visant \u00e0 r\u00e9soudre la guerre \u00e0 Gaza entre Isra\u00ebl et le Hamas islamiste. Cela a peut-\u00eatre encore renforc\u00e9 ses ambitions.<\/p>\n<p><strong>\u2013 Ce qui s\u2019est prononc\u00e9 contre Trump :<\/strong> Les chercheurs sur la paix ne croyaient pas au d\u00e9part que Trump recevrait le prix &#8211; notamment parce que, selon eux, aucun des sept conflits qu&rsquo;il a mentionn\u00e9s n&rsquo;avait r\u00e9ellement \u00e9t\u00e9 r\u00e9solu \u00e0 long terme. M\u00eame avec le plan de Trump pour Gaza, malgr\u00e9 la perc\u00e9e, il n\u2019est pas s\u00fbr qu\u2019il apportera une paix durable.<\/p>\n<p>Watne Frydnes a clairement indiqu\u00e9 dans le journal \u00ab Verdens Gang \u00bb que la d\u00e9cision sur le vainqueur de cette ann\u00e9e avait d\u00e9j\u00e0 \u00e9t\u00e9 prise lundi \u2013 plusieurs jours avant l&rsquo;annonce de l&rsquo;accord sur Gaza.<\/p>\n<\/p>\n<div id=\"attachment_392630\" class=\"wp-caption alignleft\" style=\"max-width: 300px\"><img decoding=\"async\" class=\"wp-image-392630 size-medium\" src=\"https:\/\/vieassociative.be\/actualites\/wp-content\/uploads\/2025\/10\/1760105820_599_Le-Venezuelien-Machado-recoit-le-prix-Nobel-de-la-paix.jpg\" alt=\"\" width=\"300\" height=\"200\"><\/div>\n<p>Les critiques accusent Trump de saper la coop\u00e9ration internationale fond\u00e9e sur des r\u00e8gles, fond\u00e9es sur des trait\u00e9s, des accords et des valeurs multilat\u00e9raux. Le d\u00e9lai de nomination \u00e9tait \u00e9galement d\u00e9favorable \u00e0 Trump : il a expir\u00e9 fin janvier \u2013 \u00e0 ce moment-l\u00e0, Trump n\u2019\u00e9tait officiellement au pouvoir que depuis onze jours. Il n&rsquo;est pas certain qu&rsquo;il ait \u00e9t\u00e9 nomin\u00e9 \u00e0 temps pour le prix de cette ann\u00e9e.<\/p>\n<p><strong>\u2013 Beaucoup plus de nomin\u00e9s que l\u2019ann\u00e9e derni\u00e8re :<\/strong> Selon le Comit\u00e9 Nobel, 338 candidats ont \u00e9t\u00e9 nomin\u00e9s pour le prix Nobel de la paix cette ann\u00e9e, dont 244 individus et 94 organisations. Au total, il y a eu 52 nomin\u00e9s de plus que l&rsquo;ann\u00e9e derni\u00e8re. Qui est inclus et qui a sugg\u00e9r\u00e9 le candidat correspondant est toujours gard\u00e9 secret dans le monde Nobel depuis 50 ans.<\/p>\n<p>L\u2019ann\u00e9e derni\u00e8re, l\u2019organisation japonaise pour la paix Nihon Hidankyo a re\u00e7u le prix Nobel. L&rsquo;organisation des survivants des largages d&rsquo;armes nucl\u00e9aires sur les villes d&rsquo;Hiroshima et de Nagasaki a \u00e9t\u00e9 r\u00e9compens\u00e9e pour ses efforts visant \u00e0 parvenir \u00e0 un monde sans armes nucl\u00e9aires, sur la base des t\u00e9moignages contemporains.<\/p>\n<p>Cette ann\u00e9e, les prix Nobel sont \u00e0 nouveau dot\u00e9s de onze millions de couronnes su\u00e9doises par cat\u00e9gorie, soit l&rsquo;\u00e9quivalent d&rsquo;environ un million d&rsquo;euros. Les prix prestigieux sont traditionnellement d\u00e9cern\u00e9s le 10 d\u00e9cembre, jour anniversaire de la mort de l&rsquo;inventeur su\u00e9dois de la dynamite et donateur du prix Alfred Nobel (1833-1896). (dpa)<\/p><\/p>\n","protected":false},"excerpt":{"rendered":"<p>Quelqu\u2019un l\u2019a revendiqu\u00e9 haut et fort, quelqu\u2019un d\u2019autre l\u2019a obtenu : le prix Nobel de la paix sera d\u00e9cern\u00e9 cette ann\u00e9e au Venezuela. Le pr\u00e9sident<\/p>\n","protected":false},"author":1,"featured_media":10578,"comment_status":"","ping_status":"","sticky":false,"template":"","format":"standard","meta":{"footnotes":""},"categories":[298],"tags":[8847,7659,3280,1399,4129,8846],"class_list":["post-10577","post","type-post","status-publish","format-standard","has-post-thumbnail","hentry","category-belgique","tag-machado","tag-nobel","tag-paix","tag-prix","tag-recoit","tag-venezuelien","generate-columns","tablet-grid-50","mobile-grid-100","grid-parent","grid-33"],"yoast_head":"<!-- This site is optimized with the Yoast SEO plugin v24.0 - https:\/\/yoast.com\/wordpress\/plugins\/seo\/ -->\n<title>Le V\u00e9n\u00e9zu\u00e9lien Machado re\u00e7oit le prix Nobel de la paix | Vie Associative<\/title>\n<meta name=\"robots\" content=\"index, follow, max-snippet:-1, max-image-preview:large, max-video-preview:-1\" \/>\n<link rel=\"canonical\" href=\"https:\/\/vieassociative.be\/actualites\/le-venezuelien-machado-recoit-le-prix-nobel-de-la-paix\/\" \/>\n<meta property=\"og:locale\" content=\"fr_FR\" \/>\n<meta property=\"og:type\" content=\"article\" \/>\n<meta property=\"og:title\" content=\"Le V\u00e9n\u00e9zu\u00e9lien Machado re\u00e7oit le prix Nobel de la paix | Vie Associative\" \/>\n<meta property=\"og:description\" content=\"Quelqu\u2019un l\u2019a revendiqu\u00e9 haut et fort, quelqu\u2019un d\u2019autre l\u2019a obtenu : le prix Nobel de la paix sera d\u00e9cern\u00e9 cette ann\u00e9e au Venezuela. Le pr\u00e9sident\" \/>\n<meta property=\"og:url\" content=\"https:\/\/vieassociative.be\/actualites\/le-venezuelien-machado-recoit-le-prix-nobel-de-la-paix\/\" \/>\n<meta property=\"og:site_name\" content=\"Vie Associative\" \/>\n<meta property=\"article:published_time\" content=\"2025-10-10T14:17:00+00:00\" \/>\n<meta property=\"og:image\" content=\"https:\/\/vieassociative.be\/actualites\/wp-content\/uploads\/2024\/09\/header_backgroundk-01-e1726694325946.png\" \/>\n\t<meta property=\"og:image:width\" content=\"279\" \/>\n\t<meta property=\"og:image:height\" content=\"92\" \/>\n\t<meta property=\"og:image:type\" content=\"image\/png\" \/>\n<meta name=\"author\" content=\"Julien\" \/>\n<meta name=\"twitter:card\" content=\"summary_large_image\" \/>\n<meta name=\"twitter:label1\" content=\"\u00c9crit par\" \/>\n\t<meta name=\"twitter:data1\" content=\"Julien\" \/>\n\t<meta name=\"twitter:label2\" content=\"Dur\u00e9e de lecture est.\" \/>\n\t<meta name=\"twitter:data2\" content=\"3 minutes\" \/>\n<script type=\"application\/ld+json\" class=\"yoast-schema-graph\">{\"@context\":\"https:\/\/schema.org\",\"@graph\":[{\"@type\":\"Article\",\"@id\":\"https:\/\/vieassociative.be\/actualites\/le-venezuelien-machado-recoit-le-prix-nobel-de-la-paix\/#article\",\"isPartOf\":{\"@id\":\"https:\/\/vieassociative.be\/actualites\/le-venezuelien-machado-recoit-le-prix-nobel-de-la-paix\/\"},\"author\":{\"name\":\"Julien\",\"@id\":\"https:\/\/vieassociative.be\/actualites\/#\/schema\/person\/b87ac4f82f9d4e7b7cec7395b679edc4\"},\"headline\":\"Le V\u00e9n\u00e9zu\u00e9lien Machado re\u00e7oit le prix Nobel de la paix\",\"datePublished\":\"2025-10-10T14:17:00+00:00\",\"dateModified\":\"2025-10-10T14:17:00+00:00\",\"mainEntityOfPage\":{\"@id\":\"https:\/\/vieassociative.be\/actualites\/le-venezuelien-machado-recoit-le-prix-nobel-de-la-paix\/\"},\"wordCount\":660,\"publisher\":{\"@id\":\"https:\/\/vieassociative.be\/actualites\/#organization\"},\"image\":{\"@id\":\"https:\/\/vieassociative.be\/actualites\/le-venezuelien-machado-recoit-le-prix-nobel-de-la-paix\/#primaryimage\"},\"thumbnailUrl\":\"https:\/\/vieassociative.be\/actualites\/wp-content\/uploads\/2025\/10\/1760105820_Le-Venezuelien-Machado-recoit-le-prix-Nobel-de-la-paix.jpg\",\"keywords\":[\"Machado\",\"Nobel\",\"paix\",\"prix\",\"re\u00e7oit\",\"V\u00e9n\u00e9zu\u00e9lien\"],\"articleSection\":[\"Belgique\"],\"inLanguage\":\"fr-BE\"},{\"@type\":\"WebPage\",\"@id\":\"https:\/\/vieassociative.be\/actualites\/le-venezuelien-machado-recoit-le-prix-nobel-de-la-paix\/\",\"url\":\"https:\/\/vieassociative.be\/actualites\/le-venezuelien-machado-recoit-le-prix-nobel-de-la-paix\/\",\"name\":\"Le V\u00e9n\u00e9zu\u00e9lien Machado re\u00e7oit le prix Nobel de la paix | Vie Associative\",\"isPartOf\":{\"@id\":\"https:\/\/vieassociative.be\/actualites\/#website\"},\"primaryImageOfPage\":{\"@id\":\"https:\/\/vieassociative.be\/actualites\/le-venezuelien-machado-recoit-le-prix-nobel-de-la-paix\/#primaryimage\"},\"image\":{\"@id\":\"https:\/\/vieassociative.be\/actualites\/le-venezuelien-machado-recoit-le-prix-nobel-de-la-paix\/#primaryimage\"},\"thumbnailUrl\":\"https:\/\/vieassociative.be\/actualites\/wp-content\/uploads\/2025\/10\/1760105820_Le-Venezuelien-Machado-recoit-le-prix-Nobel-de-la-paix.jpg\",\"datePublished\":\"2025-10-10T14:17:00+00:00\",\"dateModified\":\"2025-10-10T14:17:00+00:00\",\"breadcrumb\":{\"@id\":\"https:\/\/vieassociative.be\/actualites\/le-venezuelien-machado-recoit-le-prix-nobel-de-la-paix\/#breadcrumb\"},\"inLanguage\":\"fr-BE\",\"potentialAction\":[{\"@type\":\"ReadAction\",\"target\":[\"https:\/\/vieassociative.be\/actualites\/le-venezuelien-machado-recoit-le-prix-nobel-de-la-paix\/\"]}]},{\"@type\":\"ImageObject\",\"inLanguage\":\"fr-BE\",\"@id\":\"https:\/\/vieassociative.be\/actualites\/le-venezuelien-machado-recoit-le-prix-nobel-de-la-paix\/#primaryimage\",\"url\":\"https:\/\/vieassociative.be\/actualites\/wp-content\/uploads\/2025\/10\/1760105820_Le-Venezuelien-Machado-recoit-le-prix-Nobel-de-la-paix.jpg\",\"contentUrl\":\"https:\/\/vieassociative.be\/actualites\/wp-content\/uploads\/2025\/10\/1760105820_Le-Venezuelien-Machado-recoit-le-prix-Nobel-de-la-paix.jpg\",\"width\":1200,\"height\":800,\"caption\":\"Le V\u00e9n\u00e9zu\u00e9lien Machado re\u00e7oit le prix Nobel de la paix\"},{\"@type\":\"BreadcrumbList\",\"@id\":\"https:\/\/vieassociative.be\/actualites\/le-venezuelien-machado-recoit-le-prix-nobel-de-la-paix\/#breadcrumb\",\"itemListElement\":[{\"@type\":\"ListItem\",\"position\":1,\"name\":\"Accueil\",\"item\":\"https:\/\/vieassociative.be\/actualites\/\"},{\"@type\":\"ListItem\",\"position\":2,\"name\":\"Le V\u00e9n\u00e9zu\u00e9lien Machado re\u00e7oit le prix Nobel de la paix\"}]},{\"@type\":\"WebSite\",\"@id\":\"https:\/\/vieassociative.be\/actualites\/#website\",\"url\":\"https:\/\/vieassociative.be\/actualites\/\",\"name\":\"Vie Associative\",\"description\":\"\",\"publisher\":{\"@id\":\"https:\/\/vieassociative.be\/actualites\/#organization\"},\"potentialAction\":[{\"@type\":\"SearchAction\",\"target\":{\"@type\":\"EntryPoint\",\"urlTemplate\":\"https:\/\/vieassociative.be\/actualites\/?s={search_term_string}\"},\"query-input\":{\"@type\":\"PropertyValueSpecification\",\"valueRequired\":true,\"valueName\":\"search_term_string\"}}],\"inLanguage\":\"fr-BE\"},{\"@type\":\"Organization\",\"@id\":\"https:\/\/vieassociative.be\/actualites\/#organization\",\"name\":\"Vie Associative\",\"url\":\"https:\/\/vieassociative.be\/actualites\/\",\"logo\":{\"@type\":\"ImageObject\",\"inLanguage\":\"fr-BE\",\"@id\":\"https:\/\/vieassociative.be\/actualites\/#\/schema\/logo\/image\/\",\"url\":\"https:\/\/vieassociative.be\/actualites\/wp-content\/uploads\/2024\/09\/cropped-vieassociative_favicon.ico.png\",\"contentUrl\":\"https:\/\/vieassociative.be\/actualites\/wp-content\/uploads\/2024\/09\/cropped-vieassociative_favicon.ico.png\",\"width\":512,\"height\":512,\"caption\":\"Vie Associative\"},\"image\":{\"@id\":\"https:\/\/vieassociative.be\/actualites\/#\/schema\/logo\/image\/\"}},{\"@type\":\"Person\",\"@id\":\"https:\/\/vieassociative.be\/actualites\/#\/schema\/person\/b87ac4f82f9d4e7b7cec7395b679edc4\",\"name\":\"Julien\",\"image\":{\"@type\":\"ImageObject\",\"inLanguage\":\"fr-BE\",\"@id\":\"https:\/\/vieassociative.be\/actualites\/#\/schema\/person\/image\/\",\"url\":\"https:\/\/vieassociative.be\/actualites\/wp-content\/uploads\/2024\/09\/vie-associative-1-150x150.jpg\",\"contentUrl\":\"https:\/\/vieassociative.be\/actualites\/wp-content\/uploads\/2024\/09\/vie-associative-1-150x150.jpg\",\"caption\":\"Julien\"},\"description\":\"Je suis Julien, r\u00e9dacteur pour Vie Associative. Passionn\u00e9 par le monde associatif depuis plus de 10 ans, j'ai \u00e0 c\u0153ur de partager des histoires inspirantes et de mettre en lumi\u00e8re les initiatives locales. Mon objectif est de sensibiliser et d'encourager l'engagement communautaire \u00e0 travers mes articles.\",\"sameAs\":[\"https:\/\/vieassociative.be\/\"]}]}<\/script>\n<!-- \/ Yoast SEO plugin. -->","yoast_head_json":{"title":"Le V\u00e9n\u00e9zu\u00e9lien Machado re\u00e7oit le prix Nobel de la paix | Vie Associative","robots":{"index":"index","follow":"follow","max-snippet":"max-snippet:-1","max-image-preview":"max-image-preview:large","max-video-preview":"max-video-preview:-1"},"canonical":"https:\/\/vieassociative.be\/actualites\/le-venezuelien-machado-recoit-le-prix-nobel-de-la-paix\/","og_locale":"fr_FR","og_type":"article","og_title":"Le V\u00e9n\u00e9zu\u00e9lien Machado re\u00e7oit le prix Nobel de la paix | Vie Associative","og_description":"Quelqu\u2019un l\u2019a revendiqu\u00e9 haut et fort, quelqu\u2019un d\u2019autre l\u2019a obtenu : le prix Nobel de la paix sera d\u00e9cern\u00e9 cette ann\u00e9e au Venezuela. Le pr\u00e9sident","og_url":"https:\/\/vieassociative.be\/actualites\/le-venezuelien-machado-recoit-le-prix-nobel-de-la-paix\/","og_site_name":"Vie Associative","article_published_time":"2025-10-10T14:17:00+00:00","og_image":[{"width":279,"height":92,"url":"https:\/\/vieassociative.be\/actualites\/wp-content\/uploads\/2024\/09\/header_backgroundk-01-e1726694325946.png","type":"image\/png"}],"author":"Julien","twitter_card":"summary_large_image","twitter_misc":{"\u00c9crit par":"Julien","Dur\u00e9e de lecture est.":"3 minutes"},"schema":{"@context":"https:\/\/schema.org","@graph":[{"@type":"Article","@id":"https:\/\/vieassociative.be\/actualites\/le-venezuelien-machado-recoit-le-prix-nobel-de-la-paix\/#article","isPartOf":{"@id":"https:\/\/vieassociative.be\/actualites\/le-venezuelien-machado-recoit-le-prix-nobel-de-la-paix\/"},"author":{"name":"Julien","@id":"https:\/\/vieassociative.be\/actualites\/#\/schema\/person\/b87ac4f82f9d4e7b7cec7395b679edc4"},"headline":"Le V\u00e9n\u00e9zu\u00e9lien Machado re\u00e7oit le prix Nobel de la paix","datePublished":"2025-10-10T14:17:00+00:00","dateModified":"2025-10-10T14:17:00+00:00","mainEntityOfPage":{"@id":"https:\/\/vieassociative.be\/actualites\/le-venezuelien-machado-recoit-le-prix-nobel-de-la-paix\/"},"wordCount":660,"publisher":{"@id":"https:\/\/vieassociative.be\/actualites\/#organization"},"image":{"@id":"https:\/\/vieassociative.be\/actualites\/le-venezuelien-machado-recoit-le-prix-nobel-de-la-paix\/#primaryimage"},"thumbnailUrl":"https:\/\/vieassociative.be\/actualites\/wp-content\/uploads\/2025\/10\/1760105820_Le-Venezuelien-Machado-recoit-le-prix-Nobel-de-la-paix.jpg","keywords":["Machado","Nobel","paix","prix","re\u00e7oit","V\u00e9n\u00e9zu\u00e9lien"],"articleSection":["Belgique"],"inLanguage":"fr-BE"},{"@type":"WebPage","@id":"https:\/\/vieassociative.be\/actualites\/le-venezuelien-machado-recoit-le-prix-nobel-de-la-paix\/","url":"https:\/\/vieassociative.be\/actualites\/le-venezuelien-machado-recoit-le-prix-nobel-de-la-paix\/","name":"Le V\u00e9n\u00e9zu\u00e9lien Machado re\u00e7oit le prix Nobel de la paix | Vie Associative","isPartOf":{"@id":"https:\/\/vieassociative.be\/actualites\/#website"},"primaryImageOfPage":{"@id":"https:\/\/vieassociative.be\/actualites\/le-venezuelien-machado-recoit-le-prix-nobel-de-la-paix\/#primaryimage"},"image":{"@id":"https:\/\/vieassociative.be\/actualites\/le-venezuelien-machado-recoit-le-prix-nobel-de-la-paix\/#primaryimage"},"thumbnailUrl":"https:\/\/vieassociative.be\/actualites\/wp-content\/uploads\/2025\/10\/1760105820_Le-Venezuelien-Machado-recoit-le-prix-Nobel-de-la-paix.jpg","datePublished":"2025-10-10T14:17:00+00:00","dateModified":"2025-10-10T14:17:00+00:00","breadcrumb":{"@id":"https:\/\/vieassociative.be\/actualites\/le-venezuelien-machado-recoit-le-prix-nobel-de-la-paix\/#breadcrumb"},"inLanguage":"fr-BE","potentialAction":[{"@type":"ReadAction","target":["https:\/\/vieassociative.be\/actualites\/le-venezuelien-machado-recoit-le-prix-nobel-de-la-paix\/"]}]},{"@type":"ImageObject","inLanguage":"fr-BE","@id":"https:\/\/vieassociative.be\/actualites\/le-venezuelien-machado-recoit-le-prix-nobel-de-la-paix\/#primaryimage","url":"https:\/\/vieassociative.be\/actualites\/wp-content\/uploads\/2025\/10\/1760105820_Le-Venezuelien-Machado-recoit-le-prix-Nobel-de-la-paix.jpg","contentUrl":"https:\/\/vieassociative.be\/actualites\/wp-content\/uploads\/2025\/10\/1760105820_Le-Venezuelien-Machado-recoit-le-prix-Nobel-de-la-paix.jpg","width":1200,"height":800,"caption":"Le V\u00e9n\u00e9zu\u00e9lien Machado re\u00e7oit le prix Nobel de la paix"},{"@type":"BreadcrumbList","@id":"https:\/\/vieassociative.be\/actualites\/le-venezuelien-machado-recoit-le-prix-nobel-de-la-paix\/#breadcrumb","itemListElement":[{"@type":"ListItem","position":1,"name":"Accueil","item":"https:\/\/vieassociative.be\/actualites\/"},{"@type":"ListItem","position":2,"name":"Le V\u00e9n\u00e9zu\u00e9lien Machado re\u00e7oit le prix Nobel de la paix"}]},{"@type":"WebSite","@id":"https:\/\/vieassociative.be\/actualites\/#website","url":"https:\/\/vieassociative.be\/actualites\/","name":"Vie Associative","description":"","publisher":{"@id":"https:\/\/vieassociative.be\/actualites\/#organization"},"potentialAction":[{"@type":"SearchAction","target":{"@type":"EntryPoint","urlTemplate":"https:\/\/vieassociative.be\/actualites\/?s={search_term_string}"},"query-input":{"@type":"PropertyValueSpecification","valueRequired":true,"valueName":"search_term_string"}}],"inLanguage":"fr-BE"},{"@type":"Organization","@id":"https:\/\/vieassociative.be\/actualites\/#organization","name":"Vie Associative","url":"https:\/\/vieassociative.be\/actualites\/","logo":{"@type":"ImageObject","inLanguage":"fr-BE","@id":"https:\/\/vieassociative.be\/actualites\/#\/schema\/logo\/image\/","url":"https:\/\/vieassociative.be\/actualites\/wp-content\/uploads\/2024\/09\/cropped-vieassociative_favicon.ico.png","contentUrl":"https:\/\/vieassociative.be\/actualites\/wp-content\/uploads\/2024\/09\/cropped-vieassociative_favicon.ico.png","width":512,"height":512,"caption":"Vie Associative"},"image":{"@id":"https:\/\/vieassociative.be\/actualites\/#\/schema\/logo\/image\/"}},{"@type":"Person","@id":"https:\/\/vieassociative.be\/actualites\/#\/schema\/person\/b87ac4f82f9d4e7b7cec7395b679edc4","name":"Julien","image":{"@type":"ImageObject","inLanguage":"fr-BE","@id":"https:\/\/vieassociative.be\/actualites\/#\/schema\/person\/image\/","url":"https:\/\/vieassociative.be\/actualites\/wp-content\/uploads\/2024\/09\/vie-associative-1-150x150.jpg","contentUrl":"https:\/\/vieassociative.be\/actualites\/wp-content\/uploads\/2024\/09\/vie-associative-1-150x150.jpg","caption":"Julien"},"description":"Je suis Julien, r\u00e9dacteur pour Vie Associative. Passionn\u00e9 par le monde associatif depuis plus de 10 ans, j'ai \u00e0 c\u0153ur de partager des histoires inspirantes et de mettre en lumi\u00e8re les initiatives locales. Mon objectif est de sensibiliser et d'encourager l'engagement communautaire \u00e0 travers mes articles.","sameAs":["https:\/\/vieassociative.be\/"]}]}},"_links":{"self":[{"href":"https:\/\/vieassociative.be\/actualites\/wp-json\/wp\/v2\/posts\/10577"}],"collection":[{"href":"https:\/\/vieassociative.be\/actualites\/wp-json\/wp\/v2\/posts"}],"about":[{"href":"https:\/\/vieassociative.be\/actualites\/wp-json\/wp\/v2\/types\/post"}],"author":[{"embeddable":true,"href":"https:\/\/vieassociative.be\/actualites\/wp-json\/wp\/v2\/users\/1"}],"replies":[{"embeddable":true,"href":"https:\/\/vieassociative.be\/actualites\/wp-json\/wp\/v2\/comments?post=10577"}],"version-history":[{"count":0,"href":"https:\/\/vieassociative.be\/actualites\/wp-json\/wp\/v2\/posts\/10577\/revisions"}],"wp:featuredmedia":[{"embeddable":true,"href":"https:\/\/vieassociative.be\/actualites\/wp-json\/wp\/v2\/media\/10578"}],"wp:attachment":[{"href":"https:\/\/vieassociative.be\/actualites\/wp-json\/wp\/v2\/media?parent=10577"}],"wp:term":[{"taxonomy":"category","embeddable":true,"href":"https:\/\/vieassociative.be\/actualites\/wp-json\/wp\/v2\/categories?post=10577"},{"taxonomy":"post_tag","embeddable":true,"href":"https:\/\/vieassociative.be\/actualites\/wp-json\/wp\/v2\/tags?post=10577"}],"curies":[{"name":"wp","href":"https:\/\/api.w.org\/{rel}","templated":true}]}}