{"id":10572,"date":"2025-10-10T10:17:06","date_gmt":"2025-10-10T08:17:06","guid":{"rendered":"https:\/\/vieassociative.be\/actualites\/les-diables-rouges-peuvent-faire-des-pas-de-geant-vers-la-coupe-du-monde-2026-aujourdhui-a-gand-et-lundi-au-pays-de-galles\/"},"modified":"2025-10-10T10:17:06","modified_gmt":"2025-10-10T08:17:06","slug":"les-diables-rouges-peuvent-faire-des-pas-de-geant-vers-la-coupe-du-monde-2026-aujourdhui-a-gand-et-lundi-au-pays-de-galles","status":"publish","type":"post","link":"https:\/\/vieassociative.be\/actualites\/les-diables-rouges-peuvent-faire-des-pas-de-geant-vers-la-coupe-du-monde-2026-aujourdhui-a-gand-et-lundi-au-pays-de-galles\/","title":{"rendered":"Les Diables Rouges peuvent faire des pas de g\u00e9ant vers la Coupe du Monde 2026 aujourd&rsquo;hui \u00e0 Gand et lundi au Pays de Galles"},"content":{"rendered":"<p><strong>Les Diables Rouges peuvent faire un pas de g\u00e9ant vers la Coupe du Monde 2026 aux Etats-Unis, au Mexique et au Canada ce vendredi \u00e0 Gand contre la Mac\u00e9doine du Nord et lundi \u00e0 Cardiff contre le Pays de Galles.<\/strong><\/p>\n<p><span id=\"more-426692\"><\/span>Kevin De Bruyne &#038; Co. ont d\u00e9j\u00e0 la chance de prendre la t\u00eate du groupe J des qualifications pour la Coupe du monde 2026. <\/p>\n<p>L&rsquo;\u00e9quipe du s\u00e9lectionneur national Rudi Garcia poursuit aujourd&rsquo;hui sa tourn\u00e9e en Belgique. Apr\u00e8s des matchs \u00e0 la Cegeka Arena de Genk (contre l&rsquo;Ukraine) et au Lotto Park d&rsquo;Anderlecht (contre le Kazakhstan), elle concourra aujourd&rsquo;hui (20h45 \/ en direct sur RTBF1 \u00ab La Une \u00bb) dans la Planet Group Arena de Gand, l&rsquo;ar\u00e8ne la plus moderne du pays. Les Diables Rouges joueront dans ce stade inaugur\u00e9 en 2013, pour la premi\u00e8re fois de leur histoire. A cette occasion, l&rsquo;ar\u00e8ne ne sera pas \u00e9clair\u00e9e en bleu, la couleur du club de premi\u00e8re division AA Gent, mais en rouge.<\/p>\n<div id=\"attachment_424070\" class=\"wp-caption alignleft\" style=\"max-width: 300px\"><img fetchpriority=\"high\" decoding=\"async\" class=\"wp-image-424070 size-medium\" src=\"https:\/\/vieassociative.be\/actualites\/wp-content\/uploads\/2025\/10\/Les-Diables-Rouges-peuvent-faire-des-pas-de-geant-vers.jpg\" alt=\"\" width=\"300\" height=\"200\"  ><\/div>\n<p>Les joueurs nationaux aiment les petits stades, o\u00f9, contrairement au vaste espace du Stade Roi Baudouin de Bruxelles, r\u00e8gne une atmosph\u00e8re passionnante.<\/p>\n<p>Le match aller en Mac\u00e9doine du Nord est le seul des qualifications qui n&rsquo;a pas \u00e9t\u00e9 gagn\u00e9. Cela s&rsquo;est termin\u00e9 1:1. Les Mac\u00e9doniens du Nord sont en t\u00eate du classement avec 11 points (5 matchs), devant la Belgique avec 10 points (4 matchs) et le Pays de Galles \u00e9galement avec 10 points (5 matchs). Seul le vainqueur du groupe est directement qualifi\u00e9 pour la Coupe du Monde. La deuxi\u00e8me place du groupe doit revenir aux s\u00e9ries \u00e9liminatoires. Les Gallois ont perdu jeudi un match international contre l\u2019Angleterre 3-0 au stade de Wembley \u00e0 Londres.<\/p>\n<p>Quels onze Garcia alignera-t-il devant le public \u00e0 Gand ? Une chose est d\u00e9j\u00e0 s\u00fbre : Kevin De Bruyne portera le brassard de capitaine en l&rsquo;absence de Youri Tielemans. Il est peu probable qu&rsquo;Axel Witsel, qui f\u00eate son retour dans l&rsquo;\u00e9quipe, soit titulaire. En attaque, l&rsquo;entra\u00eeneur pourrait continuer \u00e0 s&rsquo;appuyer sur Lois Openda malgr\u00e9 les critiques qui lui sont adress\u00e9es. (cr\u00e9er)<\/p>\n<p>La programmation attendue : Courtois \u2013 Meunier, Debast, Theate, De Cuyper \u2013 Raskin, Vanaken, De Bruyne \u2013 Doku, Openda, Fofana.<\/p>\n","protected":false},"excerpt":{"rendered":"<p>Les Diables Rouges peuvent faire un pas de g\u00e9ant vers la Coupe du Monde 2026 aux Etats-Unis, au Mexique et au Canada ce vendredi \u00e0<\/p>\n","protected":false},"author":1,"featured_media":10573,"comment_status":"","ping_status":"","sticky":false,"template":"","format":"standard","meta":{"footnotes":""},"categories":[298],"tags":[2330,2472,29,2389,127,3996,7153,7691,14,550,237,126,3513,293,2366,2778],"class_list":["post-10572","post","type-post","status-publish","format-standard","has-post-thumbnail","hentry","category-belgique","tag-aujourdhui","tag-coupe","tag-des","tag-diables","tag-faire","tag-galles","tag-gand","tag-geant","tag-les","tag-lundi","tag-monde","tag-pas","tag-pays","tag-peuvent","tag-rouges","tag-vers","generate-columns","tablet-grid-50","mobile-grid-100","grid-parent","grid-33"],"yoast_head":"<!-- This site is optimized with the Yoast SEO plugin v24.0 - https:\/\/yoast.com\/wordpress\/plugins\/seo\/ -->\n<title>Les Diables Rouges peuvent faire des pas de g\u00e9ant vers la Coupe du Monde 2026 aujourd&#039;hui \u00e0 Gand et lundi au Pays de Galles | Vie Associative<\/title>\n<meta name=\"robots\" content=\"index, follow, max-snippet:-1, max-image-preview:large, max-video-preview:-1\" \/>\n<link rel=\"canonical\" href=\"https:\/\/vieassociative.be\/actualites\/les-diables-rouges-peuvent-faire-des-pas-de-geant-vers-la-coupe-du-monde-2026-aujourdhui-a-gand-et-lundi-au-pays-de-galles\/\" \/>\n<meta property=\"og:locale\" content=\"fr_FR\" \/>\n<meta property=\"og:type\" content=\"article\" \/>\n<meta property=\"og:title\" content=\"Les Diables Rouges peuvent faire des pas de g\u00e9ant vers la Coupe du Monde 2026 aujourd&#039;hui \u00e0 Gand et lundi au Pays de Galles | Vie Associative\" \/>\n<meta property=\"og:description\" content=\"Les Diables Rouges peuvent faire un pas de g\u00e9ant vers la Coupe du Monde 2026 aux Etats-Unis, au Mexique et au Canada ce vendredi \u00e0\" \/>\n<meta property=\"og:url\" content=\"https:\/\/vieassociative.be\/actualites\/les-diables-rouges-peuvent-faire-des-pas-de-geant-vers-la-coupe-du-monde-2026-aujourdhui-a-gand-et-lundi-au-pays-de-galles\/\" \/>\n<meta property=\"og:site_name\" content=\"Vie Associative\" \/>\n<meta property=\"article:published_time\" content=\"2025-10-10T08:17:06+00:00\" \/>\n<meta property=\"og:image\" content=\"https:\/\/vieassociative.be\/actualites\/wp-content\/uploads\/2024\/09\/header_backgroundk-01-e1726694325946.png\" \/>\n\t<meta property=\"og:image:width\" content=\"279\" \/>\n\t<meta property=\"og:image:height\" content=\"92\" \/>\n\t<meta property=\"og:image:type\" content=\"image\/png\" \/>\n<meta name=\"author\" content=\"Julien\" \/>\n<meta name=\"twitter:card\" content=\"summary_large_image\" \/>\n<meta name=\"twitter:label1\" content=\"\u00c9crit par\" \/>\n\t<meta name=\"twitter:data1\" content=\"Julien\" \/>\n\t<meta name=\"twitter:label2\" content=\"Dur\u00e9e de lecture est.\" \/>\n\t<meta name=\"twitter:data2\" content=\"2 minutes\" \/>\n<script type=\"application\/ld+json\" class=\"yoast-schema-graph\">{\"@context\":\"https:\/\/schema.org\",\"@graph\":[{\"@type\":\"Article\",\"@id\":\"https:\/\/vieassociative.be\/actualites\/les-diables-rouges-peuvent-faire-des-pas-de-geant-vers-la-coupe-du-monde-2026-aujourdhui-a-gand-et-lundi-au-pays-de-galles\/#article\",\"isPartOf\":{\"@id\":\"https:\/\/vieassociative.be\/actualites\/les-diables-rouges-peuvent-faire-des-pas-de-geant-vers-la-coupe-du-monde-2026-aujourdhui-a-gand-et-lundi-au-pays-de-galles\/\"},\"author\":{\"name\":\"Julien\",\"@id\":\"https:\/\/vieassociative.be\/actualites\/#\/schema\/person\/b87ac4f82f9d4e7b7cec7395b679edc4\"},\"headline\":\"Les Diables Rouges peuvent faire des pas de g\u00e9ant vers la Coupe du Monde 2026 aujourd&rsquo;hui \u00e0 Gand et lundi au Pays de Galles\",\"datePublished\":\"2025-10-10T08:17:06+00:00\",\"dateModified\":\"2025-10-10T08:17:06+00:00\",\"mainEntityOfPage\":{\"@id\":\"https:\/\/vieassociative.be\/actualites\/les-diables-rouges-peuvent-faire-des-pas-de-geant-vers-la-coupe-du-monde-2026-aujourdhui-a-gand-et-lundi-au-pays-de-galles\/\"},\"wordCount\":395,\"publisher\":{\"@id\":\"https:\/\/vieassociative.be\/actualites\/#organization\"},\"image\":{\"@id\":\"https:\/\/vieassociative.be\/actualites\/les-diables-rouges-peuvent-faire-des-pas-de-geant-vers-la-coupe-du-monde-2026-aujourdhui-a-gand-et-lundi-au-pays-de-galles\/#primaryimage\"},\"thumbnailUrl\":\"https:\/\/vieassociative.be\/actualites\/wp-content\/uploads\/2025\/10\/1760084227_Les-Diables-Rouges-peuvent-faire-des-pas-de-geant-vers.jpg\",\"keywords\":[\"aujourdhui\",\"Coupe\",\"Des\",\"Diables\",\"faire\",\"Galles\",\"Gand\",\"g\u00e9ant\",\"Les\",\"lundi\",\"monde\",\"pas\",\"pays\",\"peuvent\",\"rouges\",\"vers\"],\"articleSection\":[\"Belgique\"],\"inLanguage\":\"fr-BE\"},{\"@type\":\"WebPage\",\"@id\":\"https:\/\/vieassociative.be\/actualites\/les-diables-rouges-peuvent-faire-des-pas-de-geant-vers-la-coupe-du-monde-2026-aujourdhui-a-gand-et-lundi-au-pays-de-galles\/\",\"url\":\"https:\/\/vieassociative.be\/actualites\/les-diables-rouges-peuvent-faire-des-pas-de-geant-vers-la-coupe-du-monde-2026-aujourdhui-a-gand-et-lundi-au-pays-de-galles\/\",\"name\":\"Les Diables Rouges peuvent faire des pas de g\u00e9ant vers la Coupe du Monde 2026 aujourd'hui \u00e0 Gand et lundi au Pays de Galles | Vie Associative\",\"isPartOf\":{\"@id\":\"https:\/\/vieassociative.be\/actualites\/#website\"},\"primaryImageOfPage\":{\"@id\":\"https:\/\/vieassociative.be\/actualites\/les-diables-rouges-peuvent-faire-des-pas-de-geant-vers-la-coupe-du-monde-2026-aujourdhui-a-gand-et-lundi-au-pays-de-galles\/#primaryimage\"},\"image\":{\"@id\":\"https:\/\/vieassociative.be\/actualites\/les-diables-rouges-peuvent-faire-des-pas-de-geant-vers-la-coupe-du-monde-2026-aujourdhui-a-gand-et-lundi-au-pays-de-galles\/#primaryimage\"},\"thumbnailUrl\":\"https:\/\/vieassociative.be\/actualites\/wp-content\/uploads\/2025\/10\/1760084227_Les-Diables-Rouges-peuvent-faire-des-pas-de-geant-vers.jpg\",\"datePublished\":\"2025-10-10T08:17:06+00:00\",\"dateModified\":\"2025-10-10T08:17:06+00:00\",\"breadcrumb\":{\"@id\":\"https:\/\/vieassociative.be\/actualites\/les-diables-rouges-peuvent-faire-des-pas-de-geant-vers-la-coupe-du-monde-2026-aujourdhui-a-gand-et-lundi-au-pays-de-galles\/#breadcrumb\"},\"inLanguage\":\"fr-BE\",\"potentialAction\":[{\"@type\":\"ReadAction\",\"target\":[\"https:\/\/vieassociative.be\/actualites\/les-diables-rouges-peuvent-faire-des-pas-de-geant-vers-la-coupe-du-monde-2026-aujourdhui-a-gand-et-lundi-au-pays-de-galles\/\"]}]},{\"@type\":\"ImageObject\",\"inLanguage\":\"fr-BE\",\"@id\":\"https:\/\/vieassociative.be\/actualites\/les-diables-rouges-peuvent-faire-des-pas-de-geant-vers-la-coupe-du-monde-2026-aujourdhui-a-gand-et-lundi-au-pays-de-galles\/#primaryimage\",\"url\":\"https:\/\/vieassociative.be\/actualites\/wp-content\/uploads\/2025\/10\/1760084227_Les-Diables-Rouges-peuvent-faire-des-pas-de-geant-vers.jpg\",\"contentUrl\":\"https:\/\/vieassociative.be\/actualites\/wp-content\/uploads\/2025\/10\/1760084227_Les-Diables-Rouges-peuvent-faire-des-pas-de-geant-vers.jpg\",\"width\":1200,\"height\":675,\"caption\":\"Les Diables Rouges peuvent faire des pas de g\u00e9ant vers la Coupe du Monde 2026 aujourd'hui \u00e0 Gand et lundi au Pays de Galles\"},{\"@type\":\"BreadcrumbList\",\"@id\":\"https:\/\/vieassociative.be\/actualites\/les-diables-rouges-peuvent-faire-des-pas-de-geant-vers-la-coupe-du-monde-2026-aujourdhui-a-gand-et-lundi-au-pays-de-galles\/#breadcrumb\",\"itemListElement\":[{\"@type\":\"ListItem\",\"position\":1,\"name\":\"Accueil\",\"item\":\"https:\/\/vieassociative.be\/actualites\/\"},{\"@type\":\"ListItem\",\"position\":2,\"name\":\"Les Diables Rouges peuvent faire des pas de g\u00e9ant vers la Coupe du Monde 2026 aujourd&rsquo;hui \u00e0 Gand et lundi au Pays de Galles\"}]},{\"@type\":\"WebSite\",\"@id\":\"https:\/\/vieassociative.be\/actualites\/#website\",\"url\":\"https:\/\/vieassociative.be\/actualites\/\",\"name\":\"Vie Associative\",\"description\":\"\",\"publisher\":{\"@id\":\"https:\/\/vieassociative.be\/actualites\/#organization\"},\"potentialAction\":[{\"@type\":\"SearchAction\",\"target\":{\"@type\":\"EntryPoint\",\"urlTemplate\":\"https:\/\/vieassociative.be\/actualites\/?s={search_term_string}\"},\"query-input\":{\"@type\":\"PropertyValueSpecification\",\"valueRequired\":true,\"valueName\":\"search_term_string\"}}],\"inLanguage\":\"fr-BE\"},{\"@type\":\"Organization\",\"@id\":\"https:\/\/vieassociative.be\/actualites\/#organization\",\"name\":\"Vie Associative\",\"url\":\"https:\/\/vieassociative.be\/actualites\/\",\"logo\":{\"@type\":\"ImageObject\",\"inLanguage\":\"fr-BE\",\"@id\":\"https:\/\/vieassociative.be\/actualites\/#\/schema\/logo\/image\/\",\"url\":\"https:\/\/vieassociative.be\/actualites\/wp-content\/uploads\/2024\/09\/cropped-vieassociative_favicon.ico.png\",\"contentUrl\":\"https:\/\/vieassociative.be\/actualites\/wp-content\/uploads\/2024\/09\/cropped-vieassociative_favicon.ico.png\",\"width\":512,\"height\":512,\"caption\":\"Vie Associative\"},\"image\":{\"@id\":\"https:\/\/vieassociative.be\/actualites\/#\/schema\/logo\/image\/\"}},{\"@type\":\"Person\",\"@id\":\"https:\/\/vieassociative.be\/actualites\/#\/schema\/person\/b87ac4f82f9d4e7b7cec7395b679edc4\",\"name\":\"Julien\",\"image\":{\"@type\":\"ImageObject\",\"inLanguage\":\"fr-BE\",\"@id\":\"https:\/\/vieassociative.be\/actualites\/#\/schema\/person\/image\/\",\"url\":\"https:\/\/vieassociative.be\/actualites\/wp-content\/uploads\/2024\/09\/vie-associative-1-150x150.jpg\",\"contentUrl\":\"https:\/\/vieassociative.be\/actualites\/wp-content\/uploads\/2024\/09\/vie-associative-1-150x150.jpg\",\"caption\":\"Julien\"},\"description\":\"Je suis Julien, r\u00e9dacteur pour Vie Associative. Passionn\u00e9 par le monde associatif depuis plus de 10 ans, j'ai \u00e0 c\u0153ur de partager des histoires inspirantes et de mettre en lumi\u00e8re les initiatives locales. Mon objectif est de sensibiliser et d'encourager l'engagement communautaire \u00e0 travers mes articles.\",\"sameAs\":[\"https:\/\/vieassociative.be\/\"]}]}<\/script>\n<!-- \/ Yoast SEO plugin. -->","yoast_head_json":{"title":"Les Diables Rouges peuvent faire des pas de g\u00e9ant vers la Coupe du Monde 2026 aujourd'hui \u00e0 Gand et lundi au Pays de Galles | Vie Associative","robots":{"index":"index","follow":"follow","max-snippet":"max-snippet:-1","max-image-preview":"max-image-preview:large","max-video-preview":"max-video-preview:-1"},"canonical":"https:\/\/vieassociative.be\/actualites\/les-diables-rouges-peuvent-faire-des-pas-de-geant-vers-la-coupe-du-monde-2026-aujourdhui-a-gand-et-lundi-au-pays-de-galles\/","og_locale":"fr_FR","og_type":"article","og_title":"Les Diables Rouges peuvent faire des pas de g\u00e9ant vers la Coupe du Monde 2026 aujourd'hui \u00e0 Gand et lundi au Pays de Galles | Vie Associative","og_description":"Les Diables Rouges peuvent faire un pas de g\u00e9ant vers la Coupe du Monde 2026 aux Etats-Unis, au Mexique et au Canada ce vendredi \u00e0","og_url":"https:\/\/vieassociative.be\/actualites\/les-diables-rouges-peuvent-faire-des-pas-de-geant-vers-la-coupe-du-monde-2026-aujourdhui-a-gand-et-lundi-au-pays-de-galles\/","og_site_name":"Vie Associative","article_published_time":"2025-10-10T08:17:06+00:00","og_image":[{"width":279,"height":92,"url":"https:\/\/vieassociative.be\/actualites\/wp-content\/uploads\/2024\/09\/header_backgroundk-01-e1726694325946.png","type":"image\/png"}],"author":"Julien","twitter_card":"summary_large_image","twitter_misc":{"\u00c9crit par":"Julien","Dur\u00e9e de lecture est.":"2 minutes"},"schema":{"@context":"https:\/\/schema.org","@graph":[{"@type":"Article","@id":"https:\/\/vieassociative.be\/actualites\/les-diables-rouges-peuvent-faire-des-pas-de-geant-vers-la-coupe-du-monde-2026-aujourdhui-a-gand-et-lundi-au-pays-de-galles\/#article","isPartOf":{"@id":"https:\/\/vieassociative.be\/actualites\/les-diables-rouges-peuvent-faire-des-pas-de-geant-vers-la-coupe-du-monde-2026-aujourdhui-a-gand-et-lundi-au-pays-de-galles\/"},"author":{"name":"Julien","@id":"https:\/\/vieassociative.be\/actualites\/#\/schema\/person\/b87ac4f82f9d4e7b7cec7395b679edc4"},"headline":"Les Diables Rouges peuvent faire des pas de g\u00e9ant vers la Coupe du Monde 2026 aujourd&rsquo;hui \u00e0 Gand et lundi au Pays de Galles","datePublished":"2025-10-10T08:17:06+00:00","dateModified":"2025-10-10T08:17:06+00:00","mainEntityOfPage":{"@id":"https:\/\/vieassociative.be\/actualites\/les-diables-rouges-peuvent-faire-des-pas-de-geant-vers-la-coupe-du-monde-2026-aujourdhui-a-gand-et-lundi-au-pays-de-galles\/"},"wordCount":395,"publisher":{"@id":"https:\/\/vieassociative.be\/actualites\/#organization"},"image":{"@id":"https:\/\/vieassociative.be\/actualites\/les-diables-rouges-peuvent-faire-des-pas-de-geant-vers-la-coupe-du-monde-2026-aujourdhui-a-gand-et-lundi-au-pays-de-galles\/#primaryimage"},"thumbnailUrl":"https:\/\/vieassociative.be\/actualites\/wp-content\/uploads\/2025\/10\/1760084227_Les-Diables-Rouges-peuvent-faire-des-pas-de-geant-vers.jpg","keywords":["aujourdhui","Coupe","Des","Diables","faire","Galles","Gand","g\u00e9ant","Les","lundi","monde","pas","pays","peuvent","rouges","vers"],"articleSection":["Belgique"],"inLanguage":"fr-BE"},{"@type":"WebPage","@id":"https:\/\/vieassociative.be\/actualites\/les-diables-rouges-peuvent-faire-des-pas-de-geant-vers-la-coupe-du-monde-2026-aujourdhui-a-gand-et-lundi-au-pays-de-galles\/","url":"https:\/\/vieassociative.be\/actualites\/les-diables-rouges-peuvent-faire-des-pas-de-geant-vers-la-coupe-du-monde-2026-aujourdhui-a-gand-et-lundi-au-pays-de-galles\/","name":"Les Diables Rouges peuvent faire des pas de g\u00e9ant vers la Coupe du Monde 2026 aujourd'hui \u00e0 Gand et lundi au Pays de Galles | Vie Associative","isPartOf":{"@id":"https:\/\/vieassociative.be\/actualites\/#website"},"primaryImageOfPage":{"@id":"https:\/\/vieassociative.be\/actualites\/les-diables-rouges-peuvent-faire-des-pas-de-geant-vers-la-coupe-du-monde-2026-aujourdhui-a-gand-et-lundi-au-pays-de-galles\/#primaryimage"},"image":{"@id":"https:\/\/vieassociative.be\/actualites\/les-diables-rouges-peuvent-faire-des-pas-de-geant-vers-la-coupe-du-monde-2026-aujourdhui-a-gand-et-lundi-au-pays-de-galles\/#primaryimage"},"thumbnailUrl":"https:\/\/vieassociative.be\/actualites\/wp-content\/uploads\/2025\/10\/1760084227_Les-Diables-Rouges-peuvent-faire-des-pas-de-geant-vers.jpg","datePublished":"2025-10-10T08:17:06+00:00","dateModified":"2025-10-10T08:17:06+00:00","breadcrumb":{"@id":"https:\/\/vieassociative.be\/actualites\/les-diables-rouges-peuvent-faire-des-pas-de-geant-vers-la-coupe-du-monde-2026-aujourdhui-a-gand-et-lundi-au-pays-de-galles\/#breadcrumb"},"inLanguage":"fr-BE","potentialAction":[{"@type":"ReadAction","target":["https:\/\/vieassociative.be\/actualites\/les-diables-rouges-peuvent-faire-des-pas-de-geant-vers-la-coupe-du-monde-2026-aujourdhui-a-gand-et-lundi-au-pays-de-galles\/"]}]},{"@type":"ImageObject","inLanguage":"fr-BE","@id":"https:\/\/vieassociative.be\/actualites\/les-diables-rouges-peuvent-faire-des-pas-de-geant-vers-la-coupe-du-monde-2026-aujourdhui-a-gand-et-lundi-au-pays-de-galles\/#primaryimage","url":"https:\/\/vieassociative.be\/actualites\/wp-content\/uploads\/2025\/10\/1760084227_Les-Diables-Rouges-peuvent-faire-des-pas-de-geant-vers.jpg","contentUrl":"https:\/\/vieassociative.be\/actualites\/wp-content\/uploads\/2025\/10\/1760084227_Les-Diables-Rouges-peuvent-faire-des-pas-de-geant-vers.jpg","width":1200,"height":675,"caption":"Les Diables Rouges peuvent faire des pas de g\u00e9ant vers la Coupe du Monde 2026 aujourd'hui \u00e0 Gand et lundi au Pays de Galles"},{"@type":"BreadcrumbList","@id":"https:\/\/vieassociative.be\/actualites\/les-diables-rouges-peuvent-faire-des-pas-de-geant-vers-la-coupe-du-monde-2026-aujourdhui-a-gand-et-lundi-au-pays-de-galles\/#breadcrumb","itemListElement":[{"@type":"ListItem","position":1,"name":"Accueil","item":"https:\/\/vieassociative.be\/actualites\/"},{"@type":"ListItem","position":2,"name":"Les Diables Rouges peuvent faire des pas de g\u00e9ant vers la Coupe du Monde 2026 aujourd&rsquo;hui \u00e0 Gand et lundi au Pays de Galles"}]},{"@type":"WebSite","@id":"https:\/\/vieassociative.be\/actualites\/#website","url":"https:\/\/vieassociative.be\/actualites\/","name":"Vie Associative","description":"","publisher":{"@id":"https:\/\/vieassociative.be\/actualites\/#organization"},"potentialAction":[{"@type":"SearchAction","target":{"@type":"EntryPoint","urlTemplate":"https:\/\/vieassociative.be\/actualites\/?s={search_term_string}"},"query-input":{"@type":"PropertyValueSpecification","valueRequired":true,"valueName":"search_term_string"}}],"inLanguage":"fr-BE"},{"@type":"Organization","@id":"https:\/\/vieassociative.be\/actualites\/#organization","name":"Vie Associative","url":"https:\/\/vieassociative.be\/actualites\/","logo":{"@type":"ImageObject","inLanguage":"fr-BE","@id":"https:\/\/vieassociative.be\/actualites\/#\/schema\/logo\/image\/","url":"https:\/\/vieassociative.be\/actualites\/wp-content\/uploads\/2024\/09\/cropped-vieassociative_favicon.ico.png","contentUrl":"https:\/\/vieassociative.be\/actualites\/wp-content\/uploads\/2024\/09\/cropped-vieassociative_favicon.ico.png","width":512,"height":512,"caption":"Vie Associative"},"image":{"@id":"https:\/\/vieassociative.be\/actualites\/#\/schema\/logo\/image\/"}},{"@type":"Person","@id":"https:\/\/vieassociative.be\/actualites\/#\/schema\/person\/b87ac4f82f9d4e7b7cec7395b679edc4","name":"Julien","image":{"@type":"ImageObject","inLanguage":"fr-BE","@id":"https:\/\/vieassociative.be\/actualites\/#\/schema\/person\/image\/","url":"https:\/\/vieassociative.be\/actualites\/wp-content\/uploads\/2024\/09\/vie-associative-1-150x150.jpg","contentUrl":"https:\/\/vieassociative.be\/actualites\/wp-content\/uploads\/2024\/09\/vie-associative-1-150x150.jpg","caption":"Julien"},"description":"Je suis Julien, r\u00e9dacteur pour Vie Associative. Passionn\u00e9 par le monde associatif depuis plus de 10 ans, j'ai \u00e0 c\u0153ur de partager des histoires inspirantes et de mettre en lumi\u00e8re les initiatives locales. Mon objectif est de sensibiliser et d'encourager l'engagement communautaire \u00e0 travers mes articles.","sameAs":["https:\/\/vieassociative.be\/"]}]}},"_links":{"self":[{"href":"https:\/\/vieassociative.be\/actualites\/wp-json\/wp\/v2\/posts\/10572"}],"collection":[{"href":"https:\/\/vieassociative.be\/actualites\/wp-json\/wp\/v2\/posts"}],"about":[{"href":"https:\/\/vieassociative.be\/actualites\/wp-json\/wp\/v2\/types\/post"}],"author":[{"embeddable":true,"href":"https:\/\/vieassociative.be\/actualites\/wp-json\/wp\/v2\/users\/1"}],"replies":[{"embeddable":true,"href":"https:\/\/vieassociative.be\/actualites\/wp-json\/wp\/v2\/comments?post=10572"}],"version-history":[{"count":0,"href":"https:\/\/vieassociative.be\/actualites\/wp-json\/wp\/v2\/posts\/10572\/revisions"}],"wp:featuredmedia":[{"embeddable":true,"href":"https:\/\/vieassociative.be\/actualites\/wp-json\/wp\/v2\/media\/10573"}],"wp:attachment":[{"href":"https:\/\/vieassociative.be\/actualites\/wp-json\/wp\/v2\/media?parent=10572"}],"wp:term":[{"taxonomy":"category","embeddable":true,"href":"https:\/\/vieassociative.be\/actualites\/wp-json\/wp\/v2\/categories?post=10572"},{"taxonomy":"post_tag","embeddable":true,"href":"https:\/\/vieassociative.be\/actualites\/wp-json\/wp\/v2\/tags?post=10572"}],"curies":[{"name":"wp","href":"https:\/\/api.w.org\/{rel}","templated":true}]}}