{"id":10565,"date":"2025-10-10T05:17:00","date_gmt":"2025-10-10T03:17:00","guid":{"rendered":"https:\/\/vieassociative.be\/actualites\/belgique-un-attentat-terroriste-presume-contre-un-homme-politique-dejoue\/"},"modified":"2025-10-10T05:17:01","modified_gmt":"2025-10-10T03:17:01","slug":"belgique-un-attentat-terroriste-presume-contre-un-homme-politique-dejoue","status":"publish","type":"post","link":"https:\/\/vieassociative.be\/actualites\/belgique-un-attentat-terroriste-presume-contre-un-homme-politique-dejoue\/","title":{"rendered":"Belgique : un attentat terroriste pr\u00e9sum\u00e9 contre un homme politique d\u00e9jou\u00e9"},"content":{"rendered":"<p><\/p>\n<aside class=\"h-ad-280+text lg:h-0 lg:hidden mb-12 md:mb-16\" data-slot-id=\"pos1_sm\" data-breakpoint=\"sm\" data-hide-ad-text=\"false\" data-module-id=\"SparkAdSlotModule\"><\/aside>\n<p class=\"expressive-copy-lg-body\">Les autorit\u00e9s belges affirment avoir d\u00e9jou\u00e9 une attaque terroriste pr\u00e9sum\u00e9e contre des hommes politiques. Apr\u00e8s quatre perquisitions dans la ville portuaire d&rsquo;Anvers, trois jeunes adultes ont \u00e9t\u00e9 arr\u00eat\u00e9s pour tentative d&rsquo;assassinat terroriste et participation aux activit\u00e9s d&rsquo;une organisation terroriste, a annonc\u00e9 le parquet. <\/p>\n<p class=\"expressive-copy-lg-body\">Il a \u00e9t\u00e9 dit qu\u2019il y avait des indications selon lesquelles ils voulaient mener une attaque terroriste d\u2019inspiration djihadiste contre des hommes politiques. Deux des suspects doivent compara\u00eetre vendredi devant le juge d&rsquo;instruction et le troisi\u00e8me a \u00e9t\u00e9 lib\u00e9r\u00e9 plus tard dans la journ\u00e9e.<\/p>\n<div id=\"piano-banner-kampagne\" data-module-id=\"PianoElementModule, PianoRecoWidgetModule\" class=\"mb-4 block\"><\/div>\n<div id=\"piano-reco-widget\" data-module-id=\"PianoElementModule, PianoRecoWidgetModule\" class=\"mb-4 block\"><\/div>\n<h3 class=\"expressive-heading-xl mb-5 mt-10\">Engin explosif improvis\u00e9 et sac avec billes d&rsquo;acier<\/h3>\n<p class=\"expressive-copy-lg-body\">Selon le parquet, un engin a \u00e9t\u00e9 trouv\u00e9 dans la maison de l&rsquo;un des suspects, qui pr\u00e9sentait de fortes similitudes avec un engin explosif improvis\u00e9 &#8211; mais n&rsquo;\u00e9tait pas encore pr\u00eat \u00e0 \u00eatre utilis\u00e9. Un sac contenant des billes d&rsquo;acier a \u00e9galement \u00e9t\u00e9 retrouv\u00e9. <\/p>\n<ul class=\"((data-group=summary)_&amp;):my-0 my-10 (h3+&amp;):mt-0 expressive-copy-lg\">\n<li><strong>Psychologue p\u00e9nitentiaire :<\/strong> \u00ab Les psychopathes ne semblent pas malades \u00bb \u2013 un expert explique comment les d\u00e9noncer<\/li>\n<li><strong>Cas de personne disparue\u00a0: <\/strong>Rebecca Reusch \u2013 \u00ab On ne peut pas exclure que la famille connaisse la v\u00e9rit\u00e9 \u00bb<\/li>\n<li><strong>Recherch\u00e9 \u00e0 l&rsquo;international : <\/strong>Ce sont les cinq femmes les plus dangereuses au monde<\/li>\n<li><strong>Criminologue : <\/strong>C&rsquo;est sur ce d\u00e9tail que la plupart des enqu\u00eateurs sur les affaires froides \u00e9chouent<\/li>\n<\/ul>\n<p><!-- opinary --><\/p>\n<div class=\"my-10 w-full bg-stable-white\">\n<div id=\"opinary-automation-placeholder\" class=\"w-full\"><\/div>\n<\/p><\/div>\n<p class=\"expressive-copy-lg-body\">\u00ab\u00a0Une imprimante 3D a \u00e9t\u00e9 trouv\u00e9e dans la maison d&rsquo;un deuxi\u00e8me suspect, qui a probablement \u00e9t\u00e9 utilis\u00e9e pour fabriquer des pi\u00e8ces pour l&rsquo;attaque pr\u00e9vue\u00a0\u00bb, a indiqu\u00e9 le parquet. En outre, certains signes indiquent qu\u2019il faudrait construire un drone sur lequel une charge explosive pourrait \u00eatre attach\u00e9e. <\/p>\n<aside class=\"h-ad-600+text lg:h-0 lg:hidden mb-12 md:mb-16\" data-slot-id=\"pos2_sm\" data-breakpoint=\"sm\" data-hide-ad-text=\"false\" data-module-id=\"SparkAdSlotModule\"><\/aside>\n","protected":false},"excerpt":{"rendered":"<p>Les autorit\u00e9s belges affirment avoir d\u00e9jou\u00e9 une attaque terroriste pr\u00e9sum\u00e9e contre des hommes politiques. Apr\u00e8s quatre perquisitions dans la ville portuaire d&rsquo;Anvers, trois jeunes adultes<\/p>\n","protected":false},"author":1,"featured_media":10566,"comment_status":"closed","ping_status":"","sticky":false,"template":"","format":"standard","meta":{"footnotes":""},"categories":[298],"tags":[8842,383,796,8843,4555,1513,4426,4425],"class_list":["post-10565","post","type-post","status-publish","format-standard","has-post-thumbnail","hentry","category-belgique","tag-attentat","tag-belgique","tag-contre","tag-dejoue","tag-homme","tag-politique","tag-presume","tag-terroriste","generate-columns","tablet-grid-50","mobile-grid-100","grid-parent","grid-33"],"yoast_head":"<!-- This site is optimized with the Yoast SEO plugin v24.0 - https:\/\/yoast.com\/wordpress\/plugins\/seo\/ -->\n<title>Belgique : un attentat terroriste pr\u00e9sum\u00e9 contre un homme politique d\u00e9jou\u00e9 | Vie Associative<\/title>\n<meta name=\"robots\" content=\"index, follow, max-snippet:-1, max-image-preview:large, max-video-preview:-1\" \/>\n<link rel=\"canonical\" href=\"https:\/\/vieassociative.be\/actualites\/belgique-un-attentat-terroriste-presume-contre-un-homme-politique-dejoue\/\" \/>\n<meta property=\"og:locale\" content=\"fr_FR\" \/>\n<meta property=\"og:type\" content=\"article\" \/>\n<meta property=\"og:title\" content=\"Belgique : un attentat terroriste pr\u00e9sum\u00e9 contre un homme politique d\u00e9jou\u00e9 | Vie Associative\" \/>\n<meta property=\"og:description\" content=\"Les autorit\u00e9s belges affirment avoir d\u00e9jou\u00e9 une attaque terroriste pr\u00e9sum\u00e9e contre des hommes politiques. Apr\u00e8s quatre perquisitions dans la ville portuaire d&rsquo;Anvers, trois jeunes adultes\" \/>\n<meta property=\"og:url\" content=\"https:\/\/vieassociative.be\/actualites\/belgique-un-attentat-terroriste-presume-contre-un-homme-politique-dejoue\/\" \/>\n<meta property=\"og:site_name\" content=\"Vie Associative\" \/>\n<meta property=\"article:published_time\" content=\"2025-10-10T03:17:00+00:00\" \/>\n<meta property=\"article:modified_time\" content=\"2025-10-10T03:17:01+00:00\" \/>\n<meta property=\"og:image\" content=\"https:\/\/vieassociative.be\/actualites\/wp-content\/uploads\/2025\/10\/Belgique-un-attentat-terroriste-presume-contre-un-homme-politique.jpeg\" \/>\n\t<meta property=\"og:image:width\" content=\"600\" \/>\n\t<meta property=\"og:image:height\" content=\"338\" \/>\n\t<meta property=\"og:image:type\" content=\"image\/jpeg\" \/>\n<meta name=\"author\" content=\"Julien\" \/>\n<meta name=\"twitter:card\" content=\"summary_large_image\" \/>\n<meta name=\"twitter:label1\" content=\"\u00c9crit par\" \/>\n\t<meta name=\"twitter:data1\" content=\"Julien\" \/>\n\t<meta name=\"twitter:label2\" content=\"Dur\u00e9e de lecture est.\" \/>\n\t<meta name=\"twitter:data2\" content=\"1 minute\" \/>\n<script type=\"application\/ld+json\" class=\"yoast-schema-graph\">{\"@context\":\"https:\/\/schema.org\",\"@graph\":[{\"@type\":\"Article\",\"@id\":\"https:\/\/vieassociative.be\/actualites\/belgique-un-attentat-terroriste-presume-contre-un-homme-politique-dejoue\/#article\",\"isPartOf\":{\"@id\":\"https:\/\/vieassociative.be\/actualites\/belgique-un-attentat-terroriste-presume-contre-un-homme-politique-dejoue\/\"},\"author\":{\"name\":\"Julien\",\"@id\":\"https:\/\/vieassociative.be\/actualites\/#\/schema\/person\/b87ac4f82f9d4e7b7cec7395b679edc4\"},\"headline\":\"Belgique : un attentat terroriste pr\u00e9sum\u00e9 contre un homme politique d\u00e9jou\u00e9\",\"datePublished\":\"2025-10-10T03:17:00+00:00\",\"dateModified\":\"2025-10-10T03:17:01+00:00\",\"mainEntityOfPage\":{\"@id\":\"https:\/\/vieassociative.be\/actualites\/belgique-un-attentat-terroriste-presume-contre-un-homme-politique-dejoue\/\"},\"wordCount\":294,\"publisher\":{\"@id\":\"https:\/\/vieassociative.be\/actualites\/#organization\"},\"image\":{\"@id\":\"https:\/\/vieassociative.be\/actualites\/belgique-un-attentat-terroriste-presume-contre-un-homme-politique-dejoue\/#primaryimage\"},\"thumbnailUrl\":\"https:\/\/vieassociative.be\/actualites\/wp-content\/uploads\/2025\/10\/Belgique-un-attentat-terroriste-presume-contre-un-homme-politique.jpeg\",\"keywords\":[\"attentat\",\"Belgique\",\"contre\",\"d\u00e9jou\u00e9\",\"homme\",\"politique\",\"pr\u00e9sum\u00e9\",\"terroriste\"],\"articleSection\":[\"Belgique\"],\"inLanguage\":\"fr-BE\"},{\"@type\":\"WebPage\",\"@id\":\"https:\/\/vieassociative.be\/actualites\/belgique-un-attentat-terroriste-presume-contre-un-homme-politique-dejoue\/\",\"url\":\"https:\/\/vieassociative.be\/actualites\/belgique-un-attentat-terroriste-presume-contre-un-homme-politique-dejoue\/\",\"name\":\"Belgique : un attentat terroriste pr\u00e9sum\u00e9 contre un homme politique d\u00e9jou\u00e9 | Vie Associative\",\"isPartOf\":{\"@id\":\"https:\/\/vieassociative.be\/actualites\/#website\"},\"primaryImageOfPage\":{\"@id\":\"https:\/\/vieassociative.be\/actualites\/belgique-un-attentat-terroriste-presume-contre-un-homme-politique-dejoue\/#primaryimage\"},\"image\":{\"@id\":\"https:\/\/vieassociative.be\/actualites\/belgique-un-attentat-terroriste-presume-contre-un-homme-politique-dejoue\/#primaryimage\"},\"thumbnailUrl\":\"https:\/\/vieassociative.be\/actualites\/wp-content\/uploads\/2025\/10\/Belgique-un-attentat-terroriste-presume-contre-un-homme-politique.jpeg\",\"datePublished\":\"2025-10-10T03:17:00+00:00\",\"dateModified\":\"2025-10-10T03:17:01+00:00\",\"breadcrumb\":{\"@id\":\"https:\/\/vieassociative.be\/actualites\/belgique-un-attentat-terroriste-presume-contre-un-homme-politique-dejoue\/#breadcrumb\"},\"inLanguage\":\"fr-BE\",\"potentialAction\":[{\"@type\":\"ReadAction\",\"target\":[\"https:\/\/vieassociative.be\/actualites\/belgique-un-attentat-terroriste-presume-contre-un-homme-politique-dejoue\/\"]}]},{\"@type\":\"ImageObject\",\"inLanguage\":\"fr-BE\",\"@id\":\"https:\/\/vieassociative.be\/actualites\/belgique-un-attentat-terroriste-presume-contre-un-homme-politique-dejoue\/#primaryimage\",\"url\":\"https:\/\/vieassociative.be\/actualites\/wp-content\/uploads\/2025\/10\/Belgique-un-attentat-terroriste-presume-contre-un-homme-politique.jpeg\",\"contentUrl\":\"https:\/\/vieassociative.be\/actualites\/wp-content\/uploads\/2025\/10\/Belgique-un-attentat-terroriste-presume-contre-un-homme-politique.jpeg\",\"width\":600,\"height\":338,\"caption\":\"Belgique : un attentat terroriste pr\u00e9sum\u00e9 contre un homme politique d\u00e9jou\u00e9\"},{\"@type\":\"BreadcrumbList\",\"@id\":\"https:\/\/vieassociative.be\/actualites\/belgique-un-attentat-terroriste-presume-contre-un-homme-politique-dejoue\/#breadcrumb\",\"itemListElement\":[{\"@type\":\"ListItem\",\"position\":1,\"name\":\"Accueil\",\"item\":\"https:\/\/vieassociative.be\/actualites\/\"},{\"@type\":\"ListItem\",\"position\":2,\"name\":\"Belgique : un attentat terroriste pr\u00e9sum\u00e9 contre un homme politique d\u00e9jou\u00e9\"}]},{\"@type\":\"WebSite\",\"@id\":\"https:\/\/vieassociative.be\/actualites\/#website\",\"url\":\"https:\/\/vieassociative.be\/actualites\/\",\"name\":\"Vie Associative\",\"description\":\"\",\"publisher\":{\"@id\":\"https:\/\/vieassociative.be\/actualites\/#organization\"},\"potentialAction\":[{\"@type\":\"SearchAction\",\"target\":{\"@type\":\"EntryPoint\",\"urlTemplate\":\"https:\/\/vieassociative.be\/actualites\/?s={search_term_string}\"},\"query-input\":{\"@type\":\"PropertyValueSpecification\",\"valueRequired\":true,\"valueName\":\"search_term_string\"}}],\"inLanguage\":\"fr-BE\"},{\"@type\":\"Organization\",\"@id\":\"https:\/\/vieassociative.be\/actualites\/#organization\",\"name\":\"Vie Associative\",\"url\":\"https:\/\/vieassociative.be\/actualites\/\",\"logo\":{\"@type\":\"ImageObject\",\"inLanguage\":\"fr-BE\",\"@id\":\"https:\/\/vieassociative.be\/actualites\/#\/schema\/logo\/image\/\",\"url\":\"https:\/\/vieassociative.be\/actualites\/wp-content\/uploads\/2024\/09\/cropped-vieassociative_favicon.ico.png\",\"contentUrl\":\"https:\/\/vieassociative.be\/actualites\/wp-content\/uploads\/2024\/09\/cropped-vieassociative_favicon.ico.png\",\"width\":512,\"height\":512,\"caption\":\"Vie Associative\"},\"image\":{\"@id\":\"https:\/\/vieassociative.be\/actualites\/#\/schema\/logo\/image\/\"}},{\"@type\":\"Person\",\"@id\":\"https:\/\/vieassociative.be\/actualites\/#\/schema\/person\/b87ac4f82f9d4e7b7cec7395b679edc4\",\"name\":\"Julien\",\"image\":{\"@type\":\"ImageObject\",\"inLanguage\":\"fr-BE\",\"@id\":\"https:\/\/vieassociative.be\/actualites\/#\/schema\/person\/image\/\",\"url\":\"https:\/\/vieassociative.be\/actualites\/wp-content\/uploads\/2024\/09\/vie-associative-1-150x150.jpg\",\"contentUrl\":\"https:\/\/vieassociative.be\/actualites\/wp-content\/uploads\/2024\/09\/vie-associative-1-150x150.jpg\",\"caption\":\"Julien\"},\"description\":\"Je suis Julien, r\u00e9dacteur pour Vie Associative. Passionn\u00e9 par le monde associatif depuis plus de 10 ans, j'ai \u00e0 c\u0153ur de partager des histoires inspirantes et de mettre en lumi\u00e8re les initiatives locales. Mon objectif est de sensibiliser et d'encourager l'engagement communautaire \u00e0 travers mes articles.\",\"sameAs\":[\"https:\/\/vieassociative.be\/\"]}]}<\/script>\n<!-- \/ Yoast SEO plugin. -->","yoast_head_json":{"title":"Belgique : un attentat terroriste pr\u00e9sum\u00e9 contre un homme politique d\u00e9jou\u00e9 | Vie Associative","robots":{"index":"index","follow":"follow","max-snippet":"max-snippet:-1","max-image-preview":"max-image-preview:large","max-video-preview":"max-video-preview:-1"},"canonical":"https:\/\/vieassociative.be\/actualites\/belgique-un-attentat-terroriste-presume-contre-un-homme-politique-dejoue\/","og_locale":"fr_FR","og_type":"article","og_title":"Belgique : un attentat terroriste pr\u00e9sum\u00e9 contre un homme politique d\u00e9jou\u00e9 | Vie Associative","og_description":"Les autorit\u00e9s belges affirment avoir d\u00e9jou\u00e9 une attaque terroriste pr\u00e9sum\u00e9e contre des hommes politiques. Apr\u00e8s quatre perquisitions dans la ville portuaire d&rsquo;Anvers, trois jeunes adultes","og_url":"https:\/\/vieassociative.be\/actualites\/belgique-un-attentat-terroriste-presume-contre-un-homme-politique-dejoue\/","og_site_name":"Vie Associative","article_published_time":"2025-10-10T03:17:00+00:00","article_modified_time":"2025-10-10T03:17:01+00:00","og_image":[{"width":600,"height":338,"url":"https:\/\/vieassociative.be\/actualites\/wp-content\/uploads\/2025\/10\/Belgique-un-attentat-terroriste-presume-contre-un-homme-politique.jpeg","type":"image\/jpeg"}],"author":"Julien","twitter_card":"summary_large_image","twitter_misc":{"\u00c9crit par":"Julien","Dur\u00e9e de lecture est.":"1 minute"},"schema":{"@context":"https:\/\/schema.org","@graph":[{"@type":"Article","@id":"https:\/\/vieassociative.be\/actualites\/belgique-un-attentat-terroriste-presume-contre-un-homme-politique-dejoue\/#article","isPartOf":{"@id":"https:\/\/vieassociative.be\/actualites\/belgique-un-attentat-terroriste-presume-contre-un-homme-politique-dejoue\/"},"author":{"name":"Julien","@id":"https:\/\/vieassociative.be\/actualites\/#\/schema\/person\/b87ac4f82f9d4e7b7cec7395b679edc4"},"headline":"Belgique : un attentat terroriste pr\u00e9sum\u00e9 contre un homme politique d\u00e9jou\u00e9","datePublished":"2025-10-10T03:17:00+00:00","dateModified":"2025-10-10T03:17:01+00:00","mainEntityOfPage":{"@id":"https:\/\/vieassociative.be\/actualites\/belgique-un-attentat-terroriste-presume-contre-un-homme-politique-dejoue\/"},"wordCount":294,"publisher":{"@id":"https:\/\/vieassociative.be\/actualites\/#organization"},"image":{"@id":"https:\/\/vieassociative.be\/actualites\/belgique-un-attentat-terroriste-presume-contre-un-homme-politique-dejoue\/#primaryimage"},"thumbnailUrl":"https:\/\/vieassociative.be\/actualites\/wp-content\/uploads\/2025\/10\/Belgique-un-attentat-terroriste-presume-contre-un-homme-politique.jpeg","keywords":["attentat","Belgique","contre","d\u00e9jou\u00e9","homme","politique","pr\u00e9sum\u00e9","terroriste"],"articleSection":["Belgique"],"inLanguage":"fr-BE"},{"@type":"WebPage","@id":"https:\/\/vieassociative.be\/actualites\/belgique-un-attentat-terroriste-presume-contre-un-homme-politique-dejoue\/","url":"https:\/\/vieassociative.be\/actualites\/belgique-un-attentat-terroriste-presume-contre-un-homme-politique-dejoue\/","name":"Belgique : un attentat terroriste pr\u00e9sum\u00e9 contre un homme politique d\u00e9jou\u00e9 | Vie Associative","isPartOf":{"@id":"https:\/\/vieassociative.be\/actualites\/#website"},"primaryImageOfPage":{"@id":"https:\/\/vieassociative.be\/actualites\/belgique-un-attentat-terroriste-presume-contre-un-homme-politique-dejoue\/#primaryimage"},"image":{"@id":"https:\/\/vieassociative.be\/actualites\/belgique-un-attentat-terroriste-presume-contre-un-homme-politique-dejoue\/#primaryimage"},"thumbnailUrl":"https:\/\/vieassociative.be\/actualites\/wp-content\/uploads\/2025\/10\/Belgique-un-attentat-terroriste-presume-contre-un-homme-politique.jpeg","datePublished":"2025-10-10T03:17:00+00:00","dateModified":"2025-10-10T03:17:01+00:00","breadcrumb":{"@id":"https:\/\/vieassociative.be\/actualites\/belgique-un-attentat-terroriste-presume-contre-un-homme-politique-dejoue\/#breadcrumb"},"inLanguage":"fr-BE","potentialAction":[{"@type":"ReadAction","target":["https:\/\/vieassociative.be\/actualites\/belgique-un-attentat-terroriste-presume-contre-un-homme-politique-dejoue\/"]}]},{"@type":"ImageObject","inLanguage":"fr-BE","@id":"https:\/\/vieassociative.be\/actualites\/belgique-un-attentat-terroriste-presume-contre-un-homme-politique-dejoue\/#primaryimage","url":"https:\/\/vieassociative.be\/actualites\/wp-content\/uploads\/2025\/10\/Belgique-un-attentat-terroriste-presume-contre-un-homme-politique.jpeg","contentUrl":"https:\/\/vieassociative.be\/actualites\/wp-content\/uploads\/2025\/10\/Belgique-un-attentat-terroriste-presume-contre-un-homme-politique.jpeg","width":600,"height":338,"caption":"Belgique : un attentat terroriste pr\u00e9sum\u00e9 contre un homme politique d\u00e9jou\u00e9"},{"@type":"BreadcrumbList","@id":"https:\/\/vieassociative.be\/actualites\/belgique-un-attentat-terroriste-presume-contre-un-homme-politique-dejoue\/#breadcrumb","itemListElement":[{"@type":"ListItem","position":1,"name":"Accueil","item":"https:\/\/vieassociative.be\/actualites\/"},{"@type":"ListItem","position":2,"name":"Belgique : un attentat terroriste pr\u00e9sum\u00e9 contre un homme politique d\u00e9jou\u00e9"}]},{"@type":"WebSite","@id":"https:\/\/vieassociative.be\/actualites\/#website","url":"https:\/\/vieassociative.be\/actualites\/","name":"Vie Associative","description":"","publisher":{"@id":"https:\/\/vieassociative.be\/actualites\/#organization"},"potentialAction":[{"@type":"SearchAction","target":{"@type":"EntryPoint","urlTemplate":"https:\/\/vieassociative.be\/actualites\/?s={search_term_string}"},"query-input":{"@type":"PropertyValueSpecification","valueRequired":true,"valueName":"search_term_string"}}],"inLanguage":"fr-BE"},{"@type":"Organization","@id":"https:\/\/vieassociative.be\/actualites\/#organization","name":"Vie Associative","url":"https:\/\/vieassociative.be\/actualites\/","logo":{"@type":"ImageObject","inLanguage":"fr-BE","@id":"https:\/\/vieassociative.be\/actualites\/#\/schema\/logo\/image\/","url":"https:\/\/vieassociative.be\/actualites\/wp-content\/uploads\/2024\/09\/cropped-vieassociative_favicon.ico.png","contentUrl":"https:\/\/vieassociative.be\/actualites\/wp-content\/uploads\/2024\/09\/cropped-vieassociative_favicon.ico.png","width":512,"height":512,"caption":"Vie Associative"},"image":{"@id":"https:\/\/vieassociative.be\/actualites\/#\/schema\/logo\/image\/"}},{"@type":"Person","@id":"https:\/\/vieassociative.be\/actualites\/#\/schema\/person\/b87ac4f82f9d4e7b7cec7395b679edc4","name":"Julien","image":{"@type":"ImageObject","inLanguage":"fr-BE","@id":"https:\/\/vieassociative.be\/actualites\/#\/schema\/person\/image\/","url":"https:\/\/vieassociative.be\/actualites\/wp-content\/uploads\/2024\/09\/vie-associative-1-150x150.jpg","contentUrl":"https:\/\/vieassociative.be\/actualites\/wp-content\/uploads\/2024\/09\/vie-associative-1-150x150.jpg","caption":"Julien"},"description":"Je suis Julien, r\u00e9dacteur pour Vie Associative. Passionn\u00e9 par le monde associatif depuis plus de 10 ans, j'ai \u00e0 c\u0153ur de partager des histoires inspirantes et de mettre en lumi\u00e8re les initiatives locales. Mon objectif est de sensibiliser et d'encourager l'engagement communautaire \u00e0 travers mes articles.","sameAs":["https:\/\/vieassociative.be\/"]}]}},"_links":{"self":[{"href":"https:\/\/vieassociative.be\/actualites\/wp-json\/wp\/v2\/posts\/10565"}],"collection":[{"href":"https:\/\/vieassociative.be\/actualites\/wp-json\/wp\/v2\/posts"}],"about":[{"href":"https:\/\/vieassociative.be\/actualites\/wp-json\/wp\/v2\/types\/post"}],"author":[{"embeddable":true,"href":"https:\/\/vieassociative.be\/actualites\/wp-json\/wp\/v2\/users\/1"}],"replies":[{"embeddable":true,"href":"https:\/\/vieassociative.be\/actualites\/wp-json\/wp\/v2\/comments?post=10565"}],"version-history":[{"count":1,"href":"https:\/\/vieassociative.be\/actualites\/wp-json\/wp\/v2\/posts\/10565\/revisions"}],"predecessor-version":[{"id":10567,"href":"https:\/\/vieassociative.be\/actualites\/wp-json\/wp\/v2\/posts\/10565\/revisions\/10567"}],"wp:featuredmedia":[{"embeddable":true,"href":"https:\/\/vieassociative.be\/actualites\/wp-json\/wp\/v2\/media\/10566"}],"wp:attachment":[{"href":"https:\/\/vieassociative.be\/actualites\/wp-json\/wp\/v2\/media?parent=10565"}],"wp:term":[{"taxonomy":"category","embeddable":true,"href":"https:\/\/vieassociative.be\/actualites\/wp-json\/wp\/v2\/categories?post=10565"},{"taxonomy":"post_tag","embeddable":true,"href":"https:\/\/vieassociative.be\/actualites\/wp-json\/wp\/v2\/tags?post=10565"}],"curies":[{"name":"wp","href":"https:\/\/api.w.org\/{rel}","templated":true}]}}