{"id":10563,"date":"2025-10-10T04:17:05","date_gmt":"2025-10-10T02:17:05","guid":{"rendered":"https:\/\/vieassociative.be\/actualites\/parce-quil-na-pas-paye-ses-pommes-de-terre-un-homme-va-derriere-les-barreaux\/"},"modified":"2025-10-10T04:17:05","modified_gmt":"2025-10-10T02:17:05","slug":"parce-quil-na-pas-paye-ses-pommes-de-terre-un-homme-va-derriere-les-barreaux","status":"publish","type":"post","link":"https:\/\/vieassociative.be\/actualites\/parce-quil-na-pas-paye-ses-pommes-de-terre-un-homme-va-derriere-les-barreaux\/","title":{"rendered":"Parce qu&rsquo;il n&rsquo;a pas pay\u00e9 ses pommes de terre, un homme va derri\u00e8re les barreaux"},"content":{"rendered":"<p><strong>Quiconque ne paie pas ses factures a un probl\u00e8me, m\u00eame si cela s&rsquo;est produit il y a des ann\u00e9es. Le probl\u00e8me devient encore plus grave si un mandat d&rsquo;arr\u00eat est \u00e9mis et que vous vous retrouvez \u00e0 un poste de contr\u00f4le de police.<\/strong><\/p>\n<p><span id=\"more-426501\"><\/span>Un homme de 36 ans a \u00e9t\u00e9 arr\u00eat\u00e9 \u00e0 Aix-la-Chapelle parce qu&rsquo;il n&rsquo;aurait pas pay\u00e9 de grandes quantit\u00e9s d&rsquo;oignons et de pommes de terre. Un mandat d&rsquo;arr\u00eat europ\u00e9en a \u00e9t\u00e9 lanc\u00e9 contre lui en provenance de Pologne, comme l&rsquo;a annonc\u00e9 mercredi la police f\u00e9d\u00e9rale.<\/p>\n<p>L&rsquo;homme a \u00e9t\u00e9 arr\u00eat\u00e9 lundi lors d&rsquo;un contr\u00f4le sur l&rsquo;autoroute \u00e0 Aix-la-Chapelle. Il voyageait seul et venait d&rsquo;entrer en Allemagne depuis les Pays-Bas. Le Polonais est accus\u00e9 d&rsquo;avoir caus\u00e9 un pr\u00e9judice de 28 000 euros entre 2019 et 2020 \u00e0 travers des factures impay\u00e9es. Il aurait \u00e9galement conduit sans permis de conduire &#8211; il n&rsquo;a pas \u00e9t\u00e9 pr\u00e9cis\u00e9 s&rsquo;il disposait d\u00e9sormais \u00e0 nouveau d&rsquo;un permis de conduire valide.<\/p>\n<p>L&rsquo;homme a \u00e9t\u00e9 emmen\u00e9 au centre correctionnel d&rsquo;Aix-la-Chapelle. L\u00e0, il attend d&rsquo;\u00eatre extrad\u00e9 vers la Pologne, o\u00f9 il sera condamn\u00e9 \u00e0 pr\u00e8s de deux ans de prison. (dpa)<\/p>\n","protected":false},"excerpt":{"rendered":"<p>Quiconque ne paie pas ses factures a un probl\u00e8me, m\u00eame si cela s&rsquo;est produit il y a des ann\u00e9es. Le probl\u00e8me devient encore plus grave<\/p>\n","protected":false},"author":1,"featured_media":10564,"comment_status":"","ping_status":"","sticky":false,"template":"","format":"standard","meta":{"footnotes":""},"categories":[298],"tags":[8841,3978,4555,14,5317,126,8840,704,1855,1055,1166],"class_list":["post-10563","post","type-post","status-publish","format-standard","has-post-thumbnail","hentry","category-belgique","tag-barreaux","tag-derriere","tag-homme","tag-les","tag-parce","tag-pas","tag-paye","tag-pommes","tag-quil","tag-ses","tag-terre","generate-columns","tablet-grid-50","mobile-grid-100","grid-parent","grid-33"],"yoast_head":"<!-- This site is optimized with the Yoast SEO plugin v24.0 - https:\/\/yoast.com\/wordpress\/plugins\/seo\/ -->\n<title>Parce qu&#039;il n&#039;a pas pay\u00e9 ses pommes de terre, un homme va derri\u00e8re les barreaux | Vie Associative<\/title>\n<meta name=\"robots\" content=\"index, follow, max-snippet:-1, max-image-preview:large, max-video-preview:-1\" \/>\n<link rel=\"canonical\" href=\"https:\/\/vieassociative.be\/actualites\/parce-quil-na-pas-paye-ses-pommes-de-terre-un-homme-va-derriere-les-barreaux\/\" \/>\n<meta property=\"og:locale\" content=\"fr_FR\" \/>\n<meta property=\"og:type\" content=\"article\" \/>\n<meta property=\"og:title\" content=\"Parce qu&#039;il n&#039;a pas pay\u00e9 ses pommes de terre, un homme va derri\u00e8re les barreaux | Vie Associative\" \/>\n<meta property=\"og:description\" content=\"Quiconque ne paie pas ses factures a un probl\u00e8me, m\u00eame si cela s&rsquo;est produit il y a des ann\u00e9es. Le probl\u00e8me devient encore plus grave\" \/>\n<meta property=\"og:url\" content=\"https:\/\/vieassociative.be\/actualites\/parce-quil-na-pas-paye-ses-pommes-de-terre-un-homme-va-derriere-les-barreaux\/\" \/>\n<meta property=\"og:site_name\" content=\"Vie Associative\" \/>\n<meta property=\"article:published_time\" content=\"2025-10-10T02:17:05+00:00\" \/>\n<meta property=\"og:image\" content=\"https:\/\/vieassociative.be\/actualites\/wp-content\/uploads\/2024\/09\/header_backgroundk-01-e1726694325946.png\" \/>\n\t<meta property=\"og:image:width\" content=\"279\" \/>\n\t<meta property=\"og:image:height\" content=\"92\" \/>\n\t<meta property=\"og:image:type\" content=\"image\/png\" \/>\n<meta name=\"author\" content=\"Julien\" \/>\n<meta name=\"twitter:card\" content=\"summary_large_image\" \/>\n<meta name=\"twitter:label1\" content=\"\u00c9crit par\" \/>\n\t<meta name=\"twitter:data1\" content=\"Julien\" \/>\n\t<meta name=\"twitter:label2\" content=\"Dur\u00e9e de lecture est.\" \/>\n\t<meta name=\"twitter:data2\" content=\"1 minute\" \/>\n<script type=\"application\/ld+json\" class=\"yoast-schema-graph\">{\"@context\":\"https:\/\/schema.org\",\"@graph\":[{\"@type\":\"Article\",\"@id\":\"https:\/\/vieassociative.be\/actualites\/parce-quil-na-pas-paye-ses-pommes-de-terre-un-homme-va-derriere-les-barreaux\/#article\",\"isPartOf\":{\"@id\":\"https:\/\/vieassociative.be\/actualites\/parce-quil-na-pas-paye-ses-pommes-de-terre-un-homme-va-derriere-les-barreaux\/\"},\"author\":{\"name\":\"Julien\",\"@id\":\"https:\/\/vieassociative.be\/actualites\/#\/schema\/person\/b87ac4f82f9d4e7b7cec7395b679edc4\"},\"headline\":\"Parce qu&rsquo;il n&rsquo;a pas pay\u00e9 ses pommes de terre, un homme va derri\u00e8re les barreaux\",\"datePublished\":\"2025-10-10T02:17:05+00:00\",\"dateModified\":\"2025-10-10T02:17:05+00:00\",\"mainEntityOfPage\":{\"@id\":\"https:\/\/vieassociative.be\/actualites\/parce-quil-na-pas-paye-ses-pommes-de-terre-un-homme-va-derriere-les-barreaux\/\"},\"wordCount\":227,\"publisher\":{\"@id\":\"https:\/\/vieassociative.be\/actualites\/#organization\"},\"image\":{\"@id\":\"https:\/\/vieassociative.be\/actualites\/parce-quil-na-pas-paye-ses-pommes-de-terre-un-homme-va-derriere-les-barreaux\/#primaryimage\"},\"thumbnailUrl\":\"https:\/\/vieassociative.be\/actualites\/wp-content\/uploads\/2025\/10\/Parce-quil-na-pas-paye-ses-pommes-de-terre-un.jpeg\",\"keywords\":[\"barreaux\",\"derri\u00e8re\",\"homme\",\"Les\",\"parce\",\"pas\",\"pay\u00e9\",\"pommes\",\"quil\",\"ses\",\"terre\"],\"articleSection\":[\"Belgique\"],\"inLanguage\":\"fr-BE\"},{\"@type\":\"WebPage\",\"@id\":\"https:\/\/vieassociative.be\/actualites\/parce-quil-na-pas-paye-ses-pommes-de-terre-un-homme-va-derriere-les-barreaux\/\",\"url\":\"https:\/\/vieassociative.be\/actualites\/parce-quil-na-pas-paye-ses-pommes-de-terre-un-homme-va-derriere-les-barreaux\/\",\"name\":\"Parce qu'il n'a pas pay\u00e9 ses pommes de terre, un homme va derri\u00e8re les barreaux | Vie Associative\",\"isPartOf\":{\"@id\":\"https:\/\/vieassociative.be\/actualites\/#website\"},\"primaryImageOfPage\":{\"@id\":\"https:\/\/vieassociative.be\/actualites\/parce-quil-na-pas-paye-ses-pommes-de-terre-un-homme-va-derriere-les-barreaux\/#primaryimage\"},\"image\":{\"@id\":\"https:\/\/vieassociative.be\/actualites\/parce-quil-na-pas-paye-ses-pommes-de-terre-un-homme-va-derriere-les-barreaux\/#primaryimage\"},\"thumbnailUrl\":\"https:\/\/vieassociative.be\/actualites\/wp-content\/uploads\/2025\/10\/Parce-quil-na-pas-paye-ses-pommes-de-terre-un.jpeg\",\"datePublished\":\"2025-10-10T02:17:05+00:00\",\"dateModified\":\"2025-10-10T02:17:05+00:00\",\"breadcrumb\":{\"@id\":\"https:\/\/vieassociative.be\/actualites\/parce-quil-na-pas-paye-ses-pommes-de-terre-un-homme-va-derriere-les-barreaux\/#breadcrumb\"},\"inLanguage\":\"fr-BE\",\"potentialAction\":[{\"@type\":\"ReadAction\",\"target\":[\"https:\/\/vieassociative.be\/actualites\/parce-quil-na-pas-paye-ses-pommes-de-terre-un-homme-va-derriere-les-barreaux\/\"]}]},{\"@type\":\"ImageObject\",\"inLanguage\":\"fr-BE\",\"@id\":\"https:\/\/vieassociative.be\/actualites\/parce-quil-na-pas-paye-ses-pommes-de-terre-un-homme-va-derriere-les-barreaux\/#primaryimage\",\"url\":\"https:\/\/vieassociative.be\/actualites\/wp-content\/uploads\/2025\/10\/Parce-quil-na-pas-paye-ses-pommes-de-terre-un.jpeg\",\"contentUrl\":\"https:\/\/vieassociative.be\/actualites\/wp-content\/uploads\/2025\/10\/Parce-quil-na-pas-paye-ses-pommes-de-terre-un.jpeg\",\"width\":1280,\"height\":903,\"caption\":\"Parce qu'il n'a pas pay\u00e9 ses pommes de terre, un homme va derri\u00e8re les barreaux\"},{\"@type\":\"BreadcrumbList\",\"@id\":\"https:\/\/vieassociative.be\/actualites\/parce-quil-na-pas-paye-ses-pommes-de-terre-un-homme-va-derriere-les-barreaux\/#breadcrumb\",\"itemListElement\":[{\"@type\":\"ListItem\",\"position\":1,\"name\":\"Accueil\",\"item\":\"https:\/\/vieassociative.be\/actualites\/\"},{\"@type\":\"ListItem\",\"position\":2,\"name\":\"Parce qu&rsquo;il n&rsquo;a pas pay\u00e9 ses pommes de terre, un homme va derri\u00e8re les barreaux\"}]},{\"@type\":\"WebSite\",\"@id\":\"https:\/\/vieassociative.be\/actualites\/#website\",\"url\":\"https:\/\/vieassociative.be\/actualites\/\",\"name\":\"Vie Associative\",\"description\":\"\",\"publisher\":{\"@id\":\"https:\/\/vieassociative.be\/actualites\/#organization\"},\"potentialAction\":[{\"@type\":\"SearchAction\",\"target\":{\"@type\":\"EntryPoint\",\"urlTemplate\":\"https:\/\/vieassociative.be\/actualites\/?s={search_term_string}\"},\"query-input\":{\"@type\":\"PropertyValueSpecification\",\"valueRequired\":true,\"valueName\":\"search_term_string\"}}],\"inLanguage\":\"fr-BE\"},{\"@type\":\"Organization\",\"@id\":\"https:\/\/vieassociative.be\/actualites\/#organization\",\"name\":\"Vie Associative\",\"url\":\"https:\/\/vieassociative.be\/actualites\/\",\"logo\":{\"@type\":\"ImageObject\",\"inLanguage\":\"fr-BE\",\"@id\":\"https:\/\/vieassociative.be\/actualites\/#\/schema\/logo\/image\/\",\"url\":\"https:\/\/vieassociative.be\/actualites\/wp-content\/uploads\/2024\/09\/cropped-vieassociative_favicon.ico.png\",\"contentUrl\":\"https:\/\/vieassociative.be\/actualites\/wp-content\/uploads\/2024\/09\/cropped-vieassociative_favicon.ico.png\",\"width\":512,\"height\":512,\"caption\":\"Vie Associative\"},\"image\":{\"@id\":\"https:\/\/vieassociative.be\/actualites\/#\/schema\/logo\/image\/\"}},{\"@type\":\"Person\",\"@id\":\"https:\/\/vieassociative.be\/actualites\/#\/schema\/person\/b87ac4f82f9d4e7b7cec7395b679edc4\",\"name\":\"Julien\",\"image\":{\"@type\":\"ImageObject\",\"inLanguage\":\"fr-BE\",\"@id\":\"https:\/\/vieassociative.be\/actualites\/#\/schema\/person\/image\/\",\"url\":\"https:\/\/vieassociative.be\/actualites\/wp-content\/uploads\/2024\/09\/vie-associative-1-150x150.jpg\",\"contentUrl\":\"https:\/\/vieassociative.be\/actualites\/wp-content\/uploads\/2024\/09\/vie-associative-1-150x150.jpg\",\"caption\":\"Julien\"},\"description\":\"Je suis Julien, r\u00e9dacteur pour Vie Associative. Passionn\u00e9 par le monde associatif depuis plus de 10 ans, j'ai \u00e0 c\u0153ur de partager des histoires inspirantes et de mettre en lumi\u00e8re les initiatives locales. Mon objectif est de sensibiliser et d'encourager l'engagement communautaire \u00e0 travers mes articles.\",\"sameAs\":[\"https:\/\/vieassociative.be\/\"]}]}<\/script>\n<!-- \/ Yoast SEO plugin. -->","yoast_head_json":{"title":"Parce qu'il n'a pas pay\u00e9 ses pommes de terre, un homme va derri\u00e8re les barreaux | Vie Associative","robots":{"index":"index","follow":"follow","max-snippet":"max-snippet:-1","max-image-preview":"max-image-preview:large","max-video-preview":"max-video-preview:-1"},"canonical":"https:\/\/vieassociative.be\/actualites\/parce-quil-na-pas-paye-ses-pommes-de-terre-un-homme-va-derriere-les-barreaux\/","og_locale":"fr_FR","og_type":"article","og_title":"Parce qu'il n'a pas pay\u00e9 ses pommes de terre, un homme va derri\u00e8re les barreaux | Vie Associative","og_description":"Quiconque ne paie pas ses factures a un probl\u00e8me, m\u00eame si cela s&rsquo;est produit il y a des ann\u00e9es. Le probl\u00e8me devient encore plus grave","og_url":"https:\/\/vieassociative.be\/actualites\/parce-quil-na-pas-paye-ses-pommes-de-terre-un-homme-va-derriere-les-barreaux\/","og_site_name":"Vie Associative","article_published_time":"2025-10-10T02:17:05+00:00","og_image":[{"width":279,"height":92,"url":"https:\/\/vieassociative.be\/actualites\/wp-content\/uploads\/2024\/09\/header_backgroundk-01-e1726694325946.png","type":"image\/png"}],"author":"Julien","twitter_card":"summary_large_image","twitter_misc":{"\u00c9crit par":"Julien","Dur\u00e9e de lecture est.":"1 minute"},"schema":{"@context":"https:\/\/schema.org","@graph":[{"@type":"Article","@id":"https:\/\/vieassociative.be\/actualites\/parce-quil-na-pas-paye-ses-pommes-de-terre-un-homme-va-derriere-les-barreaux\/#article","isPartOf":{"@id":"https:\/\/vieassociative.be\/actualites\/parce-quil-na-pas-paye-ses-pommes-de-terre-un-homme-va-derriere-les-barreaux\/"},"author":{"name":"Julien","@id":"https:\/\/vieassociative.be\/actualites\/#\/schema\/person\/b87ac4f82f9d4e7b7cec7395b679edc4"},"headline":"Parce qu&rsquo;il n&rsquo;a pas pay\u00e9 ses pommes de terre, un homme va derri\u00e8re les barreaux","datePublished":"2025-10-10T02:17:05+00:00","dateModified":"2025-10-10T02:17:05+00:00","mainEntityOfPage":{"@id":"https:\/\/vieassociative.be\/actualites\/parce-quil-na-pas-paye-ses-pommes-de-terre-un-homme-va-derriere-les-barreaux\/"},"wordCount":227,"publisher":{"@id":"https:\/\/vieassociative.be\/actualites\/#organization"},"image":{"@id":"https:\/\/vieassociative.be\/actualites\/parce-quil-na-pas-paye-ses-pommes-de-terre-un-homme-va-derriere-les-barreaux\/#primaryimage"},"thumbnailUrl":"https:\/\/vieassociative.be\/actualites\/wp-content\/uploads\/2025\/10\/Parce-quil-na-pas-paye-ses-pommes-de-terre-un.jpeg","keywords":["barreaux","derri\u00e8re","homme","Les","parce","pas","pay\u00e9","pommes","quil","ses","terre"],"articleSection":["Belgique"],"inLanguage":"fr-BE"},{"@type":"WebPage","@id":"https:\/\/vieassociative.be\/actualites\/parce-quil-na-pas-paye-ses-pommes-de-terre-un-homme-va-derriere-les-barreaux\/","url":"https:\/\/vieassociative.be\/actualites\/parce-quil-na-pas-paye-ses-pommes-de-terre-un-homme-va-derriere-les-barreaux\/","name":"Parce qu'il n'a pas pay\u00e9 ses pommes de terre, un homme va derri\u00e8re les barreaux | Vie Associative","isPartOf":{"@id":"https:\/\/vieassociative.be\/actualites\/#website"},"primaryImageOfPage":{"@id":"https:\/\/vieassociative.be\/actualites\/parce-quil-na-pas-paye-ses-pommes-de-terre-un-homme-va-derriere-les-barreaux\/#primaryimage"},"image":{"@id":"https:\/\/vieassociative.be\/actualites\/parce-quil-na-pas-paye-ses-pommes-de-terre-un-homme-va-derriere-les-barreaux\/#primaryimage"},"thumbnailUrl":"https:\/\/vieassociative.be\/actualites\/wp-content\/uploads\/2025\/10\/Parce-quil-na-pas-paye-ses-pommes-de-terre-un.jpeg","datePublished":"2025-10-10T02:17:05+00:00","dateModified":"2025-10-10T02:17:05+00:00","breadcrumb":{"@id":"https:\/\/vieassociative.be\/actualites\/parce-quil-na-pas-paye-ses-pommes-de-terre-un-homme-va-derriere-les-barreaux\/#breadcrumb"},"inLanguage":"fr-BE","potentialAction":[{"@type":"ReadAction","target":["https:\/\/vieassociative.be\/actualites\/parce-quil-na-pas-paye-ses-pommes-de-terre-un-homme-va-derriere-les-barreaux\/"]}]},{"@type":"ImageObject","inLanguage":"fr-BE","@id":"https:\/\/vieassociative.be\/actualites\/parce-quil-na-pas-paye-ses-pommes-de-terre-un-homme-va-derriere-les-barreaux\/#primaryimage","url":"https:\/\/vieassociative.be\/actualites\/wp-content\/uploads\/2025\/10\/Parce-quil-na-pas-paye-ses-pommes-de-terre-un.jpeg","contentUrl":"https:\/\/vieassociative.be\/actualites\/wp-content\/uploads\/2025\/10\/Parce-quil-na-pas-paye-ses-pommes-de-terre-un.jpeg","width":1280,"height":903,"caption":"Parce qu'il n'a pas pay\u00e9 ses pommes de terre, un homme va derri\u00e8re les barreaux"},{"@type":"BreadcrumbList","@id":"https:\/\/vieassociative.be\/actualites\/parce-quil-na-pas-paye-ses-pommes-de-terre-un-homme-va-derriere-les-barreaux\/#breadcrumb","itemListElement":[{"@type":"ListItem","position":1,"name":"Accueil","item":"https:\/\/vieassociative.be\/actualites\/"},{"@type":"ListItem","position":2,"name":"Parce qu&rsquo;il n&rsquo;a pas pay\u00e9 ses pommes de terre, un homme va derri\u00e8re les barreaux"}]},{"@type":"WebSite","@id":"https:\/\/vieassociative.be\/actualites\/#website","url":"https:\/\/vieassociative.be\/actualites\/","name":"Vie Associative","description":"","publisher":{"@id":"https:\/\/vieassociative.be\/actualites\/#organization"},"potentialAction":[{"@type":"SearchAction","target":{"@type":"EntryPoint","urlTemplate":"https:\/\/vieassociative.be\/actualites\/?s={search_term_string}"},"query-input":{"@type":"PropertyValueSpecification","valueRequired":true,"valueName":"search_term_string"}}],"inLanguage":"fr-BE"},{"@type":"Organization","@id":"https:\/\/vieassociative.be\/actualites\/#organization","name":"Vie Associative","url":"https:\/\/vieassociative.be\/actualites\/","logo":{"@type":"ImageObject","inLanguage":"fr-BE","@id":"https:\/\/vieassociative.be\/actualites\/#\/schema\/logo\/image\/","url":"https:\/\/vieassociative.be\/actualites\/wp-content\/uploads\/2024\/09\/cropped-vieassociative_favicon.ico.png","contentUrl":"https:\/\/vieassociative.be\/actualites\/wp-content\/uploads\/2024\/09\/cropped-vieassociative_favicon.ico.png","width":512,"height":512,"caption":"Vie Associative"},"image":{"@id":"https:\/\/vieassociative.be\/actualites\/#\/schema\/logo\/image\/"}},{"@type":"Person","@id":"https:\/\/vieassociative.be\/actualites\/#\/schema\/person\/b87ac4f82f9d4e7b7cec7395b679edc4","name":"Julien","image":{"@type":"ImageObject","inLanguage":"fr-BE","@id":"https:\/\/vieassociative.be\/actualites\/#\/schema\/person\/image\/","url":"https:\/\/vieassociative.be\/actualites\/wp-content\/uploads\/2024\/09\/vie-associative-1-150x150.jpg","contentUrl":"https:\/\/vieassociative.be\/actualites\/wp-content\/uploads\/2024\/09\/vie-associative-1-150x150.jpg","caption":"Julien"},"description":"Je suis Julien, r\u00e9dacteur pour Vie Associative. Passionn\u00e9 par le monde associatif depuis plus de 10 ans, j'ai \u00e0 c\u0153ur de partager des histoires inspirantes et de mettre en lumi\u00e8re les initiatives locales. Mon objectif est de sensibiliser et d'encourager l'engagement communautaire \u00e0 travers mes articles.","sameAs":["https:\/\/vieassociative.be\/"]}]}},"_links":{"self":[{"href":"https:\/\/vieassociative.be\/actualites\/wp-json\/wp\/v2\/posts\/10563"}],"collection":[{"href":"https:\/\/vieassociative.be\/actualites\/wp-json\/wp\/v2\/posts"}],"about":[{"href":"https:\/\/vieassociative.be\/actualites\/wp-json\/wp\/v2\/types\/post"}],"author":[{"embeddable":true,"href":"https:\/\/vieassociative.be\/actualites\/wp-json\/wp\/v2\/users\/1"}],"replies":[{"embeddable":true,"href":"https:\/\/vieassociative.be\/actualites\/wp-json\/wp\/v2\/comments?post=10563"}],"version-history":[{"count":0,"href":"https:\/\/vieassociative.be\/actualites\/wp-json\/wp\/v2\/posts\/10563\/revisions"}],"wp:featuredmedia":[{"embeddable":true,"href":"https:\/\/vieassociative.be\/actualites\/wp-json\/wp\/v2\/media\/10564"}],"wp:attachment":[{"href":"https:\/\/vieassociative.be\/actualites\/wp-json\/wp\/v2\/media?parent=10563"}],"wp:term":[{"taxonomy":"category","embeddable":true,"href":"https:\/\/vieassociative.be\/actualites\/wp-json\/wp\/v2\/categories?post=10563"},{"taxonomy":"post_tag","embeddable":true,"href":"https:\/\/vieassociative.be\/actualites\/wp-json\/wp\/v2\/tags?post=10563"}],"curies":[{"name":"wp","href":"https:\/\/api.w.org\/{rel}","templated":true}]}}