{"id":10557,"date":"2025-10-09T22:18:33","date_gmt":"2025-10-09T20:18:33","guid":{"rendered":"https:\/\/vieassociative.be\/actualites\/lentraineur-principal-de-lunion-pocognoli-en-route-pour-las-monaco\/"},"modified":"2025-10-09T22:18:33","modified_gmt":"2025-10-09T20:18:33","slug":"lentraineur-principal-de-lunion-pocognoli-en-route-pour-las-monaco","status":"publish","type":"post","link":"https:\/\/vieassociative.be\/actualites\/lentraineur-principal-de-lunion-pocognoli-en-route-pour-las-monaco\/","title":{"rendered":"L&rsquo;entra\u00eeneur principal de l&rsquo;Union Pocognoli en route pour l&rsquo;AS Monaco"},"content":{"rendered":"<p><strong>L&rsquo;Union Saint-Gilloise, championne nationale de football de Belgique, devra chercher un nouvel entra\u00eeneur pour la quatri\u00e8me fois, quatre ans apr\u00e8s sa premi\u00e8re promotion en Jupiler Pro League. Apr\u00e8s Felice Mazou, Karel Geraerts et Alexander Blessin, S\u00e9bastien Pocognoli, avec lequel l&rsquo;\u00e9quipe bruxelloise est devenue championne nationale pour la premi\u00e8re fois en 90 ans \u00e0 l&rsquo;\u00e9t\u00e9 2025, est \u00e9galement sur le d\u00e9part.<\/strong><\/p>\n<p><span id=\"more-426627\"><\/span>Selon les m\u00e9dias, Pocognoli, 38 ans, devrait devenir le nouvel entra\u00eeneur du club fran\u00e7ais de premi\u00e8re division de l&rsquo;AS Monaco et succ\u00e9der \u00e0 Adi H\u00fctter dans la principaut\u00e9. <\/p>\n<p>Les Mon\u00e9gasques ont d&rsquo;abord tent\u00e9 de recruter l&rsquo;ancien entra\u00eeneur de Dortmund Edin Terzic, qui a refus\u00e9, ainsi que Sergio Conceicao, qui a finalement sign\u00e9 avec Al-Nassr (Arabie Saoudite).<\/p>\n<p>S\u00e9bastien Pocognoli a \u00e9t\u00e9 invit\u00e9 pour une interview mercredi et les choses ont commenc\u00e9. Monaco paierait une indemnit\u00e9 de transfert d&rsquo;un million d&rsquo;euros pour \u00e9loigner l&rsquo;entra\u00eeneur de 38 ans de l&rsquo;Union.<\/p>\n<div id=\"attachment_426631\" class=\"wp-caption alignleft\" style=\"max-width: 300px\"><img fetchpriority=\"high\" decoding=\"async\" class=\"wp-image-426631 size-medium\" src=\"https:\/\/vieassociative.be\/actualites\/wp-content\/uploads\/2025\/10\/Lentraineur-principal-de-lUnion-Pocognoli-en-route-pour-lAS-Monaco.jpg\" alt=\"\" width=\"300\" height=\"200\"><\/div>\n<p>Il n&rsquo;est pas surprenant que Pocognoli ait attir\u00e9 l&rsquo;attention des clubs europ\u00e9ens en peu de temps. Lors de sa premi\u00e8re saison en tant qu&rsquo;entra\u00eeneur-chef, il a men\u00e9 l&rsquo;Union \u00e0 la Supercoupe et \u00e0 son premier titre de champion depuis 1935.<\/p>\n<p>M\u00eame apr\u00e8s une p\u00e9riode difficile \u00e0 l&rsquo;automne, il a gard\u00e9 son sang-froid et a marqu\u00e9 en s\u00e9ries \u00e9liminatoires : avec 9 victoires et 1 nul, lui et Union ont \u00e9t\u00e9 sacr\u00e9s champions. De plus, Pocognoli a \u00e9galement montr\u00e9 sa capacit\u00e9 \u00e0 am\u00e9liorer les jeunes joueurs &#8211; une qualit\u00e9 recherch\u00e9e par de nombreux clubs modernes.<\/p>\n<p>La recherche d&rsquo;un nouvel entra\u00eeneur-chef par l&rsquo;Union Saint-Gilloise commence pendant la tr\u00eave internationale. Les champions seraient int\u00e9ress\u00e9s par Rik De Mil, qui travaille actuellement au Sporting Charleroi.<\/p>\n<p>Lors de la prochaine journ\u00e9e de Jupiler Pro League, l&rsquo;Union Saint-Gilloise accueille Just le SC Charleroi. Sur quelle pirogue De Mil va-t-il alors s&rsquo;asseoir ? Philippe Cl\u00e9ment, devenu trois fois champion de Belgique, en 2019 avec le KRC Genk et en 2020 et 2021 avec le FC Bruges, et qui a \u00e9t\u00e9 derni\u00e8rement entra\u00eeneur de l&rsquo;AS Monaco et des Glasgow Rangers, est \u00e9galement \u00e9voqu\u00e9 comme possible successeur de Pocognoli. (cr\u00e9er)<\/p>\n","protected":false},"excerpt":{"rendered":"<p>L&rsquo;Union Saint-Gilloise, championne nationale de football de Belgique, devra chercher un nouvel entra\u00eeneur pour la quatri\u00e8me fois, quatre ans apr\u00e8s sa premi\u00e8re promotion en Jupiler<\/p>\n","protected":false},"author":1,"featured_media":10558,"comment_status":"","ping_status":"","sticky":false,"template":"","format":"standard","meta":{"footnotes":""},"categories":[298],"tags":[2353,3314,1143,8597,8836,81,3986,3474],"class_list":["post-10557","post","type-post","status-publish","format-standard","has-post-thumbnail","hentry","category-belgique","tag-las","tag-lentraineur","tag-lunion","tag-monaco","tag-pocognoli","tag-pour","tag-principal","tag-route","generate-columns","tablet-grid-50","mobile-grid-100","grid-parent","grid-33"],"yoast_head":"<!-- This site is optimized with the Yoast SEO plugin v24.0 - https:\/\/yoast.com\/wordpress\/plugins\/seo\/ -->\n<title>L&#039;entra\u00eeneur principal de l&#039;Union Pocognoli en route pour l&#039;AS Monaco | Vie Associative<\/title>\n<meta name=\"robots\" content=\"index, follow, max-snippet:-1, max-image-preview:large, max-video-preview:-1\" \/>\n<link rel=\"canonical\" href=\"https:\/\/vieassociative.be\/actualites\/lentraineur-principal-de-lunion-pocognoli-en-route-pour-las-monaco\/\" \/>\n<meta property=\"og:locale\" content=\"fr_FR\" \/>\n<meta property=\"og:type\" content=\"article\" \/>\n<meta property=\"og:title\" content=\"L&#039;entra\u00eeneur principal de l&#039;Union Pocognoli en route pour l&#039;AS Monaco | Vie Associative\" \/>\n<meta property=\"og:description\" content=\"L&rsquo;Union Saint-Gilloise, championne nationale de football de Belgique, devra chercher un nouvel entra\u00eeneur pour la quatri\u00e8me fois, quatre ans apr\u00e8s sa premi\u00e8re promotion en Jupiler\" \/>\n<meta property=\"og:url\" content=\"https:\/\/vieassociative.be\/actualites\/lentraineur-principal-de-lunion-pocognoli-en-route-pour-las-monaco\/\" \/>\n<meta property=\"og:site_name\" content=\"Vie Associative\" \/>\n<meta property=\"article:published_time\" content=\"2025-10-09T20:18:33+00:00\" \/>\n<meta property=\"og:image\" content=\"https:\/\/vieassociative.be\/actualites\/wp-content\/uploads\/2024\/09\/header_backgroundk-01-e1726694325946.png\" \/>\n\t<meta property=\"og:image:width\" content=\"279\" \/>\n\t<meta property=\"og:image:height\" content=\"92\" \/>\n\t<meta property=\"og:image:type\" content=\"image\/png\" \/>\n<meta name=\"author\" content=\"Julien\" \/>\n<meta name=\"twitter:card\" content=\"summary_large_image\" \/>\n<meta name=\"twitter:label1\" content=\"\u00c9crit par\" \/>\n\t<meta name=\"twitter:data1\" content=\"Julien\" \/>\n\t<meta name=\"twitter:label2\" content=\"Dur\u00e9e de lecture est.\" \/>\n\t<meta name=\"twitter:data2\" content=\"2 minutes\" \/>\n<script type=\"application\/ld+json\" class=\"yoast-schema-graph\">{\"@context\":\"https:\/\/schema.org\",\"@graph\":[{\"@type\":\"Article\",\"@id\":\"https:\/\/vieassociative.be\/actualites\/lentraineur-principal-de-lunion-pocognoli-en-route-pour-las-monaco\/#article\",\"isPartOf\":{\"@id\":\"https:\/\/vieassociative.be\/actualites\/lentraineur-principal-de-lunion-pocognoli-en-route-pour-las-monaco\/\"},\"author\":{\"name\":\"Julien\",\"@id\":\"https:\/\/vieassociative.be\/actualites\/#\/schema\/person\/b87ac4f82f9d4e7b7cec7395b679edc4\"},\"headline\":\"L&rsquo;entra\u00eeneur principal de l&rsquo;Union Pocognoli en route pour l&rsquo;AS Monaco\",\"datePublished\":\"2025-10-09T20:18:33+00:00\",\"dateModified\":\"2025-10-09T20:18:33+00:00\",\"mainEntityOfPage\":{\"@id\":\"https:\/\/vieassociative.be\/actualites\/lentraineur-principal-de-lunion-pocognoli-en-route-pour-las-monaco\/\"},\"wordCount\":391,\"publisher\":{\"@id\":\"https:\/\/vieassociative.be\/actualites\/#organization\"},\"image\":{\"@id\":\"https:\/\/vieassociative.be\/actualites\/lentraineur-principal-de-lunion-pocognoli-en-route-pour-las-monaco\/#primaryimage\"},\"thumbnailUrl\":\"https:\/\/vieassociative.be\/actualites\/wp-content\/uploads\/2025\/10\/1760041114_Lentraineur-principal-de-lUnion-Pocognoli-en-route-pour-lAS-Monaco.jpg\",\"keywords\":[\"lAS\",\"lentra\u00eeneur\",\"lUnion\",\"monaco\",\"Pocognoli\",\"pour\",\"principal\",\"route\"],\"articleSection\":[\"Belgique\"],\"inLanguage\":\"fr-BE\"},{\"@type\":\"WebPage\",\"@id\":\"https:\/\/vieassociative.be\/actualites\/lentraineur-principal-de-lunion-pocognoli-en-route-pour-las-monaco\/\",\"url\":\"https:\/\/vieassociative.be\/actualites\/lentraineur-principal-de-lunion-pocognoli-en-route-pour-las-monaco\/\",\"name\":\"L'entra\u00eeneur principal de l'Union Pocognoli en route pour l'AS Monaco | Vie Associative\",\"isPartOf\":{\"@id\":\"https:\/\/vieassociative.be\/actualites\/#website\"},\"primaryImageOfPage\":{\"@id\":\"https:\/\/vieassociative.be\/actualites\/lentraineur-principal-de-lunion-pocognoli-en-route-pour-las-monaco\/#primaryimage\"},\"image\":{\"@id\":\"https:\/\/vieassociative.be\/actualites\/lentraineur-principal-de-lunion-pocognoli-en-route-pour-las-monaco\/#primaryimage\"},\"thumbnailUrl\":\"https:\/\/vieassociative.be\/actualites\/wp-content\/uploads\/2025\/10\/1760041114_Lentraineur-principal-de-lUnion-Pocognoli-en-route-pour-lAS-Monaco.jpg\",\"datePublished\":\"2025-10-09T20:18:33+00:00\",\"dateModified\":\"2025-10-09T20:18:33+00:00\",\"breadcrumb\":{\"@id\":\"https:\/\/vieassociative.be\/actualites\/lentraineur-principal-de-lunion-pocognoli-en-route-pour-las-monaco\/#breadcrumb\"},\"inLanguage\":\"fr-BE\",\"potentialAction\":[{\"@type\":\"ReadAction\",\"target\":[\"https:\/\/vieassociative.be\/actualites\/lentraineur-principal-de-lunion-pocognoli-en-route-pour-las-monaco\/\"]}]},{\"@type\":\"ImageObject\",\"inLanguage\":\"fr-BE\",\"@id\":\"https:\/\/vieassociative.be\/actualites\/lentraineur-principal-de-lunion-pocognoli-en-route-pour-las-monaco\/#primaryimage\",\"url\":\"https:\/\/vieassociative.be\/actualites\/wp-content\/uploads\/2025\/10\/1760041114_Lentraineur-principal-de-lUnion-Pocognoli-en-route-pour-lAS-Monaco.jpg\",\"contentUrl\":\"https:\/\/vieassociative.be\/actualites\/wp-content\/uploads\/2025\/10\/1760041114_Lentraineur-principal-de-lUnion-Pocognoli-en-route-pour-lAS-Monaco.jpg\",\"width\":1200,\"height\":800,\"caption\":\"L'entra\u00eeneur principal de l'Union Pocognoli en route pour l'AS Monaco\"},{\"@type\":\"BreadcrumbList\",\"@id\":\"https:\/\/vieassociative.be\/actualites\/lentraineur-principal-de-lunion-pocognoli-en-route-pour-las-monaco\/#breadcrumb\",\"itemListElement\":[{\"@type\":\"ListItem\",\"position\":1,\"name\":\"Accueil\",\"item\":\"https:\/\/vieassociative.be\/actualites\/\"},{\"@type\":\"ListItem\",\"position\":2,\"name\":\"L&rsquo;entra\u00eeneur principal de l&rsquo;Union Pocognoli en route pour l&rsquo;AS Monaco\"}]},{\"@type\":\"WebSite\",\"@id\":\"https:\/\/vieassociative.be\/actualites\/#website\",\"url\":\"https:\/\/vieassociative.be\/actualites\/\",\"name\":\"Vie Associative\",\"description\":\"\",\"publisher\":{\"@id\":\"https:\/\/vieassociative.be\/actualites\/#organization\"},\"potentialAction\":[{\"@type\":\"SearchAction\",\"target\":{\"@type\":\"EntryPoint\",\"urlTemplate\":\"https:\/\/vieassociative.be\/actualites\/?s={search_term_string}\"},\"query-input\":{\"@type\":\"PropertyValueSpecification\",\"valueRequired\":true,\"valueName\":\"search_term_string\"}}],\"inLanguage\":\"fr-BE\"},{\"@type\":\"Organization\",\"@id\":\"https:\/\/vieassociative.be\/actualites\/#organization\",\"name\":\"Vie Associative\",\"url\":\"https:\/\/vieassociative.be\/actualites\/\",\"logo\":{\"@type\":\"ImageObject\",\"inLanguage\":\"fr-BE\",\"@id\":\"https:\/\/vieassociative.be\/actualites\/#\/schema\/logo\/image\/\",\"url\":\"https:\/\/vieassociative.be\/actualites\/wp-content\/uploads\/2024\/09\/cropped-vieassociative_favicon.ico.png\",\"contentUrl\":\"https:\/\/vieassociative.be\/actualites\/wp-content\/uploads\/2024\/09\/cropped-vieassociative_favicon.ico.png\",\"width\":512,\"height\":512,\"caption\":\"Vie Associative\"},\"image\":{\"@id\":\"https:\/\/vieassociative.be\/actualites\/#\/schema\/logo\/image\/\"}},{\"@type\":\"Person\",\"@id\":\"https:\/\/vieassociative.be\/actualites\/#\/schema\/person\/b87ac4f82f9d4e7b7cec7395b679edc4\",\"name\":\"Julien\",\"image\":{\"@type\":\"ImageObject\",\"inLanguage\":\"fr-BE\",\"@id\":\"https:\/\/vieassociative.be\/actualites\/#\/schema\/person\/image\/\",\"url\":\"https:\/\/vieassociative.be\/actualites\/wp-content\/uploads\/2024\/09\/vie-associative-1-150x150.jpg\",\"contentUrl\":\"https:\/\/vieassociative.be\/actualites\/wp-content\/uploads\/2024\/09\/vie-associative-1-150x150.jpg\",\"caption\":\"Julien\"},\"description\":\"Je suis Julien, r\u00e9dacteur pour Vie Associative. Passionn\u00e9 par le monde associatif depuis plus de 10 ans, j'ai \u00e0 c\u0153ur de partager des histoires inspirantes et de mettre en lumi\u00e8re les initiatives locales. Mon objectif est de sensibiliser et d'encourager l'engagement communautaire \u00e0 travers mes articles.\",\"sameAs\":[\"https:\/\/vieassociative.be\/\"]}]}<\/script>\n<!-- \/ Yoast SEO plugin. -->","yoast_head_json":{"title":"L'entra\u00eeneur principal de l'Union Pocognoli en route pour l'AS Monaco | Vie Associative","robots":{"index":"index","follow":"follow","max-snippet":"max-snippet:-1","max-image-preview":"max-image-preview:large","max-video-preview":"max-video-preview:-1"},"canonical":"https:\/\/vieassociative.be\/actualites\/lentraineur-principal-de-lunion-pocognoli-en-route-pour-las-monaco\/","og_locale":"fr_FR","og_type":"article","og_title":"L'entra\u00eeneur principal de l'Union Pocognoli en route pour l'AS Monaco | Vie Associative","og_description":"L&rsquo;Union Saint-Gilloise, championne nationale de football de Belgique, devra chercher un nouvel entra\u00eeneur pour la quatri\u00e8me fois, quatre ans apr\u00e8s sa premi\u00e8re promotion en Jupiler","og_url":"https:\/\/vieassociative.be\/actualites\/lentraineur-principal-de-lunion-pocognoli-en-route-pour-las-monaco\/","og_site_name":"Vie Associative","article_published_time":"2025-10-09T20:18:33+00:00","og_image":[{"width":279,"height":92,"url":"https:\/\/vieassociative.be\/actualites\/wp-content\/uploads\/2024\/09\/header_backgroundk-01-e1726694325946.png","type":"image\/png"}],"author":"Julien","twitter_card":"summary_large_image","twitter_misc":{"\u00c9crit par":"Julien","Dur\u00e9e de lecture est.":"2 minutes"},"schema":{"@context":"https:\/\/schema.org","@graph":[{"@type":"Article","@id":"https:\/\/vieassociative.be\/actualites\/lentraineur-principal-de-lunion-pocognoli-en-route-pour-las-monaco\/#article","isPartOf":{"@id":"https:\/\/vieassociative.be\/actualites\/lentraineur-principal-de-lunion-pocognoli-en-route-pour-las-monaco\/"},"author":{"name":"Julien","@id":"https:\/\/vieassociative.be\/actualites\/#\/schema\/person\/b87ac4f82f9d4e7b7cec7395b679edc4"},"headline":"L&rsquo;entra\u00eeneur principal de l&rsquo;Union Pocognoli en route pour l&rsquo;AS Monaco","datePublished":"2025-10-09T20:18:33+00:00","dateModified":"2025-10-09T20:18:33+00:00","mainEntityOfPage":{"@id":"https:\/\/vieassociative.be\/actualites\/lentraineur-principal-de-lunion-pocognoli-en-route-pour-las-monaco\/"},"wordCount":391,"publisher":{"@id":"https:\/\/vieassociative.be\/actualites\/#organization"},"image":{"@id":"https:\/\/vieassociative.be\/actualites\/lentraineur-principal-de-lunion-pocognoli-en-route-pour-las-monaco\/#primaryimage"},"thumbnailUrl":"https:\/\/vieassociative.be\/actualites\/wp-content\/uploads\/2025\/10\/1760041114_Lentraineur-principal-de-lUnion-Pocognoli-en-route-pour-lAS-Monaco.jpg","keywords":["lAS","lentra\u00eeneur","lUnion","monaco","Pocognoli","pour","principal","route"],"articleSection":["Belgique"],"inLanguage":"fr-BE"},{"@type":"WebPage","@id":"https:\/\/vieassociative.be\/actualites\/lentraineur-principal-de-lunion-pocognoli-en-route-pour-las-monaco\/","url":"https:\/\/vieassociative.be\/actualites\/lentraineur-principal-de-lunion-pocognoli-en-route-pour-las-monaco\/","name":"L'entra\u00eeneur principal de l'Union Pocognoli en route pour l'AS Monaco | Vie Associative","isPartOf":{"@id":"https:\/\/vieassociative.be\/actualites\/#website"},"primaryImageOfPage":{"@id":"https:\/\/vieassociative.be\/actualites\/lentraineur-principal-de-lunion-pocognoli-en-route-pour-las-monaco\/#primaryimage"},"image":{"@id":"https:\/\/vieassociative.be\/actualites\/lentraineur-principal-de-lunion-pocognoli-en-route-pour-las-monaco\/#primaryimage"},"thumbnailUrl":"https:\/\/vieassociative.be\/actualites\/wp-content\/uploads\/2025\/10\/1760041114_Lentraineur-principal-de-lUnion-Pocognoli-en-route-pour-lAS-Monaco.jpg","datePublished":"2025-10-09T20:18:33+00:00","dateModified":"2025-10-09T20:18:33+00:00","breadcrumb":{"@id":"https:\/\/vieassociative.be\/actualites\/lentraineur-principal-de-lunion-pocognoli-en-route-pour-las-monaco\/#breadcrumb"},"inLanguage":"fr-BE","potentialAction":[{"@type":"ReadAction","target":["https:\/\/vieassociative.be\/actualites\/lentraineur-principal-de-lunion-pocognoli-en-route-pour-las-monaco\/"]}]},{"@type":"ImageObject","inLanguage":"fr-BE","@id":"https:\/\/vieassociative.be\/actualites\/lentraineur-principal-de-lunion-pocognoli-en-route-pour-las-monaco\/#primaryimage","url":"https:\/\/vieassociative.be\/actualites\/wp-content\/uploads\/2025\/10\/1760041114_Lentraineur-principal-de-lUnion-Pocognoli-en-route-pour-lAS-Monaco.jpg","contentUrl":"https:\/\/vieassociative.be\/actualites\/wp-content\/uploads\/2025\/10\/1760041114_Lentraineur-principal-de-lUnion-Pocognoli-en-route-pour-lAS-Monaco.jpg","width":1200,"height":800,"caption":"L'entra\u00eeneur principal de l'Union Pocognoli en route pour l'AS Monaco"},{"@type":"BreadcrumbList","@id":"https:\/\/vieassociative.be\/actualites\/lentraineur-principal-de-lunion-pocognoli-en-route-pour-las-monaco\/#breadcrumb","itemListElement":[{"@type":"ListItem","position":1,"name":"Accueil","item":"https:\/\/vieassociative.be\/actualites\/"},{"@type":"ListItem","position":2,"name":"L&rsquo;entra\u00eeneur principal de l&rsquo;Union Pocognoli en route pour l&rsquo;AS Monaco"}]},{"@type":"WebSite","@id":"https:\/\/vieassociative.be\/actualites\/#website","url":"https:\/\/vieassociative.be\/actualites\/","name":"Vie Associative","description":"","publisher":{"@id":"https:\/\/vieassociative.be\/actualites\/#organization"},"potentialAction":[{"@type":"SearchAction","target":{"@type":"EntryPoint","urlTemplate":"https:\/\/vieassociative.be\/actualites\/?s={search_term_string}"},"query-input":{"@type":"PropertyValueSpecification","valueRequired":true,"valueName":"search_term_string"}}],"inLanguage":"fr-BE"},{"@type":"Organization","@id":"https:\/\/vieassociative.be\/actualites\/#organization","name":"Vie Associative","url":"https:\/\/vieassociative.be\/actualites\/","logo":{"@type":"ImageObject","inLanguage":"fr-BE","@id":"https:\/\/vieassociative.be\/actualites\/#\/schema\/logo\/image\/","url":"https:\/\/vieassociative.be\/actualites\/wp-content\/uploads\/2024\/09\/cropped-vieassociative_favicon.ico.png","contentUrl":"https:\/\/vieassociative.be\/actualites\/wp-content\/uploads\/2024\/09\/cropped-vieassociative_favicon.ico.png","width":512,"height":512,"caption":"Vie Associative"},"image":{"@id":"https:\/\/vieassociative.be\/actualites\/#\/schema\/logo\/image\/"}},{"@type":"Person","@id":"https:\/\/vieassociative.be\/actualites\/#\/schema\/person\/b87ac4f82f9d4e7b7cec7395b679edc4","name":"Julien","image":{"@type":"ImageObject","inLanguage":"fr-BE","@id":"https:\/\/vieassociative.be\/actualites\/#\/schema\/person\/image\/","url":"https:\/\/vieassociative.be\/actualites\/wp-content\/uploads\/2024\/09\/vie-associative-1-150x150.jpg","contentUrl":"https:\/\/vieassociative.be\/actualites\/wp-content\/uploads\/2024\/09\/vie-associative-1-150x150.jpg","caption":"Julien"},"description":"Je suis Julien, r\u00e9dacteur pour Vie Associative. Passionn\u00e9 par le monde associatif depuis plus de 10 ans, j'ai \u00e0 c\u0153ur de partager des histoires inspirantes et de mettre en lumi\u00e8re les initiatives locales. Mon objectif est de sensibiliser et d'encourager l'engagement communautaire \u00e0 travers mes articles.","sameAs":["https:\/\/vieassociative.be\/"]}]}},"_links":{"self":[{"href":"https:\/\/vieassociative.be\/actualites\/wp-json\/wp\/v2\/posts\/10557"}],"collection":[{"href":"https:\/\/vieassociative.be\/actualites\/wp-json\/wp\/v2\/posts"}],"about":[{"href":"https:\/\/vieassociative.be\/actualites\/wp-json\/wp\/v2\/types\/post"}],"author":[{"embeddable":true,"href":"https:\/\/vieassociative.be\/actualites\/wp-json\/wp\/v2\/users\/1"}],"replies":[{"embeddable":true,"href":"https:\/\/vieassociative.be\/actualites\/wp-json\/wp\/v2\/comments?post=10557"}],"version-history":[{"count":0,"href":"https:\/\/vieassociative.be\/actualites\/wp-json\/wp\/v2\/posts\/10557\/revisions"}],"wp:featuredmedia":[{"embeddable":true,"href":"https:\/\/vieassociative.be\/actualites\/wp-json\/wp\/v2\/media\/10558"}],"wp:attachment":[{"href":"https:\/\/vieassociative.be\/actualites\/wp-json\/wp\/v2\/media?parent=10557"}],"wp:term":[{"taxonomy":"category","embeddable":true,"href":"https:\/\/vieassociative.be\/actualites\/wp-json\/wp\/v2\/categories?post=10557"},{"taxonomy":"post_tag","embeddable":true,"href":"https:\/\/vieassociative.be\/actualites\/wp-json\/wp\/v2\/tags?post=10557"}],"curies":[{"name":"wp","href":"https:\/\/api.w.org\/{rel}","templated":true}]}}