{"id":10554,"date":"2025-10-09T19:17:48","date_gmt":"2025-10-09T17:17:48","guid":{"rendered":"https:\/\/vieassociative.be\/actualites\/trois-choses-que-jaime-deja-a-propos-de-la-nouvelle-pixel-watch-4\/"},"modified":"2025-10-09T19:17:48","modified_gmt":"2025-10-09T17:17:48","slug":"trois-choses-que-jaime-deja-a-propos-de-la-nouvelle-pixel-watch-4","status":"publish","type":"post","link":"https:\/\/vieassociative.be\/actualites\/trois-choses-que-jaime-deja-a-propos-de-la-nouvelle-pixel-watch-4\/","title":{"rendered":"Trois choses que j&rsquo;aime d\u00e9j\u00e0 \u00e0 propos de la nouvelle Pixel Watch 4"},"content":{"rendered":"<div class=\"mt-4 leading-6 md:mb-8\">L\u2019\u00e9cran rond et la station de chargement remani\u00e9e sont tous deux plut\u00f4t sympas.<\/div>\n<p><\/p>\n<p>La Pixel Watch 4 de Google commence \u00e0 \u00eatre exp\u00e9di\u00e9e cette semaine et pr\u00e9sente quelques petites am\u00e9liorations int\u00e9ressantes par rapport \u00e0 la Pixel 3. J&rsquo;ai commenc\u00e9 \u00e0 tester la nouvelle montre pour un prochain examen et je voulais partager mes r\u00e9flexions sur la fa\u00e7on dont l&rsquo;appareil se compare jusqu&rsquo;\u00e0 pr\u00e9sent. Voici trois changements que j\u2019aime d\u00e9j\u00e0.<\/p>\n<h2 id=\"i-love-the-new-charging-dock\">J&rsquo;adore la nouvelle station de chargement<\/h2>\n<div class=\"eloquent-imagery-image\">\n<div class=\"flex justify-center\">\n                    <img decoding=\"async\" class=\"border border-gray-100\" src=\"https:\/\/vieassociative.be\/actualites\/wp-content\/uploads\/2025\/10\/Trois-choses-que-jaime-deja-a-propos-de-la-nouvelle.jpg\" alt=\"Pixel\u00a0Watch\u00a04 dans la nouvelle station de chargement, affichant l'heure et le pourcentage de batterie\" width=\"2000\" height=\"1125\" loading=\"lazy\"  >\n            <\/div>\n<\/p><\/div>\n<p>La nouvelle station de chargement constitue une grande am\u00e9lioration par rapport \u00e0 l\u2019ancien style de chargeur. Auparavant, on devait se contenter d&rsquo;une rondelle magn\u00e9tique au bout d&rsquo;un cordon, avec quatre petites \u00e9pingles sur la rondelle. Vous devrez le coller \u00e0 l&rsquo;arri\u00e8re de la montre et vous assurer d&rsquo;aligner le cordon sur le c\u00f4t\u00e9 avec la couronne. <\/p>\n<p>De nombreuses montres intelligentes disposent d&rsquo;un chargeur \u00e0 peu pr\u00e8s au m\u00eame format\u00a0: la Galaxy Watch et l&rsquo;Apple Watch sont similaires. Ce n&rsquo;est pas grave, je suppose, m\u00eame si ces chargeurs ont tendance \u00e0 \u00eatre plus pratiques lorsque vous disposez d&rsquo;un support pour les placer (en voici un qui convient \u00e0 la Pixel Watch 3). <\/p>\n<div class=\"mx-auto mb-12 mt-5 w-full max-w-3xl rounded-md border-2 border-gray-100 p-3 shadow-md md:px-7 md:pb-7 md:pt-5\" id=\"related-video\">\n<div class=\"mb-3 flex items-center md:mb-5\">\n        <img decoding=\"async\" class=\"mr-4 mt-0 h-10 w-10 md:mr-5 md:h-12 md:w-12\" src=\"https:\/\/vieassociative.be\/actualites\/wp-content\/uploads\/2025\/09\/1757726237_608_Meta-pourrait-devoiler-une-montre-intelligente-pour-controler-ses-lunettes.jpg\" alt=\"Logo du pirate de la vie\"><\/p><\/div>\n<div class=\"aspect-video w-full overflow-hidden rounded-md\">\n<div id=\"video-container-01K74YRVJJVN9CHMM0C2A7J7X9\"><\/div>\n<\/p><\/div>\n<\/div>\n<p>Ce nouveau dock est diff\u00e9rent et je le pr\u00e9f\u00e8re de loin. Il se pose sur votre bureau ou votre table de nuit. Pour charger la montre, il suffit de la mettre de c\u00f4t\u00e9, couronne vers le haut. L&rsquo;\u00e9cran reste visible pendant le chargement (vous indiquant l&rsquo;heure et l&rsquo;\u00e9tat de la batterie) et le bracelet de la montre est rang\u00e9 \u00e0 l&rsquo;\u00e9cart. Votre montre ne se retournera plus sur le bureau pendant que vous essayez de lui trouver un bon endroit. <\/p>\n<h2 id=\"ultra-fast-charging-works-even-better-than-advertised\">La charge ultra rapide fonctionne encore mieux que ce qui est annonc\u00e9<\/h2>\n<p>Google se vante que la Pixel Watch 4 peut passer de 0 \u00e0 50 % en 15 minutes environ. J&rsquo;ai test\u00e9 \u00e7a et je l&rsquo;ai trouv\u00e9 performant <em>encore mieux<\/em> qu&rsquo;annonc\u00e9 : La montre est pass\u00e9e de 10% \u00e0 60% en 12 minutes, et a atteint 82% (72% ajout\u00e9s) en 19 minutes. Je suis impressionn\u00e9.<\/p>\n<h2 id=\"the-display-is-bigger-even-though-the-watch-is-the-same-size\">L&rsquo;\u00e9cran est plus grand m\u00eame si la montre est de la m\u00eame taille<\/h2>\n<p>La chose la plus importante que vous remarquerez \u00e0 propos de la Pixel Watch 4 est l\u2019affichage \u00e9tendu, m\u00eame sur la m\u00eame taille de montre. Sur ces photos, j&rsquo;ai plac\u00e9 la Pixel Watch 3 (bande grise) \u00e0 c\u00f4t\u00e9 de la Pixel Watch 4 (bande jaune \u2013 ils appellent cette couleur \u00ab citronnelle \u00bb). J&rsquo;ai activ\u00e9 l&rsquo;application lampe de poche et vous pouvez d\u00e9j\u00e0 voir une diff\u00e9rence dans la taille de l&rsquo;affichage\u00a0: <\/p>\n<div class=\"eloquent-imagery-image\">\n<div class=\"flex justify-center\">\n                    <img decoding=\"async\" class=\"border border-gray-100\" src=\"https:\/\/vieassociative.be\/actualites\/wp-content\/uploads\/2025\/10\/1760030268_697_Trois-choses-que-jaime-deja-a-propos-de-la-nouvelle.jpg\" alt=\"Les deux montres affichent un \u00e9cran blanc (application lampe de poche)\" width=\"2000\" height=\"1125\" loading=\"lazy\"  >\n            <\/div>\n<\/p><\/div>\n<p>L&rsquo;\u00e9cran est d\u00e9sormais \u00e9galement en forme de d\u00f4me, m\u00eame si, pour \u00eatre clair, le <em>ext\u00e9rieur<\/em> la forme de la montre n&rsquo;a pas chang\u00e9 (du moins pas que je sache). Pour vous montrer ce que je veux dire, voici \u00e0 quoi ressemblent les deux montres lorsqu&rsquo;elles affichent le cadran concentrique, qui a fait l&rsquo;objet d&rsquo;une refonte pour la Pixel Watch 4. Je pense en fait que l&rsquo;ancienne version est plus jolie, mais ce n&rsquo;est pas vraiment le point : les secondes autour du bord du cadran semblent en fait d\u00e9passer la partie arrondie, plut\u00f4t que de rester \u00e0 l&rsquo;int\u00e9rieur. C&rsquo;est un joli d\u00e9tail. <\/p>\n<div class=\"eloquent-imagery-image\">\n<div class=\"flex justify-center\">\n                    <img decoding=\"async\" class=\"border border-gray-100\" src=\"https:\/\/vieassociative.be\/actualites\/wp-content\/uploads\/2025\/10\/1760030268_882_Trois-choses-que-jaime-deja-a-propos-de-la-nouvelle.jpg\" alt=\"Les deux montres sont pr\u00e9sent\u00e9es l\u00e0 o\u00f9 vous pouvez voir le bord\" width=\"2000\" height=\"1125\" loading=\"lazy\"  >\n            <\/div>\n<\/p><\/div>\n<p>J&rsquo;aurai plus d&rsquo;informations sur la Pixel Watch 4 dans mon avis complet, \u00e0 venir.<\/p>\n","protected":false},"excerpt":{"rendered":"<p>L\u2019\u00e9cran rond et la station de chargement remani\u00e9e sont tous deux plut\u00f4t sympas. La Pixel Watch 4 de Google commence \u00e0 \u00eatre exp\u00e9di\u00e9e cette semaine<\/p>\n","protected":false},"author":1,"featured_media":10555,"comment_status":"","ping_status":"","sticky":false,"template":"","format":"standard","meta":{"footnotes":""},"categories":[13],"tags":[93,1936,64,491,1278,1496,771,55],"class_list":["post-10554","post","type-post","status-publish","format-standard","has-post-thumbnail","hentry","category-technologie","tag-choses","tag-deja","tag-jaime","tag-nouvelle","tag-pixel","tag-propos","tag-trois","tag-watch","generate-columns","tablet-grid-50","mobile-grid-100","grid-parent","grid-33"],"yoast_head":"<!-- This site is optimized with the Yoast SEO plugin v24.0 - https:\/\/yoast.com\/wordpress\/plugins\/seo\/ -->\n<title>Trois choses que j&#039;aime d\u00e9j\u00e0 \u00e0 propos de la nouvelle Pixel Watch 4 | Vie Associative<\/title>\n<meta name=\"robots\" content=\"index, follow, max-snippet:-1, max-image-preview:large, max-video-preview:-1\" \/>\n<link rel=\"canonical\" href=\"https:\/\/vieassociative.be\/actualites\/trois-choses-que-jaime-deja-a-propos-de-la-nouvelle-pixel-watch-4\/\" \/>\n<meta property=\"og:locale\" content=\"fr_FR\" \/>\n<meta property=\"og:type\" content=\"article\" \/>\n<meta property=\"og:title\" content=\"Trois choses que j&#039;aime d\u00e9j\u00e0 \u00e0 propos de la nouvelle Pixel Watch 4 | Vie Associative\" \/>\n<meta property=\"og:description\" content=\"L\u2019\u00e9cran rond et la station de chargement remani\u00e9e sont tous deux plut\u00f4t sympas. La Pixel Watch 4 de Google commence \u00e0 \u00eatre exp\u00e9di\u00e9e cette semaine\" \/>\n<meta property=\"og:url\" content=\"https:\/\/vieassociative.be\/actualites\/trois-choses-que-jaime-deja-a-propos-de-la-nouvelle-pixel-watch-4\/\" \/>\n<meta property=\"og:site_name\" content=\"Vie Associative\" \/>\n<meta property=\"article:published_time\" content=\"2025-10-09T17:17:48+00:00\" \/>\n<meta property=\"og:image\" content=\"https:\/\/vieassociative.be\/actualites\/wp-content\/uploads\/2025\/10\/Trois-choses-que-jaime-deja-a-propos-de-la-nouvelle.jpg\" \/>\n<meta name=\"author\" content=\"Julien\" \/>\n<meta name=\"twitter:card\" content=\"summary_large_image\" \/>\n<meta name=\"twitter:label1\" content=\"\u00c9crit par\" \/>\n\t<meta name=\"twitter:data1\" content=\"Julien\" \/>\n\t<meta name=\"twitter:label2\" content=\"Dur\u00e9e de lecture est.\" \/>\n\t<meta name=\"twitter:data2\" content=\"3 minutes\" \/>\n<script type=\"application\/ld+json\" class=\"yoast-schema-graph\">{\"@context\":\"https:\/\/schema.org\",\"@graph\":[{\"@type\":\"Article\",\"@id\":\"https:\/\/vieassociative.be\/actualites\/trois-choses-que-jaime-deja-a-propos-de-la-nouvelle-pixel-watch-4\/#article\",\"isPartOf\":{\"@id\":\"https:\/\/vieassociative.be\/actualites\/trois-choses-que-jaime-deja-a-propos-de-la-nouvelle-pixel-watch-4\/\"},\"author\":{\"name\":\"Julien\",\"@id\":\"https:\/\/vieassociative.be\/actualites\/#\/schema\/person\/b87ac4f82f9d4e7b7cec7395b679edc4\"},\"headline\":\"Trois choses que j&rsquo;aime d\u00e9j\u00e0 \u00e0 propos de la nouvelle Pixel Watch 4\",\"datePublished\":\"2025-10-09T17:17:48+00:00\",\"dateModified\":\"2025-10-09T17:17:48+00:00\",\"mainEntityOfPage\":{\"@id\":\"https:\/\/vieassociative.be\/actualites\/trois-choses-que-jaime-deja-a-propos-de-la-nouvelle-pixel-watch-4\/\"},\"wordCount\":582,\"publisher\":{\"@id\":\"https:\/\/vieassociative.be\/actualites\/#organization\"},\"image\":{\"@id\":\"https:\/\/vieassociative.be\/actualites\/trois-choses-que-jaime-deja-a-propos-de-la-nouvelle-pixel-watch-4\/#primaryimage\"},\"thumbnailUrl\":\"https:\/\/vieassociative.be\/actualites\/wp-content\/uploads\/2025\/10\/1760030269_Trois-choses-que-jaime-deja-a-propos-de-la-nouvelle.jpg\",\"keywords\":[\"choses\",\"d\u00e9j\u00e0\",\"jaime\",\"nouvelle\",\"Pixel\",\"propos\",\"trois\",\"Watch\"],\"articleSection\":[\"Technologie\"],\"inLanguage\":\"fr-BE\"},{\"@type\":\"WebPage\",\"@id\":\"https:\/\/vieassociative.be\/actualites\/trois-choses-que-jaime-deja-a-propos-de-la-nouvelle-pixel-watch-4\/\",\"url\":\"https:\/\/vieassociative.be\/actualites\/trois-choses-que-jaime-deja-a-propos-de-la-nouvelle-pixel-watch-4\/\",\"name\":\"Trois choses que j'aime d\u00e9j\u00e0 \u00e0 propos de la nouvelle Pixel Watch 4 | Vie Associative\",\"isPartOf\":{\"@id\":\"https:\/\/vieassociative.be\/actualites\/#website\"},\"primaryImageOfPage\":{\"@id\":\"https:\/\/vieassociative.be\/actualites\/trois-choses-que-jaime-deja-a-propos-de-la-nouvelle-pixel-watch-4\/#primaryimage\"},\"image\":{\"@id\":\"https:\/\/vieassociative.be\/actualites\/trois-choses-que-jaime-deja-a-propos-de-la-nouvelle-pixel-watch-4\/#primaryimage\"},\"thumbnailUrl\":\"https:\/\/vieassociative.be\/actualites\/wp-content\/uploads\/2025\/10\/1760030269_Trois-choses-que-jaime-deja-a-propos-de-la-nouvelle.jpg\",\"datePublished\":\"2025-10-09T17:17:48+00:00\",\"dateModified\":\"2025-10-09T17:17:48+00:00\",\"breadcrumb\":{\"@id\":\"https:\/\/vieassociative.be\/actualites\/trois-choses-que-jaime-deja-a-propos-de-la-nouvelle-pixel-watch-4\/#breadcrumb\"},\"inLanguage\":\"fr-BE\",\"potentialAction\":[{\"@type\":\"ReadAction\",\"target\":[\"https:\/\/vieassociative.be\/actualites\/trois-choses-que-jaime-deja-a-propos-de-la-nouvelle-pixel-watch-4\/\"]}]},{\"@type\":\"ImageObject\",\"inLanguage\":\"fr-BE\",\"@id\":\"https:\/\/vieassociative.be\/actualites\/trois-choses-que-jaime-deja-a-propos-de-la-nouvelle-pixel-watch-4\/#primaryimage\",\"url\":\"https:\/\/vieassociative.be\/actualites\/wp-content\/uploads\/2025\/10\/1760030269_Trois-choses-que-jaime-deja-a-propos-de-la-nouvelle.jpg\",\"contentUrl\":\"https:\/\/vieassociative.be\/actualites\/wp-content\/uploads\/2025\/10\/1760030269_Trois-choses-que-jaime-deja-a-propos-de-la-nouvelle.jpg\",\"width\":1200,\"height\":675,\"caption\":\"Trois choses que j'aime d\u00e9j\u00e0 \u00e0 propos de la nouvelle Pixel Watch 4\"},{\"@type\":\"BreadcrumbList\",\"@id\":\"https:\/\/vieassociative.be\/actualites\/trois-choses-que-jaime-deja-a-propos-de-la-nouvelle-pixel-watch-4\/#breadcrumb\",\"itemListElement\":[{\"@type\":\"ListItem\",\"position\":1,\"name\":\"Accueil\",\"item\":\"https:\/\/vieassociative.be\/actualites\/\"},{\"@type\":\"ListItem\",\"position\":2,\"name\":\"Trois choses que j&rsquo;aime d\u00e9j\u00e0 \u00e0 propos de la nouvelle Pixel Watch 4\"}]},{\"@type\":\"WebSite\",\"@id\":\"https:\/\/vieassociative.be\/actualites\/#website\",\"url\":\"https:\/\/vieassociative.be\/actualites\/\",\"name\":\"Vie Associative\",\"description\":\"\",\"publisher\":{\"@id\":\"https:\/\/vieassociative.be\/actualites\/#organization\"},\"potentialAction\":[{\"@type\":\"SearchAction\",\"target\":{\"@type\":\"EntryPoint\",\"urlTemplate\":\"https:\/\/vieassociative.be\/actualites\/?s={search_term_string}\"},\"query-input\":{\"@type\":\"PropertyValueSpecification\",\"valueRequired\":true,\"valueName\":\"search_term_string\"}}],\"inLanguage\":\"fr-BE\"},{\"@type\":\"Organization\",\"@id\":\"https:\/\/vieassociative.be\/actualites\/#organization\",\"name\":\"Vie Associative\",\"url\":\"https:\/\/vieassociative.be\/actualites\/\",\"logo\":{\"@type\":\"ImageObject\",\"inLanguage\":\"fr-BE\",\"@id\":\"https:\/\/vieassociative.be\/actualites\/#\/schema\/logo\/image\/\",\"url\":\"https:\/\/vieassociative.be\/actualites\/wp-content\/uploads\/2024\/09\/cropped-vieassociative_favicon.ico.png\",\"contentUrl\":\"https:\/\/vieassociative.be\/actualites\/wp-content\/uploads\/2024\/09\/cropped-vieassociative_favicon.ico.png\",\"width\":512,\"height\":512,\"caption\":\"Vie Associative\"},\"image\":{\"@id\":\"https:\/\/vieassociative.be\/actualites\/#\/schema\/logo\/image\/\"}},{\"@type\":\"Person\",\"@id\":\"https:\/\/vieassociative.be\/actualites\/#\/schema\/person\/b87ac4f82f9d4e7b7cec7395b679edc4\",\"name\":\"Julien\",\"image\":{\"@type\":\"ImageObject\",\"inLanguage\":\"fr-BE\",\"@id\":\"https:\/\/vieassociative.be\/actualites\/#\/schema\/person\/image\/\",\"url\":\"https:\/\/vieassociative.be\/actualites\/wp-content\/uploads\/2024\/09\/vie-associative-1-150x150.jpg\",\"contentUrl\":\"https:\/\/vieassociative.be\/actualites\/wp-content\/uploads\/2024\/09\/vie-associative-1-150x150.jpg\",\"caption\":\"Julien\"},\"description\":\"Je suis Julien, r\u00e9dacteur pour Vie Associative. Passionn\u00e9 par le monde associatif depuis plus de 10 ans, j'ai \u00e0 c\u0153ur de partager des histoires inspirantes et de mettre en lumi\u00e8re les initiatives locales. Mon objectif est de sensibiliser et d'encourager l'engagement communautaire \u00e0 travers mes articles.\",\"sameAs\":[\"https:\/\/vieassociative.be\/\"]}]}<\/script>\n<!-- \/ Yoast SEO plugin. -->","yoast_head_json":{"title":"Trois choses que j'aime d\u00e9j\u00e0 \u00e0 propos de la nouvelle Pixel Watch 4 | Vie Associative","robots":{"index":"index","follow":"follow","max-snippet":"max-snippet:-1","max-image-preview":"max-image-preview:large","max-video-preview":"max-video-preview:-1"},"canonical":"https:\/\/vieassociative.be\/actualites\/trois-choses-que-jaime-deja-a-propos-de-la-nouvelle-pixel-watch-4\/","og_locale":"fr_FR","og_type":"article","og_title":"Trois choses que j'aime d\u00e9j\u00e0 \u00e0 propos de la nouvelle Pixel Watch 4 | Vie Associative","og_description":"L\u2019\u00e9cran rond et la station de chargement remani\u00e9e sont tous deux plut\u00f4t sympas. La Pixel Watch 4 de Google commence \u00e0 \u00eatre exp\u00e9di\u00e9e cette semaine","og_url":"https:\/\/vieassociative.be\/actualites\/trois-choses-que-jaime-deja-a-propos-de-la-nouvelle-pixel-watch-4\/","og_site_name":"Vie Associative","article_published_time":"2025-10-09T17:17:48+00:00","og_image":[{"url":"https:\/\/vieassociative.be\/actualites\/wp-content\/uploads\/2025\/10\/Trois-choses-que-jaime-deja-a-propos-de-la-nouvelle.jpg","type":"","width":"","height":""}],"author":"Julien","twitter_card":"summary_large_image","twitter_misc":{"\u00c9crit par":"Julien","Dur\u00e9e de lecture est.":"3 minutes"},"schema":{"@context":"https:\/\/schema.org","@graph":[{"@type":"Article","@id":"https:\/\/vieassociative.be\/actualites\/trois-choses-que-jaime-deja-a-propos-de-la-nouvelle-pixel-watch-4\/#article","isPartOf":{"@id":"https:\/\/vieassociative.be\/actualites\/trois-choses-que-jaime-deja-a-propos-de-la-nouvelle-pixel-watch-4\/"},"author":{"name":"Julien","@id":"https:\/\/vieassociative.be\/actualites\/#\/schema\/person\/b87ac4f82f9d4e7b7cec7395b679edc4"},"headline":"Trois choses que j&rsquo;aime d\u00e9j\u00e0 \u00e0 propos de la nouvelle Pixel Watch 4","datePublished":"2025-10-09T17:17:48+00:00","dateModified":"2025-10-09T17:17:48+00:00","mainEntityOfPage":{"@id":"https:\/\/vieassociative.be\/actualites\/trois-choses-que-jaime-deja-a-propos-de-la-nouvelle-pixel-watch-4\/"},"wordCount":582,"publisher":{"@id":"https:\/\/vieassociative.be\/actualites\/#organization"},"image":{"@id":"https:\/\/vieassociative.be\/actualites\/trois-choses-que-jaime-deja-a-propos-de-la-nouvelle-pixel-watch-4\/#primaryimage"},"thumbnailUrl":"https:\/\/vieassociative.be\/actualites\/wp-content\/uploads\/2025\/10\/1760030269_Trois-choses-que-jaime-deja-a-propos-de-la-nouvelle.jpg","keywords":["choses","d\u00e9j\u00e0","jaime","nouvelle","Pixel","propos","trois","Watch"],"articleSection":["Technologie"],"inLanguage":"fr-BE"},{"@type":"WebPage","@id":"https:\/\/vieassociative.be\/actualites\/trois-choses-que-jaime-deja-a-propos-de-la-nouvelle-pixel-watch-4\/","url":"https:\/\/vieassociative.be\/actualites\/trois-choses-que-jaime-deja-a-propos-de-la-nouvelle-pixel-watch-4\/","name":"Trois choses que j'aime d\u00e9j\u00e0 \u00e0 propos de la nouvelle Pixel Watch 4 | Vie Associative","isPartOf":{"@id":"https:\/\/vieassociative.be\/actualites\/#website"},"primaryImageOfPage":{"@id":"https:\/\/vieassociative.be\/actualites\/trois-choses-que-jaime-deja-a-propos-de-la-nouvelle-pixel-watch-4\/#primaryimage"},"image":{"@id":"https:\/\/vieassociative.be\/actualites\/trois-choses-que-jaime-deja-a-propos-de-la-nouvelle-pixel-watch-4\/#primaryimage"},"thumbnailUrl":"https:\/\/vieassociative.be\/actualites\/wp-content\/uploads\/2025\/10\/1760030269_Trois-choses-que-jaime-deja-a-propos-de-la-nouvelle.jpg","datePublished":"2025-10-09T17:17:48+00:00","dateModified":"2025-10-09T17:17:48+00:00","breadcrumb":{"@id":"https:\/\/vieassociative.be\/actualites\/trois-choses-que-jaime-deja-a-propos-de-la-nouvelle-pixel-watch-4\/#breadcrumb"},"inLanguage":"fr-BE","potentialAction":[{"@type":"ReadAction","target":["https:\/\/vieassociative.be\/actualites\/trois-choses-que-jaime-deja-a-propos-de-la-nouvelle-pixel-watch-4\/"]}]},{"@type":"ImageObject","inLanguage":"fr-BE","@id":"https:\/\/vieassociative.be\/actualites\/trois-choses-que-jaime-deja-a-propos-de-la-nouvelle-pixel-watch-4\/#primaryimage","url":"https:\/\/vieassociative.be\/actualites\/wp-content\/uploads\/2025\/10\/1760030269_Trois-choses-que-jaime-deja-a-propos-de-la-nouvelle.jpg","contentUrl":"https:\/\/vieassociative.be\/actualites\/wp-content\/uploads\/2025\/10\/1760030269_Trois-choses-que-jaime-deja-a-propos-de-la-nouvelle.jpg","width":1200,"height":675,"caption":"Trois choses que j'aime d\u00e9j\u00e0 \u00e0 propos de la nouvelle Pixel Watch 4"},{"@type":"BreadcrumbList","@id":"https:\/\/vieassociative.be\/actualites\/trois-choses-que-jaime-deja-a-propos-de-la-nouvelle-pixel-watch-4\/#breadcrumb","itemListElement":[{"@type":"ListItem","position":1,"name":"Accueil","item":"https:\/\/vieassociative.be\/actualites\/"},{"@type":"ListItem","position":2,"name":"Trois choses que j&rsquo;aime d\u00e9j\u00e0 \u00e0 propos de la nouvelle Pixel Watch 4"}]},{"@type":"WebSite","@id":"https:\/\/vieassociative.be\/actualites\/#website","url":"https:\/\/vieassociative.be\/actualites\/","name":"Vie Associative","description":"","publisher":{"@id":"https:\/\/vieassociative.be\/actualites\/#organization"},"potentialAction":[{"@type":"SearchAction","target":{"@type":"EntryPoint","urlTemplate":"https:\/\/vieassociative.be\/actualites\/?s={search_term_string}"},"query-input":{"@type":"PropertyValueSpecification","valueRequired":true,"valueName":"search_term_string"}}],"inLanguage":"fr-BE"},{"@type":"Organization","@id":"https:\/\/vieassociative.be\/actualites\/#organization","name":"Vie Associative","url":"https:\/\/vieassociative.be\/actualites\/","logo":{"@type":"ImageObject","inLanguage":"fr-BE","@id":"https:\/\/vieassociative.be\/actualites\/#\/schema\/logo\/image\/","url":"https:\/\/vieassociative.be\/actualites\/wp-content\/uploads\/2024\/09\/cropped-vieassociative_favicon.ico.png","contentUrl":"https:\/\/vieassociative.be\/actualites\/wp-content\/uploads\/2024\/09\/cropped-vieassociative_favicon.ico.png","width":512,"height":512,"caption":"Vie Associative"},"image":{"@id":"https:\/\/vieassociative.be\/actualites\/#\/schema\/logo\/image\/"}},{"@type":"Person","@id":"https:\/\/vieassociative.be\/actualites\/#\/schema\/person\/b87ac4f82f9d4e7b7cec7395b679edc4","name":"Julien","image":{"@type":"ImageObject","inLanguage":"fr-BE","@id":"https:\/\/vieassociative.be\/actualites\/#\/schema\/person\/image\/","url":"https:\/\/vieassociative.be\/actualites\/wp-content\/uploads\/2024\/09\/vie-associative-1-150x150.jpg","contentUrl":"https:\/\/vieassociative.be\/actualites\/wp-content\/uploads\/2024\/09\/vie-associative-1-150x150.jpg","caption":"Julien"},"description":"Je suis Julien, r\u00e9dacteur pour Vie Associative. Passionn\u00e9 par le monde associatif depuis plus de 10 ans, j'ai \u00e0 c\u0153ur de partager des histoires inspirantes et de mettre en lumi\u00e8re les initiatives locales. Mon objectif est de sensibiliser et d'encourager l'engagement communautaire \u00e0 travers mes articles.","sameAs":["https:\/\/vieassociative.be\/"]}]}},"_links":{"self":[{"href":"https:\/\/vieassociative.be\/actualites\/wp-json\/wp\/v2\/posts\/10554"}],"collection":[{"href":"https:\/\/vieassociative.be\/actualites\/wp-json\/wp\/v2\/posts"}],"about":[{"href":"https:\/\/vieassociative.be\/actualites\/wp-json\/wp\/v2\/types\/post"}],"author":[{"embeddable":true,"href":"https:\/\/vieassociative.be\/actualites\/wp-json\/wp\/v2\/users\/1"}],"replies":[{"embeddable":true,"href":"https:\/\/vieassociative.be\/actualites\/wp-json\/wp\/v2\/comments?post=10554"}],"version-history":[{"count":0,"href":"https:\/\/vieassociative.be\/actualites\/wp-json\/wp\/v2\/posts\/10554\/revisions"}],"wp:featuredmedia":[{"embeddable":true,"href":"https:\/\/vieassociative.be\/actualites\/wp-json\/wp\/v2\/media\/10555"}],"wp:attachment":[{"href":"https:\/\/vieassociative.be\/actualites\/wp-json\/wp\/v2\/media?parent=10554"}],"wp:term":[{"taxonomy":"category","embeddable":true,"href":"https:\/\/vieassociative.be\/actualites\/wp-json\/wp\/v2\/categories?post=10554"},{"taxonomy":"post_tag","embeddable":true,"href":"https:\/\/vieassociative.be\/actualites\/wp-json\/wp\/v2\/tags?post=10554"}],"curies":[{"name":"wp","href":"https:\/\/api.w.org\/{rel}","templated":true}]}}