{"id":10551,"date":"2025-10-09T17:17:15","date_gmt":"2025-10-09T15:17:15","guid":{"rendered":"https:\/\/vieassociative.be\/actualites\/la-souris-diddl-est-de-retour-la-figure-culte-fait-son-grand-retour-en-europe\/"},"modified":"2025-10-09T17:17:18","modified_gmt":"2025-10-09T15:17:18","slug":"la-souris-diddl-est-de-retour-la-figure-culte-fait-son-grand-retour-en-europe","status":"publish","type":"post","link":"https:\/\/vieassociative.be\/actualites\/la-souris-diddl-est-de-retour-la-figure-culte-fait-son-grand-retour-en-europe\/","title":{"rendered":"La souris Diddl est de retour : la figure culte fait son grand retour en Europe"},"content":{"rendered":"<p><\/p>\n<aside class=\"h-ad-280+text lg:h-0 lg:hidden mb-12 md:mb-16\" data-slot-id=\"pos1_sm\" data-breakpoint=\"sm\" data-hide-ad-text=\"false\" data-module-id=\"SparkAdSlotModule\"><\/aside>\n<p class=\"expressive-copy-lg-body\">Blocs-notes, stylos, tasses \u00e0 caf\u00e9 : apr\u00e8s une pause de plus de dix ans, le personnage de dessin anim\u00e9 embl\u00e9matique Diddl revient. Seul hic : les diff\u00e9rents objets de collection ne seront dans un premier temps disponibles \u00e0 l&rsquo;achat qu&rsquo;en France et en Wallonie en Belgique. D&rsquo;autres pays europ\u00e9ens devraient suivre l&rsquo;ann\u00e9e prochaine, comme l&rsquo;a annonc\u00e9 la soci\u00e9t\u00e9 commerciale fran\u00e7aise Kontiki, bas\u00e9e pr\u00e8s de Lyon. Selon le graphiste allemand et inventeur de la souris en peluche aux grands pieds, Thomas Goletz, l&rsquo;Allemagne devrait \u00e9galement \u00eatre incluse.<\/p>\n<p class=\"expressive-copy-lg-body\">Selon Kontiki, certains produits de la nouvelle collection, compos\u00e9e au total de 64 articles diff\u00e9rents, ont \u00e9t\u00e9 \u00e9puis\u00e9s quelques jours seulement apr\u00e8s leur mise en vente d\u00e9but octobre. \u00ab\u00a0Nous ne nous attendions pas \u00e0 un tel succ\u00e8s\u00a0\u00bb, a d\u00e9clar\u00e9 une porte-parole de l&rsquo;entreprise \u00e0 l&rsquo;agence de presse allemande. Le retour de Diddl a d\u00e9pass\u00e9 toutes les attentes du titulaire.<\/p>\n<section class=\"my-10 flex flex-col gap-2 md:gap-5\" aria-label=\"Auch interessant\">\n<div data-group=\"headline\" class=\"mx-4 (section_&amp;):mx-0 border-t border-stroke-800\">\n<div class=\"flex pt-3.5 md:pt-4 pb-3 justify-between\">\n<div class=\"shrink-0 \"><\/div>\n<\/p><\/div>\n<\/p><\/div>\n<\/section>\n<div id=\"piano-banner-kampagne\" data-module-id=\"PianoElementModule, PianoRecoWidgetModule\" class=\"mb-4 block\"><\/div>\n<div id=\"piano-reco-widget\" data-module-id=\"PianoElementModule, PianoRecoWidgetModule\" class=\"mb-4 block\"><\/div>\n<p class=\"expressive-copy-lg-body\">En Allemagne, les produits Diddl \u00e9taient des objets de collection et d&rsquo;\u00e9change populaires dans les ann\u00e9es 90 et 2000. En particulier, les feuilles color\u00e9es des blocs-notes, agraf\u00e9es dans de grands dossiers, faisaient partie du quotidien de nombreux \u00e9coliers. Les cours d\u2019\u00e9cole se sont temporairement transform\u00e9es en v\u00e9ritables rencontres d\u2019\u00e9change. La sympathique souris ornait \u00e9galement la papeterie, les agendas et les livres d&rsquo;amis, les tasses \u00e0 caf\u00e9, le linge de lit et les cartables. Le cr\u00e9ateur Goletz dit qu&rsquo;il entend si souvent la phrase \u00abNous aimons Diddl, il \u00e9tait toute notre enfance\u00bb.<\/p>\n<p><!-- opinary --><\/p>\n<div class=\"my-10 w-full bg-stable-white\">\n<div id=\"opinary-automation-placeholder\" class=\"w-full\"><\/div>\n<\/p><\/div>\n<h3 class=\"expressive-heading-xl mb-5 mt-10\">Arr\u00eat des ventes depuis plus de dix ans<\/h3>\n<p class=\"expressive-copy-lg-body\">En Allemagne, la soci\u00e9t\u00e9 Depesche a cess\u00e9 de vendre les produits Diddl il y a dix ans, et en France en 2010. Selon Goletz, la France \u00e9tait le deuxi\u00e8me march\u00e9 pour les produits pour souris apr\u00e8s l&rsquo;Allemagne. \u00ab\u00a0Ces derni\u00e8res ann\u00e9es, Diddl est tomb\u00e9 dans une sorte de sommeil de la Belle au bois dormant\u00a0\u00bb, a d\u00e9clar\u00e9 Goletz. Aujourd&rsquo;hui, le personnage est \u00e0 nouveau r\u00e9veill\u00e9 par les nombreux fans en France.<\/p>\n<aside class=\"h-ad-600+text lg:h-0 lg:hidden mb-12 md:mb-16\" data-slot-id=\"pos2_sm\" data-breakpoint=\"sm\" data-hide-ad-text=\"false\" data-module-id=\"SparkAdSlotModule\"><\/aside>\n<p class=\"expressive-copy-lg-body\">Selon Kontiki, l&rsquo;id\u00e9e de la relance est venue de Kontiki. L&rsquo;entreprise, qui avait auparavant repris la distribution des articles Diddl en France, s&rsquo;est tourn\u00e9e vers Goletz.<\/p>\n<ul class=\"((data-group=summary)_&amp;):my-0 my-10 (h3+&amp;):mt-0 expressive-copy-lg\">\n<li><strong>Investissez correctement dans l\u2019or\u00a0: <\/strong>ETF, ETC ou pi\u00e8ces et lingots ?<\/li>\n<li><strong>Sous Trump :<\/strong> Voil\u00e0 \u00e0 quel point l\u2019or allemand est en s\u00e9curit\u00e9 aux \u00c9tats-Unis<\/li>\n<li><strong>Des Allemands paresseux ? <\/strong>Les experts disent si nous travaillons vraiment trop peu<\/li>\n<li><strong>Acheter de l&rsquo;or\u00a0: <\/strong>Les professionnels donnent des conseils importants aux d\u00e9butants<\/li>\n<li><strong>Emploi et salaire\u00a0: <\/strong>Un expert r\u00e9v\u00e8le ce qui fonctionne vraiment dans les n\u00e9gociations salariales<\/li>\n<li><strong>Habiter et louer : <\/strong>Devenez riche avec Airbnb \u2013 deux fr\u00e8res r\u00e9v\u00e8lent comment \u00e7a marche<\/li>\n<\/ul>\n<p class=\"expressive-copy-lg-body\">Selon Kontiki, la collection actuelle en France s&rsquo;adresse aussi bien aux enfants qu&rsquo;aux adultes car elle ressemble beaucoup aux mod\u00e8les familiers. Les nostalgiques s\u2019y retrouveront probablement. En plus des stylos, des autocollants et des peluches, les passionn\u00e9s de collection et les fans d&rsquo;objets color\u00e9s peuvent d\u00e9sormais \u00e0 nouveau acheter les blocs bien connus.<\/p>\n","protected":false},"excerpt":{"rendered":"<p>Blocs-notes, stylos, tasses \u00e0 caf\u00e9 : apr\u00e8s une pause de plus de dix ans, le personnage de dessin anim\u00e9 embl\u00e9matique Diddl revient. Seul hic :<\/p>\n","protected":false},"author":1,"featured_media":10552,"comment_status":"closed","ping_status":"","sticky":false,"template":"","format":"standard","meta":{"footnotes":""},"categories":[298],"tags":[8835,8833,76,5351,635,8834,1119,787,800,1670],"class_list":["post-10551","post","type-post","status-publish","format-standard","has-post-thumbnail","hentry","category-belgique","tag-culte","tag-diddl","tag-est","tag-europe","tag-fait","tag-figure","tag-grand","tag-retour","tag-son","tag-souris","generate-columns","tablet-grid-50","mobile-grid-100","grid-parent","grid-33"],"yoast_head":"<!-- This site is optimized with the Yoast SEO plugin v24.0 - https:\/\/yoast.com\/wordpress\/plugins\/seo\/ -->\n<title>La souris Diddl est de retour : la figure culte fait son grand retour en Europe | Vie Associative<\/title>\n<meta name=\"robots\" content=\"index, follow, max-snippet:-1, max-image-preview:large, max-video-preview:-1\" \/>\n<link rel=\"canonical\" href=\"https:\/\/vieassociative.be\/actualites\/la-souris-diddl-est-de-retour-la-figure-culte-fait-son-grand-retour-en-europe\/\" \/>\n<meta property=\"og:locale\" content=\"fr_FR\" \/>\n<meta property=\"og:type\" content=\"article\" \/>\n<meta property=\"og:title\" content=\"La souris Diddl est de retour : la figure culte fait son grand retour en Europe | Vie Associative\" \/>\n<meta property=\"og:description\" content=\"Blocs-notes, stylos, tasses \u00e0 caf\u00e9 : apr\u00e8s une pause de plus de dix ans, le personnage de dessin anim\u00e9 embl\u00e9matique Diddl revient. Seul hic :\" \/>\n<meta property=\"og:url\" content=\"https:\/\/vieassociative.be\/actualites\/la-souris-diddl-est-de-retour-la-figure-culte-fait-son-grand-retour-en-europe\/\" \/>\n<meta property=\"og:site_name\" content=\"Vie Associative\" \/>\n<meta property=\"article:published_time\" content=\"2025-10-09T15:17:15+00:00\" \/>\n<meta property=\"article:modified_time\" content=\"2025-10-09T15:17:18+00:00\" \/>\n<meta property=\"og:image\" content=\"https:\/\/vieassociative.be\/actualites\/wp-content\/uploads\/2025\/10\/1760023036_La-souris-Diddl-est-de-retour-la-figure-culte.jpeg\" \/>\n\t<meta property=\"og:image:width\" content=\"1600\" \/>\n\t<meta property=\"og:image:height\" content=\"900\" \/>\n\t<meta property=\"og:image:type\" content=\"image\/jpeg\" \/>\n<meta name=\"author\" content=\"Julien\" \/>\n<meta name=\"twitter:card\" content=\"summary_large_image\" \/>\n<meta name=\"twitter:label1\" content=\"\u00c9crit par\" \/>\n\t<meta name=\"twitter:data1\" content=\"Julien\" \/>\n\t<meta name=\"twitter:label2\" content=\"Dur\u00e9e de lecture est.\" \/>\n\t<meta name=\"twitter:data2\" content=\"3 minutes\" \/>\n<script type=\"application\/ld+json\" class=\"yoast-schema-graph\">{\"@context\":\"https:\/\/schema.org\",\"@graph\":[{\"@type\":\"Article\",\"@id\":\"https:\/\/vieassociative.be\/actualites\/la-souris-diddl-est-de-retour-la-figure-culte-fait-son-grand-retour-en-europe\/#article\",\"isPartOf\":{\"@id\":\"https:\/\/vieassociative.be\/actualites\/la-souris-diddl-est-de-retour-la-figure-culte-fait-son-grand-retour-en-europe\/\"},\"author\":{\"name\":\"Julien\",\"@id\":\"https:\/\/vieassociative.be\/actualites\/#\/schema\/person\/b87ac4f82f9d4e7b7cec7395b679edc4\"},\"headline\":\"La souris Diddl est de retour : la figure culte fait son grand retour en Europe\",\"datePublished\":\"2025-10-09T15:17:15+00:00\",\"dateModified\":\"2025-10-09T15:17:18+00:00\",\"mainEntityOfPage\":{\"@id\":\"https:\/\/vieassociative.be\/actualites\/la-souris-diddl-est-de-retour-la-figure-culte-fait-son-grand-retour-en-europe\/\"},\"wordCount\":538,\"publisher\":{\"@id\":\"https:\/\/vieassociative.be\/actualites\/#organization\"},\"image\":{\"@id\":\"https:\/\/vieassociative.be\/actualites\/la-souris-diddl-est-de-retour-la-figure-culte-fait-son-grand-retour-en-europe\/#primaryimage\"},\"thumbnailUrl\":\"https:\/\/vieassociative.be\/actualites\/wp-content\/uploads\/2025\/10\/1760023036_La-souris-Diddl-est-de-retour-la-figure-culte.jpeg\",\"keywords\":[\"culte\",\"Diddl\",\"est\",\"Europe\",\"fait\",\"figure\",\"grand\",\"retour\",\"son\",\"souris\"],\"articleSection\":[\"Belgique\"],\"inLanguage\":\"fr-BE\"},{\"@type\":\"WebPage\",\"@id\":\"https:\/\/vieassociative.be\/actualites\/la-souris-diddl-est-de-retour-la-figure-culte-fait-son-grand-retour-en-europe\/\",\"url\":\"https:\/\/vieassociative.be\/actualites\/la-souris-diddl-est-de-retour-la-figure-culte-fait-son-grand-retour-en-europe\/\",\"name\":\"La souris Diddl est de retour : la figure culte fait son grand retour en Europe | Vie Associative\",\"isPartOf\":{\"@id\":\"https:\/\/vieassociative.be\/actualites\/#website\"},\"primaryImageOfPage\":{\"@id\":\"https:\/\/vieassociative.be\/actualites\/la-souris-diddl-est-de-retour-la-figure-culte-fait-son-grand-retour-en-europe\/#primaryimage\"},\"image\":{\"@id\":\"https:\/\/vieassociative.be\/actualites\/la-souris-diddl-est-de-retour-la-figure-culte-fait-son-grand-retour-en-europe\/#primaryimage\"},\"thumbnailUrl\":\"https:\/\/vieassociative.be\/actualites\/wp-content\/uploads\/2025\/10\/1760023036_La-souris-Diddl-est-de-retour-la-figure-culte.jpeg\",\"datePublished\":\"2025-10-09T15:17:15+00:00\",\"dateModified\":\"2025-10-09T15:17:18+00:00\",\"breadcrumb\":{\"@id\":\"https:\/\/vieassociative.be\/actualites\/la-souris-diddl-est-de-retour-la-figure-culte-fait-son-grand-retour-en-europe\/#breadcrumb\"},\"inLanguage\":\"fr-BE\",\"potentialAction\":[{\"@type\":\"ReadAction\",\"target\":[\"https:\/\/vieassociative.be\/actualites\/la-souris-diddl-est-de-retour-la-figure-culte-fait-son-grand-retour-en-europe\/\"]}]},{\"@type\":\"ImageObject\",\"inLanguage\":\"fr-BE\",\"@id\":\"https:\/\/vieassociative.be\/actualites\/la-souris-diddl-est-de-retour-la-figure-culte-fait-son-grand-retour-en-europe\/#primaryimage\",\"url\":\"https:\/\/vieassociative.be\/actualites\/wp-content\/uploads\/2025\/10\/1760023036_La-souris-Diddl-est-de-retour-la-figure-culte.jpeg\",\"contentUrl\":\"https:\/\/vieassociative.be\/actualites\/wp-content\/uploads\/2025\/10\/1760023036_La-souris-Diddl-est-de-retour-la-figure-culte.jpeg\",\"width\":1600,\"height\":900,\"caption\":\"La souris Diddl est de retour : la figure culte fait son grand retour en Europe\"},{\"@type\":\"BreadcrumbList\",\"@id\":\"https:\/\/vieassociative.be\/actualites\/la-souris-diddl-est-de-retour-la-figure-culte-fait-son-grand-retour-en-europe\/#breadcrumb\",\"itemListElement\":[{\"@type\":\"ListItem\",\"position\":1,\"name\":\"Accueil\",\"item\":\"https:\/\/vieassociative.be\/actualites\/\"},{\"@type\":\"ListItem\",\"position\":2,\"name\":\"La souris Diddl est de retour : la figure culte fait son grand retour en Europe\"}]},{\"@type\":\"WebSite\",\"@id\":\"https:\/\/vieassociative.be\/actualites\/#website\",\"url\":\"https:\/\/vieassociative.be\/actualites\/\",\"name\":\"Vie Associative\",\"description\":\"\",\"publisher\":{\"@id\":\"https:\/\/vieassociative.be\/actualites\/#organization\"},\"potentialAction\":[{\"@type\":\"SearchAction\",\"target\":{\"@type\":\"EntryPoint\",\"urlTemplate\":\"https:\/\/vieassociative.be\/actualites\/?s={search_term_string}\"},\"query-input\":{\"@type\":\"PropertyValueSpecification\",\"valueRequired\":true,\"valueName\":\"search_term_string\"}}],\"inLanguage\":\"fr-BE\"},{\"@type\":\"Organization\",\"@id\":\"https:\/\/vieassociative.be\/actualites\/#organization\",\"name\":\"Vie Associative\",\"url\":\"https:\/\/vieassociative.be\/actualites\/\",\"logo\":{\"@type\":\"ImageObject\",\"inLanguage\":\"fr-BE\",\"@id\":\"https:\/\/vieassociative.be\/actualites\/#\/schema\/logo\/image\/\",\"url\":\"https:\/\/vieassociative.be\/actualites\/wp-content\/uploads\/2024\/09\/cropped-vieassociative_favicon.ico.png\",\"contentUrl\":\"https:\/\/vieassociative.be\/actualites\/wp-content\/uploads\/2024\/09\/cropped-vieassociative_favicon.ico.png\",\"width\":512,\"height\":512,\"caption\":\"Vie Associative\"},\"image\":{\"@id\":\"https:\/\/vieassociative.be\/actualites\/#\/schema\/logo\/image\/\"}},{\"@type\":\"Person\",\"@id\":\"https:\/\/vieassociative.be\/actualites\/#\/schema\/person\/b87ac4f82f9d4e7b7cec7395b679edc4\",\"name\":\"Julien\",\"image\":{\"@type\":\"ImageObject\",\"inLanguage\":\"fr-BE\",\"@id\":\"https:\/\/vieassociative.be\/actualites\/#\/schema\/person\/image\/\",\"url\":\"https:\/\/vieassociative.be\/actualites\/wp-content\/uploads\/2024\/09\/vie-associative-1-150x150.jpg\",\"contentUrl\":\"https:\/\/vieassociative.be\/actualites\/wp-content\/uploads\/2024\/09\/vie-associative-1-150x150.jpg\",\"caption\":\"Julien\"},\"description\":\"Je suis Julien, r\u00e9dacteur pour Vie Associative. Passionn\u00e9 par le monde associatif depuis plus de 10 ans, j'ai \u00e0 c\u0153ur de partager des histoires inspirantes et de mettre en lumi\u00e8re les initiatives locales. Mon objectif est de sensibiliser et d'encourager l'engagement communautaire \u00e0 travers mes articles.\",\"sameAs\":[\"https:\/\/vieassociative.be\/\"]}]}<\/script>\n<!-- \/ Yoast SEO plugin. -->","yoast_head_json":{"title":"La souris Diddl est de retour : la figure culte fait son grand retour en Europe | Vie Associative","robots":{"index":"index","follow":"follow","max-snippet":"max-snippet:-1","max-image-preview":"max-image-preview:large","max-video-preview":"max-video-preview:-1"},"canonical":"https:\/\/vieassociative.be\/actualites\/la-souris-diddl-est-de-retour-la-figure-culte-fait-son-grand-retour-en-europe\/","og_locale":"fr_FR","og_type":"article","og_title":"La souris Diddl est de retour : la figure culte fait son grand retour en Europe | Vie Associative","og_description":"Blocs-notes, stylos, tasses \u00e0 caf\u00e9 : apr\u00e8s une pause de plus de dix ans, le personnage de dessin anim\u00e9 embl\u00e9matique Diddl revient. Seul hic :","og_url":"https:\/\/vieassociative.be\/actualites\/la-souris-diddl-est-de-retour-la-figure-culte-fait-son-grand-retour-en-europe\/","og_site_name":"Vie Associative","article_published_time":"2025-10-09T15:17:15+00:00","article_modified_time":"2025-10-09T15:17:18+00:00","og_image":[{"width":1600,"height":900,"url":"https:\/\/vieassociative.be\/actualites\/wp-content\/uploads\/2025\/10\/1760023036_La-souris-Diddl-est-de-retour-la-figure-culte.jpeg","type":"image\/jpeg"}],"author":"Julien","twitter_card":"summary_large_image","twitter_misc":{"\u00c9crit par":"Julien","Dur\u00e9e de lecture est.":"3 minutes"},"schema":{"@context":"https:\/\/schema.org","@graph":[{"@type":"Article","@id":"https:\/\/vieassociative.be\/actualites\/la-souris-diddl-est-de-retour-la-figure-culte-fait-son-grand-retour-en-europe\/#article","isPartOf":{"@id":"https:\/\/vieassociative.be\/actualites\/la-souris-diddl-est-de-retour-la-figure-culte-fait-son-grand-retour-en-europe\/"},"author":{"name":"Julien","@id":"https:\/\/vieassociative.be\/actualites\/#\/schema\/person\/b87ac4f82f9d4e7b7cec7395b679edc4"},"headline":"La souris Diddl est de retour : la figure culte fait son grand retour en Europe","datePublished":"2025-10-09T15:17:15+00:00","dateModified":"2025-10-09T15:17:18+00:00","mainEntityOfPage":{"@id":"https:\/\/vieassociative.be\/actualites\/la-souris-diddl-est-de-retour-la-figure-culte-fait-son-grand-retour-en-europe\/"},"wordCount":538,"publisher":{"@id":"https:\/\/vieassociative.be\/actualites\/#organization"},"image":{"@id":"https:\/\/vieassociative.be\/actualites\/la-souris-diddl-est-de-retour-la-figure-culte-fait-son-grand-retour-en-europe\/#primaryimage"},"thumbnailUrl":"https:\/\/vieassociative.be\/actualites\/wp-content\/uploads\/2025\/10\/1760023036_La-souris-Diddl-est-de-retour-la-figure-culte.jpeg","keywords":["culte","Diddl","est","Europe","fait","figure","grand","retour","son","souris"],"articleSection":["Belgique"],"inLanguage":"fr-BE"},{"@type":"WebPage","@id":"https:\/\/vieassociative.be\/actualites\/la-souris-diddl-est-de-retour-la-figure-culte-fait-son-grand-retour-en-europe\/","url":"https:\/\/vieassociative.be\/actualites\/la-souris-diddl-est-de-retour-la-figure-culte-fait-son-grand-retour-en-europe\/","name":"La souris Diddl est de retour : la figure culte fait son grand retour en Europe | Vie Associative","isPartOf":{"@id":"https:\/\/vieassociative.be\/actualites\/#website"},"primaryImageOfPage":{"@id":"https:\/\/vieassociative.be\/actualites\/la-souris-diddl-est-de-retour-la-figure-culte-fait-son-grand-retour-en-europe\/#primaryimage"},"image":{"@id":"https:\/\/vieassociative.be\/actualites\/la-souris-diddl-est-de-retour-la-figure-culte-fait-son-grand-retour-en-europe\/#primaryimage"},"thumbnailUrl":"https:\/\/vieassociative.be\/actualites\/wp-content\/uploads\/2025\/10\/1760023036_La-souris-Diddl-est-de-retour-la-figure-culte.jpeg","datePublished":"2025-10-09T15:17:15+00:00","dateModified":"2025-10-09T15:17:18+00:00","breadcrumb":{"@id":"https:\/\/vieassociative.be\/actualites\/la-souris-diddl-est-de-retour-la-figure-culte-fait-son-grand-retour-en-europe\/#breadcrumb"},"inLanguage":"fr-BE","potentialAction":[{"@type":"ReadAction","target":["https:\/\/vieassociative.be\/actualites\/la-souris-diddl-est-de-retour-la-figure-culte-fait-son-grand-retour-en-europe\/"]}]},{"@type":"ImageObject","inLanguage":"fr-BE","@id":"https:\/\/vieassociative.be\/actualites\/la-souris-diddl-est-de-retour-la-figure-culte-fait-son-grand-retour-en-europe\/#primaryimage","url":"https:\/\/vieassociative.be\/actualites\/wp-content\/uploads\/2025\/10\/1760023036_La-souris-Diddl-est-de-retour-la-figure-culte.jpeg","contentUrl":"https:\/\/vieassociative.be\/actualites\/wp-content\/uploads\/2025\/10\/1760023036_La-souris-Diddl-est-de-retour-la-figure-culte.jpeg","width":1600,"height":900,"caption":"La souris Diddl est de retour : la figure culte fait son grand retour en Europe"},{"@type":"BreadcrumbList","@id":"https:\/\/vieassociative.be\/actualites\/la-souris-diddl-est-de-retour-la-figure-culte-fait-son-grand-retour-en-europe\/#breadcrumb","itemListElement":[{"@type":"ListItem","position":1,"name":"Accueil","item":"https:\/\/vieassociative.be\/actualites\/"},{"@type":"ListItem","position":2,"name":"La souris Diddl est de retour : la figure culte fait son grand retour en Europe"}]},{"@type":"WebSite","@id":"https:\/\/vieassociative.be\/actualites\/#website","url":"https:\/\/vieassociative.be\/actualites\/","name":"Vie Associative","description":"","publisher":{"@id":"https:\/\/vieassociative.be\/actualites\/#organization"},"potentialAction":[{"@type":"SearchAction","target":{"@type":"EntryPoint","urlTemplate":"https:\/\/vieassociative.be\/actualites\/?s={search_term_string}"},"query-input":{"@type":"PropertyValueSpecification","valueRequired":true,"valueName":"search_term_string"}}],"inLanguage":"fr-BE"},{"@type":"Organization","@id":"https:\/\/vieassociative.be\/actualites\/#organization","name":"Vie Associative","url":"https:\/\/vieassociative.be\/actualites\/","logo":{"@type":"ImageObject","inLanguage":"fr-BE","@id":"https:\/\/vieassociative.be\/actualites\/#\/schema\/logo\/image\/","url":"https:\/\/vieassociative.be\/actualites\/wp-content\/uploads\/2024\/09\/cropped-vieassociative_favicon.ico.png","contentUrl":"https:\/\/vieassociative.be\/actualites\/wp-content\/uploads\/2024\/09\/cropped-vieassociative_favicon.ico.png","width":512,"height":512,"caption":"Vie Associative"},"image":{"@id":"https:\/\/vieassociative.be\/actualites\/#\/schema\/logo\/image\/"}},{"@type":"Person","@id":"https:\/\/vieassociative.be\/actualites\/#\/schema\/person\/b87ac4f82f9d4e7b7cec7395b679edc4","name":"Julien","image":{"@type":"ImageObject","inLanguage":"fr-BE","@id":"https:\/\/vieassociative.be\/actualites\/#\/schema\/person\/image\/","url":"https:\/\/vieassociative.be\/actualites\/wp-content\/uploads\/2024\/09\/vie-associative-1-150x150.jpg","contentUrl":"https:\/\/vieassociative.be\/actualites\/wp-content\/uploads\/2024\/09\/vie-associative-1-150x150.jpg","caption":"Julien"},"description":"Je suis Julien, r\u00e9dacteur pour Vie Associative. Passionn\u00e9 par le monde associatif depuis plus de 10 ans, j'ai \u00e0 c\u0153ur de partager des histoires inspirantes et de mettre en lumi\u00e8re les initiatives locales. Mon objectif est de sensibiliser et d'encourager l'engagement communautaire \u00e0 travers mes articles.","sameAs":["https:\/\/vieassociative.be\/"]}]}},"_links":{"self":[{"href":"https:\/\/vieassociative.be\/actualites\/wp-json\/wp\/v2\/posts\/10551"}],"collection":[{"href":"https:\/\/vieassociative.be\/actualites\/wp-json\/wp\/v2\/posts"}],"about":[{"href":"https:\/\/vieassociative.be\/actualites\/wp-json\/wp\/v2\/types\/post"}],"author":[{"embeddable":true,"href":"https:\/\/vieassociative.be\/actualites\/wp-json\/wp\/v2\/users\/1"}],"replies":[{"embeddable":true,"href":"https:\/\/vieassociative.be\/actualites\/wp-json\/wp\/v2\/comments?post=10551"}],"version-history":[{"count":1,"href":"https:\/\/vieassociative.be\/actualites\/wp-json\/wp\/v2\/posts\/10551\/revisions"}],"predecessor-version":[{"id":10553,"href":"https:\/\/vieassociative.be\/actualites\/wp-json\/wp\/v2\/posts\/10551\/revisions\/10553"}],"wp:featuredmedia":[{"embeddable":true,"href":"https:\/\/vieassociative.be\/actualites\/wp-json\/wp\/v2\/media\/10552"}],"wp:attachment":[{"href":"https:\/\/vieassociative.be\/actualites\/wp-json\/wp\/v2\/media?parent=10551"}],"wp:term":[{"taxonomy":"category","embeddable":true,"href":"https:\/\/vieassociative.be\/actualites\/wp-json\/wp\/v2\/categories?post=10551"},{"taxonomy":"post_tag","embeddable":true,"href":"https:\/\/vieassociative.be\/actualites\/wp-json\/wp\/v2\/tags?post=10551"}],"curies":[{"name":"wp","href":"https:\/\/api.w.org\/{rel}","templated":true}]}}