{"id":10549,"date":"2025-10-09T16:17:30","date_gmt":"2025-10-09T14:17:30","guid":{"rendered":"https:\/\/vieassociative.be\/actualites\/il-existe-encore-de-nombreux-prejuges-contre-les-voitures-electriques-les-experts-estiment-quelles-sont-plus-adaptees-a-un-usage-quotidien-et-plus-economiques-que-leur-reputation\/"},"modified":"2025-10-09T16:17:30","modified_gmt":"2025-10-09T14:17:30","slug":"il-existe-encore-de-nombreux-prejuges-contre-les-voitures-electriques-les-experts-estiment-quelles-sont-plus-adaptees-a-un-usage-quotidien-et-plus-economiques-que-leur-reputation","status":"publish","type":"post","link":"https:\/\/vieassociative.be\/actualites\/il-existe-encore-de-nombreux-prejuges-contre-les-voitures-electriques-les-experts-estiment-quelles-sont-plus-adaptees-a-un-usage-quotidien-et-plus-economiques-que-leur-reputation\/","title":{"rendered":"Il existe encore de nombreux pr\u00e9jug\u00e9s contre les voitures \u00e9lectriques : les experts estiment qu&rsquo;elles sont plus adapt\u00e9es \u00e0 un usage quotidien et plus \u00e9conomiques que leur r\u00e9putation."},"content":{"rendered":"<p><strong>Le concessionnaire Ford Spirletautomobiles \u00e0 Verviers, qui poss\u00e8de \u00e9galement des succursales \u00e0 Li\u00e8ge et Trois-Ponts, a organis\u00e9 en fin de semaine derni\u00e8re un roadshow intitul\u00e9 \u00ab Go Electric \u00bb.<\/strong><\/p>\n<p><span id=\"more-426408\"><\/span>En plus de trois discours d&rsquo;ouverture sur le th\u00e8me de l&rsquo;\u00e9lectromobilit\u00e9, les concessionnaires Ford et d&rsquo;autres parties int\u00e9ress\u00e9es ont pu tester pendant trois jours l&rsquo;un des quatre v\u00e9hicules Ford : Ford Puma Gen-E, Ford Capri, Ford Explorer ou Ford Mustang Mach E.<\/p>\n<p>L&rsquo;une des interventions principales \u00e9tait celle d&rsquo;Herv\u00e9 Wolt\u00e8che, PDG de Xolo, prestataire de services dans le domaine de la mobilit\u00e9 et de la gestion de la mobilit\u00e9, bas\u00e9 \u00e0 Fl\u00e9ron pr\u00e8s de Li\u00e8ge. <\/p>\n<p>L&rsquo;expert en mobilit\u00e9 a abord\u00e9 le th\u00e8me de \u00ab\u00a0d\u00e9mystifier les voitures \u00e9lectriques et les solutions de mobilit\u00e9\u00a0\u00bb. Il s&rsquo;agissait des nombreux pr\u00e9jug\u00e9s qui existent encore au sein du grand public \u00e0 propos des v\u00e9hicules et des propulsions \u00e9lectriques et de la mani\u00e8re de les r\u00e9futer.<\/p>\n<div id=\"attachment_426651\" class=\"wp-caption alignleft\" style=\"max-width: 300px\"><img fetchpriority=\"high\" decoding=\"async\" class=\"wp-image-426651 size-medium\" src=\"https:\/\/vieassociative.be\/actualites\/wp-content\/uploads\/2025\/10\/Il-existe-encore-de-nombreux-prejuges-contre-les-voitures-electriques.jpg\" alt=\"\" width=\"300\" height=\"200\"><\/div>\n<p>Les v\u00e9hicules \u00e9lectriques (e-cars) sont consid\u00e9r\u00e9s comme une technologie cl\u00e9 pour une mobilit\u00e9 respectueuse du climat. N\u00e9anmoins, de nombreux pr\u00e9jug\u00e9s persistent, m\u00eame si la technologie, les infrastructures et les performances environnementales se sont consid\u00e9rablement am\u00e9lior\u00e9es ces derni\u00e8res ann\u00e9es. Par exemple, on pr\u00e9tend que les voitures \u00e9lectriques ont une courte autonomie.<\/p>\n<p>En r\u00e9alit\u00e9, les mod\u00e8les modernes atteignent une autonomie comprise entre 300 et 600 kilom\u00e8tres, ce qui est largement suffisant pour un usage quotidien. Comme la plupart des trajets quotidiens font moins de 50 kilom\u00e8tres, l\u2019autonomie ne joue gu\u00e8re de r\u00f4le dans une utilisation normale. De plus, les bornes de recharge rapide permettent de recharger jusqu&rsquo;\u00e0 80 % de la batterie en 20 \u00e0 30 minutes.<\/p>\n<p>\u00ab Ostbelgien Direkt \u00bb a confront\u00e9 Herv\u00e9 Wolt\u00e8che, PDG de la soci\u00e9t\u00e9 Xolo, \u00e0 d&rsquo;autres pr\u00e9jug\u00e9s, que l&rsquo;expert en mobilit\u00e9 a r\u00e9fut\u00e9 comme suit :<\/p>\n<p><strong>1. \u00ab\u00a0Et si je tombe en panne ? Si je ne trouve pas de borne de recharge ? Il n&rsquo;y a pas assez de bornes de recharge !\u00a0\u00bb<\/strong><\/p>\n<p>\u00ab\u00a0Le r\u00e9seau de bornes de recharge s&rsquo;\u00e9tend presque quotidiennement. En 2025, la barre des 100.000 bornes de recharge sera d\u00e9pass\u00e9e en Belgique. Bien que certaines r\u00e9gions soient moins bien desservies, c&rsquo;est l\u00e0 que se trouvent la plupart des bornes de recharge. En plus des syst\u00e8mes de navigation dans les voitures qui calculent les itin\u00e9raires et, si n\u00e9cessaire, un arr\u00eat \u00e0 une borne de recharge, il existe des planificateurs d&rsquo;itin\u00e9raire et m\u00eame des applications qui vous permettent de recalculer votre itin\u00e9raire en direct. Par exemple : ABRP, un meilleur itin\u00e9raire planificateur. \u00bb<\/p>\n<p><strong>2. \u00ab La batterie met des heures \u00e0 se charger. \u00bb<\/strong><\/p>\n<div id=\"attachment_426653\" class=\"wp-caption alignleft\" style=\"max-width: 300px\"><img decoding=\"async\" class=\"wp-image-426653 size-medium\" src=\"https:\/\/vieassociative.be\/actualites\/wp-content\/uploads\/2025\/10\/1760019450_797_Il-existe-encore-de-nombreux-prejuges-contre-les-voitures-electriques.jpg\" alt=\"\" width=\"300\" height=\"225\"><\/div>\n<p>\u00ab\u00a0Cela d\u00e9pend du type de borne de recharge sur laquelle vous rechargez. Il est clair qu&rsquo;un v\u00e9hicule purement \u00e9lectrique n&rsquo;est pas adapt\u00e9 \u00e0 la recharge sur une prise domestique conventionnelle. Si vous rechargez sur une borne de recharge AC, cela peut prendre entre 5 et 6 heures (de 20 \u00e0 80 pour cent), mais celles-ci sont souvent install\u00e9es \u00e0 la maison ou dans l&rsquo;entreprise o\u00f9 vous pouvez prendre votre temps. La recharge sur une borne de recharge rapide publique prend de 10 \u00e0 80 pour cent entre 15 et 20 minutes. Une pause d\u00e9jeuner \u2013 et nous pouvons continuer ! \u00ab\u00a0<\/p>\n<p><strong>3. \u00ab Co\u00fbts et rentabilit\u00e9 : les voitures \u00e9lectriques sont trop ch\u00e8res. \u00bb<\/strong><\/p>\n<p>\u00ab\u00a0Dans les entreprises, les incitations fiscales compensent (largement) le prix d&rsquo;achat quand on parle de co\u00fbt total de possession (TCO). Mais pour les particuliers, des \u00e9conomies peuvent aussi \u00eatre r\u00e9alis\u00e9es sur les co\u00fbts de carburant (en l&rsquo;occurrence l&rsquo;\u00e9lectricit\u00e9) et les co\u00fbts d&rsquo;entretien. Il est important de faire le calcul, en gardant \u00e0 l&rsquo;esprit qu&rsquo;avec les voitures \u00e9lectriques, plus on roule, plus cela devient int\u00e9ressant.\u00a0\u00bb<\/p>\n<p><strong>4. \u00ab\u00a0Mais cela co\u00fbtera cher si je dois remplacer la batterie dans 5 ou 10 ans.\u00a0\u00bb<\/strong><\/p>\n<p>\u00ab\u00a0Les constructeurs proposent des garanties (souvent 8 ans, voire 10 ans ou ~100 000 km) pour limiter les risques. Et m\u00eame apr\u00e8s des ann\u00e9es, la batterie conserve une partie importante de sa capacit\u00e9 (souvent 80 % apr\u00e8s 10 ans), ce qui est tout \u00e0 fait suffisant pour une utilisation quotidienne. Enfin, dans la plupart des mod\u00e8les du march\u00e9, les cellules concern\u00e9es peuvent \u00eatre remplac\u00e9es. Ainsi, la batterie enti\u00e8re n&rsquo;a pas besoin d&rsquo;\u00eatre remplac\u00e9e en cas de probl\u00e8me avec la batterie.\u00a0\u00bb<\/p>\n<p><strong>5. \u00ab\u00a0En hiver, il faut conduire trop loin, l&rsquo;autonomie n&rsquo;est pas suffisante.\u00a0\u00bb<\/strong><\/p>\n<div id=\"attachment_232285\" class=\"wp-caption alignleft\" style=\"max-width: 300px\"><img decoding=\"async\" class=\"wp-image-232285 size-medium\" src=\"https:\/\/vieassociative.be\/actualites\/wp-content\/uploads\/2025\/10\/Il-existe-encore-de-nombreux-prejuges-contre-les-voitures-electriques.jpeg\" alt=\"\" width=\"300\" height=\"213\"><\/div>\n<p>\u00ab\u00a0Les diff\u00e9rences entre les conditions hivernales et estivales sont significatives. Cependant, avec quelques ajustements du comportement ou des habitudes de conduite (si\u00e8ges chauffants au lieu d&rsquo;un chauffage complet), cette diff\u00e9rence peut \u00eatre g\u00e9r\u00e9e.\u00a0\u00bb<\/p>\n<p><strong>6. \u00ab\u00a0La technologie d&rsquo;une voiture \u00e9lectrique est trop complexe.\u00a0\u00bb<\/strong><\/p>\n<p>\u00ab\u00a0C&rsquo;est une excuse fragile, car les moteurs \u00e0 combustion deviennent \u00e9galement de plus en plus sophistiqu\u00e9s sur le plan technologique. De plus, les interfaces utilisateur se standardisent, tout devient de plus en plus intuitif. Il s&rsquo;agit simplement de s&rsquo;y habituer.\u00a0\u00bb<\/p>\n<p><strong>7. \u00ab Les v\u00e9hicules \u00e9lectriques perdent de la valeur trop rapidement. \u00bb<\/strong><\/p>\n<p>\u00ab\u00a0C&rsquo;est un risque. R\u00e9cemment, les valeurs ont chut\u00e9 tr\u00e8s fortement, plus que pour les moteurs \u00e0 combustion interne. Mais l&rsquo;usage se r\u00e9pand. Et la demande augmente, ce qui fait rebondir le march\u00e9 des voitures \u00e9lectriques d&rsquo;occasion. Les propri\u00e9taires peuvent \u00eatre optimistes quant \u00e0 la valeur de revente future.\u00a0\u00bb<\/p>\n<p><strong>Conclusion:<\/strong> Les v\u00e9hicules \u00e9lectriques sont depuis longtemps adapt\u00e9s \u00e0 un usage quotidien, plus \u00e9cologiques et plus \u00e9conomiques que leur r\u00e9putation. De nombreux pr\u00e9jug\u00e9s reposent sur des informations obsol\u00e8tes ou sur des cas individuels datant des d\u00e9buts de l\u2019\u00e9lectromobilit\u00e9. Avec le d\u00e9veloppement constant des technologies de batteries, l\u2019expansion des infrastructures de recharge et la part croissante des \u00e9nergies renouvelables, les voitures \u00e9lectriques joueront \u00e0 l\u2019avenir un r\u00f4le central dans le syst\u00e8me de transport durable. (cr\u00e9er)<\/p>\n<p><i><b>Plus d&rsquo;informations sur <u>Les automobiles FordStore Spirlet<\/u><\/b><\/i><\/p>\n","protected":false},"excerpt":{"rendered":"<p>Le concessionnaire Ford Spirletautomobiles \u00e0 Verviers, qui poss\u00e8de \u00e9galement des succursales \u00e0 Li\u00e8ge et Trois-Ponts, a organis\u00e9 en fin de semaine derni\u00e8re un roadshow intitul\u00e9<\/p>\n","protected":false},"author":1,"featured_media":10550,"comment_status":"","ping_status":"","sticky":false,"template":"","format":"standard","meta":{"footnotes":""},"categories":[298],"tags":[2092,796,4084,3502,592,8831,965,2928,14,958,8829,8830,2219,5962,8832,18,8157,1623],"class_list":["post-10549","post","type-post","status-publish","format-standard","has-post-thumbnail","hentry","category-belgique","tag-adaptees","tag-contre","tag-economiques","tag-electriques","tag-encore","tag-estiment","tag-existe","tag-experts","tag-les","tag-leur","tag-nombreux","tag-prejuges","tag-quelles","tag-quotidien","tag-reputation","tag-sont","tag-usage","tag-voitures","generate-columns","tablet-grid-50","mobile-grid-100","grid-parent","grid-33"],"yoast_head":"<!-- This site is optimized with the Yoast SEO plugin v24.0 - https:\/\/yoast.com\/wordpress\/plugins\/seo\/ -->\n<title>Il existe encore de nombreux pr\u00e9jug\u00e9s contre les voitures \u00e9lectriques : les experts estiment qu&#039;elles sont plus adapt\u00e9es \u00e0 un usage quotidien et plus \u00e9conomiques que leur r\u00e9putation. | Vie Associative<\/title>\n<meta name=\"robots\" content=\"index, follow, max-snippet:-1, max-image-preview:large, max-video-preview:-1\" \/>\n<link rel=\"canonical\" href=\"https:\/\/vieassociative.be\/actualites\/il-existe-encore-de-nombreux-prejuges-contre-les-voitures-electriques-les-experts-estiment-quelles-sont-plus-adaptees-a-un-usage-quotidien-et-plus-economiques-que-leur-reputation\/\" \/>\n<meta property=\"og:locale\" content=\"fr_FR\" \/>\n<meta property=\"og:type\" content=\"article\" \/>\n<meta property=\"og:title\" content=\"Il existe encore de nombreux pr\u00e9jug\u00e9s contre les voitures \u00e9lectriques : les experts estiment qu&#039;elles sont plus adapt\u00e9es \u00e0 un usage quotidien et plus \u00e9conomiques que leur r\u00e9putation. | Vie Associative\" \/>\n<meta property=\"og:description\" content=\"Le concessionnaire Ford Spirletautomobiles \u00e0 Verviers, qui poss\u00e8de \u00e9galement des succursales \u00e0 Li\u00e8ge et Trois-Ponts, a organis\u00e9 en fin de semaine derni\u00e8re un roadshow intitul\u00e9\" \/>\n<meta property=\"og:url\" content=\"https:\/\/vieassociative.be\/actualites\/il-existe-encore-de-nombreux-prejuges-contre-les-voitures-electriques-les-experts-estiment-quelles-sont-plus-adaptees-a-un-usage-quotidien-et-plus-economiques-que-leur-reputation\/\" \/>\n<meta property=\"og:site_name\" content=\"Vie Associative\" \/>\n<meta property=\"article:published_time\" content=\"2025-10-09T14:17:30+00:00\" \/>\n<meta property=\"og:image\" content=\"https:\/\/vieassociative.be\/actualites\/wp-content\/uploads\/2024\/09\/header_backgroundk-01-e1726694325946.png\" \/>\n\t<meta property=\"og:image:width\" content=\"279\" \/>\n\t<meta property=\"og:image:height\" content=\"92\" \/>\n\t<meta property=\"og:image:type\" content=\"image\/png\" \/>\n<meta name=\"author\" content=\"Julien\" \/>\n<meta name=\"twitter:card\" content=\"summary_large_image\" \/>\n<meta name=\"twitter:label1\" content=\"\u00c9crit par\" \/>\n\t<meta name=\"twitter:data1\" content=\"Julien\" \/>\n\t<meta name=\"twitter:label2\" content=\"Dur\u00e9e de lecture est.\" \/>\n\t<meta name=\"twitter:data2\" content=\"5 minutes\" \/>\n<script type=\"application\/ld+json\" class=\"yoast-schema-graph\">{\"@context\":\"https:\/\/schema.org\",\"@graph\":[{\"@type\":\"Article\",\"@id\":\"https:\/\/vieassociative.be\/actualites\/il-existe-encore-de-nombreux-prejuges-contre-les-voitures-electriques-les-experts-estiment-quelles-sont-plus-adaptees-a-un-usage-quotidien-et-plus-economiques-que-leur-reputation\/#article\",\"isPartOf\":{\"@id\":\"https:\/\/vieassociative.be\/actualites\/il-existe-encore-de-nombreux-prejuges-contre-les-voitures-electriques-les-experts-estiment-quelles-sont-plus-adaptees-a-un-usage-quotidien-et-plus-economiques-que-leur-reputation\/\"},\"author\":{\"name\":\"Julien\",\"@id\":\"https:\/\/vieassociative.be\/actualites\/#\/schema\/person\/b87ac4f82f9d4e7b7cec7395b679edc4\"},\"headline\":\"Il existe encore de nombreux pr\u00e9jug\u00e9s contre les voitures \u00e9lectriques : les experts estiment qu&rsquo;elles sont plus adapt\u00e9es \u00e0 un usage quotidien et plus \u00e9conomiques que leur r\u00e9putation.\",\"datePublished\":\"2025-10-09T14:17:30+00:00\",\"dateModified\":\"2025-10-09T14:17:30+00:00\",\"mainEntityOfPage\":{\"@id\":\"https:\/\/vieassociative.be\/actualites\/il-existe-encore-de-nombreux-prejuges-contre-les-voitures-electriques-les-experts-estiment-quelles-sont-plus-adaptees-a-un-usage-quotidien-et-plus-economiques-que-leur-reputation\/\"},\"wordCount\":1025,\"publisher\":{\"@id\":\"https:\/\/vieassociative.be\/actualites\/#organization\"},\"image\":{\"@id\":\"https:\/\/vieassociative.be\/actualites\/il-existe-encore-de-nombreux-prejuges-contre-les-voitures-electriques-les-experts-estiment-quelles-sont-plus-adaptees-a-un-usage-quotidien-et-plus-economiques-que-leur-reputation\/#primaryimage\"},\"thumbnailUrl\":\"https:\/\/vieassociative.be\/actualites\/wp-content\/uploads\/2025\/10\/1760019451_Il-existe-encore-de-nombreux-prejuges-contre-les-voitures-electriques.jpg\",\"keywords\":[\"adapt\u00e9es\",\"contre\",\"\u00e9conomiques\",\"\u00e9lectriques\",\"encore\",\"estiment\",\"existe\",\"experts\",\"Les\",\"leur\",\"nombreux\",\"pr\u00e9jug\u00e9s\",\"Quelles\",\"quotidien\",\"r\u00e9putation\",\"sont\",\"usage\",\"voitures\"],\"articleSection\":[\"Belgique\"],\"inLanguage\":\"fr-BE\"},{\"@type\":\"WebPage\",\"@id\":\"https:\/\/vieassociative.be\/actualites\/il-existe-encore-de-nombreux-prejuges-contre-les-voitures-electriques-les-experts-estiment-quelles-sont-plus-adaptees-a-un-usage-quotidien-et-plus-economiques-que-leur-reputation\/\",\"url\":\"https:\/\/vieassociative.be\/actualites\/il-existe-encore-de-nombreux-prejuges-contre-les-voitures-electriques-les-experts-estiment-quelles-sont-plus-adaptees-a-un-usage-quotidien-et-plus-economiques-que-leur-reputation\/\",\"name\":\"Il existe encore de nombreux pr\u00e9jug\u00e9s contre les voitures \u00e9lectriques : les experts estiment qu'elles sont plus adapt\u00e9es \u00e0 un usage quotidien et plus \u00e9conomiques que leur r\u00e9putation. | Vie Associative\",\"isPartOf\":{\"@id\":\"https:\/\/vieassociative.be\/actualites\/#website\"},\"primaryImageOfPage\":{\"@id\":\"https:\/\/vieassociative.be\/actualites\/il-existe-encore-de-nombreux-prejuges-contre-les-voitures-electriques-les-experts-estiment-quelles-sont-plus-adaptees-a-un-usage-quotidien-et-plus-economiques-que-leur-reputation\/#primaryimage\"},\"image\":{\"@id\":\"https:\/\/vieassociative.be\/actualites\/il-existe-encore-de-nombreux-prejuges-contre-les-voitures-electriques-les-experts-estiment-quelles-sont-plus-adaptees-a-un-usage-quotidien-et-plus-economiques-que-leur-reputation\/#primaryimage\"},\"thumbnailUrl\":\"https:\/\/vieassociative.be\/actualites\/wp-content\/uploads\/2025\/10\/1760019451_Il-existe-encore-de-nombreux-prejuges-contre-les-voitures-electriques.jpg\",\"datePublished\":\"2025-10-09T14:17:30+00:00\",\"dateModified\":\"2025-10-09T14:17:30+00:00\",\"breadcrumb\":{\"@id\":\"https:\/\/vieassociative.be\/actualites\/il-existe-encore-de-nombreux-prejuges-contre-les-voitures-electriques-les-experts-estiment-quelles-sont-plus-adaptees-a-un-usage-quotidien-et-plus-economiques-que-leur-reputation\/#breadcrumb\"},\"inLanguage\":\"fr-BE\",\"potentialAction\":[{\"@type\":\"ReadAction\",\"target\":[\"https:\/\/vieassociative.be\/actualites\/il-existe-encore-de-nombreux-prejuges-contre-les-voitures-electriques-les-experts-estiment-quelles-sont-plus-adaptees-a-un-usage-quotidien-et-plus-economiques-que-leur-reputation\/\"]}]},{\"@type\":\"ImageObject\",\"inLanguage\":\"fr-BE\",\"@id\":\"https:\/\/vieassociative.be\/actualites\/il-existe-encore-de-nombreux-prejuges-contre-les-voitures-electriques-les-experts-estiment-quelles-sont-plus-adaptees-a-un-usage-quotidien-et-plus-economiques-que-leur-reputation\/#primaryimage\",\"url\":\"https:\/\/vieassociative.be\/actualites\/wp-content\/uploads\/2025\/10\/1760019451_Il-existe-encore-de-nombreux-prejuges-contre-les-voitures-electriques.jpg\",\"contentUrl\":\"https:\/\/vieassociative.be\/actualites\/wp-content\/uploads\/2025\/10\/1760019451_Il-existe-encore-de-nombreux-prejuges-contre-les-voitures-electriques.jpg\",\"width\":1200,\"height\":798,\"caption\":\"Il existe encore de nombreux pr\u00e9jug\u00e9s contre les voitures \u00e9lectriques : les experts estiment qu'elles sont plus adapt\u00e9es \u00e0 un usage quotidien et plus \u00e9conomiques que leur r\u00e9putation.\"},{\"@type\":\"BreadcrumbList\",\"@id\":\"https:\/\/vieassociative.be\/actualites\/il-existe-encore-de-nombreux-prejuges-contre-les-voitures-electriques-les-experts-estiment-quelles-sont-plus-adaptees-a-un-usage-quotidien-et-plus-economiques-que-leur-reputation\/#breadcrumb\",\"itemListElement\":[{\"@type\":\"ListItem\",\"position\":1,\"name\":\"Accueil\",\"item\":\"https:\/\/vieassociative.be\/actualites\/\"},{\"@type\":\"ListItem\",\"position\":2,\"name\":\"Il existe encore de nombreux pr\u00e9jug\u00e9s contre les voitures \u00e9lectriques : les experts estiment qu&rsquo;elles sont plus adapt\u00e9es \u00e0 un usage quotidien et plus \u00e9conomiques que leur r\u00e9putation.\"}]},{\"@type\":\"WebSite\",\"@id\":\"https:\/\/vieassociative.be\/actualites\/#website\",\"url\":\"https:\/\/vieassociative.be\/actualites\/\",\"name\":\"Vie Associative\",\"description\":\"\",\"publisher\":{\"@id\":\"https:\/\/vieassociative.be\/actualites\/#organization\"},\"potentialAction\":[{\"@type\":\"SearchAction\",\"target\":{\"@type\":\"EntryPoint\",\"urlTemplate\":\"https:\/\/vieassociative.be\/actualites\/?s={search_term_string}\"},\"query-input\":{\"@type\":\"PropertyValueSpecification\",\"valueRequired\":true,\"valueName\":\"search_term_string\"}}],\"inLanguage\":\"fr-BE\"},{\"@type\":\"Organization\",\"@id\":\"https:\/\/vieassociative.be\/actualites\/#organization\",\"name\":\"Vie Associative\",\"url\":\"https:\/\/vieassociative.be\/actualites\/\",\"logo\":{\"@type\":\"ImageObject\",\"inLanguage\":\"fr-BE\",\"@id\":\"https:\/\/vieassociative.be\/actualites\/#\/schema\/logo\/image\/\",\"url\":\"https:\/\/vieassociative.be\/actualites\/wp-content\/uploads\/2024\/09\/cropped-vieassociative_favicon.ico.png\",\"contentUrl\":\"https:\/\/vieassociative.be\/actualites\/wp-content\/uploads\/2024\/09\/cropped-vieassociative_favicon.ico.png\",\"width\":512,\"height\":512,\"caption\":\"Vie Associative\"},\"image\":{\"@id\":\"https:\/\/vieassociative.be\/actualites\/#\/schema\/logo\/image\/\"}},{\"@type\":\"Person\",\"@id\":\"https:\/\/vieassociative.be\/actualites\/#\/schema\/person\/b87ac4f82f9d4e7b7cec7395b679edc4\",\"name\":\"Julien\",\"image\":{\"@type\":\"ImageObject\",\"inLanguage\":\"fr-BE\",\"@id\":\"https:\/\/vieassociative.be\/actualites\/#\/schema\/person\/image\/\",\"url\":\"https:\/\/vieassociative.be\/actualites\/wp-content\/uploads\/2024\/09\/vie-associative-1-150x150.jpg\",\"contentUrl\":\"https:\/\/vieassociative.be\/actualites\/wp-content\/uploads\/2024\/09\/vie-associative-1-150x150.jpg\",\"caption\":\"Julien\"},\"description\":\"Je suis Julien, r\u00e9dacteur pour Vie Associative. Passionn\u00e9 par le monde associatif depuis plus de 10 ans, j'ai \u00e0 c\u0153ur de partager des histoires inspirantes et de mettre en lumi\u00e8re les initiatives locales. Mon objectif est de sensibiliser et d'encourager l'engagement communautaire \u00e0 travers mes articles.\",\"sameAs\":[\"https:\/\/vieassociative.be\/\"]}]}<\/script>\n<!-- \/ Yoast SEO plugin. -->","yoast_head_json":{"title":"Il existe encore de nombreux pr\u00e9jug\u00e9s contre les voitures \u00e9lectriques : les experts estiment qu'elles sont plus adapt\u00e9es \u00e0 un usage quotidien et plus \u00e9conomiques que leur r\u00e9putation. | Vie Associative","robots":{"index":"index","follow":"follow","max-snippet":"max-snippet:-1","max-image-preview":"max-image-preview:large","max-video-preview":"max-video-preview:-1"},"canonical":"https:\/\/vieassociative.be\/actualites\/il-existe-encore-de-nombreux-prejuges-contre-les-voitures-electriques-les-experts-estiment-quelles-sont-plus-adaptees-a-un-usage-quotidien-et-plus-economiques-que-leur-reputation\/","og_locale":"fr_FR","og_type":"article","og_title":"Il existe encore de nombreux pr\u00e9jug\u00e9s contre les voitures \u00e9lectriques : les experts estiment qu'elles sont plus adapt\u00e9es \u00e0 un usage quotidien et plus \u00e9conomiques que leur r\u00e9putation. | Vie Associative","og_description":"Le concessionnaire Ford Spirletautomobiles \u00e0 Verviers, qui poss\u00e8de \u00e9galement des succursales \u00e0 Li\u00e8ge et Trois-Ponts, a organis\u00e9 en fin de semaine derni\u00e8re un roadshow intitul\u00e9","og_url":"https:\/\/vieassociative.be\/actualites\/il-existe-encore-de-nombreux-prejuges-contre-les-voitures-electriques-les-experts-estiment-quelles-sont-plus-adaptees-a-un-usage-quotidien-et-plus-economiques-que-leur-reputation\/","og_site_name":"Vie Associative","article_published_time":"2025-10-09T14:17:30+00:00","og_image":[{"width":279,"height":92,"url":"https:\/\/vieassociative.be\/actualites\/wp-content\/uploads\/2024\/09\/header_backgroundk-01-e1726694325946.png","type":"image\/png"}],"author":"Julien","twitter_card":"summary_large_image","twitter_misc":{"\u00c9crit par":"Julien","Dur\u00e9e de lecture est.":"5 minutes"},"schema":{"@context":"https:\/\/schema.org","@graph":[{"@type":"Article","@id":"https:\/\/vieassociative.be\/actualites\/il-existe-encore-de-nombreux-prejuges-contre-les-voitures-electriques-les-experts-estiment-quelles-sont-plus-adaptees-a-un-usage-quotidien-et-plus-economiques-que-leur-reputation\/#article","isPartOf":{"@id":"https:\/\/vieassociative.be\/actualites\/il-existe-encore-de-nombreux-prejuges-contre-les-voitures-electriques-les-experts-estiment-quelles-sont-plus-adaptees-a-un-usage-quotidien-et-plus-economiques-que-leur-reputation\/"},"author":{"name":"Julien","@id":"https:\/\/vieassociative.be\/actualites\/#\/schema\/person\/b87ac4f82f9d4e7b7cec7395b679edc4"},"headline":"Il existe encore de nombreux pr\u00e9jug\u00e9s contre les voitures \u00e9lectriques : les experts estiment qu&rsquo;elles sont plus adapt\u00e9es \u00e0 un usage quotidien et plus \u00e9conomiques que leur r\u00e9putation.","datePublished":"2025-10-09T14:17:30+00:00","dateModified":"2025-10-09T14:17:30+00:00","mainEntityOfPage":{"@id":"https:\/\/vieassociative.be\/actualites\/il-existe-encore-de-nombreux-prejuges-contre-les-voitures-electriques-les-experts-estiment-quelles-sont-plus-adaptees-a-un-usage-quotidien-et-plus-economiques-que-leur-reputation\/"},"wordCount":1025,"publisher":{"@id":"https:\/\/vieassociative.be\/actualites\/#organization"},"image":{"@id":"https:\/\/vieassociative.be\/actualites\/il-existe-encore-de-nombreux-prejuges-contre-les-voitures-electriques-les-experts-estiment-quelles-sont-plus-adaptees-a-un-usage-quotidien-et-plus-economiques-que-leur-reputation\/#primaryimage"},"thumbnailUrl":"https:\/\/vieassociative.be\/actualites\/wp-content\/uploads\/2025\/10\/1760019451_Il-existe-encore-de-nombreux-prejuges-contre-les-voitures-electriques.jpg","keywords":["adapt\u00e9es","contre","\u00e9conomiques","\u00e9lectriques","encore","estiment","existe","experts","Les","leur","nombreux","pr\u00e9jug\u00e9s","Quelles","quotidien","r\u00e9putation","sont","usage","voitures"],"articleSection":["Belgique"],"inLanguage":"fr-BE"},{"@type":"WebPage","@id":"https:\/\/vieassociative.be\/actualites\/il-existe-encore-de-nombreux-prejuges-contre-les-voitures-electriques-les-experts-estiment-quelles-sont-plus-adaptees-a-un-usage-quotidien-et-plus-economiques-que-leur-reputation\/","url":"https:\/\/vieassociative.be\/actualites\/il-existe-encore-de-nombreux-prejuges-contre-les-voitures-electriques-les-experts-estiment-quelles-sont-plus-adaptees-a-un-usage-quotidien-et-plus-economiques-que-leur-reputation\/","name":"Il existe encore de nombreux pr\u00e9jug\u00e9s contre les voitures \u00e9lectriques : les experts estiment qu'elles sont plus adapt\u00e9es \u00e0 un usage quotidien et plus \u00e9conomiques que leur r\u00e9putation. | Vie Associative","isPartOf":{"@id":"https:\/\/vieassociative.be\/actualites\/#website"},"primaryImageOfPage":{"@id":"https:\/\/vieassociative.be\/actualites\/il-existe-encore-de-nombreux-prejuges-contre-les-voitures-electriques-les-experts-estiment-quelles-sont-plus-adaptees-a-un-usage-quotidien-et-plus-economiques-que-leur-reputation\/#primaryimage"},"image":{"@id":"https:\/\/vieassociative.be\/actualites\/il-existe-encore-de-nombreux-prejuges-contre-les-voitures-electriques-les-experts-estiment-quelles-sont-plus-adaptees-a-un-usage-quotidien-et-plus-economiques-que-leur-reputation\/#primaryimage"},"thumbnailUrl":"https:\/\/vieassociative.be\/actualites\/wp-content\/uploads\/2025\/10\/1760019451_Il-existe-encore-de-nombreux-prejuges-contre-les-voitures-electriques.jpg","datePublished":"2025-10-09T14:17:30+00:00","dateModified":"2025-10-09T14:17:30+00:00","breadcrumb":{"@id":"https:\/\/vieassociative.be\/actualites\/il-existe-encore-de-nombreux-prejuges-contre-les-voitures-electriques-les-experts-estiment-quelles-sont-plus-adaptees-a-un-usage-quotidien-et-plus-economiques-que-leur-reputation\/#breadcrumb"},"inLanguage":"fr-BE","potentialAction":[{"@type":"ReadAction","target":["https:\/\/vieassociative.be\/actualites\/il-existe-encore-de-nombreux-prejuges-contre-les-voitures-electriques-les-experts-estiment-quelles-sont-plus-adaptees-a-un-usage-quotidien-et-plus-economiques-que-leur-reputation\/"]}]},{"@type":"ImageObject","inLanguage":"fr-BE","@id":"https:\/\/vieassociative.be\/actualites\/il-existe-encore-de-nombreux-prejuges-contre-les-voitures-electriques-les-experts-estiment-quelles-sont-plus-adaptees-a-un-usage-quotidien-et-plus-economiques-que-leur-reputation\/#primaryimage","url":"https:\/\/vieassociative.be\/actualites\/wp-content\/uploads\/2025\/10\/1760019451_Il-existe-encore-de-nombreux-prejuges-contre-les-voitures-electriques.jpg","contentUrl":"https:\/\/vieassociative.be\/actualites\/wp-content\/uploads\/2025\/10\/1760019451_Il-existe-encore-de-nombreux-prejuges-contre-les-voitures-electriques.jpg","width":1200,"height":798,"caption":"Il existe encore de nombreux pr\u00e9jug\u00e9s contre les voitures \u00e9lectriques : les experts estiment qu'elles sont plus adapt\u00e9es \u00e0 un usage quotidien et plus \u00e9conomiques que leur r\u00e9putation."},{"@type":"BreadcrumbList","@id":"https:\/\/vieassociative.be\/actualites\/il-existe-encore-de-nombreux-prejuges-contre-les-voitures-electriques-les-experts-estiment-quelles-sont-plus-adaptees-a-un-usage-quotidien-et-plus-economiques-que-leur-reputation\/#breadcrumb","itemListElement":[{"@type":"ListItem","position":1,"name":"Accueil","item":"https:\/\/vieassociative.be\/actualites\/"},{"@type":"ListItem","position":2,"name":"Il existe encore de nombreux pr\u00e9jug\u00e9s contre les voitures \u00e9lectriques : les experts estiment qu&rsquo;elles sont plus adapt\u00e9es \u00e0 un usage quotidien et plus \u00e9conomiques que leur r\u00e9putation."}]},{"@type":"WebSite","@id":"https:\/\/vieassociative.be\/actualites\/#website","url":"https:\/\/vieassociative.be\/actualites\/","name":"Vie Associative","description":"","publisher":{"@id":"https:\/\/vieassociative.be\/actualites\/#organization"},"potentialAction":[{"@type":"SearchAction","target":{"@type":"EntryPoint","urlTemplate":"https:\/\/vieassociative.be\/actualites\/?s={search_term_string}"},"query-input":{"@type":"PropertyValueSpecification","valueRequired":true,"valueName":"search_term_string"}}],"inLanguage":"fr-BE"},{"@type":"Organization","@id":"https:\/\/vieassociative.be\/actualites\/#organization","name":"Vie Associative","url":"https:\/\/vieassociative.be\/actualites\/","logo":{"@type":"ImageObject","inLanguage":"fr-BE","@id":"https:\/\/vieassociative.be\/actualites\/#\/schema\/logo\/image\/","url":"https:\/\/vieassociative.be\/actualites\/wp-content\/uploads\/2024\/09\/cropped-vieassociative_favicon.ico.png","contentUrl":"https:\/\/vieassociative.be\/actualites\/wp-content\/uploads\/2024\/09\/cropped-vieassociative_favicon.ico.png","width":512,"height":512,"caption":"Vie Associative"},"image":{"@id":"https:\/\/vieassociative.be\/actualites\/#\/schema\/logo\/image\/"}},{"@type":"Person","@id":"https:\/\/vieassociative.be\/actualites\/#\/schema\/person\/b87ac4f82f9d4e7b7cec7395b679edc4","name":"Julien","image":{"@type":"ImageObject","inLanguage":"fr-BE","@id":"https:\/\/vieassociative.be\/actualites\/#\/schema\/person\/image\/","url":"https:\/\/vieassociative.be\/actualites\/wp-content\/uploads\/2024\/09\/vie-associative-1-150x150.jpg","contentUrl":"https:\/\/vieassociative.be\/actualites\/wp-content\/uploads\/2024\/09\/vie-associative-1-150x150.jpg","caption":"Julien"},"description":"Je suis Julien, r\u00e9dacteur pour Vie Associative. Passionn\u00e9 par le monde associatif depuis plus de 10 ans, j'ai \u00e0 c\u0153ur de partager des histoires inspirantes et de mettre en lumi\u00e8re les initiatives locales. Mon objectif est de sensibiliser et d'encourager l'engagement communautaire \u00e0 travers mes articles.","sameAs":["https:\/\/vieassociative.be\/"]}]}},"_links":{"self":[{"href":"https:\/\/vieassociative.be\/actualites\/wp-json\/wp\/v2\/posts\/10549"}],"collection":[{"href":"https:\/\/vieassociative.be\/actualites\/wp-json\/wp\/v2\/posts"}],"about":[{"href":"https:\/\/vieassociative.be\/actualites\/wp-json\/wp\/v2\/types\/post"}],"author":[{"embeddable":true,"href":"https:\/\/vieassociative.be\/actualites\/wp-json\/wp\/v2\/users\/1"}],"replies":[{"embeddable":true,"href":"https:\/\/vieassociative.be\/actualites\/wp-json\/wp\/v2\/comments?post=10549"}],"version-history":[{"count":0,"href":"https:\/\/vieassociative.be\/actualites\/wp-json\/wp\/v2\/posts\/10549\/revisions"}],"wp:featuredmedia":[{"embeddable":true,"href":"https:\/\/vieassociative.be\/actualites\/wp-json\/wp\/v2\/media\/10550"}],"wp:attachment":[{"href":"https:\/\/vieassociative.be\/actualites\/wp-json\/wp\/v2\/media?parent=10549"}],"wp:term":[{"taxonomy":"category","embeddable":true,"href":"https:\/\/vieassociative.be\/actualites\/wp-json\/wp\/v2\/categories?post=10549"},{"taxonomy":"post_tag","embeddable":true,"href":"https:\/\/vieassociative.be\/actualites\/wp-json\/wp\/v2\/tags?post=10549"}],"curies":[{"name":"wp","href":"https:\/\/api.w.org\/{rel}","templated":true}]}}