{"id":10543,"date":"2025-10-09T10:17:33","date_gmt":"2025-10-09T08:17:33","guid":{"rendered":"https:\/\/vieassociative.be\/actualites\/israel-et-le-hamas-conviennent-de-liberer-les-otages-trump-recevra-t-il-desormais-le-prix-nobel-de-la-paix\/"},"modified":"2025-10-09T10:17:33","modified_gmt":"2025-10-09T08:17:33","slug":"israel-et-le-hamas-conviennent-de-liberer-les-otages-trump-recevra-t-il-desormais-le-prix-nobel-de-la-paix","status":"publish","type":"post","link":"https:\/\/vieassociative.be\/actualites\/israel-et-le-hamas-conviennent-de-liberer-les-otages-trump-recevra-t-il-desormais-le-prix-nobel-de-la-paix\/","title":{"rendered":"Isra\u00ebl et le Hamas conviennent de lib\u00e9rer les otages : Trump recevra-t-il d\u00e9sormais le prix Nobel de la paix ?"},"content":{"rendered":"<p><strong>Dans la lutte pour r\u00e9soudre la guerre \u00e0 Gaza, Isra\u00ebl et le Hamas islamiste se sont mis d\u2019accord sur les premiers points importants lors de n\u00e9gociations indirectes. En cons\u00e9quence, les otages kidnapp\u00e9s dans la bande de Gaza seront lib\u00e9r\u00e9s et Isra\u00ebl retirera ses troupes selon une ligne convenue, comme l&rsquo;a annonc\u00e9 le pr\u00e9sident am\u00e9ricain Donald Trump sur sa plateforme Truth Social pour les \u00c9tats-Unis en tant que pays m\u00e9diateur.<\/strong><\/p>\n<p><span id=\"more-426608\"><\/span>Le Hamas a confirm\u00e9 l&rsquo;accord. L&rsquo;accord pr\u00e9voit la fin des combats dans la bande de Gaza, le retrait de l&rsquo;arm\u00e9e isra\u00e9lienne, l&rsquo;acc\u00e8s de l&rsquo;aide \u00e0 la zone c\u00f4ti\u00e8re et un \u00e9change d&rsquo;otages et de prisonniers, a indiqu\u00e9 l&rsquo;organisation terroriste dans un communiqu\u00e9.<\/p>\n<p>Il s\u2019agit d\u2019une avanc\u00e9e majeure deux ans apr\u00e8s le d\u00e9but de la guerre \u00e0 Gaza. Un accord a \u00e9t\u00e9 trouv\u00e9 sur la premi\u00e8re phase du plan de paix am\u00e9ricain, a \u00e9crit Trump. \u00c0 Charm el-Cheikh, en \u00c9gypte, les n\u00e9gociateurs se sont d\u00e9battus sur les d\u00e9tails. Trump a d\u00e9j\u00e0 pr\u00e9vu une visite en Isra\u00ebl ce week-end. Le Premier ministre isra\u00e9lien Benjamin Netanyahu a invit\u00e9 Trump \u00e0 s&rsquo;adresser \u00e0 la Knesset.<\/p>\n<p>La guerre \u00e0 Gaza a \u00e9t\u00e9 d\u00e9clench\u00e9e par l\u2019attaque contre Isra\u00ebl par le Hamas et d\u2019autres groupes terroristes islamistes le 7 octobre 2023. Environ 1\u00a0200 personnes ont \u00e9t\u00e9 tu\u00e9es et plus de 250 ont \u00e9t\u00e9 kidnapp\u00e9es comme otages dans la bande de Gaza. Isra\u00ebl, \u00e0 son tour, a r\u00e9pondu par des attaques. Depuis lors, plus de 67 000 Palestiniens ont \u00e9t\u00e9 tu\u00e9s, selon les autorit\u00e9s sanitaires contr\u00f4l\u00e9es par le Hamas.<\/p>\n<div id=\"attachment_426614\" class=\"wp-caption alignleft\" style=\"max-width: 300px\"><img fetchpriority=\"high\" decoding=\"async\" class=\"wp-image-426614 size-medium\" src=\"https:\/\/vieassociative.be\/actualites\/wp-content\/uploads\/2025\/10\/Israel-et-le-Hamas-conviennent-de-liberer-les-otages.jpg\" alt=\"\" width=\"300\" height=\"198\"><\/div>\n<p><strong>\u2013 Que sait-on de l\u2019accord ?<\/strong> Tous les otages devraient \u00eatre lib\u00e9r\u00e9s, et tr\u00e8s bient\u00f4t, a \u00e9crit Trump. Isra\u00ebl retirera \u00e9galement ses troupes derri\u00e8re une ligne convenue. Ce sont les premiers pas vers une \u00ab paix forte, durable et \u00e9ternelle \u00bb. Selon un article du Times of Israel, le gouvernement isra\u00e9lien pr\u00e9voit de se r\u00e9unir jeudi pour approuver l\u2019accord. La cha\u00eene de t\u00e9l\u00e9vision CNN a rapport\u00e9, citant une source isra\u00e9lienne, que les otages pourraient probablement \u00eatre lib\u00e9r\u00e9s samedi ou dimanche. Trump, en revanche, s\u2019est exprim\u00e9 lundi dans une interview audio avec Fox News.<\/p>\n<p>L\u2019accord sur la premi\u00e8re phase d\u2019un cessez-le-feu dans la bande de Gaza m\u00e8nera \u00e0 la fin de la guerre, \u00e0 la lib\u00e9ration des otages isra\u00e9liens et des prisonniers palestiniens et \u00e0 l\u2019importation de l\u2019aide, a \u00e9crit le porte-parole du minist\u00e8re qatari des Affaires \u00e9trang\u00e8res, Majid al-Ansari, sur la plateforme X. \u00ab Les d\u00e9tails seront annonc\u00e9s ult\u00e9rieurement \u00bb. Le Qatar est consid\u00e9r\u00e9 comme un m\u00e9diateur central entre Isra\u00ebl et les Palestiniens.<\/p>\n<p><strong>\u2013 20 otages dans la bande de Gaza seraient encore en vie :<\/strong> Il y a encore 48 otages dans la bande de Gaza, dont 20, selon les informations isra\u00e9liennes, sont encore en vie. \u00ab\u00a0Il s&rsquo;agit d&rsquo;une \u00e9tape importante et significative vers le retour de tout le monde \u00e0 la maison, mais notre combat n&rsquo;est pas termin\u00e9 et ne prendra fin que lorsque le dernier otage reviendra\u00a0\u00bb, indique un communiqu\u00e9 du Forum des familles d&rsquo;otages. \u00ab\u00a0Il est de notre devoir moral et national de les ramener tous chez eux, vivants et morts. Leur retour est vital pour la gu\u00e9rison et le redressement de l&rsquo;ensemble de la soci\u00e9t\u00e9 isra\u00e9lienne.\u00a0\u00bb<\/p>\n<p>Le plan de Trump pr\u00e9voit qu&rsquo;Isra\u00ebl lib\u00e8re en \u00e9change environ 250 prisonniers palestiniens condamn\u00e9s \u00e0 la prison \u00e0 vie, ainsi qu&rsquo;environ 1 700 personnes d\u00e9tenues apr\u00e8s le 7 octobre 2023. Malgr\u00e9 la lib\u00e9ration annonc\u00e9e des otages, de nombreuses questions restent sans r\u00e9ponse.<\/p>\n<\/p>\n<div id=\"attachment_426615\" class=\"wp-caption alignleft\" style=\"max-width: 300px\"><img decoding=\"async\" class=\"wp-image-426615 size-medium\" src=\"https:\/\/vieassociative.be\/actualites\/wp-content\/uploads\/2025\/10\/1759997853_798_Israel-et-le-Hamas-conviennent-de-liberer-les-otages.jpg\" alt=\"\" width=\"300\" height=\"198\"><\/div>\n<p><strong>\u2013 Le Hamas abandonne-t-il ses armes ?<\/strong> Ce qui n\u2019a pas encore \u00e9t\u00e9 mentionn\u00e9 est un point de friction important dans le plan de paix : le d\u00e9sarmement des terroristes dans la bande de Gaza. C\u2019est ce que pr\u00e9voit le plan de paix de Trump : d\u00e8s que tous les otages seront lib\u00e9r\u00e9s, les membres du Hamas qui s\u2019engageront en faveur d\u2019une coexistence pacifique et d\u00e9poseront les armes b\u00e9n\u00e9ficieront d\u2019une amnistie.<\/p>\n<p>Les \u00c9tats-Unis sont convaincus que la terreur reviendra s\u2019il n\u2019y a pas de d\u00e9sarmement. \u00ab\u00a0Cela sera difficile, mais c&rsquo;est crucial, car sans cela, il n&rsquo;y aura pas de paix durable. Vous pouvez r\u00e9cup\u00e9rer les otages, vous pouvez parvenir \u00e0 une cessation des hostilit\u00e9s, mais \u00e0 long terme, tout va se r\u00e9p\u00e9ter.\u00a0\u00bb<\/p>\n<p>Les \u00c9tats-Unis avaient soulign\u00e9 que les n\u00e9gociations comportaient deux phases. D\u2019une part, celle de la lib\u00e9ration des otages, qui a la priorit\u00e9 absolue. De l\u2019autre, une deuxi\u00e8me phase au cours de laquelle une paix \u00e0 long terme devrait \u00eatre assur\u00e9e. Les \u00c9tats-Unis ont \u00e9galement inclus le d\u00e9sarmement parmi ces priorit\u00e9s.<\/p>\n<p><strong>\u2013 Gouvernement de transition :<\/strong> Les choses se passeront-elles r\u00e9ellement comme formul\u00e9 dans le plan de paix ? L&rsquo;organisation islamiste a r\u00e9cemment d\u00e9clar\u00e9 avoir accept\u00e9 qu&rsquo;apr\u00e8s la guerre, la r\u00e9gion soit dans un premier temps gouvern\u00e9e par un gouvernement de transition de technocrates palestiniens sous la supervision d&rsquo;un organisme international. Cependant, il reste \u00e0 d\u00e9terminer si elle a \u00e9galement accept\u00e9 l&rsquo;exigence du plan de paix de Trump selon laquelle elle-m\u00eame n&rsquo;y devait pas jouer de r\u00f4le.<\/p>\n<p>Apr\u00e8s l\u2019accord en \u00c9gypte, le secr\u00e9taire g\u00e9n\u00e9ral de l\u2019ONU, Ant\u00f3nio Guterres, a appel\u00e9 toutes les parties concern\u00e9es \u00e0 saisir \u00ab cette opportunit\u00e9 unique \u00bb pour avancer vers une solution \u00e0 deux \u00c9tats qui permettrait aux Isra\u00e9liens et aux Palestiniens de vivre en paix et en s\u00e9curit\u00e9. \u00ab Jamais les enjeux n\u2019ont \u00e9t\u00e9 aussi importants \u00bb, a-t-il soulign\u00e9. La solution \u00e0 deux \u00c9tats signifie un \u00c9tat palestinien ind\u00e9pendant qui existe pacifiquement aux c\u00f4t\u00e9s d\u2019Isra\u00ebl. Le Premier ministre isra\u00e9lien Benjamin Netanyahu rejette la solution \u00e0 deux \u00c9tats, tout comme le Hamas.<\/p>\n<div id=\"attachment_426617\" class=\"wp-caption alignleft\" style=\"max-width: 300px\"><img decoding=\"async\" class=\"wp-image-426617 size-medium\" src=\"https:\/\/vieassociative.be\/actualites\/wp-content\/uploads\/2025\/10\/1759997853_560_Israel-et-le-Hamas-conviennent-de-liberer-les-otages.jpg\" alt=\"\" width=\"300\" height=\"200\"><\/div>\n<p><strong>\u2013 L&rsquo;arm\u00e9e isra\u00e9lienne se retire selon la ligne convenue\u00a0:<\/strong> Selon le plan de Trump, les forces isra\u00e9liennes devraient se retirer selon une ligne convenue en vue de la lib\u00e9ration des otages. Cependant, au d\u00e9but, on ne savait pas exactement o\u00f9 devait passer cette ligne. Netanyahu a r\u00e9cemment d\u00e9clar\u00e9 que l\u2019arm\u00e9e isra\u00e9lienne devrait continuer \u00e0 contr\u00f4ler les zones strat\u00e9giquement importantes \u00ab au c\u0153ur de la bande de Gaza \u00bb. Selon le plan de Trump, le retrait complet n\u2019est pr\u00e9vu qu\u2019\u00e0 une date ult\u00e9rieure, lorsqu\u2019une force internationale de stabilisation (FSI) assurera la s\u00e9curit\u00e9 sur place.<\/p>\n<p>Apr\u00e8s l&rsquo;avanc\u00e9e des n\u00e9gociations indirectes entre Isra\u00ebl et le Hamas islamiste sur un r\u00e8glement de la guerre \u00e0 Gaza, le chef de l&rsquo;Etat isra\u00e9lien Isaac Herzog a remerci\u00e9 le pr\u00e9sident am\u00e9ricain Donald Trump pour sa m\u00e9diation. \u00ab Il ne fait aucun doute qu\u2019il m\u00e9rite le prix Nobel de la paix pour cela \u00bb, a \u00e9crit Herzog sur Platform X. \u00ab Cet accord offre une opportunit\u00e9 de r\u00e9conciliation et de gu\u00e9rison et ouvre de nouvelles perspectives d\u2019espoir pour notre r\u00e9gion. \u00bb<\/p>\n<p><strong>\u2013 Le pr\u00e9sident isra\u00e9lien r\u00e9clame le prix Nobel de la paix pour Trump :<\/strong> Apr\u00e8s l&rsquo;avanc\u00e9e des n\u00e9gociations indirectes entre Isra\u00ebl et le Hamas islamiste sur un r\u00e8glement de la guerre \u00e0 Gaza, le chef de l&rsquo;Etat isra\u00e9lien Isaac Herzog a remerci\u00e9 le pr\u00e9sident am\u00e9ricain Donald Trump pour sa m\u00e9diation. \u00ab Il ne fait aucun doute qu\u2019il m\u00e9rite le prix Nobel de la paix pour cela \u00bb, a \u00e9crit Herzog sur Platform X. \u00ab Cet accord offre une opportunit\u00e9 de r\u00e9conciliation et de gu\u00e9rison et ouvre de nouvelles perspectives d\u2019espoir pour notre r\u00e9gion. \u00bb <\/p>\n<p>Trump, le \u00ab pr\u00e9sident de la paix \u00bb autoproclam\u00e9, s\u2019est choisi comme laur\u00e9at du prix Nobel de la paix. Depuis la transaction d\u2019otages au Moyen-Orient, il se montre peut-\u00eatre encore plus confiant. Mais les chercheurs sur la paix ont d\u2019autres favoris.<\/p>\n<p>Cette fois-ci, 338 personnalit\u00e9s et organisations ont \u00e9t\u00e9 nomm\u00e9es. Parmi elles, celles qui figureront parmi elles seront officiellement tenues secr\u00e8tes pendant 50 ans. Ce n&rsquo;est que vendredi, peu apr\u00e8s 11 heures, que le monde saura \u00e0 qui sera d\u00e9cern\u00e9 ce qui est probablement le prix politique le plus important au monde. (dpa\/cr\u00e9)<\/p>\n","protected":false},"excerpt":{"rendered":"<p>Dans la lutte pour r\u00e9soudre la guerre \u00e0 Gaza, Isra\u00ebl et le Hamas islamiste se sont mis d\u2019accord sur les premiers points importants lors de<\/p>\n","protected":false},"author":1,"featured_media":10544,"comment_status":"","ping_status":"","sticky":false,"template":"","format":"standard","meta":{"footnotes":""},"categories":[298],"tags":[5561,6,4944,3004,14,5673,7659,4757,3280,1399,8828,2425],"class_list":["post-10543","post","type-post","status-publish","format-standard","has-post-thumbnail","hentry","category-belgique","tag-conviennent","tag-desormais","tag-hamas","tag-israel","tag-les","tag-liberer","tag-nobel","tag-otages","tag-paix","tag-prix","tag-recevratil","tag-trump","generate-columns","tablet-grid-50","mobile-grid-100","grid-parent","grid-33"],"yoast_head":"<!-- This site is optimized with the Yoast SEO plugin v24.0 - https:\/\/yoast.com\/wordpress\/plugins\/seo\/ -->\n<title>Isra\u00ebl et le Hamas conviennent de lib\u00e9rer les otages : Trump recevra-t-il d\u00e9sormais le prix Nobel de la paix ? | Vie Associative<\/title>\n<meta name=\"robots\" content=\"index, follow, max-snippet:-1, max-image-preview:large, max-video-preview:-1\" \/>\n<link rel=\"canonical\" href=\"https:\/\/vieassociative.be\/actualites\/israel-et-le-hamas-conviennent-de-liberer-les-otages-trump-recevra-t-il-desormais-le-prix-nobel-de-la-paix\/\" \/>\n<meta property=\"og:locale\" content=\"fr_FR\" \/>\n<meta property=\"og:type\" content=\"article\" \/>\n<meta property=\"og:title\" content=\"Isra\u00ebl et le Hamas conviennent de lib\u00e9rer les otages : Trump recevra-t-il d\u00e9sormais le prix Nobel de la paix ? | Vie Associative\" \/>\n<meta property=\"og:description\" content=\"Dans la lutte pour r\u00e9soudre la guerre \u00e0 Gaza, Isra\u00ebl et le Hamas islamiste se sont mis d\u2019accord sur les premiers points importants lors de\" \/>\n<meta property=\"og:url\" content=\"https:\/\/vieassociative.be\/actualites\/israel-et-le-hamas-conviennent-de-liberer-les-otages-trump-recevra-t-il-desormais-le-prix-nobel-de-la-paix\/\" \/>\n<meta property=\"og:site_name\" content=\"Vie Associative\" \/>\n<meta property=\"article:published_time\" content=\"2025-10-09T08:17:33+00:00\" \/>\n<meta property=\"og:image\" content=\"https:\/\/vieassociative.be\/actualites\/wp-content\/uploads\/2024\/09\/header_backgroundk-01-e1726694325946.png\" \/>\n\t<meta property=\"og:image:width\" content=\"279\" \/>\n\t<meta property=\"og:image:height\" content=\"92\" \/>\n\t<meta property=\"og:image:type\" content=\"image\/png\" \/>\n<meta name=\"author\" content=\"Julien\" \/>\n<meta name=\"twitter:card\" content=\"summary_large_image\" \/>\n<meta name=\"twitter:label1\" content=\"\u00c9crit par\" \/>\n\t<meta name=\"twitter:data1\" content=\"Julien\" \/>\n\t<meta name=\"twitter:label2\" content=\"Dur\u00e9e de lecture est.\" \/>\n\t<meta name=\"twitter:data2\" content=\"7 minutes\" \/>\n<script type=\"application\/ld+json\" class=\"yoast-schema-graph\">{\"@context\":\"https:\/\/schema.org\",\"@graph\":[{\"@type\":\"Article\",\"@id\":\"https:\/\/vieassociative.be\/actualites\/israel-et-le-hamas-conviennent-de-liberer-les-otages-trump-recevra-t-il-desormais-le-prix-nobel-de-la-paix\/#article\",\"isPartOf\":{\"@id\":\"https:\/\/vieassociative.be\/actualites\/israel-et-le-hamas-conviennent-de-liberer-les-otages-trump-recevra-t-il-desormais-le-prix-nobel-de-la-paix\/\"},\"author\":{\"name\":\"Julien\",\"@id\":\"https:\/\/vieassociative.be\/actualites\/#\/schema\/person\/b87ac4f82f9d4e7b7cec7395b679edc4\"},\"headline\":\"Isra\u00ebl et le Hamas conviennent de lib\u00e9rer les otages : Trump recevra-t-il d\u00e9sormais le prix Nobel de la paix ?\",\"datePublished\":\"2025-10-09T08:17:33+00:00\",\"dateModified\":\"2025-10-09T08:17:33+00:00\",\"mainEntityOfPage\":{\"@id\":\"https:\/\/vieassociative.be\/actualites\/israel-et-le-hamas-conviennent-de-liberer-les-otages-trump-recevra-t-il-desormais-le-prix-nobel-de-la-paix\/\"},\"wordCount\":1443,\"publisher\":{\"@id\":\"https:\/\/vieassociative.be\/actualites\/#organization\"},\"image\":{\"@id\":\"https:\/\/vieassociative.be\/actualites\/israel-et-le-hamas-conviennent-de-liberer-les-otages-trump-recevra-t-il-desormais-le-prix-nobel-de-la-paix\/#primaryimage\"},\"thumbnailUrl\":\"https:\/\/vieassociative.be\/actualites\/wp-content\/uploads\/2025\/10\/1759997854_Israel-et-le-Hamas-conviennent-de-liberer-les-otages.jpg\",\"keywords\":[\"conviennent\",\"d\u00e9sormais\",\"Hamas\",\"Isra\u00ebl\",\"Les\",\"lib\u00e9rer\",\"Nobel\",\"otages\",\"paix\",\"prix\",\"recevratil\",\"Trump\"],\"articleSection\":[\"Belgique\"],\"inLanguage\":\"fr-BE\"},{\"@type\":\"WebPage\",\"@id\":\"https:\/\/vieassociative.be\/actualites\/israel-et-le-hamas-conviennent-de-liberer-les-otages-trump-recevra-t-il-desormais-le-prix-nobel-de-la-paix\/\",\"url\":\"https:\/\/vieassociative.be\/actualites\/israel-et-le-hamas-conviennent-de-liberer-les-otages-trump-recevra-t-il-desormais-le-prix-nobel-de-la-paix\/\",\"name\":\"Isra\u00ebl et le Hamas conviennent de lib\u00e9rer les otages : Trump recevra-t-il d\u00e9sormais le prix Nobel de la paix ? | Vie Associative\",\"isPartOf\":{\"@id\":\"https:\/\/vieassociative.be\/actualites\/#website\"},\"primaryImageOfPage\":{\"@id\":\"https:\/\/vieassociative.be\/actualites\/israel-et-le-hamas-conviennent-de-liberer-les-otages-trump-recevra-t-il-desormais-le-prix-nobel-de-la-paix\/#primaryimage\"},\"image\":{\"@id\":\"https:\/\/vieassociative.be\/actualites\/israel-et-le-hamas-conviennent-de-liberer-les-otages-trump-recevra-t-il-desormais-le-prix-nobel-de-la-paix\/#primaryimage\"},\"thumbnailUrl\":\"https:\/\/vieassociative.be\/actualites\/wp-content\/uploads\/2025\/10\/1759997854_Israel-et-le-Hamas-conviennent-de-liberer-les-otages.jpg\",\"datePublished\":\"2025-10-09T08:17:33+00:00\",\"dateModified\":\"2025-10-09T08:17:33+00:00\",\"breadcrumb\":{\"@id\":\"https:\/\/vieassociative.be\/actualites\/israel-et-le-hamas-conviennent-de-liberer-les-otages-trump-recevra-t-il-desormais-le-prix-nobel-de-la-paix\/#breadcrumb\"},\"inLanguage\":\"fr-BE\",\"potentialAction\":[{\"@type\":\"ReadAction\",\"target\":[\"https:\/\/vieassociative.be\/actualites\/israel-et-le-hamas-conviennent-de-liberer-les-otages-trump-recevra-t-il-desormais-le-prix-nobel-de-la-paix\/\"]}]},{\"@type\":\"ImageObject\",\"inLanguage\":\"fr-BE\",\"@id\":\"https:\/\/vieassociative.be\/actualites\/israel-et-le-hamas-conviennent-de-liberer-les-otages-trump-recevra-t-il-desormais-le-prix-nobel-de-la-paix\/#primaryimage\",\"url\":\"https:\/\/vieassociative.be\/actualites\/wp-content\/uploads\/2025\/10\/1759997854_Israel-et-le-Hamas-conviennent-de-liberer-les-otages.jpg\",\"contentUrl\":\"https:\/\/vieassociative.be\/actualites\/wp-content\/uploads\/2025\/10\/1759997854_Israel-et-le-Hamas-conviennent-de-liberer-les-otages.jpg\",\"width\":1200,\"height\":793,\"caption\":\"Isra\u00ebl et le Hamas conviennent de lib\u00e9rer les otages : Trump recevra-t-il d\u00e9sormais le prix Nobel de la paix ?\"},{\"@type\":\"BreadcrumbList\",\"@id\":\"https:\/\/vieassociative.be\/actualites\/israel-et-le-hamas-conviennent-de-liberer-les-otages-trump-recevra-t-il-desormais-le-prix-nobel-de-la-paix\/#breadcrumb\",\"itemListElement\":[{\"@type\":\"ListItem\",\"position\":1,\"name\":\"Accueil\",\"item\":\"https:\/\/vieassociative.be\/actualites\/\"},{\"@type\":\"ListItem\",\"position\":2,\"name\":\"Isra\u00ebl et le Hamas conviennent de lib\u00e9rer les otages : Trump recevra-t-il d\u00e9sormais le prix Nobel de la paix ?\"}]},{\"@type\":\"WebSite\",\"@id\":\"https:\/\/vieassociative.be\/actualites\/#website\",\"url\":\"https:\/\/vieassociative.be\/actualites\/\",\"name\":\"Vie Associative\",\"description\":\"\",\"publisher\":{\"@id\":\"https:\/\/vieassociative.be\/actualites\/#organization\"},\"potentialAction\":[{\"@type\":\"SearchAction\",\"target\":{\"@type\":\"EntryPoint\",\"urlTemplate\":\"https:\/\/vieassociative.be\/actualites\/?s={search_term_string}\"},\"query-input\":{\"@type\":\"PropertyValueSpecification\",\"valueRequired\":true,\"valueName\":\"search_term_string\"}}],\"inLanguage\":\"fr-BE\"},{\"@type\":\"Organization\",\"@id\":\"https:\/\/vieassociative.be\/actualites\/#organization\",\"name\":\"Vie Associative\",\"url\":\"https:\/\/vieassociative.be\/actualites\/\",\"logo\":{\"@type\":\"ImageObject\",\"inLanguage\":\"fr-BE\",\"@id\":\"https:\/\/vieassociative.be\/actualites\/#\/schema\/logo\/image\/\",\"url\":\"https:\/\/vieassociative.be\/actualites\/wp-content\/uploads\/2024\/09\/cropped-vieassociative_favicon.ico.png\",\"contentUrl\":\"https:\/\/vieassociative.be\/actualites\/wp-content\/uploads\/2024\/09\/cropped-vieassociative_favicon.ico.png\",\"width\":512,\"height\":512,\"caption\":\"Vie Associative\"},\"image\":{\"@id\":\"https:\/\/vieassociative.be\/actualites\/#\/schema\/logo\/image\/\"}},{\"@type\":\"Person\",\"@id\":\"https:\/\/vieassociative.be\/actualites\/#\/schema\/person\/b87ac4f82f9d4e7b7cec7395b679edc4\",\"name\":\"Julien\",\"image\":{\"@type\":\"ImageObject\",\"inLanguage\":\"fr-BE\",\"@id\":\"https:\/\/vieassociative.be\/actualites\/#\/schema\/person\/image\/\",\"url\":\"https:\/\/vieassociative.be\/actualites\/wp-content\/uploads\/2024\/09\/vie-associative-1-150x150.jpg\",\"contentUrl\":\"https:\/\/vieassociative.be\/actualites\/wp-content\/uploads\/2024\/09\/vie-associative-1-150x150.jpg\",\"caption\":\"Julien\"},\"description\":\"Je suis Julien, r\u00e9dacteur pour Vie Associative. Passionn\u00e9 par le monde associatif depuis plus de 10 ans, j'ai \u00e0 c\u0153ur de partager des histoires inspirantes et de mettre en lumi\u00e8re les initiatives locales. Mon objectif est de sensibiliser et d'encourager l'engagement communautaire \u00e0 travers mes articles.\",\"sameAs\":[\"https:\/\/vieassociative.be\/\"]}]}<\/script>\n<!-- \/ Yoast SEO plugin. -->","yoast_head_json":{"title":"Isra\u00ebl et le Hamas conviennent de lib\u00e9rer les otages : Trump recevra-t-il d\u00e9sormais le prix Nobel de la paix ? | Vie Associative","robots":{"index":"index","follow":"follow","max-snippet":"max-snippet:-1","max-image-preview":"max-image-preview:large","max-video-preview":"max-video-preview:-1"},"canonical":"https:\/\/vieassociative.be\/actualites\/israel-et-le-hamas-conviennent-de-liberer-les-otages-trump-recevra-t-il-desormais-le-prix-nobel-de-la-paix\/","og_locale":"fr_FR","og_type":"article","og_title":"Isra\u00ebl et le Hamas conviennent de lib\u00e9rer les otages : Trump recevra-t-il d\u00e9sormais le prix Nobel de la paix ? | Vie Associative","og_description":"Dans la lutte pour r\u00e9soudre la guerre \u00e0 Gaza, Isra\u00ebl et le Hamas islamiste se sont mis d\u2019accord sur les premiers points importants lors de","og_url":"https:\/\/vieassociative.be\/actualites\/israel-et-le-hamas-conviennent-de-liberer-les-otages-trump-recevra-t-il-desormais-le-prix-nobel-de-la-paix\/","og_site_name":"Vie Associative","article_published_time":"2025-10-09T08:17:33+00:00","og_image":[{"width":279,"height":92,"url":"https:\/\/vieassociative.be\/actualites\/wp-content\/uploads\/2024\/09\/header_backgroundk-01-e1726694325946.png","type":"image\/png"}],"author":"Julien","twitter_card":"summary_large_image","twitter_misc":{"\u00c9crit par":"Julien","Dur\u00e9e de lecture est.":"7 minutes"},"schema":{"@context":"https:\/\/schema.org","@graph":[{"@type":"Article","@id":"https:\/\/vieassociative.be\/actualites\/israel-et-le-hamas-conviennent-de-liberer-les-otages-trump-recevra-t-il-desormais-le-prix-nobel-de-la-paix\/#article","isPartOf":{"@id":"https:\/\/vieassociative.be\/actualites\/israel-et-le-hamas-conviennent-de-liberer-les-otages-trump-recevra-t-il-desormais-le-prix-nobel-de-la-paix\/"},"author":{"name":"Julien","@id":"https:\/\/vieassociative.be\/actualites\/#\/schema\/person\/b87ac4f82f9d4e7b7cec7395b679edc4"},"headline":"Isra\u00ebl et le Hamas conviennent de lib\u00e9rer les otages : Trump recevra-t-il d\u00e9sormais le prix Nobel de la paix ?","datePublished":"2025-10-09T08:17:33+00:00","dateModified":"2025-10-09T08:17:33+00:00","mainEntityOfPage":{"@id":"https:\/\/vieassociative.be\/actualites\/israel-et-le-hamas-conviennent-de-liberer-les-otages-trump-recevra-t-il-desormais-le-prix-nobel-de-la-paix\/"},"wordCount":1443,"publisher":{"@id":"https:\/\/vieassociative.be\/actualites\/#organization"},"image":{"@id":"https:\/\/vieassociative.be\/actualites\/israel-et-le-hamas-conviennent-de-liberer-les-otages-trump-recevra-t-il-desormais-le-prix-nobel-de-la-paix\/#primaryimage"},"thumbnailUrl":"https:\/\/vieassociative.be\/actualites\/wp-content\/uploads\/2025\/10\/1759997854_Israel-et-le-Hamas-conviennent-de-liberer-les-otages.jpg","keywords":["conviennent","d\u00e9sormais","Hamas","Isra\u00ebl","Les","lib\u00e9rer","Nobel","otages","paix","prix","recevratil","Trump"],"articleSection":["Belgique"],"inLanguage":"fr-BE"},{"@type":"WebPage","@id":"https:\/\/vieassociative.be\/actualites\/israel-et-le-hamas-conviennent-de-liberer-les-otages-trump-recevra-t-il-desormais-le-prix-nobel-de-la-paix\/","url":"https:\/\/vieassociative.be\/actualites\/israel-et-le-hamas-conviennent-de-liberer-les-otages-trump-recevra-t-il-desormais-le-prix-nobel-de-la-paix\/","name":"Isra\u00ebl et le Hamas conviennent de lib\u00e9rer les otages : Trump recevra-t-il d\u00e9sormais le prix Nobel de la paix ? | Vie Associative","isPartOf":{"@id":"https:\/\/vieassociative.be\/actualites\/#website"},"primaryImageOfPage":{"@id":"https:\/\/vieassociative.be\/actualites\/israel-et-le-hamas-conviennent-de-liberer-les-otages-trump-recevra-t-il-desormais-le-prix-nobel-de-la-paix\/#primaryimage"},"image":{"@id":"https:\/\/vieassociative.be\/actualites\/israel-et-le-hamas-conviennent-de-liberer-les-otages-trump-recevra-t-il-desormais-le-prix-nobel-de-la-paix\/#primaryimage"},"thumbnailUrl":"https:\/\/vieassociative.be\/actualites\/wp-content\/uploads\/2025\/10\/1759997854_Israel-et-le-Hamas-conviennent-de-liberer-les-otages.jpg","datePublished":"2025-10-09T08:17:33+00:00","dateModified":"2025-10-09T08:17:33+00:00","breadcrumb":{"@id":"https:\/\/vieassociative.be\/actualites\/israel-et-le-hamas-conviennent-de-liberer-les-otages-trump-recevra-t-il-desormais-le-prix-nobel-de-la-paix\/#breadcrumb"},"inLanguage":"fr-BE","potentialAction":[{"@type":"ReadAction","target":["https:\/\/vieassociative.be\/actualites\/israel-et-le-hamas-conviennent-de-liberer-les-otages-trump-recevra-t-il-desormais-le-prix-nobel-de-la-paix\/"]}]},{"@type":"ImageObject","inLanguage":"fr-BE","@id":"https:\/\/vieassociative.be\/actualites\/israel-et-le-hamas-conviennent-de-liberer-les-otages-trump-recevra-t-il-desormais-le-prix-nobel-de-la-paix\/#primaryimage","url":"https:\/\/vieassociative.be\/actualites\/wp-content\/uploads\/2025\/10\/1759997854_Israel-et-le-Hamas-conviennent-de-liberer-les-otages.jpg","contentUrl":"https:\/\/vieassociative.be\/actualites\/wp-content\/uploads\/2025\/10\/1759997854_Israel-et-le-Hamas-conviennent-de-liberer-les-otages.jpg","width":1200,"height":793,"caption":"Isra\u00ebl et le Hamas conviennent de lib\u00e9rer les otages : Trump recevra-t-il d\u00e9sormais le prix Nobel de la paix ?"},{"@type":"BreadcrumbList","@id":"https:\/\/vieassociative.be\/actualites\/israel-et-le-hamas-conviennent-de-liberer-les-otages-trump-recevra-t-il-desormais-le-prix-nobel-de-la-paix\/#breadcrumb","itemListElement":[{"@type":"ListItem","position":1,"name":"Accueil","item":"https:\/\/vieassociative.be\/actualites\/"},{"@type":"ListItem","position":2,"name":"Isra\u00ebl et le Hamas conviennent de lib\u00e9rer les otages : Trump recevra-t-il d\u00e9sormais le prix Nobel de la paix ?"}]},{"@type":"WebSite","@id":"https:\/\/vieassociative.be\/actualites\/#website","url":"https:\/\/vieassociative.be\/actualites\/","name":"Vie Associative","description":"","publisher":{"@id":"https:\/\/vieassociative.be\/actualites\/#organization"},"potentialAction":[{"@type":"SearchAction","target":{"@type":"EntryPoint","urlTemplate":"https:\/\/vieassociative.be\/actualites\/?s={search_term_string}"},"query-input":{"@type":"PropertyValueSpecification","valueRequired":true,"valueName":"search_term_string"}}],"inLanguage":"fr-BE"},{"@type":"Organization","@id":"https:\/\/vieassociative.be\/actualites\/#organization","name":"Vie Associative","url":"https:\/\/vieassociative.be\/actualites\/","logo":{"@type":"ImageObject","inLanguage":"fr-BE","@id":"https:\/\/vieassociative.be\/actualites\/#\/schema\/logo\/image\/","url":"https:\/\/vieassociative.be\/actualites\/wp-content\/uploads\/2024\/09\/cropped-vieassociative_favicon.ico.png","contentUrl":"https:\/\/vieassociative.be\/actualites\/wp-content\/uploads\/2024\/09\/cropped-vieassociative_favicon.ico.png","width":512,"height":512,"caption":"Vie Associative"},"image":{"@id":"https:\/\/vieassociative.be\/actualites\/#\/schema\/logo\/image\/"}},{"@type":"Person","@id":"https:\/\/vieassociative.be\/actualites\/#\/schema\/person\/b87ac4f82f9d4e7b7cec7395b679edc4","name":"Julien","image":{"@type":"ImageObject","inLanguage":"fr-BE","@id":"https:\/\/vieassociative.be\/actualites\/#\/schema\/person\/image\/","url":"https:\/\/vieassociative.be\/actualites\/wp-content\/uploads\/2024\/09\/vie-associative-1-150x150.jpg","contentUrl":"https:\/\/vieassociative.be\/actualites\/wp-content\/uploads\/2024\/09\/vie-associative-1-150x150.jpg","caption":"Julien"},"description":"Je suis Julien, r\u00e9dacteur pour Vie Associative. Passionn\u00e9 par le monde associatif depuis plus de 10 ans, j'ai \u00e0 c\u0153ur de partager des histoires inspirantes et de mettre en lumi\u00e8re les initiatives locales. Mon objectif est de sensibiliser et d'encourager l'engagement communautaire \u00e0 travers mes articles.","sameAs":["https:\/\/vieassociative.be\/"]}]}},"_links":{"self":[{"href":"https:\/\/vieassociative.be\/actualites\/wp-json\/wp\/v2\/posts\/10543"}],"collection":[{"href":"https:\/\/vieassociative.be\/actualites\/wp-json\/wp\/v2\/posts"}],"about":[{"href":"https:\/\/vieassociative.be\/actualites\/wp-json\/wp\/v2\/types\/post"}],"author":[{"embeddable":true,"href":"https:\/\/vieassociative.be\/actualites\/wp-json\/wp\/v2\/users\/1"}],"replies":[{"embeddable":true,"href":"https:\/\/vieassociative.be\/actualites\/wp-json\/wp\/v2\/comments?post=10543"}],"version-history":[{"count":0,"href":"https:\/\/vieassociative.be\/actualites\/wp-json\/wp\/v2\/posts\/10543\/revisions"}],"wp:featuredmedia":[{"embeddable":true,"href":"https:\/\/vieassociative.be\/actualites\/wp-json\/wp\/v2\/media\/10544"}],"wp:attachment":[{"href":"https:\/\/vieassociative.be\/actualites\/wp-json\/wp\/v2\/media?parent=10543"}],"wp:term":[{"taxonomy":"category","embeddable":true,"href":"https:\/\/vieassociative.be\/actualites\/wp-json\/wp\/v2\/categories?post=10543"},{"taxonomy":"post_tag","embeddable":true,"href":"https:\/\/vieassociative.be\/actualites\/wp-json\/wp\/v2\/tags?post=10543"}],"curies":[{"name":"wp","href":"https:\/\/api.w.org\/{rel}","templated":true}]}}