{"id":10541,"date":"2025-10-09T09:17:18","date_gmt":"2025-10-09T07:17:18","guid":{"rendered":"https:\/\/vieassociative.be\/actualites\/le-meilleur-ipad-dapple-pour-la-plupart-des-gens-est-toujours-a-20-de-reduction-avant-la-fin-du-prime-day-ce-soir\/"},"modified":"2025-10-09T09:17:18","modified_gmt":"2025-10-09T07:17:18","slug":"le-meilleur-ipad-dapple-pour-la-plupart-des-gens-est-toujours-a-20-de-reduction-avant-la-fin-du-prime-day-ce-soir","status":"publish","type":"post","link":"https:\/\/vieassociative.be\/actualites\/le-meilleur-ipad-dapple-pour-la-plupart-des-gens-est-toujours-a-20-de-reduction-avant-la-fin-du-prime-day-ce-soir\/","title":{"rendered":"Le meilleur iPad d&rsquo;Apple (pour la plupart des gens) est toujours \u00e0 20 % de r\u00e9duction avant la fin du Prime Day ce soir"},"content":{"rendered":"<div class=\"mt-4 leading-6 md:mb-8\">L&rsquo;iPad 11 pouces ne co\u00fbte que 279 $.<\/div>\n<p><\/p>\n<p><em>Les Amazon Big Deal Days se terminent ce soir, le 8 octobre, et d&rsquo;ici l\u00e0, Vie Associative partage les meilleures ventes bas\u00e9es sur des critiques de produits, des comparaisons et des outils de suivi des prix avant la fin.<\/em><\/p>\n<ul>\n<li>\n<p><em>Suivez notre blog en direct<\/em><em>  pour rester au courant des meilleures ventes que nous trouvons.<\/em><\/p>\n<\/li>\n<li>\n<p><em>Parcourez les choix de nos r\u00e9dacteurs<\/em><em>  pour une liste organis\u00e9e de nos ventes pr\u00e9f\u00e9r\u00e9es sur les ordinateurs portables, les technologies de fitness, les appareils \u00e9lectrom\u00e9nagers et plus encore.<\/em><\/p>\n<\/li>\n<li>\n<p><em>Abonnez-vous \u00e0 notre newsletter shopping<\/em><em>Ajoutez au panier, pour les meilleures ventes envoy\u00e9es dans votre bo\u00eete de r\u00e9ception.<\/em><\/p>\n<\/li>\n<li>\n<p><em>Nouveau sur Prime Day ? Nous avons un aper\u00e7u de tout ce que vous devez savoir<\/em><em>. Les ventes sont exactes au moment de la publication, mais les prix et les stocks sont toujours sujets \u00e0 changement.<\/em><\/p>\n<\/li>\n<\/ul>\n<hr>\n<p>Si vous \u00eates \u00e0 la recherche d\u2019un iPad, vous ne manquez pas d\u2019options parmi lesquelles choisir. Apple vend d\u00e9sormais des iPad puissants, dot\u00e9s des m\u00eames composants que ceux que vous trouverez dans un Mac. Mais m\u00eame si tous les iPad d&rsquo;Apple sont excellents en eux-m\u00eames, la plupart d&rsquo;entre nous n&rsquo;ont pas besoin de la puissance, du mat\u00e9riel ou des fonctionnalit\u00e9s suppl\u00e9mentaires fournis avec ces tablettes plus ch\u00e8res. En fait, la plupart d&rsquo;entre nous seraient probablement parfaitement adapt\u00e9s \u00e0 l&rsquo;iPad d&rsquo;entr\u00e9e de gamme d&rsquo;Apple, appel\u00e9 iPad. <\/p>\n<p>Si c&rsquo;est vrai pour vous, vous avez de la chance. Pendant quelques heures suppl\u00e9mentaires, vous pouvez \u00e9conomiser 20 % sur l&rsquo;iPad le plus r\u00e9cent d&rsquo;Apple. Apple vend cette tablette pour 349 $, mais pendant les derni\u00e8res heures du Prime Day d&rsquo;octobre, vous pouvez en acheter une pour 279 $.  <\/p>\n<div class=\"pogoClear mb-12 mt-10 rounded-md border-2 border-gray-100 py-7 shadow-xl md:py-6\">\n<div class=\"flex flex-wrap justify-between px-7 text-black no-underline md:flex-nowrap md:px-8\">\n<div class=\"order-1 mx-auto flex flex-col justify-center md:order-2 md:ml-4 md:w-full md:grow\">\n<div class=\"block cursor-pointer text-center font-akshar text-2xl font-medium leading-7 text-brand-green duration-200 ease-in-out hover:text-brand-green-700 md:text-left md:text-xl md:leading-6\">iPad A16 (128 Go)\n                <\/div>\n<div class=\"mt-4 hidden md:flex md:justify-between\">\n<div class=\"self-end\">\n<div class=\"mb-0 h-11 md:flex md:flex-col md:justify-center\">\n<div class=\" font-sans leading-4 text-black\">\n<div class=\"flex flex-wrap items-center justify-center gap-1 md:justify-start\">\n        <span class=\"font-bold\"><\/p>\n<p>            279,00\u00a0$<br \/>\n                            <span class=\"font-medium\">chez Amazon<\/span><br \/>\n                    <\/span>\n            <\/div>\n<div class=\"flex items-center justify-center gap-x-1 font-bold md:justify-start\">\n            <span class=\"text-sm line-through\">349,00\u00a0$<\/span><br \/>\n            <span class=\"text-sm text-brand-green\">\u00c9conomisez 70,00\u00a0$<\/span>\n        <\/div>\n<\/p><\/div>\n<\/p><\/div>\n<\/p><\/div>\n<div class=\"w-44 self-end\">\n                            <button class=\"flex justify-center items-center w-full bg-brand-green text-white text-base font-sans font-medium rounded-md hover:bg-brand-green-700 hover:cursor-pointer md:text-sm h-11\"><\/p>\n<p>    Obtenez une offre<br \/>\n<\/button>\n                        <\/div>\n<\/p><\/div>\n<\/p><\/div>\n<div class=\"order-2 mt-5 h-auto w-full md:order-1 md:mt-0 md:hidden\">\n<div class=\"flex aspect-video items-center justify-center\">\n                                            <img decoding=\"async\" class=\"m-0 max-h-full max-w-full rounded-md\" src=\"https:\/\/vieassociative.be\/actualites\/wp-content\/uploads\/2025\/07\/1752020218_760_Im-a-Tech-Reviewer-and-These-Are-the-Best-Prime.jpg\" alt=\"AppleiPad 11\" a16 wifi tablet width=\"auto\" height=\"auto\" loading=\"lazy\">\n                                    <\/div>\n<\/p><\/div>\n<div class=\"order-2 ml-2 hidden w-32 shrink-0 items-center md:order-1 md:ml-0 md:flex\">\n<div class=\"flex aspect-video items-center justify-center\">\n                                            <img decoding=\"async\" class=\"m-0 max-h-full max-w-full rounded-md\" src=\"https:\/\/vieassociative.be\/actualites\/wp-content\/uploads\/2025\/07\/1752020218_760_Im-a-Tech-Reviewer-and-These-Are-the-Best-Prime.jpg\" alt=\"AppleiPad 11\" a16 wifi tablet width=\"auto\" height=\"auto\" loading=\"lazy\">\n                                    <\/div>\n<\/p><\/div>\n<div class=\"order-3 flex grow flex-wrap md:hidden md:grow-0\">\n<div class=\"mt-4 w-full\">\n                        <button class=\"flex justify-center items-center w-full bg-brand-green text-white text-base font-sans font-medium rounded-md hover:bg-brand-green-700 hover:cursor-pointer md:text-sm h-11\"><\/p>\n<p>    Obtenez une offre<br \/>\n<\/button>\n                    <\/div>\n<div class=\"mx-2 mt-4 w-full\">\n<div class=\" font-sans leading-4 text-black\">\n<div class=\"flex flex-wrap items-center justify-center gap-1 md:justify-start\">\n        <span class=\"font-bold\"><\/p>\n<p>            279,00\u00a0$<br \/>\n                            <span class=\"font-medium\">chez Amazon<\/span><br \/>\n                    <\/span>\n            <\/div>\n<div class=\"flex items-center justify-center gap-x-1 font-bold md:justify-start\">\n            <span class=\"text-sm line-through\">349,00\u00a0$<\/span><br \/>\n            <span class=\"text-sm text-brand-green\">\u00c9conomisez 70,00\u00a0$<\/span>\n        <\/div>\n<\/p><\/div>\n<\/p><\/div>\n<\/p><\/div>\n<\/p><\/div>\n<\/div>\n<p>L&rsquo;iPad d&rsquo;entr\u00e9e de gamme d&rsquo;Apple ne donne pas l&rsquo;impression d&rsquo;\u00eatre d&rsquo;entr\u00e9e de gamme. La tablette est livr\u00e9e avec un \u00e9cran de 11 pouces avec des bords minimes. Il s&rsquo;int\u00e8gre parfaitement aux autres iPad d&rsquo;Apple, plus haut de gamme, sans le prix suppl\u00e9mentaire. Vous obtenez un seul appareil photo 12MP \u00e0 l\u2019arri\u00e8re de la tablette et un appareil photo selfie 12MP \u00e0 l\u2019avant. En fait, l\u2019appareil photo est plac\u00e9 du c\u00f4t\u00e9 paysage de l\u2019iPad, plut\u00f4t que du c\u00f4t\u00e9 portrait comme vous pourriez en avoir l\u2019habitude. Cela facilite le cadrage pendant les appels vid\u00e9o lorsque l&rsquo;iPad est tenu dans la m\u00eame position que celle dans laquelle vous conserveriez l&rsquo;\u00e9cran d&rsquo;un ordinateur portable.<\/p>\n<p>Cet iPad est aliment\u00e9 par la puce A16, c&rsquo;est pourquoi certains l&rsquo;appellent l&rsquo;iPad A16. C&rsquo;est la m\u00eame puce qui alimente l&rsquo;iPhone 14 Pro et l&rsquo;iPhone 15, et bien qu&rsquo;il ne s&rsquo;agisse pas du mat\u00e9riel le plus puissant qu&rsquo;Apple inclut dans ses iPad, il est parfaitement capable d&rsquo;ex\u00e9cuter les applications que vous utilisez probablement sur votre tablette. \u00c0 moins que vous ne cherchiez \u00e0 effectuer un travail graphiquement intensif ou \u00e0 jouer \u00e0 des jeux extr\u00eamement exigeants, la puce A16 devrait g\u00e9rer iPadOS sans probl\u00e8me.<\/p>\n<p>Bien que cet iPad fonctionne tr\u00e8s bien tel quel, vous pouvez \u00e9galement ajouter des accessoires suppl\u00e9mentaires. Un Apple Pencil est indispensable pour tous ceux qui souhaitent utiliser leur iPad \u00e0 des fins artistiques ou pour prendre des notes manuscrites, tandis que l&rsquo;Apple Magic Keyboard Folio transforme l&rsquo;iPad en un ordinateur portable.  <\/p>\n<p>Vraiment, le seul probl\u00e8me que je vois avec cet iPad pour la plupart des gens est la taille du stockage. Cette tablette n&rsquo;est livr\u00e9e qu&rsquo;avec 128 Go de stockage interne, qui peut se remplir rapidement si vous stockez beaucoup de photos, de vid\u00e9os et de fichiers sur votre appareil. Si vous avez besoin de plus de stockage, vous pouvez passer \u00e0 256 Go, ce qui repr\u00e9sente actuellement une r\u00e9duction de 16 % pour Prime Day. (379 $, contre 449 $.) Si vous savez que la plupart de vos donn\u00e9es sont dans le cloud ou accessibles via streaming, vous pouvez probablement vous en sortir avec 128 Go. Mais 379 $ n&rsquo;est pas un mauvais prix pour p\u00e9renniser votre iPad. <\/p>\n<hr>\n<p><em>Vous cherchez autre chose ? Des d\u00e9taillants comme Walmart et Best Buy proposent des ventes concurrentielles Prime Day qui sont particuli\u00e8rement utiles si vous n&rsquo;avez pas Amazon Prime.<\/em><\/p>\n<ul>\n<li>\n<p><strong><em>Vente concours Prime Day de Walmart<\/em><\/strong><em>  se d\u00e9roule du 6 octobre \u00e0 19 h HE au 12 octobre et comprend des offres allant jusqu&rsquo;\u00e0 50 % de r\u00e9duction. C&rsquo;est une option particuli\u00e8rement int\u00e9ressante si vous avez Walmart+.<\/em><\/p>\n<\/li>\n<li>\n<p><strong><em>Vente concours Prime Day de Best Buy<\/em><\/strong><em>  se d\u00e9roule du 27 septembre au 12 octobre et propose certaines des meilleures ventes technologiques en ligne. C&rsquo;est une option particuli\u00e8rement int\u00e9ressante si vous \u00eates membre de My Best Buy \u00ab Plus \u00bb ou \u00ab Total \u00bb.<\/em><\/p>\n<\/li>\n<li>\n<p><strong><em>Vente concours Prime Day de Target<\/em><\/strong><em>  se d\u00e9roule du 5 au 11 octobre et propose des offres allant jusqu&rsquo;\u00e0 50 % de r\u00e9duction. Vous pouvez devenir membre du Cercle gratuitement.<\/em><\/p>\n<\/li>\n<\/ul>\n","protected":false},"excerpt":{"rendered":"<p>L&rsquo;iPad 11 pouces ne co\u00fbte que 279 $. Les Amazon Big Deal Days se terminent ce soir, le 8 octobre, et d&rsquo;ici l\u00e0, Vie Associative<\/p>\n","protected":false},"author":1,"featured_media":10542,"comment_status":"","ping_status":"","sticky":false,"template":"","format":"standard","meta":{"footnotes":""},"categories":[13],"tags":[142,590,347,29,76,1908,1046,1915,579,2015,81,346,308,1795,572],"class_list":["post-10541","post","type-post","status-publish","format-standard","has-post-thumbnail","hentry","category-technologie","tag-avant","tag-dapple","tag-day","tag-des","tag-est","tag-fin","tag-gens","tag-ipad","tag-meilleur","tag-plupart","tag-pour","tag-prime","tag-reduction","tag-soir","tag-toujours","generate-columns","tablet-grid-50","mobile-grid-100","grid-parent","grid-33"],"yoast_head":"<!-- This site is optimized with the Yoast SEO plugin v24.0 - https:\/\/yoast.com\/wordpress\/plugins\/seo\/ -->\n<title>Le meilleur iPad d&#039;Apple (pour la plupart des gens) est toujours \u00e0 20 % de r\u00e9duction avant la fin du Prime Day ce soir | Vie Associative<\/title>\n<meta name=\"robots\" content=\"index, follow, max-snippet:-1, max-image-preview:large, max-video-preview:-1\" \/>\n<link rel=\"canonical\" href=\"https:\/\/vieassociative.be\/actualites\/le-meilleur-ipad-dapple-pour-la-plupart-des-gens-est-toujours-a-20-de-reduction-avant-la-fin-du-prime-day-ce-soir\/\" \/>\n<meta property=\"og:locale\" content=\"fr_FR\" \/>\n<meta property=\"og:type\" content=\"article\" \/>\n<meta property=\"og:title\" content=\"Le meilleur iPad d&#039;Apple (pour la plupart des gens) est toujours \u00e0 20 % de r\u00e9duction avant la fin du Prime Day ce soir | Vie Associative\" \/>\n<meta property=\"og:description\" content=\"L&rsquo;iPad 11 pouces ne co\u00fbte que 279 $. Les Amazon Big Deal Days se terminent ce soir, le 8 octobre, et d&rsquo;ici l\u00e0, Vie Associative\" \/>\n<meta property=\"og:url\" content=\"https:\/\/vieassociative.be\/actualites\/le-meilleur-ipad-dapple-pour-la-plupart-des-gens-est-toujours-a-20-de-reduction-avant-la-fin-du-prime-day-ce-soir\/\" \/>\n<meta property=\"og:site_name\" content=\"Vie Associative\" \/>\n<meta property=\"article:published_time\" content=\"2025-10-09T07:17:18+00:00\" \/>\n<meta property=\"og:image\" content=\"https:\/\/vieassociative.be\/actualites\/wp-content\/uploads\/2025\/07\/1752020218_760_Im-a-Tech-Reviewer-and-These-Are-the-Best-Prime.jpg\" \/>\n<meta name=\"author\" content=\"Julien\" \/>\n<meta name=\"twitter:card\" content=\"summary_large_image\" \/>\n<meta name=\"twitter:label1\" content=\"\u00c9crit par\" \/>\n\t<meta name=\"twitter:data1\" content=\"Julien\" \/>\n\t<meta name=\"twitter:label2\" content=\"Dur\u00e9e de lecture est.\" \/>\n\t<meta name=\"twitter:data2\" content=\"4 minutes\" \/>\n<script type=\"application\/ld+json\" class=\"yoast-schema-graph\">{\"@context\":\"https:\/\/schema.org\",\"@graph\":[{\"@type\":\"Article\",\"@id\":\"https:\/\/vieassociative.be\/actualites\/le-meilleur-ipad-dapple-pour-la-plupart-des-gens-est-toujours-a-20-de-reduction-avant-la-fin-du-prime-day-ce-soir\/#article\",\"isPartOf\":{\"@id\":\"https:\/\/vieassociative.be\/actualites\/le-meilleur-ipad-dapple-pour-la-plupart-des-gens-est-toujours-a-20-de-reduction-avant-la-fin-du-prime-day-ce-soir\/\"},\"author\":{\"name\":\"Julien\",\"@id\":\"https:\/\/vieassociative.be\/actualites\/#\/schema\/person\/b87ac4f82f9d4e7b7cec7395b679edc4\"},\"headline\":\"Le meilleur iPad d&rsquo;Apple (pour la plupart des gens) est toujours \u00e0 20 % de r\u00e9duction avant la fin du Prime Day ce soir\",\"datePublished\":\"2025-10-09T07:17:18+00:00\",\"dateModified\":\"2025-10-09T07:17:18+00:00\",\"mainEntityOfPage\":{\"@id\":\"https:\/\/vieassociative.be\/actualites\/le-meilleur-ipad-dapple-pour-la-plupart-des-gens-est-toujours-a-20-de-reduction-avant-la-fin-du-prime-day-ce-soir\/\"},\"wordCount\":876,\"publisher\":{\"@id\":\"https:\/\/vieassociative.be\/actualites\/#organization\"},\"image\":{\"@id\":\"https:\/\/vieassociative.be\/actualites\/le-meilleur-ipad-dapple-pour-la-plupart-des-gens-est-toujours-a-20-de-reduction-avant-la-fin-du-prime-day-ce-soir\/#primaryimage\"},\"thumbnailUrl\":\"https:\/\/vieassociative.be\/actualites\/wp-content\/uploads\/2025\/10\/Le-meilleur-iPad-dApple-pour-la-plupart-des-gens-est.png\",\"keywords\":[\"avant\",\"dApple\",\"Day\",\"Des\",\"est\",\"fin\",\"gens\",\"iPad\",\"meilleur\",\"plupart\",\"pour\",\"Prime\",\"r\u00e9duction\",\"soir\",\"toujours\"],\"articleSection\":[\"Technologie\"],\"inLanguage\":\"fr-BE\"},{\"@type\":\"WebPage\",\"@id\":\"https:\/\/vieassociative.be\/actualites\/le-meilleur-ipad-dapple-pour-la-plupart-des-gens-est-toujours-a-20-de-reduction-avant-la-fin-du-prime-day-ce-soir\/\",\"url\":\"https:\/\/vieassociative.be\/actualites\/le-meilleur-ipad-dapple-pour-la-plupart-des-gens-est-toujours-a-20-de-reduction-avant-la-fin-du-prime-day-ce-soir\/\",\"name\":\"Le meilleur iPad d'Apple (pour la plupart des gens) est toujours \u00e0 20 % de r\u00e9duction avant la fin du Prime Day ce soir | Vie Associative\",\"isPartOf\":{\"@id\":\"https:\/\/vieassociative.be\/actualites\/#website\"},\"primaryImageOfPage\":{\"@id\":\"https:\/\/vieassociative.be\/actualites\/le-meilleur-ipad-dapple-pour-la-plupart-des-gens-est-toujours-a-20-de-reduction-avant-la-fin-du-prime-day-ce-soir\/#primaryimage\"},\"image\":{\"@id\":\"https:\/\/vieassociative.be\/actualites\/le-meilleur-ipad-dapple-pour-la-plupart-des-gens-est-toujours-a-20-de-reduction-avant-la-fin-du-prime-day-ce-soir\/#primaryimage\"},\"thumbnailUrl\":\"https:\/\/vieassociative.be\/actualites\/wp-content\/uploads\/2025\/10\/Le-meilleur-iPad-dApple-pour-la-plupart-des-gens-est.png\",\"datePublished\":\"2025-10-09T07:17:18+00:00\",\"dateModified\":\"2025-10-09T07:17:18+00:00\",\"breadcrumb\":{\"@id\":\"https:\/\/vieassociative.be\/actualites\/le-meilleur-ipad-dapple-pour-la-plupart-des-gens-est-toujours-a-20-de-reduction-avant-la-fin-du-prime-day-ce-soir\/#breadcrumb\"},\"inLanguage\":\"fr-BE\",\"potentialAction\":[{\"@type\":\"ReadAction\",\"target\":[\"https:\/\/vieassociative.be\/actualites\/le-meilleur-ipad-dapple-pour-la-plupart-des-gens-est-toujours-a-20-de-reduction-avant-la-fin-du-prime-day-ce-soir\/\"]}]},{\"@type\":\"ImageObject\",\"inLanguage\":\"fr-BE\",\"@id\":\"https:\/\/vieassociative.be\/actualites\/le-meilleur-ipad-dapple-pour-la-plupart-des-gens-est-toujours-a-20-de-reduction-avant-la-fin-du-prime-day-ce-soir\/#primaryimage\",\"url\":\"https:\/\/vieassociative.be\/actualites\/wp-content\/uploads\/2025\/10\/Le-meilleur-iPad-dApple-pour-la-plupart-des-gens-est.png\",\"contentUrl\":\"https:\/\/vieassociative.be\/actualites\/wp-content\/uploads\/2025\/10\/Le-meilleur-iPad-dApple-pour-la-plupart-des-gens-est.png\",\"width\":1200,\"height\":675,\"caption\":\"Le meilleur iPad d'Apple (pour la plupart des gens) est toujours \u00e0 20 % de r\u00e9duction avant la fin du Prime Day ce soir\"},{\"@type\":\"BreadcrumbList\",\"@id\":\"https:\/\/vieassociative.be\/actualites\/le-meilleur-ipad-dapple-pour-la-plupart-des-gens-est-toujours-a-20-de-reduction-avant-la-fin-du-prime-day-ce-soir\/#breadcrumb\",\"itemListElement\":[{\"@type\":\"ListItem\",\"position\":1,\"name\":\"Accueil\",\"item\":\"https:\/\/vieassociative.be\/actualites\/\"},{\"@type\":\"ListItem\",\"position\":2,\"name\":\"Le meilleur iPad d&rsquo;Apple (pour la plupart des gens) est toujours \u00e0 20 % de r\u00e9duction avant la fin du Prime Day ce soir\"}]},{\"@type\":\"WebSite\",\"@id\":\"https:\/\/vieassociative.be\/actualites\/#website\",\"url\":\"https:\/\/vieassociative.be\/actualites\/\",\"name\":\"Vie Associative\",\"description\":\"\",\"publisher\":{\"@id\":\"https:\/\/vieassociative.be\/actualites\/#organization\"},\"potentialAction\":[{\"@type\":\"SearchAction\",\"target\":{\"@type\":\"EntryPoint\",\"urlTemplate\":\"https:\/\/vieassociative.be\/actualites\/?s={search_term_string}\"},\"query-input\":{\"@type\":\"PropertyValueSpecification\",\"valueRequired\":true,\"valueName\":\"search_term_string\"}}],\"inLanguage\":\"fr-BE\"},{\"@type\":\"Organization\",\"@id\":\"https:\/\/vieassociative.be\/actualites\/#organization\",\"name\":\"Vie Associative\",\"url\":\"https:\/\/vieassociative.be\/actualites\/\",\"logo\":{\"@type\":\"ImageObject\",\"inLanguage\":\"fr-BE\",\"@id\":\"https:\/\/vieassociative.be\/actualites\/#\/schema\/logo\/image\/\",\"url\":\"https:\/\/vieassociative.be\/actualites\/wp-content\/uploads\/2024\/09\/cropped-vieassociative_favicon.ico.png\",\"contentUrl\":\"https:\/\/vieassociative.be\/actualites\/wp-content\/uploads\/2024\/09\/cropped-vieassociative_favicon.ico.png\",\"width\":512,\"height\":512,\"caption\":\"Vie Associative\"},\"image\":{\"@id\":\"https:\/\/vieassociative.be\/actualites\/#\/schema\/logo\/image\/\"}},{\"@type\":\"Person\",\"@id\":\"https:\/\/vieassociative.be\/actualites\/#\/schema\/person\/b87ac4f82f9d4e7b7cec7395b679edc4\",\"name\":\"Julien\",\"image\":{\"@type\":\"ImageObject\",\"inLanguage\":\"fr-BE\",\"@id\":\"https:\/\/vieassociative.be\/actualites\/#\/schema\/person\/image\/\",\"url\":\"https:\/\/vieassociative.be\/actualites\/wp-content\/uploads\/2024\/09\/vie-associative-1-150x150.jpg\",\"contentUrl\":\"https:\/\/vieassociative.be\/actualites\/wp-content\/uploads\/2024\/09\/vie-associative-1-150x150.jpg\",\"caption\":\"Julien\"},\"description\":\"Je suis Julien, r\u00e9dacteur pour Vie Associative. Passionn\u00e9 par le monde associatif depuis plus de 10 ans, j'ai \u00e0 c\u0153ur de partager des histoires inspirantes et de mettre en lumi\u00e8re les initiatives locales. Mon objectif est de sensibiliser et d'encourager l'engagement communautaire \u00e0 travers mes articles.\",\"sameAs\":[\"https:\/\/vieassociative.be\/\"]}]}<\/script>\n<!-- \/ Yoast SEO plugin. -->","yoast_head_json":{"title":"Le meilleur iPad d'Apple (pour la plupart des gens) est toujours \u00e0 20 % de r\u00e9duction avant la fin du Prime Day ce soir | Vie Associative","robots":{"index":"index","follow":"follow","max-snippet":"max-snippet:-1","max-image-preview":"max-image-preview:large","max-video-preview":"max-video-preview:-1"},"canonical":"https:\/\/vieassociative.be\/actualites\/le-meilleur-ipad-dapple-pour-la-plupart-des-gens-est-toujours-a-20-de-reduction-avant-la-fin-du-prime-day-ce-soir\/","og_locale":"fr_FR","og_type":"article","og_title":"Le meilleur iPad d'Apple (pour la plupart des gens) est toujours \u00e0 20 % de r\u00e9duction avant la fin du Prime Day ce soir | Vie Associative","og_description":"L&rsquo;iPad 11 pouces ne co\u00fbte que 279 $. Les Amazon Big Deal Days se terminent ce soir, le 8 octobre, et d&rsquo;ici l\u00e0, Vie Associative","og_url":"https:\/\/vieassociative.be\/actualites\/le-meilleur-ipad-dapple-pour-la-plupart-des-gens-est-toujours-a-20-de-reduction-avant-la-fin-du-prime-day-ce-soir\/","og_site_name":"Vie Associative","article_published_time":"2025-10-09T07:17:18+00:00","og_image":[{"url":"https:\/\/vieassociative.be\/actualites\/wp-content\/uploads\/2025\/07\/1752020218_760_Im-a-Tech-Reviewer-and-These-Are-the-Best-Prime.jpg","type":"","width":"","height":""}],"author":"Julien","twitter_card":"summary_large_image","twitter_misc":{"\u00c9crit par":"Julien","Dur\u00e9e de lecture est.":"4 minutes"},"schema":{"@context":"https:\/\/schema.org","@graph":[{"@type":"Article","@id":"https:\/\/vieassociative.be\/actualites\/le-meilleur-ipad-dapple-pour-la-plupart-des-gens-est-toujours-a-20-de-reduction-avant-la-fin-du-prime-day-ce-soir\/#article","isPartOf":{"@id":"https:\/\/vieassociative.be\/actualites\/le-meilleur-ipad-dapple-pour-la-plupart-des-gens-est-toujours-a-20-de-reduction-avant-la-fin-du-prime-day-ce-soir\/"},"author":{"name":"Julien","@id":"https:\/\/vieassociative.be\/actualites\/#\/schema\/person\/b87ac4f82f9d4e7b7cec7395b679edc4"},"headline":"Le meilleur iPad d&rsquo;Apple (pour la plupart des gens) est toujours \u00e0 20 % de r\u00e9duction avant la fin du Prime Day ce soir","datePublished":"2025-10-09T07:17:18+00:00","dateModified":"2025-10-09T07:17:18+00:00","mainEntityOfPage":{"@id":"https:\/\/vieassociative.be\/actualites\/le-meilleur-ipad-dapple-pour-la-plupart-des-gens-est-toujours-a-20-de-reduction-avant-la-fin-du-prime-day-ce-soir\/"},"wordCount":876,"publisher":{"@id":"https:\/\/vieassociative.be\/actualites\/#organization"},"image":{"@id":"https:\/\/vieassociative.be\/actualites\/le-meilleur-ipad-dapple-pour-la-plupart-des-gens-est-toujours-a-20-de-reduction-avant-la-fin-du-prime-day-ce-soir\/#primaryimage"},"thumbnailUrl":"https:\/\/vieassociative.be\/actualites\/wp-content\/uploads\/2025\/10\/Le-meilleur-iPad-dApple-pour-la-plupart-des-gens-est.png","keywords":["avant","dApple","Day","Des","est","fin","gens","iPad","meilleur","plupart","pour","Prime","r\u00e9duction","soir","toujours"],"articleSection":["Technologie"],"inLanguage":"fr-BE"},{"@type":"WebPage","@id":"https:\/\/vieassociative.be\/actualites\/le-meilleur-ipad-dapple-pour-la-plupart-des-gens-est-toujours-a-20-de-reduction-avant-la-fin-du-prime-day-ce-soir\/","url":"https:\/\/vieassociative.be\/actualites\/le-meilleur-ipad-dapple-pour-la-plupart-des-gens-est-toujours-a-20-de-reduction-avant-la-fin-du-prime-day-ce-soir\/","name":"Le meilleur iPad d'Apple (pour la plupart des gens) est toujours \u00e0 20 % de r\u00e9duction avant la fin du Prime Day ce soir | Vie Associative","isPartOf":{"@id":"https:\/\/vieassociative.be\/actualites\/#website"},"primaryImageOfPage":{"@id":"https:\/\/vieassociative.be\/actualites\/le-meilleur-ipad-dapple-pour-la-plupart-des-gens-est-toujours-a-20-de-reduction-avant-la-fin-du-prime-day-ce-soir\/#primaryimage"},"image":{"@id":"https:\/\/vieassociative.be\/actualites\/le-meilleur-ipad-dapple-pour-la-plupart-des-gens-est-toujours-a-20-de-reduction-avant-la-fin-du-prime-day-ce-soir\/#primaryimage"},"thumbnailUrl":"https:\/\/vieassociative.be\/actualites\/wp-content\/uploads\/2025\/10\/Le-meilleur-iPad-dApple-pour-la-plupart-des-gens-est.png","datePublished":"2025-10-09T07:17:18+00:00","dateModified":"2025-10-09T07:17:18+00:00","breadcrumb":{"@id":"https:\/\/vieassociative.be\/actualites\/le-meilleur-ipad-dapple-pour-la-plupart-des-gens-est-toujours-a-20-de-reduction-avant-la-fin-du-prime-day-ce-soir\/#breadcrumb"},"inLanguage":"fr-BE","potentialAction":[{"@type":"ReadAction","target":["https:\/\/vieassociative.be\/actualites\/le-meilleur-ipad-dapple-pour-la-plupart-des-gens-est-toujours-a-20-de-reduction-avant-la-fin-du-prime-day-ce-soir\/"]}]},{"@type":"ImageObject","inLanguage":"fr-BE","@id":"https:\/\/vieassociative.be\/actualites\/le-meilleur-ipad-dapple-pour-la-plupart-des-gens-est-toujours-a-20-de-reduction-avant-la-fin-du-prime-day-ce-soir\/#primaryimage","url":"https:\/\/vieassociative.be\/actualites\/wp-content\/uploads\/2025\/10\/Le-meilleur-iPad-dApple-pour-la-plupart-des-gens-est.png","contentUrl":"https:\/\/vieassociative.be\/actualites\/wp-content\/uploads\/2025\/10\/Le-meilleur-iPad-dApple-pour-la-plupart-des-gens-est.png","width":1200,"height":675,"caption":"Le meilleur iPad d'Apple (pour la plupart des gens) est toujours \u00e0 20 % de r\u00e9duction avant la fin du Prime Day ce soir"},{"@type":"BreadcrumbList","@id":"https:\/\/vieassociative.be\/actualites\/le-meilleur-ipad-dapple-pour-la-plupart-des-gens-est-toujours-a-20-de-reduction-avant-la-fin-du-prime-day-ce-soir\/#breadcrumb","itemListElement":[{"@type":"ListItem","position":1,"name":"Accueil","item":"https:\/\/vieassociative.be\/actualites\/"},{"@type":"ListItem","position":2,"name":"Le meilleur iPad d&rsquo;Apple (pour la plupart des gens) est toujours \u00e0 20 % de r\u00e9duction avant la fin du Prime Day ce soir"}]},{"@type":"WebSite","@id":"https:\/\/vieassociative.be\/actualites\/#website","url":"https:\/\/vieassociative.be\/actualites\/","name":"Vie Associative","description":"","publisher":{"@id":"https:\/\/vieassociative.be\/actualites\/#organization"},"potentialAction":[{"@type":"SearchAction","target":{"@type":"EntryPoint","urlTemplate":"https:\/\/vieassociative.be\/actualites\/?s={search_term_string}"},"query-input":{"@type":"PropertyValueSpecification","valueRequired":true,"valueName":"search_term_string"}}],"inLanguage":"fr-BE"},{"@type":"Organization","@id":"https:\/\/vieassociative.be\/actualites\/#organization","name":"Vie Associative","url":"https:\/\/vieassociative.be\/actualites\/","logo":{"@type":"ImageObject","inLanguage":"fr-BE","@id":"https:\/\/vieassociative.be\/actualites\/#\/schema\/logo\/image\/","url":"https:\/\/vieassociative.be\/actualites\/wp-content\/uploads\/2024\/09\/cropped-vieassociative_favicon.ico.png","contentUrl":"https:\/\/vieassociative.be\/actualites\/wp-content\/uploads\/2024\/09\/cropped-vieassociative_favicon.ico.png","width":512,"height":512,"caption":"Vie Associative"},"image":{"@id":"https:\/\/vieassociative.be\/actualites\/#\/schema\/logo\/image\/"}},{"@type":"Person","@id":"https:\/\/vieassociative.be\/actualites\/#\/schema\/person\/b87ac4f82f9d4e7b7cec7395b679edc4","name":"Julien","image":{"@type":"ImageObject","inLanguage":"fr-BE","@id":"https:\/\/vieassociative.be\/actualites\/#\/schema\/person\/image\/","url":"https:\/\/vieassociative.be\/actualites\/wp-content\/uploads\/2024\/09\/vie-associative-1-150x150.jpg","contentUrl":"https:\/\/vieassociative.be\/actualites\/wp-content\/uploads\/2024\/09\/vie-associative-1-150x150.jpg","caption":"Julien"},"description":"Je suis Julien, r\u00e9dacteur pour Vie Associative. Passionn\u00e9 par le monde associatif depuis plus de 10 ans, j'ai \u00e0 c\u0153ur de partager des histoires inspirantes et de mettre en lumi\u00e8re les initiatives locales. Mon objectif est de sensibiliser et d'encourager l'engagement communautaire \u00e0 travers mes articles.","sameAs":["https:\/\/vieassociative.be\/"]}]}},"_links":{"self":[{"href":"https:\/\/vieassociative.be\/actualites\/wp-json\/wp\/v2\/posts\/10541"}],"collection":[{"href":"https:\/\/vieassociative.be\/actualites\/wp-json\/wp\/v2\/posts"}],"about":[{"href":"https:\/\/vieassociative.be\/actualites\/wp-json\/wp\/v2\/types\/post"}],"author":[{"embeddable":true,"href":"https:\/\/vieassociative.be\/actualites\/wp-json\/wp\/v2\/users\/1"}],"replies":[{"embeddable":true,"href":"https:\/\/vieassociative.be\/actualites\/wp-json\/wp\/v2\/comments?post=10541"}],"version-history":[{"count":0,"href":"https:\/\/vieassociative.be\/actualites\/wp-json\/wp\/v2\/posts\/10541\/revisions"}],"wp:featuredmedia":[{"embeddable":true,"href":"https:\/\/vieassociative.be\/actualites\/wp-json\/wp\/v2\/media\/10542"}],"wp:attachment":[{"href":"https:\/\/vieassociative.be\/actualites\/wp-json\/wp\/v2\/media?parent=10541"}],"wp:term":[{"taxonomy":"category","embeddable":true,"href":"https:\/\/vieassociative.be\/actualites\/wp-json\/wp\/v2\/categories?post=10541"},{"taxonomy":"post_tag","embeddable":true,"href":"https:\/\/vieassociative.be\/actualites\/wp-json\/wp\/v2\/tags?post=10541"}],"curies":[{"name":"wp","href":"https:\/\/api.w.org\/{rel}","templated":true}]}}