{"id":10537,"date":"2025-10-09T04:17:01","date_gmt":"2025-10-09T02:17:01","guid":{"rendered":"https:\/\/vieassociative.be\/actualites\/le-depute-regional-de-lest-de-la-belgique-patrick-spies-regrette-il-y-a-un-manque-de-volonte-politique-pour-le-n62\/"},"modified":"2025-10-09T04:17:01","modified_gmt":"2025-10-09T02:17:01","slug":"le-depute-regional-de-lest-de-la-belgique-patrick-spies-regrette-il-y-a-un-manque-de-volonte-politique-pour-le-n62","status":"publish","type":"post","link":"https:\/\/vieassociative.be\/actualites\/le-depute-regional-de-lest-de-la-belgique-patrick-spies-regrette-il-y-a-un-manque-de-volonte-politique-pour-le-n62\/","title":{"rendered":"Le d\u00e9put\u00e9 r\u00e9gional de l&rsquo;Est de la Belgique, Patrick Spies, regrette : \u00ab Il y a un manque de volont\u00e9 politique pour le N62 \u00bb"},"content":{"rendered":"<p><strong>Lundi, le N62 a de nouveau \u00e9t\u00e9 un sujet de discussion au Parlement de la DG. Depuis des d\u00e9cennies, l\u2019axe de circulation provoque des accidents, des embouteillages et de la frustration chez les habitants.<\/strong><\/p>\n<p><span id=\"more-426526\"><\/span>Au sein du PDG, le Premier ministre Oliver Paasch (ProDG) a clairement indiqu\u00e9 que la DG manquait de responsabilit\u00e9 dans cette affaire et ne pouvait faire qu&rsquo;un \u00ab travail de lobbying \u00bb. \u00ab\u00a0Nous pouvons tout au plus tenter une m\u00e9diation et un lobbying. Toutefois, les d\u00e9cisions ne sont pas prises par la DG, mais par la R\u00e9gion wallonne de Namur\u00a0\u00bb, a soulign\u00e9 Paasch en r\u00e9ponse \u00e0 une question du d\u00e9put\u00e9 et coll\u00e8gue du parti Freddy Cremer.<\/p>\n<p>Mardi d\u00e9j\u00e0, le repr\u00e9sentant r\u00e9gional de l&rsquo;Est de la Belgique, Patrick Spies (PS\/SP), a profit\u00e9 de l&rsquo;occasion au Parlement wallon \u00e0 Namur pour poser la question au ministre de tutelle Fran\u00e7ois Desquesnes (Les Engag\u00e9s) : \u00ab\u00a0La R\u00e9gion wallonne va-t-elle enfin reprendre la planification d&rsquo;une route de contournement &#8211; comme le Parlement de la Communaut\u00e9 germanophone l&rsquo;a demand\u00e9 dans sa r\u00e9solution ?\u00a0\u00bb<\/p>\n<div id=\"attachment_426546\" class=\"wp-caption alignleft\" style=\"max-width: 300px\"><img fetchpriority=\"high\" decoding=\"async\" class=\"wp-image-426546 size-medium\" src=\"https:\/\/vieassociative.be\/actualites\/wp-content\/uploads\/2025\/10\/Le-depute-regional-de-lEst-de-la-Belgique-Patrick-Spies.jpg\" alt=\"\" width=\"300\" height=\"200\"  ><\/div>\n<p>La r\u00e9ponse du ministre a \u00e9t\u00e9 \u00e9vasive. Au lieu de donner un signal clair pour un nouveau d\u00e9part dans la planification, Desquesnes a \u00e9voqu\u00e9 la cr\u00e9ation d&rsquo;un groupe de travail charg\u00e9 d&rsquo;\u00e9tudier d&rsquo;\u00e9ventuelles am\u00e9liorations le long du trac\u00e9 existant. Pour Spies, c\u2019est un pas en arri\u00e8re.<\/p>\n<p>\u00ab\u00a0Nous n&rsquo;avons pas besoin d&rsquo;un nouveau groupe de travail, nous avons besoin de volont\u00e9 politique. Toutes les \u00e9tudes pertinentes ont d\u00e9j\u00e0 \u00e9t\u00e9 r\u00e9alis\u00e9es au d\u00e9but des ann\u00e9es 2000, y compris une variante concr\u00e8te pour un contournement. Repartir de z\u00e9ro signifie d\u00e9sormais : on veut gagner du temps, pas trouver des solutions.\u00a0\u00bb<\/p>\n<p>Selon Spies, la majorit\u00e9 actuelle n\u2019a pas la volont\u00e9 de mettre enfin en \u0153uvre le projet. \u00ab\u00a0Quiconque continue de remettre \u00e0 plus tard la s\u00e9curit\u00e9 de la population ne devrait pas s&rsquo;\u00e9tonner si la confiance diminue. Ceux qui souffrent sont ceux qui doivent vivre jour apr\u00e8s jour le long de cette route dangereuse.\u00a0\u00bb<\/p>\n<p>Spies a annonc\u00e9 qu&rsquo;il continuerait \u00e0 d\u00e9battre de cette question au Parlement et \u00e0 \u0153uvrer pour des progr\u00e8s concrets &#8211; m\u00eame s&rsquo;il estime actuellement que les chances de succ\u00e8s sont faibles. \u00ab\u00a0La r\u00e9gion attend une solution depuis plus d&rsquo;un demi-si\u00e8cle. Il est grand temps que le gouvernement wallon agisse\u00a0\u00bb, a d\u00e9clar\u00e9 le d\u00e9put\u00e9 r\u00e9gional SP. (cr\u00e9er)<\/p>\n","protected":false},"excerpt":{"rendered":"<p>Lundi, le N62 a de nouveau \u00e9t\u00e9 un sujet de discussion au Parlement de la DG. Depuis des d\u00e9cennies, l\u2019axe de circulation provoque des accidents,<\/p>\n","protected":false},"author":1,"featured_media":10538,"comment_status":"","ping_status":"","sticky":false,"template":"","format":"standard","meta":{"footnotes":""},"categories":[298],"tags":[383,6922,2574,6420,3954,1513,81,7615,8826,5919,8827],"class_list":["post-10537","post","type-post","status-publish","format-standard","has-post-thumbnail","hentry","category-belgique","tag-belgique","tag-depute","tag-manque","tag-n62","tag-patrick","tag-politique","tag-pour","tag-regional","tag-regrette","tag-spies","tag-volonte","generate-columns","tablet-grid-50","mobile-grid-100","grid-parent","grid-33"],"yoast_head":"<!-- This site is optimized with the Yoast SEO plugin v24.0 - https:\/\/yoast.com\/wordpress\/plugins\/seo\/ -->\n<title>Le d\u00e9put\u00e9 r\u00e9gional de l&#039;Est de la Belgique, Patrick Spies, regrette : \u00ab Il y a un manque de volont\u00e9 politique pour le N62 \u00bb | Vie Associative<\/title>\n<meta name=\"robots\" content=\"index, follow, max-snippet:-1, max-image-preview:large, max-video-preview:-1\" \/>\n<link rel=\"canonical\" href=\"https:\/\/vieassociative.be\/actualites\/le-depute-regional-de-lest-de-la-belgique-patrick-spies-regrette-il-y-a-un-manque-de-volonte-politique-pour-le-n62\/\" \/>\n<meta property=\"og:locale\" content=\"fr_FR\" \/>\n<meta property=\"og:type\" content=\"article\" \/>\n<meta property=\"og:title\" content=\"Le d\u00e9put\u00e9 r\u00e9gional de l&#039;Est de la Belgique, Patrick Spies, regrette : \u00ab Il y a un manque de volont\u00e9 politique pour le N62 \u00bb | Vie Associative\" \/>\n<meta property=\"og:description\" content=\"Lundi, le N62 a de nouveau \u00e9t\u00e9 un sujet de discussion au Parlement de la DG. Depuis des d\u00e9cennies, l\u2019axe de circulation provoque des accidents,\" \/>\n<meta property=\"og:url\" content=\"https:\/\/vieassociative.be\/actualites\/le-depute-regional-de-lest-de-la-belgique-patrick-spies-regrette-il-y-a-un-manque-de-volonte-politique-pour-le-n62\/\" \/>\n<meta property=\"og:site_name\" content=\"Vie Associative\" \/>\n<meta property=\"article:published_time\" content=\"2025-10-09T02:17:01+00:00\" \/>\n<meta property=\"og:image\" content=\"https:\/\/vieassociative.be\/actualites\/wp-content\/uploads\/2024\/09\/header_backgroundk-01-e1726694325946.png\" \/>\n\t<meta property=\"og:image:width\" content=\"279\" \/>\n\t<meta property=\"og:image:height\" content=\"92\" \/>\n\t<meta property=\"og:image:type\" content=\"image\/png\" \/>\n<meta name=\"author\" content=\"Julien\" \/>\n<meta name=\"twitter:card\" content=\"summary_large_image\" \/>\n<meta name=\"twitter:label1\" content=\"\u00c9crit par\" \/>\n\t<meta name=\"twitter:data1\" content=\"Julien\" \/>\n\t<meta name=\"twitter:label2\" content=\"Dur\u00e9e de lecture est.\" \/>\n\t<meta name=\"twitter:data2\" content=\"2 minutes\" \/>\n<script type=\"application\/ld+json\" class=\"yoast-schema-graph\">{\"@context\":\"https:\/\/schema.org\",\"@graph\":[{\"@type\":\"Article\",\"@id\":\"https:\/\/vieassociative.be\/actualites\/le-depute-regional-de-lest-de-la-belgique-patrick-spies-regrette-il-y-a-un-manque-de-volonte-politique-pour-le-n62\/#article\",\"isPartOf\":{\"@id\":\"https:\/\/vieassociative.be\/actualites\/le-depute-regional-de-lest-de-la-belgique-patrick-spies-regrette-il-y-a-un-manque-de-volonte-politique-pour-le-n62\/\"},\"author\":{\"name\":\"Julien\",\"@id\":\"https:\/\/vieassociative.be\/actualites\/#\/schema\/person\/b87ac4f82f9d4e7b7cec7395b679edc4\"},\"headline\":\"Le d\u00e9put\u00e9 r\u00e9gional de l&rsquo;Est de la Belgique, Patrick Spies, regrette : \u00ab Il y a un manque de volont\u00e9 politique pour le N62 \u00bb\",\"datePublished\":\"2025-10-09T02:17:01+00:00\",\"dateModified\":\"2025-10-09T02:17:01+00:00\",\"mainEntityOfPage\":{\"@id\":\"https:\/\/vieassociative.be\/actualites\/le-depute-regional-de-lest-de-la-belgique-patrick-spies-regrette-il-y-a-un-manque-de-volonte-politique-pour-le-n62\/\"},\"wordCount\":448,\"publisher\":{\"@id\":\"https:\/\/vieassociative.be\/actualites\/#organization\"},\"image\":{\"@id\":\"https:\/\/vieassociative.be\/actualites\/le-depute-regional-de-lest-de-la-belgique-patrick-spies-regrette-il-y-a-un-manque-de-volonte-politique-pour-le-n62\/#primaryimage\"},\"thumbnailUrl\":\"https:\/\/vieassociative.be\/actualites\/wp-content\/uploads\/2025\/10\/1759976221_Le-depute-regional-de-lEst-de-la-Belgique-Patrick-Spies.jpg\",\"keywords\":[\"Belgique\",\"d\u00e9put\u00e9\",\"manque\",\"N62\",\"Patrick\",\"politique\",\"pour\",\"r\u00e9gional\",\"regrette\",\"Spies\",\"volont\u00e9\"],\"articleSection\":[\"Belgique\"],\"inLanguage\":\"fr-BE\"},{\"@type\":\"WebPage\",\"@id\":\"https:\/\/vieassociative.be\/actualites\/le-depute-regional-de-lest-de-la-belgique-patrick-spies-regrette-il-y-a-un-manque-de-volonte-politique-pour-le-n62\/\",\"url\":\"https:\/\/vieassociative.be\/actualites\/le-depute-regional-de-lest-de-la-belgique-patrick-spies-regrette-il-y-a-un-manque-de-volonte-politique-pour-le-n62\/\",\"name\":\"Le d\u00e9put\u00e9 r\u00e9gional de l'Est de la Belgique, Patrick Spies, regrette : \u00ab Il y a un manque de volont\u00e9 politique pour le N62 \u00bb | Vie Associative\",\"isPartOf\":{\"@id\":\"https:\/\/vieassociative.be\/actualites\/#website\"},\"primaryImageOfPage\":{\"@id\":\"https:\/\/vieassociative.be\/actualites\/le-depute-regional-de-lest-de-la-belgique-patrick-spies-regrette-il-y-a-un-manque-de-volonte-politique-pour-le-n62\/#primaryimage\"},\"image\":{\"@id\":\"https:\/\/vieassociative.be\/actualites\/le-depute-regional-de-lest-de-la-belgique-patrick-spies-regrette-il-y-a-un-manque-de-volonte-politique-pour-le-n62\/#primaryimage\"},\"thumbnailUrl\":\"https:\/\/vieassociative.be\/actualites\/wp-content\/uploads\/2025\/10\/1759976221_Le-depute-regional-de-lEst-de-la-Belgique-Patrick-Spies.jpg\",\"datePublished\":\"2025-10-09T02:17:01+00:00\",\"dateModified\":\"2025-10-09T02:17:01+00:00\",\"breadcrumb\":{\"@id\":\"https:\/\/vieassociative.be\/actualites\/le-depute-regional-de-lest-de-la-belgique-patrick-spies-regrette-il-y-a-un-manque-de-volonte-politique-pour-le-n62\/#breadcrumb\"},\"inLanguage\":\"fr-BE\",\"potentialAction\":[{\"@type\":\"ReadAction\",\"target\":[\"https:\/\/vieassociative.be\/actualites\/le-depute-regional-de-lest-de-la-belgique-patrick-spies-regrette-il-y-a-un-manque-de-volonte-politique-pour-le-n62\/\"]}]},{\"@type\":\"ImageObject\",\"inLanguage\":\"fr-BE\",\"@id\":\"https:\/\/vieassociative.be\/actualites\/le-depute-regional-de-lest-de-la-belgique-patrick-spies-regrette-il-y-a-un-manque-de-volonte-politique-pour-le-n62\/#primaryimage\",\"url\":\"https:\/\/vieassociative.be\/actualites\/wp-content\/uploads\/2025\/10\/1759976221_Le-depute-regional-de-lEst-de-la-Belgique-Patrick-Spies.jpg\",\"contentUrl\":\"https:\/\/vieassociative.be\/actualites\/wp-content\/uploads\/2025\/10\/1759976221_Le-depute-regional-de-lEst-de-la-Belgique-Patrick-Spies.jpg\",\"width\":900,\"height\":598,\"caption\":\"Le d\u00e9put\u00e9 r\u00e9gional de l'Est de la Belgique, Patrick Spies, regrette : \u00ab Il y a un manque de volont\u00e9 politique pour le N62 \u00bb\"},{\"@type\":\"BreadcrumbList\",\"@id\":\"https:\/\/vieassociative.be\/actualites\/le-depute-regional-de-lest-de-la-belgique-patrick-spies-regrette-il-y-a-un-manque-de-volonte-politique-pour-le-n62\/#breadcrumb\",\"itemListElement\":[{\"@type\":\"ListItem\",\"position\":1,\"name\":\"Accueil\",\"item\":\"https:\/\/vieassociative.be\/actualites\/\"},{\"@type\":\"ListItem\",\"position\":2,\"name\":\"Le d\u00e9put\u00e9 r\u00e9gional de l&rsquo;Est de la Belgique, Patrick Spies, regrette : \u00ab Il y a un manque de volont\u00e9 politique pour le N62 \u00bb\"}]},{\"@type\":\"WebSite\",\"@id\":\"https:\/\/vieassociative.be\/actualites\/#website\",\"url\":\"https:\/\/vieassociative.be\/actualites\/\",\"name\":\"Vie Associative\",\"description\":\"\",\"publisher\":{\"@id\":\"https:\/\/vieassociative.be\/actualites\/#organization\"},\"potentialAction\":[{\"@type\":\"SearchAction\",\"target\":{\"@type\":\"EntryPoint\",\"urlTemplate\":\"https:\/\/vieassociative.be\/actualites\/?s={search_term_string}\"},\"query-input\":{\"@type\":\"PropertyValueSpecification\",\"valueRequired\":true,\"valueName\":\"search_term_string\"}}],\"inLanguage\":\"fr-BE\"},{\"@type\":\"Organization\",\"@id\":\"https:\/\/vieassociative.be\/actualites\/#organization\",\"name\":\"Vie Associative\",\"url\":\"https:\/\/vieassociative.be\/actualites\/\",\"logo\":{\"@type\":\"ImageObject\",\"inLanguage\":\"fr-BE\",\"@id\":\"https:\/\/vieassociative.be\/actualites\/#\/schema\/logo\/image\/\",\"url\":\"https:\/\/vieassociative.be\/actualites\/wp-content\/uploads\/2024\/09\/cropped-vieassociative_favicon.ico.png\",\"contentUrl\":\"https:\/\/vieassociative.be\/actualites\/wp-content\/uploads\/2024\/09\/cropped-vieassociative_favicon.ico.png\",\"width\":512,\"height\":512,\"caption\":\"Vie Associative\"},\"image\":{\"@id\":\"https:\/\/vieassociative.be\/actualites\/#\/schema\/logo\/image\/\"}},{\"@type\":\"Person\",\"@id\":\"https:\/\/vieassociative.be\/actualites\/#\/schema\/person\/b87ac4f82f9d4e7b7cec7395b679edc4\",\"name\":\"Julien\",\"image\":{\"@type\":\"ImageObject\",\"inLanguage\":\"fr-BE\",\"@id\":\"https:\/\/vieassociative.be\/actualites\/#\/schema\/person\/image\/\",\"url\":\"https:\/\/vieassociative.be\/actualites\/wp-content\/uploads\/2024\/09\/vie-associative-1-150x150.jpg\",\"contentUrl\":\"https:\/\/vieassociative.be\/actualites\/wp-content\/uploads\/2024\/09\/vie-associative-1-150x150.jpg\",\"caption\":\"Julien\"},\"description\":\"Je suis Julien, r\u00e9dacteur pour Vie Associative. Passionn\u00e9 par le monde associatif depuis plus de 10 ans, j'ai \u00e0 c\u0153ur de partager des histoires inspirantes et de mettre en lumi\u00e8re les initiatives locales. Mon objectif est de sensibiliser et d'encourager l'engagement communautaire \u00e0 travers mes articles.\",\"sameAs\":[\"https:\/\/vieassociative.be\/\"]}]}<\/script>\n<!-- \/ Yoast SEO plugin. -->","yoast_head_json":{"title":"Le d\u00e9put\u00e9 r\u00e9gional de l'Est de la Belgique, Patrick Spies, regrette : \u00ab Il y a un manque de volont\u00e9 politique pour le N62 \u00bb | Vie Associative","robots":{"index":"index","follow":"follow","max-snippet":"max-snippet:-1","max-image-preview":"max-image-preview:large","max-video-preview":"max-video-preview:-1"},"canonical":"https:\/\/vieassociative.be\/actualites\/le-depute-regional-de-lest-de-la-belgique-patrick-spies-regrette-il-y-a-un-manque-de-volonte-politique-pour-le-n62\/","og_locale":"fr_FR","og_type":"article","og_title":"Le d\u00e9put\u00e9 r\u00e9gional de l'Est de la Belgique, Patrick Spies, regrette : \u00ab Il y a un manque de volont\u00e9 politique pour le N62 \u00bb | Vie Associative","og_description":"Lundi, le N62 a de nouveau \u00e9t\u00e9 un sujet de discussion au Parlement de la DG. Depuis des d\u00e9cennies, l\u2019axe de circulation provoque des accidents,","og_url":"https:\/\/vieassociative.be\/actualites\/le-depute-regional-de-lest-de-la-belgique-patrick-spies-regrette-il-y-a-un-manque-de-volonte-politique-pour-le-n62\/","og_site_name":"Vie Associative","article_published_time":"2025-10-09T02:17:01+00:00","og_image":[{"width":279,"height":92,"url":"https:\/\/vieassociative.be\/actualites\/wp-content\/uploads\/2024\/09\/header_backgroundk-01-e1726694325946.png","type":"image\/png"}],"author":"Julien","twitter_card":"summary_large_image","twitter_misc":{"\u00c9crit par":"Julien","Dur\u00e9e de lecture est.":"2 minutes"},"schema":{"@context":"https:\/\/schema.org","@graph":[{"@type":"Article","@id":"https:\/\/vieassociative.be\/actualites\/le-depute-regional-de-lest-de-la-belgique-patrick-spies-regrette-il-y-a-un-manque-de-volonte-politique-pour-le-n62\/#article","isPartOf":{"@id":"https:\/\/vieassociative.be\/actualites\/le-depute-regional-de-lest-de-la-belgique-patrick-spies-regrette-il-y-a-un-manque-de-volonte-politique-pour-le-n62\/"},"author":{"name":"Julien","@id":"https:\/\/vieassociative.be\/actualites\/#\/schema\/person\/b87ac4f82f9d4e7b7cec7395b679edc4"},"headline":"Le d\u00e9put\u00e9 r\u00e9gional de l&rsquo;Est de la Belgique, Patrick Spies, regrette : \u00ab Il y a un manque de volont\u00e9 politique pour le N62 \u00bb","datePublished":"2025-10-09T02:17:01+00:00","dateModified":"2025-10-09T02:17:01+00:00","mainEntityOfPage":{"@id":"https:\/\/vieassociative.be\/actualites\/le-depute-regional-de-lest-de-la-belgique-patrick-spies-regrette-il-y-a-un-manque-de-volonte-politique-pour-le-n62\/"},"wordCount":448,"publisher":{"@id":"https:\/\/vieassociative.be\/actualites\/#organization"},"image":{"@id":"https:\/\/vieassociative.be\/actualites\/le-depute-regional-de-lest-de-la-belgique-patrick-spies-regrette-il-y-a-un-manque-de-volonte-politique-pour-le-n62\/#primaryimage"},"thumbnailUrl":"https:\/\/vieassociative.be\/actualites\/wp-content\/uploads\/2025\/10\/1759976221_Le-depute-regional-de-lEst-de-la-Belgique-Patrick-Spies.jpg","keywords":["Belgique","d\u00e9put\u00e9","manque","N62","Patrick","politique","pour","r\u00e9gional","regrette","Spies","volont\u00e9"],"articleSection":["Belgique"],"inLanguage":"fr-BE"},{"@type":"WebPage","@id":"https:\/\/vieassociative.be\/actualites\/le-depute-regional-de-lest-de-la-belgique-patrick-spies-regrette-il-y-a-un-manque-de-volonte-politique-pour-le-n62\/","url":"https:\/\/vieassociative.be\/actualites\/le-depute-regional-de-lest-de-la-belgique-patrick-spies-regrette-il-y-a-un-manque-de-volonte-politique-pour-le-n62\/","name":"Le d\u00e9put\u00e9 r\u00e9gional de l'Est de la Belgique, Patrick Spies, regrette : \u00ab Il y a un manque de volont\u00e9 politique pour le N62 \u00bb | Vie Associative","isPartOf":{"@id":"https:\/\/vieassociative.be\/actualites\/#website"},"primaryImageOfPage":{"@id":"https:\/\/vieassociative.be\/actualites\/le-depute-regional-de-lest-de-la-belgique-patrick-spies-regrette-il-y-a-un-manque-de-volonte-politique-pour-le-n62\/#primaryimage"},"image":{"@id":"https:\/\/vieassociative.be\/actualites\/le-depute-regional-de-lest-de-la-belgique-patrick-spies-regrette-il-y-a-un-manque-de-volonte-politique-pour-le-n62\/#primaryimage"},"thumbnailUrl":"https:\/\/vieassociative.be\/actualites\/wp-content\/uploads\/2025\/10\/1759976221_Le-depute-regional-de-lEst-de-la-Belgique-Patrick-Spies.jpg","datePublished":"2025-10-09T02:17:01+00:00","dateModified":"2025-10-09T02:17:01+00:00","breadcrumb":{"@id":"https:\/\/vieassociative.be\/actualites\/le-depute-regional-de-lest-de-la-belgique-patrick-spies-regrette-il-y-a-un-manque-de-volonte-politique-pour-le-n62\/#breadcrumb"},"inLanguage":"fr-BE","potentialAction":[{"@type":"ReadAction","target":["https:\/\/vieassociative.be\/actualites\/le-depute-regional-de-lest-de-la-belgique-patrick-spies-regrette-il-y-a-un-manque-de-volonte-politique-pour-le-n62\/"]}]},{"@type":"ImageObject","inLanguage":"fr-BE","@id":"https:\/\/vieassociative.be\/actualites\/le-depute-regional-de-lest-de-la-belgique-patrick-spies-regrette-il-y-a-un-manque-de-volonte-politique-pour-le-n62\/#primaryimage","url":"https:\/\/vieassociative.be\/actualites\/wp-content\/uploads\/2025\/10\/1759976221_Le-depute-regional-de-lEst-de-la-Belgique-Patrick-Spies.jpg","contentUrl":"https:\/\/vieassociative.be\/actualites\/wp-content\/uploads\/2025\/10\/1759976221_Le-depute-regional-de-lEst-de-la-Belgique-Patrick-Spies.jpg","width":900,"height":598,"caption":"Le d\u00e9put\u00e9 r\u00e9gional de l'Est de la Belgique, Patrick Spies, regrette : \u00ab Il y a un manque de volont\u00e9 politique pour le N62 \u00bb"},{"@type":"BreadcrumbList","@id":"https:\/\/vieassociative.be\/actualites\/le-depute-regional-de-lest-de-la-belgique-patrick-spies-regrette-il-y-a-un-manque-de-volonte-politique-pour-le-n62\/#breadcrumb","itemListElement":[{"@type":"ListItem","position":1,"name":"Accueil","item":"https:\/\/vieassociative.be\/actualites\/"},{"@type":"ListItem","position":2,"name":"Le d\u00e9put\u00e9 r\u00e9gional de l&rsquo;Est de la Belgique, Patrick Spies, regrette : \u00ab Il y a un manque de volont\u00e9 politique pour le N62 \u00bb"}]},{"@type":"WebSite","@id":"https:\/\/vieassociative.be\/actualites\/#website","url":"https:\/\/vieassociative.be\/actualites\/","name":"Vie Associative","description":"","publisher":{"@id":"https:\/\/vieassociative.be\/actualites\/#organization"},"potentialAction":[{"@type":"SearchAction","target":{"@type":"EntryPoint","urlTemplate":"https:\/\/vieassociative.be\/actualites\/?s={search_term_string}"},"query-input":{"@type":"PropertyValueSpecification","valueRequired":true,"valueName":"search_term_string"}}],"inLanguage":"fr-BE"},{"@type":"Organization","@id":"https:\/\/vieassociative.be\/actualites\/#organization","name":"Vie Associative","url":"https:\/\/vieassociative.be\/actualites\/","logo":{"@type":"ImageObject","inLanguage":"fr-BE","@id":"https:\/\/vieassociative.be\/actualites\/#\/schema\/logo\/image\/","url":"https:\/\/vieassociative.be\/actualites\/wp-content\/uploads\/2024\/09\/cropped-vieassociative_favicon.ico.png","contentUrl":"https:\/\/vieassociative.be\/actualites\/wp-content\/uploads\/2024\/09\/cropped-vieassociative_favicon.ico.png","width":512,"height":512,"caption":"Vie Associative"},"image":{"@id":"https:\/\/vieassociative.be\/actualites\/#\/schema\/logo\/image\/"}},{"@type":"Person","@id":"https:\/\/vieassociative.be\/actualites\/#\/schema\/person\/b87ac4f82f9d4e7b7cec7395b679edc4","name":"Julien","image":{"@type":"ImageObject","inLanguage":"fr-BE","@id":"https:\/\/vieassociative.be\/actualites\/#\/schema\/person\/image\/","url":"https:\/\/vieassociative.be\/actualites\/wp-content\/uploads\/2024\/09\/vie-associative-1-150x150.jpg","contentUrl":"https:\/\/vieassociative.be\/actualites\/wp-content\/uploads\/2024\/09\/vie-associative-1-150x150.jpg","caption":"Julien"},"description":"Je suis Julien, r\u00e9dacteur pour Vie Associative. Passionn\u00e9 par le monde associatif depuis plus de 10 ans, j'ai \u00e0 c\u0153ur de partager des histoires inspirantes et de mettre en lumi\u00e8re les initiatives locales. Mon objectif est de sensibiliser et d'encourager l'engagement communautaire \u00e0 travers mes articles.","sameAs":["https:\/\/vieassociative.be\/"]}]}},"_links":{"self":[{"href":"https:\/\/vieassociative.be\/actualites\/wp-json\/wp\/v2\/posts\/10537"}],"collection":[{"href":"https:\/\/vieassociative.be\/actualites\/wp-json\/wp\/v2\/posts"}],"about":[{"href":"https:\/\/vieassociative.be\/actualites\/wp-json\/wp\/v2\/types\/post"}],"author":[{"embeddable":true,"href":"https:\/\/vieassociative.be\/actualites\/wp-json\/wp\/v2\/users\/1"}],"replies":[{"embeddable":true,"href":"https:\/\/vieassociative.be\/actualites\/wp-json\/wp\/v2\/comments?post=10537"}],"version-history":[{"count":0,"href":"https:\/\/vieassociative.be\/actualites\/wp-json\/wp\/v2\/posts\/10537\/revisions"}],"wp:featuredmedia":[{"embeddable":true,"href":"https:\/\/vieassociative.be\/actualites\/wp-json\/wp\/v2\/media\/10538"}],"wp:attachment":[{"href":"https:\/\/vieassociative.be\/actualites\/wp-json\/wp\/v2\/media?parent=10537"}],"wp:term":[{"taxonomy":"category","embeddable":true,"href":"https:\/\/vieassociative.be\/actualites\/wp-json\/wp\/v2\/categories?post=10537"},{"taxonomy":"post_tag","embeddable":true,"href":"https:\/\/vieassociative.be\/actualites\/wp-json\/wp\/v2\/tags?post=10537"}],"curies":[{"name":"wp","href":"https:\/\/api.w.org\/{rel}","templated":true}]}}