{"id":10533,"date":"2025-10-08T22:17:20","date_gmt":"2025-10-08T20:17:20","guid":{"rendered":"https:\/\/vieassociative.be\/actualites\/le-parlement-europeen-demande-linterdiction-des-burgers-vegetariens-ou-des-escalopes-de-soja-arimont-ppe-vote-contre\/"},"modified":"2025-10-08T22:17:20","modified_gmt":"2025-10-08T20:17:20","slug":"le-parlement-europeen-demande-linterdiction-des-burgers-vegetariens-ou-des-escalopes-de-soja-arimont-ppe-vote-contre","status":"publish","type":"post","link":"https:\/\/vieassociative.be\/actualites\/le-parlement-europeen-demande-linterdiction-des-burgers-vegetariens-ou-des-escalopes-de-soja-arimont-ppe-vote-contre\/","title":{"rendered":"Le Parlement europ\u00e9en demande l\u2019interdiction des \u00ab burgers v\u00e9g\u00e9tariens \u00bb ou des \u00ab escalopes de soja \u00bb \u2013 Arimont (PPE) vote contre"},"content":{"rendered":"<p><strong>MISE \u00c0 JOUR \u2013 Les substituts de viande sont en plein essor, mais des termes comme \u00ab burger v\u00e9g\u00e9tarien \u00bb pourraient bient\u00f4t dispara\u00eetre. Le projet suscite de vives critiques.<\/strong><\/p>\n<p><span id=\"more-426574\"><\/span>Le Parlement europ\u00e9en veut interdire les noms comme \u00ab burger v\u00e9g\u00e9tarien \u00bb ou \u00ab escalope de soja \u00bb. Selon le souhait d&rsquo;une majorit\u00e9 de d\u00e9put\u00e9s, des termes tels que \u00ab steak \u00bb ou \u00ab saucisse \u00bb ne devraient \u00e0 l&rsquo;avenir \u00eatre utilis\u00e9s que pour les aliments d&rsquo;origine animale. Les \u00c9tats de l\u2019UE devraient \u00e9galement accepter le projet pour que les exigences puissent entrer en vigueur.<\/p>\n<p>La d\u00e9put\u00e9e responsable C\u00e9line Imart y voit \u00ab\u00a0un vrai risque de confusion\u00a0\u00bb car les produits de substitution \u00e0 base de plantes n&rsquo;offrent pas les m\u00eames valeurs nutritionnelles que leurs originaux animaux. Le politicien du groupe PPE souhaite \u00e9galement prot\u00e9ger les agriculteurs avec ce projet.<\/p>\n<\/p>\n<div id=\"attachment_415125\" class=\"wp-caption alignleft\" style=\"max-width: 300px\"><img fetchpriority=\"high\" decoding=\"async\" class=\"wp-image-415125 size-medium\" src=\"https:\/\/vieassociative.be\/actualites\/wp-content\/uploads\/2025\/05\/Les-loups-devraient-pouvoir-etre-abattus-dans-lUE-a-lavenir.jpg\" alt=\"\" width=\"300\" height=\"200\"><\/div>\n<p>Cependant, tous les membres du groupe PPE n&rsquo;ont pas vot\u00e9 pour l&rsquo;interdiction de noms tels que \u00ab burger v\u00e9g\u00e9tarien \u00bb ou \u00ab escalope de soja \u00bb. Le d\u00e9put\u00e9 de l&rsquo;Est de la Belgique Pascal Arimont a vot\u00e9 contre, comme il l&rsquo;a admis mercredi \u00e0 la demande de \u00ab Ostbelgien Direkt \u00bb.<\/p>\n<p>Arimont : \u00ab J&rsquo;ai vot\u00e9 contre l&rsquo;interdiction. Je pense que les consommateurs sont assez intelligents pour reconna\u00eetre la diff\u00e9rence entre un \u00ab burger v\u00e9g\u00e9tarien \u00bb et un \u00ab burger \u00e0 la viande \u00bb. \u00ab v\u00e9g\u00e9tarien \u00bb n&rsquo;est ni \u00ab b\u0153uf \u00bb, \u00ab poulet \u00bb ni \u00ab poisson \u00bb. C\u2019est l\u00e0 que nous m\u00e9langeons les termes de mani\u00e8re trompeuse. Malheureusement, cette proposition d\u2019amendement a \u00e9t\u00e9 rejet\u00e9e par la majorit\u00e9.\u00bb<\/p>\n<p>Les d\u00e9fenseurs des consommateurs et les entreprises de l\u2019industrie alimentaire ont \u00e9galement vivement critiqu\u00e9 l\u2019interdiction envisag\u00e9e. L&rsquo;organisation Foodwatch a d\u00e9clar\u00e9 que personne n&rsquo;ach\u00e8te accidentellement des saucisses de tofu parce qu&rsquo;il pense qu&rsquo;il s&rsquo;agit de saucisses de b\u0153uf. Plusieurs entreprises comme Aldi S\u00fcd, Lidl et Burger King se sont \u00e9galement prononc\u00e9es contre le projet dans une lettre commune.<\/p>\n<p>Le Parlement doit maintenant trouver un accord final dans les n\u00e9gociations avec les \u00c9tats de l&rsquo;UE. Le gouvernement f\u00e9d\u00e9ral n&rsquo;a pas encore exprim\u00e9 sa position sur la d\u00e9cision parlementaire. (dpa\/cr\u00e9)<\/p>\n","protected":false},"excerpt":{"rendered":"<p>MISE \u00c0 JOUR \u2013 Les substituts de viande sont en plein essor, mais des termes comme \u00ab burger v\u00e9g\u00e9tarien \u00bb pourraient bient\u00f4t dispara\u00eetre. Le projet<\/p>\n","protected":false},"author":1,"featured_media":10534,"comment_status":"","ping_status":"","sticky":false,"template":"","format":"standard","meta":{"footnotes":""},"categories":[298],"tags":[2890,8823,796,1642,29,7857,2896,4830,2895,8825,6613,8824,3828],"class_list":["post-10533","post","type-post","status-publish","format-standard","has-post-thumbnail","hentry","category-belgique","tag-arimont","tag-burgers","tag-contre","tag-demande","tag-des","tag-escalopes","tag-europeen","tag-linterdiction","tag-parlement","tag-ppe","tag-soja","tag-vegetariens","tag-vote","generate-columns","tablet-grid-50","mobile-grid-100","grid-parent","grid-33"],"yoast_head":"<!-- This site is optimized with the Yoast SEO plugin v24.0 - https:\/\/yoast.com\/wordpress\/plugins\/seo\/ -->\n<title>Le Parlement europ\u00e9en demande l\u2019interdiction des \u00ab burgers v\u00e9g\u00e9tariens \u00bb ou des \u00ab escalopes de soja \u00bb \u2013 Arimont (PPE) vote contre | Vie Associative<\/title>\n<meta name=\"robots\" content=\"index, follow, max-snippet:-1, max-image-preview:large, max-video-preview:-1\" \/>\n<link rel=\"canonical\" href=\"https:\/\/vieassociative.be\/actualites\/le-parlement-europeen-demande-linterdiction-des-burgers-vegetariens-ou-des-escalopes-de-soja-arimont-ppe-vote-contre\/\" \/>\n<meta property=\"og:locale\" content=\"fr_FR\" \/>\n<meta property=\"og:type\" content=\"article\" \/>\n<meta property=\"og:title\" content=\"Le Parlement europ\u00e9en demande l\u2019interdiction des \u00ab burgers v\u00e9g\u00e9tariens \u00bb ou des \u00ab escalopes de soja \u00bb \u2013 Arimont (PPE) vote contre | Vie Associative\" \/>\n<meta property=\"og:description\" content=\"MISE \u00c0 JOUR \u2013 Les substituts de viande sont en plein essor, mais des termes comme \u00ab burger v\u00e9g\u00e9tarien \u00bb pourraient bient\u00f4t dispara\u00eetre. Le projet\" \/>\n<meta property=\"og:url\" content=\"https:\/\/vieassociative.be\/actualites\/le-parlement-europeen-demande-linterdiction-des-burgers-vegetariens-ou-des-escalopes-de-soja-arimont-ppe-vote-contre\/\" \/>\n<meta property=\"og:site_name\" content=\"Vie Associative\" \/>\n<meta property=\"article:published_time\" content=\"2025-10-08T20:17:20+00:00\" \/>\n<meta property=\"og:image\" content=\"https:\/\/vieassociative.be\/actualites\/wp-content\/uploads\/2024\/09\/header_backgroundk-01-e1726694325946.png\" \/>\n\t<meta property=\"og:image:width\" content=\"279\" \/>\n\t<meta property=\"og:image:height\" content=\"92\" \/>\n\t<meta property=\"og:image:type\" content=\"image\/png\" \/>\n<meta name=\"author\" content=\"Julien\" \/>\n<meta name=\"twitter:card\" content=\"summary_large_image\" \/>\n<meta name=\"twitter:label1\" content=\"\u00c9crit par\" \/>\n\t<meta name=\"twitter:data1\" content=\"Julien\" \/>\n\t<meta name=\"twitter:label2\" content=\"Dur\u00e9e de lecture est.\" \/>\n\t<meta name=\"twitter:data2\" content=\"2 minutes\" \/>\n<script type=\"application\/ld+json\" class=\"yoast-schema-graph\">{\"@context\":\"https:\/\/schema.org\",\"@graph\":[{\"@type\":\"Article\",\"@id\":\"https:\/\/vieassociative.be\/actualites\/le-parlement-europeen-demande-linterdiction-des-burgers-vegetariens-ou-des-escalopes-de-soja-arimont-ppe-vote-contre\/#article\",\"isPartOf\":{\"@id\":\"https:\/\/vieassociative.be\/actualites\/le-parlement-europeen-demande-linterdiction-des-burgers-vegetariens-ou-des-escalopes-de-soja-arimont-ppe-vote-contre\/\"},\"author\":{\"name\":\"Julien\",\"@id\":\"https:\/\/vieassociative.be\/actualites\/#\/schema\/person\/b87ac4f82f9d4e7b7cec7395b679edc4\"},\"headline\":\"Le Parlement europ\u00e9en demande l\u2019interdiction des \u00ab burgers v\u00e9g\u00e9tariens \u00bb ou des \u00ab escalopes de soja \u00bb \u2013 Arimont (PPE) vote contre\",\"datePublished\":\"2025-10-08T20:17:20+00:00\",\"dateModified\":\"2025-10-08T20:17:20+00:00\",\"mainEntityOfPage\":{\"@id\":\"https:\/\/vieassociative.be\/actualites\/le-parlement-europeen-demande-linterdiction-des-burgers-vegetariens-ou-des-escalopes-de-soja-arimont-ppe-vote-contre\/\"},\"wordCount\":392,\"publisher\":{\"@id\":\"https:\/\/vieassociative.be\/actualites\/#organization\"},\"image\":{\"@id\":\"https:\/\/vieassociative.be\/actualites\/le-parlement-europeen-demande-linterdiction-des-burgers-vegetariens-ou-des-escalopes-de-soja-arimont-ppe-vote-contre\/#primaryimage\"},\"thumbnailUrl\":\"https:\/\/vieassociative.be\/actualites\/wp-content\/uploads\/2025\/10\/Le-Parlement-europeen-demande-linterdiction-des-burgers-vegetariens.jpg\",\"keywords\":[\"Arimont\",\"burgers\",\"contre\",\"demand\u00e9\",\"Des\",\"escalopes\",\"europ\u00e9en\",\"linterdiction\",\"Parlement\",\"PPE\",\"soja\",\"v\u00e9g\u00e9tariens\",\"vote\"],\"articleSection\":[\"Belgique\"],\"inLanguage\":\"fr-BE\"},{\"@type\":\"WebPage\",\"@id\":\"https:\/\/vieassociative.be\/actualites\/le-parlement-europeen-demande-linterdiction-des-burgers-vegetariens-ou-des-escalopes-de-soja-arimont-ppe-vote-contre\/\",\"url\":\"https:\/\/vieassociative.be\/actualites\/le-parlement-europeen-demande-linterdiction-des-burgers-vegetariens-ou-des-escalopes-de-soja-arimont-ppe-vote-contre\/\",\"name\":\"Le Parlement europ\u00e9en demande l\u2019interdiction des \u00ab burgers v\u00e9g\u00e9tariens \u00bb ou des \u00ab escalopes de soja \u00bb \u2013 Arimont (PPE) vote contre | Vie Associative\",\"isPartOf\":{\"@id\":\"https:\/\/vieassociative.be\/actualites\/#website\"},\"primaryImageOfPage\":{\"@id\":\"https:\/\/vieassociative.be\/actualites\/le-parlement-europeen-demande-linterdiction-des-burgers-vegetariens-ou-des-escalopes-de-soja-arimont-ppe-vote-contre\/#primaryimage\"},\"image\":{\"@id\":\"https:\/\/vieassociative.be\/actualites\/le-parlement-europeen-demande-linterdiction-des-burgers-vegetariens-ou-des-escalopes-de-soja-arimont-ppe-vote-contre\/#primaryimage\"},\"thumbnailUrl\":\"https:\/\/vieassociative.be\/actualites\/wp-content\/uploads\/2025\/10\/Le-Parlement-europeen-demande-linterdiction-des-burgers-vegetariens.jpg\",\"datePublished\":\"2025-10-08T20:17:20+00:00\",\"dateModified\":\"2025-10-08T20:17:20+00:00\",\"breadcrumb\":{\"@id\":\"https:\/\/vieassociative.be\/actualites\/le-parlement-europeen-demande-linterdiction-des-burgers-vegetariens-ou-des-escalopes-de-soja-arimont-ppe-vote-contre\/#breadcrumb\"},\"inLanguage\":\"fr-BE\",\"potentialAction\":[{\"@type\":\"ReadAction\",\"target\":[\"https:\/\/vieassociative.be\/actualites\/le-parlement-europeen-demande-linterdiction-des-burgers-vegetariens-ou-des-escalopes-de-soja-arimont-ppe-vote-contre\/\"]}]},{\"@type\":\"ImageObject\",\"inLanguage\":\"fr-BE\",\"@id\":\"https:\/\/vieassociative.be\/actualites\/le-parlement-europeen-demande-linterdiction-des-burgers-vegetariens-ou-des-escalopes-de-soja-arimont-ppe-vote-contre\/#primaryimage\",\"url\":\"https:\/\/vieassociative.be\/actualites\/wp-content\/uploads\/2025\/10\/Le-Parlement-europeen-demande-linterdiction-des-burgers-vegetariens.jpg\",\"contentUrl\":\"https:\/\/vieassociative.be\/actualites\/wp-content\/uploads\/2025\/10\/Le-Parlement-europeen-demande-linterdiction-des-burgers-vegetariens.jpg\",\"width\":1200,\"height\":800,\"caption\":\"Le Parlement europ\u00e9en demande l\u2019interdiction des \u00ab burgers v\u00e9g\u00e9tariens \u00bb ou des \u00ab escalopes de soja \u00bb \u2013 Arimont (PPE) vote contre\"},{\"@type\":\"BreadcrumbList\",\"@id\":\"https:\/\/vieassociative.be\/actualites\/le-parlement-europeen-demande-linterdiction-des-burgers-vegetariens-ou-des-escalopes-de-soja-arimont-ppe-vote-contre\/#breadcrumb\",\"itemListElement\":[{\"@type\":\"ListItem\",\"position\":1,\"name\":\"Accueil\",\"item\":\"https:\/\/vieassociative.be\/actualites\/\"},{\"@type\":\"ListItem\",\"position\":2,\"name\":\"Le Parlement europ\u00e9en demande l\u2019interdiction des \u00ab burgers v\u00e9g\u00e9tariens \u00bb ou des \u00ab escalopes de soja \u00bb \u2013 Arimont (PPE) vote contre\"}]},{\"@type\":\"WebSite\",\"@id\":\"https:\/\/vieassociative.be\/actualites\/#website\",\"url\":\"https:\/\/vieassociative.be\/actualites\/\",\"name\":\"Vie Associative\",\"description\":\"\",\"publisher\":{\"@id\":\"https:\/\/vieassociative.be\/actualites\/#organization\"},\"potentialAction\":[{\"@type\":\"SearchAction\",\"target\":{\"@type\":\"EntryPoint\",\"urlTemplate\":\"https:\/\/vieassociative.be\/actualites\/?s={search_term_string}\"},\"query-input\":{\"@type\":\"PropertyValueSpecification\",\"valueRequired\":true,\"valueName\":\"search_term_string\"}}],\"inLanguage\":\"fr-BE\"},{\"@type\":\"Organization\",\"@id\":\"https:\/\/vieassociative.be\/actualites\/#organization\",\"name\":\"Vie Associative\",\"url\":\"https:\/\/vieassociative.be\/actualites\/\",\"logo\":{\"@type\":\"ImageObject\",\"inLanguage\":\"fr-BE\",\"@id\":\"https:\/\/vieassociative.be\/actualites\/#\/schema\/logo\/image\/\",\"url\":\"https:\/\/vieassociative.be\/actualites\/wp-content\/uploads\/2024\/09\/cropped-vieassociative_favicon.ico.png\",\"contentUrl\":\"https:\/\/vieassociative.be\/actualites\/wp-content\/uploads\/2024\/09\/cropped-vieassociative_favicon.ico.png\",\"width\":512,\"height\":512,\"caption\":\"Vie Associative\"},\"image\":{\"@id\":\"https:\/\/vieassociative.be\/actualites\/#\/schema\/logo\/image\/\"}},{\"@type\":\"Person\",\"@id\":\"https:\/\/vieassociative.be\/actualites\/#\/schema\/person\/b87ac4f82f9d4e7b7cec7395b679edc4\",\"name\":\"Julien\",\"image\":{\"@type\":\"ImageObject\",\"inLanguage\":\"fr-BE\",\"@id\":\"https:\/\/vieassociative.be\/actualites\/#\/schema\/person\/image\/\",\"url\":\"https:\/\/vieassociative.be\/actualites\/wp-content\/uploads\/2024\/09\/vie-associative-1-150x150.jpg\",\"contentUrl\":\"https:\/\/vieassociative.be\/actualites\/wp-content\/uploads\/2024\/09\/vie-associative-1-150x150.jpg\",\"caption\":\"Julien\"},\"description\":\"Je suis Julien, r\u00e9dacteur pour Vie Associative. Passionn\u00e9 par le monde associatif depuis plus de 10 ans, j'ai \u00e0 c\u0153ur de partager des histoires inspirantes et de mettre en lumi\u00e8re les initiatives locales. Mon objectif est de sensibiliser et d'encourager l'engagement communautaire \u00e0 travers mes articles.\",\"sameAs\":[\"https:\/\/vieassociative.be\/\"]}]}<\/script>\n<!-- \/ Yoast SEO plugin. -->","yoast_head_json":{"title":"Le Parlement europ\u00e9en demande l\u2019interdiction des \u00ab burgers v\u00e9g\u00e9tariens \u00bb ou des \u00ab escalopes de soja \u00bb \u2013 Arimont (PPE) vote contre | Vie Associative","robots":{"index":"index","follow":"follow","max-snippet":"max-snippet:-1","max-image-preview":"max-image-preview:large","max-video-preview":"max-video-preview:-1"},"canonical":"https:\/\/vieassociative.be\/actualites\/le-parlement-europeen-demande-linterdiction-des-burgers-vegetariens-ou-des-escalopes-de-soja-arimont-ppe-vote-contre\/","og_locale":"fr_FR","og_type":"article","og_title":"Le Parlement europ\u00e9en demande l\u2019interdiction des \u00ab burgers v\u00e9g\u00e9tariens \u00bb ou des \u00ab escalopes de soja \u00bb \u2013 Arimont (PPE) vote contre | Vie Associative","og_description":"MISE \u00c0 JOUR \u2013 Les substituts de viande sont en plein essor, mais des termes comme \u00ab burger v\u00e9g\u00e9tarien \u00bb pourraient bient\u00f4t dispara\u00eetre. Le projet","og_url":"https:\/\/vieassociative.be\/actualites\/le-parlement-europeen-demande-linterdiction-des-burgers-vegetariens-ou-des-escalopes-de-soja-arimont-ppe-vote-contre\/","og_site_name":"Vie Associative","article_published_time":"2025-10-08T20:17:20+00:00","og_image":[{"width":279,"height":92,"url":"https:\/\/vieassociative.be\/actualites\/wp-content\/uploads\/2024\/09\/header_backgroundk-01-e1726694325946.png","type":"image\/png"}],"author":"Julien","twitter_card":"summary_large_image","twitter_misc":{"\u00c9crit par":"Julien","Dur\u00e9e de lecture est.":"2 minutes"},"schema":{"@context":"https:\/\/schema.org","@graph":[{"@type":"Article","@id":"https:\/\/vieassociative.be\/actualites\/le-parlement-europeen-demande-linterdiction-des-burgers-vegetariens-ou-des-escalopes-de-soja-arimont-ppe-vote-contre\/#article","isPartOf":{"@id":"https:\/\/vieassociative.be\/actualites\/le-parlement-europeen-demande-linterdiction-des-burgers-vegetariens-ou-des-escalopes-de-soja-arimont-ppe-vote-contre\/"},"author":{"name":"Julien","@id":"https:\/\/vieassociative.be\/actualites\/#\/schema\/person\/b87ac4f82f9d4e7b7cec7395b679edc4"},"headline":"Le Parlement europ\u00e9en demande l\u2019interdiction des \u00ab burgers v\u00e9g\u00e9tariens \u00bb ou des \u00ab escalopes de soja \u00bb \u2013 Arimont (PPE) vote contre","datePublished":"2025-10-08T20:17:20+00:00","dateModified":"2025-10-08T20:17:20+00:00","mainEntityOfPage":{"@id":"https:\/\/vieassociative.be\/actualites\/le-parlement-europeen-demande-linterdiction-des-burgers-vegetariens-ou-des-escalopes-de-soja-arimont-ppe-vote-contre\/"},"wordCount":392,"publisher":{"@id":"https:\/\/vieassociative.be\/actualites\/#organization"},"image":{"@id":"https:\/\/vieassociative.be\/actualites\/le-parlement-europeen-demande-linterdiction-des-burgers-vegetariens-ou-des-escalopes-de-soja-arimont-ppe-vote-contre\/#primaryimage"},"thumbnailUrl":"https:\/\/vieassociative.be\/actualites\/wp-content\/uploads\/2025\/10\/Le-Parlement-europeen-demande-linterdiction-des-burgers-vegetariens.jpg","keywords":["Arimont","burgers","contre","demand\u00e9","Des","escalopes","europ\u00e9en","linterdiction","Parlement","PPE","soja","v\u00e9g\u00e9tariens","vote"],"articleSection":["Belgique"],"inLanguage":"fr-BE"},{"@type":"WebPage","@id":"https:\/\/vieassociative.be\/actualites\/le-parlement-europeen-demande-linterdiction-des-burgers-vegetariens-ou-des-escalopes-de-soja-arimont-ppe-vote-contre\/","url":"https:\/\/vieassociative.be\/actualites\/le-parlement-europeen-demande-linterdiction-des-burgers-vegetariens-ou-des-escalopes-de-soja-arimont-ppe-vote-contre\/","name":"Le Parlement europ\u00e9en demande l\u2019interdiction des \u00ab burgers v\u00e9g\u00e9tariens \u00bb ou des \u00ab escalopes de soja \u00bb \u2013 Arimont (PPE) vote contre | Vie Associative","isPartOf":{"@id":"https:\/\/vieassociative.be\/actualites\/#website"},"primaryImageOfPage":{"@id":"https:\/\/vieassociative.be\/actualites\/le-parlement-europeen-demande-linterdiction-des-burgers-vegetariens-ou-des-escalopes-de-soja-arimont-ppe-vote-contre\/#primaryimage"},"image":{"@id":"https:\/\/vieassociative.be\/actualites\/le-parlement-europeen-demande-linterdiction-des-burgers-vegetariens-ou-des-escalopes-de-soja-arimont-ppe-vote-contre\/#primaryimage"},"thumbnailUrl":"https:\/\/vieassociative.be\/actualites\/wp-content\/uploads\/2025\/10\/Le-Parlement-europeen-demande-linterdiction-des-burgers-vegetariens.jpg","datePublished":"2025-10-08T20:17:20+00:00","dateModified":"2025-10-08T20:17:20+00:00","breadcrumb":{"@id":"https:\/\/vieassociative.be\/actualites\/le-parlement-europeen-demande-linterdiction-des-burgers-vegetariens-ou-des-escalopes-de-soja-arimont-ppe-vote-contre\/#breadcrumb"},"inLanguage":"fr-BE","potentialAction":[{"@type":"ReadAction","target":["https:\/\/vieassociative.be\/actualites\/le-parlement-europeen-demande-linterdiction-des-burgers-vegetariens-ou-des-escalopes-de-soja-arimont-ppe-vote-contre\/"]}]},{"@type":"ImageObject","inLanguage":"fr-BE","@id":"https:\/\/vieassociative.be\/actualites\/le-parlement-europeen-demande-linterdiction-des-burgers-vegetariens-ou-des-escalopes-de-soja-arimont-ppe-vote-contre\/#primaryimage","url":"https:\/\/vieassociative.be\/actualites\/wp-content\/uploads\/2025\/10\/Le-Parlement-europeen-demande-linterdiction-des-burgers-vegetariens.jpg","contentUrl":"https:\/\/vieassociative.be\/actualites\/wp-content\/uploads\/2025\/10\/Le-Parlement-europeen-demande-linterdiction-des-burgers-vegetariens.jpg","width":1200,"height":800,"caption":"Le Parlement europ\u00e9en demande l\u2019interdiction des \u00ab burgers v\u00e9g\u00e9tariens \u00bb ou des \u00ab escalopes de soja \u00bb \u2013 Arimont (PPE) vote contre"},{"@type":"BreadcrumbList","@id":"https:\/\/vieassociative.be\/actualites\/le-parlement-europeen-demande-linterdiction-des-burgers-vegetariens-ou-des-escalopes-de-soja-arimont-ppe-vote-contre\/#breadcrumb","itemListElement":[{"@type":"ListItem","position":1,"name":"Accueil","item":"https:\/\/vieassociative.be\/actualites\/"},{"@type":"ListItem","position":2,"name":"Le Parlement europ\u00e9en demande l\u2019interdiction des \u00ab burgers v\u00e9g\u00e9tariens \u00bb ou des \u00ab escalopes de soja \u00bb \u2013 Arimont (PPE) vote contre"}]},{"@type":"WebSite","@id":"https:\/\/vieassociative.be\/actualites\/#website","url":"https:\/\/vieassociative.be\/actualites\/","name":"Vie Associative","description":"","publisher":{"@id":"https:\/\/vieassociative.be\/actualites\/#organization"},"potentialAction":[{"@type":"SearchAction","target":{"@type":"EntryPoint","urlTemplate":"https:\/\/vieassociative.be\/actualites\/?s={search_term_string}"},"query-input":{"@type":"PropertyValueSpecification","valueRequired":true,"valueName":"search_term_string"}}],"inLanguage":"fr-BE"},{"@type":"Organization","@id":"https:\/\/vieassociative.be\/actualites\/#organization","name":"Vie Associative","url":"https:\/\/vieassociative.be\/actualites\/","logo":{"@type":"ImageObject","inLanguage":"fr-BE","@id":"https:\/\/vieassociative.be\/actualites\/#\/schema\/logo\/image\/","url":"https:\/\/vieassociative.be\/actualites\/wp-content\/uploads\/2024\/09\/cropped-vieassociative_favicon.ico.png","contentUrl":"https:\/\/vieassociative.be\/actualites\/wp-content\/uploads\/2024\/09\/cropped-vieassociative_favicon.ico.png","width":512,"height":512,"caption":"Vie Associative"},"image":{"@id":"https:\/\/vieassociative.be\/actualites\/#\/schema\/logo\/image\/"}},{"@type":"Person","@id":"https:\/\/vieassociative.be\/actualites\/#\/schema\/person\/b87ac4f82f9d4e7b7cec7395b679edc4","name":"Julien","image":{"@type":"ImageObject","inLanguage":"fr-BE","@id":"https:\/\/vieassociative.be\/actualites\/#\/schema\/person\/image\/","url":"https:\/\/vieassociative.be\/actualites\/wp-content\/uploads\/2024\/09\/vie-associative-1-150x150.jpg","contentUrl":"https:\/\/vieassociative.be\/actualites\/wp-content\/uploads\/2024\/09\/vie-associative-1-150x150.jpg","caption":"Julien"},"description":"Je suis Julien, r\u00e9dacteur pour Vie Associative. Passionn\u00e9 par le monde associatif depuis plus de 10 ans, j'ai \u00e0 c\u0153ur de partager des histoires inspirantes et de mettre en lumi\u00e8re les initiatives locales. Mon objectif est de sensibiliser et d'encourager l'engagement communautaire \u00e0 travers mes articles.","sameAs":["https:\/\/vieassociative.be\/"]}]}},"_links":{"self":[{"href":"https:\/\/vieassociative.be\/actualites\/wp-json\/wp\/v2\/posts\/10533"}],"collection":[{"href":"https:\/\/vieassociative.be\/actualites\/wp-json\/wp\/v2\/posts"}],"about":[{"href":"https:\/\/vieassociative.be\/actualites\/wp-json\/wp\/v2\/types\/post"}],"author":[{"embeddable":true,"href":"https:\/\/vieassociative.be\/actualites\/wp-json\/wp\/v2\/users\/1"}],"replies":[{"embeddable":true,"href":"https:\/\/vieassociative.be\/actualites\/wp-json\/wp\/v2\/comments?post=10533"}],"version-history":[{"count":0,"href":"https:\/\/vieassociative.be\/actualites\/wp-json\/wp\/v2\/posts\/10533\/revisions"}],"wp:featuredmedia":[{"embeddable":true,"href":"https:\/\/vieassociative.be\/actualites\/wp-json\/wp\/v2\/media\/10534"}],"wp:attachment":[{"href":"https:\/\/vieassociative.be\/actualites\/wp-json\/wp\/v2\/media?parent=10533"}],"wp:term":[{"taxonomy":"category","embeddable":true,"href":"https:\/\/vieassociative.be\/actualites\/wp-json\/wp\/v2\/categories?post=10533"},{"taxonomy":"post_tag","embeddable":true,"href":"https:\/\/vieassociative.be\/actualites\/wp-json\/wp\/v2\/tags?post=10533"}],"curies":[{"name":"wp","href":"https:\/\/api.w.org\/{rel}","templated":true}]}}