{"id":10527,"date":"2025-10-08T16:17:06","date_gmt":"2025-10-08T14:17:06","guid":{"rendered":"https:\/\/vieassociative.be\/actualites\/ville-deupen-recolte-du-bois-et-abattage-securise-dans-la-foret-municipale-du-schorberg-environ-340-arbres-doivent-etre-detruits\/"},"modified":"2025-10-08T16:17:06","modified_gmt":"2025-10-08T14:17:06","slug":"ville-deupen-recolte-du-bois-et-abattage-securise-dans-la-foret-municipale-du-schorberg-environ-340-arbres-doivent-etre-detruits","status":"publish","type":"post","link":"https:\/\/vieassociative.be\/actualites\/ville-deupen-recolte-du-bois-et-abattage-securise-dans-la-foret-municipale-du-schorberg-environ-340-arbres-doivent-etre-detruits\/","title":{"rendered":"Ville d&rsquo;Eupen : R\u00e9colte du bois et abattage s\u00e9curis\u00e9 dans la for\u00eat municipale du Schorberg \u2013 environ 340 arbres doivent \u00eatre d\u00e9truits"},"content":{"rendered":"<p><strong>Afin de ne pas commettre la m\u00eame erreur que l&rsquo;ancienne majorit\u00e9 Ecolo-PFF-SP au conseil municipal d&rsquo;Eupen, qui avait mis les habitants devant le fait accompli en janvier 2024 lors de l&rsquo;abattage des buissons orphelins, la nouvelle majorit\u00e9 du CSP, de l&rsquo;OBL et du PFF tient \u00e0 informer la population de mani\u00e8re ponctuelle et compl\u00e8te lorsque des travaux sont en cours dans la ville.<\/strong><\/p>\n<p><span id=\"more-426554\"><\/span>En ce qui concerne la r\u00e9colte du bois et l&rsquo;abattage s\u00e9curis\u00e9 dans la for\u00eat municipale du Schorberg, une manifestation d&rsquo;information et une inspection du site ont eu lieu en janvier 2025. Les \u00e9t\u00e9s secs, le fort ensoleillement d\u00fb \u00e0 la pente expos\u00e9e au sud, l&rsquo;infestation de col\u00e9opt\u00e8res et la pente raide ont eu des cons\u00e9quences n\u00e9fastes sur les vieux arbres du Schorberg.<\/p>\n<\/p>\n<div id=\"attachment_426559\" class=\"wp-caption alignleft\" style=\"max-width: 300px\"><img fetchpriority=\"high\" decoding=\"async\" class=\"wp-image-426559 size-medium\" src=\"https:\/\/vieassociative.be\/actualites\/wp-content\/uploads\/2025\/10\/Ville-dEupen-Recolte-du-bois-et-abattage-securise-dans.jpg\" alt=\"\" width=\"300\" height=\"201\"  ><\/div>\n<p>Au pied du coteau, la for\u00eat se trouve \u00e0 proximit\u00e9 imm\u00e9diate de maisons, de jardins, de garages et d&rsquo;un terrain de football. Dans le pass\u00e9, des arbres individuels tombaient sur la pente. Heureusement, aucun d\u00e9g\u00e2t majeur n\u2019a \u00e9t\u00e9 caus\u00e9 jusqu\u2019\u00e0 pr\u00e9sent.<\/p>\n<p>Avec la s\u00e9curit\u00e9 comme priorit\u00e9 absolue, la ville d&rsquo;Eupen annonce que l&rsquo;entreprise en charge de la r\u00e9colte du bois commencera l&rsquo;abattage de s\u00e9curit\u00e9 \u00e0 partir du mercredi 15 octobre 2025. Dans la zone inf\u00e9rieure du Schorberg, le long de la zone r\u00e9sidentielle, un arbre d&rsquo;une longueur d&rsquo;environ 25 \u00e0 30 m\u00e8tres avec environ 340 arbres sera abattu afin d&rsquo;assurer la s\u00e9curit\u00e9 \u00e0 long terme de la lisi\u00e8re de la for\u00eat. Le chemin forestier au milieu du versant devrait \u00e9galement \u00eatre s\u00e9curis\u00e9 et \u00e9clairci. La partie restante et pr\u00e9dominante de la for\u00eat urbaine sera pr\u00e9serv\u00e9e et ne sera pas affect\u00e9e par l&rsquo;abattage de s\u00e9curit\u00e9. Si les conditions m\u00e9t\u00e9orologiques sont favorables, la r\u00e9colte du bois durera environ 50 jours.<\/p>\n<div id=\"attachment_426560\" class=\"wp-caption alignleft\" style=\"max-width: 300px\"><img decoding=\"async\" class=\"wp-image-426560 size-medium\" src=\"https:\/\/vieassociative.be\/actualites\/wp-content\/uploads\/2025\/10\/1759933026_695_Ville-dEupen-Recolte-du-bois-et-abattage-securise-dans.jpg\" alt=\"\" width=\"300\" height=\"201\"  ><\/div>\n<p>Il est pr\u00e9vu pour l\u2019avenir de cr\u00e9er une bordure de taillis \u00e9tag\u00e9 compos\u00e9e d\u2019arbustes et de haies dans la zone inf\u00e9rieure de la forte pente. Il ne devrait plus y avoir de futaie \u00e0 cet endroit afin d&rsquo;exclure tout danger \u00e0 long terme pour les jardins et les maisons environnants.<\/p>\n<p>Parall\u00e8lement, la DG Parlement a \u00e9galement charg\u00e9 une entreprise d&rsquo;abattage d&rsquo;effectuer des abattages sur son domaine forestier situ\u00e9 au Schorberg, entre le b\u00e2timent du Parlement et le chemin forestier sur le versant moyen. L&rsquo;objectif est, d&rsquo;une part, de d\u00e9samorcer la situation de danger aigu provoqu\u00e9e par la mort des arbres et, d&rsquo;autre part, de pr\u00e9server la population \u00e0 long terme. Ces abattages auront lieu du 20 octobre 2025 au 5 novembre 2025.<\/p>\n<p>Il peut y avoir des retards en raison des conditions m\u00e9t\u00e9orologiques. Pour des raisons de s\u00e9curit\u00e9, la zone concern\u00e9e n&rsquo;est pas accessible lors des travaux de r\u00e9colte. Le chemin forestier sur le versant moyen du Schorberg est d\u00e9vi\u00e9 via la Weserstrasse. (cr\u00e9er)<\/p>\n","protected":false},"excerpt":{"rendered":"<p>Afin de ne pas commettre la m\u00eame erreur que l&rsquo;ancienne majorit\u00e9 Ecolo-PFF-SP au conseil municipal d&rsquo;Eupen, qui avait mis les habitants devant le fait accompli<\/p>\n","protected":false},"author":1,"featured_media":10528,"comment_status":"","ping_status":"","sticky":false,"template":"","format":"standard","meta":{"footnotes":""},"categories":[298],"tags":[8818,3076,2348,166,8821,2403,3350,5160,23,3798,8819,8817,8820,6905,684],"class_list":["post-10527","post","type-post","status-publish","format-standard","has-post-thumbnail","hentry","category-belgique","tag-abattage","tag-arbres","tag-bois","tag-dans","tag-detruits","tag-deupen","tag-doivent","tag-environ","tag-etre","tag-foret","tag-municipale","tag-recolte","tag-schorberg","tag-securise","tag-ville","generate-columns","tablet-grid-50","mobile-grid-100","grid-parent","grid-33"],"yoast_head":"<!-- This site is optimized with the Yoast SEO plugin v24.0 - https:\/\/yoast.com\/wordpress\/plugins\/seo\/ -->\n<title>Ville d&#039;Eupen : R\u00e9colte du bois et abattage s\u00e9curis\u00e9 dans la for\u00eat municipale du Schorberg \u2013 environ 340 arbres doivent \u00eatre d\u00e9truits | Vie Associative<\/title>\n<meta name=\"robots\" content=\"index, follow, max-snippet:-1, max-image-preview:large, max-video-preview:-1\" \/>\n<link rel=\"canonical\" href=\"https:\/\/vieassociative.be\/actualites\/ville-deupen-recolte-du-bois-et-abattage-securise-dans-la-foret-municipale-du-schorberg-environ-340-arbres-doivent-etre-detruits\/\" \/>\n<meta property=\"og:locale\" content=\"fr_FR\" \/>\n<meta property=\"og:type\" content=\"article\" \/>\n<meta property=\"og:title\" content=\"Ville d&#039;Eupen : R\u00e9colte du bois et abattage s\u00e9curis\u00e9 dans la for\u00eat municipale du Schorberg \u2013 environ 340 arbres doivent \u00eatre d\u00e9truits | Vie Associative\" \/>\n<meta property=\"og:description\" content=\"Afin de ne pas commettre la m\u00eame erreur que l&rsquo;ancienne majorit\u00e9 Ecolo-PFF-SP au conseil municipal d&rsquo;Eupen, qui avait mis les habitants devant le fait accompli\" \/>\n<meta property=\"og:url\" content=\"https:\/\/vieassociative.be\/actualites\/ville-deupen-recolte-du-bois-et-abattage-securise-dans-la-foret-municipale-du-schorberg-environ-340-arbres-doivent-etre-detruits\/\" \/>\n<meta property=\"og:site_name\" content=\"Vie Associative\" \/>\n<meta property=\"article:published_time\" content=\"2025-10-08T14:17:06+00:00\" \/>\n<meta property=\"og:image\" content=\"https:\/\/vieassociative.be\/actualites\/wp-content\/uploads\/2024\/09\/header_backgroundk-01-e1726694325946.png\" \/>\n\t<meta property=\"og:image:width\" content=\"279\" \/>\n\t<meta property=\"og:image:height\" content=\"92\" \/>\n\t<meta property=\"og:image:type\" content=\"image\/png\" \/>\n<meta name=\"author\" content=\"Julien\" \/>\n<meta name=\"twitter:card\" content=\"summary_large_image\" \/>\n<meta name=\"twitter:label1\" content=\"\u00c9crit par\" \/>\n\t<meta name=\"twitter:data1\" content=\"Julien\" \/>\n\t<meta name=\"twitter:label2\" content=\"Dur\u00e9e de lecture est.\" \/>\n\t<meta name=\"twitter:data2\" content=\"2 minutes\" \/>\n<script type=\"application\/ld+json\" class=\"yoast-schema-graph\">{\"@context\":\"https:\/\/schema.org\",\"@graph\":[{\"@type\":\"Article\",\"@id\":\"https:\/\/vieassociative.be\/actualites\/ville-deupen-recolte-du-bois-et-abattage-securise-dans-la-foret-municipale-du-schorberg-environ-340-arbres-doivent-etre-detruits\/#article\",\"isPartOf\":{\"@id\":\"https:\/\/vieassociative.be\/actualites\/ville-deupen-recolte-du-bois-et-abattage-securise-dans-la-foret-municipale-du-schorberg-environ-340-arbres-doivent-etre-detruits\/\"},\"author\":{\"name\":\"Julien\",\"@id\":\"https:\/\/vieassociative.be\/actualites\/#\/schema\/person\/b87ac4f82f9d4e7b7cec7395b679edc4\"},\"headline\":\"Ville d&rsquo;Eupen : R\u00e9colte du bois et abattage s\u00e9curis\u00e9 dans la for\u00eat municipale du Schorberg \u2013 environ 340 arbres doivent \u00eatre d\u00e9truits\",\"datePublished\":\"2025-10-08T14:17:06+00:00\",\"dateModified\":\"2025-10-08T14:17:06+00:00\",\"mainEntityOfPage\":{\"@id\":\"https:\/\/vieassociative.be\/actualites\/ville-deupen-recolte-du-bois-et-abattage-securise-dans-la-foret-municipale-du-schorberg-environ-340-arbres-doivent-etre-detruits\/\"},\"wordCount\":527,\"publisher\":{\"@id\":\"https:\/\/vieassociative.be\/actualites\/#organization\"},\"image\":{\"@id\":\"https:\/\/vieassociative.be\/actualites\/ville-deupen-recolte-du-bois-et-abattage-securise-dans-la-foret-municipale-du-schorberg-environ-340-arbres-doivent-etre-detruits\/#primaryimage\"},\"thumbnailUrl\":\"https:\/\/vieassociative.be\/actualites\/wp-content\/uploads\/2025\/10\/1759933027_Ville-dEupen-Recolte-du-bois-et-abattage-securise-dans.jpg\",\"keywords\":[\"abattage\",\"arbres\",\"bois\",\"dans\",\"d\u00e9truits\",\"dEupen\",\"doivent\",\"Environ\",\"\u00eatre\",\"for\u00eat\",\"municipale\",\"R\u00e9colte\",\"Schorberg\",\"s\u00e9curis\u00e9\",\"ville\"],\"articleSection\":[\"Belgique\"],\"inLanguage\":\"fr-BE\"},{\"@type\":\"WebPage\",\"@id\":\"https:\/\/vieassociative.be\/actualites\/ville-deupen-recolte-du-bois-et-abattage-securise-dans-la-foret-municipale-du-schorberg-environ-340-arbres-doivent-etre-detruits\/\",\"url\":\"https:\/\/vieassociative.be\/actualites\/ville-deupen-recolte-du-bois-et-abattage-securise-dans-la-foret-municipale-du-schorberg-environ-340-arbres-doivent-etre-detruits\/\",\"name\":\"Ville d'Eupen : R\u00e9colte du bois et abattage s\u00e9curis\u00e9 dans la for\u00eat municipale du Schorberg \u2013 environ 340 arbres doivent \u00eatre d\u00e9truits | Vie Associative\",\"isPartOf\":{\"@id\":\"https:\/\/vieassociative.be\/actualites\/#website\"},\"primaryImageOfPage\":{\"@id\":\"https:\/\/vieassociative.be\/actualites\/ville-deupen-recolte-du-bois-et-abattage-securise-dans-la-foret-municipale-du-schorberg-environ-340-arbres-doivent-etre-detruits\/#primaryimage\"},\"image\":{\"@id\":\"https:\/\/vieassociative.be\/actualites\/ville-deupen-recolte-du-bois-et-abattage-securise-dans-la-foret-municipale-du-schorberg-environ-340-arbres-doivent-etre-detruits\/#primaryimage\"},\"thumbnailUrl\":\"https:\/\/vieassociative.be\/actualites\/wp-content\/uploads\/2025\/10\/1759933027_Ville-dEupen-Recolte-du-bois-et-abattage-securise-dans.jpg\",\"datePublished\":\"2025-10-08T14:17:06+00:00\",\"dateModified\":\"2025-10-08T14:17:06+00:00\",\"breadcrumb\":{\"@id\":\"https:\/\/vieassociative.be\/actualites\/ville-deupen-recolte-du-bois-et-abattage-securise-dans-la-foret-municipale-du-schorberg-environ-340-arbres-doivent-etre-detruits\/#breadcrumb\"},\"inLanguage\":\"fr-BE\",\"potentialAction\":[{\"@type\":\"ReadAction\",\"target\":[\"https:\/\/vieassociative.be\/actualites\/ville-deupen-recolte-du-bois-et-abattage-securise-dans-la-foret-municipale-du-schorberg-environ-340-arbres-doivent-etre-detruits\/\"]}]},{\"@type\":\"ImageObject\",\"inLanguage\":\"fr-BE\",\"@id\":\"https:\/\/vieassociative.be\/actualites\/ville-deupen-recolte-du-bois-et-abattage-securise-dans-la-foret-municipale-du-schorberg-environ-340-arbres-doivent-etre-detruits\/#primaryimage\",\"url\":\"https:\/\/vieassociative.be\/actualites\/wp-content\/uploads\/2025\/10\/1759933027_Ville-dEupen-Recolte-du-bois-et-abattage-securise-dans.jpg\",\"contentUrl\":\"https:\/\/vieassociative.be\/actualites\/wp-content\/uploads\/2025\/10\/1759933027_Ville-dEupen-Recolte-du-bois-et-abattage-securise-dans.jpg\",\"width\":1300,\"height\":869,\"caption\":\"Ville d'Eupen : R\u00e9colte du bois et abattage s\u00e9curis\u00e9 dans la for\u00eat municipale du Schorberg \u2013 environ 340 arbres doivent \u00eatre d\u00e9truits\"},{\"@type\":\"BreadcrumbList\",\"@id\":\"https:\/\/vieassociative.be\/actualites\/ville-deupen-recolte-du-bois-et-abattage-securise-dans-la-foret-municipale-du-schorberg-environ-340-arbres-doivent-etre-detruits\/#breadcrumb\",\"itemListElement\":[{\"@type\":\"ListItem\",\"position\":1,\"name\":\"Accueil\",\"item\":\"https:\/\/vieassociative.be\/actualites\/\"},{\"@type\":\"ListItem\",\"position\":2,\"name\":\"Ville d&rsquo;Eupen : R\u00e9colte du bois et abattage s\u00e9curis\u00e9 dans la for\u00eat municipale du Schorberg \u2013 environ 340 arbres doivent \u00eatre d\u00e9truits\"}]},{\"@type\":\"WebSite\",\"@id\":\"https:\/\/vieassociative.be\/actualites\/#website\",\"url\":\"https:\/\/vieassociative.be\/actualites\/\",\"name\":\"Vie Associative\",\"description\":\"\",\"publisher\":{\"@id\":\"https:\/\/vieassociative.be\/actualites\/#organization\"},\"potentialAction\":[{\"@type\":\"SearchAction\",\"target\":{\"@type\":\"EntryPoint\",\"urlTemplate\":\"https:\/\/vieassociative.be\/actualites\/?s={search_term_string}\"},\"query-input\":{\"@type\":\"PropertyValueSpecification\",\"valueRequired\":true,\"valueName\":\"search_term_string\"}}],\"inLanguage\":\"fr-BE\"},{\"@type\":\"Organization\",\"@id\":\"https:\/\/vieassociative.be\/actualites\/#organization\",\"name\":\"Vie Associative\",\"url\":\"https:\/\/vieassociative.be\/actualites\/\",\"logo\":{\"@type\":\"ImageObject\",\"inLanguage\":\"fr-BE\",\"@id\":\"https:\/\/vieassociative.be\/actualites\/#\/schema\/logo\/image\/\",\"url\":\"https:\/\/vieassociative.be\/actualites\/wp-content\/uploads\/2024\/09\/cropped-vieassociative_favicon.ico.png\",\"contentUrl\":\"https:\/\/vieassociative.be\/actualites\/wp-content\/uploads\/2024\/09\/cropped-vieassociative_favicon.ico.png\",\"width\":512,\"height\":512,\"caption\":\"Vie Associative\"},\"image\":{\"@id\":\"https:\/\/vieassociative.be\/actualites\/#\/schema\/logo\/image\/\"}},{\"@type\":\"Person\",\"@id\":\"https:\/\/vieassociative.be\/actualites\/#\/schema\/person\/b87ac4f82f9d4e7b7cec7395b679edc4\",\"name\":\"Julien\",\"image\":{\"@type\":\"ImageObject\",\"inLanguage\":\"fr-BE\",\"@id\":\"https:\/\/vieassociative.be\/actualites\/#\/schema\/person\/image\/\",\"url\":\"https:\/\/vieassociative.be\/actualites\/wp-content\/uploads\/2024\/09\/vie-associative-1-150x150.jpg\",\"contentUrl\":\"https:\/\/vieassociative.be\/actualites\/wp-content\/uploads\/2024\/09\/vie-associative-1-150x150.jpg\",\"caption\":\"Julien\"},\"description\":\"Je suis Julien, r\u00e9dacteur pour Vie Associative. Passionn\u00e9 par le monde associatif depuis plus de 10 ans, j'ai \u00e0 c\u0153ur de partager des histoires inspirantes et de mettre en lumi\u00e8re les initiatives locales. Mon objectif est de sensibiliser et d'encourager l'engagement communautaire \u00e0 travers mes articles.\",\"sameAs\":[\"https:\/\/vieassociative.be\/\"]}]}<\/script>\n<!-- \/ Yoast SEO plugin. -->","yoast_head_json":{"title":"Ville d'Eupen : R\u00e9colte du bois et abattage s\u00e9curis\u00e9 dans la for\u00eat municipale du Schorberg \u2013 environ 340 arbres doivent \u00eatre d\u00e9truits | Vie Associative","robots":{"index":"index","follow":"follow","max-snippet":"max-snippet:-1","max-image-preview":"max-image-preview:large","max-video-preview":"max-video-preview:-1"},"canonical":"https:\/\/vieassociative.be\/actualites\/ville-deupen-recolte-du-bois-et-abattage-securise-dans-la-foret-municipale-du-schorberg-environ-340-arbres-doivent-etre-detruits\/","og_locale":"fr_FR","og_type":"article","og_title":"Ville d'Eupen : R\u00e9colte du bois et abattage s\u00e9curis\u00e9 dans la for\u00eat municipale du Schorberg \u2013 environ 340 arbres doivent \u00eatre d\u00e9truits | Vie Associative","og_description":"Afin de ne pas commettre la m\u00eame erreur que l&rsquo;ancienne majorit\u00e9 Ecolo-PFF-SP au conseil municipal d&rsquo;Eupen, qui avait mis les habitants devant le fait accompli","og_url":"https:\/\/vieassociative.be\/actualites\/ville-deupen-recolte-du-bois-et-abattage-securise-dans-la-foret-municipale-du-schorberg-environ-340-arbres-doivent-etre-detruits\/","og_site_name":"Vie Associative","article_published_time":"2025-10-08T14:17:06+00:00","og_image":[{"width":279,"height":92,"url":"https:\/\/vieassociative.be\/actualites\/wp-content\/uploads\/2024\/09\/header_backgroundk-01-e1726694325946.png","type":"image\/png"}],"author":"Julien","twitter_card":"summary_large_image","twitter_misc":{"\u00c9crit par":"Julien","Dur\u00e9e de lecture est.":"2 minutes"},"schema":{"@context":"https:\/\/schema.org","@graph":[{"@type":"Article","@id":"https:\/\/vieassociative.be\/actualites\/ville-deupen-recolte-du-bois-et-abattage-securise-dans-la-foret-municipale-du-schorberg-environ-340-arbres-doivent-etre-detruits\/#article","isPartOf":{"@id":"https:\/\/vieassociative.be\/actualites\/ville-deupen-recolte-du-bois-et-abattage-securise-dans-la-foret-municipale-du-schorberg-environ-340-arbres-doivent-etre-detruits\/"},"author":{"name":"Julien","@id":"https:\/\/vieassociative.be\/actualites\/#\/schema\/person\/b87ac4f82f9d4e7b7cec7395b679edc4"},"headline":"Ville d&rsquo;Eupen : R\u00e9colte du bois et abattage s\u00e9curis\u00e9 dans la for\u00eat municipale du Schorberg \u2013 environ 340 arbres doivent \u00eatre d\u00e9truits","datePublished":"2025-10-08T14:17:06+00:00","dateModified":"2025-10-08T14:17:06+00:00","mainEntityOfPage":{"@id":"https:\/\/vieassociative.be\/actualites\/ville-deupen-recolte-du-bois-et-abattage-securise-dans-la-foret-municipale-du-schorberg-environ-340-arbres-doivent-etre-detruits\/"},"wordCount":527,"publisher":{"@id":"https:\/\/vieassociative.be\/actualites\/#organization"},"image":{"@id":"https:\/\/vieassociative.be\/actualites\/ville-deupen-recolte-du-bois-et-abattage-securise-dans-la-foret-municipale-du-schorberg-environ-340-arbres-doivent-etre-detruits\/#primaryimage"},"thumbnailUrl":"https:\/\/vieassociative.be\/actualites\/wp-content\/uploads\/2025\/10\/1759933027_Ville-dEupen-Recolte-du-bois-et-abattage-securise-dans.jpg","keywords":["abattage","arbres","bois","dans","d\u00e9truits","dEupen","doivent","Environ","\u00eatre","for\u00eat","municipale","R\u00e9colte","Schorberg","s\u00e9curis\u00e9","ville"],"articleSection":["Belgique"],"inLanguage":"fr-BE"},{"@type":"WebPage","@id":"https:\/\/vieassociative.be\/actualites\/ville-deupen-recolte-du-bois-et-abattage-securise-dans-la-foret-municipale-du-schorberg-environ-340-arbres-doivent-etre-detruits\/","url":"https:\/\/vieassociative.be\/actualites\/ville-deupen-recolte-du-bois-et-abattage-securise-dans-la-foret-municipale-du-schorberg-environ-340-arbres-doivent-etre-detruits\/","name":"Ville d'Eupen : R\u00e9colte du bois et abattage s\u00e9curis\u00e9 dans la for\u00eat municipale du Schorberg \u2013 environ 340 arbres doivent \u00eatre d\u00e9truits | Vie Associative","isPartOf":{"@id":"https:\/\/vieassociative.be\/actualites\/#website"},"primaryImageOfPage":{"@id":"https:\/\/vieassociative.be\/actualites\/ville-deupen-recolte-du-bois-et-abattage-securise-dans-la-foret-municipale-du-schorberg-environ-340-arbres-doivent-etre-detruits\/#primaryimage"},"image":{"@id":"https:\/\/vieassociative.be\/actualites\/ville-deupen-recolte-du-bois-et-abattage-securise-dans-la-foret-municipale-du-schorberg-environ-340-arbres-doivent-etre-detruits\/#primaryimage"},"thumbnailUrl":"https:\/\/vieassociative.be\/actualites\/wp-content\/uploads\/2025\/10\/1759933027_Ville-dEupen-Recolte-du-bois-et-abattage-securise-dans.jpg","datePublished":"2025-10-08T14:17:06+00:00","dateModified":"2025-10-08T14:17:06+00:00","breadcrumb":{"@id":"https:\/\/vieassociative.be\/actualites\/ville-deupen-recolte-du-bois-et-abattage-securise-dans-la-foret-municipale-du-schorberg-environ-340-arbres-doivent-etre-detruits\/#breadcrumb"},"inLanguage":"fr-BE","potentialAction":[{"@type":"ReadAction","target":["https:\/\/vieassociative.be\/actualites\/ville-deupen-recolte-du-bois-et-abattage-securise-dans-la-foret-municipale-du-schorberg-environ-340-arbres-doivent-etre-detruits\/"]}]},{"@type":"ImageObject","inLanguage":"fr-BE","@id":"https:\/\/vieassociative.be\/actualites\/ville-deupen-recolte-du-bois-et-abattage-securise-dans-la-foret-municipale-du-schorberg-environ-340-arbres-doivent-etre-detruits\/#primaryimage","url":"https:\/\/vieassociative.be\/actualites\/wp-content\/uploads\/2025\/10\/1759933027_Ville-dEupen-Recolte-du-bois-et-abattage-securise-dans.jpg","contentUrl":"https:\/\/vieassociative.be\/actualites\/wp-content\/uploads\/2025\/10\/1759933027_Ville-dEupen-Recolte-du-bois-et-abattage-securise-dans.jpg","width":1300,"height":869,"caption":"Ville d'Eupen : R\u00e9colte du bois et abattage s\u00e9curis\u00e9 dans la for\u00eat municipale du Schorberg \u2013 environ 340 arbres doivent \u00eatre d\u00e9truits"},{"@type":"BreadcrumbList","@id":"https:\/\/vieassociative.be\/actualites\/ville-deupen-recolte-du-bois-et-abattage-securise-dans-la-foret-municipale-du-schorberg-environ-340-arbres-doivent-etre-detruits\/#breadcrumb","itemListElement":[{"@type":"ListItem","position":1,"name":"Accueil","item":"https:\/\/vieassociative.be\/actualites\/"},{"@type":"ListItem","position":2,"name":"Ville d&rsquo;Eupen : R\u00e9colte du bois et abattage s\u00e9curis\u00e9 dans la for\u00eat municipale du Schorberg \u2013 environ 340 arbres doivent \u00eatre d\u00e9truits"}]},{"@type":"WebSite","@id":"https:\/\/vieassociative.be\/actualites\/#website","url":"https:\/\/vieassociative.be\/actualites\/","name":"Vie Associative","description":"","publisher":{"@id":"https:\/\/vieassociative.be\/actualites\/#organization"},"potentialAction":[{"@type":"SearchAction","target":{"@type":"EntryPoint","urlTemplate":"https:\/\/vieassociative.be\/actualites\/?s={search_term_string}"},"query-input":{"@type":"PropertyValueSpecification","valueRequired":true,"valueName":"search_term_string"}}],"inLanguage":"fr-BE"},{"@type":"Organization","@id":"https:\/\/vieassociative.be\/actualites\/#organization","name":"Vie Associative","url":"https:\/\/vieassociative.be\/actualites\/","logo":{"@type":"ImageObject","inLanguage":"fr-BE","@id":"https:\/\/vieassociative.be\/actualites\/#\/schema\/logo\/image\/","url":"https:\/\/vieassociative.be\/actualites\/wp-content\/uploads\/2024\/09\/cropped-vieassociative_favicon.ico.png","contentUrl":"https:\/\/vieassociative.be\/actualites\/wp-content\/uploads\/2024\/09\/cropped-vieassociative_favicon.ico.png","width":512,"height":512,"caption":"Vie Associative"},"image":{"@id":"https:\/\/vieassociative.be\/actualites\/#\/schema\/logo\/image\/"}},{"@type":"Person","@id":"https:\/\/vieassociative.be\/actualites\/#\/schema\/person\/b87ac4f82f9d4e7b7cec7395b679edc4","name":"Julien","image":{"@type":"ImageObject","inLanguage":"fr-BE","@id":"https:\/\/vieassociative.be\/actualites\/#\/schema\/person\/image\/","url":"https:\/\/vieassociative.be\/actualites\/wp-content\/uploads\/2024\/09\/vie-associative-1-150x150.jpg","contentUrl":"https:\/\/vieassociative.be\/actualites\/wp-content\/uploads\/2024\/09\/vie-associative-1-150x150.jpg","caption":"Julien"},"description":"Je suis Julien, r\u00e9dacteur pour Vie Associative. Passionn\u00e9 par le monde associatif depuis plus de 10 ans, j'ai \u00e0 c\u0153ur de partager des histoires inspirantes et de mettre en lumi\u00e8re les initiatives locales. Mon objectif est de sensibiliser et d'encourager l'engagement communautaire \u00e0 travers mes articles.","sameAs":["https:\/\/vieassociative.be\/"]}]}},"_links":{"self":[{"href":"https:\/\/vieassociative.be\/actualites\/wp-json\/wp\/v2\/posts\/10527"}],"collection":[{"href":"https:\/\/vieassociative.be\/actualites\/wp-json\/wp\/v2\/posts"}],"about":[{"href":"https:\/\/vieassociative.be\/actualites\/wp-json\/wp\/v2\/types\/post"}],"author":[{"embeddable":true,"href":"https:\/\/vieassociative.be\/actualites\/wp-json\/wp\/v2\/users\/1"}],"replies":[{"embeddable":true,"href":"https:\/\/vieassociative.be\/actualites\/wp-json\/wp\/v2\/comments?post=10527"}],"version-history":[{"count":0,"href":"https:\/\/vieassociative.be\/actualites\/wp-json\/wp\/v2\/posts\/10527\/revisions"}],"wp:featuredmedia":[{"embeddable":true,"href":"https:\/\/vieassociative.be\/actualites\/wp-json\/wp\/v2\/media\/10528"}],"wp:attachment":[{"href":"https:\/\/vieassociative.be\/actualites\/wp-json\/wp\/v2\/media?parent=10527"}],"wp:term":[{"taxonomy":"category","embeddable":true,"href":"https:\/\/vieassociative.be\/actualites\/wp-json\/wp\/v2\/categories?post=10527"},{"taxonomy":"post_tag","embeddable":true,"href":"https:\/\/vieassociative.be\/actualites\/wp-json\/wp\/v2\/tags?post=10527"}],"curies":[{"name":"wp","href":"https:\/\/api.w.org\/{rel}","templated":true}]}}