{"id":10526,"date":"2025-10-08T16:20:41","date_gmt":"2025-10-08T14:20:41","guid":{"rendered":"https:\/\/vieassociative.be\/actualites\/?p=10526"},"modified":"2025-10-08T16:20:42","modified_gmt":"2025-10-08T14:20:42","slug":"ce-lac-isole-en-haute-savoie-fascine-par-ses-eaux-dun-bleu-presque-irreel","status":"publish","type":"post","link":"https:\/\/vieassociative.be\/actualites\/ce-lac-isole-en-haute-savoie-fascine-par-ses-eaux-dun-bleu-presque-irreel\/","title":{"rendered":"Ce lac isol\u00e9 en Haute-Savoie fascine par ses eaux d\u2019un bleu presque irr\u00e9el"},"content":{"rendered":"\n<h2 class=\"wp-block-heading\">Un joyau cach\u00e9 au c\u0153ur des Alpes<\/h2>\n\n\n\n<p>Nich\u00e9e dans les montagnes de <strong>Haute-Savoie<\/strong>, une \u00e9tendue d\u2019eau cristalline attire depuis quelques ann\u00e9es les <strong>curieux, randonneurs et photographes<\/strong> du monde entier.<br>Ce lac, difficile d\u2019acc\u00e8s et pourtant spectaculaire, fascine par la <strong>puret\u00e9 de ses eaux<\/strong> et leur <strong>teinte d\u2019un bleu presque surnaturel<\/strong>.<\/p>\n\n\n\n<p>Entour\u00e9 de for\u00eats de sapins et de falaises abruptes, le lieu semble <strong>hors du temps<\/strong>.<br>Le silence n\u2019y est troubl\u00e9 que par le chant des oiseaux et le clapotis de l\u2019eau.<br>Pour beaucoup, c\u2019est un <strong>havre de paix<\/strong>, un refuge loin de l\u2019agitation du monde moderne.<\/p>\n\n\n\n<blockquote class=\"wp-block-quote is-layout-flow wp-block-quote-is-layout-flow\">\n<p>\u201cC\u2019est l\u2019un des endroits les plus magiques que j\u2019aie vus en montagne. Le bleu du lac change avec la lumi\u00e8re, c\u2019est hypnotisant\u201d, raconte <strong>Claire<\/strong>, une randonneuse venue de Lyon.<\/p>\n<\/blockquote>\n\n\n\n<h2 class=\"wp-block-heading\">Un lac aux origines myst\u00e9rieuses<\/h2>\n\n\n\n<p>Ce lac, situ\u00e9 \u00e0 plus de 1 500 m\u00e8tres d\u2019altitude, a longtemps \u00e9t\u00e9 <strong>m\u00e9connu du grand public<\/strong>.<br>Form\u00e9 par un ancien <strong>glacier alpin<\/strong>, il doit sa couleur saisissante \u00e0 un <strong>m\u00e9lange unique de min\u00e9raux et de micro-organismes<\/strong> qui filtrent la lumi\u00e8re du soleil.<br>R\u00e9sultat : une eau d\u2019une <strong>transparence absolue<\/strong>, oscillant entre <strong>bleu turquoise et \u00e9meraude<\/strong> selon les heures de la journ\u00e9e.<\/p>\n\n\n\n<p>Les g\u00e9ologues expliquent que le fond du lac, compos\u00e9 d\u2019argile blanche et de s\u00e9diments glaciaires, agit comme un <strong>miroir naturel<\/strong>, renvoyant la lumi\u00e8re et donnant cette <strong>teinte irr\u00e9elle<\/strong>.<br>Un ph\u00e9nom\u00e8ne rare, qui n\u2019existe que dans quelques lacs au monde, notamment au Canada et en Islande.<\/p>\n\n\n\n<h2 class=\"wp-block-heading\">Une nature pr\u00e9serv\u00e9e et fragile<\/h2>\n\n\n\n<p>L\u2019une des particularit\u00e9s de ce lac est son <strong>isolement total<\/strong>.<br>Aucun acc\u00e8s direct par la route : il faut <strong>marcher entre une et deux heures<\/strong> \u00e0 travers des sentiers forestiers pour l\u2019atteindre.<br>C\u2019est ce qui a permis de <strong>pr\u00e9server la beaut\u00e9 sauvage du site<\/strong>, encore \u00e9pargn\u00e9 par le tourisme de masse.<\/p>\n\n\n\n<p>Le lieu est entour\u00e9 d\u2019une flore alpine exceptionnelle : <strong>gentianes bleues, edelweiss, linaigrettes<\/strong>&#8230; et m\u00eame des <strong>aigles royaux<\/strong> qui planent parfois au-dessus de l\u2019eau.<br>Les visiteurs sont invit\u00e9s \u00e0 respecter cet \u00e9quilibre fragile, car le site fait partie d\u2019une <strong>zone prot\u00e9g\u00e9e<\/strong>.<\/p>\n\n\n\n<p>Les autorit\u00e9s locales rappellent r\u00e9guli\u00e8rement quelques r\u00e8gles simples :<\/p>\n\n\n\n<ul class=\"wp-block-list\">\n<li>Ne pas se baigner ni utiliser de produits polluants (savons, cr\u00e8mes)<\/li>\n\n\n\n<li>Ramener ses d\u00e9chets et <strong>ne rien cueillir<\/strong> sur place<\/li>\n\n\n\n<li>Rester sur les sentiers balis\u00e9s pour prot\u00e9ger la v\u00e9g\u00e9tation<\/li>\n<\/ul>\n\n\n\n<blockquote class=\"wp-block-quote is-layout-flow wp-block-quote-is-layout-flow\">\n<p>\u201cCe lac n\u2019est pas un lieu de loisir, c\u2019est un \u00e9cosyst\u00e8me vivant. Il faut le contempler, pas le consommer\u201d, souligne un guide local.<\/p>\n<\/blockquote>\n\n\n\n<h2 class=\"wp-block-heading\">Un d\u00e9cor de carte postale pour les photographes<\/h2>\n\n\n\n<p>\u00c0 l\u2019aube ou au coucher du soleil, les reflets du ciel et des montagnes se m\u00e9langent \u00e0 ceux du lac, offrant un <strong>spectacle visuel \u00e0 couper le souffle<\/strong>.<br>Les amateurs de photo s\u2019y rendent pour capturer <strong>la lumi\u00e8re changeante<\/strong>, tandis que les randonneurs profitent du calme absolu.<\/p>\n\n\n\n<p>Certains clich\u00e9s diffus\u00e9s sur les r\u00e9seaux sociaux ont contribu\u00e9 \u00e0 faire conna\u00eetre le site.<br>Le hashtag portant le nom du lac cumule aujourd\u2019hui <strong>des milliers de publications<\/strong> sur Instagram, chacune vantant la beaut\u00e9 \u201cirr\u00e9elle\u201d de ce coin secret de Haute-Savoie.<\/p>\n\n\n\n<p>Mais ce succ\u00e8s inqui\u00e8te aussi les d\u00e9fenseurs de la nature.<br>Ils redoutent que la popularit\u00e9 croissante du lieu entra\u00eene <strong>une surfr\u00e9quentation<\/strong> et une <strong>d\u00e9t\u00e9rioration du site<\/strong>.<br>Des panneaux invitent d\u00e9sormais les visiteurs \u00e0 <strong>venir en petits groupes<\/strong> et \u00e0 <strong>respecter le silence du lieu<\/strong>.<\/p>\n\n\n\n<h2 class=\"wp-block-heading\">Entre l\u00e9gendes et r\u00e9alit\u00e9<\/h2>\n\n\n\n<p>Comme souvent dans les montagnes, la beaut\u00e9 du lac s\u2019accompagne de <strong>l\u00e9gendes locales<\/strong>.<br>Les anciens racontent qu\u2019il serait <strong>habit\u00e9 par un esprit des eaux<\/strong>, protecteur du massif, qui veille \u00e0 ce que le lieu reste pur.<br>D\u2019autres parlent d\u2019un <strong>cheval fant\u00f4me<\/strong> qui appara\u00eetrait certaines nuits d\u2019\u00e9t\u00e9, galopant sur la surface bleue avant de dispara\u00eetre dans la brume.<\/p>\n\n\n\n<p>Ces r\u00e9cits, transmis de g\u00e9n\u00e9ration en g\u00e9n\u00e9ration, participent au <strong>charme myst\u00e9rieux<\/strong> du site.<br>M\u00eame les habitants des vall\u00e9es alentour reconnaissent qu\u2019il s\u2019en d\u00e9gage une <strong>atmosph\u00e8re particuli\u00e8re<\/strong>, difficile \u00e0 expliquer mais impossible \u00e0 oublier.<\/p>\n\n\n\n<h2 class=\"wp-block-heading\">Un tr\u00e9sor discret \u00e0 d\u00e9couvrir<\/h2>\n\n\n\n<p>Visiter ce lac isol\u00e9, c\u2019est accepter de <strong>prendre le temps<\/strong>.<br>Le sentier qui y m\u00e8ne serpente entre for\u00eats et alpages, offrant des panoramas superbes sur les sommets environnants.<br>\u00c0 l\u2019arriv\u00e9e, le silence et la couleur irr\u00e9elle de l\u2019eau laissent sans voix.<\/p>\n\n\n\n<blockquote class=\"wp-block-quote is-layout-flow wp-block-quote-is-layout-flow\">\n<p>\u201cC\u2019est un lieu qui force le respect. On se sent tout petit face \u00e0 une telle beaut\u00e9\u201d, confie Claire, \u00e9mue.<\/p>\n<\/blockquote>\n\n\n\n<p>En Haute-Savoie, ce lac reste un <strong>secret bien gard\u00e9<\/strong>, connu seulement des passionn\u00e9s de montagne et des amoureux de nature pr\u00e9serv\u00e9e.<br>Mais ceux qui y sont all\u00e9s en reviennent avec une certitude : <strong>ce lieu n\u2019est pas qu\u2019un paysage, c\u2019est une \u00e9motion<\/strong>.<\/p>\n","protected":false},"excerpt":{"rendered":"<p>Un joyau cach\u00e9 au c\u0153ur des Alpes Nich\u00e9e dans les montagnes de Haute-Savoie, une \u00e9tendue d\u2019eau cristalline attire depuis quelques ann\u00e9es les curieux, randonneurs et<\/p>\n","protected":false},"author":1,"featured_media":10529,"comment_status":"closed","ping_status":"closed","sticky":false,"template":"","format":"standard","meta":{"footnotes":""},"categories":[12],"tags":[],"class_list":["post-10526","post","type-post","status-publish","format-standard","has-post-thumbnail","hentry","category-voyage","generate-columns","tablet-grid-50","mobile-grid-100","grid-parent","grid-33"],"yoast_head":"<!-- This site is optimized with the Yoast SEO plugin v24.0 - https:\/\/yoast.com\/wordpress\/plugins\/seo\/ -->\n<title>Ce lac isol\u00e9 en Haute-Savoie fascine par ses eaux d\u2019un bleu presque irr\u00e9el | Vie Associative<\/title>\n<meta name=\"robots\" content=\"index, follow, max-snippet:-1, max-image-preview:large, max-video-preview:-1\" \/>\n<link rel=\"canonical\" href=\"https:\/\/vieassociative.be\/actualites\/ce-lac-isole-en-haute-savoie-fascine-par-ses-eaux-dun-bleu-presque-irreel\/\" \/>\n<meta property=\"og:locale\" content=\"fr_FR\" \/>\n<meta property=\"og:type\" content=\"article\" \/>\n<meta property=\"og:title\" content=\"Ce lac isol\u00e9 en Haute-Savoie fascine par ses eaux d\u2019un bleu presque irr\u00e9el | Vie Associative\" \/>\n<meta property=\"og:description\" content=\"Un joyau cach\u00e9 au c\u0153ur des Alpes Nich\u00e9e dans les montagnes de Haute-Savoie, une \u00e9tendue d\u2019eau cristalline attire depuis quelques ann\u00e9es les curieux, randonneurs et\" \/>\n<meta property=\"og:url\" content=\"https:\/\/vieassociative.be\/actualites\/ce-lac-isole-en-haute-savoie-fascine-par-ses-eaux-dun-bleu-presque-irreel\/\" \/>\n<meta property=\"og:site_name\" content=\"Vie Associative\" \/>\n<meta property=\"article:published_time\" content=\"2025-10-08T14:20:41+00:00\" \/>\n<meta property=\"article:modified_time\" content=\"2025-10-08T14:20:42+00:00\" \/>\n<meta property=\"og:image\" content=\"https:\/\/vieassociative.be\/actualites\/wp-content\/uploads\/2025\/10\/Ce-lac-isole-en-Haute-Savoie-fascine-par-ses-eaux-dun-bleu-presque-irreel.jpg\" \/>\n\t<meta property=\"og:image:width\" content=\"1980\" \/>\n\t<meta property=\"og:image:height\" content=\"1080\" \/>\n\t<meta property=\"og:image:type\" content=\"image\/jpeg\" \/>\n<meta name=\"author\" content=\"Julien\" \/>\n<meta name=\"twitter:card\" content=\"summary_large_image\" \/>\n<meta name=\"twitter:label1\" content=\"\u00c9crit par\" \/>\n\t<meta name=\"twitter:data1\" content=\"Julien\" \/>\n\t<meta name=\"twitter:label2\" content=\"Dur\u00e9e de lecture est.\" \/>\n\t<meta name=\"twitter:data2\" content=\"4 minutes\" \/>\n<script type=\"application\/ld+json\" class=\"yoast-schema-graph\">{\"@context\":\"https:\/\/schema.org\",\"@graph\":[{\"@type\":\"Article\",\"@id\":\"https:\/\/vieassociative.be\/actualites\/ce-lac-isole-en-haute-savoie-fascine-par-ses-eaux-dun-bleu-presque-irreel\/#article\",\"isPartOf\":{\"@id\":\"https:\/\/vieassociative.be\/actualites\/ce-lac-isole-en-haute-savoie-fascine-par-ses-eaux-dun-bleu-presque-irreel\/\"},\"author\":{\"name\":\"Julien\",\"@id\":\"https:\/\/vieassociative.be\/actualites\/#\/schema\/person\/b87ac4f82f9d4e7b7cec7395b679edc4\"},\"headline\":\"Ce lac isol\u00e9 en Haute-Savoie fascine par ses eaux d\u2019un bleu presque irr\u00e9el\",\"datePublished\":\"2025-10-08T14:20:41+00:00\",\"dateModified\":\"2025-10-08T14:20:42+00:00\",\"mainEntityOfPage\":{\"@id\":\"https:\/\/vieassociative.be\/actualites\/ce-lac-isole-en-haute-savoie-fascine-par-ses-eaux-dun-bleu-presque-irreel\/\"},\"wordCount\":851,\"publisher\":{\"@id\":\"https:\/\/vieassociative.be\/actualites\/#organization\"},\"image\":{\"@id\":\"https:\/\/vieassociative.be\/actualites\/ce-lac-isole-en-haute-savoie-fascine-par-ses-eaux-dun-bleu-presque-irreel\/#primaryimage\"},\"thumbnailUrl\":\"https:\/\/vieassociative.be\/actualites\/wp-content\/uploads\/2025\/10\/Ce-lac-isole-en-Haute-Savoie-fascine-par-ses-eaux-dun-bleu-presque-irreel.jpg\",\"articleSection\":[\"Voyage\"],\"inLanguage\":\"fr-BE\"},{\"@type\":\"WebPage\",\"@id\":\"https:\/\/vieassociative.be\/actualites\/ce-lac-isole-en-haute-savoie-fascine-par-ses-eaux-dun-bleu-presque-irreel\/\",\"url\":\"https:\/\/vieassociative.be\/actualites\/ce-lac-isole-en-haute-savoie-fascine-par-ses-eaux-dun-bleu-presque-irreel\/\",\"name\":\"Ce lac isol\u00e9 en Haute-Savoie fascine par ses eaux d\u2019un bleu presque irr\u00e9el | Vie Associative\",\"isPartOf\":{\"@id\":\"https:\/\/vieassociative.be\/actualites\/#website\"},\"primaryImageOfPage\":{\"@id\":\"https:\/\/vieassociative.be\/actualites\/ce-lac-isole-en-haute-savoie-fascine-par-ses-eaux-dun-bleu-presque-irreel\/#primaryimage\"},\"image\":{\"@id\":\"https:\/\/vieassociative.be\/actualites\/ce-lac-isole-en-haute-savoie-fascine-par-ses-eaux-dun-bleu-presque-irreel\/#primaryimage\"},\"thumbnailUrl\":\"https:\/\/vieassociative.be\/actualites\/wp-content\/uploads\/2025\/10\/Ce-lac-isole-en-Haute-Savoie-fascine-par-ses-eaux-dun-bleu-presque-irreel.jpg\",\"datePublished\":\"2025-10-08T14:20:41+00:00\",\"dateModified\":\"2025-10-08T14:20:42+00:00\",\"breadcrumb\":{\"@id\":\"https:\/\/vieassociative.be\/actualites\/ce-lac-isole-en-haute-savoie-fascine-par-ses-eaux-dun-bleu-presque-irreel\/#breadcrumb\"},\"inLanguage\":\"fr-BE\",\"potentialAction\":[{\"@type\":\"ReadAction\",\"target\":[\"https:\/\/vieassociative.be\/actualites\/ce-lac-isole-en-haute-savoie-fascine-par-ses-eaux-dun-bleu-presque-irreel\/\"]}]},{\"@type\":\"ImageObject\",\"inLanguage\":\"fr-BE\",\"@id\":\"https:\/\/vieassociative.be\/actualites\/ce-lac-isole-en-haute-savoie-fascine-par-ses-eaux-dun-bleu-presque-irreel\/#primaryimage\",\"url\":\"https:\/\/vieassociative.be\/actualites\/wp-content\/uploads\/2025\/10\/Ce-lac-isole-en-Haute-Savoie-fascine-par-ses-eaux-dun-bleu-presque-irreel.jpg\",\"contentUrl\":\"https:\/\/vieassociative.be\/actualites\/wp-content\/uploads\/2025\/10\/Ce-lac-isole-en-Haute-Savoie-fascine-par-ses-eaux-dun-bleu-presque-irreel.jpg\",\"width\":1980,\"height\":1080},{\"@type\":\"BreadcrumbList\",\"@id\":\"https:\/\/vieassociative.be\/actualites\/ce-lac-isole-en-haute-savoie-fascine-par-ses-eaux-dun-bleu-presque-irreel\/#breadcrumb\",\"itemListElement\":[{\"@type\":\"ListItem\",\"position\":1,\"name\":\"Accueil\",\"item\":\"https:\/\/vieassociative.be\/actualites\/\"},{\"@type\":\"ListItem\",\"position\":2,\"name\":\"Ce lac isol\u00e9 en Haute-Savoie fascine par ses eaux d\u2019un bleu presque irr\u00e9el\"}]},{\"@type\":\"WebSite\",\"@id\":\"https:\/\/vieassociative.be\/actualites\/#website\",\"url\":\"https:\/\/vieassociative.be\/actualites\/\",\"name\":\"Vie Associative\",\"description\":\"\",\"publisher\":{\"@id\":\"https:\/\/vieassociative.be\/actualites\/#organization\"},\"potentialAction\":[{\"@type\":\"SearchAction\",\"target\":{\"@type\":\"EntryPoint\",\"urlTemplate\":\"https:\/\/vieassociative.be\/actualites\/?s={search_term_string}\"},\"query-input\":{\"@type\":\"PropertyValueSpecification\",\"valueRequired\":true,\"valueName\":\"search_term_string\"}}],\"inLanguage\":\"fr-BE\"},{\"@type\":\"Organization\",\"@id\":\"https:\/\/vieassociative.be\/actualites\/#organization\",\"name\":\"Vie Associative\",\"url\":\"https:\/\/vieassociative.be\/actualites\/\",\"logo\":{\"@type\":\"ImageObject\",\"inLanguage\":\"fr-BE\",\"@id\":\"https:\/\/vieassociative.be\/actualites\/#\/schema\/logo\/image\/\",\"url\":\"https:\/\/vieassociative.be\/actualites\/wp-content\/uploads\/2024\/09\/cropped-vieassociative_favicon.ico.png\",\"contentUrl\":\"https:\/\/vieassociative.be\/actualites\/wp-content\/uploads\/2024\/09\/cropped-vieassociative_favicon.ico.png\",\"width\":512,\"height\":512,\"caption\":\"Vie Associative\"},\"image\":{\"@id\":\"https:\/\/vieassociative.be\/actualites\/#\/schema\/logo\/image\/\"}},{\"@type\":\"Person\",\"@id\":\"https:\/\/vieassociative.be\/actualites\/#\/schema\/person\/b87ac4f82f9d4e7b7cec7395b679edc4\",\"name\":\"Julien\",\"image\":{\"@type\":\"ImageObject\",\"inLanguage\":\"fr-BE\",\"@id\":\"https:\/\/vieassociative.be\/actualites\/#\/schema\/person\/image\/\",\"url\":\"https:\/\/vieassociative.be\/actualites\/wp-content\/uploads\/2024\/09\/vie-associative-1-150x150.jpg\",\"contentUrl\":\"https:\/\/vieassociative.be\/actualites\/wp-content\/uploads\/2024\/09\/vie-associative-1-150x150.jpg\",\"caption\":\"Julien\"},\"description\":\"Je suis Julien, r\u00e9dacteur pour Vie Associative. Passionn\u00e9 par le monde associatif depuis plus de 10 ans, j'ai \u00e0 c\u0153ur de partager des histoires inspirantes et de mettre en lumi\u00e8re les initiatives locales. Mon objectif est de sensibiliser et d'encourager l'engagement communautaire \u00e0 travers mes articles.\",\"sameAs\":[\"https:\/\/vieassociative.be\/\"]}]}<\/script>\n<!-- \/ Yoast SEO plugin. -->","yoast_head_json":{"title":"Ce lac isol\u00e9 en Haute-Savoie fascine par ses eaux d\u2019un bleu presque irr\u00e9el | Vie Associative","robots":{"index":"index","follow":"follow","max-snippet":"max-snippet:-1","max-image-preview":"max-image-preview:large","max-video-preview":"max-video-preview:-1"},"canonical":"https:\/\/vieassociative.be\/actualites\/ce-lac-isole-en-haute-savoie-fascine-par-ses-eaux-dun-bleu-presque-irreel\/","og_locale":"fr_FR","og_type":"article","og_title":"Ce lac isol\u00e9 en Haute-Savoie fascine par ses eaux d\u2019un bleu presque irr\u00e9el | Vie Associative","og_description":"Un joyau cach\u00e9 au c\u0153ur des Alpes Nich\u00e9e dans les montagnes de Haute-Savoie, une \u00e9tendue d\u2019eau cristalline attire depuis quelques ann\u00e9es les curieux, randonneurs et","og_url":"https:\/\/vieassociative.be\/actualites\/ce-lac-isole-en-haute-savoie-fascine-par-ses-eaux-dun-bleu-presque-irreel\/","og_site_name":"Vie Associative","article_published_time":"2025-10-08T14:20:41+00:00","article_modified_time":"2025-10-08T14:20:42+00:00","og_image":[{"width":1980,"height":1080,"url":"https:\/\/vieassociative.be\/actualites\/wp-content\/uploads\/2025\/10\/Ce-lac-isole-en-Haute-Savoie-fascine-par-ses-eaux-dun-bleu-presque-irreel.jpg","type":"image\/jpeg"}],"author":"Julien","twitter_card":"summary_large_image","twitter_misc":{"\u00c9crit par":"Julien","Dur\u00e9e de lecture est.":"4 minutes"},"schema":{"@context":"https:\/\/schema.org","@graph":[{"@type":"Article","@id":"https:\/\/vieassociative.be\/actualites\/ce-lac-isole-en-haute-savoie-fascine-par-ses-eaux-dun-bleu-presque-irreel\/#article","isPartOf":{"@id":"https:\/\/vieassociative.be\/actualites\/ce-lac-isole-en-haute-savoie-fascine-par-ses-eaux-dun-bleu-presque-irreel\/"},"author":{"name":"Julien","@id":"https:\/\/vieassociative.be\/actualites\/#\/schema\/person\/b87ac4f82f9d4e7b7cec7395b679edc4"},"headline":"Ce lac isol\u00e9 en Haute-Savoie fascine par ses eaux d\u2019un bleu presque irr\u00e9el","datePublished":"2025-10-08T14:20:41+00:00","dateModified":"2025-10-08T14:20:42+00:00","mainEntityOfPage":{"@id":"https:\/\/vieassociative.be\/actualites\/ce-lac-isole-en-haute-savoie-fascine-par-ses-eaux-dun-bleu-presque-irreel\/"},"wordCount":851,"publisher":{"@id":"https:\/\/vieassociative.be\/actualites\/#organization"},"image":{"@id":"https:\/\/vieassociative.be\/actualites\/ce-lac-isole-en-haute-savoie-fascine-par-ses-eaux-dun-bleu-presque-irreel\/#primaryimage"},"thumbnailUrl":"https:\/\/vieassociative.be\/actualites\/wp-content\/uploads\/2025\/10\/Ce-lac-isole-en-Haute-Savoie-fascine-par-ses-eaux-dun-bleu-presque-irreel.jpg","articleSection":["Voyage"],"inLanguage":"fr-BE"},{"@type":"WebPage","@id":"https:\/\/vieassociative.be\/actualites\/ce-lac-isole-en-haute-savoie-fascine-par-ses-eaux-dun-bleu-presque-irreel\/","url":"https:\/\/vieassociative.be\/actualites\/ce-lac-isole-en-haute-savoie-fascine-par-ses-eaux-dun-bleu-presque-irreel\/","name":"Ce lac isol\u00e9 en Haute-Savoie fascine par ses eaux d\u2019un bleu presque irr\u00e9el | Vie Associative","isPartOf":{"@id":"https:\/\/vieassociative.be\/actualites\/#website"},"primaryImageOfPage":{"@id":"https:\/\/vieassociative.be\/actualites\/ce-lac-isole-en-haute-savoie-fascine-par-ses-eaux-dun-bleu-presque-irreel\/#primaryimage"},"image":{"@id":"https:\/\/vieassociative.be\/actualites\/ce-lac-isole-en-haute-savoie-fascine-par-ses-eaux-dun-bleu-presque-irreel\/#primaryimage"},"thumbnailUrl":"https:\/\/vieassociative.be\/actualites\/wp-content\/uploads\/2025\/10\/Ce-lac-isole-en-Haute-Savoie-fascine-par-ses-eaux-dun-bleu-presque-irreel.jpg","datePublished":"2025-10-08T14:20:41+00:00","dateModified":"2025-10-08T14:20:42+00:00","breadcrumb":{"@id":"https:\/\/vieassociative.be\/actualites\/ce-lac-isole-en-haute-savoie-fascine-par-ses-eaux-dun-bleu-presque-irreel\/#breadcrumb"},"inLanguage":"fr-BE","potentialAction":[{"@type":"ReadAction","target":["https:\/\/vieassociative.be\/actualites\/ce-lac-isole-en-haute-savoie-fascine-par-ses-eaux-dun-bleu-presque-irreel\/"]}]},{"@type":"ImageObject","inLanguage":"fr-BE","@id":"https:\/\/vieassociative.be\/actualites\/ce-lac-isole-en-haute-savoie-fascine-par-ses-eaux-dun-bleu-presque-irreel\/#primaryimage","url":"https:\/\/vieassociative.be\/actualites\/wp-content\/uploads\/2025\/10\/Ce-lac-isole-en-Haute-Savoie-fascine-par-ses-eaux-dun-bleu-presque-irreel.jpg","contentUrl":"https:\/\/vieassociative.be\/actualites\/wp-content\/uploads\/2025\/10\/Ce-lac-isole-en-Haute-Savoie-fascine-par-ses-eaux-dun-bleu-presque-irreel.jpg","width":1980,"height":1080},{"@type":"BreadcrumbList","@id":"https:\/\/vieassociative.be\/actualites\/ce-lac-isole-en-haute-savoie-fascine-par-ses-eaux-dun-bleu-presque-irreel\/#breadcrumb","itemListElement":[{"@type":"ListItem","position":1,"name":"Accueil","item":"https:\/\/vieassociative.be\/actualites\/"},{"@type":"ListItem","position":2,"name":"Ce lac isol\u00e9 en Haute-Savoie fascine par ses eaux d\u2019un bleu presque irr\u00e9el"}]},{"@type":"WebSite","@id":"https:\/\/vieassociative.be\/actualites\/#website","url":"https:\/\/vieassociative.be\/actualites\/","name":"Vie Associative","description":"","publisher":{"@id":"https:\/\/vieassociative.be\/actualites\/#organization"},"potentialAction":[{"@type":"SearchAction","target":{"@type":"EntryPoint","urlTemplate":"https:\/\/vieassociative.be\/actualites\/?s={search_term_string}"},"query-input":{"@type":"PropertyValueSpecification","valueRequired":true,"valueName":"search_term_string"}}],"inLanguage":"fr-BE"},{"@type":"Organization","@id":"https:\/\/vieassociative.be\/actualites\/#organization","name":"Vie Associative","url":"https:\/\/vieassociative.be\/actualites\/","logo":{"@type":"ImageObject","inLanguage":"fr-BE","@id":"https:\/\/vieassociative.be\/actualites\/#\/schema\/logo\/image\/","url":"https:\/\/vieassociative.be\/actualites\/wp-content\/uploads\/2024\/09\/cropped-vieassociative_favicon.ico.png","contentUrl":"https:\/\/vieassociative.be\/actualites\/wp-content\/uploads\/2024\/09\/cropped-vieassociative_favicon.ico.png","width":512,"height":512,"caption":"Vie Associative"},"image":{"@id":"https:\/\/vieassociative.be\/actualites\/#\/schema\/logo\/image\/"}},{"@type":"Person","@id":"https:\/\/vieassociative.be\/actualites\/#\/schema\/person\/b87ac4f82f9d4e7b7cec7395b679edc4","name":"Julien","image":{"@type":"ImageObject","inLanguage":"fr-BE","@id":"https:\/\/vieassociative.be\/actualites\/#\/schema\/person\/image\/","url":"https:\/\/vieassociative.be\/actualites\/wp-content\/uploads\/2024\/09\/vie-associative-1-150x150.jpg","contentUrl":"https:\/\/vieassociative.be\/actualites\/wp-content\/uploads\/2024\/09\/vie-associative-1-150x150.jpg","caption":"Julien"},"description":"Je suis Julien, r\u00e9dacteur pour Vie Associative. Passionn\u00e9 par le monde associatif depuis plus de 10 ans, j'ai \u00e0 c\u0153ur de partager des histoires inspirantes et de mettre en lumi\u00e8re les initiatives locales. Mon objectif est de sensibiliser et d'encourager l'engagement communautaire \u00e0 travers mes articles.","sameAs":["https:\/\/vieassociative.be\/"]}]}},"_links":{"self":[{"href":"https:\/\/vieassociative.be\/actualites\/wp-json\/wp\/v2\/posts\/10526"}],"collection":[{"href":"https:\/\/vieassociative.be\/actualites\/wp-json\/wp\/v2\/posts"}],"about":[{"href":"https:\/\/vieassociative.be\/actualites\/wp-json\/wp\/v2\/types\/post"}],"author":[{"embeddable":true,"href":"https:\/\/vieassociative.be\/actualites\/wp-json\/wp\/v2\/users\/1"}],"replies":[{"embeddable":true,"href":"https:\/\/vieassociative.be\/actualites\/wp-json\/wp\/v2\/comments?post=10526"}],"version-history":[{"count":1,"href":"https:\/\/vieassociative.be\/actualites\/wp-json\/wp\/v2\/posts\/10526\/revisions"}],"predecessor-version":[{"id":10530,"href":"https:\/\/vieassociative.be\/actualites\/wp-json\/wp\/v2\/posts\/10526\/revisions\/10530"}],"wp:featuredmedia":[{"embeddable":true,"href":"https:\/\/vieassociative.be\/actualites\/wp-json\/wp\/v2\/media\/10529"}],"wp:attachment":[{"href":"https:\/\/vieassociative.be\/actualites\/wp-json\/wp\/v2\/media?parent=10526"}],"wp:term":[{"taxonomy":"category","embeddable":true,"href":"https:\/\/vieassociative.be\/actualites\/wp-json\/wp\/v2\/categories?post=10526"},{"taxonomy":"post_tag","embeddable":true,"href":"https:\/\/vieassociative.be\/actualites\/wp-json\/wp\/v2\/tags?post=10526"}],"curies":[{"name":"wp","href":"https:\/\/api.w.org\/{rel}","templated":true}]}}