{"id":10521,"date":"2025-10-08T14:17:26","date_gmt":"2025-10-08T12:17:26","guid":{"rendered":"https:\/\/vieassociative.be\/actualites\/si-vous-nachetez-rien-dautre-le-prime-day-achetez-ce-tournevis-electrique\/"},"modified":"2025-10-08T14:17:26","modified_gmt":"2025-10-08T12:17:26","slug":"si-vous-nachetez-rien-dautre-le-prime-day-achetez-ce-tournevis-electrique","status":"publish","type":"post","link":"https:\/\/vieassociative.be\/actualites\/si-vous-nachetez-rien-dautre-le-prime-day-achetez-ce-tournevis-electrique\/","title":{"rendered":"Si vous n&rsquo;achetez rien d&rsquo;autre le Prime Day, achetez ce tournevis \u00e9lectrique"},"content":{"rendered":"<div class=\"mt-4 leading-6 md:mb-8\">Vous ne r\u00e9alisez pas \u00e0 quel point un tournevis \u00e0 chargement USB est puissant tant que vous n&rsquo;en avez pas un.<\/div>\n<p><\/p>\n<p><em>Les Amazon Big Deal Days auront lieu les 7 et 8 octobre et Vie Associative partage les meilleures ventes bas\u00e9es sur des critiques de produits, des comparaisons et des outils de suivi des prix avant la fin.<\/em><\/p>\n<ul>\n<li>\n<p><em>Abonnez-vous \u00e0 notre newsletter shopping<\/em><em>Ajoutez au panier, pour les meilleures ventes envoy\u00e9es dans votre bo\u00eete de r\u00e9ception.<\/em><\/p>\n<\/li>\n<li>\n<p><em>Nouveau sur Prime Day ? Nous avons un aper\u00e7u de tout ce que vous devez savoir<\/em><em>. Les ventes sont exactes au moment de la publication, mais les prix et les stocks sont toujours sujets \u00e0 changement.<\/em><\/p>\n<\/li>\n<\/ul>\n<hr>\n<p>Si vous ignorez sto\u00efquement Prime Day en ce moment mais que vous <em>ne le faites pas<\/em> poss\u00e9dez d\u00e9j\u00e0 un tournevis \u00e9lectrique, vous voudrez peut-\u00eatre vous rendre service et acheter une seule chose pendant la vente : ce mod\u00e8le sans fil DeWalt. C&rsquo;est 17 % de r\u00e9duction, ce qui est bien \u2013 mais plus important encore, cela changera toute votre approche de l&rsquo;entretien de la maison, car vous l&rsquo;utiliserez constamment \u2013 \u200b\u200bet par cons\u00e9quent direct, vous aurez moins d&rsquo;urgences. (Et si vous avez d\u00e9j\u00e0 essay\u00e9 d&rsquo;utiliser un tournevis d&rsquo;une seule main tout en vous accrochant \u00e0 une \u00e9chelle, vous appr\u00e9cierez plus un tournevis \u00e9lectrique que la vie elle-m\u00eame.)<\/p>\n<div class=\"pogoClear mb-12 mt-10 rounded-md border-2 border-gray-100 py-7 shadow-xl md:py-6\">\n<div class=\"flex flex-wrap justify-between px-7 text-black no-underline md:flex-nowrap md:px-8\">\n<div class=\"order-1 mx-auto flex flex-col justify-center md:order-2 md:ml-4 md:w-full md:grow\">\n<div class=\"block cursor-pointer text-center font-akshar text-2xl font-medium leading-7 text-brand-green duration-200 ease-in-out hover:text-brand-green-700 md:text-left md:text-xl md:leading-6\">DEWALT Tournevis sans fil rechargeable par USB avec commande FLEXDRIVE et jeu d&#8217;embouts de tournevis, tournevis \u00e9lectrique sans fil avec lumi\u00e8re LED (DWHT66719)\n                <\/div>\n<div class=\"mt-4 hidden md:flex md:justify-between\">\n<div class=\"self-end\">\n<div class=\"mb-0 h-11 md:flex md:flex-col md:justify-center\">\n<div class=\" font-sans leading-4 text-black\">\n<div class=\"flex flex-wrap items-center justify-center gap-1 md:justify-start\">\n        <span class=\"font-bold\"><\/p>\n<p>            74,69\u00a0$<br \/>\n                            <span class=\"font-medium\">chez Amazon<\/span><br \/>\n                    <\/span>\n            <\/div>\n<div class=\"flex items-center justify-center gap-x-1 font-bold md:justify-start\">\n            <span class=\"text-sm line-through\">89,99\u00a0$<\/span><br \/>\n            <span class=\"text-sm text-brand-green\">\u00c9conomisez 15,30\u00a0$<\/span>\n        <\/div>\n<\/p><\/div>\n<\/p><\/div>\n<\/p><\/div>\n<div class=\"w-44 self-end\">\n                            <button class=\"flex justify-center items-center w-full bg-brand-green text-white text-base font-sans font-medium rounded-md hover:bg-brand-green-700 hover:cursor-pointer md:text-sm h-11\"><\/p>\n<p>    Obtenez une offre<br \/>\n<\/button>\n                        <\/div>\n<\/p><\/div>\n<\/p><\/div>\n<div class=\"order-2 mt-5 h-auto w-full md:order-1 md:mt-0 md:hidden\">\n<div class=\"flex aspect-video items-center justify-center\">\n                                            <img decoding=\"async\" class=\"m-0 max-h-full max-w-full rounded-md\" src=\"https:\/\/vieassociative.be\/actualites\/wp-content\/uploads\/2025\/10\/Si-vous-nachetez-rien-dautre-le-Prime-Day-achetez-ce.jpg\" alt=\"DEWALT Tournevis sans fil rechargeable par USB avec commande FLEXDRIVE et jeu d'embouts de tournevis, tournevis \u00e9lectrique sans fil avec lumi\u00e8re LED (DWHT66719)\" width=\"auto\" height=\"auto\" loading=\"lazy\">\n                                    <\/div>\n<\/p><\/div>\n<div class=\"order-2 ml-2 hidden w-32 shrink-0 items-center md:order-1 md:ml-0 md:flex\">\n<div class=\"flex aspect-video items-center justify-center\">\n                                            <img decoding=\"async\" class=\"m-0 max-h-full max-w-full rounded-md\" src=\"https:\/\/vieassociative.be\/actualites\/wp-content\/uploads\/2025\/10\/Si-vous-nachetez-rien-dautre-le-Prime-Day-achetez-ce.jpg\" alt=\"DEWALT Tournevis sans fil rechargeable par USB avec commande FLEXDRIVE et jeu d'embouts de tournevis, tournevis \u00e9lectrique sans fil avec lumi\u00e8re LED (DWHT66719)\" width=\"auto\" height=\"auto\" loading=\"lazy\">\n                                    <\/div>\n<\/p><\/div>\n<div class=\"order-3 flex grow flex-wrap md:hidden md:grow-0\">\n<div class=\"mt-4 w-full\">\n                        <button class=\"flex justify-center items-center w-full bg-brand-green text-white text-base font-sans font-medium rounded-md hover:bg-brand-green-700 hover:cursor-pointer md:text-sm h-11\"><\/p>\n<p>    Obtenez une offre<br \/>\n<\/button>\n                    <\/div>\n<div class=\"mx-2 mt-4 w-full\">\n<div class=\" font-sans leading-4 text-black\">\n<div class=\"flex flex-wrap items-center justify-center gap-1 md:justify-start\">\n        <span class=\"font-bold\"><\/p>\n<p>            74,69\u00a0$<br \/>\n                            <span class=\"font-medium\">chez Amazon<\/span><br \/>\n                    <\/span>\n            <\/div>\n<div class=\"flex items-center justify-center gap-x-1 font-bold md:justify-start\">\n            <span class=\"text-sm line-through\">89,99\u00a0$<\/span><br \/>\n            <span class=\"text-sm text-brand-green\">\u00c9conomisez 15,30\u00a0$<\/span>\n        <\/div>\n<\/p><\/div>\n<\/p><\/div>\n<\/p><\/div>\n<\/p><\/div>\n<\/div>\n<p>Ce qui est \u00e9galement g\u00e9nial avec ce tournevis, pour moi, c&rsquo;est qu&rsquo;il se recharge par USB, donc il ne se fait pas oublier dans un hangar ou un atelier : il peut se recharger n&rsquo;importe o\u00f9, donc je peux le garder \u00e0 port\u00e9e de main. Je l&rsquo;utilise au moins une fois par semaine, sinon plus souvent, juste pour \u00e9viter que les choses ne d\u00e9g\u00e9n\u00e8rent dans la maison. Je l&rsquo;ai utilis\u00e9 \u00e0 quelques reprises au cours du dernier mois\u00a0:<\/p>\n<ul>\n<li>\n<p>Resserrage de deux charni\u00e8res d&rsquo;armoires de cuisine qui s&rsquo;\u00e9taient lentement desserr\u00e9es<\/p>\n<\/li>\n<li>\n<p>Assembler une bo\u00eete plyo pour la salle de sport \u00e0 domicile de ma femme<\/p>\n<\/li>\n<li>\n<p>Remplacer un luminaire qui ne fonctionne plus<\/p>\n<\/li>\n<li>\n<p>Renforcer un porte-serviettes l\u00e2che en ins\u00e9rant des ancrages et des vis fra\u00eeches<\/p>\n<\/li>\n<\/ul>\n<p>Chaque fois que je remarque que quelque chose se d\u00e9tache ou semble un peu bancal, je peux saisir cet outil et en prendre soin.<\/p>\n<hr>\n<p><em>Vous cherchez autre chose ? Des d\u00e9taillants comme Walmart et Best Buy proposent des ventes concurrentielles Prime Day qui sont particuli\u00e8rement utiles si vous n&rsquo;avez pas Amazon Prime.<\/em><\/p>\n<ul>\n<li>\n<p><strong><em>Vente concours Prime Day de Walmart<\/em><\/strong><em>  se d\u00e9roule du 6 octobre \u00e0 19 h HE au 12 octobre et comprend des offres allant jusqu&rsquo;\u00e0 50 % de r\u00e9duction. C&rsquo;est une option particuli\u00e8rement int\u00e9ressante si vous avez Walmart+.<\/em><\/p>\n<\/li>\n<li>\n<p><strong><em>Vente concours Prime Day de Best Buy<\/em><\/strong><em>  se d\u00e9roule du 27 septembre au 12 octobre et propose certaines des meilleures ventes technologiques en ligne. C&rsquo;est une option particuli\u00e8rement int\u00e9ressante si vous \u00eates membre de My Best Buy \u00ab Plus \u00bb ou \u00ab Total \u00bb.<\/em><\/p>\n<\/li>\n<li>\n<p><strong><em>Vente concours Prime Day de Target<\/em><\/strong><em>  se d\u00e9roule du 5 au 11 octobre et propose des offres allant jusqu&rsquo;\u00e0 50 % de r\u00e9duction. Vous pouvez devenir membre du Cercle gratuitement.<\/em><\/p>\n<\/li>\n<\/ul>\n","protected":false},"excerpt":{"rendered":"<p>Vous ne r\u00e9alisez pas \u00e0 quel point un tournevis \u00e0 chargement USB est puissant tant que vous n&rsquo;en avez pas un. Les Amazon Big Deal<\/p>\n","protected":false},"author":1,"featured_media":10522,"comment_status":"","ping_status":"","sticky":false,"template":"","format":"standard","meta":{"footnotes":""},"categories":[40],"tags":[1530,8255,347,4721,2169,346,892,8816,4],"class_list":["post-10521","post","type-post","status-publish","format-standard","has-post-thumbnail","hentry","category-maison","tag-achetez","tag-dautre","tag-day","tag-electrique","tag-nachetez","tag-prime","tag-rien","tag-tournevis","tag-vous","generate-columns","tablet-grid-50","mobile-grid-100","grid-parent","grid-33"],"yoast_head":"<!-- This site is optimized with the Yoast SEO plugin v24.0 - https:\/\/yoast.com\/wordpress\/plugins\/seo\/ -->\n<title>Si vous n&#039;achetez rien d&#039;autre le Prime Day, achetez ce tournevis \u00e9lectrique | Vie Associative<\/title>\n<meta name=\"robots\" content=\"index, follow, max-snippet:-1, max-image-preview:large, max-video-preview:-1\" \/>\n<link rel=\"canonical\" href=\"https:\/\/vieassociative.be\/actualites\/si-vous-nachetez-rien-dautre-le-prime-day-achetez-ce-tournevis-electrique\/\" \/>\n<meta property=\"og:locale\" content=\"fr_FR\" \/>\n<meta property=\"og:type\" content=\"article\" \/>\n<meta property=\"og:title\" content=\"Si vous n&#039;achetez rien d&#039;autre le Prime Day, achetez ce tournevis \u00e9lectrique | Vie Associative\" \/>\n<meta property=\"og:description\" content=\"Vous ne r\u00e9alisez pas \u00e0 quel point un tournevis \u00e0 chargement USB est puissant tant que vous n&rsquo;en avez pas un. Les Amazon Big Deal\" \/>\n<meta property=\"og:url\" content=\"https:\/\/vieassociative.be\/actualites\/si-vous-nachetez-rien-dautre-le-prime-day-achetez-ce-tournevis-electrique\/\" \/>\n<meta property=\"og:site_name\" content=\"Vie Associative\" \/>\n<meta property=\"article:published_time\" content=\"2025-10-08T12:17:26+00:00\" \/>\n<meta property=\"og:image\" content=\"https:\/\/vieassociative.be\/actualites\/wp-content\/uploads\/2025\/10\/Si-vous-nachetez-rien-dautre-le-Prime-Day-achetez-ce.jpg\" \/>\n<meta name=\"author\" content=\"Julien\" \/>\n<meta name=\"twitter:card\" content=\"summary_large_image\" \/>\n<meta name=\"twitter:label1\" content=\"\u00c9crit par\" \/>\n\t<meta name=\"twitter:data1\" content=\"Julien\" \/>\n\t<meta name=\"twitter:label2\" content=\"Dur\u00e9e de lecture est.\" \/>\n\t<meta name=\"twitter:data2\" content=\"3 minutes\" \/>\n<script type=\"application\/ld+json\" class=\"yoast-schema-graph\">{\"@context\":\"https:\/\/schema.org\",\"@graph\":[{\"@type\":\"Article\",\"@id\":\"https:\/\/vieassociative.be\/actualites\/si-vous-nachetez-rien-dautre-le-prime-day-achetez-ce-tournevis-electrique\/#article\",\"isPartOf\":{\"@id\":\"https:\/\/vieassociative.be\/actualites\/si-vous-nachetez-rien-dautre-le-prime-day-achetez-ce-tournevis-electrique\/\"},\"author\":{\"name\":\"Julien\",\"@id\":\"https:\/\/vieassociative.be\/actualites\/#\/schema\/person\/b87ac4f82f9d4e7b7cec7395b679edc4\"},\"headline\":\"Si vous n&rsquo;achetez rien d&rsquo;autre le Prime Day, achetez ce tournevis \u00e9lectrique\",\"datePublished\":\"2025-10-08T12:17:26+00:00\",\"dateModified\":\"2025-10-08T12:17:26+00:00\",\"mainEntityOfPage\":{\"@id\":\"https:\/\/vieassociative.be\/actualites\/si-vous-nachetez-rien-dautre-le-prime-day-achetez-ce-tournevis-electrique\/\"},\"wordCount\":577,\"publisher\":{\"@id\":\"https:\/\/vieassociative.be\/actualites\/#organization\"},\"image\":{\"@id\":\"https:\/\/vieassociative.be\/actualites\/si-vous-nachetez-rien-dautre-le-prime-day-achetez-ce-tournevis-electrique\/#primaryimage\"},\"thumbnailUrl\":\"https:\/\/vieassociative.be\/actualites\/wp-content\/uploads\/2025\/10\/Si-vous-nachetez-rien-dautre-le-Prime-Day-achetez-ce.png\",\"keywords\":[\"Achetez\",\"dautre\",\"Day\",\"\u00e9lectrique\",\"Nachetez\",\"Prime\",\"rien\",\"tournevis\",\"Vous\"],\"articleSection\":[\"Maison\"],\"inLanguage\":\"fr-BE\"},{\"@type\":\"WebPage\",\"@id\":\"https:\/\/vieassociative.be\/actualites\/si-vous-nachetez-rien-dautre-le-prime-day-achetez-ce-tournevis-electrique\/\",\"url\":\"https:\/\/vieassociative.be\/actualites\/si-vous-nachetez-rien-dautre-le-prime-day-achetez-ce-tournevis-electrique\/\",\"name\":\"Si vous n'achetez rien d'autre le Prime Day, achetez ce tournevis \u00e9lectrique | Vie Associative\",\"isPartOf\":{\"@id\":\"https:\/\/vieassociative.be\/actualites\/#website\"},\"primaryImageOfPage\":{\"@id\":\"https:\/\/vieassociative.be\/actualites\/si-vous-nachetez-rien-dautre-le-prime-day-achetez-ce-tournevis-electrique\/#primaryimage\"},\"image\":{\"@id\":\"https:\/\/vieassociative.be\/actualites\/si-vous-nachetez-rien-dautre-le-prime-day-achetez-ce-tournevis-electrique\/#primaryimage\"},\"thumbnailUrl\":\"https:\/\/vieassociative.be\/actualites\/wp-content\/uploads\/2025\/10\/Si-vous-nachetez-rien-dautre-le-Prime-Day-achetez-ce.png\",\"datePublished\":\"2025-10-08T12:17:26+00:00\",\"dateModified\":\"2025-10-08T12:17:26+00:00\",\"breadcrumb\":{\"@id\":\"https:\/\/vieassociative.be\/actualites\/si-vous-nachetez-rien-dautre-le-prime-day-achetez-ce-tournevis-electrique\/#breadcrumb\"},\"inLanguage\":\"fr-BE\",\"potentialAction\":[{\"@type\":\"ReadAction\",\"target\":[\"https:\/\/vieassociative.be\/actualites\/si-vous-nachetez-rien-dautre-le-prime-day-achetez-ce-tournevis-electrique\/\"]}]},{\"@type\":\"ImageObject\",\"inLanguage\":\"fr-BE\",\"@id\":\"https:\/\/vieassociative.be\/actualites\/si-vous-nachetez-rien-dautre-le-prime-day-achetez-ce-tournevis-electrique\/#primaryimage\",\"url\":\"https:\/\/vieassociative.be\/actualites\/wp-content\/uploads\/2025\/10\/Si-vous-nachetez-rien-dautre-le-Prime-Day-achetez-ce.png\",\"contentUrl\":\"https:\/\/vieassociative.be\/actualites\/wp-content\/uploads\/2025\/10\/Si-vous-nachetez-rien-dautre-le-Prime-Day-achetez-ce.png\",\"width\":1200,\"height\":675,\"caption\":\"Si vous n'achetez rien d'autre le Prime Day, achetez ce tournevis \u00e9lectrique\"},{\"@type\":\"BreadcrumbList\",\"@id\":\"https:\/\/vieassociative.be\/actualites\/si-vous-nachetez-rien-dautre-le-prime-day-achetez-ce-tournevis-electrique\/#breadcrumb\",\"itemListElement\":[{\"@type\":\"ListItem\",\"position\":1,\"name\":\"Accueil\",\"item\":\"https:\/\/vieassociative.be\/actualites\/\"},{\"@type\":\"ListItem\",\"position\":2,\"name\":\"Si vous n&rsquo;achetez rien d&rsquo;autre le Prime Day, achetez ce tournevis \u00e9lectrique\"}]},{\"@type\":\"WebSite\",\"@id\":\"https:\/\/vieassociative.be\/actualites\/#website\",\"url\":\"https:\/\/vieassociative.be\/actualites\/\",\"name\":\"Vie Associative\",\"description\":\"\",\"publisher\":{\"@id\":\"https:\/\/vieassociative.be\/actualites\/#organization\"},\"potentialAction\":[{\"@type\":\"SearchAction\",\"target\":{\"@type\":\"EntryPoint\",\"urlTemplate\":\"https:\/\/vieassociative.be\/actualites\/?s={search_term_string}\"},\"query-input\":{\"@type\":\"PropertyValueSpecification\",\"valueRequired\":true,\"valueName\":\"search_term_string\"}}],\"inLanguage\":\"fr-BE\"},{\"@type\":\"Organization\",\"@id\":\"https:\/\/vieassociative.be\/actualites\/#organization\",\"name\":\"Vie Associative\",\"url\":\"https:\/\/vieassociative.be\/actualites\/\",\"logo\":{\"@type\":\"ImageObject\",\"inLanguage\":\"fr-BE\",\"@id\":\"https:\/\/vieassociative.be\/actualites\/#\/schema\/logo\/image\/\",\"url\":\"https:\/\/vieassociative.be\/actualites\/wp-content\/uploads\/2024\/09\/cropped-vieassociative_favicon.ico.png\",\"contentUrl\":\"https:\/\/vieassociative.be\/actualites\/wp-content\/uploads\/2024\/09\/cropped-vieassociative_favicon.ico.png\",\"width\":512,\"height\":512,\"caption\":\"Vie Associative\"},\"image\":{\"@id\":\"https:\/\/vieassociative.be\/actualites\/#\/schema\/logo\/image\/\"}},{\"@type\":\"Person\",\"@id\":\"https:\/\/vieassociative.be\/actualites\/#\/schema\/person\/b87ac4f82f9d4e7b7cec7395b679edc4\",\"name\":\"Julien\",\"image\":{\"@type\":\"ImageObject\",\"inLanguage\":\"fr-BE\",\"@id\":\"https:\/\/vieassociative.be\/actualites\/#\/schema\/person\/image\/\",\"url\":\"https:\/\/vieassociative.be\/actualites\/wp-content\/uploads\/2024\/09\/vie-associative-1-150x150.jpg\",\"contentUrl\":\"https:\/\/vieassociative.be\/actualites\/wp-content\/uploads\/2024\/09\/vie-associative-1-150x150.jpg\",\"caption\":\"Julien\"},\"description\":\"Je suis Julien, r\u00e9dacteur pour Vie Associative. Passionn\u00e9 par le monde associatif depuis plus de 10 ans, j'ai \u00e0 c\u0153ur de partager des histoires inspirantes et de mettre en lumi\u00e8re les initiatives locales. Mon objectif est de sensibiliser et d'encourager l'engagement communautaire \u00e0 travers mes articles.\",\"sameAs\":[\"https:\/\/vieassociative.be\/\"]}]}<\/script>\n<!-- \/ Yoast SEO plugin. -->","yoast_head_json":{"title":"Si vous n'achetez rien d'autre le Prime Day, achetez ce tournevis \u00e9lectrique | Vie Associative","robots":{"index":"index","follow":"follow","max-snippet":"max-snippet:-1","max-image-preview":"max-image-preview:large","max-video-preview":"max-video-preview:-1"},"canonical":"https:\/\/vieassociative.be\/actualites\/si-vous-nachetez-rien-dautre-le-prime-day-achetez-ce-tournevis-electrique\/","og_locale":"fr_FR","og_type":"article","og_title":"Si vous n'achetez rien d'autre le Prime Day, achetez ce tournevis \u00e9lectrique | Vie Associative","og_description":"Vous ne r\u00e9alisez pas \u00e0 quel point un tournevis \u00e0 chargement USB est puissant tant que vous n&rsquo;en avez pas un. Les Amazon Big Deal","og_url":"https:\/\/vieassociative.be\/actualites\/si-vous-nachetez-rien-dautre-le-prime-day-achetez-ce-tournevis-electrique\/","og_site_name":"Vie Associative","article_published_time":"2025-10-08T12:17:26+00:00","og_image":[{"url":"https:\/\/vieassociative.be\/actualites\/wp-content\/uploads\/2025\/10\/Si-vous-nachetez-rien-dautre-le-Prime-Day-achetez-ce.jpg","type":"","width":"","height":""}],"author":"Julien","twitter_card":"summary_large_image","twitter_misc":{"\u00c9crit par":"Julien","Dur\u00e9e de lecture est.":"3 minutes"},"schema":{"@context":"https:\/\/schema.org","@graph":[{"@type":"Article","@id":"https:\/\/vieassociative.be\/actualites\/si-vous-nachetez-rien-dautre-le-prime-day-achetez-ce-tournevis-electrique\/#article","isPartOf":{"@id":"https:\/\/vieassociative.be\/actualites\/si-vous-nachetez-rien-dautre-le-prime-day-achetez-ce-tournevis-electrique\/"},"author":{"name":"Julien","@id":"https:\/\/vieassociative.be\/actualites\/#\/schema\/person\/b87ac4f82f9d4e7b7cec7395b679edc4"},"headline":"Si vous n&rsquo;achetez rien d&rsquo;autre le Prime Day, achetez ce tournevis \u00e9lectrique","datePublished":"2025-10-08T12:17:26+00:00","dateModified":"2025-10-08T12:17:26+00:00","mainEntityOfPage":{"@id":"https:\/\/vieassociative.be\/actualites\/si-vous-nachetez-rien-dautre-le-prime-day-achetez-ce-tournevis-electrique\/"},"wordCount":577,"publisher":{"@id":"https:\/\/vieassociative.be\/actualites\/#organization"},"image":{"@id":"https:\/\/vieassociative.be\/actualites\/si-vous-nachetez-rien-dautre-le-prime-day-achetez-ce-tournevis-electrique\/#primaryimage"},"thumbnailUrl":"https:\/\/vieassociative.be\/actualites\/wp-content\/uploads\/2025\/10\/Si-vous-nachetez-rien-dautre-le-Prime-Day-achetez-ce.png","keywords":["Achetez","dautre","Day","\u00e9lectrique","Nachetez","Prime","rien","tournevis","Vous"],"articleSection":["Maison"],"inLanguage":"fr-BE"},{"@type":"WebPage","@id":"https:\/\/vieassociative.be\/actualites\/si-vous-nachetez-rien-dautre-le-prime-day-achetez-ce-tournevis-electrique\/","url":"https:\/\/vieassociative.be\/actualites\/si-vous-nachetez-rien-dautre-le-prime-day-achetez-ce-tournevis-electrique\/","name":"Si vous n'achetez rien d'autre le Prime Day, achetez ce tournevis \u00e9lectrique | Vie Associative","isPartOf":{"@id":"https:\/\/vieassociative.be\/actualites\/#website"},"primaryImageOfPage":{"@id":"https:\/\/vieassociative.be\/actualites\/si-vous-nachetez-rien-dautre-le-prime-day-achetez-ce-tournevis-electrique\/#primaryimage"},"image":{"@id":"https:\/\/vieassociative.be\/actualites\/si-vous-nachetez-rien-dautre-le-prime-day-achetez-ce-tournevis-electrique\/#primaryimage"},"thumbnailUrl":"https:\/\/vieassociative.be\/actualites\/wp-content\/uploads\/2025\/10\/Si-vous-nachetez-rien-dautre-le-Prime-Day-achetez-ce.png","datePublished":"2025-10-08T12:17:26+00:00","dateModified":"2025-10-08T12:17:26+00:00","breadcrumb":{"@id":"https:\/\/vieassociative.be\/actualites\/si-vous-nachetez-rien-dautre-le-prime-day-achetez-ce-tournevis-electrique\/#breadcrumb"},"inLanguage":"fr-BE","potentialAction":[{"@type":"ReadAction","target":["https:\/\/vieassociative.be\/actualites\/si-vous-nachetez-rien-dautre-le-prime-day-achetez-ce-tournevis-electrique\/"]}]},{"@type":"ImageObject","inLanguage":"fr-BE","@id":"https:\/\/vieassociative.be\/actualites\/si-vous-nachetez-rien-dautre-le-prime-day-achetez-ce-tournevis-electrique\/#primaryimage","url":"https:\/\/vieassociative.be\/actualites\/wp-content\/uploads\/2025\/10\/Si-vous-nachetez-rien-dautre-le-Prime-Day-achetez-ce.png","contentUrl":"https:\/\/vieassociative.be\/actualites\/wp-content\/uploads\/2025\/10\/Si-vous-nachetez-rien-dautre-le-Prime-Day-achetez-ce.png","width":1200,"height":675,"caption":"Si vous n'achetez rien d'autre le Prime Day, achetez ce tournevis \u00e9lectrique"},{"@type":"BreadcrumbList","@id":"https:\/\/vieassociative.be\/actualites\/si-vous-nachetez-rien-dautre-le-prime-day-achetez-ce-tournevis-electrique\/#breadcrumb","itemListElement":[{"@type":"ListItem","position":1,"name":"Accueil","item":"https:\/\/vieassociative.be\/actualites\/"},{"@type":"ListItem","position":2,"name":"Si vous n&rsquo;achetez rien d&rsquo;autre le Prime Day, achetez ce tournevis \u00e9lectrique"}]},{"@type":"WebSite","@id":"https:\/\/vieassociative.be\/actualites\/#website","url":"https:\/\/vieassociative.be\/actualites\/","name":"Vie Associative","description":"","publisher":{"@id":"https:\/\/vieassociative.be\/actualites\/#organization"},"potentialAction":[{"@type":"SearchAction","target":{"@type":"EntryPoint","urlTemplate":"https:\/\/vieassociative.be\/actualites\/?s={search_term_string}"},"query-input":{"@type":"PropertyValueSpecification","valueRequired":true,"valueName":"search_term_string"}}],"inLanguage":"fr-BE"},{"@type":"Organization","@id":"https:\/\/vieassociative.be\/actualites\/#organization","name":"Vie Associative","url":"https:\/\/vieassociative.be\/actualites\/","logo":{"@type":"ImageObject","inLanguage":"fr-BE","@id":"https:\/\/vieassociative.be\/actualites\/#\/schema\/logo\/image\/","url":"https:\/\/vieassociative.be\/actualites\/wp-content\/uploads\/2024\/09\/cropped-vieassociative_favicon.ico.png","contentUrl":"https:\/\/vieassociative.be\/actualites\/wp-content\/uploads\/2024\/09\/cropped-vieassociative_favicon.ico.png","width":512,"height":512,"caption":"Vie Associative"},"image":{"@id":"https:\/\/vieassociative.be\/actualites\/#\/schema\/logo\/image\/"}},{"@type":"Person","@id":"https:\/\/vieassociative.be\/actualites\/#\/schema\/person\/b87ac4f82f9d4e7b7cec7395b679edc4","name":"Julien","image":{"@type":"ImageObject","inLanguage":"fr-BE","@id":"https:\/\/vieassociative.be\/actualites\/#\/schema\/person\/image\/","url":"https:\/\/vieassociative.be\/actualites\/wp-content\/uploads\/2024\/09\/vie-associative-1-150x150.jpg","contentUrl":"https:\/\/vieassociative.be\/actualites\/wp-content\/uploads\/2024\/09\/vie-associative-1-150x150.jpg","caption":"Julien"},"description":"Je suis Julien, r\u00e9dacteur pour Vie Associative. Passionn\u00e9 par le monde associatif depuis plus de 10 ans, j'ai \u00e0 c\u0153ur de partager des histoires inspirantes et de mettre en lumi\u00e8re les initiatives locales. Mon objectif est de sensibiliser et d'encourager l'engagement communautaire \u00e0 travers mes articles.","sameAs":["https:\/\/vieassociative.be\/"]}]}},"_links":{"self":[{"href":"https:\/\/vieassociative.be\/actualites\/wp-json\/wp\/v2\/posts\/10521"}],"collection":[{"href":"https:\/\/vieassociative.be\/actualites\/wp-json\/wp\/v2\/posts"}],"about":[{"href":"https:\/\/vieassociative.be\/actualites\/wp-json\/wp\/v2\/types\/post"}],"author":[{"embeddable":true,"href":"https:\/\/vieassociative.be\/actualites\/wp-json\/wp\/v2\/users\/1"}],"replies":[{"embeddable":true,"href":"https:\/\/vieassociative.be\/actualites\/wp-json\/wp\/v2\/comments?post=10521"}],"version-history":[{"count":0,"href":"https:\/\/vieassociative.be\/actualites\/wp-json\/wp\/v2\/posts\/10521\/revisions"}],"wp:featuredmedia":[{"embeddable":true,"href":"https:\/\/vieassociative.be\/actualites\/wp-json\/wp\/v2\/media\/10522"}],"wp:attachment":[{"href":"https:\/\/vieassociative.be\/actualites\/wp-json\/wp\/v2\/media?parent=10521"}],"wp:term":[{"taxonomy":"category","embeddable":true,"href":"https:\/\/vieassociative.be\/actualites\/wp-json\/wp\/v2\/categories?post=10521"},{"taxonomy":"post_tag","embeddable":true,"href":"https:\/\/vieassociative.be\/actualites\/wp-json\/wp\/v2\/tags?post=10521"}],"curies":[{"name":"wp","href":"https:\/\/api.w.org\/{rel}","templated":true}]}}