{"id":10517,"date":"2025-10-08T10:17:31","date_gmt":"2025-10-08T08:17:31","guid":{"rendered":"https:\/\/vieassociative.be\/actualites\/encore-un-defile-de-thanksgiving-et-une-ferme-pratique-ce-dimanche-a-eupen\/"},"modified":"2025-10-08T10:17:31","modified_gmt":"2025-10-08T08:17:31","slug":"encore-un-defile-de-thanksgiving-et-une-ferme-pratique-ce-dimanche-a-eupen","status":"publish","type":"post","link":"https:\/\/vieassociative.be\/actualites\/encore-un-defile-de-thanksgiving-et-une-ferme-pratique-ce-dimanche-a-eupen\/","title":{"rendered":"Encore un d\u00e9fil\u00e9 de Thanksgiving et une ferme pratique ce dimanche \u00e0 Eupen"},"content":{"rendered":"<p><strong>Ce dimanche 12 octobre 2025, le Conseil municipal du marketing organise la ferme manuelle sur le parking de la Bergstrasse ainsi qu&rsquo;un grand d\u00e9fil\u00e9 de Thanksgiving de la ville basse \u00e0 la ville haute.<\/strong><\/p>\n<p><span id=\"more-426507\"><\/span>Le \u00ab Hands-On Farm \u00bb est un \u00e9v\u00e9nement con\u00e7u pour donner vie \u00e0 l\u2019agriculture. C&rsquo;est une ferme participative et aventureuse en pleine ville.<\/p>\n<p>Vaches, veaux, moutons, ch\u00e8vres, cochons, poules et lapins sont expos\u00e9s, avec souvent la possibilit\u00e9 de les caresser. Les visiteurs peuvent d\u00e9couvrir des machines, des tracteurs, du mat\u00e9riel de traite et des types d&rsquo;aliments. Il existe \u00e9galement des ateliers et des studios pour fabriquer du beurre, cuire du pain, moudre des c\u00e9r\u00e9ales ou explorer les produits de la ruche, entre autres.<\/p>\n<p>Pour les enfants, il y a aussi du maquillage, un ch\u00e2teau gonflable, des stands d&rsquo;artisanat et des promenades \u00e0 poney. Ne manquez pas non plus les d\u00e9monstrations agricoles telles que : B. Labourage avec des chevaux \u00e0 sang froid ou de vieux tracteurs.<\/p>\n<p>Le march\u00e9 des produits r\u00e9gionaux et les ateliers agricoles ouvre \u00e0 10h sur le parking de la Bergstrasse.<\/p>\n<\/p>\n<div id=\"attachment_426517\" class=\"wp-caption alignleft\" style=\"max-width: 300px\"><img fetchpriority=\"high\" decoding=\"async\" class=\"wp-image-426517 size-medium\" src=\"https:\/\/vieassociative.be\/actualites\/wp-content\/uploads\/2025\/10\/Encore-un-defile-de-Thanksgiving-et-une-ferme-pratique-ce.jpg\" alt=\"\" width=\"300\" height=\"200\"  ><\/div>\n<p>Il y a aussi un grand d\u00e9fil\u00e9 de Thanksgiving. L\u2019objectif est d\u2019\u00e9duquer les gens \u2013 en particulier les enfants \u2013 sur l\u2019origine des aliments, le fonctionnement du travail agricole et de souligner l\u2019importance de l\u2019agriculture locale. Le d\u00e9fil\u00e9 d\u00e9marre \u00e0 12h. dans la ville basse (Bellmerin).<\/p>\n<p>Le d\u00e9fil\u00e9 de Thanksgiving se compose de chariots, de tracteurs, de cal\u00e8ches et d&rsquo;animaux d\u00e9cor\u00e9s de couleurs vives. Les participants comprennent des agriculteurs, des associations d&rsquo;agriculteurs, des \u00e9coles, des groupes et des clubs de musique. Fanfares, batteurs et groupes folkloriques cr\u00e9ent une bonne ambiance.<\/p>\n<p>Apr\u00e8s le d\u00e9fil\u00e9, de nombreux groupes exposent leurs chars et leurs animaux dans le parc, o\u00f9 les visiteurs peuvent tout voir de pr\u00e8s.<\/p>\n<p>Selon la ville d&rsquo;Eupen, diverses r\u00e8gles de circulation s&rsquo;appliquent pour rendre l&rsquo;\u00e9v\u00e9nement possible. Le dimanche \u00e0 partir de 12h15 \u00c0 19h00, la Kirchstrasse, la Bergstrasse et la Kl\u00f6tzerbahn sont ferm\u00e9es \u00e0 la circulation. En venant de la Gospertstrasse, une d\u00e9viation sera mise en place via la Schulstrasse.<\/p>\n<p>Le stationnement et l&rsquo;interdiction de stationner sont en vigueur dans le parking de la Bergstrasse du vendredi \u00e0 8h00 au lundi \u00e0 14h00.<br \/>\nDans le quartier de Bellmerin, le stationnement et l&rsquo;interdiction de stationner des deux c\u00f4t\u00e9s sont en vigueur le dimanche de 9h00 \u00e0 12h30.<br \/>\nDe m\u00eame, le dimanche de 10h00 \u00e0 15h00, le stationnement et l&rsquo;interdiction de stationner sont en vigueur des deux c\u00f4t\u00e9s de la Paveestrasse, de la place du march\u00e9, de la Kirchstrasse et de la Bergstrasse jusqu&rsquo;\u00e0 l&rsquo;intersection avec la Neustrasse.<\/p>\n","protected":false},"excerpt":{"rendered":"<p>Ce dimanche 12 octobre 2025, le Conseil municipal du marketing organise la ferme manuelle sur le parking de la Bergstrasse ainsi qu&rsquo;un grand d\u00e9fil\u00e9 de<\/p>\n","protected":false},"author":1,"featured_media":10518,"comment_status":"","ping_status":"","sticky":false,"template":"","format":"standard","meta":{"footnotes":""},"categories":[298],"tags":[5592,471,592,2329,5825,124,939,110],"class_list":["post-10517","post","type-post","status-publish","format-standard","has-post-thumbnail","hentry","category-belgique","tag-defile","tag-dimanche","tag-encore","tag-eupen","tag-ferme","tag-pratique","tag-thanksgiving","tag-une","generate-columns","tablet-grid-50","mobile-grid-100","grid-parent","grid-33"],"yoast_head":"<!-- This site is optimized with the Yoast SEO plugin v24.0 - https:\/\/yoast.com\/wordpress\/plugins\/seo\/ -->\n<title>Encore un d\u00e9fil\u00e9 de Thanksgiving et une ferme pratique ce dimanche \u00e0 Eupen | Vie Associative<\/title>\n<meta name=\"robots\" content=\"index, follow, max-snippet:-1, max-image-preview:large, max-video-preview:-1\" \/>\n<link rel=\"canonical\" href=\"https:\/\/vieassociative.be\/actualites\/encore-un-defile-de-thanksgiving-et-une-ferme-pratique-ce-dimanche-a-eupen\/\" \/>\n<meta property=\"og:locale\" content=\"fr_FR\" \/>\n<meta property=\"og:type\" content=\"article\" \/>\n<meta property=\"og:title\" content=\"Encore un d\u00e9fil\u00e9 de Thanksgiving et une ferme pratique ce dimanche \u00e0 Eupen | Vie Associative\" \/>\n<meta property=\"og:description\" content=\"Ce dimanche 12 octobre 2025, le Conseil municipal du marketing organise la ferme manuelle sur le parking de la Bergstrasse ainsi qu&rsquo;un grand d\u00e9fil\u00e9 de\" \/>\n<meta property=\"og:url\" content=\"https:\/\/vieassociative.be\/actualites\/encore-un-defile-de-thanksgiving-et-une-ferme-pratique-ce-dimanche-a-eupen\/\" \/>\n<meta property=\"og:site_name\" content=\"Vie Associative\" \/>\n<meta property=\"article:published_time\" content=\"2025-10-08T08:17:31+00:00\" \/>\n<meta property=\"og:image\" content=\"https:\/\/vieassociative.be\/actualites\/wp-content\/uploads\/2024\/09\/header_backgroundk-01-e1726694325946.png\" \/>\n\t<meta property=\"og:image:width\" content=\"279\" \/>\n\t<meta property=\"og:image:height\" content=\"92\" \/>\n\t<meta property=\"og:image:type\" content=\"image\/png\" \/>\n<meta name=\"author\" content=\"Julien\" \/>\n<meta name=\"twitter:card\" content=\"summary_large_image\" \/>\n<meta name=\"twitter:label1\" content=\"\u00c9crit par\" \/>\n\t<meta name=\"twitter:data1\" content=\"Julien\" \/>\n\t<meta name=\"twitter:label2\" content=\"Dur\u00e9e de lecture est.\" \/>\n\t<meta name=\"twitter:data2\" content=\"2 minutes\" \/>\n<script type=\"application\/ld+json\" class=\"yoast-schema-graph\">{\"@context\":\"https:\/\/schema.org\",\"@graph\":[{\"@type\":\"Article\",\"@id\":\"https:\/\/vieassociative.be\/actualites\/encore-un-defile-de-thanksgiving-et-une-ferme-pratique-ce-dimanche-a-eupen\/#article\",\"isPartOf\":{\"@id\":\"https:\/\/vieassociative.be\/actualites\/encore-un-defile-de-thanksgiving-et-une-ferme-pratique-ce-dimanche-a-eupen\/\"},\"author\":{\"name\":\"Julien\",\"@id\":\"https:\/\/vieassociative.be\/actualites\/#\/schema\/person\/b87ac4f82f9d4e7b7cec7395b679edc4\"},\"headline\":\"Encore un d\u00e9fil\u00e9 de Thanksgiving et une ferme pratique ce dimanche \u00e0 Eupen\",\"datePublished\":\"2025-10-08T08:17:31+00:00\",\"dateModified\":\"2025-10-08T08:17:31+00:00\",\"mainEntityOfPage\":{\"@id\":\"https:\/\/vieassociative.be\/actualites\/encore-un-defile-de-thanksgiving-et-une-ferme-pratique-ce-dimanche-a-eupen\/\"},\"wordCount\":469,\"publisher\":{\"@id\":\"https:\/\/vieassociative.be\/actualites\/#organization\"},\"image\":{\"@id\":\"https:\/\/vieassociative.be\/actualites\/encore-un-defile-de-thanksgiving-et-une-ferme-pratique-ce-dimanche-a-eupen\/#primaryimage\"},\"thumbnailUrl\":\"https:\/\/vieassociative.be\/actualites\/wp-content\/uploads\/2025\/10\/1759911452_Encore-un-defile-de-Thanksgiving-et-une-ferme-pratique-ce.jpg\",\"keywords\":[\"d\u00e9fil\u00e9\",\"dimanche\",\"encore\",\"Eupen\",\"ferm\u00e9\",\"pratique\",\"Thanksgiving\",\"une\"],\"articleSection\":[\"Belgique\"],\"inLanguage\":\"fr-BE\"},{\"@type\":\"WebPage\",\"@id\":\"https:\/\/vieassociative.be\/actualites\/encore-un-defile-de-thanksgiving-et-une-ferme-pratique-ce-dimanche-a-eupen\/\",\"url\":\"https:\/\/vieassociative.be\/actualites\/encore-un-defile-de-thanksgiving-et-une-ferme-pratique-ce-dimanche-a-eupen\/\",\"name\":\"Encore un d\u00e9fil\u00e9 de Thanksgiving et une ferme pratique ce dimanche \u00e0 Eupen | Vie Associative\",\"isPartOf\":{\"@id\":\"https:\/\/vieassociative.be\/actualites\/#website\"},\"primaryImageOfPage\":{\"@id\":\"https:\/\/vieassociative.be\/actualites\/encore-un-defile-de-thanksgiving-et-une-ferme-pratique-ce-dimanche-a-eupen\/#primaryimage\"},\"image\":{\"@id\":\"https:\/\/vieassociative.be\/actualites\/encore-un-defile-de-thanksgiving-et-une-ferme-pratique-ce-dimanche-a-eupen\/#primaryimage\"},\"thumbnailUrl\":\"https:\/\/vieassociative.be\/actualites\/wp-content\/uploads\/2025\/10\/1759911452_Encore-un-defile-de-Thanksgiving-et-une-ferme-pratique-ce.jpg\",\"datePublished\":\"2025-10-08T08:17:31+00:00\",\"dateModified\":\"2025-10-08T08:17:31+00:00\",\"breadcrumb\":{\"@id\":\"https:\/\/vieassociative.be\/actualites\/encore-un-defile-de-thanksgiving-et-une-ferme-pratique-ce-dimanche-a-eupen\/#breadcrumb\"},\"inLanguage\":\"fr-BE\",\"potentialAction\":[{\"@type\":\"ReadAction\",\"target\":[\"https:\/\/vieassociative.be\/actualites\/encore-un-defile-de-thanksgiving-et-une-ferme-pratique-ce-dimanche-a-eupen\/\"]}]},{\"@type\":\"ImageObject\",\"inLanguage\":\"fr-BE\",\"@id\":\"https:\/\/vieassociative.be\/actualites\/encore-un-defile-de-thanksgiving-et-une-ferme-pratique-ce-dimanche-a-eupen\/#primaryimage\",\"url\":\"https:\/\/vieassociative.be\/actualites\/wp-content\/uploads\/2025\/10\/1759911452_Encore-un-defile-de-Thanksgiving-et-une-ferme-pratique-ce.jpg\",\"contentUrl\":\"https:\/\/vieassociative.be\/actualites\/wp-content\/uploads\/2025\/10\/1759911452_Encore-un-defile-de-Thanksgiving-et-une-ferme-pratique-ce.jpg\",\"width\":1542,\"height\":1021,\"caption\":\"Encore un d\u00e9fil\u00e9 de Thanksgiving et une ferme pratique ce dimanche \u00e0 Eupen\"},{\"@type\":\"BreadcrumbList\",\"@id\":\"https:\/\/vieassociative.be\/actualites\/encore-un-defile-de-thanksgiving-et-une-ferme-pratique-ce-dimanche-a-eupen\/#breadcrumb\",\"itemListElement\":[{\"@type\":\"ListItem\",\"position\":1,\"name\":\"Accueil\",\"item\":\"https:\/\/vieassociative.be\/actualites\/\"},{\"@type\":\"ListItem\",\"position\":2,\"name\":\"Encore un d\u00e9fil\u00e9 de Thanksgiving et une ferme pratique ce dimanche \u00e0 Eupen\"}]},{\"@type\":\"WebSite\",\"@id\":\"https:\/\/vieassociative.be\/actualites\/#website\",\"url\":\"https:\/\/vieassociative.be\/actualites\/\",\"name\":\"Vie Associative\",\"description\":\"\",\"publisher\":{\"@id\":\"https:\/\/vieassociative.be\/actualites\/#organization\"},\"potentialAction\":[{\"@type\":\"SearchAction\",\"target\":{\"@type\":\"EntryPoint\",\"urlTemplate\":\"https:\/\/vieassociative.be\/actualites\/?s={search_term_string}\"},\"query-input\":{\"@type\":\"PropertyValueSpecification\",\"valueRequired\":true,\"valueName\":\"search_term_string\"}}],\"inLanguage\":\"fr-BE\"},{\"@type\":\"Organization\",\"@id\":\"https:\/\/vieassociative.be\/actualites\/#organization\",\"name\":\"Vie Associative\",\"url\":\"https:\/\/vieassociative.be\/actualites\/\",\"logo\":{\"@type\":\"ImageObject\",\"inLanguage\":\"fr-BE\",\"@id\":\"https:\/\/vieassociative.be\/actualites\/#\/schema\/logo\/image\/\",\"url\":\"https:\/\/vieassociative.be\/actualites\/wp-content\/uploads\/2024\/09\/cropped-vieassociative_favicon.ico.png\",\"contentUrl\":\"https:\/\/vieassociative.be\/actualites\/wp-content\/uploads\/2024\/09\/cropped-vieassociative_favicon.ico.png\",\"width\":512,\"height\":512,\"caption\":\"Vie Associative\"},\"image\":{\"@id\":\"https:\/\/vieassociative.be\/actualites\/#\/schema\/logo\/image\/\"}},{\"@type\":\"Person\",\"@id\":\"https:\/\/vieassociative.be\/actualites\/#\/schema\/person\/b87ac4f82f9d4e7b7cec7395b679edc4\",\"name\":\"Julien\",\"image\":{\"@type\":\"ImageObject\",\"inLanguage\":\"fr-BE\",\"@id\":\"https:\/\/vieassociative.be\/actualites\/#\/schema\/person\/image\/\",\"url\":\"https:\/\/vieassociative.be\/actualites\/wp-content\/uploads\/2024\/09\/vie-associative-1-150x150.jpg\",\"contentUrl\":\"https:\/\/vieassociative.be\/actualites\/wp-content\/uploads\/2024\/09\/vie-associative-1-150x150.jpg\",\"caption\":\"Julien\"},\"description\":\"Je suis Julien, r\u00e9dacteur pour Vie Associative. Passionn\u00e9 par le monde associatif depuis plus de 10 ans, j'ai \u00e0 c\u0153ur de partager des histoires inspirantes et de mettre en lumi\u00e8re les initiatives locales. Mon objectif est de sensibiliser et d'encourager l'engagement communautaire \u00e0 travers mes articles.\",\"sameAs\":[\"https:\/\/vieassociative.be\/\"]}]}<\/script>\n<!-- \/ Yoast SEO plugin. -->","yoast_head_json":{"title":"Encore un d\u00e9fil\u00e9 de Thanksgiving et une ferme pratique ce dimanche \u00e0 Eupen | Vie Associative","robots":{"index":"index","follow":"follow","max-snippet":"max-snippet:-1","max-image-preview":"max-image-preview:large","max-video-preview":"max-video-preview:-1"},"canonical":"https:\/\/vieassociative.be\/actualites\/encore-un-defile-de-thanksgiving-et-une-ferme-pratique-ce-dimanche-a-eupen\/","og_locale":"fr_FR","og_type":"article","og_title":"Encore un d\u00e9fil\u00e9 de Thanksgiving et une ferme pratique ce dimanche \u00e0 Eupen | Vie Associative","og_description":"Ce dimanche 12 octobre 2025, le Conseil municipal du marketing organise la ferme manuelle sur le parking de la Bergstrasse ainsi qu&rsquo;un grand d\u00e9fil\u00e9 de","og_url":"https:\/\/vieassociative.be\/actualites\/encore-un-defile-de-thanksgiving-et-une-ferme-pratique-ce-dimanche-a-eupen\/","og_site_name":"Vie Associative","article_published_time":"2025-10-08T08:17:31+00:00","og_image":[{"width":279,"height":92,"url":"https:\/\/vieassociative.be\/actualites\/wp-content\/uploads\/2024\/09\/header_backgroundk-01-e1726694325946.png","type":"image\/png"}],"author":"Julien","twitter_card":"summary_large_image","twitter_misc":{"\u00c9crit par":"Julien","Dur\u00e9e de lecture est.":"2 minutes"},"schema":{"@context":"https:\/\/schema.org","@graph":[{"@type":"Article","@id":"https:\/\/vieassociative.be\/actualites\/encore-un-defile-de-thanksgiving-et-une-ferme-pratique-ce-dimanche-a-eupen\/#article","isPartOf":{"@id":"https:\/\/vieassociative.be\/actualites\/encore-un-defile-de-thanksgiving-et-une-ferme-pratique-ce-dimanche-a-eupen\/"},"author":{"name":"Julien","@id":"https:\/\/vieassociative.be\/actualites\/#\/schema\/person\/b87ac4f82f9d4e7b7cec7395b679edc4"},"headline":"Encore un d\u00e9fil\u00e9 de Thanksgiving et une ferme pratique ce dimanche \u00e0 Eupen","datePublished":"2025-10-08T08:17:31+00:00","dateModified":"2025-10-08T08:17:31+00:00","mainEntityOfPage":{"@id":"https:\/\/vieassociative.be\/actualites\/encore-un-defile-de-thanksgiving-et-une-ferme-pratique-ce-dimanche-a-eupen\/"},"wordCount":469,"publisher":{"@id":"https:\/\/vieassociative.be\/actualites\/#organization"},"image":{"@id":"https:\/\/vieassociative.be\/actualites\/encore-un-defile-de-thanksgiving-et-une-ferme-pratique-ce-dimanche-a-eupen\/#primaryimage"},"thumbnailUrl":"https:\/\/vieassociative.be\/actualites\/wp-content\/uploads\/2025\/10\/1759911452_Encore-un-defile-de-Thanksgiving-et-une-ferme-pratique-ce.jpg","keywords":["d\u00e9fil\u00e9","dimanche","encore","Eupen","ferm\u00e9","pratique","Thanksgiving","une"],"articleSection":["Belgique"],"inLanguage":"fr-BE"},{"@type":"WebPage","@id":"https:\/\/vieassociative.be\/actualites\/encore-un-defile-de-thanksgiving-et-une-ferme-pratique-ce-dimanche-a-eupen\/","url":"https:\/\/vieassociative.be\/actualites\/encore-un-defile-de-thanksgiving-et-une-ferme-pratique-ce-dimanche-a-eupen\/","name":"Encore un d\u00e9fil\u00e9 de Thanksgiving et une ferme pratique ce dimanche \u00e0 Eupen | Vie Associative","isPartOf":{"@id":"https:\/\/vieassociative.be\/actualites\/#website"},"primaryImageOfPage":{"@id":"https:\/\/vieassociative.be\/actualites\/encore-un-defile-de-thanksgiving-et-une-ferme-pratique-ce-dimanche-a-eupen\/#primaryimage"},"image":{"@id":"https:\/\/vieassociative.be\/actualites\/encore-un-defile-de-thanksgiving-et-une-ferme-pratique-ce-dimanche-a-eupen\/#primaryimage"},"thumbnailUrl":"https:\/\/vieassociative.be\/actualites\/wp-content\/uploads\/2025\/10\/1759911452_Encore-un-defile-de-Thanksgiving-et-une-ferme-pratique-ce.jpg","datePublished":"2025-10-08T08:17:31+00:00","dateModified":"2025-10-08T08:17:31+00:00","breadcrumb":{"@id":"https:\/\/vieassociative.be\/actualites\/encore-un-defile-de-thanksgiving-et-une-ferme-pratique-ce-dimanche-a-eupen\/#breadcrumb"},"inLanguage":"fr-BE","potentialAction":[{"@type":"ReadAction","target":["https:\/\/vieassociative.be\/actualites\/encore-un-defile-de-thanksgiving-et-une-ferme-pratique-ce-dimanche-a-eupen\/"]}]},{"@type":"ImageObject","inLanguage":"fr-BE","@id":"https:\/\/vieassociative.be\/actualites\/encore-un-defile-de-thanksgiving-et-une-ferme-pratique-ce-dimanche-a-eupen\/#primaryimage","url":"https:\/\/vieassociative.be\/actualites\/wp-content\/uploads\/2025\/10\/1759911452_Encore-un-defile-de-Thanksgiving-et-une-ferme-pratique-ce.jpg","contentUrl":"https:\/\/vieassociative.be\/actualites\/wp-content\/uploads\/2025\/10\/1759911452_Encore-un-defile-de-Thanksgiving-et-une-ferme-pratique-ce.jpg","width":1542,"height":1021,"caption":"Encore un d\u00e9fil\u00e9 de Thanksgiving et une ferme pratique ce dimanche \u00e0 Eupen"},{"@type":"BreadcrumbList","@id":"https:\/\/vieassociative.be\/actualites\/encore-un-defile-de-thanksgiving-et-une-ferme-pratique-ce-dimanche-a-eupen\/#breadcrumb","itemListElement":[{"@type":"ListItem","position":1,"name":"Accueil","item":"https:\/\/vieassociative.be\/actualites\/"},{"@type":"ListItem","position":2,"name":"Encore un d\u00e9fil\u00e9 de Thanksgiving et une ferme pratique ce dimanche \u00e0 Eupen"}]},{"@type":"WebSite","@id":"https:\/\/vieassociative.be\/actualites\/#website","url":"https:\/\/vieassociative.be\/actualites\/","name":"Vie Associative","description":"","publisher":{"@id":"https:\/\/vieassociative.be\/actualites\/#organization"},"potentialAction":[{"@type":"SearchAction","target":{"@type":"EntryPoint","urlTemplate":"https:\/\/vieassociative.be\/actualites\/?s={search_term_string}"},"query-input":{"@type":"PropertyValueSpecification","valueRequired":true,"valueName":"search_term_string"}}],"inLanguage":"fr-BE"},{"@type":"Organization","@id":"https:\/\/vieassociative.be\/actualites\/#organization","name":"Vie Associative","url":"https:\/\/vieassociative.be\/actualites\/","logo":{"@type":"ImageObject","inLanguage":"fr-BE","@id":"https:\/\/vieassociative.be\/actualites\/#\/schema\/logo\/image\/","url":"https:\/\/vieassociative.be\/actualites\/wp-content\/uploads\/2024\/09\/cropped-vieassociative_favicon.ico.png","contentUrl":"https:\/\/vieassociative.be\/actualites\/wp-content\/uploads\/2024\/09\/cropped-vieassociative_favicon.ico.png","width":512,"height":512,"caption":"Vie Associative"},"image":{"@id":"https:\/\/vieassociative.be\/actualites\/#\/schema\/logo\/image\/"}},{"@type":"Person","@id":"https:\/\/vieassociative.be\/actualites\/#\/schema\/person\/b87ac4f82f9d4e7b7cec7395b679edc4","name":"Julien","image":{"@type":"ImageObject","inLanguage":"fr-BE","@id":"https:\/\/vieassociative.be\/actualites\/#\/schema\/person\/image\/","url":"https:\/\/vieassociative.be\/actualites\/wp-content\/uploads\/2024\/09\/vie-associative-1-150x150.jpg","contentUrl":"https:\/\/vieassociative.be\/actualites\/wp-content\/uploads\/2024\/09\/vie-associative-1-150x150.jpg","caption":"Julien"},"description":"Je suis Julien, r\u00e9dacteur pour Vie Associative. Passionn\u00e9 par le monde associatif depuis plus de 10 ans, j'ai \u00e0 c\u0153ur de partager des histoires inspirantes et de mettre en lumi\u00e8re les initiatives locales. Mon objectif est de sensibiliser et d'encourager l'engagement communautaire \u00e0 travers mes articles.","sameAs":["https:\/\/vieassociative.be\/"]}]}},"_links":{"self":[{"href":"https:\/\/vieassociative.be\/actualites\/wp-json\/wp\/v2\/posts\/10517"}],"collection":[{"href":"https:\/\/vieassociative.be\/actualites\/wp-json\/wp\/v2\/posts"}],"about":[{"href":"https:\/\/vieassociative.be\/actualites\/wp-json\/wp\/v2\/types\/post"}],"author":[{"embeddable":true,"href":"https:\/\/vieassociative.be\/actualites\/wp-json\/wp\/v2\/users\/1"}],"replies":[{"embeddable":true,"href":"https:\/\/vieassociative.be\/actualites\/wp-json\/wp\/v2\/comments?post=10517"}],"version-history":[{"count":0,"href":"https:\/\/vieassociative.be\/actualites\/wp-json\/wp\/v2\/posts\/10517\/revisions"}],"wp:featuredmedia":[{"embeddable":true,"href":"https:\/\/vieassociative.be\/actualites\/wp-json\/wp\/v2\/media\/10518"}],"wp:attachment":[{"href":"https:\/\/vieassociative.be\/actualites\/wp-json\/wp\/v2\/media?parent=10517"}],"wp:term":[{"taxonomy":"category","embeddable":true,"href":"https:\/\/vieassociative.be\/actualites\/wp-json\/wp\/v2\/categories?post=10517"},{"taxonomy":"post_tag","embeddable":true,"href":"https:\/\/vieassociative.be\/actualites\/wp-json\/wp\/v2\/tags?post=10517"}],"curies":[{"name":"wp","href":"https:\/\/api.w.org\/{rel}","templated":true}]}}