{"id":10515,"date":"2025-10-08T09:16:59","date_gmt":"2025-10-08T07:16:59","guid":{"rendered":"https:\/\/vieassociative.be\/actualites\/ce-feu-tv-est-encore-moins-cher-maintenant-que-lorsque-je-lai-achete-il-y-a-un-mois\/"},"modified":"2025-10-08T09:16:59","modified_gmt":"2025-10-08T07:16:59","slug":"ce-feu-tv-est-encore-moins-cher-maintenant-que-lorsque-je-lai-achete-il-y-a-un-mois","status":"publish","type":"post","link":"https:\/\/vieassociative.be\/actualites\/ce-feu-tv-est-encore-moins-cher-maintenant-que-lorsque-je-lai-achete-il-y-a-un-mois\/","title":{"rendered":"Ce feu TV est encore moins cher maintenant que lorsque je l&rsquo;ai achet\u00e9 il y a un mois"},"content":{"rendered":"<div class=\"mt-4 leading-6 md:mb-8\">Le capitalisme n&rsquo;est pas parfait, mais il est livr\u00e9 avec de tr\u00e8s bons t\u00e9l\u00e9viseurs.<\/div>\n<p><\/p>\n<p><em>Amazon Big Deal Days est du 7 au 8 octobre et Vie Associative partage les meilleures bonnes affaires, en fonction des avis de produits, des comparaisons et des outils de suivi des prix.<\/em><\/p>\n<ul>\n<li>\n<p><em>Suivre notre <strong>blog en direct<\/strong><\/em><em>  Pour rester \u00e0 jour sur les meilleures ventes que nous trouvons.<\/em><\/p>\n<\/li>\n<li>\n<p><strong><em>Abonnez-vous \u00e0 notre newsletter shopping<\/em><\/strong><em>Ajouter au panier, pour les meilleures ventes envoy\u00e9es dans votre bo\u00eete de r\u00e9ception.<\/em><\/p>\n<\/li>\n<li>\n<p><em>Nouveau \u00e0 Prime Day? Nous avons un appr\u00eat sur <strong>Tout ce que vous devez savoir<\/strong><\/em><em>. Les ventes sont exactes au moment de la publication, mais les prix et les stocks sont toujours susceptibles de changer.<\/em><\/p>\n<\/li>\n<\/ul>\n<hr>\n<p>Le 23 ao\u00fbt, j&rsquo;ai achet\u00e9 une t\u00e9l\u00e9vision Amazon Fire TV 50 \u00ab\u00a0Omni Qled Series 4K pour 379,99 $. Cela semblait \u00eatre une bonne affaire &#8211; le prix de la liste est de 469,99 $, et c&rsquo;est un bon t\u00e9l\u00e9viseur avec un affichage 4K, une luminosit\u00e9 adaptative et une lutte \u00e0 distance compatible Alexa. Mais aujourd&rsquo;hui, ce m\u00eame mod\u00e8le de t\u00e9l\u00e9vision que j&rsquo;ai achet\u00e9 est \u00e0 359,99 $, m\u00eame moins que ce que j&rsquo;ai pay\u00e9 en ao\u00fbt.<\/p>\n<div class=\"pogoClear mb-12 mt-10 rounded-md border-2 border-gray-100 py-7 shadow-xl md:py-6\">\n<div class=\"flex flex-wrap justify-between px-7 text-black no-underline md:flex-nowrap md:px-8\">\n<div class=\"order-1 mx-auto flex flex-col justify-center md:order-2 md:ml-4 md:w-full md:grow\">\n<div class=\"block cursor-pointer text-center font-akshar text-2xl font-medium leading-7 text-brand-green duration-200 ease-in-out hover:text-brand-green-700 md:text-left md:text-xl md:leading-6\">50 \u00ab\u00a0Amazon Fire TV Omni Qled Series 4K Smart TV\n                <\/div>\n<div class=\"mt-4 hidden md:flex md:justify-between\">\n<div class=\"self-end\">\n<div class=\"mb-0 h-11 md:flex md:flex-col md:justify-center\">\n<div class=\" font-sans leading-4 text-black\">\n<div class=\"flex flex-wrap items-center justify-center gap-1 md:justify-start\">\n        <span class=\"font-bold\"><\/p>\n<p>            359,99 $<br \/>\n                            <span class=\"font-medium\">\u00e0 Amazon<\/span><br \/>\n                    <\/span>\n            <\/div>\n<div class=\"flex items-center justify-center gap-x-1 font-bold md:justify-start\">\n            <span class=\"text-sm line-through\">469,99 $<\/span><br \/>\n            <span class=\"text-sm text-brand-green\">\u00c9conomisez 110,00 $<\/span>\n        <\/div>\n<\/p><\/div>\n<\/p><\/div>\n<\/p><\/div>\n<div class=\"w-44 self-end\">\n                            <button class=\"flex justify-center items-center w-full bg-brand-green text-white text-base font-sans font-medium rounded-md hover:bg-brand-green-700 hover:cursor-pointer md:text-sm h-11\"><\/p>\n<p>    Conclure un accord<br \/>\n<\/button>\n                        <\/div>\n<\/p><\/div>\n<\/p><\/div>\n<div class=\"order-2 mt-5 h-auto w-full md:order-1 md:mt-0 md:hidden\">\n<div class=\"flex aspect-video items-center justify-center\">\n                                            <img decoding=\"async\" class=\"m-0 max-h-full max-w-full rounded-md\" src=\"https:\/\/vieassociative.be\/actualites\/wp-content\/uploads\/2025\/10\/Ce-feu-TV-est-encore-moins-cher-maintenant-que-lorsque.jpg\" alt=\"50\" amazon fire tv omni qled series smart width=\"auto\" height=\"auto\" loading=\"lazy\">\n                                    <\/div>\n<\/p><\/div>\n<div class=\"order-2 ml-2 hidden w-32 shrink-0 items-center md:order-1 md:ml-0 md:flex\">\n<div class=\"flex aspect-video items-center justify-center\">\n                                            <img decoding=\"async\" class=\"m-0 max-h-full max-w-full rounded-md\" src=\"https:\/\/vieassociative.be\/actualites\/wp-content\/uploads\/2025\/10\/Ce-feu-TV-est-encore-moins-cher-maintenant-que-lorsque.jpg\" alt=\"50\" amazon fire tv omni qled series smart width=\"auto\" height=\"auto\" loading=\"lazy\">\n                                    <\/div>\n<\/p><\/div>\n<div class=\"order-3 flex grow flex-wrap md:hidden md:grow-0\">\n<div class=\"mt-4 w-full\">\n                        <button class=\"flex justify-center items-center w-full bg-brand-green text-white text-base font-sans font-medium rounded-md hover:bg-brand-green-700 hover:cursor-pointer md:text-sm h-11\"><\/p>\n<p>    Conclure un accord<br \/>\n<\/button>\n                    <\/div>\n<div class=\"mx-2 mt-4 w-full\">\n<div class=\" font-sans leading-4 text-black\">\n<div class=\"flex flex-wrap items-center justify-center gap-1 md:justify-start\">\n        <span class=\"font-bold\"><\/p>\n<p>            359,99 $<br \/>\n                            <span class=\"font-medium\">\u00e0 Amazon<\/span><br \/>\n                    <\/span>\n            <\/div>\n<div class=\"flex items-center justify-center gap-x-1 font-bold md:justify-start\">\n            <span class=\"text-sm line-through\">469,99 $<\/span><br \/>\n            <span class=\"text-sm text-brand-green\">\u00c9conomisez 110,00 $<\/span>\n        <\/div>\n<\/p><\/div>\n<\/p><\/div>\n<\/p><\/div>\n<\/p><\/div>\n<\/div>\n<p>Suis-je en col\u00e8re? Pas vraiment. Mon ancienne t\u00e9l\u00e9vision s&rsquo;est cass\u00e9e, j&rsquo;ai donc d\u00fb en obtenir une nouvelle. La diff\u00e9rence de prix n&rsquo;est que de 20 $, ce n&rsquo;est donc pas la fin du monde; De plus, c&rsquo;est le meilleur t\u00e9l\u00e9viseur que j&rsquo;aie jamais poss\u00e9d\u00e9, et m\u00eame le prix plus \u00e9lev\u00e9 que j&rsquo;ai pay\u00e9 est raisonnable pour un t\u00e9l\u00e9viseur QLED. Voici \u00e0 quoi \u00e7a ressemble quand tu regardes <em>Pacificateur<\/em> l\u00e0-dessus:<\/p>\n<div class=\"eloquent-imagery-image\">\n<div class=\"flex justify-center\">\n                    <img decoding=\"async\" class=\"border border-gray-100\" src=\"https:\/\/vieassociative.be\/actualites\/wp-content\/uploads\/2025\/10\/Ce-feu-TV-est-encore-moins-cher-maintenant-que-lorsque.png\" alt=\"Pacificateur\" width=\"2000\" height=\"1125\" loading=\"lazy\"  >\n            <\/div>\n<\/p><\/div>\n<p>Ayant regard\u00e9 la plupart de <em>Pacificateur<\/em>quelques films de John Woo, et jouant beaucoup de <em>Clair Obscur: Exp\u00e9dition 33<\/em>Je pense que mes nouveaux films, t\u00e9l\u00e9vision et jeux vid\u00e9o fabriqu\u00e9s \u00e0 la t\u00e9l\u00e9vision sont fantastiques. Et c&rsquo;est super facile \u00e0 utiliser; J&rsquo;utilise m\u00eame Alexa pour changer l&rsquo;entr\u00e9e, car dire \u00ab\u00a0H\u00e9, Alexa, passer \u00e0 HDMI 1\u00a0\u00bb est plus facile que de traverser les menus. C&rsquo;est beaucoup de t\u00e9l\u00e9vision pour 359,99 $, donc si vous cherchez un t\u00e9l\u00e9viseur, pensez \u00e0 prendre la d\u00e9cision maintenant. <\/p>\n<hr>\n<p><em><br \/>Vous cherchez autre chose? Les d\u00e9taillants comme Walmart et Best Buy ont des ventes de comp\u00e9tition de grande journ\u00e9e qui sont particuli\u00e8rement utiles si vous n&rsquo;avez pas Amazon Prime.<\/em><\/p>\n<ul>\n<li>\n<p><strong><em>Vente de concours de premier jour de Walmart<\/em><\/strong><em>  se d\u00e9roule du 6 octobre \u00e0 19 h HE au 12 octobre et comprend des offres jusqu&rsquo;\u00e0 50% de r\u00e9duction. C&rsquo;est une option particuli\u00e8rement bonne si vous avez Walmart +.<\/em><\/p>\n<\/li>\n<li>\n<p><strong><em>Vente de concours de grande journ\u00e9e de Best Buy<\/em><\/strong><em>  se d\u00e9roule du 27 septembre au 12 octobre et poss\u00e8de certaines des meilleures ventes technologiques en ligne. C&rsquo;est une option particuli\u00e8rement bonne si vous \u00eates un membre \u00abplus\u00bb ou \u00abtotal\u00bb de mon meilleur achat.<\/em><\/p>\n<\/li>\n<li>\n<p><strong><em>Vente de concours de premier jour de Target<\/em><\/strong><em>  se d\u00e9roule du 5 octobre au 11 octobre, et il a des transactions \u00e0 50% de r\u00e9duction. Vous pouvez devenir un membre du cercle gratuitement.<\/em><\/p>\n<\/li>\n<\/ul>\n","protected":false},"excerpt":{"rendered":"<p>Le capitalisme n&rsquo;est pas parfait, mais il est livr\u00e9 avec de tr\u00e8s bons t\u00e9l\u00e9viseurs. Amazon Big Deal Days est du 7 au 8 octobre et<\/p>\n","protected":false},"author":1,"featured_media":10516,"comment_status":"","ping_status":"","sticky":false,"template":"","format":"standard","meta":{"footnotes":""},"categories":[13],"tags":[608,657,592,76,2114,5229,559,233,469,232],"class_list":["post-10515","post","type-post","status-publish","format-standard","has-post-thumbnail","hentry","category-technologie","tag-achete","tag-cher","tag-encore","tag-est","tag-feu","tag-lai","tag-lorsque","tag-maintenant","tag-moins","tag-mois","generate-columns","tablet-grid-50","mobile-grid-100","grid-parent","grid-33"],"yoast_head":"<!-- This site is optimized with the Yoast SEO plugin v24.0 - https:\/\/yoast.com\/wordpress\/plugins\/seo\/ -->\n<title>Ce feu TV est encore moins cher maintenant que lorsque je l&#039;ai achet\u00e9 il y a un mois | Vie Associative<\/title>\n<meta name=\"robots\" content=\"index, follow, max-snippet:-1, max-image-preview:large, max-video-preview:-1\" \/>\n<link rel=\"canonical\" href=\"https:\/\/vieassociative.be\/actualites\/ce-feu-tv-est-encore-moins-cher-maintenant-que-lorsque-je-lai-achete-il-y-a-un-mois\/\" \/>\n<meta property=\"og:locale\" content=\"fr_FR\" \/>\n<meta property=\"og:type\" content=\"article\" \/>\n<meta property=\"og:title\" content=\"Ce feu TV est encore moins cher maintenant que lorsque je l&#039;ai achet\u00e9 il y a un mois | Vie Associative\" \/>\n<meta property=\"og:description\" content=\"Le capitalisme n&rsquo;est pas parfait, mais il est livr\u00e9 avec de tr\u00e8s bons t\u00e9l\u00e9viseurs. Amazon Big Deal Days est du 7 au 8 octobre et\" \/>\n<meta property=\"og:url\" content=\"https:\/\/vieassociative.be\/actualites\/ce-feu-tv-est-encore-moins-cher-maintenant-que-lorsque-je-lai-achete-il-y-a-un-mois\/\" \/>\n<meta property=\"og:site_name\" content=\"Vie Associative\" \/>\n<meta property=\"article:published_time\" content=\"2025-10-08T07:16:59+00:00\" \/>\n<meta property=\"og:image\" content=\"https:\/\/vieassociative.be\/actualites\/wp-content\/uploads\/2025\/10\/Ce-feu-TV-est-encore-moins-cher-maintenant-que-lorsque.jpg\" \/>\n<meta name=\"author\" content=\"Julien\" \/>\n<meta name=\"twitter:card\" content=\"summary_large_image\" \/>\n<meta name=\"twitter:label1\" content=\"\u00c9crit par\" \/>\n\t<meta name=\"twitter:data1\" content=\"Julien\" \/>\n\t<meta name=\"twitter:label2\" content=\"Dur\u00e9e de lecture est.\" \/>\n\t<meta name=\"twitter:data2\" content=\"3 minutes\" \/>\n<script type=\"application\/ld+json\" class=\"yoast-schema-graph\">{\"@context\":\"https:\/\/schema.org\",\"@graph\":[{\"@type\":\"Article\",\"@id\":\"https:\/\/vieassociative.be\/actualites\/ce-feu-tv-est-encore-moins-cher-maintenant-que-lorsque-je-lai-achete-il-y-a-un-mois\/#article\",\"isPartOf\":{\"@id\":\"https:\/\/vieassociative.be\/actualites\/ce-feu-tv-est-encore-moins-cher-maintenant-que-lorsque-je-lai-achete-il-y-a-un-mois\/\"},\"author\":{\"name\":\"Julien\",\"@id\":\"https:\/\/vieassociative.be\/actualites\/#\/schema\/person\/b87ac4f82f9d4e7b7cec7395b679edc4\"},\"headline\":\"Ce feu TV est encore moins cher maintenant que lorsque je l&rsquo;ai achet\u00e9 il y a un mois\",\"datePublished\":\"2025-10-08T07:16:59+00:00\",\"dateModified\":\"2025-10-08T07:16:59+00:00\",\"mainEntityOfPage\":{\"@id\":\"https:\/\/vieassociative.be\/actualites\/ce-feu-tv-est-encore-moins-cher-maintenant-que-lorsque-je-lai-achete-il-y-a-un-mois\/\"},\"wordCount\":562,\"publisher\":{\"@id\":\"https:\/\/vieassociative.be\/actualites\/#organization\"},\"image\":{\"@id\":\"https:\/\/vieassociative.be\/actualites\/ce-feu-tv-est-encore-moins-cher-maintenant-que-lorsque-je-lai-achete-il-y-a-un-mois\/#primaryimage\"},\"thumbnailUrl\":\"https:\/\/vieassociative.be\/actualites\/wp-content\/uploads\/2025\/10\/1759907820_Ce-feu-TV-est-encore-moins-cher-maintenant-que-lorsque.png\",\"keywords\":[\"achet\u00e9\",\"cher\",\"encore\",\"est\",\"feu\",\"lai\",\"lorsque\",\"maintenant\",\"moins\",\"mois\"],\"articleSection\":[\"Technologie\"],\"inLanguage\":\"fr-BE\"},{\"@type\":\"WebPage\",\"@id\":\"https:\/\/vieassociative.be\/actualites\/ce-feu-tv-est-encore-moins-cher-maintenant-que-lorsque-je-lai-achete-il-y-a-un-mois\/\",\"url\":\"https:\/\/vieassociative.be\/actualites\/ce-feu-tv-est-encore-moins-cher-maintenant-que-lorsque-je-lai-achete-il-y-a-un-mois\/\",\"name\":\"Ce feu TV est encore moins cher maintenant que lorsque je l'ai achet\u00e9 il y a un mois | Vie Associative\",\"isPartOf\":{\"@id\":\"https:\/\/vieassociative.be\/actualites\/#website\"},\"primaryImageOfPage\":{\"@id\":\"https:\/\/vieassociative.be\/actualites\/ce-feu-tv-est-encore-moins-cher-maintenant-que-lorsque-je-lai-achete-il-y-a-un-mois\/#primaryimage\"},\"image\":{\"@id\":\"https:\/\/vieassociative.be\/actualites\/ce-feu-tv-est-encore-moins-cher-maintenant-que-lorsque-je-lai-achete-il-y-a-un-mois\/#primaryimage\"},\"thumbnailUrl\":\"https:\/\/vieassociative.be\/actualites\/wp-content\/uploads\/2025\/10\/1759907820_Ce-feu-TV-est-encore-moins-cher-maintenant-que-lorsque.png\",\"datePublished\":\"2025-10-08T07:16:59+00:00\",\"dateModified\":\"2025-10-08T07:16:59+00:00\",\"breadcrumb\":{\"@id\":\"https:\/\/vieassociative.be\/actualites\/ce-feu-tv-est-encore-moins-cher-maintenant-que-lorsque-je-lai-achete-il-y-a-un-mois\/#breadcrumb\"},\"inLanguage\":\"fr-BE\",\"potentialAction\":[{\"@type\":\"ReadAction\",\"target\":[\"https:\/\/vieassociative.be\/actualites\/ce-feu-tv-est-encore-moins-cher-maintenant-que-lorsque-je-lai-achete-il-y-a-un-mois\/\"]}]},{\"@type\":\"ImageObject\",\"inLanguage\":\"fr-BE\",\"@id\":\"https:\/\/vieassociative.be\/actualites\/ce-feu-tv-est-encore-moins-cher-maintenant-que-lorsque-je-lai-achete-il-y-a-un-mois\/#primaryimage\",\"url\":\"https:\/\/vieassociative.be\/actualites\/wp-content\/uploads\/2025\/10\/1759907820_Ce-feu-TV-est-encore-moins-cher-maintenant-que-lorsque.png\",\"contentUrl\":\"https:\/\/vieassociative.be\/actualites\/wp-content\/uploads\/2025\/10\/1759907820_Ce-feu-TV-est-encore-moins-cher-maintenant-que-lorsque.png\",\"width\":1200,\"height\":675,\"caption\":\"Ce feu TV est encore moins cher maintenant que lorsque je l'ai achet\u00e9 il y a un mois\"},{\"@type\":\"BreadcrumbList\",\"@id\":\"https:\/\/vieassociative.be\/actualites\/ce-feu-tv-est-encore-moins-cher-maintenant-que-lorsque-je-lai-achete-il-y-a-un-mois\/#breadcrumb\",\"itemListElement\":[{\"@type\":\"ListItem\",\"position\":1,\"name\":\"Accueil\",\"item\":\"https:\/\/vieassociative.be\/actualites\/\"},{\"@type\":\"ListItem\",\"position\":2,\"name\":\"Ce feu TV est encore moins cher maintenant que lorsque je l&rsquo;ai achet\u00e9 il y a un mois\"}]},{\"@type\":\"WebSite\",\"@id\":\"https:\/\/vieassociative.be\/actualites\/#website\",\"url\":\"https:\/\/vieassociative.be\/actualites\/\",\"name\":\"Vie Associative\",\"description\":\"\",\"publisher\":{\"@id\":\"https:\/\/vieassociative.be\/actualites\/#organization\"},\"potentialAction\":[{\"@type\":\"SearchAction\",\"target\":{\"@type\":\"EntryPoint\",\"urlTemplate\":\"https:\/\/vieassociative.be\/actualites\/?s={search_term_string}\"},\"query-input\":{\"@type\":\"PropertyValueSpecification\",\"valueRequired\":true,\"valueName\":\"search_term_string\"}}],\"inLanguage\":\"fr-BE\"},{\"@type\":\"Organization\",\"@id\":\"https:\/\/vieassociative.be\/actualites\/#organization\",\"name\":\"Vie Associative\",\"url\":\"https:\/\/vieassociative.be\/actualites\/\",\"logo\":{\"@type\":\"ImageObject\",\"inLanguage\":\"fr-BE\",\"@id\":\"https:\/\/vieassociative.be\/actualites\/#\/schema\/logo\/image\/\",\"url\":\"https:\/\/vieassociative.be\/actualites\/wp-content\/uploads\/2024\/09\/cropped-vieassociative_favicon.ico.png\",\"contentUrl\":\"https:\/\/vieassociative.be\/actualites\/wp-content\/uploads\/2024\/09\/cropped-vieassociative_favicon.ico.png\",\"width\":512,\"height\":512,\"caption\":\"Vie Associative\"},\"image\":{\"@id\":\"https:\/\/vieassociative.be\/actualites\/#\/schema\/logo\/image\/\"}},{\"@type\":\"Person\",\"@id\":\"https:\/\/vieassociative.be\/actualites\/#\/schema\/person\/b87ac4f82f9d4e7b7cec7395b679edc4\",\"name\":\"Julien\",\"image\":{\"@type\":\"ImageObject\",\"inLanguage\":\"fr-BE\",\"@id\":\"https:\/\/vieassociative.be\/actualites\/#\/schema\/person\/image\/\",\"url\":\"https:\/\/vieassociative.be\/actualites\/wp-content\/uploads\/2024\/09\/vie-associative-1-150x150.jpg\",\"contentUrl\":\"https:\/\/vieassociative.be\/actualites\/wp-content\/uploads\/2024\/09\/vie-associative-1-150x150.jpg\",\"caption\":\"Julien\"},\"description\":\"Je suis Julien, r\u00e9dacteur pour Vie Associative. Passionn\u00e9 par le monde associatif depuis plus de 10 ans, j'ai \u00e0 c\u0153ur de partager des histoires inspirantes et de mettre en lumi\u00e8re les initiatives locales. Mon objectif est de sensibiliser et d'encourager l'engagement communautaire \u00e0 travers mes articles.\",\"sameAs\":[\"https:\/\/vieassociative.be\/\"]}]}<\/script>\n<!-- \/ Yoast SEO plugin. -->","yoast_head_json":{"title":"Ce feu TV est encore moins cher maintenant que lorsque je l'ai achet\u00e9 il y a un mois | Vie Associative","robots":{"index":"index","follow":"follow","max-snippet":"max-snippet:-1","max-image-preview":"max-image-preview:large","max-video-preview":"max-video-preview:-1"},"canonical":"https:\/\/vieassociative.be\/actualites\/ce-feu-tv-est-encore-moins-cher-maintenant-que-lorsque-je-lai-achete-il-y-a-un-mois\/","og_locale":"fr_FR","og_type":"article","og_title":"Ce feu TV est encore moins cher maintenant que lorsque je l'ai achet\u00e9 il y a un mois | Vie Associative","og_description":"Le capitalisme n&rsquo;est pas parfait, mais il est livr\u00e9 avec de tr\u00e8s bons t\u00e9l\u00e9viseurs. Amazon Big Deal Days est du 7 au 8 octobre et","og_url":"https:\/\/vieassociative.be\/actualites\/ce-feu-tv-est-encore-moins-cher-maintenant-que-lorsque-je-lai-achete-il-y-a-un-mois\/","og_site_name":"Vie Associative","article_published_time":"2025-10-08T07:16:59+00:00","og_image":[{"url":"https:\/\/vieassociative.be\/actualites\/wp-content\/uploads\/2025\/10\/Ce-feu-TV-est-encore-moins-cher-maintenant-que-lorsque.jpg","type":"","width":"","height":""}],"author":"Julien","twitter_card":"summary_large_image","twitter_misc":{"\u00c9crit par":"Julien","Dur\u00e9e de lecture est.":"3 minutes"},"schema":{"@context":"https:\/\/schema.org","@graph":[{"@type":"Article","@id":"https:\/\/vieassociative.be\/actualites\/ce-feu-tv-est-encore-moins-cher-maintenant-que-lorsque-je-lai-achete-il-y-a-un-mois\/#article","isPartOf":{"@id":"https:\/\/vieassociative.be\/actualites\/ce-feu-tv-est-encore-moins-cher-maintenant-que-lorsque-je-lai-achete-il-y-a-un-mois\/"},"author":{"name":"Julien","@id":"https:\/\/vieassociative.be\/actualites\/#\/schema\/person\/b87ac4f82f9d4e7b7cec7395b679edc4"},"headline":"Ce feu TV est encore moins cher maintenant que lorsque je l&rsquo;ai achet\u00e9 il y a un mois","datePublished":"2025-10-08T07:16:59+00:00","dateModified":"2025-10-08T07:16:59+00:00","mainEntityOfPage":{"@id":"https:\/\/vieassociative.be\/actualites\/ce-feu-tv-est-encore-moins-cher-maintenant-que-lorsque-je-lai-achete-il-y-a-un-mois\/"},"wordCount":562,"publisher":{"@id":"https:\/\/vieassociative.be\/actualites\/#organization"},"image":{"@id":"https:\/\/vieassociative.be\/actualites\/ce-feu-tv-est-encore-moins-cher-maintenant-que-lorsque-je-lai-achete-il-y-a-un-mois\/#primaryimage"},"thumbnailUrl":"https:\/\/vieassociative.be\/actualites\/wp-content\/uploads\/2025\/10\/1759907820_Ce-feu-TV-est-encore-moins-cher-maintenant-que-lorsque.png","keywords":["achet\u00e9","cher","encore","est","feu","lai","lorsque","maintenant","moins","mois"],"articleSection":["Technologie"],"inLanguage":"fr-BE"},{"@type":"WebPage","@id":"https:\/\/vieassociative.be\/actualites\/ce-feu-tv-est-encore-moins-cher-maintenant-que-lorsque-je-lai-achete-il-y-a-un-mois\/","url":"https:\/\/vieassociative.be\/actualites\/ce-feu-tv-est-encore-moins-cher-maintenant-que-lorsque-je-lai-achete-il-y-a-un-mois\/","name":"Ce feu TV est encore moins cher maintenant que lorsque je l'ai achet\u00e9 il y a un mois | Vie Associative","isPartOf":{"@id":"https:\/\/vieassociative.be\/actualites\/#website"},"primaryImageOfPage":{"@id":"https:\/\/vieassociative.be\/actualites\/ce-feu-tv-est-encore-moins-cher-maintenant-que-lorsque-je-lai-achete-il-y-a-un-mois\/#primaryimage"},"image":{"@id":"https:\/\/vieassociative.be\/actualites\/ce-feu-tv-est-encore-moins-cher-maintenant-que-lorsque-je-lai-achete-il-y-a-un-mois\/#primaryimage"},"thumbnailUrl":"https:\/\/vieassociative.be\/actualites\/wp-content\/uploads\/2025\/10\/1759907820_Ce-feu-TV-est-encore-moins-cher-maintenant-que-lorsque.png","datePublished":"2025-10-08T07:16:59+00:00","dateModified":"2025-10-08T07:16:59+00:00","breadcrumb":{"@id":"https:\/\/vieassociative.be\/actualites\/ce-feu-tv-est-encore-moins-cher-maintenant-que-lorsque-je-lai-achete-il-y-a-un-mois\/#breadcrumb"},"inLanguage":"fr-BE","potentialAction":[{"@type":"ReadAction","target":["https:\/\/vieassociative.be\/actualites\/ce-feu-tv-est-encore-moins-cher-maintenant-que-lorsque-je-lai-achete-il-y-a-un-mois\/"]}]},{"@type":"ImageObject","inLanguage":"fr-BE","@id":"https:\/\/vieassociative.be\/actualites\/ce-feu-tv-est-encore-moins-cher-maintenant-que-lorsque-je-lai-achete-il-y-a-un-mois\/#primaryimage","url":"https:\/\/vieassociative.be\/actualites\/wp-content\/uploads\/2025\/10\/1759907820_Ce-feu-TV-est-encore-moins-cher-maintenant-que-lorsque.png","contentUrl":"https:\/\/vieassociative.be\/actualites\/wp-content\/uploads\/2025\/10\/1759907820_Ce-feu-TV-est-encore-moins-cher-maintenant-que-lorsque.png","width":1200,"height":675,"caption":"Ce feu TV est encore moins cher maintenant que lorsque je l'ai achet\u00e9 il y a un mois"},{"@type":"BreadcrumbList","@id":"https:\/\/vieassociative.be\/actualites\/ce-feu-tv-est-encore-moins-cher-maintenant-que-lorsque-je-lai-achete-il-y-a-un-mois\/#breadcrumb","itemListElement":[{"@type":"ListItem","position":1,"name":"Accueil","item":"https:\/\/vieassociative.be\/actualites\/"},{"@type":"ListItem","position":2,"name":"Ce feu TV est encore moins cher maintenant que lorsque je l&rsquo;ai achet\u00e9 il y a un mois"}]},{"@type":"WebSite","@id":"https:\/\/vieassociative.be\/actualites\/#website","url":"https:\/\/vieassociative.be\/actualites\/","name":"Vie Associative","description":"","publisher":{"@id":"https:\/\/vieassociative.be\/actualites\/#organization"},"potentialAction":[{"@type":"SearchAction","target":{"@type":"EntryPoint","urlTemplate":"https:\/\/vieassociative.be\/actualites\/?s={search_term_string}"},"query-input":{"@type":"PropertyValueSpecification","valueRequired":true,"valueName":"search_term_string"}}],"inLanguage":"fr-BE"},{"@type":"Organization","@id":"https:\/\/vieassociative.be\/actualites\/#organization","name":"Vie Associative","url":"https:\/\/vieassociative.be\/actualites\/","logo":{"@type":"ImageObject","inLanguage":"fr-BE","@id":"https:\/\/vieassociative.be\/actualites\/#\/schema\/logo\/image\/","url":"https:\/\/vieassociative.be\/actualites\/wp-content\/uploads\/2024\/09\/cropped-vieassociative_favicon.ico.png","contentUrl":"https:\/\/vieassociative.be\/actualites\/wp-content\/uploads\/2024\/09\/cropped-vieassociative_favicon.ico.png","width":512,"height":512,"caption":"Vie Associative"},"image":{"@id":"https:\/\/vieassociative.be\/actualites\/#\/schema\/logo\/image\/"}},{"@type":"Person","@id":"https:\/\/vieassociative.be\/actualites\/#\/schema\/person\/b87ac4f82f9d4e7b7cec7395b679edc4","name":"Julien","image":{"@type":"ImageObject","inLanguage":"fr-BE","@id":"https:\/\/vieassociative.be\/actualites\/#\/schema\/person\/image\/","url":"https:\/\/vieassociative.be\/actualites\/wp-content\/uploads\/2024\/09\/vie-associative-1-150x150.jpg","contentUrl":"https:\/\/vieassociative.be\/actualites\/wp-content\/uploads\/2024\/09\/vie-associative-1-150x150.jpg","caption":"Julien"},"description":"Je suis Julien, r\u00e9dacteur pour Vie Associative. Passionn\u00e9 par le monde associatif depuis plus de 10 ans, j'ai \u00e0 c\u0153ur de partager des histoires inspirantes et de mettre en lumi\u00e8re les initiatives locales. Mon objectif est de sensibiliser et d'encourager l'engagement communautaire \u00e0 travers mes articles.","sameAs":["https:\/\/vieassociative.be\/"]}]}},"_links":{"self":[{"href":"https:\/\/vieassociative.be\/actualites\/wp-json\/wp\/v2\/posts\/10515"}],"collection":[{"href":"https:\/\/vieassociative.be\/actualites\/wp-json\/wp\/v2\/posts"}],"about":[{"href":"https:\/\/vieassociative.be\/actualites\/wp-json\/wp\/v2\/types\/post"}],"author":[{"embeddable":true,"href":"https:\/\/vieassociative.be\/actualites\/wp-json\/wp\/v2\/users\/1"}],"replies":[{"embeddable":true,"href":"https:\/\/vieassociative.be\/actualites\/wp-json\/wp\/v2\/comments?post=10515"}],"version-history":[{"count":0,"href":"https:\/\/vieassociative.be\/actualites\/wp-json\/wp\/v2\/posts\/10515\/revisions"}],"wp:featuredmedia":[{"embeddable":true,"href":"https:\/\/vieassociative.be\/actualites\/wp-json\/wp\/v2\/media\/10516"}],"wp:attachment":[{"href":"https:\/\/vieassociative.be\/actualites\/wp-json\/wp\/v2\/media?parent=10515"}],"wp:term":[{"taxonomy":"category","embeddable":true,"href":"https:\/\/vieassociative.be\/actualites\/wp-json\/wp\/v2\/categories?post=10515"},{"taxonomy":"post_tag","embeddable":true,"href":"https:\/\/vieassociative.be\/actualites\/wp-json\/wp\/v2\/tags?post=10515"}],"curies":[{"name":"wp","href":"https:\/\/api.w.org\/{rel}","templated":true}]}}