{"id":10513,"date":"2025-10-08T04:17:15","date_gmt":"2025-10-08T02:17:15","guid":{"rendered":"https:\/\/vieassociative.be\/actualites\/pour-la-premiere-fois-plus-delectricite-de-renouvelable-que-le-charbon-les-experts-du-monde-entier-signes-de-tournant\/"},"modified":"2025-10-08T04:17:15","modified_gmt":"2025-10-08T02:17:15","slug":"pour-la-premiere-fois-plus-delectricite-de-renouvelable-que-le-charbon-les-experts-du-monde-entier-signes-de-tournant","status":"publish","type":"post","link":"https:\/\/vieassociative.be\/actualites\/pour-la-premiere-fois-plus-delectricite-de-renouvelable-que-le-charbon-les-experts-du-monde-entier-signes-de-tournant\/","title":{"rendered":"Pour la premi\u00e8re fois, plus d&rsquo;\u00e9lectricit\u00e9 de renouvelable que le charbon &#8211; les experts du monde entier: \u00ab\u00a0signes de tournant\u00a0\u00bb"},"content":{"rendered":"<p><strong>Pour la premi\u00e8re fois au premier semestre de l&rsquo;ann\u00e9e, Green Electricity a d\u00e9pass\u00e9 le stream de charbon dans le monde. Cela \u00e9merge d&rsquo;une nouvelle \u00e9tude. Pourquoi les experts voient un \u00ab\u00a0tournant d\u00e9cisif\u00a0\u00bb dans les chiffres.<\/strong><br \/>\n<span id=\"more-426475\"><\/span>Pour la premi\u00e8re fois au premier semestre de 2025, plus d&rsquo;\u00e9lectricit\u00e9 verte que le courant de charbon a \u00e9t\u00e9 produite dans le monde. Ceci est le r\u00e9sultat d&rsquo;une \u00e9tude du groupe de r\u00e9flexion Ember. Selon cela, la production d&rsquo;\u00e9lectricit\u00e9 \u00e0 partir d&rsquo;\u00e9nergies renouvelables a augment\u00e9 de pr\u00e8s de 8% \u00e0 5 072 heures de t\u00e9rawatt par rapport \u00e0 la m\u00eame p\u00e9riode l&rsquo;an dernier. Pendant ce temps, la puissance du charbon a diminu\u00e9 de pr\u00e8s de 1 pour cent \u00e0 4 896 heures de t\u00e9rawatt.<\/p>\n<p>La proportion d&rsquo;\u00e9nergies renouvelables dans le m\u00e9lange d&rsquo;\u00e9lectricit\u00e9 mondiale est pass\u00e9e \u00e0 34,3%, selon les experts Ember. La teneur en charbon est tomb\u00e9e \u00e0 33,1%.<\/p>\n<div id=\"attachment_189941\" class=\"wp-caption alignleft\" style=\"max-width: 300px\"><img fetchpriority=\"high\" decoding=\"async\" class=\"wp-image-189941 size-medium\" src=\"https:\/\/vieassociative.be\/actualites\/wp-content\/uploads\/2025\/10\/Pour-la-premiere-fois-plus-delectricite-de-renouvelable-que-le.jpeg\" alt=\"\" width=\"300\" height=\"200\"  ><\/div>\n<p><strong>&#8211; L&rsquo;\u00e9nergie solaire et \u00e9olienne d\u00e9passe la croissance de la demande:<\/strong> La demande d&rsquo;\u00e9lectricit\u00e9 mondiale a augment\u00e9 de 369 TWH au cours de la premi\u00e8re moiti\u00e9 de 2025. \u00ab\u00a0Cette augmentation a \u00e9t\u00e9 plus que \u00e9quilibr\u00e9e par l&rsquo;augmentation de la production d&rsquo;\u00e9nergie solaire (plus 306 TWH) et la production d&rsquo;\u00e9nergie \u00e9olienne (plus 97 TWH)\u00a0\u00bb, indique l&rsquo;\u00e9tude. La production d&rsquo;\u00e9lectricit\u00e9 \u00e0 partir de l&rsquo;hydro\u00e9lectricit\u00e9 a consid\u00e9rablement diminu\u00e9, ce qui a l\u00e9g\u00e8rement diminu\u00e9 de la bio\u00e9nergie. Un peu plus d&rsquo;\u00e9lectricit\u00e9 a \u00e9t\u00e9 produite par l&rsquo;\u00e9nergie nucl\u00e9aire, tandis que la production d&rsquo;\u00e9nergie fossile en charbon, en gaz et en p\u00e9trole a l\u00e9g\u00e8rement diminu\u00e9.<\/p>\n<p>Selon l&rsquo;\u00e9tude, la Chine \u00e9tait responsable de 55% de la croissance solaire mondiale, suivie des \u00c9tats-Unis (14%), de l&rsquo;UE (12%), de l&rsquo;Inde (un peu moins de 6%) et du Br\u00e9sil (un bon 3%).<\/p>\n<p><strong>-Membl experts voir les signes d&rsquo;un tournant:<\/strong> \u00ab\u00a0Nous connaissons les premiers signes d&rsquo;un tournant crucial\u00a0\u00bb, a d\u00e9clar\u00e9 Ember Electricity Alyt Ma\u0142gorzata Wiatros-Motyka. \u00ab\u00a0L&rsquo;\u00e9nergie solaire et \u00e9olienne augmente d\u00e9sormais assez rapidement pour r\u00e9pondre aux besoins mondiaux de l&rsquo;\u00e9lectricit\u00e9.\u00a0\u00bb Cela marque le d\u00e9but d&rsquo;un changement dans lequel l&rsquo;\u00e9nergie propre maintient le rythme de la croissance de la demande.<\/p>\n<p>Dans les chiffres dans son ensemble, les experts en bercette voient un signal que \u00ab\u00a0la demande de combustibles fossiles a atteint son pic ou a d\u00e9j\u00e0 d\u00e9pass\u00e9\u00a0\u00bb. C&rsquo;est un moment crucial pour agir ambitieux et acc\u00e9l\u00e9rer la transition \u00e9nerg\u00e9tique, ont-ils d\u00e9clar\u00e9. (DPA)<\/p>\n","protected":false},"excerpt":{"rendered":"<p>Pour la premi\u00e8re fois au premier semestre de l&rsquo;ann\u00e9e, Green Electricity a d\u00e9pass\u00e9 le stream de charbon dans le monde. Cela \u00e9merge d&rsquo;une nouvelle \u00e9tude.<\/p>\n","protected":false},"author":1,"featured_media":10514,"comment_status":"","ping_status":"","sticky":false,"template":"","format":"standard","meta":{"footnotes":""},"categories":[298],"tags":[8813,7644,8814,2928,774,14,237,81,610,8812,1140,8815],"class_list":["post-10513","post","type-post","status-publish","format-standard","has-post-thumbnail","hentry","category-belgique","tag-charbon","tag-delectricite","tag-entier","tag-experts","tag-fois","tag-les","tag-monde","tag-pour","tag-premiere","tag-renouvelable","tag-signes","tag-tournant","generate-columns","tablet-grid-50","mobile-grid-100","grid-parent","grid-33"],"yoast_head":"<!-- This site is optimized with the Yoast SEO plugin v24.0 - https:\/\/yoast.com\/wordpress\/plugins\/seo\/ -->\n<title>Pour la premi\u00e8re fois, plus d&#039;\u00e9lectricit\u00e9 de renouvelable que le charbon - les experts du monde entier: &quot;signes de tournant&quot; | Vie Associative<\/title>\n<meta name=\"robots\" content=\"index, follow, max-snippet:-1, max-image-preview:large, max-video-preview:-1\" \/>\n<link rel=\"canonical\" href=\"https:\/\/vieassociative.be\/actualites\/pour-la-premiere-fois-plus-delectricite-de-renouvelable-que-le-charbon-les-experts-du-monde-entier-signes-de-tournant\/\" \/>\n<meta property=\"og:locale\" content=\"fr_FR\" \/>\n<meta property=\"og:type\" content=\"article\" \/>\n<meta property=\"og:title\" content=\"Pour la premi\u00e8re fois, plus d&#039;\u00e9lectricit\u00e9 de renouvelable que le charbon - les experts du monde entier: &quot;signes de tournant&quot; | Vie Associative\" \/>\n<meta property=\"og:description\" content=\"Pour la premi\u00e8re fois au premier semestre de l&rsquo;ann\u00e9e, Green Electricity a d\u00e9pass\u00e9 le stream de charbon dans le monde. Cela \u00e9merge d&rsquo;une nouvelle \u00e9tude.\" \/>\n<meta property=\"og:url\" content=\"https:\/\/vieassociative.be\/actualites\/pour-la-premiere-fois-plus-delectricite-de-renouvelable-que-le-charbon-les-experts-du-monde-entier-signes-de-tournant\/\" \/>\n<meta property=\"og:site_name\" content=\"Vie Associative\" \/>\n<meta property=\"article:published_time\" content=\"2025-10-08T02:17:15+00:00\" \/>\n<meta property=\"og:image\" content=\"https:\/\/vieassociative.be\/actualites\/wp-content\/uploads\/2024\/09\/header_backgroundk-01-e1726694325946.png\" \/>\n\t<meta property=\"og:image:width\" content=\"279\" \/>\n\t<meta property=\"og:image:height\" content=\"92\" \/>\n\t<meta property=\"og:image:type\" content=\"image\/png\" \/>\n<meta name=\"author\" content=\"Julien\" \/>\n<meta name=\"twitter:card\" content=\"summary_large_image\" \/>\n<meta name=\"twitter:label1\" content=\"\u00c9crit par\" \/>\n\t<meta name=\"twitter:data1\" content=\"Julien\" \/>\n\t<meta name=\"twitter:label2\" content=\"Dur\u00e9e de lecture est.\" \/>\n\t<meta name=\"twitter:data2\" content=\"2 minutes\" \/>\n<script type=\"application\/ld+json\" class=\"yoast-schema-graph\">{\"@context\":\"https:\/\/schema.org\",\"@graph\":[{\"@type\":\"Article\",\"@id\":\"https:\/\/vieassociative.be\/actualites\/pour-la-premiere-fois-plus-delectricite-de-renouvelable-que-le-charbon-les-experts-du-monde-entier-signes-de-tournant\/#article\",\"isPartOf\":{\"@id\":\"https:\/\/vieassociative.be\/actualites\/pour-la-premiere-fois-plus-delectricite-de-renouvelable-que-le-charbon-les-experts-du-monde-entier-signes-de-tournant\/\"},\"author\":{\"name\":\"Julien\",\"@id\":\"https:\/\/vieassociative.be\/actualites\/#\/schema\/person\/b87ac4f82f9d4e7b7cec7395b679edc4\"},\"headline\":\"Pour la premi\u00e8re fois, plus d&rsquo;\u00e9lectricit\u00e9 de renouvelable que le charbon &#8211; les experts du monde entier: \u00ab\u00a0signes de tournant\u00a0\u00bb\",\"datePublished\":\"2025-10-08T02:17:15+00:00\",\"dateModified\":\"2025-10-08T02:17:15+00:00\",\"mainEntityOfPage\":{\"@id\":\"https:\/\/vieassociative.be\/actualites\/pour-la-premiere-fois-plus-delectricite-de-renouvelable-que-le-charbon-les-experts-du-monde-entier-signes-de-tournant\/\"},\"wordCount\":441,\"publisher\":{\"@id\":\"https:\/\/vieassociative.be\/actualites\/#organization\"},\"image\":{\"@id\":\"https:\/\/vieassociative.be\/actualites\/pour-la-premiere-fois-plus-delectricite-de-renouvelable-que-le-charbon-les-experts-du-monde-entier-signes-de-tournant\/#primaryimage\"},\"thumbnailUrl\":\"https:\/\/vieassociative.be\/actualites\/wp-content\/uploads\/2025\/10\/Pour-la-premiere-fois-plus-delectricite-de-renouvelable-que-le.jpg\",\"keywords\":[\"charbon\",\"d\u00e9lectricit\u00e9\",\"entier\",\"experts\",\"fois\",\"Les\",\"monde\",\"pour\",\"premi\u00e8re\",\"renouvelable\",\"signes\",\"tournant\"],\"articleSection\":[\"Belgique\"],\"inLanguage\":\"fr-BE\"},{\"@type\":\"WebPage\",\"@id\":\"https:\/\/vieassociative.be\/actualites\/pour-la-premiere-fois-plus-delectricite-de-renouvelable-que-le-charbon-les-experts-du-monde-entier-signes-de-tournant\/\",\"url\":\"https:\/\/vieassociative.be\/actualites\/pour-la-premiere-fois-plus-delectricite-de-renouvelable-que-le-charbon-les-experts-du-monde-entier-signes-de-tournant\/\",\"name\":\"Pour la premi\u00e8re fois, plus d'\u00e9lectricit\u00e9 de renouvelable que le charbon - les experts du monde entier: \\\"signes de tournant\\\" | Vie Associative\",\"isPartOf\":{\"@id\":\"https:\/\/vieassociative.be\/actualites\/#website\"},\"primaryImageOfPage\":{\"@id\":\"https:\/\/vieassociative.be\/actualites\/pour-la-premiere-fois-plus-delectricite-de-renouvelable-que-le-charbon-les-experts-du-monde-entier-signes-de-tournant\/#primaryimage\"},\"image\":{\"@id\":\"https:\/\/vieassociative.be\/actualites\/pour-la-premiere-fois-plus-delectricite-de-renouvelable-que-le-charbon-les-experts-du-monde-entier-signes-de-tournant\/#primaryimage\"},\"thumbnailUrl\":\"https:\/\/vieassociative.be\/actualites\/wp-content\/uploads\/2025\/10\/Pour-la-premiere-fois-plus-delectricite-de-renouvelable-que-le.jpg\",\"datePublished\":\"2025-10-08T02:17:15+00:00\",\"dateModified\":\"2025-10-08T02:17:15+00:00\",\"breadcrumb\":{\"@id\":\"https:\/\/vieassociative.be\/actualites\/pour-la-premiere-fois-plus-delectricite-de-renouvelable-que-le-charbon-les-experts-du-monde-entier-signes-de-tournant\/#breadcrumb\"},\"inLanguage\":\"fr-BE\",\"potentialAction\":[{\"@type\":\"ReadAction\",\"target\":[\"https:\/\/vieassociative.be\/actualites\/pour-la-premiere-fois-plus-delectricite-de-renouvelable-que-le-charbon-les-experts-du-monde-entier-signes-de-tournant\/\"]}]},{\"@type\":\"ImageObject\",\"inLanguage\":\"fr-BE\",\"@id\":\"https:\/\/vieassociative.be\/actualites\/pour-la-premiere-fois-plus-delectricite-de-renouvelable-que-le-charbon-les-experts-du-monde-entier-signes-de-tournant\/#primaryimage\",\"url\":\"https:\/\/vieassociative.be\/actualites\/wp-content\/uploads\/2025\/10\/Pour-la-premiere-fois-plus-delectricite-de-renouvelable-que-le.jpg\",\"contentUrl\":\"https:\/\/vieassociative.be\/actualites\/wp-content\/uploads\/2025\/10\/Pour-la-premiere-fois-plus-delectricite-de-renouvelable-que-le.jpg\",\"width\":1200,\"height\":873,\"caption\":\"Pour la premi\u00e8re fois, plus d'\u00e9lectricit\u00e9 de renouvelable que le charbon - les experts du monde entier: \\\"signes de tournant\\\"\"},{\"@type\":\"BreadcrumbList\",\"@id\":\"https:\/\/vieassociative.be\/actualites\/pour-la-premiere-fois-plus-delectricite-de-renouvelable-que-le-charbon-les-experts-du-monde-entier-signes-de-tournant\/#breadcrumb\",\"itemListElement\":[{\"@type\":\"ListItem\",\"position\":1,\"name\":\"Accueil\",\"item\":\"https:\/\/vieassociative.be\/actualites\/\"},{\"@type\":\"ListItem\",\"position\":2,\"name\":\"Pour la premi\u00e8re fois, plus d&rsquo;\u00e9lectricit\u00e9 de renouvelable que le charbon &#8211; les experts du monde entier: \u00ab\u00a0signes de tournant\u00a0\u00bb\"}]},{\"@type\":\"WebSite\",\"@id\":\"https:\/\/vieassociative.be\/actualites\/#website\",\"url\":\"https:\/\/vieassociative.be\/actualites\/\",\"name\":\"Vie Associative\",\"description\":\"\",\"publisher\":{\"@id\":\"https:\/\/vieassociative.be\/actualites\/#organization\"},\"potentialAction\":[{\"@type\":\"SearchAction\",\"target\":{\"@type\":\"EntryPoint\",\"urlTemplate\":\"https:\/\/vieassociative.be\/actualites\/?s={search_term_string}\"},\"query-input\":{\"@type\":\"PropertyValueSpecification\",\"valueRequired\":true,\"valueName\":\"search_term_string\"}}],\"inLanguage\":\"fr-BE\"},{\"@type\":\"Organization\",\"@id\":\"https:\/\/vieassociative.be\/actualites\/#organization\",\"name\":\"Vie Associative\",\"url\":\"https:\/\/vieassociative.be\/actualites\/\",\"logo\":{\"@type\":\"ImageObject\",\"inLanguage\":\"fr-BE\",\"@id\":\"https:\/\/vieassociative.be\/actualites\/#\/schema\/logo\/image\/\",\"url\":\"https:\/\/vieassociative.be\/actualites\/wp-content\/uploads\/2024\/09\/cropped-vieassociative_favicon.ico.png\",\"contentUrl\":\"https:\/\/vieassociative.be\/actualites\/wp-content\/uploads\/2024\/09\/cropped-vieassociative_favicon.ico.png\",\"width\":512,\"height\":512,\"caption\":\"Vie Associative\"},\"image\":{\"@id\":\"https:\/\/vieassociative.be\/actualites\/#\/schema\/logo\/image\/\"}},{\"@type\":\"Person\",\"@id\":\"https:\/\/vieassociative.be\/actualites\/#\/schema\/person\/b87ac4f82f9d4e7b7cec7395b679edc4\",\"name\":\"Julien\",\"image\":{\"@type\":\"ImageObject\",\"inLanguage\":\"fr-BE\",\"@id\":\"https:\/\/vieassociative.be\/actualites\/#\/schema\/person\/image\/\",\"url\":\"https:\/\/vieassociative.be\/actualites\/wp-content\/uploads\/2024\/09\/vie-associative-1-150x150.jpg\",\"contentUrl\":\"https:\/\/vieassociative.be\/actualites\/wp-content\/uploads\/2024\/09\/vie-associative-1-150x150.jpg\",\"caption\":\"Julien\"},\"description\":\"Je suis Julien, r\u00e9dacteur pour Vie Associative. Passionn\u00e9 par le monde associatif depuis plus de 10 ans, j'ai \u00e0 c\u0153ur de partager des histoires inspirantes et de mettre en lumi\u00e8re les initiatives locales. Mon objectif est de sensibiliser et d'encourager l'engagement communautaire \u00e0 travers mes articles.\",\"sameAs\":[\"https:\/\/vieassociative.be\/\"]}]}<\/script>\n<!-- \/ Yoast SEO plugin. -->","yoast_head_json":{"title":"Pour la premi\u00e8re fois, plus d'\u00e9lectricit\u00e9 de renouvelable que le charbon - les experts du monde entier: \"signes de tournant\" | Vie Associative","robots":{"index":"index","follow":"follow","max-snippet":"max-snippet:-1","max-image-preview":"max-image-preview:large","max-video-preview":"max-video-preview:-1"},"canonical":"https:\/\/vieassociative.be\/actualites\/pour-la-premiere-fois-plus-delectricite-de-renouvelable-que-le-charbon-les-experts-du-monde-entier-signes-de-tournant\/","og_locale":"fr_FR","og_type":"article","og_title":"Pour la premi\u00e8re fois, plus d'\u00e9lectricit\u00e9 de renouvelable que le charbon - les experts du monde entier: \"signes de tournant\" | Vie Associative","og_description":"Pour la premi\u00e8re fois au premier semestre de l&rsquo;ann\u00e9e, Green Electricity a d\u00e9pass\u00e9 le stream de charbon dans le monde. Cela \u00e9merge d&rsquo;une nouvelle \u00e9tude.","og_url":"https:\/\/vieassociative.be\/actualites\/pour-la-premiere-fois-plus-delectricite-de-renouvelable-que-le-charbon-les-experts-du-monde-entier-signes-de-tournant\/","og_site_name":"Vie Associative","article_published_time":"2025-10-08T02:17:15+00:00","og_image":[{"width":279,"height":92,"url":"https:\/\/vieassociative.be\/actualites\/wp-content\/uploads\/2024\/09\/header_backgroundk-01-e1726694325946.png","type":"image\/png"}],"author":"Julien","twitter_card":"summary_large_image","twitter_misc":{"\u00c9crit par":"Julien","Dur\u00e9e de lecture est.":"2 minutes"},"schema":{"@context":"https:\/\/schema.org","@graph":[{"@type":"Article","@id":"https:\/\/vieassociative.be\/actualites\/pour-la-premiere-fois-plus-delectricite-de-renouvelable-que-le-charbon-les-experts-du-monde-entier-signes-de-tournant\/#article","isPartOf":{"@id":"https:\/\/vieassociative.be\/actualites\/pour-la-premiere-fois-plus-delectricite-de-renouvelable-que-le-charbon-les-experts-du-monde-entier-signes-de-tournant\/"},"author":{"name":"Julien","@id":"https:\/\/vieassociative.be\/actualites\/#\/schema\/person\/b87ac4f82f9d4e7b7cec7395b679edc4"},"headline":"Pour la premi\u00e8re fois, plus d&rsquo;\u00e9lectricit\u00e9 de renouvelable que le charbon &#8211; les experts du monde entier: \u00ab\u00a0signes de tournant\u00a0\u00bb","datePublished":"2025-10-08T02:17:15+00:00","dateModified":"2025-10-08T02:17:15+00:00","mainEntityOfPage":{"@id":"https:\/\/vieassociative.be\/actualites\/pour-la-premiere-fois-plus-delectricite-de-renouvelable-que-le-charbon-les-experts-du-monde-entier-signes-de-tournant\/"},"wordCount":441,"publisher":{"@id":"https:\/\/vieassociative.be\/actualites\/#organization"},"image":{"@id":"https:\/\/vieassociative.be\/actualites\/pour-la-premiere-fois-plus-delectricite-de-renouvelable-que-le-charbon-les-experts-du-monde-entier-signes-de-tournant\/#primaryimage"},"thumbnailUrl":"https:\/\/vieassociative.be\/actualites\/wp-content\/uploads\/2025\/10\/Pour-la-premiere-fois-plus-delectricite-de-renouvelable-que-le.jpg","keywords":["charbon","d\u00e9lectricit\u00e9","entier","experts","fois","Les","monde","pour","premi\u00e8re","renouvelable","signes","tournant"],"articleSection":["Belgique"],"inLanguage":"fr-BE"},{"@type":"WebPage","@id":"https:\/\/vieassociative.be\/actualites\/pour-la-premiere-fois-plus-delectricite-de-renouvelable-que-le-charbon-les-experts-du-monde-entier-signes-de-tournant\/","url":"https:\/\/vieassociative.be\/actualites\/pour-la-premiere-fois-plus-delectricite-de-renouvelable-que-le-charbon-les-experts-du-monde-entier-signes-de-tournant\/","name":"Pour la premi\u00e8re fois, plus d'\u00e9lectricit\u00e9 de renouvelable que le charbon - les experts du monde entier: \"signes de tournant\" | Vie Associative","isPartOf":{"@id":"https:\/\/vieassociative.be\/actualites\/#website"},"primaryImageOfPage":{"@id":"https:\/\/vieassociative.be\/actualites\/pour-la-premiere-fois-plus-delectricite-de-renouvelable-que-le-charbon-les-experts-du-monde-entier-signes-de-tournant\/#primaryimage"},"image":{"@id":"https:\/\/vieassociative.be\/actualites\/pour-la-premiere-fois-plus-delectricite-de-renouvelable-que-le-charbon-les-experts-du-monde-entier-signes-de-tournant\/#primaryimage"},"thumbnailUrl":"https:\/\/vieassociative.be\/actualites\/wp-content\/uploads\/2025\/10\/Pour-la-premiere-fois-plus-delectricite-de-renouvelable-que-le.jpg","datePublished":"2025-10-08T02:17:15+00:00","dateModified":"2025-10-08T02:17:15+00:00","breadcrumb":{"@id":"https:\/\/vieassociative.be\/actualites\/pour-la-premiere-fois-plus-delectricite-de-renouvelable-que-le-charbon-les-experts-du-monde-entier-signes-de-tournant\/#breadcrumb"},"inLanguage":"fr-BE","potentialAction":[{"@type":"ReadAction","target":["https:\/\/vieassociative.be\/actualites\/pour-la-premiere-fois-plus-delectricite-de-renouvelable-que-le-charbon-les-experts-du-monde-entier-signes-de-tournant\/"]}]},{"@type":"ImageObject","inLanguage":"fr-BE","@id":"https:\/\/vieassociative.be\/actualites\/pour-la-premiere-fois-plus-delectricite-de-renouvelable-que-le-charbon-les-experts-du-monde-entier-signes-de-tournant\/#primaryimage","url":"https:\/\/vieassociative.be\/actualites\/wp-content\/uploads\/2025\/10\/Pour-la-premiere-fois-plus-delectricite-de-renouvelable-que-le.jpg","contentUrl":"https:\/\/vieassociative.be\/actualites\/wp-content\/uploads\/2025\/10\/Pour-la-premiere-fois-plus-delectricite-de-renouvelable-que-le.jpg","width":1200,"height":873,"caption":"Pour la premi\u00e8re fois, plus d'\u00e9lectricit\u00e9 de renouvelable que le charbon - les experts du monde entier: \"signes de tournant\""},{"@type":"BreadcrumbList","@id":"https:\/\/vieassociative.be\/actualites\/pour-la-premiere-fois-plus-delectricite-de-renouvelable-que-le-charbon-les-experts-du-monde-entier-signes-de-tournant\/#breadcrumb","itemListElement":[{"@type":"ListItem","position":1,"name":"Accueil","item":"https:\/\/vieassociative.be\/actualites\/"},{"@type":"ListItem","position":2,"name":"Pour la premi\u00e8re fois, plus d&rsquo;\u00e9lectricit\u00e9 de renouvelable que le charbon &#8211; les experts du monde entier: \u00ab\u00a0signes de tournant\u00a0\u00bb"}]},{"@type":"WebSite","@id":"https:\/\/vieassociative.be\/actualites\/#website","url":"https:\/\/vieassociative.be\/actualites\/","name":"Vie Associative","description":"","publisher":{"@id":"https:\/\/vieassociative.be\/actualites\/#organization"},"potentialAction":[{"@type":"SearchAction","target":{"@type":"EntryPoint","urlTemplate":"https:\/\/vieassociative.be\/actualites\/?s={search_term_string}"},"query-input":{"@type":"PropertyValueSpecification","valueRequired":true,"valueName":"search_term_string"}}],"inLanguage":"fr-BE"},{"@type":"Organization","@id":"https:\/\/vieassociative.be\/actualites\/#organization","name":"Vie Associative","url":"https:\/\/vieassociative.be\/actualites\/","logo":{"@type":"ImageObject","inLanguage":"fr-BE","@id":"https:\/\/vieassociative.be\/actualites\/#\/schema\/logo\/image\/","url":"https:\/\/vieassociative.be\/actualites\/wp-content\/uploads\/2024\/09\/cropped-vieassociative_favicon.ico.png","contentUrl":"https:\/\/vieassociative.be\/actualites\/wp-content\/uploads\/2024\/09\/cropped-vieassociative_favicon.ico.png","width":512,"height":512,"caption":"Vie Associative"},"image":{"@id":"https:\/\/vieassociative.be\/actualites\/#\/schema\/logo\/image\/"}},{"@type":"Person","@id":"https:\/\/vieassociative.be\/actualites\/#\/schema\/person\/b87ac4f82f9d4e7b7cec7395b679edc4","name":"Julien","image":{"@type":"ImageObject","inLanguage":"fr-BE","@id":"https:\/\/vieassociative.be\/actualites\/#\/schema\/person\/image\/","url":"https:\/\/vieassociative.be\/actualites\/wp-content\/uploads\/2024\/09\/vie-associative-1-150x150.jpg","contentUrl":"https:\/\/vieassociative.be\/actualites\/wp-content\/uploads\/2024\/09\/vie-associative-1-150x150.jpg","caption":"Julien"},"description":"Je suis Julien, r\u00e9dacteur pour Vie Associative. Passionn\u00e9 par le monde associatif depuis plus de 10 ans, j'ai \u00e0 c\u0153ur de partager des histoires inspirantes et de mettre en lumi\u00e8re les initiatives locales. Mon objectif est de sensibiliser et d'encourager l'engagement communautaire \u00e0 travers mes articles.","sameAs":["https:\/\/vieassociative.be\/"]}]}},"_links":{"self":[{"href":"https:\/\/vieassociative.be\/actualites\/wp-json\/wp\/v2\/posts\/10513"}],"collection":[{"href":"https:\/\/vieassociative.be\/actualites\/wp-json\/wp\/v2\/posts"}],"about":[{"href":"https:\/\/vieassociative.be\/actualites\/wp-json\/wp\/v2\/types\/post"}],"author":[{"embeddable":true,"href":"https:\/\/vieassociative.be\/actualites\/wp-json\/wp\/v2\/users\/1"}],"replies":[{"embeddable":true,"href":"https:\/\/vieassociative.be\/actualites\/wp-json\/wp\/v2\/comments?post=10513"}],"version-history":[{"count":0,"href":"https:\/\/vieassociative.be\/actualites\/wp-json\/wp\/v2\/posts\/10513\/revisions"}],"wp:featuredmedia":[{"embeddable":true,"href":"https:\/\/vieassociative.be\/actualites\/wp-json\/wp\/v2\/media\/10514"}],"wp:attachment":[{"href":"https:\/\/vieassociative.be\/actualites\/wp-json\/wp\/v2\/media?parent=10513"}],"wp:term":[{"taxonomy":"category","embeddable":true,"href":"https:\/\/vieassociative.be\/actualites\/wp-json\/wp\/v2\/categories?post=10513"},{"taxonomy":"post_tag","embeddable":true,"href":"https:\/\/vieassociative.be\/actualites\/wp-json\/wp\/v2\/tags?post=10513"}],"curies":[{"name":"wp","href":"https:\/\/api.w.org\/{rel}","templated":true}]}}