{"id":10510,"date":"2025-10-08T02:17:45","date_gmt":"2025-10-08T00:17:45","guid":{"rendered":"https:\/\/vieassociative.be\/actualites\/que-faire-avant-que-microsoft-ne-mette-fin-au-support-de-windows-10-la-semaine-prochaine\/"},"modified":"2025-10-08T02:17:45","modified_gmt":"2025-10-08T00:17:45","slug":"que-faire-avant-que-microsoft-ne-mette-fin-au-support-de-windows-10-la-semaine-prochaine","status":"publish","type":"post","link":"https:\/\/vieassociative.be\/actualites\/que-faire-avant-que-microsoft-ne-mette-fin-au-support-de-windows-10-la-semaine-prochaine\/","title":{"rendered":"Que faire avant que Microsoft ne mette fin au support de Windows 10 la semaine prochaine"},"content":{"rendered":"<div class=\"mt-4 leading-6 md:mb-8\">Microsoft met fin au support g\u00e9n\u00e9ral de Windows 10 le 14 octobre.<\/div>\n<p><\/p>\n<p><em>Saviez-vous que vous pouvez personnaliser Google pour filtrer les d\u00e9chets\u00a0? Suivez ces \u00e9tapes<\/em><em>  pour de meilleurs r\u00e9sultats de recherche, notamment en ajoutant Vie Associative comme source privil\u00e9gi\u00e9e d&rsquo;actualit\u00e9s technologiques<\/em><em>.<\/em><\/p>\n<hr>\n<p>Attention, utilisateurs de PC\u00a0: la fin du support de Windows 10 est dans seulement une semaine. Microsoft supprime la majeure partie du support pour l&rsquo;ancien syst\u00e8me d&rsquo;exploitation le 14 octobre 2025, poussant les utilisateurs vers Windows 11. Cela dit, la soci\u00e9t\u00e9 offre aux utilisateurs qui ne peuvent pas (ou ne veulent pas) abandonner Windows 10 plus d&rsquo;options pour recevoir des mises \u00e0 jour de s\u00e9curit\u00e9 pendant une ann\u00e9e suppl\u00e9mentaire. <\/p>\n<p>L&rsquo;un des risques de <em>pas<\/em> la mise \u00e0 niveau vers Windows 11 avant la date limite signifie que votre appareil ne sera pas prot\u00e9g\u00e9 contre les virus et les pirates informatiques, \u00e0 moins que vous ne profitiez de l&rsquo;une des options gratuites ou payantes pour vous inscrire aux mises \u00e0 jour de s\u00e9curit\u00e9 \u00e9tendues (ESU). (Notez que Microsoft a \u00e9galement \u00e9tendu la prise en charge des applications Microsoft 365 sur Windows 10 jusqu&rsquo;au 10 octobre 2028.)<\/p>\n<div class=\"mx-auto mb-12 mt-5 w-full max-w-3xl rounded-md border-2 border-gray-100 p-3 shadow-md md:px-7 md:pb-7 md:pt-5\" id=\"related-video\">\n<div class=\"mb-3 flex items-center md:mb-5\">\n        <img decoding=\"async\" class=\"mr-4 mt-0 h-10 w-10 md:mr-5 md:h-12 md:w-12\" src=\"https:\/\/vieassociative.be\/actualites\/wp-content\/uploads\/2025\/09\/1757726237_608_Meta-pourrait-devoiler-une-montre-intelligente-pour-controler-ses-lunettes.jpg\" alt=\"Logo du pirate de la vie\"><\/p><\/div>\n<div class=\"aspect-video w-full overflow-hidden rounded-md\">\n<div id=\"video-container-01K70JSRY8NH8JW0HWPEZMHCMM\"><\/div>\n<\/p><\/div>\n<\/div>\n<h2 id=\"how-to-get-windows-10-extended-security-updates\">Comment obtenir les mises \u00e0 jour de s\u00e9curit\u00e9 \u00e9tendues de Windows 10<\/h2>\n<p>Les utilisateurs de Windows 10 pouvaient d\u00e9j\u00e0 payer 30 $ pour une couverture ESU d&rsquo;un an, ce que vous pouvez toujours faire, mais Microsoft propose deux options suppl\u00e9mentaires pour prot\u00e9ger votre appareil sans frais. Vous pouvez soit opter pour la sauvegarde Windows pour synchroniser vos param\u00e8tres avec le cloud, soit \u00e9changer 1\u00a0000 points Microsoft Rewards, qui sont accumul\u00e9s lorsque vous achetez ou utilisez des services Microsoft, y compris Bing. Notez que ces deux alternatives \u00ab\u00a0gratuites\u00a0\u00bb n\u00e9cessitent que vous ayez (ou que vous vous inscriviez) un compte Microsoft. <\/p>\n<p>Si vous \u00eates toujours sous Windows 10, vous devriez avoir re\u00e7u une notification push concernant le programme. Sinon, ou si vous l&rsquo;avez manqu\u00e9, vous pouvez trouver l&rsquo;assistant d&rsquo;inscription dans votre application Param\u00e8tres. Mettez \u00e0 jour votre PC avec la derni\u00e8re version si ce n&rsquo;est pas d\u00e9j\u00e0 fait, puis revenez \u00e0 <strong>Param\u00e8tres > Windows Update<\/strong> recherchez les informations \u00ab La prise en charge de Windows 10 se termine en octobre 2025 \u00bb et \u00ab Inscrivez-vous aux mises \u00e0 jour de s\u00e9curit\u00e9 \u00e9tendues pour garantir la s\u00e9curit\u00e9 de votre appareil \u00bb. L\u00e0, vous pouvez choisir l&rsquo;une des trois options d&rsquo;inscription pour garantir que votre PC re\u00e7oive toutes les futures mises \u00e0 jour de s\u00e9curit\u00e9 critiques. <\/p>\n<p>Microsoft ne consid\u00e8re toutefois pas cela comme une solution \u00e0 long terme. La couverture \u00e9tendue commence le 15 octobre et durera jusqu&rsquo;au 13 octobre 2026, avec des mises \u00e0 jour de s\u00e9curit\u00e9 critiques fournies sur une base mensuelle. Notez qu&rsquo;ESU n&rsquo;inclut pas les nouvelles fonctionnalit\u00e9s, les mises \u00e0 jour non li\u00e9es \u00e0 la s\u00e9curit\u00e9, les demandes de modification de conception ou le support technique. <\/p>\n","protected":false},"excerpt":{"rendered":"<p>Microsoft met fin au support g\u00e9n\u00e9ral de Windows 10 le 14 octobre. Saviez-vous que vous pouvez personnaliser Google pour filtrer les d\u00e9chets\u00a0? Suivez ces \u00e9tapes<\/p>\n","protected":false},"author":1,"featured_media":8387,"comment_status":"","ping_status":"","sticky":false,"template":"","format":"standard","meta":{"footnotes":""},"categories":[13],"tags":[142,127,1908,8811,1190,773,1348,4533,171],"class_list":["post-10510","post","type-post","status-publish","format-standard","has-post-thumbnail","hentry","category-technologie","tag-avant","tag-faire","tag-fin","tag-mette","tag-microsoft","tag-prochaine","tag-semaine","tag-support","tag-windows","generate-columns","tablet-grid-50","mobile-grid-100","grid-parent","grid-33"],"yoast_head":"<!-- This site is optimized with the Yoast SEO plugin v24.0 - https:\/\/yoast.com\/wordpress\/plugins\/seo\/ -->\n<title>Que faire avant que Microsoft ne mette fin au support de Windows 10 la semaine prochaine | Vie Associative<\/title>\n<meta name=\"robots\" content=\"index, follow, max-snippet:-1, max-image-preview:large, max-video-preview:-1\" \/>\n<link rel=\"canonical\" href=\"https:\/\/vieassociative.be\/actualites\/que-faire-avant-que-microsoft-ne-mette-fin-au-support-de-windows-10-la-semaine-prochaine\/\" \/>\n<meta property=\"og:locale\" content=\"fr_FR\" \/>\n<meta property=\"og:type\" content=\"article\" \/>\n<meta property=\"og:title\" content=\"Que faire avant que Microsoft ne mette fin au support de Windows 10 la semaine prochaine | Vie Associative\" \/>\n<meta property=\"og:description\" content=\"Microsoft met fin au support g\u00e9n\u00e9ral de Windows 10 le 14 octobre. Saviez-vous que vous pouvez personnaliser Google pour filtrer les d\u00e9chets\u00a0? Suivez ces \u00e9tapes\" \/>\n<meta property=\"og:url\" content=\"https:\/\/vieassociative.be\/actualites\/que-faire-avant-que-microsoft-ne-mette-fin-au-support-de-windows-10-la-semaine-prochaine\/\" \/>\n<meta property=\"og:site_name\" content=\"Vie Associative\" \/>\n<meta property=\"article:published_time\" content=\"2025-10-08T00:17:45+00:00\" \/>\n<meta property=\"og:image\" content=\"https:\/\/vieassociative.be\/actualites\/wp-content\/uploads\/2025\/09\/1757726237_608_Meta-pourrait-devoiler-une-montre-intelligente-pour-controler-ses-lunettes.jpg\" \/>\n<meta name=\"author\" content=\"Julien\" \/>\n<meta name=\"twitter:card\" content=\"summary_large_image\" \/>\n<meta name=\"twitter:label1\" content=\"\u00c9crit par\" \/>\n\t<meta name=\"twitter:data1\" content=\"Julien\" \/>\n\t<meta name=\"twitter:label2\" content=\"Dur\u00e9e de lecture est.\" \/>\n\t<meta name=\"twitter:data2\" content=\"2 minutes\" \/>\n<script type=\"application\/ld+json\" class=\"yoast-schema-graph\">{\"@context\":\"https:\/\/schema.org\",\"@graph\":[{\"@type\":\"Article\",\"@id\":\"https:\/\/vieassociative.be\/actualites\/que-faire-avant-que-microsoft-ne-mette-fin-au-support-de-windows-10-la-semaine-prochaine\/#article\",\"isPartOf\":{\"@id\":\"https:\/\/vieassociative.be\/actualites\/que-faire-avant-que-microsoft-ne-mette-fin-au-support-de-windows-10-la-semaine-prochaine\/\"},\"author\":{\"name\":\"Julien\",\"@id\":\"https:\/\/vieassociative.be\/actualites\/#\/schema\/person\/b87ac4f82f9d4e7b7cec7395b679edc4\"},\"headline\":\"Que faire avant que Microsoft ne mette fin au support de Windows 10 la semaine prochaine\",\"datePublished\":\"2025-10-08T00:17:45+00:00\",\"dateModified\":\"2025-10-08T00:17:45+00:00\",\"mainEntityOfPage\":{\"@id\":\"https:\/\/vieassociative.be\/actualites\/que-faire-avant-que-microsoft-ne-mette-fin-au-support-de-windows-10-la-semaine-prochaine\/\"},\"wordCount\":488,\"publisher\":{\"@id\":\"https:\/\/vieassociative.be\/actualites\/#organization\"},\"image\":{\"@id\":\"https:\/\/vieassociative.be\/actualites\/que-faire-avant-que-microsoft-ne-mette-fin-au-support-de-windows-10-la-semaine-prochaine\/#primaryimage\"},\"thumbnailUrl\":\"https:\/\/vieassociative.be\/actualites\/wp-content\/uploads\/2025\/06\/Vous-pouvez-obtenir-une-annee-supplementaire-de-mises-a-jour.png\",\"keywords\":[\"avant\",\"faire\",\"fin\",\"mette\",\"Microsoft\",\"prochaine\",\"semaine\",\"support\",\"Windows\"],\"articleSection\":[\"Technologie\"],\"inLanguage\":\"fr-BE\"},{\"@type\":\"WebPage\",\"@id\":\"https:\/\/vieassociative.be\/actualites\/que-faire-avant-que-microsoft-ne-mette-fin-au-support-de-windows-10-la-semaine-prochaine\/\",\"url\":\"https:\/\/vieassociative.be\/actualites\/que-faire-avant-que-microsoft-ne-mette-fin-au-support-de-windows-10-la-semaine-prochaine\/\",\"name\":\"Que faire avant que Microsoft ne mette fin au support de Windows 10 la semaine prochaine | Vie Associative\",\"isPartOf\":{\"@id\":\"https:\/\/vieassociative.be\/actualites\/#website\"},\"primaryImageOfPage\":{\"@id\":\"https:\/\/vieassociative.be\/actualites\/que-faire-avant-que-microsoft-ne-mette-fin-au-support-de-windows-10-la-semaine-prochaine\/#primaryimage\"},\"image\":{\"@id\":\"https:\/\/vieassociative.be\/actualites\/que-faire-avant-que-microsoft-ne-mette-fin-au-support-de-windows-10-la-semaine-prochaine\/#primaryimage\"},\"thumbnailUrl\":\"https:\/\/vieassociative.be\/actualites\/wp-content\/uploads\/2025\/06\/Vous-pouvez-obtenir-une-annee-supplementaire-de-mises-a-jour.png\",\"datePublished\":\"2025-10-08T00:17:45+00:00\",\"dateModified\":\"2025-10-08T00:17:45+00:00\",\"breadcrumb\":{\"@id\":\"https:\/\/vieassociative.be\/actualites\/que-faire-avant-que-microsoft-ne-mette-fin-au-support-de-windows-10-la-semaine-prochaine\/#breadcrumb\"},\"inLanguage\":\"fr-BE\",\"potentialAction\":[{\"@type\":\"ReadAction\",\"target\":[\"https:\/\/vieassociative.be\/actualites\/que-faire-avant-que-microsoft-ne-mette-fin-au-support-de-windows-10-la-semaine-prochaine\/\"]}]},{\"@type\":\"ImageObject\",\"inLanguage\":\"fr-BE\",\"@id\":\"https:\/\/vieassociative.be\/actualites\/que-faire-avant-que-microsoft-ne-mette-fin-au-support-de-windows-10-la-semaine-prochaine\/#primaryimage\",\"url\":\"https:\/\/vieassociative.be\/actualites\/wp-content\/uploads\/2025\/06\/Vous-pouvez-obtenir-une-annee-supplementaire-de-mises-a-jour.png\",\"contentUrl\":\"https:\/\/vieassociative.be\/actualites\/wp-content\/uploads\/2025\/06\/Vous-pouvez-obtenir-une-annee-supplementaire-de-mises-a-jour.png\",\"width\":1200,\"height\":675,\"caption\":\"Vous pouvez obtenir une ann\u00e9e suppl\u00e9mentaire de mises \u00e0 jour de s\u00e9curit\u00e9 Windows 10 gratuites\"},{\"@type\":\"BreadcrumbList\",\"@id\":\"https:\/\/vieassociative.be\/actualites\/que-faire-avant-que-microsoft-ne-mette-fin-au-support-de-windows-10-la-semaine-prochaine\/#breadcrumb\",\"itemListElement\":[{\"@type\":\"ListItem\",\"position\":1,\"name\":\"Accueil\",\"item\":\"https:\/\/vieassociative.be\/actualites\/\"},{\"@type\":\"ListItem\",\"position\":2,\"name\":\"Que faire avant que Microsoft ne mette fin au support de Windows 10 la semaine prochaine\"}]},{\"@type\":\"WebSite\",\"@id\":\"https:\/\/vieassociative.be\/actualites\/#website\",\"url\":\"https:\/\/vieassociative.be\/actualites\/\",\"name\":\"Vie Associative\",\"description\":\"\",\"publisher\":{\"@id\":\"https:\/\/vieassociative.be\/actualites\/#organization\"},\"potentialAction\":[{\"@type\":\"SearchAction\",\"target\":{\"@type\":\"EntryPoint\",\"urlTemplate\":\"https:\/\/vieassociative.be\/actualites\/?s={search_term_string}\"},\"query-input\":{\"@type\":\"PropertyValueSpecification\",\"valueRequired\":true,\"valueName\":\"search_term_string\"}}],\"inLanguage\":\"fr-BE\"},{\"@type\":\"Organization\",\"@id\":\"https:\/\/vieassociative.be\/actualites\/#organization\",\"name\":\"Vie Associative\",\"url\":\"https:\/\/vieassociative.be\/actualites\/\",\"logo\":{\"@type\":\"ImageObject\",\"inLanguage\":\"fr-BE\",\"@id\":\"https:\/\/vieassociative.be\/actualites\/#\/schema\/logo\/image\/\",\"url\":\"https:\/\/vieassociative.be\/actualites\/wp-content\/uploads\/2024\/09\/cropped-vieassociative_favicon.ico.png\",\"contentUrl\":\"https:\/\/vieassociative.be\/actualites\/wp-content\/uploads\/2024\/09\/cropped-vieassociative_favicon.ico.png\",\"width\":512,\"height\":512,\"caption\":\"Vie Associative\"},\"image\":{\"@id\":\"https:\/\/vieassociative.be\/actualites\/#\/schema\/logo\/image\/\"}},{\"@type\":\"Person\",\"@id\":\"https:\/\/vieassociative.be\/actualites\/#\/schema\/person\/b87ac4f82f9d4e7b7cec7395b679edc4\",\"name\":\"Julien\",\"image\":{\"@type\":\"ImageObject\",\"inLanguage\":\"fr-BE\",\"@id\":\"https:\/\/vieassociative.be\/actualites\/#\/schema\/person\/image\/\",\"url\":\"https:\/\/vieassociative.be\/actualites\/wp-content\/uploads\/2024\/09\/vie-associative-1-150x150.jpg\",\"contentUrl\":\"https:\/\/vieassociative.be\/actualites\/wp-content\/uploads\/2024\/09\/vie-associative-1-150x150.jpg\",\"caption\":\"Julien\"},\"description\":\"Je suis Julien, r\u00e9dacteur pour Vie Associative. Passionn\u00e9 par le monde associatif depuis plus de 10 ans, j'ai \u00e0 c\u0153ur de partager des histoires inspirantes et de mettre en lumi\u00e8re les initiatives locales. Mon objectif est de sensibiliser et d'encourager l'engagement communautaire \u00e0 travers mes articles.\",\"sameAs\":[\"https:\/\/vieassociative.be\/\"]}]}<\/script>\n<!-- \/ Yoast SEO plugin. -->","yoast_head_json":{"title":"Que faire avant que Microsoft ne mette fin au support de Windows 10 la semaine prochaine | Vie Associative","robots":{"index":"index","follow":"follow","max-snippet":"max-snippet:-1","max-image-preview":"max-image-preview:large","max-video-preview":"max-video-preview:-1"},"canonical":"https:\/\/vieassociative.be\/actualites\/que-faire-avant-que-microsoft-ne-mette-fin-au-support-de-windows-10-la-semaine-prochaine\/","og_locale":"fr_FR","og_type":"article","og_title":"Que faire avant que Microsoft ne mette fin au support de Windows 10 la semaine prochaine | Vie Associative","og_description":"Microsoft met fin au support g\u00e9n\u00e9ral de Windows 10 le 14 octobre. Saviez-vous que vous pouvez personnaliser Google pour filtrer les d\u00e9chets\u00a0? Suivez ces \u00e9tapes","og_url":"https:\/\/vieassociative.be\/actualites\/que-faire-avant-que-microsoft-ne-mette-fin-au-support-de-windows-10-la-semaine-prochaine\/","og_site_name":"Vie Associative","article_published_time":"2025-10-08T00:17:45+00:00","og_image":[{"url":"https:\/\/vieassociative.be\/actualites\/wp-content\/uploads\/2025\/09\/1757726237_608_Meta-pourrait-devoiler-une-montre-intelligente-pour-controler-ses-lunettes.jpg","type":"","width":"","height":""}],"author":"Julien","twitter_card":"summary_large_image","twitter_misc":{"\u00c9crit par":"Julien","Dur\u00e9e de lecture est.":"2 minutes"},"schema":{"@context":"https:\/\/schema.org","@graph":[{"@type":"Article","@id":"https:\/\/vieassociative.be\/actualites\/que-faire-avant-que-microsoft-ne-mette-fin-au-support-de-windows-10-la-semaine-prochaine\/#article","isPartOf":{"@id":"https:\/\/vieassociative.be\/actualites\/que-faire-avant-que-microsoft-ne-mette-fin-au-support-de-windows-10-la-semaine-prochaine\/"},"author":{"name":"Julien","@id":"https:\/\/vieassociative.be\/actualites\/#\/schema\/person\/b87ac4f82f9d4e7b7cec7395b679edc4"},"headline":"Que faire avant que Microsoft ne mette fin au support de Windows 10 la semaine prochaine","datePublished":"2025-10-08T00:17:45+00:00","dateModified":"2025-10-08T00:17:45+00:00","mainEntityOfPage":{"@id":"https:\/\/vieassociative.be\/actualites\/que-faire-avant-que-microsoft-ne-mette-fin-au-support-de-windows-10-la-semaine-prochaine\/"},"wordCount":488,"publisher":{"@id":"https:\/\/vieassociative.be\/actualites\/#organization"},"image":{"@id":"https:\/\/vieassociative.be\/actualites\/que-faire-avant-que-microsoft-ne-mette-fin-au-support-de-windows-10-la-semaine-prochaine\/#primaryimage"},"thumbnailUrl":"https:\/\/vieassociative.be\/actualites\/wp-content\/uploads\/2025\/06\/Vous-pouvez-obtenir-une-annee-supplementaire-de-mises-a-jour.png","keywords":["avant","faire","fin","mette","Microsoft","prochaine","semaine","support","Windows"],"articleSection":["Technologie"],"inLanguage":"fr-BE"},{"@type":"WebPage","@id":"https:\/\/vieassociative.be\/actualites\/que-faire-avant-que-microsoft-ne-mette-fin-au-support-de-windows-10-la-semaine-prochaine\/","url":"https:\/\/vieassociative.be\/actualites\/que-faire-avant-que-microsoft-ne-mette-fin-au-support-de-windows-10-la-semaine-prochaine\/","name":"Que faire avant que Microsoft ne mette fin au support de Windows 10 la semaine prochaine | Vie Associative","isPartOf":{"@id":"https:\/\/vieassociative.be\/actualites\/#website"},"primaryImageOfPage":{"@id":"https:\/\/vieassociative.be\/actualites\/que-faire-avant-que-microsoft-ne-mette-fin-au-support-de-windows-10-la-semaine-prochaine\/#primaryimage"},"image":{"@id":"https:\/\/vieassociative.be\/actualites\/que-faire-avant-que-microsoft-ne-mette-fin-au-support-de-windows-10-la-semaine-prochaine\/#primaryimage"},"thumbnailUrl":"https:\/\/vieassociative.be\/actualites\/wp-content\/uploads\/2025\/06\/Vous-pouvez-obtenir-une-annee-supplementaire-de-mises-a-jour.png","datePublished":"2025-10-08T00:17:45+00:00","dateModified":"2025-10-08T00:17:45+00:00","breadcrumb":{"@id":"https:\/\/vieassociative.be\/actualites\/que-faire-avant-que-microsoft-ne-mette-fin-au-support-de-windows-10-la-semaine-prochaine\/#breadcrumb"},"inLanguage":"fr-BE","potentialAction":[{"@type":"ReadAction","target":["https:\/\/vieassociative.be\/actualites\/que-faire-avant-que-microsoft-ne-mette-fin-au-support-de-windows-10-la-semaine-prochaine\/"]}]},{"@type":"ImageObject","inLanguage":"fr-BE","@id":"https:\/\/vieassociative.be\/actualites\/que-faire-avant-que-microsoft-ne-mette-fin-au-support-de-windows-10-la-semaine-prochaine\/#primaryimage","url":"https:\/\/vieassociative.be\/actualites\/wp-content\/uploads\/2025\/06\/Vous-pouvez-obtenir-une-annee-supplementaire-de-mises-a-jour.png","contentUrl":"https:\/\/vieassociative.be\/actualites\/wp-content\/uploads\/2025\/06\/Vous-pouvez-obtenir-une-annee-supplementaire-de-mises-a-jour.png","width":1200,"height":675,"caption":"Vous pouvez obtenir une ann\u00e9e suppl\u00e9mentaire de mises \u00e0 jour de s\u00e9curit\u00e9 Windows 10 gratuites"},{"@type":"BreadcrumbList","@id":"https:\/\/vieassociative.be\/actualites\/que-faire-avant-que-microsoft-ne-mette-fin-au-support-de-windows-10-la-semaine-prochaine\/#breadcrumb","itemListElement":[{"@type":"ListItem","position":1,"name":"Accueil","item":"https:\/\/vieassociative.be\/actualites\/"},{"@type":"ListItem","position":2,"name":"Que faire avant que Microsoft ne mette fin au support de Windows 10 la semaine prochaine"}]},{"@type":"WebSite","@id":"https:\/\/vieassociative.be\/actualites\/#website","url":"https:\/\/vieassociative.be\/actualites\/","name":"Vie Associative","description":"","publisher":{"@id":"https:\/\/vieassociative.be\/actualites\/#organization"},"potentialAction":[{"@type":"SearchAction","target":{"@type":"EntryPoint","urlTemplate":"https:\/\/vieassociative.be\/actualites\/?s={search_term_string}"},"query-input":{"@type":"PropertyValueSpecification","valueRequired":true,"valueName":"search_term_string"}}],"inLanguage":"fr-BE"},{"@type":"Organization","@id":"https:\/\/vieassociative.be\/actualites\/#organization","name":"Vie Associative","url":"https:\/\/vieassociative.be\/actualites\/","logo":{"@type":"ImageObject","inLanguage":"fr-BE","@id":"https:\/\/vieassociative.be\/actualites\/#\/schema\/logo\/image\/","url":"https:\/\/vieassociative.be\/actualites\/wp-content\/uploads\/2024\/09\/cropped-vieassociative_favicon.ico.png","contentUrl":"https:\/\/vieassociative.be\/actualites\/wp-content\/uploads\/2024\/09\/cropped-vieassociative_favicon.ico.png","width":512,"height":512,"caption":"Vie Associative"},"image":{"@id":"https:\/\/vieassociative.be\/actualites\/#\/schema\/logo\/image\/"}},{"@type":"Person","@id":"https:\/\/vieassociative.be\/actualites\/#\/schema\/person\/b87ac4f82f9d4e7b7cec7395b679edc4","name":"Julien","image":{"@type":"ImageObject","inLanguage":"fr-BE","@id":"https:\/\/vieassociative.be\/actualites\/#\/schema\/person\/image\/","url":"https:\/\/vieassociative.be\/actualites\/wp-content\/uploads\/2024\/09\/vie-associative-1-150x150.jpg","contentUrl":"https:\/\/vieassociative.be\/actualites\/wp-content\/uploads\/2024\/09\/vie-associative-1-150x150.jpg","caption":"Julien"},"description":"Je suis Julien, r\u00e9dacteur pour Vie Associative. Passionn\u00e9 par le monde associatif depuis plus de 10 ans, j'ai \u00e0 c\u0153ur de partager des histoires inspirantes et de mettre en lumi\u00e8re les initiatives locales. Mon objectif est de sensibiliser et d'encourager l'engagement communautaire \u00e0 travers mes articles.","sameAs":["https:\/\/vieassociative.be\/"]}]}},"_links":{"self":[{"href":"https:\/\/vieassociative.be\/actualites\/wp-json\/wp\/v2\/posts\/10510"}],"collection":[{"href":"https:\/\/vieassociative.be\/actualites\/wp-json\/wp\/v2\/posts"}],"about":[{"href":"https:\/\/vieassociative.be\/actualites\/wp-json\/wp\/v2\/types\/post"}],"author":[{"embeddable":true,"href":"https:\/\/vieassociative.be\/actualites\/wp-json\/wp\/v2\/users\/1"}],"replies":[{"embeddable":true,"href":"https:\/\/vieassociative.be\/actualites\/wp-json\/wp\/v2\/comments?post=10510"}],"version-history":[{"count":0,"href":"https:\/\/vieassociative.be\/actualites\/wp-json\/wp\/v2\/posts\/10510\/revisions"}],"wp:featuredmedia":[{"embeddable":true,"href":"https:\/\/vieassociative.be\/actualites\/wp-json\/wp\/v2\/media\/8387"}],"wp:attachment":[{"href":"https:\/\/vieassociative.be\/actualites\/wp-json\/wp\/v2\/media?parent=10510"}],"wp:term":[{"taxonomy":"category","embeddable":true,"href":"https:\/\/vieassociative.be\/actualites\/wp-json\/wp\/v2\/categories?post=10510"},{"taxonomy":"post_tag","embeddable":true,"href":"https:\/\/vieassociative.be\/actualites\/wp-json\/wp\/v2\/tags?post=10510"}],"curies":[{"name":"wp","href":"https:\/\/api.w.org\/{rel}","templated":true}]}}