{"id":10508,"date":"2025-10-07T22:18:30","date_gmt":"2025-10-07T20:18:30","guid":{"rendered":"https:\/\/vieassociative.be\/actualites\/trump-rend-il-le-mercosur-plus-important-que-jamais-mauel-doit-proteger-les-agriculteurs-contre-les-importations-bon-marche\/"},"modified":"2025-10-07T22:18:30","modified_gmt":"2025-10-07T20:18:30","slug":"trump-rend-il-le-mercosur-plus-important-que-jamais-mauel-doit-proteger-les-agriculteurs-contre-les-importations-bon-marche","status":"publish","type":"post","link":"https:\/\/vieassociative.be\/actualites\/trump-rend-il-le-mercosur-plus-important-que-jamais-mauel-doit-proteger-les-agriculteurs-contre-les-importations-bon-marche\/","title":{"rendered":"Trump rend-il le Mercosur plus important que jamais? &#8211; MAUEL: \u00ab\u00a0Doit prot\u00e9ger les agriculteurs contre les importations bon march\u00e9\u00a0\u00bb"},"content":{"rendered":"<p><strong>Dans l&rsquo;UE, la proc\u00e9dure de vote finale se d\u00e9roule sur l&rsquo;\u00e9norme zone de libre-\u00e9change pr\u00e9vue avec l&rsquo;Alliance de l&rsquo;\u00c9tat sud-am\u00e9ricaine Mercosur depuis d\u00e9but septembre. La Commission de l&rsquo;UE esp\u00e8re que tous les \u00c9tats membres seront d&rsquo;accord jusqu&rsquo;\u00e0 la fin de l&rsquo;ann\u00e9e au plus tard et permettra ainsi \u00e0 l&rsquo;accord d&rsquo;\u00eatre conclu.<\/strong><\/p>\n<p><span id=\"more-426467\"><\/span>Selon la Commission europ\u00e9enne, la nouvelle zone de libre-\u00e9change avec plus de 700 millions d&rsquo;habitants serait le plus grand de ce genre au monde et devrait \u00e9galement donner l&rsquo;exemple contre la politique douanie protectionniste du pr\u00e9sident am\u00e9ricain Donald Trump. En raison de Trump, l&rsquo;Europe a besoin de nouveaux alli\u00e9s et de nouveaux march\u00e9s. Il est pr\u00e9vu de r\u00e9duire largement les tarifs et les barri\u00e8res commerciales entre l&rsquo;UE et les pays du Mercosur.<\/p>\n<\/p>\n<div id=\"attachment_403496\" class=\"wp-caption alignleft\" style=\"max-width: 300px\"><img fetchpriority=\"high\" decoding=\"async\" class=\"wp-image-403496 size-medium\" src=\"https:\/\/vieassociative.be\/actualites\/wp-content\/uploads\/2024\/12\/1733516225_183_LUE-parvient-a-un-accord-avec-les-Etats-du-Mercosur.jpg\" alt=\"\" width=\"300\" height=\"200\"><\/div>\n<p>Les \u00c9tats membres du Mercosur sont en Argentine, en Bolivie, au Br\u00e9sil, au Paraguay et en Uruguay. Le Venezuela est membre \u00e0 part enti\u00e8re, mais est suspendu depuis 2016. En outre, il existe des pays associ\u00e9s comme le Chili, la Colombie, l&rsquo;\u00c9quateur, le Guyana, le P\u00e9rou et le Suriname, qui font partie de l&rsquo;alliance sans droits de vote.<\/p>\n<p>La Commission de l&rsquo;UE estime que l&rsquo;accord peut augmenter les exportations annuelles de l&rsquo;UE vers l&rsquo;Am\u00e9rique du Sud jusqu&rsquo;\u00e0 39% (49 milliards d&rsquo;euros) &#8211; et soutiennent ainsi plus de 440 000 emplois \u00e0 travers l&rsquo;Europe. Il existe des opportunit\u00e9s particuli\u00e8rement importantes pour l&rsquo;industrie automobile, le g\u00e9nie m\u00e9canique et l&rsquo;industrie pharmaceutique. Par exemple, un pouce de 35% est actuellement d\u00fb aux importations de voitures dans les pays du Mercosur.<\/p>\n<p>L&rsquo;accord de Mercosur est maintenant \u00e9galement \u00e0 l&rsquo;ordre du jour du parlement wallon. La membre r\u00e9gionale de Belge de l&rsquo;Est, Christine Mauuel (MR \/ PFF), soul\u00e8ve de graves pr\u00e9occupations concernant le Mercosur. \u00ab\u00a0En principe, le Parlement du Walloon est d&rsquo;accord \u00e0 travers les parties: cet accord met en danger l&rsquo;agriculture \u00e0 Wallonie et donc aussi en Belgique de l&rsquo;Est. C&rsquo;est \u00e9galement ma conviction fondamentale en tant que repr\u00e9sentant des int\u00e9r\u00eats de Belge oriental et membre de la plus grande majorit\u00e9 de Parti MR \/ PFF \u00e0 Namur\u00a0\u00bb, a exprim\u00e9 sa pr\u00e9occupation.<\/p>\n<div id=\"attachment_426490\" class=\"wp-caption alignleft\" style=\"max-width: 300px\"><img decoding=\"async\" class=\"wp-image-426490 size-medium\" src=\"https:\/\/vieassociative.be\/actualites\/wp-content\/uploads\/2025\/10\/Trump-rend-il-le-Mercosur-plus-important-que-jamais-MAUEL.jpg\" alt=\"\" width=\"300\" height=\"200\"><\/div>\n<p>\u00abM\u00eame si l&rsquo;UE a besoin de tels accords de libre-\u00e9change de l&rsquo;UE \u00e0 cette \u00e9poque et \u00e0 la cr\u00e9ation de tarifs \u00e9lev\u00e9s, je consid\u00e8re qu&rsquo;il est ma t\u00e2che de d\u00e9fendre les int\u00e9r\u00eats des agriculteurs de notre r\u00e9gion. Et ils sont menac\u00e9s si, en tant que Premier ministre Adrien Dolimont (MR), le comit\u00e9 responsable du comit\u00e9 responsable &#8211; en plein droit contre l&rsquo;Am\u00e9rique du Sud \u00e0 partir de 180 000 tonnes de piffe et de la m\u00eame quantit\u00e9 de sucre et d&rsquo;importation avec seulement 7.5 Tarffs of 99. Beef \u00bb, explique le politicien lib\u00e9ral.<\/p>\n<p>Mauuel souligne \u00e9galement: \u00ab\u00a0\u00c9tant donn\u00e9 que les conditions de production in\u00e9gales et autres structures de co\u00fbts d\u00e9savantagent nos agriculteurs r\u00e9gionaux en Am\u00e9rique du Sud, je pense que ces inconv\u00e9nients doivent \u00eatre compens\u00e9s par des tarifs plus \u00e9lev\u00e9s. Au moins tant que l&rsquo;UE ne le fait pas, par exemple les obstacles administratifs qui rendent \u00e9galement la production agricole plus difficile et plus ch\u00e8re dans la Wallonia.\u00a0\u00bb<\/p>\n<p>Les factions majoritaires de MR et Les Engages \u00e0 Namur ont pr\u00e9sent\u00e9 une demande raisonnable au Parlement dans lequel le gouvernement f\u00e9d\u00e9ral belge est invit\u00e9 \u00e0 agir contre la proc\u00e9dure de la Commission de l&rsquo;UE devant la Cour de justice europ\u00e9enne (CJE).<\/p>\n<p>Bruxelles a cr\u00e9\u00e9 l&rsquo;accord de telle mani\u00e8re que la section commerciale avec les nouveaux r\u00e8glements sur les douanes soit d\u00e9cid\u00e9 par la d\u00e9cision majoritaire et ne peut donc pas \u00eatre emp\u00each\u00e9e par les parlements nationaux. <\/p>\n<\/p>\n<div id=\"attachment_356444\" class=\"wp-caption alignleft\" style=\"max-width: 300px\"><img decoding=\"async\" class=\"wp-image-356444 size-medium\" src=\"https:\/\/vieassociative.be\/actualites\/wp-content\/uploads\/2025\/03\/La-DG-sera-t-elle-bientot-responsable-des-permis-environnementaux-MAEUR-ACTERIEUR.jpg\" alt=\"\" width=\"300\" height=\"198\"  ><\/div>\n<p>La Commission souhaite emp\u00eacher la zone de libre-\u00e9change pr\u00e9vue d&rsquo;\u00e9chouer en raison de la r\u00e9sistance des \u00c9tats membres individuels. Les \u00c9tats membres individuels n&rsquo;auraient qu&rsquo;une loi sur le veto avec les accords pr\u00e9vus sur le dialogue politique et la coop\u00e9ration.<\/p>\n<p>Christine Mauuel estime que l&rsquo;accord du Mercosur pour les agriculteurs du Walloon et l&rsquo;Est ne sont pas un bon accord et que la r\u00e9gion de Walloon est cens\u00e9e demander \u00e0 l&rsquo;\u00c9tat f\u00e9d\u00e9ral de proc\u00e9der \u00e0 la Commission europ\u00e9enne de la Cour.<\/p>\n<p>MAEUR: \u00abNous devons prot\u00e9ger nos agriculteurs contre les importations \u00e0 faible co\u00fbt, m\u00eame si l&rsquo;accord de l&rsquo;UE Mercosur comprend un certain nombre d&rsquo;avantages dans l&rsquo;exportation de nos marchandises, UA et machines vers l&rsquo;Am\u00e9rique du Sud pour l&rsquo;UE, pour l&rsquo;UE, pour l&rsquo;UE.<\/p>\n","protected":false},"excerpt":{"rendered":"<p>Dans l&rsquo;UE, la proc\u00e9dure de vote finale se d\u00e9roule sur l&rsquo;\u00e9norme zone de libre-\u00e9change pr\u00e9vue avec l&rsquo;Alliance de l&rsquo;\u00c9tat sud-am\u00e9ricaine Mercosur depuis d\u00e9but septembre. La<\/p>\n","protected":false},"author":1,"featured_media":2310,"comment_status":"","ping_status":"","sticky":false,"template":"","format":"standard","meta":{"footnotes":""},"categories":[298],"tags":[3061,1036,796,2552,2994,7726,851,14,1523,4773,3059,275,8810,2425],"class_list":["post-10508","post","type-post","status-publish","format-standard","has-post-thumbnail","hentry","category-belgique","tag-agriculteurs","tag-bon","tag-contre","tag-doit","tag-important","tag-importations","tag-jamais","tag-les","tag-marche","tag-mauel","tag-mercosur","tag-proteger","tag-rendil","tag-trump","generate-columns","tablet-grid-50","mobile-grid-100","grid-parent","grid-33"],"yoast_head":"<!-- This site is optimized with the Yoast SEO plugin v24.0 - https:\/\/yoast.com\/wordpress\/plugins\/seo\/ -->\n<title>Trump rend-il le Mercosur plus important que jamais? - MAUEL: &quot;Doit prot\u00e9ger les agriculteurs contre les importations bon march\u00e9&quot; | Vie Associative<\/title>\n<meta name=\"robots\" content=\"index, follow, max-snippet:-1, max-image-preview:large, max-video-preview:-1\" \/>\n<link rel=\"canonical\" href=\"https:\/\/vieassociative.be\/actualites\/trump-rend-il-le-mercosur-plus-important-que-jamais-mauel-doit-proteger-les-agriculteurs-contre-les-importations-bon-marche\/\" \/>\n<meta property=\"og:locale\" content=\"fr_FR\" \/>\n<meta property=\"og:type\" content=\"article\" \/>\n<meta property=\"og:title\" content=\"Trump rend-il le Mercosur plus important que jamais? - MAUEL: &quot;Doit prot\u00e9ger les agriculteurs contre les importations bon march\u00e9&quot; | Vie Associative\" \/>\n<meta property=\"og:description\" content=\"Dans l&rsquo;UE, la proc\u00e9dure de vote finale se d\u00e9roule sur l&rsquo;\u00e9norme zone de libre-\u00e9change pr\u00e9vue avec l&rsquo;Alliance de l&rsquo;\u00c9tat sud-am\u00e9ricaine Mercosur depuis d\u00e9but septembre. La\" \/>\n<meta property=\"og:url\" content=\"https:\/\/vieassociative.be\/actualites\/trump-rend-il-le-mercosur-plus-important-que-jamais-mauel-doit-proteger-les-agriculteurs-contre-les-importations-bon-marche\/\" \/>\n<meta property=\"og:site_name\" content=\"Vie Associative\" \/>\n<meta property=\"article:published_time\" content=\"2025-10-07T20:18:30+00:00\" \/>\n<meta property=\"og:image\" content=\"https:\/\/vieassociative.be\/actualites\/wp-content\/uploads\/2024\/09\/header_backgroundk-01-e1726694325946.png\" \/>\n\t<meta property=\"og:image:width\" content=\"279\" \/>\n\t<meta property=\"og:image:height\" content=\"92\" \/>\n\t<meta property=\"og:image:type\" content=\"image\/png\" \/>\n<meta name=\"author\" content=\"Julien\" \/>\n<meta name=\"twitter:card\" content=\"summary_large_image\" \/>\n<meta name=\"twitter:label1\" content=\"\u00c9crit par\" \/>\n\t<meta name=\"twitter:data1\" content=\"Julien\" \/>\n\t<meta name=\"twitter:label2\" content=\"Dur\u00e9e de lecture est.\" \/>\n\t<meta name=\"twitter:data2\" content=\"4 minutes\" \/>\n<script type=\"application\/ld+json\" class=\"yoast-schema-graph\">{\"@context\":\"https:\/\/schema.org\",\"@graph\":[{\"@type\":\"Article\",\"@id\":\"https:\/\/vieassociative.be\/actualites\/trump-rend-il-le-mercosur-plus-important-que-jamais-mauel-doit-proteger-les-agriculteurs-contre-les-importations-bon-marche\/#article\",\"isPartOf\":{\"@id\":\"https:\/\/vieassociative.be\/actualites\/trump-rend-il-le-mercosur-plus-important-que-jamais-mauel-doit-proteger-les-agriculteurs-contre-les-importations-bon-marche\/\"},\"author\":{\"name\":\"Julien\",\"@id\":\"https:\/\/vieassociative.be\/actualites\/#\/schema\/person\/b87ac4f82f9d4e7b7cec7395b679edc4\"},\"headline\":\"Trump rend-il le Mercosur plus important que jamais? &#8211; MAUEL: \u00ab\u00a0Doit prot\u00e9ger les agriculteurs contre les importations bon march\u00e9\u00a0\u00bb\",\"datePublished\":\"2025-10-07T20:18:30+00:00\",\"dateModified\":\"2025-10-07T20:18:30+00:00\",\"mainEntityOfPage\":{\"@id\":\"https:\/\/vieassociative.be\/actualites\/trump-rend-il-le-mercosur-plus-important-que-jamais-mauel-doit-proteger-les-agriculteurs-contre-les-importations-bon-marche\/\"},\"wordCount\":823,\"publisher\":{\"@id\":\"https:\/\/vieassociative.be\/actualites\/#organization\"},\"image\":{\"@id\":\"https:\/\/vieassociative.be\/actualites\/trump-rend-il-le-mercosur-plus-important-que-jamais-mauel-doit-proteger-les-agriculteurs-contre-les-importations-bon-marche\/#primaryimage\"},\"thumbnailUrl\":\"https:\/\/vieassociative.be\/actualites\/wp-content\/uploads\/2024\/11\/1731356231_Pascal-Arimont-CSP-PPE-Laccord-du-Mercosur-nest-tout.jpg\",\"keywords\":[\"agriculteurs\",\"bon\",\"contre\",\"doit\",\"important\",\"importations\",\"jamais\",\"Les\",\"march\u00e9\",\"Mauel\",\"Mercosur\",\"prot\u00e9ger\",\"rendil\",\"Trump\"],\"articleSection\":[\"Belgique\"],\"inLanguage\":\"fr-BE\"},{\"@type\":\"WebPage\",\"@id\":\"https:\/\/vieassociative.be\/actualites\/trump-rend-il-le-mercosur-plus-important-que-jamais-mauel-doit-proteger-les-agriculteurs-contre-les-importations-bon-marche\/\",\"url\":\"https:\/\/vieassociative.be\/actualites\/trump-rend-il-le-mercosur-plus-important-que-jamais-mauel-doit-proteger-les-agriculteurs-contre-les-importations-bon-marche\/\",\"name\":\"Trump rend-il le Mercosur plus important que jamais? - MAUEL: \\\"Doit prot\u00e9ger les agriculteurs contre les importations bon march\u00e9\\\" | Vie Associative\",\"isPartOf\":{\"@id\":\"https:\/\/vieassociative.be\/actualites\/#website\"},\"primaryImageOfPage\":{\"@id\":\"https:\/\/vieassociative.be\/actualites\/trump-rend-il-le-mercosur-plus-important-que-jamais-mauel-doit-proteger-les-agriculteurs-contre-les-importations-bon-marche\/#primaryimage\"},\"image\":{\"@id\":\"https:\/\/vieassociative.be\/actualites\/trump-rend-il-le-mercosur-plus-important-que-jamais-mauel-doit-proteger-les-agriculteurs-contre-les-importations-bon-marche\/#primaryimage\"},\"thumbnailUrl\":\"https:\/\/vieassociative.be\/actualites\/wp-content\/uploads\/2024\/11\/1731356231_Pascal-Arimont-CSP-PPE-Laccord-du-Mercosur-nest-tout.jpg\",\"datePublished\":\"2025-10-07T20:18:30+00:00\",\"dateModified\":\"2025-10-07T20:18:30+00:00\",\"breadcrumb\":{\"@id\":\"https:\/\/vieassociative.be\/actualites\/trump-rend-il-le-mercosur-plus-important-que-jamais-mauel-doit-proteger-les-agriculteurs-contre-les-importations-bon-marche\/#breadcrumb\"},\"inLanguage\":\"fr-BE\",\"potentialAction\":[{\"@type\":\"ReadAction\",\"target\":[\"https:\/\/vieassociative.be\/actualites\/trump-rend-il-le-mercosur-plus-important-que-jamais-mauel-doit-proteger-les-agriculteurs-contre-les-importations-bon-marche\/\"]}]},{\"@type\":\"ImageObject\",\"inLanguage\":\"fr-BE\",\"@id\":\"https:\/\/vieassociative.be\/actualites\/trump-rend-il-le-mercosur-plus-important-que-jamais-mauel-doit-proteger-les-agriculteurs-contre-les-importations-bon-marche\/#primaryimage\",\"url\":\"https:\/\/vieassociative.be\/actualites\/wp-content\/uploads\/2024\/11\/1731356231_Pascal-Arimont-CSP-PPE-Laccord-du-Mercosur-nest-tout.jpg\",\"contentUrl\":\"https:\/\/vieassociative.be\/actualites\/wp-content\/uploads\/2024\/11\/1731356231_Pascal-Arimont-CSP-PPE-Laccord-du-Mercosur-nest-tout.jpg\",\"width\":1200,\"height\":800,\"caption\":\"Pascal Arimont (CSP-PPE) : \u00ab L'accord du Mercosur n'est tout simplement pas acceptable pour nos agriculteurs \u00bb\"},{\"@type\":\"BreadcrumbList\",\"@id\":\"https:\/\/vieassociative.be\/actualites\/trump-rend-il-le-mercosur-plus-important-que-jamais-mauel-doit-proteger-les-agriculteurs-contre-les-importations-bon-marche\/#breadcrumb\",\"itemListElement\":[{\"@type\":\"ListItem\",\"position\":1,\"name\":\"Accueil\",\"item\":\"https:\/\/vieassociative.be\/actualites\/\"},{\"@type\":\"ListItem\",\"position\":2,\"name\":\"Trump rend-il le Mercosur plus important que jamais? &#8211; MAUEL: \u00ab\u00a0Doit prot\u00e9ger les agriculteurs contre les importations bon march\u00e9\u00a0\u00bb\"}]},{\"@type\":\"WebSite\",\"@id\":\"https:\/\/vieassociative.be\/actualites\/#website\",\"url\":\"https:\/\/vieassociative.be\/actualites\/\",\"name\":\"Vie Associative\",\"description\":\"\",\"publisher\":{\"@id\":\"https:\/\/vieassociative.be\/actualites\/#organization\"},\"potentialAction\":[{\"@type\":\"SearchAction\",\"target\":{\"@type\":\"EntryPoint\",\"urlTemplate\":\"https:\/\/vieassociative.be\/actualites\/?s={search_term_string}\"},\"query-input\":{\"@type\":\"PropertyValueSpecification\",\"valueRequired\":true,\"valueName\":\"search_term_string\"}}],\"inLanguage\":\"fr-BE\"},{\"@type\":\"Organization\",\"@id\":\"https:\/\/vieassociative.be\/actualites\/#organization\",\"name\":\"Vie Associative\",\"url\":\"https:\/\/vieassociative.be\/actualites\/\",\"logo\":{\"@type\":\"ImageObject\",\"inLanguage\":\"fr-BE\",\"@id\":\"https:\/\/vieassociative.be\/actualites\/#\/schema\/logo\/image\/\",\"url\":\"https:\/\/vieassociative.be\/actualites\/wp-content\/uploads\/2024\/09\/cropped-vieassociative_favicon.ico.png\",\"contentUrl\":\"https:\/\/vieassociative.be\/actualites\/wp-content\/uploads\/2024\/09\/cropped-vieassociative_favicon.ico.png\",\"width\":512,\"height\":512,\"caption\":\"Vie Associative\"},\"image\":{\"@id\":\"https:\/\/vieassociative.be\/actualites\/#\/schema\/logo\/image\/\"}},{\"@type\":\"Person\",\"@id\":\"https:\/\/vieassociative.be\/actualites\/#\/schema\/person\/b87ac4f82f9d4e7b7cec7395b679edc4\",\"name\":\"Julien\",\"image\":{\"@type\":\"ImageObject\",\"inLanguage\":\"fr-BE\",\"@id\":\"https:\/\/vieassociative.be\/actualites\/#\/schema\/person\/image\/\",\"url\":\"https:\/\/vieassociative.be\/actualites\/wp-content\/uploads\/2024\/09\/vie-associative-1-150x150.jpg\",\"contentUrl\":\"https:\/\/vieassociative.be\/actualites\/wp-content\/uploads\/2024\/09\/vie-associative-1-150x150.jpg\",\"caption\":\"Julien\"},\"description\":\"Je suis Julien, r\u00e9dacteur pour Vie Associative. Passionn\u00e9 par le monde associatif depuis plus de 10 ans, j'ai \u00e0 c\u0153ur de partager des histoires inspirantes et de mettre en lumi\u00e8re les initiatives locales. Mon objectif est de sensibiliser et d'encourager l'engagement communautaire \u00e0 travers mes articles.\",\"sameAs\":[\"https:\/\/vieassociative.be\/\"]}]}<\/script>\n<!-- \/ Yoast SEO plugin. -->","yoast_head_json":{"title":"Trump rend-il le Mercosur plus important que jamais? - MAUEL: \"Doit prot\u00e9ger les agriculteurs contre les importations bon march\u00e9\" | Vie Associative","robots":{"index":"index","follow":"follow","max-snippet":"max-snippet:-1","max-image-preview":"max-image-preview:large","max-video-preview":"max-video-preview:-1"},"canonical":"https:\/\/vieassociative.be\/actualites\/trump-rend-il-le-mercosur-plus-important-que-jamais-mauel-doit-proteger-les-agriculteurs-contre-les-importations-bon-marche\/","og_locale":"fr_FR","og_type":"article","og_title":"Trump rend-il le Mercosur plus important que jamais? - MAUEL: \"Doit prot\u00e9ger les agriculteurs contre les importations bon march\u00e9\" | Vie Associative","og_description":"Dans l&rsquo;UE, la proc\u00e9dure de vote finale se d\u00e9roule sur l&rsquo;\u00e9norme zone de libre-\u00e9change pr\u00e9vue avec l&rsquo;Alliance de l&rsquo;\u00c9tat sud-am\u00e9ricaine Mercosur depuis d\u00e9but septembre. La","og_url":"https:\/\/vieassociative.be\/actualites\/trump-rend-il-le-mercosur-plus-important-que-jamais-mauel-doit-proteger-les-agriculteurs-contre-les-importations-bon-marche\/","og_site_name":"Vie Associative","article_published_time":"2025-10-07T20:18:30+00:00","og_image":[{"width":279,"height":92,"url":"https:\/\/vieassociative.be\/actualites\/wp-content\/uploads\/2024\/09\/header_backgroundk-01-e1726694325946.png","type":"image\/png"}],"author":"Julien","twitter_card":"summary_large_image","twitter_misc":{"\u00c9crit par":"Julien","Dur\u00e9e de lecture est.":"4 minutes"},"schema":{"@context":"https:\/\/schema.org","@graph":[{"@type":"Article","@id":"https:\/\/vieassociative.be\/actualites\/trump-rend-il-le-mercosur-plus-important-que-jamais-mauel-doit-proteger-les-agriculteurs-contre-les-importations-bon-marche\/#article","isPartOf":{"@id":"https:\/\/vieassociative.be\/actualites\/trump-rend-il-le-mercosur-plus-important-que-jamais-mauel-doit-proteger-les-agriculteurs-contre-les-importations-bon-marche\/"},"author":{"name":"Julien","@id":"https:\/\/vieassociative.be\/actualites\/#\/schema\/person\/b87ac4f82f9d4e7b7cec7395b679edc4"},"headline":"Trump rend-il le Mercosur plus important que jamais? &#8211; MAUEL: \u00ab\u00a0Doit prot\u00e9ger les agriculteurs contre les importations bon march\u00e9\u00a0\u00bb","datePublished":"2025-10-07T20:18:30+00:00","dateModified":"2025-10-07T20:18:30+00:00","mainEntityOfPage":{"@id":"https:\/\/vieassociative.be\/actualites\/trump-rend-il-le-mercosur-plus-important-que-jamais-mauel-doit-proteger-les-agriculteurs-contre-les-importations-bon-marche\/"},"wordCount":823,"publisher":{"@id":"https:\/\/vieassociative.be\/actualites\/#organization"},"image":{"@id":"https:\/\/vieassociative.be\/actualites\/trump-rend-il-le-mercosur-plus-important-que-jamais-mauel-doit-proteger-les-agriculteurs-contre-les-importations-bon-marche\/#primaryimage"},"thumbnailUrl":"https:\/\/vieassociative.be\/actualites\/wp-content\/uploads\/2024\/11\/1731356231_Pascal-Arimont-CSP-PPE-Laccord-du-Mercosur-nest-tout.jpg","keywords":["agriculteurs","bon","contre","doit","important","importations","jamais","Les","march\u00e9","Mauel","Mercosur","prot\u00e9ger","rendil","Trump"],"articleSection":["Belgique"],"inLanguage":"fr-BE"},{"@type":"WebPage","@id":"https:\/\/vieassociative.be\/actualites\/trump-rend-il-le-mercosur-plus-important-que-jamais-mauel-doit-proteger-les-agriculteurs-contre-les-importations-bon-marche\/","url":"https:\/\/vieassociative.be\/actualites\/trump-rend-il-le-mercosur-plus-important-que-jamais-mauel-doit-proteger-les-agriculteurs-contre-les-importations-bon-marche\/","name":"Trump rend-il le Mercosur plus important que jamais? - MAUEL: \"Doit prot\u00e9ger les agriculteurs contre les importations bon march\u00e9\" | Vie Associative","isPartOf":{"@id":"https:\/\/vieassociative.be\/actualites\/#website"},"primaryImageOfPage":{"@id":"https:\/\/vieassociative.be\/actualites\/trump-rend-il-le-mercosur-plus-important-que-jamais-mauel-doit-proteger-les-agriculteurs-contre-les-importations-bon-marche\/#primaryimage"},"image":{"@id":"https:\/\/vieassociative.be\/actualites\/trump-rend-il-le-mercosur-plus-important-que-jamais-mauel-doit-proteger-les-agriculteurs-contre-les-importations-bon-marche\/#primaryimage"},"thumbnailUrl":"https:\/\/vieassociative.be\/actualites\/wp-content\/uploads\/2024\/11\/1731356231_Pascal-Arimont-CSP-PPE-Laccord-du-Mercosur-nest-tout.jpg","datePublished":"2025-10-07T20:18:30+00:00","dateModified":"2025-10-07T20:18:30+00:00","breadcrumb":{"@id":"https:\/\/vieassociative.be\/actualites\/trump-rend-il-le-mercosur-plus-important-que-jamais-mauel-doit-proteger-les-agriculteurs-contre-les-importations-bon-marche\/#breadcrumb"},"inLanguage":"fr-BE","potentialAction":[{"@type":"ReadAction","target":["https:\/\/vieassociative.be\/actualites\/trump-rend-il-le-mercosur-plus-important-que-jamais-mauel-doit-proteger-les-agriculteurs-contre-les-importations-bon-marche\/"]}]},{"@type":"ImageObject","inLanguage":"fr-BE","@id":"https:\/\/vieassociative.be\/actualites\/trump-rend-il-le-mercosur-plus-important-que-jamais-mauel-doit-proteger-les-agriculteurs-contre-les-importations-bon-marche\/#primaryimage","url":"https:\/\/vieassociative.be\/actualites\/wp-content\/uploads\/2024\/11\/1731356231_Pascal-Arimont-CSP-PPE-Laccord-du-Mercosur-nest-tout.jpg","contentUrl":"https:\/\/vieassociative.be\/actualites\/wp-content\/uploads\/2024\/11\/1731356231_Pascal-Arimont-CSP-PPE-Laccord-du-Mercosur-nest-tout.jpg","width":1200,"height":800,"caption":"Pascal Arimont (CSP-PPE) : \u00ab L'accord du Mercosur n'est tout simplement pas acceptable pour nos agriculteurs \u00bb"},{"@type":"BreadcrumbList","@id":"https:\/\/vieassociative.be\/actualites\/trump-rend-il-le-mercosur-plus-important-que-jamais-mauel-doit-proteger-les-agriculteurs-contre-les-importations-bon-marche\/#breadcrumb","itemListElement":[{"@type":"ListItem","position":1,"name":"Accueil","item":"https:\/\/vieassociative.be\/actualites\/"},{"@type":"ListItem","position":2,"name":"Trump rend-il le Mercosur plus important que jamais? &#8211; MAUEL: \u00ab\u00a0Doit prot\u00e9ger les agriculteurs contre les importations bon march\u00e9\u00a0\u00bb"}]},{"@type":"WebSite","@id":"https:\/\/vieassociative.be\/actualites\/#website","url":"https:\/\/vieassociative.be\/actualites\/","name":"Vie Associative","description":"","publisher":{"@id":"https:\/\/vieassociative.be\/actualites\/#organization"},"potentialAction":[{"@type":"SearchAction","target":{"@type":"EntryPoint","urlTemplate":"https:\/\/vieassociative.be\/actualites\/?s={search_term_string}"},"query-input":{"@type":"PropertyValueSpecification","valueRequired":true,"valueName":"search_term_string"}}],"inLanguage":"fr-BE"},{"@type":"Organization","@id":"https:\/\/vieassociative.be\/actualites\/#organization","name":"Vie Associative","url":"https:\/\/vieassociative.be\/actualites\/","logo":{"@type":"ImageObject","inLanguage":"fr-BE","@id":"https:\/\/vieassociative.be\/actualites\/#\/schema\/logo\/image\/","url":"https:\/\/vieassociative.be\/actualites\/wp-content\/uploads\/2024\/09\/cropped-vieassociative_favicon.ico.png","contentUrl":"https:\/\/vieassociative.be\/actualites\/wp-content\/uploads\/2024\/09\/cropped-vieassociative_favicon.ico.png","width":512,"height":512,"caption":"Vie Associative"},"image":{"@id":"https:\/\/vieassociative.be\/actualites\/#\/schema\/logo\/image\/"}},{"@type":"Person","@id":"https:\/\/vieassociative.be\/actualites\/#\/schema\/person\/b87ac4f82f9d4e7b7cec7395b679edc4","name":"Julien","image":{"@type":"ImageObject","inLanguage":"fr-BE","@id":"https:\/\/vieassociative.be\/actualites\/#\/schema\/person\/image\/","url":"https:\/\/vieassociative.be\/actualites\/wp-content\/uploads\/2024\/09\/vie-associative-1-150x150.jpg","contentUrl":"https:\/\/vieassociative.be\/actualites\/wp-content\/uploads\/2024\/09\/vie-associative-1-150x150.jpg","caption":"Julien"},"description":"Je suis Julien, r\u00e9dacteur pour Vie Associative. Passionn\u00e9 par le monde associatif depuis plus de 10 ans, j'ai \u00e0 c\u0153ur de partager des histoires inspirantes et de mettre en lumi\u00e8re les initiatives locales. Mon objectif est de sensibiliser et d'encourager l'engagement communautaire \u00e0 travers mes articles.","sameAs":["https:\/\/vieassociative.be\/"]}]}},"_links":{"self":[{"href":"https:\/\/vieassociative.be\/actualites\/wp-json\/wp\/v2\/posts\/10508"}],"collection":[{"href":"https:\/\/vieassociative.be\/actualites\/wp-json\/wp\/v2\/posts"}],"about":[{"href":"https:\/\/vieassociative.be\/actualites\/wp-json\/wp\/v2\/types\/post"}],"author":[{"embeddable":true,"href":"https:\/\/vieassociative.be\/actualites\/wp-json\/wp\/v2\/users\/1"}],"replies":[{"embeddable":true,"href":"https:\/\/vieassociative.be\/actualites\/wp-json\/wp\/v2\/comments?post=10508"}],"version-history":[{"count":0,"href":"https:\/\/vieassociative.be\/actualites\/wp-json\/wp\/v2\/posts\/10508\/revisions"}],"wp:featuredmedia":[{"embeddable":true,"href":"https:\/\/vieassociative.be\/actualites\/wp-json\/wp\/v2\/media\/2310"}],"wp:attachment":[{"href":"https:\/\/vieassociative.be\/actualites\/wp-json\/wp\/v2\/media?parent=10508"}],"wp:term":[{"taxonomy":"category","embeddable":true,"href":"https:\/\/vieassociative.be\/actualites\/wp-json\/wp\/v2\/categories?post=10508"},{"taxonomy":"post_tag","embeddable":true,"href":"https:\/\/vieassociative.be\/actualites\/wp-json\/wp\/v2\/tags?post=10508"}],"curies":[{"name":"wp","href":"https:\/\/api.w.org\/{rel}","templated":true}]}}