{"id":10502,"date":"2025-10-07T19:17:05","date_gmt":"2025-10-07T17:17:05","guid":{"rendered":"https:\/\/vieassociative.be\/actualites\/les-airpods-4-sont-a-leur-prix-le-plus-bas-pour-le-prime-day\/"},"modified":"2025-10-07T19:17:05","modified_gmt":"2025-10-07T17:17:05","slug":"les-airpods-4-sont-a-leur-prix-le-plus-bas-pour-le-prime-day","status":"publish","type":"post","link":"https:\/\/vieassociative.be\/actualites\/les-airpods-4-sont-a-leur-prix-le-plus-bas-pour-le-prime-day\/","title":{"rendered":"Les AirPods 4 sont \u00e0 leur prix le plus bas pour le Prime Day"},"content":{"rendered":"<div class=\"mt-4 leading-6 md:mb-8\">Avec les AirPods 4, Apple a introduit une option de suppression active du bruit, ainsi que des fonctionnalit\u00e9s audio premium autrefois limit\u00e9es aux AirPods Pro.<\/div>\n<p><\/p>\n<p><em>Les Amazon Big Deal Days auront lieu les 7 et 8 octobre et Vie Associative partage les meilleures ventes bas\u00e9es sur des critiques de produits, des comparaisons et des outils de suivi des prix avant la fin.<\/em><\/p>\n<ul>\n<li>\n<p><em>Suivez notre blog en direct<\/em><em>  pour rester au courant des meilleures ventes que nous trouvons.<\/em><\/p>\n<\/li>\n<li>\n<p><em>Abonnez-vous \u00e0 notre newsletter shopping<\/em><em>Ajoutez au panier, pour les meilleures ventes envoy\u00e9es dans votre bo\u00eete de r\u00e9ception.<\/em><\/p>\n<\/li>\n<li>\n<p><em>Nouveau sur Prime Day ? Nous avons un aper\u00e7u de tout ce que vous devez savoir<\/em><em>. Les ventes sont exactes au moment de la publication, mais les prix et les stocks sont toujours sujets \u00e0 changement.<\/em><\/p>\n<\/li>\n<\/ul>\n<hr>\n<p>Les \u00e9couteurs ouverts d&rsquo;Apple sont une alternative plus confortable aux AirPods Pro, et ils sont \u00e9galement beaucoup moins chers. Et maintenant, avec les AirPods 4, Apple a m\u00eame introduit une option de suppression active du bruit, ainsi que des fonctionnalit\u00e9s audio premium autrefois limit\u00e9es aux AirPods Pro.<\/p>\n<p>\u00c0 l&rsquo;heure actuelle, vous pouvez obtenir les deux versions d&rsquo;AirPods 4 \u00e0 leurs prix les plus bas, correspondant aux prix qu&rsquo;ils ont atteints lors de la vente Prime Day d&rsquo;Amazon en juillet 2025. Les AirPods 4 de base sont r\u00e9duits \u00e0 89,00 $ (au lieu de 129 $) et les AirPods 4 avec ANC co\u00fbtent 119 $ (au lieu de 179 $).<\/p>\n<div class=\"pogoClear mb-12 mt-10 rounded-md border-2 border-gray-100 py-7 shadow-xl md:py-6\">\n<div class=\"flex flex-wrap justify-between px-7 text-black no-underline md:flex-nowrap md:px-8\">\n<div class=\"order-1 mx-auto flex flex-col justify-center md:order-2 md:ml-4 md:w-full md:grow\">\n<div class=\"block cursor-pointer text-center font-akshar text-2xl font-medium leading-7 text-brand-green duration-200 ease-in-out hover:text-brand-green-700 md:text-left md:text-xl md:leading-6\">\u00c9couteurs sans fil Apple AirPods 4\n                <\/div>\n<div class=\"mt-4 hidden md:flex md:justify-between\">\n<div class=\"self-end\">\n<div class=\"mb-0 h-11 md:flex md:flex-col md:justify-center\">\n<div class=\" font-sans leading-4 text-black\">\n<div class=\"flex flex-wrap items-center justify-center gap-1 md:justify-start\">\n        <span class=\"font-bold\"><\/p>\n<p>            89,00\u00a0$<br \/>\n                            <span class=\"font-medium\">chez Amazon<\/span><br \/>\n                    <\/span>\n            <\/div>\n<div class=\"flex items-center justify-center gap-x-1 font-bold md:justify-start\">\n            <span class=\"text-sm line-through\">129,00\u00a0$<\/span><br \/>\n            <span class=\"text-sm text-brand-green\">\u00c9conomisez 40,00\u00a0$<\/span>\n        <\/div>\n<\/p><\/div>\n<\/p><\/div>\n<\/p><\/div>\n<div class=\"w-44 self-end\">\n                            <button class=\"flex justify-center items-center w-full bg-brand-green text-white text-base font-sans font-medium rounded-md hover:bg-brand-green-700 hover:cursor-pointer md:text-sm h-11\"><\/p>\n<p>    Obtenez une offre<br \/>\n<\/button>\n                        <\/div>\n<\/p><\/div>\n<\/p><\/div>\n<div class=\"order-2 mt-5 h-auto w-full md:order-1 md:mt-0 md:hidden\">\n<div class=\"flex aspect-video items-center justify-center\">\n                                            <img decoding=\"async\" class=\"m-0 max-h-full max-w-full rounded-md\" src=\"https:\/\/vieassociative.be\/actualites\/wp-content\/uploads\/2025\/07\/1752347867_18_Prime-Day-Is-Over-but-These-17-Deals-Are-Still.jpg\" alt=\"\u00c9couteurs sans fil Apple AirPods 4\" width=\"auto\" height=\"auto\" loading=\"lazy\">\n                                    <\/div>\n<\/p><\/div>\n<div class=\"order-2 ml-2 hidden w-32 shrink-0 items-center md:order-1 md:ml-0 md:flex\">\n<div class=\"flex aspect-video items-center justify-center\">\n                                            <img decoding=\"async\" class=\"m-0 max-h-full max-w-full rounded-md\" src=\"https:\/\/vieassociative.be\/actualites\/wp-content\/uploads\/2025\/07\/1752347867_18_Prime-Day-Is-Over-but-These-17-Deals-Are-Still.jpg\" alt=\"\u00c9couteurs sans fil Apple AirPods 4\" width=\"auto\" height=\"auto\" loading=\"lazy\">\n                                    <\/div>\n<\/p><\/div>\n<div class=\"order-3 flex grow flex-wrap md:hidden md:grow-0\">\n<div class=\"mt-4 w-full\">\n                        <button class=\"flex justify-center items-center w-full bg-brand-green text-white text-base font-sans font-medium rounded-md hover:bg-brand-green-700 hover:cursor-pointer md:text-sm h-11\"><\/p>\n<p>    Obtenez une offre<br \/>\n<\/button>\n                    <\/div>\n<div class=\"mx-2 mt-4 w-full\">\n<div class=\" font-sans leading-4 text-black\">\n<div class=\"flex flex-wrap items-center justify-center gap-1 md:justify-start\">\n        <span class=\"font-bold\"><\/p>\n<p>            89,00\u00a0$<br \/>\n                            <span class=\"font-medium\">chez Amazon<\/span><br \/>\n                    <\/span>\n            <\/div>\n<div class=\"flex items-center justify-center gap-x-1 font-bold md:justify-start\">\n            <span class=\"text-sm line-through\">129,00\u00a0$<\/span><br \/>\n            <span class=\"text-sm text-brand-green\">\u00c9conomisez 40,00\u00a0$<\/span>\n        <\/div>\n<\/p><\/div>\n<\/p><\/div>\n<\/p><\/div>\n<\/p><\/div>\n<\/div>\n<p>Les AirPods 4 comportent des tiges plus courtes que leurs pr\u00e9d\u00e9cesseurs et un bo\u00eetier plus petit, mais avec le m\u00eame design embl\u00e9matique \u00e0 oreille ouverte. Les embouts offrent d\u00e9sormais un meilleur ajustement intra-auriculaire, sans avoir besoin de l\u2019embout en silicone pr\u00e9sent dans les AirPods Pro.<\/p>\n<p>Les AirPods 4 sont dot\u00e9s de la m\u00eame puce H2 que celle des AirPods Pro 2 haut de gamme, apportant le m\u00eame niveau de traitement audio et des fonctionnalit\u00e9s telles que l&rsquo;isolation vocale, la sensibilisation aux conversations et l&rsquo;audio spatial personnalis\u00e9 avec suivi dynamique de la t\u00eate. Le mod\u00e8le avec ANC b\u00e9n\u00e9ficie cependant d\u2019une version l\u00e9g\u00e8rement moins puissante de suppression du bruit (gr\u00e2ce \u00e0 l\u2019absence d\u2019embouts en silicone). Les AirPods 4 avec ANC b\u00e9n\u00e9ficient du mode Transparence d&rsquo;Apple, qui pompe les sons du monde ext\u00e9rieur, ajustant l&rsquo;intensit\u00e9 pour qu&rsquo;il ne soit pas trop fort, tout en vous gardant conscient de votre environnement.<\/p>\n<div class=\"pogoClear mb-12 mt-10 rounded-md border-2 border-gray-100 py-7 shadow-xl md:py-6\">\n<div class=\"flex flex-wrap justify-between px-7 text-black no-underline md:flex-nowrap md:px-8\">\n<div class=\"order-1 mx-auto flex flex-col justify-center md:order-2 md:ml-4 md:w-full md:grow\">\n<div class=\"block cursor-pointer text-center font-akshar text-2xl font-medium leading-7 text-brand-green duration-200 ease-in-out hover:text-brand-green-700 md:text-left md:text-xl md:leading-6\">\u00c9couteurs sans fil \u00e0 suppression active du bruit Apple AirPods 4\n                <\/div>\n<div class=\"mt-4 hidden md:flex md:justify-between\">\n<div class=\"self-end\">\n<div class=\"mb-0 h-11 md:flex md:flex-col md:justify-center\">\n<div class=\" font-sans leading-4 text-black\">\n<div class=\"flex flex-wrap items-center justify-center gap-1 md:justify-start\">\n        <span class=\"font-bold\"><\/p>\n<p>            119,00\u00a0$<br \/>\n                            <span class=\"font-medium\">chez Amazon<\/span><br \/>\n                    <\/span>\n            <\/div>\n<div class=\"flex items-center justify-center gap-x-1 font-bold md:justify-start\">\n            <span class=\"text-sm line-through\">179,00\u00a0$<\/span><br \/>\n            <span class=\"text-sm text-brand-green\">\u00c9conomisez 60,00\u00a0$<\/span>\n        <\/div>\n<\/p><\/div>\n<\/p><\/div>\n<\/p><\/div>\n<div class=\"w-44 self-end\">\n                            <button class=\"flex justify-center items-center w-full bg-brand-green text-white text-base font-sans font-medium rounded-md hover:bg-brand-green-700 hover:cursor-pointer md:text-sm h-11\"><\/p>\n<p>    Obtenez une offre<br \/>\n<\/button>\n                        <\/div>\n<\/p><\/div>\n<\/p><\/div>\n<div class=\"order-2 mt-5 h-auto w-full md:order-1 md:mt-0 md:hidden\">\n<div class=\"flex aspect-video items-center justify-center\">\n                                            <img decoding=\"async\" class=\"m-0 max-h-full max-w-full rounded-md\" src=\"https:\/\/vieassociative.be\/actualites\/wp-content\/uploads\/2025\/10\/Les-AirPods-4-sont-a-leur-prix-le-plus-bas.jpg\" alt=\"\u00c9couteurs sans fil \u00e0 suppression active du bruit Apple AirPods 4\" width=\"auto\" height=\"auto\" loading=\"lazy\">\n                                    <\/div>\n<\/p><\/div>\n<div class=\"order-2 ml-2 hidden w-32 shrink-0 items-center md:order-1 md:ml-0 md:flex\">\n<div class=\"flex aspect-video items-center justify-center\">\n                                            <img decoding=\"async\" class=\"m-0 max-h-full max-w-full rounded-md\" src=\"https:\/\/vieassociative.be\/actualites\/wp-content\/uploads\/2025\/10\/Les-AirPods-4-sont-a-leur-prix-le-plus-bas.jpg\" alt=\"\u00c9couteurs sans fil \u00e0 suppression active du bruit Apple AirPods 4\" width=\"auto\" height=\"auto\" loading=\"lazy\">\n                                    <\/div>\n<\/p><\/div>\n<div class=\"order-3 flex grow flex-wrap md:hidden md:grow-0\">\n<div class=\"mt-4 w-full\">\n                        <button class=\"flex justify-center items-center w-full bg-brand-green text-white text-base font-sans font-medium rounded-md hover:bg-brand-green-700 hover:cursor-pointer md:text-sm h-11\"><\/p>\n<p>    Obtenez une offre<br \/>\n<\/button>\n                    <\/div>\n<div class=\"mx-2 mt-4 w-full\">\n<div class=\" font-sans leading-4 text-black\">\n<div class=\"flex flex-wrap items-center justify-center gap-1 md:justify-start\">\n        <span class=\"font-bold\"><\/p>\n<p>            119,00\u00a0$<br \/>\n                            <span class=\"font-medium\">chez Amazon<\/span><br \/>\n                    <\/span>\n            <\/div>\n<div class=\"flex items-center justify-center gap-x-1 font-bold md:justify-start\">\n            <span class=\"text-sm line-through\">179,00\u00a0$<\/span><br \/>\n            <span class=\"text-sm text-brand-green\">\u00c9conomisez 60,00\u00a0$<\/span>\n        <\/div>\n<\/p><\/div>\n<\/p><\/div>\n<\/p><\/div>\n<\/p><\/div>\n<\/div>\n<p>Il y a un chargement USB-C dans le bo\u00eetier, et les AirPods 4 avec ANC sont \u00e9galement compatibles avec le chargement Qi et MagSafe, et ils disposent \u00e9galement d&rsquo;un haut-parleur int\u00e9gr\u00e9 pour le suivi Find My.<\/p>\n<p>Les AirPods 4 durent cinq heures \u00e0 eux seuls et le bo\u00eetier ajoute jusqu&rsquo;\u00e0 30 heures d&rsquo;\u00e9coute. En mode ANC, ils durent quatre heures. Mais une charge rapide de cinq minutes ajoute environ une heure d\u2019\u00e9coute.<\/p>\n<p>Les AirPods 4 sont un excellent choix pour tous ceux qui recherchent un ANC avec un budget limit\u00e9 et pour ceux qui n&rsquo;aiment pas les embouts en silicone. PCMag a attribu\u00e9 aux AirPods 4 avec suppression active du bruit quatre \u00e9toiles sur cinq et un prix Editor&rsquo;s Choice. Selon PCMag, \u00ab\u00a0Les AirPods 4 sont capables de ce qu&rsquo;aucun autre \u00e9couteur ouvert n&rsquo;a encore tent\u00e9\u00a0: une suppression active du bruit de haute qualit\u00e9. Ils offrent \u00e9galement d&rsquo;excellentes performances audio.\u00a0\u00bb<\/p>\n<p>Et si vous ne voulez pas de l\u2019ANC, vous pouvez \u00e9conomiser encore plus. Les AirPods 4 de base \u00e0 90 $ sont l\u2019une des meilleures offres technologiques.<\/p>\n<p><em>Vous cherchez autre chose ? Des d\u00e9taillants comme Walmart et Best Buy proposent des ventes concurrentielles Prime Day qui sont particuli\u00e8rement utiles si vous n&rsquo;avez pas Amazon Prime.<\/em><\/p>\n<ul>\n<li>\n<p><strong><em>Vente concours Prime Day de Walmart<\/em><\/strong><em>  se d\u00e9roule du 6 octobre \u00e0 19 h HE au 12 octobre et comprend des offres allant jusqu&rsquo;\u00e0 50 % de r\u00e9duction. C&rsquo;est une option particuli\u00e8rement int\u00e9ressante si vous avez Walmart+.<\/em><\/p>\n<\/li>\n<li>\n<p><strong><em>Vente concours Prime Day de Best Buy<\/em><\/strong><em>  se d\u00e9roule du 27 septembre au 12 octobre et propose certaines des meilleures ventes technologiques en ligne. C&rsquo;est une option particuli\u00e8rement int\u00e9ressante si vous \u00eates membre de My Best Buy \u00ab Plus \u00bb ou \u00ab Total \u00bb.<\/em><\/p>\n<\/li>\n<li>\n<p><strong><em>Vente concours Prime Day de Target<\/em><\/strong><em>  se d\u00e9roule du 5 au 11 octobre et propose des offres allant jusqu&rsquo;\u00e0 50 % de r\u00e9duction. Vous pouvez devenir membre du Cercle gratuitement.<\/em><\/p>\n<\/li>\n<\/ul>\n","protected":false},"excerpt":{"rendered":"<p>Avec les AirPods 4, Apple a introduit une option de suppression active du bruit, ainsi que des fonctionnalit\u00e9s audio premium autrefois limit\u00e9es aux AirPods Pro.<\/p>\n","protected":false},"author":1,"featured_media":10503,"comment_status":"","ping_status":"","sticky":false,"template":"","format":"standard","meta":{"footnotes":""},"categories":[13],"tags":[15,700,347,14,958,81,346,1399,18],"class_list":["post-10502","post","type-post","status-publish","format-standard","has-post-thumbnail","hentry","category-technologie","tag-airpods","tag-bas","tag-day","tag-les","tag-leur","tag-pour","tag-prime","tag-prix","tag-sont","generate-columns","tablet-grid-50","mobile-grid-100","grid-parent","grid-33"],"yoast_head":"<!-- This site is optimized with the Yoast SEO plugin v24.0 - https:\/\/yoast.com\/wordpress\/plugins\/seo\/ -->\n<title>Les AirPods 4 sont \u00e0 leur prix le plus bas pour le Prime Day | Vie Associative<\/title>\n<meta name=\"robots\" content=\"index, follow, max-snippet:-1, max-image-preview:large, max-video-preview:-1\" \/>\n<link rel=\"canonical\" href=\"https:\/\/vieassociative.be\/actualites\/les-airpods-4-sont-a-leur-prix-le-plus-bas-pour-le-prime-day\/\" \/>\n<meta property=\"og:locale\" content=\"fr_FR\" \/>\n<meta property=\"og:type\" content=\"article\" \/>\n<meta property=\"og:title\" content=\"Les AirPods 4 sont \u00e0 leur prix le plus bas pour le Prime Day | Vie Associative\" \/>\n<meta property=\"og:description\" content=\"Avec les AirPods 4, Apple a introduit une option de suppression active du bruit, ainsi que des fonctionnalit\u00e9s audio premium autrefois limit\u00e9es aux AirPods Pro.\" \/>\n<meta property=\"og:url\" content=\"https:\/\/vieassociative.be\/actualites\/les-airpods-4-sont-a-leur-prix-le-plus-bas-pour-le-prime-day\/\" \/>\n<meta property=\"og:site_name\" content=\"Vie Associative\" \/>\n<meta property=\"article:published_time\" content=\"2025-10-07T17:17:05+00:00\" \/>\n<meta property=\"og:image\" content=\"https:\/\/vieassociative.be\/actualites\/wp-content\/uploads\/2025\/07\/1752347867_18_Prime-Day-Is-Over-but-These-17-Deals-Are-Still.jpg\" \/>\n<meta name=\"author\" content=\"Julien\" \/>\n<meta name=\"twitter:card\" content=\"summary_large_image\" \/>\n<meta name=\"twitter:label1\" content=\"\u00c9crit par\" \/>\n\t<meta name=\"twitter:data1\" content=\"Julien\" \/>\n\t<meta name=\"twitter:label2\" content=\"Dur\u00e9e de lecture est.\" \/>\n\t<meta name=\"twitter:data2\" content=\"4 minutes\" \/>\n<script type=\"application\/ld+json\" class=\"yoast-schema-graph\">{\"@context\":\"https:\/\/schema.org\",\"@graph\":[{\"@type\":\"Article\",\"@id\":\"https:\/\/vieassociative.be\/actualites\/les-airpods-4-sont-a-leur-prix-le-plus-bas-pour-le-prime-day\/#article\",\"isPartOf\":{\"@id\":\"https:\/\/vieassociative.be\/actualites\/les-airpods-4-sont-a-leur-prix-le-plus-bas-pour-le-prime-day\/\"},\"author\":{\"name\":\"Julien\",\"@id\":\"https:\/\/vieassociative.be\/actualites\/#\/schema\/person\/b87ac4f82f9d4e7b7cec7395b679edc4\"},\"headline\":\"Les AirPods 4 sont \u00e0 leur prix le plus bas pour le Prime Day\",\"datePublished\":\"2025-10-07T17:17:05+00:00\",\"dateModified\":\"2025-10-07T17:17:05+00:00\",\"mainEntityOfPage\":{\"@id\":\"https:\/\/vieassociative.be\/actualites\/les-airpods-4-sont-a-leur-prix-le-plus-bas-pour-le-prime-day\/\"},\"wordCount\":771,\"publisher\":{\"@id\":\"https:\/\/vieassociative.be\/actualites\/#organization\"},\"image\":{\"@id\":\"https:\/\/vieassociative.be\/actualites\/les-airpods-4-sont-a-leur-prix-le-plus-bas-pour-le-prime-day\/#primaryimage\"},\"thumbnailUrl\":\"https:\/\/vieassociative.be\/actualites\/wp-content\/uploads\/2025\/10\/Les-AirPods-4-sont-a-leur-prix-le-plus-bas.png\",\"keywords\":[\"AirPods\",\"bas\",\"Day\",\"Les\",\"leur\",\"pour\",\"Prime\",\"prix\",\"sont\"],\"articleSection\":[\"Technologie\"],\"inLanguage\":\"fr-BE\"},{\"@type\":\"WebPage\",\"@id\":\"https:\/\/vieassociative.be\/actualites\/les-airpods-4-sont-a-leur-prix-le-plus-bas-pour-le-prime-day\/\",\"url\":\"https:\/\/vieassociative.be\/actualites\/les-airpods-4-sont-a-leur-prix-le-plus-bas-pour-le-prime-day\/\",\"name\":\"Les AirPods 4 sont \u00e0 leur prix le plus bas pour le Prime Day | Vie Associative\",\"isPartOf\":{\"@id\":\"https:\/\/vieassociative.be\/actualites\/#website\"},\"primaryImageOfPage\":{\"@id\":\"https:\/\/vieassociative.be\/actualites\/les-airpods-4-sont-a-leur-prix-le-plus-bas-pour-le-prime-day\/#primaryimage\"},\"image\":{\"@id\":\"https:\/\/vieassociative.be\/actualites\/les-airpods-4-sont-a-leur-prix-le-plus-bas-pour-le-prime-day\/#primaryimage\"},\"thumbnailUrl\":\"https:\/\/vieassociative.be\/actualites\/wp-content\/uploads\/2025\/10\/Les-AirPods-4-sont-a-leur-prix-le-plus-bas.png\",\"datePublished\":\"2025-10-07T17:17:05+00:00\",\"dateModified\":\"2025-10-07T17:17:05+00:00\",\"breadcrumb\":{\"@id\":\"https:\/\/vieassociative.be\/actualites\/les-airpods-4-sont-a-leur-prix-le-plus-bas-pour-le-prime-day\/#breadcrumb\"},\"inLanguage\":\"fr-BE\",\"potentialAction\":[{\"@type\":\"ReadAction\",\"target\":[\"https:\/\/vieassociative.be\/actualites\/les-airpods-4-sont-a-leur-prix-le-plus-bas-pour-le-prime-day\/\"]}]},{\"@type\":\"ImageObject\",\"inLanguage\":\"fr-BE\",\"@id\":\"https:\/\/vieassociative.be\/actualites\/les-airpods-4-sont-a-leur-prix-le-plus-bas-pour-le-prime-day\/#primaryimage\",\"url\":\"https:\/\/vieassociative.be\/actualites\/wp-content\/uploads\/2025\/10\/Les-AirPods-4-sont-a-leur-prix-le-plus-bas.png\",\"contentUrl\":\"https:\/\/vieassociative.be\/actualites\/wp-content\/uploads\/2025\/10\/Les-AirPods-4-sont-a-leur-prix-le-plus-bas.png\",\"width\":1200,\"height\":675,\"caption\":\"Les AirPods 4 sont \u00e0 leur prix le plus bas pour le Prime Day\"},{\"@type\":\"BreadcrumbList\",\"@id\":\"https:\/\/vieassociative.be\/actualites\/les-airpods-4-sont-a-leur-prix-le-plus-bas-pour-le-prime-day\/#breadcrumb\",\"itemListElement\":[{\"@type\":\"ListItem\",\"position\":1,\"name\":\"Accueil\",\"item\":\"https:\/\/vieassociative.be\/actualites\/\"},{\"@type\":\"ListItem\",\"position\":2,\"name\":\"Les AirPods 4 sont \u00e0 leur prix le plus bas pour le Prime Day\"}]},{\"@type\":\"WebSite\",\"@id\":\"https:\/\/vieassociative.be\/actualites\/#website\",\"url\":\"https:\/\/vieassociative.be\/actualites\/\",\"name\":\"Vie Associative\",\"description\":\"\",\"publisher\":{\"@id\":\"https:\/\/vieassociative.be\/actualites\/#organization\"},\"potentialAction\":[{\"@type\":\"SearchAction\",\"target\":{\"@type\":\"EntryPoint\",\"urlTemplate\":\"https:\/\/vieassociative.be\/actualites\/?s={search_term_string}\"},\"query-input\":{\"@type\":\"PropertyValueSpecification\",\"valueRequired\":true,\"valueName\":\"search_term_string\"}}],\"inLanguage\":\"fr-BE\"},{\"@type\":\"Organization\",\"@id\":\"https:\/\/vieassociative.be\/actualites\/#organization\",\"name\":\"Vie Associative\",\"url\":\"https:\/\/vieassociative.be\/actualites\/\",\"logo\":{\"@type\":\"ImageObject\",\"inLanguage\":\"fr-BE\",\"@id\":\"https:\/\/vieassociative.be\/actualites\/#\/schema\/logo\/image\/\",\"url\":\"https:\/\/vieassociative.be\/actualites\/wp-content\/uploads\/2024\/09\/cropped-vieassociative_favicon.ico.png\",\"contentUrl\":\"https:\/\/vieassociative.be\/actualites\/wp-content\/uploads\/2024\/09\/cropped-vieassociative_favicon.ico.png\",\"width\":512,\"height\":512,\"caption\":\"Vie Associative\"},\"image\":{\"@id\":\"https:\/\/vieassociative.be\/actualites\/#\/schema\/logo\/image\/\"}},{\"@type\":\"Person\",\"@id\":\"https:\/\/vieassociative.be\/actualites\/#\/schema\/person\/b87ac4f82f9d4e7b7cec7395b679edc4\",\"name\":\"Julien\",\"image\":{\"@type\":\"ImageObject\",\"inLanguage\":\"fr-BE\",\"@id\":\"https:\/\/vieassociative.be\/actualites\/#\/schema\/person\/image\/\",\"url\":\"https:\/\/vieassociative.be\/actualites\/wp-content\/uploads\/2024\/09\/vie-associative-1-150x150.jpg\",\"contentUrl\":\"https:\/\/vieassociative.be\/actualites\/wp-content\/uploads\/2024\/09\/vie-associative-1-150x150.jpg\",\"caption\":\"Julien\"},\"description\":\"Je suis Julien, r\u00e9dacteur pour Vie Associative. Passionn\u00e9 par le monde associatif depuis plus de 10 ans, j'ai \u00e0 c\u0153ur de partager des histoires inspirantes et de mettre en lumi\u00e8re les initiatives locales. Mon objectif est de sensibiliser et d'encourager l'engagement communautaire \u00e0 travers mes articles.\",\"sameAs\":[\"https:\/\/vieassociative.be\/\"]}]}<\/script>\n<!-- \/ Yoast SEO plugin. -->","yoast_head_json":{"title":"Les AirPods 4 sont \u00e0 leur prix le plus bas pour le Prime Day | Vie Associative","robots":{"index":"index","follow":"follow","max-snippet":"max-snippet:-1","max-image-preview":"max-image-preview:large","max-video-preview":"max-video-preview:-1"},"canonical":"https:\/\/vieassociative.be\/actualites\/les-airpods-4-sont-a-leur-prix-le-plus-bas-pour-le-prime-day\/","og_locale":"fr_FR","og_type":"article","og_title":"Les AirPods 4 sont \u00e0 leur prix le plus bas pour le Prime Day | Vie Associative","og_description":"Avec les AirPods 4, Apple a introduit une option de suppression active du bruit, ainsi que des fonctionnalit\u00e9s audio premium autrefois limit\u00e9es aux AirPods Pro.","og_url":"https:\/\/vieassociative.be\/actualites\/les-airpods-4-sont-a-leur-prix-le-plus-bas-pour-le-prime-day\/","og_site_name":"Vie Associative","article_published_time":"2025-10-07T17:17:05+00:00","og_image":[{"url":"https:\/\/vieassociative.be\/actualites\/wp-content\/uploads\/2025\/07\/1752347867_18_Prime-Day-Is-Over-but-These-17-Deals-Are-Still.jpg","type":"","width":"","height":""}],"author":"Julien","twitter_card":"summary_large_image","twitter_misc":{"\u00c9crit par":"Julien","Dur\u00e9e de lecture est.":"4 minutes"},"schema":{"@context":"https:\/\/schema.org","@graph":[{"@type":"Article","@id":"https:\/\/vieassociative.be\/actualites\/les-airpods-4-sont-a-leur-prix-le-plus-bas-pour-le-prime-day\/#article","isPartOf":{"@id":"https:\/\/vieassociative.be\/actualites\/les-airpods-4-sont-a-leur-prix-le-plus-bas-pour-le-prime-day\/"},"author":{"name":"Julien","@id":"https:\/\/vieassociative.be\/actualites\/#\/schema\/person\/b87ac4f82f9d4e7b7cec7395b679edc4"},"headline":"Les AirPods 4 sont \u00e0 leur prix le plus bas pour le Prime Day","datePublished":"2025-10-07T17:17:05+00:00","dateModified":"2025-10-07T17:17:05+00:00","mainEntityOfPage":{"@id":"https:\/\/vieassociative.be\/actualites\/les-airpods-4-sont-a-leur-prix-le-plus-bas-pour-le-prime-day\/"},"wordCount":771,"publisher":{"@id":"https:\/\/vieassociative.be\/actualites\/#organization"},"image":{"@id":"https:\/\/vieassociative.be\/actualites\/les-airpods-4-sont-a-leur-prix-le-plus-bas-pour-le-prime-day\/#primaryimage"},"thumbnailUrl":"https:\/\/vieassociative.be\/actualites\/wp-content\/uploads\/2025\/10\/Les-AirPods-4-sont-a-leur-prix-le-plus-bas.png","keywords":["AirPods","bas","Day","Les","leur","pour","Prime","prix","sont"],"articleSection":["Technologie"],"inLanguage":"fr-BE"},{"@type":"WebPage","@id":"https:\/\/vieassociative.be\/actualites\/les-airpods-4-sont-a-leur-prix-le-plus-bas-pour-le-prime-day\/","url":"https:\/\/vieassociative.be\/actualites\/les-airpods-4-sont-a-leur-prix-le-plus-bas-pour-le-prime-day\/","name":"Les AirPods 4 sont \u00e0 leur prix le plus bas pour le Prime Day | Vie Associative","isPartOf":{"@id":"https:\/\/vieassociative.be\/actualites\/#website"},"primaryImageOfPage":{"@id":"https:\/\/vieassociative.be\/actualites\/les-airpods-4-sont-a-leur-prix-le-plus-bas-pour-le-prime-day\/#primaryimage"},"image":{"@id":"https:\/\/vieassociative.be\/actualites\/les-airpods-4-sont-a-leur-prix-le-plus-bas-pour-le-prime-day\/#primaryimage"},"thumbnailUrl":"https:\/\/vieassociative.be\/actualites\/wp-content\/uploads\/2025\/10\/Les-AirPods-4-sont-a-leur-prix-le-plus-bas.png","datePublished":"2025-10-07T17:17:05+00:00","dateModified":"2025-10-07T17:17:05+00:00","breadcrumb":{"@id":"https:\/\/vieassociative.be\/actualites\/les-airpods-4-sont-a-leur-prix-le-plus-bas-pour-le-prime-day\/#breadcrumb"},"inLanguage":"fr-BE","potentialAction":[{"@type":"ReadAction","target":["https:\/\/vieassociative.be\/actualites\/les-airpods-4-sont-a-leur-prix-le-plus-bas-pour-le-prime-day\/"]}]},{"@type":"ImageObject","inLanguage":"fr-BE","@id":"https:\/\/vieassociative.be\/actualites\/les-airpods-4-sont-a-leur-prix-le-plus-bas-pour-le-prime-day\/#primaryimage","url":"https:\/\/vieassociative.be\/actualites\/wp-content\/uploads\/2025\/10\/Les-AirPods-4-sont-a-leur-prix-le-plus-bas.png","contentUrl":"https:\/\/vieassociative.be\/actualites\/wp-content\/uploads\/2025\/10\/Les-AirPods-4-sont-a-leur-prix-le-plus-bas.png","width":1200,"height":675,"caption":"Les AirPods 4 sont \u00e0 leur prix le plus bas pour le Prime Day"},{"@type":"BreadcrumbList","@id":"https:\/\/vieassociative.be\/actualites\/les-airpods-4-sont-a-leur-prix-le-plus-bas-pour-le-prime-day\/#breadcrumb","itemListElement":[{"@type":"ListItem","position":1,"name":"Accueil","item":"https:\/\/vieassociative.be\/actualites\/"},{"@type":"ListItem","position":2,"name":"Les AirPods 4 sont \u00e0 leur prix le plus bas pour le Prime Day"}]},{"@type":"WebSite","@id":"https:\/\/vieassociative.be\/actualites\/#website","url":"https:\/\/vieassociative.be\/actualites\/","name":"Vie Associative","description":"","publisher":{"@id":"https:\/\/vieassociative.be\/actualites\/#organization"},"potentialAction":[{"@type":"SearchAction","target":{"@type":"EntryPoint","urlTemplate":"https:\/\/vieassociative.be\/actualites\/?s={search_term_string}"},"query-input":{"@type":"PropertyValueSpecification","valueRequired":true,"valueName":"search_term_string"}}],"inLanguage":"fr-BE"},{"@type":"Organization","@id":"https:\/\/vieassociative.be\/actualites\/#organization","name":"Vie Associative","url":"https:\/\/vieassociative.be\/actualites\/","logo":{"@type":"ImageObject","inLanguage":"fr-BE","@id":"https:\/\/vieassociative.be\/actualites\/#\/schema\/logo\/image\/","url":"https:\/\/vieassociative.be\/actualites\/wp-content\/uploads\/2024\/09\/cropped-vieassociative_favicon.ico.png","contentUrl":"https:\/\/vieassociative.be\/actualites\/wp-content\/uploads\/2024\/09\/cropped-vieassociative_favicon.ico.png","width":512,"height":512,"caption":"Vie Associative"},"image":{"@id":"https:\/\/vieassociative.be\/actualites\/#\/schema\/logo\/image\/"}},{"@type":"Person","@id":"https:\/\/vieassociative.be\/actualites\/#\/schema\/person\/b87ac4f82f9d4e7b7cec7395b679edc4","name":"Julien","image":{"@type":"ImageObject","inLanguage":"fr-BE","@id":"https:\/\/vieassociative.be\/actualites\/#\/schema\/person\/image\/","url":"https:\/\/vieassociative.be\/actualites\/wp-content\/uploads\/2024\/09\/vie-associative-1-150x150.jpg","contentUrl":"https:\/\/vieassociative.be\/actualites\/wp-content\/uploads\/2024\/09\/vie-associative-1-150x150.jpg","caption":"Julien"},"description":"Je suis Julien, r\u00e9dacteur pour Vie Associative. Passionn\u00e9 par le monde associatif depuis plus de 10 ans, j'ai \u00e0 c\u0153ur de partager des histoires inspirantes et de mettre en lumi\u00e8re les initiatives locales. Mon objectif est de sensibiliser et d'encourager l'engagement communautaire \u00e0 travers mes articles.","sameAs":["https:\/\/vieassociative.be\/"]}]}},"_links":{"self":[{"href":"https:\/\/vieassociative.be\/actualites\/wp-json\/wp\/v2\/posts\/10502"}],"collection":[{"href":"https:\/\/vieassociative.be\/actualites\/wp-json\/wp\/v2\/posts"}],"about":[{"href":"https:\/\/vieassociative.be\/actualites\/wp-json\/wp\/v2\/types\/post"}],"author":[{"embeddable":true,"href":"https:\/\/vieassociative.be\/actualites\/wp-json\/wp\/v2\/users\/1"}],"replies":[{"embeddable":true,"href":"https:\/\/vieassociative.be\/actualites\/wp-json\/wp\/v2\/comments?post=10502"}],"version-history":[{"count":0,"href":"https:\/\/vieassociative.be\/actualites\/wp-json\/wp\/v2\/posts\/10502\/revisions"}],"wp:featuredmedia":[{"embeddable":true,"href":"https:\/\/vieassociative.be\/actualites\/wp-json\/wp\/v2\/media\/10503"}],"wp:attachment":[{"href":"https:\/\/vieassociative.be\/actualites\/wp-json\/wp\/v2\/media?parent=10502"}],"wp:term":[{"taxonomy":"category","embeddable":true,"href":"https:\/\/vieassociative.be\/actualites\/wp-json\/wp\/v2\/categories?post=10502"},{"taxonomy":"post_tag","embeddable":true,"href":"https:\/\/vieassociative.be\/actualites\/wp-json\/wp\/v2\/tags?post=10502"}],"curies":[{"name":"wp","href":"https:\/\/api.w.org\/{rel}","templated":true}]}}