{"id":10500,"date":"2025-10-07T16:17:04","date_gmt":"2025-10-07T14:17:04","guid":{"rendered":"https:\/\/vieassociative.be\/actualites\/paasch-sur-le-theme-deyneburg-preserve-le-memorial-remarquable-de-la-decomposition-finale\/"},"modified":"2025-10-07T16:17:04","modified_gmt":"2025-10-07T14:17:04","slug":"paasch-sur-le-theme-deyneburg-preserve-le-memorial-remarquable-de-la-decomposition-finale","status":"publish","type":"post","link":"https:\/\/vieassociative.be\/actualites\/paasch-sur-le-theme-deyneburg-preserve-le-memorial-remarquable-de-la-decomposition-finale\/","title":{"rendered":"Paasch sur le th\u00e8me d&rsquo;Eyneburg: \u00ab\u00a0Preserve le m\u00e9morial remarquable de la d\u00e9composition finale\u00a0\u00bb"},"content":{"rendered":"<p><strong>L&rsquo;achat de l&rsquo;Eyneburg \u00e0 Hergenrath par la DG continue de s&rsquo;assurer explosif. Lundi, le Premier ministre Oliver Paasch (ProDG) a confirm\u00e9 \u00e0 une question du porte-parole du groupe Vivant Michael Balter qu&rsquo;il \u00e9tait important pour la DG de \u00ab\u00a0pr\u00e9server l&rsquo;un des monuments les plus remarquables de l&rsquo;est de la Belgique \u00e0 partir de la d\u00e9composition finale\u00a0\u00bb.<\/strong><\/p>\n<p><span id=\"more-426433\"><\/span>Balter s&rsquo;est essentiellement plaint d&rsquo;un manque de transparence dans cette affaire et voulait d\u00e9couvrir du Premier ministre si un contrat de concession l\u00e9galement sign\u00e9 entre Eyne GmbH et l&rsquo;Emmaburg est maintenant entr\u00e9 en vigueur, ce qui est contraire \u00e0 la mise en \u0153uvre suppl\u00e9mentaire du projet Eyneburg et de la hauteur des co\u00fbts suppl\u00e9mentaires du projet en plus de 2,1 millions d&rsquo;euros pour l&rsquo;achat, de 400 000 euros pour la s\u00e9curisation et le 1,5 million d&rsquo;euros pour le premier inscripteur, les 400 000 euros pour la s\u00e9curisation et le 1,5 million d&rsquo;euros.<\/p>\n<p>Paasch a expliqu\u00e9 qu&rsquo;un rapport de statistique avait document\u00e9 65 lacunes urgentes et 75 autres d\u00e9ficiences du b\u00e2timent. Le Consortium Greisch \/ Moneo a ensuite \u00e9labor\u00e9 un projet pr\u00e9liminaire de 92 pages dans le but de lancer les travaux de s\u00e9curit\u00e9 n\u00e9cessaires. En cons\u00e9quence, la soci\u00e9t\u00e9 RC Reno de Ciney a \u00e9t\u00e9 command\u00e9e selon l&rsquo;appel d&rsquo;offres public, qui pourrait avoir des r\u00e9f\u00e9rences pertinentes dans le domaine de la mise \u00e0 niveau des b\u00e2timents historiques.<\/p>\n<div id=\"attachment_417670\" class=\"wp-caption alignleft\" style=\"max-width: 300px\"><img fetchpriority=\"high\" decoding=\"async\" class=\"wp-image-417670 size-medium\" src=\"https:\/\/vieassociative.be\/actualites\/wp-content\/uploads\/2025\/10\/Paasch-sur-le-theme-dEyneburg-Preserve-le-memorial-remarquable-de.jpg\" alt=\"\" width=\"300\" height=\"200\"  ><\/div>\n<p>Selon Paasch, les agents concernent les r\u00e9novations urgentes du toit, la stabilisation n\u00e9cessaire<br \/>\nLes g\u00e8nes et la couverture de la chapelle historique et de la ma\u00e7onnerie ainsi que d&rsquo;autres mesures qui visent \u00e0 emp\u00eacher le monument de se d\u00e9composer. Les travaux ont commenc\u00e9 le 29 septembre.<\/p>\n<p>Paasch: \u00ab\u00a0C&rsquo;est l\u00e0 que la communaut\u00e9 germanophone sera consid\u00e9r\u00e9e<br \/>\nFair de l&rsquo;autorit\u00e9 de protection contre la Mal. Il est important de pr\u00e9server l&rsquo;un des monuments les plus remarquables de la Belgique de l&rsquo;Est de la d\u00e9composition finale. \u00ab\u00a0<\/p>\n<p>Parall\u00e8lement aux mesures de s\u00e9curit\u00e9, Paasch a annonc\u00e9 que les n\u00e9gociations avec des investisseurs externes se poursuivraient en ce qui concerne le but futur du ch\u00e2teau. La concession d&rsquo;Eyneburg pour l&rsquo;utilisation et le fonctionnement dans le cadre d&rsquo;un contrat d&rsquo;investissement a \u00e9t\u00e9 attribu\u00e9e \u00e0 un investisseur priv\u00e9 le 27 janvier 2025.<\/p>\n<p>Cependant, PaaSch a ajout\u00e9: \u00ab\u00a0La finalisation d&rsquo;un contrat de concession l\u00e9galement efficace pr\u00e9suppose naturellement la mise en \u0153uvre d&rsquo;\u00e9tudes pr\u00e9liminaires architecturales, \u00e0 partir desquelles la r\u00e9novation et l&rsquo;investissement n\u00e9cessaires n\u00e9cessitent.<\/p>\n<p><em><strong>Ci-dessous des images du photographe Helmut Koch d&rsquo;Eyneburg dans son \u00e9tat actuel (cliquez pour agrandir l&rsquo;image):<\/strong><\/em><\/p>\n<div class=\"wp-gallery row\">\n<figure class=\"column small-6 medium-3 end\"><img decoding=\"async\" src=\"https:\/\/vieassociative.be\/actualites\/wp-content\/uploads\/2025\/10\/1759846623_831_Paasch-sur-le-theme-dEyneburg-Preserve-le-memorial-remarquable-de.jpg\" width=\"159\" height=\"159\" alt=\"\"><\/figure>\n<figure class=\"column small-6 medium-3 end\"><img decoding=\"async\" src=\"https:\/\/vieassociative.be\/actualites\/wp-content\/uploads\/2025\/10\/1759846623_665_Paasch-sur-le-theme-dEyneburg-Preserve-le-memorial-remarquable-de.jpg\" width=\"159\" height=\"159\" alt=\"\"><\/figure>\n<figure class=\"column small-6 medium-3 end\"><img loading=\"lazy\" decoding=\"async\" src=\"https:\/\/vieassociative.be\/actualites\/wp-content\/uploads\/2025\/10\/1759846624_675_Paasch-sur-le-theme-dEyneburg-Preserve-le-memorial-remarquable-de.jpg\" width=\"159\" height=\"159\" alt=\"\"><\/figure>\n<figure class=\"column small-6 medium-3 end\"><img loading=\"lazy\" decoding=\"async\" src=\"https:\/\/vieassociative.be\/actualites\/wp-content\/uploads\/2025\/10\/1759846624_875_Paasch-sur-le-theme-dEyneburg-Preserve-le-memorial-remarquable-de.jpg\" width=\"159\" height=\"159\" alt=\"\"><\/figure>\n<figure class=\"column small-6 medium-3 end\"><img loading=\"lazy\" decoding=\"async\" src=\"https:\/\/vieassociative.be\/actualites\/wp-content\/uploads\/2025\/10\/1759846624_145_Paasch-sur-le-theme-dEyneburg-Preserve-le-memorial-remarquable-de.jpg\" width=\"159\" height=\"159\" alt=\"\"><\/figure>\n<figure class=\"column small-6 medium-3 end\"><img loading=\"lazy\" decoding=\"async\" src=\"https:\/\/vieassociative.be\/actualites\/wp-content\/uploads\/2025\/10\/1759846624_299_Paasch-sur-le-theme-dEyneburg-Preserve-le-memorial-remarquable-de.jpg\" width=\"159\" height=\"159\" alt=\"\"><\/figure>\n<figure class=\"column small-6 medium-3 end\"><img loading=\"lazy\" decoding=\"async\" src=\"https:\/\/vieassociative.be\/actualites\/wp-content\/uploads\/2025\/10\/1759846624_128_Paasch-sur-le-theme-dEyneburg-Preserve-le-memorial-remarquable-de.jpg\" width=\"159\" height=\"159\" alt=\"\"><\/figure>\n<figure class=\"column small-6 medium-3 end\"><img loading=\"lazy\" decoding=\"async\" src=\"https:\/\/vieassociative.be\/actualites\/wp-content\/uploads\/2025\/10\/1759846624_602_Paasch-sur-le-theme-dEyneburg-Preserve-le-memorial-remarquable-de.jpg\" width=\"159\" height=\"159\" alt=\"\"><\/figure>\n<figure class=\"column small-6 medium-3 end\"><img loading=\"lazy\" decoding=\"async\" src=\"https:\/\/vieassociative.be\/actualites\/wp-content\/uploads\/2025\/10\/1759846624_305_Paasch-sur-le-theme-dEyneburg-Preserve-le-memorial-remarquable-de.jpg\" width=\"159\" height=\"159\" alt=\"\"><\/figure>\n<figure class=\"column small-6 medium-3 end\"><img loading=\"lazy\" decoding=\"async\" src=\"https:\/\/vieassociative.be\/actualites\/wp-content\/uploads\/2025\/10\/1759846624_849_Paasch-sur-le-theme-dEyneburg-Preserve-le-memorial-remarquable-de.jpg\" width=\"159\" height=\"159\" alt=\"\"><\/figure>\n<figure class=\"column small-6 medium-3 end\"><img loading=\"lazy\" decoding=\"async\" src=\"https:\/\/vieassociative.be\/actualites\/wp-content\/uploads\/2025\/10\/1759846624_967_Paasch-sur-le-theme-dEyneburg-Preserve-le-memorial-remarquable-de.jpg\" width=\"159\" height=\"159\" alt=\"\"><\/figure>\n<figure class=\"column small-6 medium-3 end\"><img loading=\"lazy\" decoding=\"async\" src=\"https:\/\/vieassociative.be\/actualites\/wp-content\/uploads\/2025\/10\/1759846624_223_Paasch-sur-le-theme-dEyneburg-Preserve-le-memorial-remarquable-de.jpg\" width=\"159\" height=\"159\" alt=\"\"><\/figure>\n<\/div>\n","protected":false},"excerpt":{"rendered":"<p>L&rsquo;achat de l&rsquo;Eyneburg \u00e0 Hergenrath par la DG continue de s&rsquo;assurer explosif. Lundi, le Premier ministre Oliver Paasch (ProDG) a confirm\u00e9 \u00e0 une question du<\/p>\n","protected":false},"author":1,"featured_media":10501,"comment_status":"","ping_status":"","sticky":false,"template":"","format":"standard","meta":{"footnotes":""},"categories":[298],"tags":[8809,8807,879,7047,2553,8808,8517,33,2541],"class_list":["post-10500","post","type-post","status-publish","format-standard","has-post-thumbnail","hentry","category-belgique","tag-decomposition","tag-deyneburg","tag-finale","tag-memorial","tag-paasch","tag-preserve","tag-remarquable","tag-sur","tag-theme","generate-columns","tablet-grid-50","mobile-grid-100","grid-parent","grid-33"],"yoast_head":"<!-- This site is optimized with the Yoast SEO plugin v24.0 - https:\/\/yoast.com\/wordpress\/plugins\/seo\/ -->\n<title>Paasch sur le th\u00e8me d&#039;Eyneburg: &quot;Preserve le m\u00e9morial remarquable de la d\u00e9composition finale&quot; | Vie Associative<\/title>\n<meta name=\"robots\" content=\"index, follow, max-snippet:-1, max-image-preview:large, max-video-preview:-1\" \/>\n<link rel=\"canonical\" href=\"https:\/\/vieassociative.be\/actualites\/paasch-sur-le-theme-deyneburg-preserve-le-memorial-remarquable-de-la-decomposition-finale\/\" \/>\n<meta property=\"og:locale\" content=\"fr_FR\" \/>\n<meta property=\"og:type\" content=\"article\" \/>\n<meta property=\"og:title\" content=\"Paasch sur le th\u00e8me d&#039;Eyneburg: &quot;Preserve le m\u00e9morial remarquable de la d\u00e9composition finale&quot; | Vie Associative\" \/>\n<meta property=\"og:description\" content=\"L&rsquo;achat de l&rsquo;Eyneburg \u00e0 Hergenrath par la DG continue de s&rsquo;assurer explosif. Lundi, le Premier ministre Oliver Paasch (ProDG) a confirm\u00e9 \u00e0 une question du\" \/>\n<meta property=\"og:url\" content=\"https:\/\/vieassociative.be\/actualites\/paasch-sur-le-theme-deyneburg-preserve-le-memorial-remarquable-de-la-decomposition-finale\/\" \/>\n<meta property=\"og:site_name\" content=\"Vie Associative\" \/>\n<meta property=\"article:published_time\" content=\"2025-10-07T14:17:04+00:00\" \/>\n<meta property=\"og:image\" content=\"https:\/\/vieassociative.be\/actualites\/wp-content\/uploads\/2024\/09\/header_backgroundk-01-e1726694325946.png\" \/>\n\t<meta property=\"og:image:width\" content=\"279\" \/>\n\t<meta property=\"og:image:height\" content=\"92\" \/>\n\t<meta property=\"og:image:type\" content=\"image\/png\" \/>\n<meta name=\"author\" content=\"Julien\" \/>\n<meta name=\"twitter:card\" content=\"summary_large_image\" \/>\n<meta name=\"twitter:label1\" content=\"\u00c9crit par\" \/>\n\t<meta name=\"twitter:data1\" content=\"Julien\" \/>\n\t<meta name=\"twitter:label2\" content=\"Dur\u00e9e de lecture est.\" \/>\n\t<meta name=\"twitter:data2\" content=\"2 minutes\" \/>\n<script type=\"application\/ld+json\" class=\"yoast-schema-graph\">{\"@context\":\"https:\/\/schema.org\",\"@graph\":[{\"@type\":\"Article\",\"@id\":\"https:\/\/vieassociative.be\/actualites\/paasch-sur-le-theme-deyneburg-preserve-le-memorial-remarquable-de-la-decomposition-finale\/#article\",\"isPartOf\":{\"@id\":\"https:\/\/vieassociative.be\/actualites\/paasch-sur-le-theme-deyneburg-preserve-le-memorial-remarquable-de-la-decomposition-finale\/\"},\"author\":{\"name\":\"Julien\",\"@id\":\"https:\/\/vieassociative.be\/actualites\/#\/schema\/person\/b87ac4f82f9d4e7b7cec7395b679edc4\"},\"headline\":\"Paasch sur le th\u00e8me d&rsquo;Eyneburg: \u00ab\u00a0Preserve le m\u00e9morial remarquable de la d\u00e9composition finale\u00a0\u00bb\",\"datePublished\":\"2025-10-07T14:17:04+00:00\",\"dateModified\":\"2025-10-07T14:17:04+00:00\",\"mainEntityOfPage\":{\"@id\":\"https:\/\/vieassociative.be\/actualites\/paasch-sur-le-theme-deyneburg-preserve-le-memorial-remarquable-de-la-decomposition-finale\/\"},\"wordCount\":468,\"publisher\":{\"@id\":\"https:\/\/vieassociative.be\/actualites\/#organization\"},\"image\":{\"@id\":\"https:\/\/vieassociative.be\/actualites\/paasch-sur-le-theme-deyneburg-preserve-le-memorial-remarquable-de-la-decomposition-finale\/#primaryimage\"},\"thumbnailUrl\":\"https:\/\/vieassociative.be\/actualites\/wp-content\/uploads\/2025\/10\/1759846626_Paasch-sur-le-theme-dEyneburg-Preserve-le-memorial-remarquable-de.jpg\",\"keywords\":[\"d\u00e9composition\",\"dEyneburg\",\"finale\",\"Memorial\",\"Paasch\",\"Preserve\",\"remarquable\",\"sur\",\"th\u00e8me\"],\"articleSection\":[\"Belgique\"],\"inLanguage\":\"fr-BE\"},{\"@type\":\"WebPage\",\"@id\":\"https:\/\/vieassociative.be\/actualites\/paasch-sur-le-theme-deyneburg-preserve-le-memorial-remarquable-de-la-decomposition-finale\/\",\"url\":\"https:\/\/vieassociative.be\/actualites\/paasch-sur-le-theme-deyneburg-preserve-le-memorial-remarquable-de-la-decomposition-finale\/\",\"name\":\"Paasch sur le th\u00e8me d'Eyneburg: \\\"Preserve le m\u00e9morial remarquable de la d\u00e9composition finale\\\" | Vie Associative\",\"isPartOf\":{\"@id\":\"https:\/\/vieassociative.be\/actualites\/#website\"},\"primaryImageOfPage\":{\"@id\":\"https:\/\/vieassociative.be\/actualites\/paasch-sur-le-theme-deyneburg-preserve-le-memorial-remarquable-de-la-decomposition-finale\/#primaryimage\"},\"image\":{\"@id\":\"https:\/\/vieassociative.be\/actualites\/paasch-sur-le-theme-deyneburg-preserve-le-memorial-remarquable-de-la-decomposition-finale\/#primaryimage\"},\"thumbnailUrl\":\"https:\/\/vieassociative.be\/actualites\/wp-content\/uploads\/2025\/10\/1759846626_Paasch-sur-le-theme-dEyneburg-Preserve-le-memorial-remarquable-de.jpg\",\"datePublished\":\"2025-10-07T14:17:04+00:00\",\"dateModified\":\"2025-10-07T14:17:04+00:00\",\"breadcrumb\":{\"@id\":\"https:\/\/vieassociative.be\/actualites\/paasch-sur-le-theme-deyneburg-preserve-le-memorial-remarquable-de-la-decomposition-finale\/#breadcrumb\"},\"inLanguage\":\"fr-BE\",\"potentialAction\":[{\"@type\":\"ReadAction\",\"target\":[\"https:\/\/vieassociative.be\/actualites\/paasch-sur-le-theme-deyneburg-preserve-le-memorial-remarquable-de-la-decomposition-finale\/\"]}]},{\"@type\":\"ImageObject\",\"inLanguage\":\"fr-BE\",\"@id\":\"https:\/\/vieassociative.be\/actualites\/paasch-sur-le-theme-deyneburg-preserve-le-memorial-remarquable-de-la-decomposition-finale\/#primaryimage\",\"url\":\"https:\/\/vieassociative.be\/actualites\/wp-content\/uploads\/2025\/10\/1759846626_Paasch-sur-le-theme-dEyneburg-Preserve-le-memorial-remarquable-de.jpg\",\"contentUrl\":\"https:\/\/vieassociative.be\/actualites\/wp-content\/uploads\/2025\/10\/1759846626_Paasch-sur-le-theme-dEyneburg-Preserve-le-memorial-remarquable-de.jpg\",\"width\":1200,\"height\":900,\"caption\":\"Paasch sur le th\u00e8me d'Eyneburg: \\\"Preserve le m\u00e9morial remarquable de la d\u00e9composition finale\\\"\"},{\"@type\":\"BreadcrumbList\",\"@id\":\"https:\/\/vieassociative.be\/actualites\/paasch-sur-le-theme-deyneburg-preserve-le-memorial-remarquable-de-la-decomposition-finale\/#breadcrumb\",\"itemListElement\":[{\"@type\":\"ListItem\",\"position\":1,\"name\":\"Accueil\",\"item\":\"https:\/\/vieassociative.be\/actualites\/\"},{\"@type\":\"ListItem\",\"position\":2,\"name\":\"Paasch sur le th\u00e8me d&rsquo;Eyneburg: \u00ab\u00a0Preserve le m\u00e9morial remarquable de la d\u00e9composition finale\u00a0\u00bb\"}]},{\"@type\":\"WebSite\",\"@id\":\"https:\/\/vieassociative.be\/actualites\/#website\",\"url\":\"https:\/\/vieassociative.be\/actualites\/\",\"name\":\"Vie Associative\",\"description\":\"\",\"publisher\":{\"@id\":\"https:\/\/vieassociative.be\/actualites\/#organization\"},\"potentialAction\":[{\"@type\":\"SearchAction\",\"target\":{\"@type\":\"EntryPoint\",\"urlTemplate\":\"https:\/\/vieassociative.be\/actualites\/?s={search_term_string}\"},\"query-input\":{\"@type\":\"PropertyValueSpecification\",\"valueRequired\":true,\"valueName\":\"search_term_string\"}}],\"inLanguage\":\"fr-BE\"},{\"@type\":\"Organization\",\"@id\":\"https:\/\/vieassociative.be\/actualites\/#organization\",\"name\":\"Vie Associative\",\"url\":\"https:\/\/vieassociative.be\/actualites\/\",\"logo\":{\"@type\":\"ImageObject\",\"inLanguage\":\"fr-BE\",\"@id\":\"https:\/\/vieassociative.be\/actualites\/#\/schema\/logo\/image\/\",\"url\":\"https:\/\/vieassociative.be\/actualites\/wp-content\/uploads\/2024\/09\/cropped-vieassociative_favicon.ico.png\",\"contentUrl\":\"https:\/\/vieassociative.be\/actualites\/wp-content\/uploads\/2024\/09\/cropped-vieassociative_favicon.ico.png\",\"width\":512,\"height\":512,\"caption\":\"Vie Associative\"},\"image\":{\"@id\":\"https:\/\/vieassociative.be\/actualites\/#\/schema\/logo\/image\/\"}},{\"@type\":\"Person\",\"@id\":\"https:\/\/vieassociative.be\/actualites\/#\/schema\/person\/b87ac4f82f9d4e7b7cec7395b679edc4\",\"name\":\"Julien\",\"image\":{\"@type\":\"ImageObject\",\"inLanguage\":\"fr-BE\",\"@id\":\"https:\/\/vieassociative.be\/actualites\/#\/schema\/person\/image\/\",\"url\":\"https:\/\/vieassociative.be\/actualites\/wp-content\/uploads\/2024\/09\/vie-associative-1-150x150.jpg\",\"contentUrl\":\"https:\/\/vieassociative.be\/actualites\/wp-content\/uploads\/2024\/09\/vie-associative-1-150x150.jpg\",\"caption\":\"Julien\"},\"description\":\"Je suis Julien, r\u00e9dacteur pour Vie Associative. Passionn\u00e9 par le monde associatif depuis plus de 10 ans, j'ai \u00e0 c\u0153ur de partager des histoires inspirantes et de mettre en lumi\u00e8re les initiatives locales. Mon objectif est de sensibiliser et d'encourager l'engagement communautaire \u00e0 travers mes articles.\",\"sameAs\":[\"https:\/\/vieassociative.be\/\"]}]}<\/script>\n<!-- \/ Yoast SEO plugin. -->","yoast_head_json":{"title":"Paasch sur le th\u00e8me d'Eyneburg: \"Preserve le m\u00e9morial remarquable de la d\u00e9composition finale\" | Vie Associative","robots":{"index":"index","follow":"follow","max-snippet":"max-snippet:-1","max-image-preview":"max-image-preview:large","max-video-preview":"max-video-preview:-1"},"canonical":"https:\/\/vieassociative.be\/actualites\/paasch-sur-le-theme-deyneburg-preserve-le-memorial-remarquable-de-la-decomposition-finale\/","og_locale":"fr_FR","og_type":"article","og_title":"Paasch sur le th\u00e8me d'Eyneburg: \"Preserve le m\u00e9morial remarquable de la d\u00e9composition finale\" | Vie Associative","og_description":"L&rsquo;achat de l&rsquo;Eyneburg \u00e0 Hergenrath par la DG continue de s&rsquo;assurer explosif. Lundi, le Premier ministre Oliver Paasch (ProDG) a confirm\u00e9 \u00e0 une question du","og_url":"https:\/\/vieassociative.be\/actualites\/paasch-sur-le-theme-deyneburg-preserve-le-memorial-remarquable-de-la-decomposition-finale\/","og_site_name":"Vie Associative","article_published_time":"2025-10-07T14:17:04+00:00","og_image":[{"width":279,"height":92,"url":"https:\/\/vieassociative.be\/actualites\/wp-content\/uploads\/2024\/09\/header_backgroundk-01-e1726694325946.png","type":"image\/png"}],"author":"Julien","twitter_card":"summary_large_image","twitter_misc":{"\u00c9crit par":"Julien","Dur\u00e9e de lecture est.":"2 minutes"},"schema":{"@context":"https:\/\/schema.org","@graph":[{"@type":"Article","@id":"https:\/\/vieassociative.be\/actualites\/paasch-sur-le-theme-deyneburg-preserve-le-memorial-remarquable-de-la-decomposition-finale\/#article","isPartOf":{"@id":"https:\/\/vieassociative.be\/actualites\/paasch-sur-le-theme-deyneburg-preserve-le-memorial-remarquable-de-la-decomposition-finale\/"},"author":{"name":"Julien","@id":"https:\/\/vieassociative.be\/actualites\/#\/schema\/person\/b87ac4f82f9d4e7b7cec7395b679edc4"},"headline":"Paasch sur le th\u00e8me d&rsquo;Eyneburg: \u00ab\u00a0Preserve le m\u00e9morial remarquable de la d\u00e9composition finale\u00a0\u00bb","datePublished":"2025-10-07T14:17:04+00:00","dateModified":"2025-10-07T14:17:04+00:00","mainEntityOfPage":{"@id":"https:\/\/vieassociative.be\/actualites\/paasch-sur-le-theme-deyneburg-preserve-le-memorial-remarquable-de-la-decomposition-finale\/"},"wordCount":468,"publisher":{"@id":"https:\/\/vieassociative.be\/actualites\/#organization"},"image":{"@id":"https:\/\/vieassociative.be\/actualites\/paasch-sur-le-theme-deyneburg-preserve-le-memorial-remarquable-de-la-decomposition-finale\/#primaryimage"},"thumbnailUrl":"https:\/\/vieassociative.be\/actualites\/wp-content\/uploads\/2025\/10\/1759846626_Paasch-sur-le-theme-dEyneburg-Preserve-le-memorial-remarquable-de.jpg","keywords":["d\u00e9composition","dEyneburg","finale","Memorial","Paasch","Preserve","remarquable","sur","th\u00e8me"],"articleSection":["Belgique"],"inLanguage":"fr-BE"},{"@type":"WebPage","@id":"https:\/\/vieassociative.be\/actualites\/paasch-sur-le-theme-deyneburg-preserve-le-memorial-remarquable-de-la-decomposition-finale\/","url":"https:\/\/vieassociative.be\/actualites\/paasch-sur-le-theme-deyneburg-preserve-le-memorial-remarquable-de-la-decomposition-finale\/","name":"Paasch sur le th\u00e8me d'Eyneburg: \"Preserve le m\u00e9morial remarquable de la d\u00e9composition finale\" | Vie Associative","isPartOf":{"@id":"https:\/\/vieassociative.be\/actualites\/#website"},"primaryImageOfPage":{"@id":"https:\/\/vieassociative.be\/actualites\/paasch-sur-le-theme-deyneburg-preserve-le-memorial-remarquable-de-la-decomposition-finale\/#primaryimage"},"image":{"@id":"https:\/\/vieassociative.be\/actualites\/paasch-sur-le-theme-deyneburg-preserve-le-memorial-remarquable-de-la-decomposition-finale\/#primaryimage"},"thumbnailUrl":"https:\/\/vieassociative.be\/actualites\/wp-content\/uploads\/2025\/10\/1759846626_Paasch-sur-le-theme-dEyneburg-Preserve-le-memorial-remarquable-de.jpg","datePublished":"2025-10-07T14:17:04+00:00","dateModified":"2025-10-07T14:17:04+00:00","breadcrumb":{"@id":"https:\/\/vieassociative.be\/actualites\/paasch-sur-le-theme-deyneburg-preserve-le-memorial-remarquable-de-la-decomposition-finale\/#breadcrumb"},"inLanguage":"fr-BE","potentialAction":[{"@type":"ReadAction","target":["https:\/\/vieassociative.be\/actualites\/paasch-sur-le-theme-deyneburg-preserve-le-memorial-remarquable-de-la-decomposition-finale\/"]}]},{"@type":"ImageObject","inLanguage":"fr-BE","@id":"https:\/\/vieassociative.be\/actualites\/paasch-sur-le-theme-deyneburg-preserve-le-memorial-remarquable-de-la-decomposition-finale\/#primaryimage","url":"https:\/\/vieassociative.be\/actualites\/wp-content\/uploads\/2025\/10\/1759846626_Paasch-sur-le-theme-dEyneburg-Preserve-le-memorial-remarquable-de.jpg","contentUrl":"https:\/\/vieassociative.be\/actualites\/wp-content\/uploads\/2025\/10\/1759846626_Paasch-sur-le-theme-dEyneburg-Preserve-le-memorial-remarquable-de.jpg","width":1200,"height":900,"caption":"Paasch sur le th\u00e8me d'Eyneburg: \"Preserve le m\u00e9morial remarquable de la d\u00e9composition finale\""},{"@type":"BreadcrumbList","@id":"https:\/\/vieassociative.be\/actualites\/paasch-sur-le-theme-deyneburg-preserve-le-memorial-remarquable-de-la-decomposition-finale\/#breadcrumb","itemListElement":[{"@type":"ListItem","position":1,"name":"Accueil","item":"https:\/\/vieassociative.be\/actualites\/"},{"@type":"ListItem","position":2,"name":"Paasch sur le th\u00e8me d&rsquo;Eyneburg: \u00ab\u00a0Preserve le m\u00e9morial remarquable de la d\u00e9composition finale\u00a0\u00bb"}]},{"@type":"WebSite","@id":"https:\/\/vieassociative.be\/actualites\/#website","url":"https:\/\/vieassociative.be\/actualites\/","name":"Vie Associative","description":"","publisher":{"@id":"https:\/\/vieassociative.be\/actualites\/#organization"},"potentialAction":[{"@type":"SearchAction","target":{"@type":"EntryPoint","urlTemplate":"https:\/\/vieassociative.be\/actualites\/?s={search_term_string}"},"query-input":{"@type":"PropertyValueSpecification","valueRequired":true,"valueName":"search_term_string"}}],"inLanguage":"fr-BE"},{"@type":"Organization","@id":"https:\/\/vieassociative.be\/actualites\/#organization","name":"Vie Associative","url":"https:\/\/vieassociative.be\/actualites\/","logo":{"@type":"ImageObject","inLanguage":"fr-BE","@id":"https:\/\/vieassociative.be\/actualites\/#\/schema\/logo\/image\/","url":"https:\/\/vieassociative.be\/actualites\/wp-content\/uploads\/2024\/09\/cropped-vieassociative_favicon.ico.png","contentUrl":"https:\/\/vieassociative.be\/actualites\/wp-content\/uploads\/2024\/09\/cropped-vieassociative_favicon.ico.png","width":512,"height":512,"caption":"Vie Associative"},"image":{"@id":"https:\/\/vieassociative.be\/actualites\/#\/schema\/logo\/image\/"}},{"@type":"Person","@id":"https:\/\/vieassociative.be\/actualites\/#\/schema\/person\/b87ac4f82f9d4e7b7cec7395b679edc4","name":"Julien","image":{"@type":"ImageObject","inLanguage":"fr-BE","@id":"https:\/\/vieassociative.be\/actualites\/#\/schema\/person\/image\/","url":"https:\/\/vieassociative.be\/actualites\/wp-content\/uploads\/2024\/09\/vie-associative-1-150x150.jpg","contentUrl":"https:\/\/vieassociative.be\/actualites\/wp-content\/uploads\/2024\/09\/vie-associative-1-150x150.jpg","caption":"Julien"},"description":"Je suis Julien, r\u00e9dacteur pour Vie Associative. Passionn\u00e9 par le monde associatif depuis plus de 10 ans, j'ai \u00e0 c\u0153ur de partager des histoires inspirantes et de mettre en lumi\u00e8re les initiatives locales. Mon objectif est de sensibiliser et d'encourager l'engagement communautaire \u00e0 travers mes articles.","sameAs":["https:\/\/vieassociative.be\/"]}]}},"_links":{"self":[{"href":"https:\/\/vieassociative.be\/actualites\/wp-json\/wp\/v2\/posts\/10500"}],"collection":[{"href":"https:\/\/vieassociative.be\/actualites\/wp-json\/wp\/v2\/posts"}],"about":[{"href":"https:\/\/vieassociative.be\/actualites\/wp-json\/wp\/v2\/types\/post"}],"author":[{"embeddable":true,"href":"https:\/\/vieassociative.be\/actualites\/wp-json\/wp\/v2\/users\/1"}],"replies":[{"embeddable":true,"href":"https:\/\/vieassociative.be\/actualites\/wp-json\/wp\/v2\/comments?post=10500"}],"version-history":[{"count":0,"href":"https:\/\/vieassociative.be\/actualites\/wp-json\/wp\/v2\/posts\/10500\/revisions"}],"wp:featuredmedia":[{"embeddable":true,"href":"https:\/\/vieassociative.be\/actualites\/wp-json\/wp\/v2\/media\/10501"}],"wp:attachment":[{"href":"https:\/\/vieassociative.be\/actualites\/wp-json\/wp\/v2\/media?parent=10500"}],"wp:term":[{"taxonomy":"category","embeddable":true,"href":"https:\/\/vieassociative.be\/actualites\/wp-json\/wp\/v2\/categories?post=10500"},{"taxonomy":"post_tag","embeddable":true,"href":"https:\/\/vieassociative.be\/actualites\/wp-json\/wp\/v2\/tags?post=10500"}],"curies":[{"name":"wp","href":"https:\/\/api.w.org\/{rel}","templated":true}]}}