{"id":105,"date":"2024-09-19T12:37:14","date_gmt":"2024-09-19T10:37:14","guid":{"rendered":"https:\/\/vieassociative.be\/actualites\/linkedin-utilise-vos-donnees-pour-former-lia-mais-vous-pouvez-larreter\/"},"modified":"2024-09-19T12:37:14","modified_gmt":"2024-09-19T10:37:14","slug":"linkedin-utilise-vos-donnees-pour-former-lia-mais-vous-pouvez-larreter","status":"publish","type":"post","link":"https:\/\/vieassociative.be\/actualites\/linkedin-utilise-vos-donnees-pour-former-lia-mais-vous-pouvez-larreter\/","title":{"rendered":"LinkedIn utilise vos donn\u00e9es pour former l&rsquo;IA (mais vous pouvez l&rsquo;arr\u00eater)"},"content":{"rendered":"<div class=\"mt-4 leading-6 md:mb-8\">Il n\u2019a m\u00eame pas demand\u00e9 la permission au pr\u00e9alable.<\/div>\n<p><\/p>\n<p>Les mod\u00e8les d\u2019IA g\u00e9n\u00e9rative ne naissent pas de nulle part. En un sens, ces syst\u00e8mes sont construits pi\u00e8ce par pi\u00e8ce \u00e0 l\u2019aide d\u2019\u00e9normes quantit\u00e9s de donn\u00e9es d\u2019entra\u00eenement et ont toujours besoin de plus d\u2019informations pour continuer \u00e0 s\u2019am\u00e9liorer. Alors que la course \u00e0 l\u2019IA s\u2019intensifie, les entreprises font tout ce qu\u2019elles peuvent pour alimenter leurs mod\u00e8les avec plus de donn\u00e9es, et beaucoup d\u2019entre elles utilisent<em> notre<\/em> donn\u00e9es pour le faire, parfois sans demander notre permission explicite au pr\u00e9alable. <\/p>\n<p>LinkedIn est le dernier \u00e0 avoir commis cette pratique : il semble que la plateforme de m\u00e9dias sociaux \u00ab pr\u00e9f\u00e9r\u00e9e \u00bb de tous, ax\u00e9e sur la carri\u00e8re, ait utilis\u00e9 nos donn\u00e9es pour former ses mod\u00e8les d&rsquo;IA sans demander la permission ni divulguer cette pratique au pr\u00e9alable. Joseph Cox de 404Media a initialement rapport\u00e9 l&rsquo;histoire, mais vous n&rsquo;avez pas besoin d&rsquo;\u00eatre journaliste pour enqu\u00eater par vous-m\u00eame. <\/p>\n<blockquote class=\"twitterEmbed twitter-tweet\"><p>\n<a rel=\"nofollow noopener\" class=\"text-gray-600\" href=\"https:\/\/twitter.com\/josephfcox\/status\/1836405173196894322\" title=\"open in a new window\" target=\"_blank\"><\/p>\n<p>Ce Tweet est actuellement indisponible. Il est peut-\u00eatre en cours de chargement ou a \u00e9t\u00e9 supprim\u00e9.<br \/>\n<\/a>\n<\/p><\/blockquote>\n<p>Rendez-vous simplement sur LinkedIn, cliquez sur votre profil et acc\u00e9dez \u00e0 <strong>Param\u00e8tres et confidentialit\u00e9 > Confidentialit\u00e9 des donn\u00e9es<\/strong>. Ici, vous remarquerez un champ int\u00e9ressant\u00a0: <strong>Donn\u00e9es pour l&rsquo;am\u00e9lioration de l&rsquo;IA g\u00e9n\u00e9rative<\/strong>. Ce param\u00e8tre demande : \u00ab LinkedIn et ses soci\u00e9t\u00e9s affili\u00e9es peuvent-elles utiliser vos donn\u00e9es personnelles et le contenu que vous cr\u00e9ez sur LinkedIn pour former des mod\u00e8les d&rsquo;IA g\u00e9n\u00e9ratifs qui cr\u00e9ent du contenu ? \u00bb Oh, qu&rsquo;est-ce que c&rsquo;est ? Il est r\u00e9gl\u00e9 sur <strong>Activ\u00e9 par d\u00e9faut<\/strong>? Merci d&rsquo;avoir demand\u00e9, LinkedIn.<\/p>\n<h2 id=\"what-is-linkedin-using-your-data-for\">\u00c0 quoi servent vos donn\u00e9es sur LinkedIn ?<\/h2>\n<p>Si vous cliquez sur le <strong>Apprendre encore plus<\/strong> lien, vous verrez l&rsquo;explication de LinkedIn sur ce qu&rsquo;il fait avec vos donn\u00e9es. Lorsque cette option est activ\u00e9e, vos donn\u00e9es de profil et le contenu de vos publications peuvent \u00eatre utilis\u00e9s pour former ou \u00ab\u00a0affiner\u00a0\u00bb les mod\u00e8les d&rsquo;IA g\u00e9n\u00e9ratifs de LinkedIn <em>et<\/em> ses filiales. Qui sont ces filiales ? Eh bien, LinkedIn dit que certains de leurs mod\u00e8les sont fournis par Azure OpenAI de Microsoft, mais ils n&rsquo;en disent pas plus, autant que je sache.<\/p>\n<p>L&rsquo;entreprise souligne dans cette explication que seuls les mod\u00e8les d&rsquo;IA form\u00e9s pour g\u00e9n\u00e9rer du contenu, comme son assistant d&rsquo;\u00e9criture bas\u00e9 sur l&rsquo;IA, utilisent vos donn\u00e9es, plut\u00f4t que les mod\u00e8les d&rsquo;IA charg\u00e9s de personnaliser LinkedIn par utilisateur, ou ceux utilis\u00e9s pour la s\u00e9curit\u00e9. Elle affirme \u00e9galement qu&rsquo;elle vise \u00e0 \u00ab minimiser \u00bb les donn\u00e9es personnelles utilis\u00e9es pour les ensembles de formation, notamment en utilisant des \u00ab technologies am\u00e9liorant la confidentialit\u00e9 \u00bb pour masquer ou supprimer les donn\u00e9es personnelles de ces bases de donn\u00e9es, mais ne pr\u00e9cise pas comment elle le fait ni dans quelle mesure. Cela dit, elle propose un formulaire permettant de refuser l&rsquo;utilisation de vos donn\u00e9es pour des \u00ab mod\u00e8les GAI non g\u00e9n\u00e9rateurs de contenu \u00bb. Alors, de quoi s&rsquo;agit-il, LinkedIn ?<\/p>\n<p>Il est int\u00e9ressant de noter qu&rsquo;Adobe a adopt\u00e9 l&rsquo;approche oppos\u00e9e lorsque des utilisateurs se sont plaints de sa politique d&rsquo;acc\u00e8s au travail des utilisateurs pour former des mod\u00e8les d&rsquo;IA : ils ont insist\u00e9 sur le fait que les donn\u00e9es des utilisateurs n&rsquo;\u00e9taient pas utilis\u00e9es pour des mod\u00e8les d&rsquo;IA g\u00e9n\u00e9ratifs, mais pour d&rsquo;autres types de mod\u00e8les d&rsquo;IA. Quoi qu&rsquo;il en soit, ces entreprises ne semblent pas comprendre que les gens pr\u00e9f\u00e9reraient que leurs donn\u00e9es soient omises <em>tous <\/em>Ensembles d&rsquo;entra\u00eenement de l&rsquo;IA, en particulier lorsqu&rsquo;on ne leur a pas pos\u00e9 la question en premier lieu. <\/p>\n<p>LinkedIn affirme conserver vos donn\u00e9es aussi longtemps que vous : si vous supprimez vos donn\u00e9es de LinkedIn, soit en supprimant une publication, soit via l&rsquo;outil d&rsquo;acc\u00e8s aux donn\u00e9es de LinkedIn, l&rsquo;entreprise les supprimera de son c\u00f4t\u00e9 et cessera ainsi de les utiliser pour entra\u00eener l&rsquo;IA. L&rsquo;entreprise pr\u00e9cise \u00e9galement qu&rsquo;elle n&rsquo;utilise pas les donn\u00e9es des utilisateurs de l&rsquo;UE, de l&rsquo;EEE ou de la Suisse. <\/p>\n<p>\u00c0 mon avis, cette pratique est ridicule. Je pense qu&rsquo;il est inadmissible de permettre \u00e0 vos utilisateurs de former des mod\u00e8les d&rsquo;IA avec leurs donn\u00e9es sans leur pr\u00e9senter cette option au pr\u00e9alable, avant m\u00eame de mettre \u00e0 jour les conditions d&rsquo;utilisation. Je me fiche que des lois faibles sur la confidentialit\u00e9 des donn\u00e9es permettent \u00e0 des entreprises comme LinkedIn de stocker tout ce que nous publions ou t\u00e9l\u00e9chargeons sur leurs plateformes : si vous souhaitez utiliser la publication de quelqu&rsquo;un pour am\u00e9liorer votre robot d&rsquo;\u00e9criture, demandez-lui d&rsquo;abord.<\/p>\n<p>J&rsquo;ai contact\u00e9 LinkedIn, notamment pour lui demander des pr\u00e9cisions sur certaines incoh\u00e9rences dans sa politique et pour savoir depuis combien de temps ce processus est en cours. L&rsquo;entreprise a r\u00e9pondu \u00e0 mes demandes en envoyant un lien vers une page d\u00e9crivant les mises \u00e0 jour de son contrat d&rsquo;utilisation et de sa politique de confidentialit\u00e9, mais le premier ne semble pas \u00eatre mis \u00e0 jour pour le moment. LinkedIn indique que les changements suppos\u00e9s entreront en vigueur le 20 novembre, mais le contrat d&rsquo;utilisation actuel date de 2022. De plus, les articles d&rsquo;assistance auxquels j&rsquo;ai fait r\u00e9f\u00e9rence dans cet article ont \u00e9t\u00e9 mis \u00e0 jour il y a sept jours au moment de la r\u00e9daction.<\/p>\n<h2 id=\"how-to-opt-out-of-linkedins-ai-training\">Comment se d\u00e9sinscrire de la formation IA de LinkedIn <\/h2>\n<p>Pour continuer \u00e0 utiliser LinkedIn sans transmettre vos donn\u00e9es pour la formation de ses mod\u00e8les d&rsquo;IA, revenez \u00e0 <strong>Param\u00e8tres et confidentialit\u00e9 > Confidentialit\u00e9 des donn\u00e9es > Donn\u00e9es pour l&rsquo;am\u00e9lioration de l&rsquo;IA g\u00e9n\u00e9rative<\/strong>. Ici, vous pouvez cliquer sur le bouton bascule pour <strong>D\u00e9sactiv\u00e9<\/strong> pour vous d\u00e9sinscrire. Vous pouvez \u00e9galement utiliser ce formulaire pour \u00ab vous opposer ou demander la restriction du \u00bb traitement de vos donn\u00e9es pour les \u00ab mod\u00e8les GAI non g\u00e9n\u00e9rateurs de contenu \u00bb.<\/p>\n<p>Ce n&rsquo;est pas r\u00e9troactif : toute formation d\u00e9j\u00e0 effectu\u00e9e ne peut pas \u00eatre annul\u00e9e, donc LinkedIn ne supprimera pas les effets de la formation de vos donn\u00e9es \u00e0 partir de ses mod\u00e8les. <\/p>\n<p>Lorsque vous vous d\u00e9sinscrivez, vos donn\u00e9es peuvent toujours \u00eatre utilis\u00e9es \u00e0 des fins <em>traitement<\/em> L&rsquo;IA, mais seulement lorsque vous interagissez avec les mod\u00e8les d&rsquo;IA : LinkedIn affirme pouvoir utiliser vos entr\u00e9es pour traiter votre demande et inclure toutes les donn\u00e9es de cette entr\u00e9e dans la sortie de l&rsquo;IA, mais c&rsquo;est ainsi que fonctionnent les mod\u00e8les d&rsquo;IA. Si LinkedIn ne pouvait pas acc\u00e9der \u00e0 ces donn\u00e9es apr\u00e8s votre d\u00e9sinscription, le mod\u00e8le serait en grande partie inutile.<\/p>\n<p><script async src=\"https:\/\/platform.twitter.com\/widgets.js\" charset=\"utf-8\"><\/script><\/p>\n","protected":false},"excerpt":{"rendered":"<p>Il n\u2019a m\u00eame pas demand\u00e9 la permission au pr\u00e9alable. Les mod\u00e8les d\u2019IA g\u00e9n\u00e9rative ne naissent pas de nulle part. En un sens, ces syst\u00e8mes sont<\/p>\n","protected":false},"author":1,"featured_media":106,"comment_status":"","ping_status":"","sticky":false,"template":"","format":"standard","meta":{"footnotes":""},"categories":[13],"tags":[154,157,155,152,156,81,5,153,27,4],"class_list":["post-105","post","type-post","status-publish","format-standard","has-post-thumbnail","hentry","category-technologie","tag-donnees","tag-larreter","tag-lia","tag-linkedin","tag-mais","tag-pour","tag-pouvez","tag-utilise","tag-vos","tag-vous","generate-columns","tablet-grid-50","mobile-grid-100","grid-parent","grid-33"],"yoast_head":"<!-- This site is optimized with the Yoast SEO plugin v24.0 - https:\/\/yoast.com\/wordpress\/plugins\/seo\/ -->\n<title>LinkedIn utilise vos donn\u00e9es pour former l&#039;IA (mais vous pouvez l&#039;arr\u00eater) | Vie Associative<\/title>\n<meta name=\"robots\" content=\"index, follow, max-snippet:-1, max-image-preview:large, max-video-preview:-1\" \/>\n<link rel=\"canonical\" href=\"https:\/\/vieassociative.be\/actualites\/linkedin-utilise-vos-donnees-pour-former-lia-mais-vous-pouvez-larreter\/\" \/>\n<meta property=\"og:locale\" content=\"fr_FR\" \/>\n<meta property=\"og:type\" content=\"article\" \/>\n<meta property=\"og:title\" content=\"LinkedIn utilise vos donn\u00e9es pour former l&#039;IA (mais vous pouvez l&#039;arr\u00eater) | Vie Associative\" \/>\n<meta property=\"og:description\" content=\"Il n\u2019a m\u00eame pas demand\u00e9 la permission au pr\u00e9alable. Les mod\u00e8les d\u2019IA g\u00e9n\u00e9rative ne naissent pas de nulle part. En un sens, ces syst\u00e8mes sont\" \/>\n<meta property=\"og:url\" content=\"https:\/\/vieassociative.be\/actualites\/linkedin-utilise-vos-donnees-pour-former-lia-mais-vous-pouvez-larreter\/\" \/>\n<meta property=\"og:site_name\" content=\"Vie Associative\" \/>\n<meta property=\"article:published_time\" content=\"2024-09-19T10:37:14+00:00\" \/>\n<meta property=\"og:image\" content=\"https:\/\/vieassociative.be\/actualites\/wp-content\/uploads\/2024\/09\/header_backgroundk-01-e1726694325946.png\" \/>\n\t<meta property=\"og:image:width\" content=\"279\" \/>\n\t<meta property=\"og:image:height\" content=\"92\" \/>\n\t<meta property=\"og:image:type\" content=\"image\/png\" \/>\n<meta name=\"author\" content=\"Julien\" \/>\n<meta name=\"twitter:card\" content=\"summary_large_image\" \/>\n<meta name=\"twitter:label1\" content=\"\u00c9crit par\" \/>\n\t<meta name=\"twitter:data1\" content=\"Julien\" \/>\n\t<meta name=\"twitter:label2\" content=\"Dur\u00e9e de lecture est.\" \/>\n\t<meta name=\"twitter:data2\" content=\"6 minutes\" \/>\n<script type=\"application\/ld+json\" class=\"yoast-schema-graph\">{\"@context\":\"https:\/\/schema.org\",\"@graph\":[{\"@type\":\"Article\",\"@id\":\"https:\/\/vieassociative.be\/actualites\/linkedin-utilise-vos-donnees-pour-former-lia-mais-vous-pouvez-larreter\/#article\",\"isPartOf\":{\"@id\":\"https:\/\/vieassociative.be\/actualites\/linkedin-utilise-vos-donnees-pour-former-lia-mais-vous-pouvez-larreter\/\"},\"author\":{\"name\":\"Julien\",\"@id\":\"https:\/\/vieassociative.be\/actualites\/#\/schema\/person\/b87ac4f82f9d4e7b7cec7395b679edc4\"},\"headline\":\"LinkedIn utilise vos donn\u00e9es pour former l&rsquo;IA (mais vous pouvez l&rsquo;arr\u00eater)\",\"datePublished\":\"2024-09-19T10:37:14+00:00\",\"dateModified\":\"2024-09-19T10:37:14+00:00\",\"mainEntityOfPage\":{\"@id\":\"https:\/\/vieassociative.be\/actualites\/linkedin-utilise-vos-donnees-pour-former-lia-mais-vous-pouvez-larreter\/\"},\"wordCount\":1201,\"publisher\":{\"@id\":\"https:\/\/vieassociative.be\/actualites\/#organization\"},\"image\":{\"@id\":\"https:\/\/vieassociative.be\/actualites\/linkedin-utilise-vos-donnees-pour-former-lia-mais-vous-pouvez-larreter\/#primaryimage\"},\"thumbnailUrl\":\"https:\/\/vieassociative.be\/actualites\/wp-content\/uploads\/2024\/09\/LinkedIn-utilise-vos-donnees-pour-former-lIA-mais-vous-pouvez.png\",\"keywords\":[\"donn\u00e9es\",\"larr\u00eater\",\"lIA\",\"LinkedIn\",\"mais\",\"pour\",\"pouvez\",\"utilise\",\"vos\",\"Vous\"],\"articleSection\":[\"Technologie\"],\"inLanguage\":\"fr-BE\"},{\"@type\":\"WebPage\",\"@id\":\"https:\/\/vieassociative.be\/actualites\/linkedin-utilise-vos-donnees-pour-former-lia-mais-vous-pouvez-larreter\/\",\"url\":\"https:\/\/vieassociative.be\/actualites\/linkedin-utilise-vos-donnees-pour-former-lia-mais-vous-pouvez-larreter\/\",\"name\":\"LinkedIn utilise vos donn\u00e9es pour former l'IA (mais vous pouvez l'arr\u00eater) | Vie Associative\",\"isPartOf\":{\"@id\":\"https:\/\/vieassociative.be\/actualites\/#website\"},\"primaryImageOfPage\":{\"@id\":\"https:\/\/vieassociative.be\/actualites\/linkedin-utilise-vos-donnees-pour-former-lia-mais-vous-pouvez-larreter\/#primaryimage\"},\"image\":{\"@id\":\"https:\/\/vieassociative.be\/actualites\/linkedin-utilise-vos-donnees-pour-former-lia-mais-vous-pouvez-larreter\/#primaryimage\"},\"thumbnailUrl\":\"https:\/\/vieassociative.be\/actualites\/wp-content\/uploads\/2024\/09\/LinkedIn-utilise-vos-donnees-pour-former-lIA-mais-vous-pouvez.png\",\"datePublished\":\"2024-09-19T10:37:14+00:00\",\"dateModified\":\"2024-09-19T10:37:14+00:00\",\"breadcrumb\":{\"@id\":\"https:\/\/vieassociative.be\/actualites\/linkedin-utilise-vos-donnees-pour-former-lia-mais-vous-pouvez-larreter\/#breadcrumb\"},\"inLanguage\":\"fr-BE\",\"potentialAction\":[{\"@type\":\"ReadAction\",\"target\":[\"https:\/\/vieassociative.be\/actualites\/linkedin-utilise-vos-donnees-pour-former-lia-mais-vous-pouvez-larreter\/\"]}]},{\"@type\":\"ImageObject\",\"inLanguage\":\"fr-BE\",\"@id\":\"https:\/\/vieassociative.be\/actualites\/linkedin-utilise-vos-donnees-pour-former-lia-mais-vous-pouvez-larreter\/#primaryimage\",\"url\":\"https:\/\/vieassociative.be\/actualites\/wp-content\/uploads\/2024\/09\/LinkedIn-utilise-vos-donnees-pour-former-lIA-mais-vous-pouvez.png\",\"contentUrl\":\"https:\/\/vieassociative.be\/actualites\/wp-content\/uploads\/2024\/09\/LinkedIn-utilise-vos-donnees-pour-former-lIA-mais-vous-pouvez.png\",\"width\":1200,\"height\":675,\"caption\":\"LinkedIn utilise vos donn\u00e9es pour former l'IA (mais vous pouvez l'arr\u00eater)\"},{\"@type\":\"BreadcrumbList\",\"@id\":\"https:\/\/vieassociative.be\/actualites\/linkedin-utilise-vos-donnees-pour-former-lia-mais-vous-pouvez-larreter\/#breadcrumb\",\"itemListElement\":[{\"@type\":\"ListItem\",\"position\":1,\"name\":\"Accueil\",\"item\":\"https:\/\/vieassociative.be\/actualites\/\"},{\"@type\":\"ListItem\",\"position\":2,\"name\":\"LinkedIn utilise vos donn\u00e9es pour former l&rsquo;IA (mais vous pouvez l&rsquo;arr\u00eater)\"}]},{\"@type\":\"WebSite\",\"@id\":\"https:\/\/vieassociative.be\/actualites\/#website\",\"url\":\"https:\/\/vieassociative.be\/actualites\/\",\"name\":\"Vie Associative\",\"description\":\"\",\"publisher\":{\"@id\":\"https:\/\/vieassociative.be\/actualites\/#organization\"},\"potentialAction\":[{\"@type\":\"SearchAction\",\"target\":{\"@type\":\"EntryPoint\",\"urlTemplate\":\"https:\/\/vieassociative.be\/actualites\/?s={search_term_string}\"},\"query-input\":{\"@type\":\"PropertyValueSpecification\",\"valueRequired\":true,\"valueName\":\"search_term_string\"}}],\"inLanguage\":\"fr-BE\"},{\"@type\":\"Organization\",\"@id\":\"https:\/\/vieassociative.be\/actualites\/#organization\",\"name\":\"Vie Associative\",\"url\":\"https:\/\/vieassociative.be\/actualites\/\",\"logo\":{\"@type\":\"ImageObject\",\"inLanguage\":\"fr-BE\",\"@id\":\"https:\/\/vieassociative.be\/actualites\/#\/schema\/logo\/image\/\",\"url\":\"https:\/\/vieassociative.be\/actualites\/wp-content\/uploads\/2024\/09\/cropped-vieassociative_favicon.ico.png\",\"contentUrl\":\"https:\/\/vieassociative.be\/actualites\/wp-content\/uploads\/2024\/09\/cropped-vieassociative_favicon.ico.png\",\"width\":512,\"height\":512,\"caption\":\"Vie Associative\"},\"image\":{\"@id\":\"https:\/\/vieassociative.be\/actualites\/#\/schema\/logo\/image\/\"}},{\"@type\":\"Person\",\"@id\":\"https:\/\/vieassociative.be\/actualites\/#\/schema\/person\/b87ac4f82f9d4e7b7cec7395b679edc4\",\"name\":\"Julien\",\"image\":{\"@type\":\"ImageObject\",\"inLanguage\":\"fr-BE\",\"@id\":\"https:\/\/vieassociative.be\/actualites\/#\/schema\/person\/image\/\",\"url\":\"https:\/\/vieassociative.be\/actualites\/wp-content\/uploads\/2024\/09\/vie-associative-1-150x150.jpg\",\"contentUrl\":\"https:\/\/vieassociative.be\/actualites\/wp-content\/uploads\/2024\/09\/vie-associative-1-150x150.jpg\",\"caption\":\"Julien\"},\"description\":\"Je suis Julien, r\u00e9dacteur pour Vie Associative. Passionn\u00e9 par le monde associatif depuis plus de 10 ans, j'ai \u00e0 c\u0153ur de partager des histoires inspirantes et de mettre en lumi\u00e8re les initiatives locales. Mon objectif est de sensibiliser et d'encourager l'engagement communautaire \u00e0 travers mes articles.\",\"sameAs\":[\"https:\/\/vieassociative.be\/\"]}]}<\/script>\n<!-- \/ Yoast SEO plugin. -->","yoast_head_json":{"title":"LinkedIn utilise vos donn\u00e9es pour former l'IA (mais vous pouvez l'arr\u00eater) | Vie Associative","robots":{"index":"index","follow":"follow","max-snippet":"max-snippet:-1","max-image-preview":"max-image-preview:large","max-video-preview":"max-video-preview:-1"},"canonical":"https:\/\/vieassociative.be\/actualites\/linkedin-utilise-vos-donnees-pour-former-lia-mais-vous-pouvez-larreter\/","og_locale":"fr_FR","og_type":"article","og_title":"LinkedIn utilise vos donn\u00e9es pour former l'IA (mais vous pouvez l'arr\u00eater) | Vie Associative","og_description":"Il n\u2019a m\u00eame pas demand\u00e9 la permission au pr\u00e9alable. Les mod\u00e8les d\u2019IA g\u00e9n\u00e9rative ne naissent pas de nulle part. En un sens, ces syst\u00e8mes sont","og_url":"https:\/\/vieassociative.be\/actualites\/linkedin-utilise-vos-donnees-pour-former-lia-mais-vous-pouvez-larreter\/","og_site_name":"Vie Associative","article_published_time":"2024-09-19T10:37:14+00:00","og_image":[{"width":279,"height":92,"url":"https:\/\/vieassociative.be\/actualites\/wp-content\/uploads\/2024\/09\/header_backgroundk-01-e1726694325946.png","type":"image\/png"}],"author":"Julien","twitter_card":"summary_large_image","twitter_misc":{"\u00c9crit par":"Julien","Dur\u00e9e de lecture est.":"6 minutes"},"schema":{"@context":"https:\/\/schema.org","@graph":[{"@type":"Article","@id":"https:\/\/vieassociative.be\/actualites\/linkedin-utilise-vos-donnees-pour-former-lia-mais-vous-pouvez-larreter\/#article","isPartOf":{"@id":"https:\/\/vieassociative.be\/actualites\/linkedin-utilise-vos-donnees-pour-former-lia-mais-vous-pouvez-larreter\/"},"author":{"name":"Julien","@id":"https:\/\/vieassociative.be\/actualites\/#\/schema\/person\/b87ac4f82f9d4e7b7cec7395b679edc4"},"headline":"LinkedIn utilise vos donn\u00e9es pour former l&rsquo;IA (mais vous pouvez l&rsquo;arr\u00eater)","datePublished":"2024-09-19T10:37:14+00:00","dateModified":"2024-09-19T10:37:14+00:00","mainEntityOfPage":{"@id":"https:\/\/vieassociative.be\/actualites\/linkedin-utilise-vos-donnees-pour-former-lia-mais-vous-pouvez-larreter\/"},"wordCount":1201,"publisher":{"@id":"https:\/\/vieassociative.be\/actualites\/#organization"},"image":{"@id":"https:\/\/vieassociative.be\/actualites\/linkedin-utilise-vos-donnees-pour-former-lia-mais-vous-pouvez-larreter\/#primaryimage"},"thumbnailUrl":"https:\/\/vieassociative.be\/actualites\/wp-content\/uploads\/2024\/09\/LinkedIn-utilise-vos-donnees-pour-former-lIA-mais-vous-pouvez.png","keywords":["donn\u00e9es","larr\u00eater","lIA","LinkedIn","mais","pour","pouvez","utilise","vos","Vous"],"articleSection":["Technologie"],"inLanguage":"fr-BE"},{"@type":"WebPage","@id":"https:\/\/vieassociative.be\/actualites\/linkedin-utilise-vos-donnees-pour-former-lia-mais-vous-pouvez-larreter\/","url":"https:\/\/vieassociative.be\/actualites\/linkedin-utilise-vos-donnees-pour-former-lia-mais-vous-pouvez-larreter\/","name":"LinkedIn utilise vos donn\u00e9es pour former l'IA (mais vous pouvez l'arr\u00eater) | Vie Associative","isPartOf":{"@id":"https:\/\/vieassociative.be\/actualites\/#website"},"primaryImageOfPage":{"@id":"https:\/\/vieassociative.be\/actualites\/linkedin-utilise-vos-donnees-pour-former-lia-mais-vous-pouvez-larreter\/#primaryimage"},"image":{"@id":"https:\/\/vieassociative.be\/actualites\/linkedin-utilise-vos-donnees-pour-former-lia-mais-vous-pouvez-larreter\/#primaryimage"},"thumbnailUrl":"https:\/\/vieassociative.be\/actualites\/wp-content\/uploads\/2024\/09\/LinkedIn-utilise-vos-donnees-pour-former-lIA-mais-vous-pouvez.png","datePublished":"2024-09-19T10:37:14+00:00","dateModified":"2024-09-19T10:37:14+00:00","breadcrumb":{"@id":"https:\/\/vieassociative.be\/actualites\/linkedin-utilise-vos-donnees-pour-former-lia-mais-vous-pouvez-larreter\/#breadcrumb"},"inLanguage":"fr-BE","potentialAction":[{"@type":"ReadAction","target":["https:\/\/vieassociative.be\/actualites\/linkedin-utilise-vos-donnees-pour-former-lia-mais-vous-pouvez-larreter\/"]}]},{"@type":"ImageObject","inLanguage":"fr-BE","@id":"https:\/\/vieassociative.be\/actualites\/linkedin-utilise-vos-donnees-pour-former-lia-mais-vous-pouvez-larreter\/#primaryimage","url":"https:\/\/vieassociative.be\/actualites\/wp-content\/uploads\/2024\/09\/LinkedIn-utilise-vos-donnees-pour-former-lIA-mais-vous-pouvez.png","contentUrl":"https:\/\/vieassociative.be\/actualites\/wp-content\/uploads\/2024\/09\/LinkedIn-utilise-vos-donnees-pour-former-lIA-mais-vous-pouvez.png","width":1200,"height":675,"caption":"LinkedIn utilise vos donn\u00e9es pour former l'IA (mais vous pouvez l'arr\u00eater)"},{"@type":"BreadcrumbList","@id":"https:\/\/vieassociative.be\/actualites\/linkedin-utilise-vos-donnees-pour-former-lia-mais-vous-pouvez-larreter\/#breadcrumb","itemListElement":[{"@type":"ListItem","position":1,"name":"Accueil","item":"https:\/\/vieassociative.be\/actualites\/"},{"@type":"ListItem","position":2,"name":"LinkedIn utilise vos donn\u00e9es pour former l&rsquo;IA (mais vous pouvez l&rsquo;arr\u00eater)"}]},{"@type":"WebSite","@id":"https:\/\/vieassociative.be\/actualites\/#website","url":"https:\/\/vieassociative.be\/actualites\/","name":"Vie Associative","description":"","publisher":{"@id":"https:\/\/vieassociative.be\/actualites\/#organization"},"potentialAction":[{"@type":"SearchAction","target":{"@type":"EntryPoint","urlTemplate":"https:\/\/vieassociative.be\/actualites\/?s={search_term_string}"},"query-input":{"@type":"PropertyValueSpecification","valueRequired":true,"valueName":"search_term_string"}}],"inLanguage":"fr-BE"},{"@type":"Organization","@id":"https:\/\/vieassociative.be\/actualites\/#organization","name":"Vie Associative","url":"https:\/\/vieassociative.be\/actualites\/","logo":{"@type":"ImageObject","inLanguage":"fr-BE","@id":"https:\/\/vieassociative.be\/actualites\/#\/schema\/logo\/image\/","url":"https:\/\/vieassociative.be\/actualites\/wp-content\/uploads\/2024\/09\/cropped-vieassociative_favicon.ico.png","contentUrl":"https:\/\/vieassociative.be\/actualites\/wp-content\/uploads\/2024\/09\/cropped-vieassociative_favicon.ico.png","width":512,"height":512,"caption":"Vie Associative"},"image":{"@id":"https:\/\/vieassociative.be\/actualites\/#\/schema\/logo\/image\/"}},{"@type":"Person","@id":"https:\/\/vieassociative.be\/actualites\/#\/schema\/person\/b87ac4f82f9d4e7b7cec7395b679edc4","name":"Julien","image":{"@type":"ImageObject","inLanguage":"fr-BE","@id":"https:\/\/vieassociative.be\/actualites\/#\/schema\/person\/image\/","url":"https:\/\/vieassociative.be\/actualites\/wp-content\/uploads\/2024\/09\/vie-associative-1-150x150.jpg","contentUrl":"https:\/\/vieassociative.be\/actualites\/wp-content\/uploads\/2024\/09\/vie-associative-1-150x150.jpg","caption":"Julien"},"description":"Je suis Julien, r\u00e9dacteur pour Vie Associative. Passionn\u00e9 par le monde associatif depuis plus de 10 ans, j'ai \u00e0 c\u0153ur de partager des histoires inspirantes et de mettre en lumi\u00e8re les initiatives locales. Mon objectif est de sensibiliser et d'encourager l'engagement communautaire \u00e0 travers mes articles.","sameAs":["https:\/\/vieassociative.be\/"]}]}},"_links":{"self":[{"href":"https:\/\/vieassociative.be\/actualites\/wp-json\/wp\/v2\/posts\/105"}],"collection":[{"href":"https:\/\/vieassociative.be\/actualites\/wp-json\/wp\/v2\/posts"}],"about":[{"href":"https:\/\/vieassociative.be\/actualites\/wp-json\/wp\/v2\/types\/post"}],"author":[{"embeddable":true,"href":"https:\/\/vieassociative.be\/actualites\/wp-json\/wp\/v2\/users\/1"}],"replies":[{"embeddable":true,"href":"https:\/\/vieassociative.be\/actualites\/wp-json\/wp\/v2\/comments?post=105"}],"version-history":[{"count":0,"href":"https:\/\/vieassociative.be\/actualites\/wp-json\/wp\/v2\/posts\/105\/revisions"}],"wp:featuredmedia":[{"embeddable":true,"href":"https:\/\/vieassociative.be\/actualites\/wp-json\/wp\/v2\/media\/106"}],"wp:attachment":[{"href":"https:\/\/vieassociative.be\/actualites\/wp-json\/wp\/v2\/media?parent=105"}],"wp:term":[{"taxonomy":"category","embeddable":true,"href":"https:\/\/vieassociative.be\/actualites\/wp-json\/wp\/v2\/categories?post=105"},{"taxonomy":"post_tag","embeddable":true,"href":"https:\/\/vieassociative.be\/actualites\/wp-json\/wp\/v2\/tags?post=105"}],"curies":[{"name":"wp","href":"https:\/\/api.w.org\/{rel}","templated":true}]}}