{"id":10498,"date":"2025-10-07T15:17:34","date_gmt":"2025-10-07T13:17:34","guid":{"rendered":"https:\/\/vieassociative.be\/actualites\/mes-lunettes-intelligentes-display-ar-preferees-beneficient-dune-reduction-de-plus-de-100-pour-prime-day\/"},"modified":"2025-10-07T15:17:34","modified_gmt":"2025-10-07T13:17:34","slug":"mes-lunettes-intelligentes-display-ar-preferees-beneficient-dune-reduction-de-plus-de-100-pour-prime-day","status":"publish","type":"post","link":"https:\/\/vieassociative.be\/actualites\/mes-lunettes-intelligentes-display-ar-preferees-beneficient-dune-reduction-de-plus-de-100-pour-prime-day\/","title":{"rendered":"Mes lunettes intelligentes Display\/AR pr\u00e9f\u00e9r\u00e9es b\u00e9n\u00e9ficient d&rsquo;une r\u00e9duction de plus de 100 $ pour Prime Day"},"content":{"rendered":"<div class=\"mt-4 leading-6 md:mb-8\">C&rsquo;est comme si vous transportiez une t\u00e9l\u00e9vision grand \u00e9cran dans votre poche.<\/div>\n<p><\/p>\n<p><em>Les Amazon Big Deal Days auront lieu les 7 et 8 octobre et Vie Associative partage les meilleures ventes bas\u00e9es sur des critiques de produits, des comparaisons et des outils de suivi des prix.<\/em><\/p>\n<ul>\n<li>\n<p><em>Suivez notre <strong>blog en direct<\/strong><\/em><em> pour rester au courant des meilleures ventes que nous trouvons.<\/em><\/p>\n<\/li>\n<li>\n<p><strong><em>Abonnez-vous \u00e0 notre newsletter shopping<\/em><\/strong><em>Ajoutez au panier, pour les meilleures ventes envoy\u00e9es dans votre bo\u00eete de r\u00e9ception.<\/em><\/p>\n<\/li>\n<li>\n<p><em>Nouveau sur Prime Day ? Nous avons une introduction sur <strong>tout ce que vous devez savoir<\/strong><\/em><em>. Les ventes sont exactes au moment de la publication, mais les prix et les stocks sont toujours sujets \u00e0 changement.<\/em><\/p>\n<\/li>\n<\/ul>\n<hr>\n<p>Si vous esp\u00e9rez aborder l&rsquo;avenir plus t\u00f4t, vous devriez jeter un \u0153il \u00e0 ces lunettes intelligentes XReal One AR. Ils sont en vente au prix de 449 $, contre 569,00 $. Il s\u2019agit du prix le plus bas jamais vendu sur Amazon. <\/p>\n<div class=\"pogoClear mb-12 mt-10 rounded-md border-2 border-gray-100 py-7 shadow-xl md:py-6\">\n<div class=\"flex flex-wrap justify-between px-7 text-black no-underline md:flex-nowrap md:px-8\">\n<div class=\"order-1 mx-auto flex flex-col justify-center md:order-2 md:ml-4 md:w-full md:grow\">\n<div class=\"block cursor-pointer text-center font-akshar text-2xl font-medium leading-7 text-brand-green duration-200 ease-in-out hover:text-brand-green-700 md:text-left md:text-xl md:leading-6\">Lunettes XREAL One AR avec puce X1\n                <\/div>\n<div class=\"mt-4 hidden md:flex md:justify-between\">\n<div class=\"self-end\">\n<div class=\"mb-0 h-11 md:flex md:flex-col md:justify-center\">\n<div class=\" font-sans leading-4 text-black\">\n<div class=\"flex flex-wrap items-center justify-center gap-1 md:justify-start\">\n        <span class=\"font-bold\"><\/p>\n<p>            449,00\u00a0$<br \/>\n                            <span class=\"font-medium\">chez Amazon<\/span><br \/>\n                    <\/span>\n            <\/div>\n<div class=\"flex items-center justify-center gap-x-1 font-bold md:justify-start\">\n            <span class=\"text-sm line-through\">579,00\u00a0$<\/span><br \/>\n            <span class=\"text-sm text-brand-green\">\u00c9conomisez 130,00\u00a0$<\/span>\n        <\/div>\n<\/p><\/div>\n<\/p><\/div>\n<\/p><\/div>\n<div class=\"w-44 self-end\">\n                            <button class=\"flex justify-center items-center w-full bg-brand-green text-white text-base font-sans font-medium rounded-md hover:bg-brand-green-700 hover:cursor-pointer md:text-sm h-11\"><\/p>\n<p>    Obtenez une offre<br \/>\n<\/button>\n                        <\/div>\n<\/p><\/div>\n<\/p><\/div>\n<div class=\"order-2 mt-5 h-auto w-full md:order-1 md:mt-0 md:hidden\">\n<div class=\"flex aspect-video items-center justify-center\">\n                                            <img decoding=\"async\" class=\"m-0 max-h-full max-w-full rounded-md\" src=\"https:\/\/vieassociative.be\/actualites\/wp-content\/uploads\/2025\/10\/Mes-lunettes-intelligentes-DisplayAR-preferees-beneficient-dune-reduction-de-plus.jpg\" alt=\"Lunettes XREAL One AR avec puce X1, Native 3 DoF, 147\" hd display expertly tuned audio video glasses for iphone steam deck rog mac pc android ios width=\"auto\" height=\"auto\" loading=\"lazy\">\n                                    <\/div>\n<\/p><\/div>\n<div class=\"order-2 ml-2 hidden w-32 shrink-0 items-center md:order-1 md:ml-0 md:flex\">\n<div class=\"flex aspect-video items-center justify-center\">\n                                            <img decoding=\"async\" class=\"m-0 max-h-full max-w-full rounded-md\" src=\"https:\/\/vieassociative.be\/actualites\/wp-content\/uploads\/2025\/10\/Mes-lunettes-intelligentes-DisplayAR-preferees-beneficient-dune-reduction-de-plus.jpg\" alt=\"Lunettes XREAL One AR avec puce X1, Native 3 DoF, 147\" hd display expertly tuned audio video glasses for iphone steam deck rog mac pc android ios width=\"auto\" height=\"auto\" loading=\"lazy\">\n                                    <\/div>\n<\/p><\/div>\n<div class=\"order-3 flex grow flex-wrap md:hidden md:grow-0\">\n<div class=\"mt-4 w-full\">\n                        <button class=\"flex justify-center items-center w-full bg-brand-green text-white text-base font-sans font-medium rounded-md hover:bg-brand-green-700 hover:cursor-pointer md:text-sm h-11\"><\/p>\n<p>    Obtenez une offre<br \/>\n<\/button>\n                    <\/div>\n<div class=\"mx-2 mt-4 w-full\">\n<div class=\" font-sans leading-4 text-black\">\n<div class=\"flex flex-wrap items-center justify-center gap-1 md:justify-start\">\n        <span class=\"font-bold\"><\/p>\n<p>            449,00\u00a0$<br \/>\n                            <span class=\"font-medium\">chez Amazon<\/span><br \/>\n                    <\/span>\n            <\/div>\n<div class=\"flex items-center justify-center gap-x-1 font-bold md:justify-start\">\n            <span class=\"text-sm line-through\">579,00\u00a0$<\/span><br \/>\n            <span class=\"text-sm text-brand-green\">\u00c9conomisez 130,00\u00a0$<\/span>\n        <\/div>\n<\/p><\/div>\n<\/p><\/div>\n<\/p><\/div>\n<\/p><\/div>\n<\/div>\n<p>Si vous n&rsquo;\u00eates pas familier : les XReal Ones sont des lunettes d&rsquo;affichage \u00e0 r\u00e9alit\u00e9 augment\u00e9e. Ils sont compatibles avec n&rsquo;importe quel appareil dot\u00e9 d&rsquo;une vid\u00e9o USB-C, et lorsque vous les enfilez, c&rsquo;est comme regarder un moniteur haute d\u00e9finition clair et lumineux de 147 pouces. De plus, la puce G1 int\u00e9gr\u00e9e vous offre une r\u00e9alit\u00e9 augment\u00e9e 3DOF, afin que vous puissiez ancrer votre \u00e9cran virtuel dans l&rsquo;espace r\u00e9el.<\/p>\n<p>J&rsquo;ai une paire de la version XReal One Pro de ces lunettes et je les recommande vivement, que vous souhaitiez disposer d&rsquo;un deuxi\u00e8me \u00e9cran pour plus de productivit\u00e9, jouer \u00e0 des jeux d&rsquo;une nouvelle mani\u00e8re ou simplement vivre la meilleure exp\u00e9rience de divertissement possible dans un avion. J&rsquo;ai r\u00e9cemment pass\u00e9 une journ\u00e9e avec eux, les utilisant pour remplacer tous les \u00e9crans que je regarde, et c&rsquo;\u00e9tait comme vivre dans un film de science-fiction. <\/p>\n<p>XReal a \u00e9galement baiss\u00e9 le prix de son appareil Beam Pro de 20 %. Ce \u00ab compagnon informatique spatial \u00bb en option alimente les lunettes XReal, ajoute une cam\u00e9ra 3D, vous offre des contr\u00f4les am\u00e9lior\u00e9s et am\u00e9liore l&rsquo;exp\u00e9rience de r\u00e9alit\u00e9 augment\u00e9e. <\/p>\n<p><em>Vous cherchez autre chose ? Des d\u00e9taillants comme Walmart et Best Buy proposent des ventes concurrentielles Prime Day qui sont particuli\u00e8rement utiles si vous n&rsquo;avez pas Amazon Prime.<\/em><\/p>\n<ul>\n<li>\n<p><strong><em>Vente concours Prime Day de Walmart<\/em><\/strong><em>  se d\u00e9roule du 6 octobre \u00e0 19 h HE au 12 octobre et comprend des offres allant jusqu&rsquo;\u00e0 50 % de r\u00e9duction. C&rsquo;est une option particuli\u00e8rement int\u00e9ressante si vous avez Walmart+.<\/em><\/p>\n<\/li>\n<li>\n<p><strong><em>Vente concours Prime Day de Best Buy<\/em><\/strong><em>  se d\u00e9roule du 27 septembre au 12 octobre et propose certaines des meilleures ventes technologiques en ligne. C&rsquo;est une option particuli\u00e8rement int\u00e9ressante si vous \u00eates membre de My Best Buy \u00ab Plus \u00bb ou \u00ab Total \u00bb.<\/em><\/p>\n<\/li>\n<li>\n<p><strong><em>Vente concours Prime Day de Target<\/em><\/strong><em>  se d\u00e9roule du 5 au 11 octobre et propose des offres allant jusqu&rsquo;\u00e0 50 % de r\u00e9duction. Vous pouvez devenir membre du Cercle gratuitement.<\/em><\/p>\n<\/li>\n<\/ul>\n","protected":false},"excerpt":{"rendered":"<p>C&rsquo;est comme si vous transportiez une t\u00e9l\u00e9vision grand \u00e9cran dans votre poche. Les Amazon Big Deal Days auront lieu les 7 et 8 octobre et<\/p>\n","protected":false},"author":1,"featured_media":10499,"comment_status":"","ping_status":"","sticky":false,"template":"","format":"standard","meta":{"footnotes":""},"categories":[13],"tags":[1268,347,8806,698,2170,3912,87,81,116,346,308],"class_list":["post-10498","post","type-post","status-publish","format-standard","has-post-thumbnail","hentry","category-technologie","tag-beneficient","tag-day","tag-displayar","tag-dune","tag-intelligentes","tag-lunettes","tag-mes","tag-pour","tag-preferees","tag-prime","tag-reduction","generate-columns","tablet-grid-50","mobile-grid-100","grid-parent","grid-33"],"yoast_head":"<!-- This site is optimized with the Yoast SEO plugin v24.0 - https:\/\/yoast.com\/wordpress\/plugins\/seo\/ -->\n<title>Mes lunettes intelligentes Display\/AR pr\u00e9f\u00e9r\u00e9es b\u00e9n\u00e9ficient d&#039;une r\u00e9duction de plus de 100 $ pour Prime Day | Vie Associative<\/title>\n<meta name=\"robots\" content=\"index, follow, max-snippet:-1, max-image-preview:large, max-video-preview:-1\" \/>\n<link rel=\"canonical\" href=\"https:\/\/vieassociative.be\/actualites\/mes-lunettes-intelligentes-display-ar-preferees-beneficient-dune-reduction-de-plus-de-100-pour-prime-day\/\" \/>\n<meta property=\"og:locale\" content=\"fr_FR\" \/>\n<meta property=\"og:type\" content=\"article\" \/>\n<meta property=\"og:title\" content=\"Mes lunettes intelligentes Display\/AR pr\u00e9f\u00e9r\u00e9es b\u00e9n\u00e9ficient d&#039;une r\u00e9duction de plus de 100 $ pour Prime Day | Vie Associative\" \/>\n<meta property=\"og:description\" content=\"C&rsquo;est comme si vous transportiez une t\u00e9l\u00e9vision grand \u00e9cran dans votre poche. Les Amazon Big Deal Days auront lieu les 7 et 8 octobre et\" \/>\n<meta property=\"og:url\" content=\"https:\/\/vieassociative.be\/actualites\/mes-lunettes-intelligentes-display-ar-preferees-beneficient-dune-reduction-de-plus-de-100-pour-prime-day\/\" \/>\n<meta property=\"og:site_name\" content=\"Vie Associative\" \/>\n<meta property=\"article:published_time\" content=\"2025-10-07T13:17:34+00:00\" \/>\n<meta property=\"og:image\" content=\"https:\/\/vieassociative.be\/actualites\/wp-content\/uploads\/2025\/10\/Mes-lunettes-intelligentes-DisplayAR-preferees-beneficient-dune-reduction-de-plus.jpg\" \/>\n<meta name=\"author\" content=\"Julien\" \/>\n<meta name=\"twitter:card\" content=\"summary_large_image\" \/>\n<meta name=\"twitter:label1\" content=\"\u00c9crit par\" \/>\n\t<meta name=\"twitter:data1\" content=\"Julien\" \/>\n\t<meta name=\"twitter:label2\" content=\"Dur\u00e9e de lecture est.\" \/>\n\t<meta name=\"twitter:data2\" content=\"3 minutes\" \/>\n<script type=\"application\/ld+json\" class=\"yoast-schema-graph\">{\"@context\":\"https:\/\/schema.org\",\"@graph\":[{\"@type\":\"Article\",\"@id\":\"https:\/\/vieassociative.be\/actualites\/mes-lunettes-intelligentes-display-ar-preferees-beneficient-dune-reduction-de-plus-de-100-pour-prime-day\/#article\",\"isPartOf\":{\"@id\":\"https:\/\/vieassociative.be\/actualites\/mes-lunettes-intelligentes-display-ar-preferees-beneficient-dune-reduction-de-plus-de-100-pour-prime-day\/\"},\"author\":{\"name\":\"Julien\",\"@id\":\"https:\/\/vieassociative.be\/actualites\/#\/schema\/person\/b87ac4f82f9d4e7b7cec7395b679edc4\"},\"headline\":\"Mes lunettes intelligentes Display\/AR pr\u00e9f\u00e9r\u00e9es b\u00e9n\u00e9ficient d&rsquo;une r\u00e9duction de plus de 100 $ pour Prime Day\",\"datePublished\":\"2025-10-07T13:17:34+00:00\",\"dateModified\":\"2025-10-07T13:17:34+00:00\",\"mainEntityOfPage\":{\"@id\":\"https:\/\/vieassociative.be\/actualites\/mes-lunettes-intelligentes-display-ar-preferees-beneficient-dune-reduction-de-plus-de-100-pour-prime-day\/\"},\"wordCount\":543,\"publisher\":{\"@id\":\"https:\/\/vieassociative.be\/actualites\/#organization\"},\"image\":{\"@id\":\"https:\/\/vieassociative.be\/actualites\/mes-lunettes-intelligentes-display-ar-preferees-beneficient-dune-reduction-de-plus-de-100-pour-prime-day\/#primaryimage\"},\"thumbnailUrl\":\"https:\/\/vieassociative.be\/actualites\/wp-content\/uploads\/2025\/10\/Mes-lunettes-intelligentes-DisplayAR-preferees-beneficient-dune-reduction-de-plus.webp.webp\",\"keywords\":[\"b\u00e9n\u00e9ficient\",\"Day\",\"DisplayAR\",\"dune\",\"intelligentes\",\"lunettes\",\"Mes\",\"pour\",\"pr\u00e9f\u00e9r\u00e9es\",\"Prime\",\"r\u00e9duction\"],\"articleSection\":[\"Technologie\"],\"inLanguage\":\"fr-BE\"},{\"@type\":\"WebPage\",\"@id\":\"https:\/\/vieassociative.be\/actualites\/mes-lunettes-intelligentes-display-ar-preferees-beneficient-dune-reduction-de-plus-de-100-pour-prime-day\/\",\"url\":\"https:\/\/vieassociative.be\/actualites\/mes-lunettes-intelligentes-display-ar-preferees-beneficient-dune-reduction-de-plus-de-100-pour-prime-day\/\",\"name\":\"Mes lunettes intelligentes Display\/AR pr\u00e9f\u00e9r\u00e9es b\u00e9n\u00e9ficient d'une r\u00e9duction de plus de 100 $ pour Prime Day | Vie Associative\",\"isPartOf\":{\"@id\":\"https:\/\/vieassociative.be\/actualites\/#website\"},\"primaryImageOfPage\":{\"@id\":\"https:\/\/vieassociative.be\/actualites\/mes-lunettes-intelligentes-display-ar-preferees-beneficient-dune-reduction-de-plus-de-100-pour-prime-day\/#primaryimage\"},\"image\":{\"@id\":\"https:\/\/vieassociative.be\/actualites\/mes-lunettes-intelligentes-display-ar-preferees-beneficient-dune-reduction-de-plus-de-100-pour-prime-day\/#primaryimage\"},\"thumbnailUrl\":\"https:\/\/vieassociative.be\/actualites\/wp-content\/uploads\/2025\/10\/Mes-lunettes-intelligentes-DisplayAR-preferees-beneficient-dune-reduction-de-plus.webp.webp\",\"datePublished\":\"2025-10-07T13:17:34+00:00\",\"dateModified\":\"2025-10-07T13:17:34+00:00\",\"breadcrumb\":{\"@id\":\"https:\/\/vieassociative.be\/actualites\/mes-lunettes-intelligentes-display-ar-preferees-beneficient-dune-reduction-de-plus-de-100-pour-prime-day\/#breadcrumb\"},\"inLanguage\":\"fr-BE\",\"potentialAction\":[{\"@type\":\"ReadAction\",\"target\":[\"https:\/\/vieassociative.be\/actualites\/mes-lunettes-intelligentes-display-ar-preferees-beneficient-dune-reduction-de-plus-de-100-pour-prime-day\/\"]}]},{\"@type\":\"ImageObject\",\"inLanguage\":\"fr-BE\",\"@id\":\"https:\/\/vieassociative.be\/actualites\/mes-lunettes-intelligentes-display-ar-preferees-beneficient-dune-reduction-de-plus-de-100-pour-prime-day\/#primaryimage\",\"url\":\"https:\/\/vieassociative.be\/actualites\/wp-content\/uploads\/2025\/10\/Mes-lunettes-intelligentes-DisplayAR-preferees-beneficient-dune-reduction-de-plus.webp.webp\",\"contentUrl\":\"https:\/\/vieassociative.be\/actualites\/wp-content\/uploads\/2025\/10\/Mes-lunettes-intelligentes-DisplayAR-preferees-beneficient-dune-reduction-de-plus.webp.webp\",\"width\":1200,\"height\":675,\"caption\":\"Mes lunettes intelligentes Display\/AR pr\u00e9f\u00e9r\u00e9es b\u00e9n\u00e9ficient d'une r\u00e9duction de plus de 100 $ pour Prime Day\"},{\"@type\":\"BreadcrumbList\",\"@id\":\"https:\/\/vieassociative.be\/actualites\/mes-lunettes-intelligentes-display-ar-preferees-beneficient-dune-reduction-de-plus-de-100-pour-prime-day\/#breadcrumb\",\"itemListElement\":[{\"@type\":\"ListItem\",\"position\":1,\"name\":\"Accueil\",\"item\":\"https:\/\/vieassociative.be\/actualites\/\"},{\"@type\":\"ListItem\",\"position\":2,\"name\":\"Mes lunettes intelligentes Display\/AR pr\u00e9f\u00e9r\u00e9es b\u00e9n\u00e9ficient d&rsquo;une r\u00e9duction de plus de 100 $ pour Prime Day\"}]},{\"@type\":\"WebSite\",\"@id\":\"https:\/\/vieassociative.be\/actualites\/#website\",\"url\":\"https:\/\/vieassociative.be\/actualites\/\",\"name\":\"Vie Associative\",\"description\":\"\",\"publisher\":{\"@id\":\"https:\/\/vieassociative.be\/actualites\/#organization\"},\"potentialAction\":[{\"@type\":\"SearchAction\",\"target\":{\"@type\":\"EntryPoint\",\"urlTemplate\":\"https:\/\/vieassociative.be\/actualites\/?s={search_term_string}\"},\"query-input\":{\"@type\":\"PropertyValueSpecification\",\"valueRequired\":true,\"valueName\":\"search_term_string\"}}],\"inLanguage\":\"fr-BE\"},{\"@type\":\"Organization\",\"@id\":\"https:\/\/vieassociative.be\/actualites\/#organization\",\"name\":\"Vie Associative\",\"url\":\"https:\/\/vieassociative.be\/actualites\/\",\"logo\":{\"@type\":\"ImageObject\",\"inLanguage\":\"fr-BE\",\"@id\":\"https:\/\/vieassociative.be\/actualites\/#\/schema\/logo\/image\/\",\"url\":\"https:\/\/vieassociative.be\/actualites\/wp-content\/uploads\/2024\/09\/cropped-vieassociative_favicon.ico.png\",\"contentUrl\":\"https:\/\/vieassociative.be\/actualites\/wp-content\/uploads\/2024\/09\/cropped-vieassociative_favicon.ico.png\",\"width\":512,\"height\":512,\"caption\":\"Vie Associative\"},\"image\":{\"@id\":\"https:\/\/vieassociative.be\/actualites\/#\/schema\/logo\/image\/\"}},{\"@type\":\"Person\",\"@id\":\"https:\/\/vieassociative.be\/actualites\/#\/schema\/person\/b87ac4f82f9d4e7b7cec7395b679edc4\",\"name\":\"Julien\",\"image\":{\"@type\":\"ImageObject\",\"inLanguage\":\"fr-BE\",\"@id\":\"https:\/\/vieassociative.be\/actualites\/#\/schema\/person\/image\/\",\"url\":\"https:\/\/vieassociative.be\/actualites\/wp-content\/uploads\/2024\/09\/vie-associative-1-150x150.jpg\",\"contentUrl\":\"https:\/\/vieassociative.be\/actualites\/wp-content\/uploads\/2024\/09\/vie-associative-1-150x150.jpg\",\"caption\":\"Julien\"},\"description\":\"Je suis Julien, r\u00e9dacteur pour Vie Associative. Passionn\u00e9 par le monde associatif depuis plus de 10 ans, j'ai \u00e0 c\u0153ur de partager des histoires inspirantes et de mettre en lumi\u00e8re les initiatives locales. Mon objectif est de sensibiliser et d'encourager l'engagement communautaire \u00e0 travers mes articles.\",\"sameAs\":[\"https:\/\/vieassociative.be\/\"]}]}<\/script>\n<!-- \/ Yoast SEO plugin. -->","yoast_head_json":{"title":"Mes lunettes intelligentes Display\/AR pr\u00e9f\u00e9r\u00e9es b\u00e9n\u00e9ficient d'une r\u00e9duction de plus de 100 $ pour Prime Day | Vie Associative","robots":{"index":"index","follow":"follow","max-snippet":"max-snippet:-1","max-image-preview":"max-image-preview:large","max-video-preview":"max-video-preview:-1"},"canonical":"https:\/\/vieassociative.be\/actualites\/mes-lunettes-intelligentes-display-ar-preferees-beneficient-dune-reduction-de-plus-de-100-pour-prime-day\/","og_locale":"fr_FR","og_type":"article","og_title":"Mes lunettes intelligentes Display\/AR pr\u00e9f\u00e9r\u00e9es b\u00e9n\u00e9ficient d'une r\u00e9duction de plus de 100 $ pour Prime Day | Vie Associative","og_description":"C&rsquo;est comme si vous transportiez une t\u00e9l\u00e9vision grand \u00e9cran dans votre poche. Les Amazon Big Deal Days auront lieu les 7 et 8 octobre et","og_url":"https:\/\/vieassociative.be\/actualites\/mes-lunettes-intelligentes-display-ar-preferees-beneficient-dune-reduction-de-plus-de-100-pour-prime-day\/","og_site_name":"Vie Associative","article_published_time":"2025-10-07T13:17:34+00:00","og_image":[{"url":"https:\/\/vieassociative.be\/actualites\/wp-content\/uploads\/2025\/10\/Mes-lunettes-intelligentes-DisplayAR-preferees-beneficient-dune-reduction-de-plus.jpg","type":"","width":"","height":""}],"author":"Julien","twitter_card":"summary_large_image","twitter_misc":{"\u00c9crit par":"Julien","Dur\u00e9e de lecture est.":"3 minutes"},"schema":{"@context":"https:\/\/schema.org","@graph":[{"@type":"Article","@id":"https:\/\/vieassociative.be\/actualites\/mes-lunettes-intelligentes-display-ar-preferees-beneficient-dune-reduction-de-plus-de-100-pour-prime-day\/#article","isPartOf":{"@id":"https:\/\/vieassociative.be\/actualites\/mes-lunettes-intelligentes-display-ar-preferees-beneficient-dune-reduction-de-plus-de-100-pour-prime-day\/"},"author":{"name":"Julien","@id":"https:\/\/vieassociative.be\/actualites\/#\/schema\/person\/b87ac4f82f9d4e7b7cec7395b679edc4"},"headline":"Mes lunettes intelligentes Display\/AR pr\u00e9f\u00e9r\u00e9es b\u00e9n\u00e9ficient d&rsquo;une r\u00e9duction de plus de 100 $ pour Prime Day","datePublished":"2025-10-07T13:17:34+00:00","dateModified":"2025-10-07T13:17:34+00:00","mainEntityOfPage":{"@id":"https:\/\/vieassociative.be\/actualites\/mes-lunettes-intelligentes-display-ar-preferees-beneficient-dune-reduction-de-plus-de-100-pour-prime-day\/"},"wordCount":543,"publisher":{"@id":"https:\/\/vieassociative.be\/actualites\/#organization"},"image":{"@id":"https:\/\/vieassociative.be\/actualites\/mes-lunettes-intelligentes-display-ar-preferees-beneficient-dune-reduction-de-plus-de-100-pour-prime-day\/#primaryimage"},"thumbnailUrl":"https:\/\/vieassociative.be\/actualites\/wp-content\/uploads\/2025\/10\/Mes-lunettes-intelligentes-DisplayAR-preferees-beneficient-dune-reduction-de-plus.webp.webp","keywords":["b\u00e9n\u00e9ficient","Day","DisplayAR","dune","intelligentes","lunettes","Mes","pour","pr\u00e9f\u00e9r\u00e9es","Prime","r\u00e9duction"],"articleSection":["Technologie"],"inLanguage":"fr-BE"},{"@type":"WebPage","@id":"https:\/\/vieassociative.be\/actualites\/mes-lunettes-intelligentes-display-ar-preferees-beneficient-dune-reduction-de-plus-de-100-pour-prime-day\/","url":"https:\/\/vieassociative.be\/actualites\/mes-lunettes-intelligentes-display-ar-preferees-beneficient-dune-reduction-de-plus-de-100-pour-prime-day\/","name":"Mes lunettes intelligentes Display\/AR pr\u00e9f\u00e9r\u00e9es b\u00e9n\u00e9ficient d'une r\u00e9duction de plus de 100 $ pour Prime Day | Vie Associative","isPartOf":{"@id":"https:\/\/vieassociative.be\/actualites\/#website"},"primaryImageOfPage":{"@id":"https:\/\/vieassociative.be\/actualites\/mes-lunettes-intelligentes-display-ar-preferees-beneficient-dune-reduction-de-plus-de-100-pour-prime-day\/#primaryimage"},"image":{"@id":"https:\/\/vieassociative.be\/actualites\/mes-lunettes-intelligentes-display-ar-preferees-beneficient-dune-reduction-de-plus-de-100-pour-prime-day\/#primaryimage"},"thumbnailUrl":"https:\/\/vieassociative.be\/actualites\/wp-content\/uploads\/2025\/10\/Mes-lunettes-intelligentes-DisplayAR-preferees-beneficient-dune-reduction-de-plus.webp.webp","datePublished":"2025-10-07T13:17:34+00:00","dateModified":"2025-10-07T13:17:34+00:00","breadcrumb":{"@id":"https:\/\/vieassociative.be\/actualites\/mes-lunettes-intelligentes-display-ar-preferees-beneficient-dune-reduction-de-plus-de-100-pour-prime-day\/#breadcrumb"},"inLanguage":"fr-BE","potentialAction":[{"@type":"ReadAction","target":["https:\/\/vieassociative.be\/actualites\/mes-lunettes-intelligentes-display-ar-preferees-beneficient-dune-reduction-de-plus-de-100-pour-prime-day\/"]}]},{"@type":"ImageObject","inLanguage":"fr-BE","@id":"https:\/\/vieassociative.be\/actualites\/mes-lunettes-intelligentes-display-ar-preferees-beneficient-dune-reduction-de-plus-de-100-pour-prime-day\/#primaryimage","url":"https:\/\/vieassociative.be\/actualites\/wp-content\/uploads\/2025\/10\/Mes-lunettes-intelligentes-DisplayAR-preferees-beneficient-dune-reduction-de-plus.webp.webp","contentUrl":"https:\/\/vieassociative.be\/actualites\/wp-content\/uploads\/2025\/10\/Mes-lunettes-intelligentes-DisplayAR-preferees-beneficient-dune-reduction-de-plus.webp.webp","width":1200,"height":675,"caption":"Mes lunettes intelligentes Display\/AR pr\u00e9f\u00e9r\u00e9es b\u00e9n\u00e9ficient d'une r\u00e9duction de plus de 100 $ pour Prime Day"},{"@type":"BreadcrumbList","@id":"https:\/\/vieassociative.be\/actualites\/mes-lunettes-intelligentes-display-ar-preferees-beneficient-dune-reduction-de-plus-de-100-pour-prime-day\/#breadcrumb","itemListElement":[{"@type":"ListItem","position":1,"name":"Accueil","item":"https:\/\/vieassociative.be\/actualites\/"},{"@type":"ListItem","position":2,"name":"Mes lunettes intelligentes Display\/AR pr\u00e9f\u00e9r\u00e9es b\u00e9n\u00e9ficient d&rsquo;une r\u00e9duction de plus de 100 $ pour Prime Day"}]},{"@type":"WebSite","@id":"https:\/\/vieassociative.be\/actualites\/#website","url":"https:\/\/vieassociative.be\/actualites\/","name":"Vie Associative","description":"","publisher":{"@id":"https:\/\/vieassociative.be\/actualites\/#organization"},"potentialAction":[{"@type":"SearchAction","target":{"@type":"EntryPoint","urlTemplate":"https:\/\/vieassociative.be\/actualites\/?s={search_term_string}"},"query-input":{"@type":"PropertyValueSpecification","valueRequired":true,"valueName":"search_term_string"}}],"inLanguage":"fr-BE"},{"@type":"Organization","@id":"https:\/\/vieassociative.be\/actualites\/#organization","name":"Vie Associative","url":"https:\/\/vieassociative.be\/actualites\/","logo":{"@type":"ImageObject","inLanguage":"fr-BE","@id":"https:\/\/vieassociative.be\/actualites\/#\/schema\/logo\/image\/","url":"https:\/\/vieassociative.be\/actualites\/wp-content\/uploads\/2024\/09\/cropped-vieassociative_favicon.ico.png","contentUrl":"https:\/\/vieassociative.be\/actualites\/wp-content\/uploads\/2024\/09\/cropped-vieassociative_favicon.ico.png","width":512,"height":512,"caption":"Vie Associative"},"image":{"@id":"https:\/\/vieassociative.be\/actualites\/#\/schema\/logo\/image\/"}},{"@type":"Person","@id":"https:\/\/vieassociative.be\/actualites\/#\/schema\/person\/b87ac4f82f9d4e7b7cec7395b679edc4","name":"Julien","image":{"@type":"ImageObject","inLanguage":"fr-BE","@id":"https:\/\/vieassociative.be\/actualites\/#\/schema\/person\/image\/","url":"https:\/\/vieassociative.be\/actualites\/wp-content\/uploads\/2024\/09\/vie-associative-1-150x150.jpg","contentUrl":"https:\/\/vieassociative.be\/actualites\/wp-content\/uploads\/2024\/09\/vie-associative-1-150x150.jpg","caption":"Julien"},"description":"Je suis Julien, r\u00e9dacteur pour Vie Associative. Passionn\u00e9 par le monde associatif depuis plus de 10 ans, j'ai \u00e0 c\u0153ur de partager des histoires inspirantes et de mettre en lumi\u00e8re les initiatives locales. Mon objectif est de sensibiliser et d'encourager l'engagement communautaire \u00e0 travers mes articles.","sameAs":["https:\/\/vieassociative.be\/"]}]}},"_links":{"self":[{"href":"https:\/\/vieassociative.be\/actualites\/wp-json\/wp\/v2\/posts\/10498"}],"collection":[{"href":"https:\/\/vieassociative.be\/actualites\/wp-json\/wp\/v2\/posts"}],"about":[{"href":"https:\/\/vieassociative.be\/actualites\/wp-json\/wp\/v2\/types\/post"}],"author":[{"embeddable":true,"href":"https:\/\/vieassociative.be\/actualites\/wp-json\/wp\/v2\/users\/1"}],"replies":[{"embeddable":true,"href":"https:\/\/vieassociative.be\/actualites\/wp-json\/wp\/v2\/comments?post=10498"}],"version-history":[{"count":0,"href":"https:\/\/vieassociative.be\/actualites\/wp-json\/wp\/v2\/posts\/10498\/revisions"}],"wp:featuredmedia":[{"embeddable":true,"href":"https:\/\/vieassociative.be\/actualites\/wp-json\/wp\/v2\/media\/10499"}],"wp:attachment":[{"href":"https:\/\/vieassociative.be\/actualites\/wp-json\/wp\/v2\/media?parent=10498"}],"wp:term":[{"taxonomy":"category","embeddable":true,"href":"https:\/\/vieassociative.be\/actualites\/wp-json\/wp\/v2\/categories?post=10498"},{"taxonomy":"post_tag","embeddable":true,"href":"https:\/\/vieassociative.be\/actualites\/wp-json\/wp\/v2\/tags?post=10498"}],"curies":[{"name":"wp","href":"https:\/\/api.w.org\/{rel}","templated":true}]}}