{"id":10493,"date":"2025-10-07T07:17:15","date_gmt":"2025-10-07T05:17:15","guid":{"rendered":"https:\/\/vieassociative.be\/actualites\/les-meilleures-offres-primitives-precoces-sur-les-trackers-de-fitness-et-les-montres-intelligentes\/"},"modified":"2025-10-07T07:17:15","modified_gmt":"2025-10-07T05:17:15","slug":"les-meilleures-offres-primitives-precoces-sur-les-trackers-de-fitness-et-les-montres-intelligentes","status":"publish","type":"post","link":"https:\/\/vieassociative.be\/actualites\/les-meilleures-offres-primitives-precoces-sur-les-trackers-de-fitness-et-les-montres-intelligentes\/","title":{"rendered":"Les meilleures offres primitives pr\u00e9coces sur les trackers de fitness et les montres intelligentes"},"content":{"rendered":"<div class=\"mt-4 leading-6 md:mb-8\">Des montres et des trackers de Garmin, Apple, Samsung et Fitbit sont d\u00e9j\u00e0 en vente. Voici mes choix.<\/div>\n<p><\/p>\n<p><em>Amazon Big Deal Days se d\u00e9roule du 7 au 8 octobre et Vie Associative partage les meilleures ventes en fonction des avis de produits, des comparaisons et des outils de suivi des prix avant sa fin.<\/em><\/p>\n<ul>\n<li>\n<p><em>Suivez notre blog en direct<\/em><em> Pour rester \u00e0 jour sur les meilleures ventes que nous trouvons.<\/em><\/p>\n<\/li>\n<li>\n<p><em>Abonnez-vous \u00e0 notre newsletter shopping<\/em><em>Ajouter au panier, pour les meilleures ventes envoy\u00e9es dans votre bo\u00eete de r\u00e9ception.<\/em><\/p>\n<\/li>\n<li>\n<p><em>Nouveau \u00e0 Prime Day? Nous avons un appr\u00eat sur tout ce que vous devez savoir<\/em><em>. Les ventes sont exactes au moment de la publication, mais les prix et les stocks sont toujours susceptibles de changer.<\/em><\/p>\n<\/li>\n<\/ul>\n<hr>\n<p>Les ventes principales d&rsquo;octobre ont d\u00e9j\u00e0 commenc\u00e9, y compris des offres sur les trackers de fitness et les montres intelligentes. Certaines des derni\u00e8res montres de Garmin sont en vente pour la premi\u00e8re fois, y compris le Vivoactive 6 et le Venu X1. Vous pouvez \u00e9galement conclure des offres sur Fitbits et sur certains anciens mod\u00e8les de montres Apple et Samsung. Voici ce que j&rsquo;ai trouv\u00e9 jusqu&rsquo;\u00e0 pr\u00e9sent. <\/p>\n<h2 id=\"garmin\">Garmin<\/h2>\n<p>Le Vivoactive 6 est en vente pour ce que je crois \u00eatre la premi\u00e8re fois, pour 249,99 $ par rapport aux 299,99 $ d&rsquo;origine. La ligne vivoactive est la plus sous-estim\u00e9e de Garmin: c&rsquo;est une grande montre de fitness d\u00e9contract\u00e9e avec le GPS et la fr\u00e9quence cardiaque pr\u00e9cises que vous attendez d&rsquo;un Garmin. Il a \u00e9galement entra\u00een\u00e9 des s\u00e9ances d&rsquo;entra\u00eenement, une alarme intelligente et des param\u00e8tres de fitness en fauteuil roulant. <\/p>\n<div class=\"pogoClear mb-12 mt-10 rounded-md border-2 border-gray-100 py-7 shadow-xl md:py-6\">\n<div class=\"flex flex-wrap justify-between px-7 text-black no-underline md:flex-nowrap md:px-8\">\n<div class=\"order-1 mx-auto flex flex-col justify-center md:order-2 md:ml-4 md:w-full md:grow\">\n<div class=\"block cursor-pointer text-center font-akshar text-2xl font-medium leading-7 text-brand-green duration-200 ease-in-out hover:text-brand-green-700 md:text-left md:text-xl md:leading-6\">Garmin vivoactive 6\n                <\/div>\n<div class=\"mt-4 hidden md:flex md:justify-between\">\n<div class=\"self-end\">\n<div class=\"mb-0 h-11 md:flex md:flex-col md:justify-center\">\n<div class=\" font-sans leading-4 text-black\">\n<div class=\"flex flex-wrap items-center justify-center gap-1 md:justify-start\">\n        <span class=\"font-bold\"><\/p>\n<p>            299,99 $<br \/>\n                            <span class=\"font-medium\">\u00e0 Amazon<\/span><br \/>\n                    <\/span>\n            <\/div>\n<\/p><\/div>\n<\/p><\/div>\n<\/p><\/div>\n<div class=\"w-44 self-end\">\n                            <button class=\"flex justify-center items-center w-full bg-brand-green text-white text-base font-sans font-medium rounded-md hover:bg-brand-green-700 hover:cursor-pointer md:text-sm h-11\"><\/p>\n<p>    Conclure un accord<br \/>\n<\/button>\n                        <\/div>\n<\/p><\/div>\n<\/p><\/div>\n<div class=\"order-2 mt-5 h-auto w-full md:order-1 md:mt-0 md:hidden\">\n<div class=\"flex aspect-video items-center justify-center\">\n                                            <img decoding=\"async\" class=\"m-0 max-h-full max-w-full rounded-md\" src=\"https:\/\/vieassociative.be\/actualites\/wp-content\/uploads\/2025\/10\/Les-meilleures-offres-primitives-precoces-sur-les-trackers-de-fitness.jpg\" alt=\"Garmin V\u00edvoactive\u00ae 6, smartwatch GPS Health and Fitness, affichage AMOLED, jusqu'\u00e0 11 jours de batterie, Metallic Jasper Green avec Jasper Green Band\" width=\"auto\" height=\"auto\" loading=\"lazy\">\n                                    <\/div>\n<\/p><\/div>\n<div class=\"order-2 ml-2 hidden w-32 shrink-0 items-center md:order-1 md:ml-0 md:flex\">\n<div class=\"flex aspect-video items-center justify-center\">\n                                            <img decoding=\"async\" class=\"m-0 max-h-full max-w-full rounded-md\" src=\"https:\/\/vieassociative.be\/actualites\/wp-content\/uploads\/2025\/10\/Les-meilleures-offres-primitives-precoces-sur-les-trackers-de-fitness.jpg\" alt=\"Garmin V\u00edvoactive\u00ae 6, smartwatch GPS Health and Fitness, affichage AMOLED, jusqu'\u00e0 11 jours de batterie, Metallic Jasper Green avec Jasper Green Band\" width=\"auto\" height=\"auto\" loading=\"lazy\">\n                                    <\/div>\n<\/p><\/div>\n<div class=\"order-3 flex grow flex-wrap md:hidden md:grow-0\">\n<div class=\"mt-4 w-full\">\n                        <button class=\"flex justify-center items-center w-full bg-brand-green text-white text-base font-sans font-medium rounded-md hover:bg-brand-green-700 hover:cursor-pointer md:text-sm h-11\"><\/p>\n<p>    Conclure un accord<br \/>\n<\/button>\n                    <\/div>\n<div class=\"mx-2 mt-4 w-full\">\n<div class=\" font-sans leading-4 text-black\">\n<div class=\"flex flex-wrap items-center justify-center gap-1 md:justify-start\">\n        <span class=\"font-bold\"><\/p>\n<p>            299,99 $<br \/>\n                            <span class=\"font-medium\">\u00e0 Amazon<\/span><br \/>\n                    <\/span>\n            <\/div>\n<\/p><\/div>\n<\/p><\/div>\n<\/p><\/div>\n<\/p><\/div>\n<\/div>\n<p>Le Venu X1 est \u00e9galement en vente rare, 699,99 $ en baisse par rapport au prix d&rsquo;origine de 799,99 $. Cette nouvelle smartwatch est la r\u00e9ponse de Garmin \u00e0 l&rsquo;Apple Watch Ultra, avec un grand \u00e9cran rectangulaire, un verre saphir et des cartes int\u00e9gr\u00e9es pour la navigation. Contrairement \u00e0 son homologue Apple, il a une lampe de poche LED et la batterie dure jusqu&rsquo;\u00e0 huit jours. <\/p>\n<p>Parmi les montres Garmin plus anciennes, le Venu SQ 2, publi\u00e9 en 2022, est en vente pour 149,99 $, en baisse par rapport \u00e0 un prix de la liste de 249,99 $. (Il a \u00e9t\u00e9 \u00e0 l&rsquo;origine vendu pour 299,99 $.) Il s&rsquo;agit d&rsquo;une excellente option de budget pour une montre de fitness occasionnelle, surtout si vous aimez le format de l&rsquo;\u00e9cran carr\u00e9.<\/p>\n<h2 id=\"apple\">Pomme<\/h2>\n<p>La version GPS uniquement de l&rsquo;Apple Watch SE est de 179,99 $, contre 249,99 $. Ceci est la deuxi\u00e8me g\u00e9n\u00e9ration du SE, lanc\u00e9 en 2022. C&rsquo;est un excellent choix de budget si vous ne voulez pas faire de folies sur une Apple Watch plus r\u00e9cente ou plus sophistiqu\u00e9e. <\/p>\n<div class=\"pogoClear mb-12 mt-10 rounded-md border-2 border-gray-100 py-7 shadow-xl md:py-6\">\n<div class=\"flex flex-wrap justify-between px-7 text-black no-underline md:flex-nowrap md:px-8\">\n<div class=\"order-1 mx-auto flex flex-col justify-center md:order-2 md:ml-4 md:w-full md:grow\">\n<div class=\"block cursor-pointer text-center font-akshar text-2xl font-medium leading-7 text-brand-green duration-200 ease-in-out hover:text-brand-green-700 md:text-left md:text-xl md:leading-6\">Apple Watch SE (2e g\u00e9n\u00e9ration) (GPS 40mm) Smartwatch avec \u00e9tui en aluminium argent\u00e9 avec bande de sport denim S \/ m. Trackers de fitness et de sommeil, d\u00e9tection de crash, moniteur de fr\u00e9quence cardiaque, affichage de la r\u00e9tine\n                <\/div>\n<div class=\"mt-4 hidden md:flex md:justify-between\">\n<div class=\"self-end\">\n<div class=\"mb-0 h-11 md:flex md:flex-col md:justify-center\">\n<div class=\" font-sans leading-4 text-black\">\n<div class=\"flex flex-wrap items-center justify-center gap-1 md:justify-start\">\n        <span class=\"font-bold\"><\/p>\n<p>            179,99 $<br \/>\n                            <span class=\"font-medium\">\u00e0 Amazon<\/span><br \/>\n                    <\/span>\n            <\/div>\n<div class=\"flex items-center justify-center gap-x-1 font-bold md:justify-start\">\n            <span class=\"text-sm line-through\">249,00 $<\/span><br \/>\n            <span class=\"text-sm text-brand-green\">\u00c9conomisez 69,01 $<\/span>\n        <\/div>\n<\/p><\/div>\n<\/p><\/div>\n<\/p><\/div>\n<div class=\"w-44 self-end\">\n                            <button class=\"flex justify-center items-center w-full bg-brand-green text-white text-base font-sans font-medium rounded-md hover:bg-brand-green-700 hover:cursor-pointer md:text-sm h-11\"><\/p>\n<p>    Conclure un accord<br \/>\n<\/button>\n                        <\/div>\n<\/p><\/div>\n<\/p><\/div>\n<div class=\"order-2 mt-5 h-auto w-full md:order-1 md:mt-0 md:hidden\">\n<div class=\"flex aspect-video items-center justify-center\">\n                                            <img decoding=\"async\" class=\"m-0 max-h-full max-w-full rounded-md\" src=\"https:\/\/vieassociative.be\/actualites\/wp-content\/uploads\/2025\/10\/1759814234_49_Les-meilleures-offres-primitives-precoces-sur-les-trackers-de-fitness.jpg\" alt=\"Apple Watch SE (2e g\u00e9n\u00e9ration) (GPS 40mm) Smartwatch avec \u00e9tui en aluminium argent\u00e9 avec bande de sport denim S \/ m. Trackers de fitness et de sommeil, d\u00e9tection de crash, moniteur de fr\u00e9quence cardiaque, affichage de la r\u00e9tine\" width=\"auto\" height=\"auto\" loading=\"lazy\">\n                                    <\/div>\n<\/p><\/div>\n<div class=\"order-2 ml-2 hidden w-32 shrink-0 items-center md:order-1 md:ml-0 md:flex\">\n<div class=\"flex aspect-video items-center justify-center\">\n                                            <img decoding=\"async\" class=\"m-0 max-h-full max-w-full rounded-md\" src=\"https:\/\/vieassociative.be\/actualites\/wp-content\/uploads\/2025\/10\/1759814234_49_Les-meilleures-offres-primitives-precoces-sur-les-trackers-de-fitness.jpg\" alt=\"Apple Watch SE (2e g\u00e9n\u00e9ration) (GPS 40mm) Smartwatch avec \u00e9tui en aluminium argent\u00e9 avec bande de sport denim S \/ m. Trackers de fitness et de sommeil, d\u00e9tection de crash, moniteur de fr\u00e9quence cardiaque, affichage de la r\u00e9tine\" width=\"auto\" height=\"auto\" loading=\"lazy\">\n                                    <\/div>\n<\/p><\/div>\n<div class=\"order-3 flex grow flex-wrap md:hidden md:grow-0\">\n<div class=\"mt-4 w-full\">\n                        <button class=\"flex justify-center items-center w-full bg-brand-green text-white text-base font-sans font-medium rounded-md hover:bg-brand-green-700 hover:cursor-pointer md:text-sm h-11\"><\/p>\n<p>    Conclure un accord<br \/>\n<\/button>\n                    <\/div>\n<div class=\"mx-2 mt-4 w-full\">\n<div class=\" font-sans leading-4 text-black\">\n<div class=\"flex flex-wrap items-center justify-center gap-1 md:justify-start\">\n        <span class=\"font-bold\"><\/p>\n<p>            179,99 $<br \/>\n                            <span class=\"font-medium\">\u00e0 Amazon<\/span><br \/>\n                    <\/span>\n            <\/div>\n<div class=\"flex items-center justify-center gap-x-1 font-bold md:justify-start\">\n            <span class=\"text-sm line-through\">249,00 $<\/span><br \/>\n            <span class=\"text-sm text-brand-green\">\u00c9conomisez 69,01 $<\/span>\n        <\/div>\n<\/p><\/div>\n<\/p><\/div>\n<\/p><\/div>\n<\/p><\/div>\n<\/div>\n<p>L&rsquo;Apple Watch de la s\u00e9rie 10 est \u00e9galement r\u00e9duite, \u00e0 partir de 329,99 $ pour la version GPS uniquement, en baisse de 399,99 $. Il s&rsquo;agit d&rsquo;Apple Watch de la gamme de milieu de gamme de l&rsquo;ann\u00e9e derni\u00e8re, que notre \u00e9diteur Michelle Ehrhardt a couronn\u00e9 la meilleure montre Apple pour la plupart des gens. La sortie de cette ann\u00e9e, la s\u00e9rie 11, n&rsquo;est qu&rsquo;une mise \u00e0 niveau l\u00e9g\u00e8re. Si vous optez pour la s\u00e9rie 10 \u00e0 la place, vous ne manquez que du verre plus dur, un modem 5G et une dur\u00e9e de vie de la batterie quelque peu am\u00e9lior\u00e9e. La s\u00e9rie 10 m\u00e9rite d&rsquo;\u00eatre consid\u00e9r\u00e9e si vous n&rsquo;avez pas besoin de ces fonctionnalit\u00e9s suppl\u00e9mentaires. <\/p>\n<h2 id=\"samsung\">Samsung<\/h2>\n<p>Le Galaxy Watch 7 est en vente \u00e0 partir de 199,99 $ aujourd&rsquo;hui, normalement 249,99 $. Cette montre est le mod\u00e8le l\u00e9g\u00e8rement plus ancien, car il a \u00e9t\u00e9 remplac\u00e9 par la Galaxy Watch 8 plus t\u00f4t cette ann\u00e9e. Mais c&rsquo;est toujours un choix solide pour une smartwatch Android. Le prix de 199,99 $ est pour la plus petite taille avec une connectivit\u00e9 Bluetooth uniquement, mais les deux tailles et les deux styles de connectivit\u00e9 (Bluetooth ou LTE) sont en vente pour environ 50 $ de rabais. <\/p>\n<div class=\"pogoClear mb-12 mt-10 rounded-md border-2 border-gray-100 py-7 shadow-xl md:py-6\">\n<div class=\"flex flex-wrap justify-between px-7 text-black no-underline md:flex-nowrap md:px-8\">\n<div class=\"order-1 mx-auto flex flex-col justify-center md:order-2 md:ml-4 md:w-full md:grow\">\n<div class=\"block cursor-pointer text-center font-akshar text-2xl font-medium leading-7 text-brand-green duration-200 ease-in-out hover:text-brand-green-700 md:text-left md:text-xl md:leading-6\">Samsung Galaxy Watch 7\n                <\/div>\n<div class=\"mt-4 hidden md:flex md:justify-between\">\n<div class=\"self-end\">\n<div class=\"mb-0 h-11 md:flex md:flex-col md:justify-center\">\n<div class=\" font-sans leading-4 text-black\">\n<div class=\"flex flex-wrap items-center justify-center gap-1 md:justify-start\">\n        <span class=\"font-bold\"><\/p>\n<p>            199,99 $<br \/>\n                            <span class=\"font-medium\">\u00e0 Amazon<\/span><br \/>\n                    <\/span>\n            <\/div>\n<div class=\"flex items-center justify-center gap-x-1 font-bold md:justify-start\">\n            <span class=\"text-sm line-through\">249,99 $<\/span><br \/>\n            <span class=\"text-sm text-brand-green\">\u00c9conomisez 50,00 $<\/span>\n        <\/div>\n<\/p><\/div>\n<\/p><\/div>\n<\/p><\/div>\n<div class=\"w-44 self-end\">\n                            <button class=\"flex justify-center items-center w-full bg-brand-green text-white text-base font-sans font-medium rounded-md hover:bg-brand-green-700 hover:cursor-pointer md:text-sm h-11\"><\/p>\n<p>    Conclure un accord<br \/>\n<\/button>\n                        <\/div>\n<\/p><\/div>\n<\/p><\/div>\n<div class=\"order-2 mt-5 h-auto w-full md:order-1 md:mt-0 md:hidden\">\n<div class=\"flex aspect-video items-center justify-center\">\n                                            <img decoding=\"async\" class=\"m-0 max-h-full max-w-full rounded-md\" src=\"https:\/\/vieassociative.be\/actualites\/wp-content\/uploads\/2025\/10\/1759814235_582_Les-meilleures-offres-primitives-precoces-sur-les-trackers-de-fitness.jpg\" alt=\"Samsung Galaxy Watch 7 40mm Bluetooth AI Smartwatch avec score d'\u00e9nergie, conseils de bien-\u00eatre, suivi de la fr\u00e9quence cardiaque, moniteur de sommeil, tracker de fitness, 2024, cr\u00e8me (version am\u00e9ricaine, garantie du fabricant 1 an\" width=\"auto\" height=\"auto\" loading=\"lazy\">\n                                    <\/div>\n<\/p><\/div>\n<div class=\"order-2 ml-2 hidden w-32 shrink-0 items-center md:order-1 md:ml-0 md:flex\">\n<div class=\"flex aspect-video items-center justify-center\">\n                                            <img decoding=\"async\" class=\"m-0 max-h-full max-w-full rounded-md\" src=\"https:\/\/vieassociative.be\/actualites\/wp-content\/uploads\/2025\/10\/1759814235_582_Les-meilleures-offres-primitives-precoces-sur-les-trackers-de-fitness.jpg\" alt=\"Samsung Galaxy Watch 7 40mm Bluetooth AI Smartwatch avec score d'\u00e9nergie, conseils de bien-\u00eatre, suivi de la fr\u00e9quence cardiaque, moniteur de sommeil, tracker de fitness, 2024, cr\u00e8me (version am\u00e9ricaine, garantie du fabricant 1 an\" width=\"auto\" height=\"auto\" loading=\"lazy\">\n                                    <\/div>\n<\/p><\/div>\n<div class=\"order-3 flex grow flex-wrap md:hidden md:grow-0\">\n<div class=\"mt-4 w-full\">\n                        <button class=\"flex justify-center items-center w-full bg-brand-green text-white text-base font-sans font-medium rounded-md hover:bg-brand-green-700 hover:cursor-pointer md:text-sm h-11\"><\/p>\n<p>    Conclure un accord<br \/>\n<\/button>\n                    <\/div>\n<div class=\"mx-2 mt-4 w-full\">\n<div class=\" font-sans leading-4 text-black\">\n<div class=\"flex flex-wrap items-center justify-center gap-1 md:justify-start\">\n        <span class=\"font-bold\"><\/p>\n<p>            199,99 $<br \/>\n                            <span class=\"font-medium\">\u00e0 Amazon<\/span><br \/>\n                    <\/span>\n            <\/div>\n<div class=\"flex items-center justify-center gap-x-1 font-bold md:justify-start\">\n            <span class=\"text-sm line-through\">249,99 $<\/span><br \/>\n            <span class=\"text-sm text-brand-green\">\u00c9conomisez 50,00 $<\/span>\n        <\/div>\n<\/p><\/div>\n<\/p><\/div>\n<\/p><\/div>\n<\/p><\/div>\n<\/div>\n<p>La couleur gris titane de la Galaxy Watch Ultra (publi\u00e9e cette ann\u00e9e) est en vente pour 599,99 $, en baisse de 649,99 $. D&rsquo;autres couleurs semblent encore \u00eatre pleinement prix. <\/p>\n<h2 id=\"fitbit\">Fitbit<\/h2>\n<p>Le meilleur tracker de fitness de base de Fitbit, la charge 6, est en vente aujourd&rsquo;hui pour 119,95 $, contre 159,95 $. J&rsquo;aime la charge 6 en tant que tracker sans fioritures, id\u00e9al pour quelqu&rsquo;un qui veut juste le suivi des \u00e9tapes et des activit\u00e9s sans trop y penser. (Cela dit, si vous voulez un \u00e9cran plus grand ou plus de fonctionnalit\u00e9s, consultez les Garmins que j&rsquo;ai mentionn\u00e9s ci-dessus.) J&rsquo;ai un examen de la charge 6 si vous souhaitez en savoir plus.<\/p>\n<div class=\"pogoClear mb-12 mt-10 rounded-md border-2 border-gray-100 py-7 shadow-xl md:py-6\">\n<div class=\"flex flex-wrap justify-between px-7 text-black no-underline md:flex-nowrap md:px-8\">\n<div class=\"order-1 mx-auto flex flex-col justify-center md:order-2 md:ml-4 md:w-full md:grow\">\n<div class=\"block cursor-pointer text-center font-akshar text-2xl font-medium leading-7 text-brand-green duration-200 ease-in-out hover:text-brand-green-700 md:text-left md:text-xl md:leading-6\">Fitbit Charge 6\n                <\/div>\n<div class=\"mt-4 hidden md:flex md:justify-between\">\n<div class=\"self-end\">\n<div class=\"mb-0 h-11 md:flex md:flex-col md:justify-center\">\n<div class=\" font-sans leading-4 text-black\">\n<div class=\"flex flex-wrap items-center justify-center gap-1 md:justify-start\">\n        <span class=\"font-bold\"><\/p>\n<p>            119,95 $<br \/>\n                            <span class=\"font-medium\">\u00e0 Amazon<\/span><br \/>\n                    <\/span>\n            <\/div>\n<div class=\"flex items-center justify-center gap-x-1 font-bold md:justify-start\">\n            <span class=\"text-sm line-through\">159,95 $<\/span><br \/>\n            <span class=\"text-sm text-brand-green\">\u00c9conomisez 40 $<\/span>\n        <\/div>\n<\/p><\/div>\n<\/p><\/div>\n<\/p><\/div>\n<div class=\"w-44 self-end\">\n                            <button class=\"flex justify-center items-center w-full bg-brand-green text-white text-base font-sans font-medium rounded-md hover:bg-brand-green-700 hover:cursor-pointer md:text-sm h-11\"><\/p>\n<p>    Conclure un accord<br \/>\n<\/button>\n                        <\/div>\n<\/p><\/div>\n<\/p><\/div>\n<div class=\"order-2 mt-5 h-auto w-full md:order-1 md:mt-0 md:hidden\">\n<div class=\"flex aspect-video items-center justify-center\">\n                                            <img decoding=\"async\" class=\"m-0 max-h-full max-w-full rounded-md\" src=\"https:\/\/vieassociative.be\/actualites\/wp-content\/uploads\/2025\/10\/1759814235_986_Les-meilleures-offres-primitives-precoces-sur-les-trackers-de-fitness.jpg\" alt=\"Fitbit Charge 6\" width=\"auto\" height=\"auto\" loading=\"lazy\">\n                                    <\/div>\n<\/p><\/div>\n<div class=\"order-2 ml-2 hidden w-32 shrink-0 items-center md:order-1 md:ml-0 md:flex\">\n<div class=\"flex aspect-video items-center justify-center\">\n                                            <img decoding=\"async\" class=\"m-0 max-h-full max-w-full rounded-md\" src=\"https:\/\/vieassociative.be\/actualites\/wp-content\/uploads\/2025\/10\/1759814235_986_Les-meilleures-offres-primitives-precoces-sur-les-trackers-de-fitness.jpg\" alt=\"Fitbit Charge 6\" width=\"auto\" height=\"auto\" loading=\"lazy\">\n                                    <\/div>\n<\/p><\/div>\n<div class=\"order-3 flex grow flex-wrap md:hidden md:grow-0\">\n<div class=\"mt-4 w-full\">\n                        <button class=\"flex justify-center items-center w-full bg-brand-green text-white text-base font-sans font-medium rounded-md hover:bg-brand-green-700 hover:cursor-pointer md:text-sm h-11\"><\/p>\n<p>    Conclure un accord<br \/>\n<\/button>\n                    <\/div>\n<div class=\"mx-2 mt-4 w-full\">\n<div class=\" font-sans leading-4 text-black\">\n<div class=\"flex flex-wrap items-center justify-center gap-1 md:justify-start\">\n        <span class=\"font-bold\"><\/p>\n<p>            119,95 $<br \/>\n                            <span class=\"font-medium\">\u00e0 Amazon<\/span><br \/>\n                    <\/span>\n            <\/div>\n<div class=\"flex items-center justify-center gap-x-1 font-bold md:justify-start\">\n            <span class=\"text-sm line-through\">159,95 $<\/span><br \/>\n            <span class=\"text-sm text-brand-green\">\u00c9conomisez 40 $<\/span>\n        <\/div>\n<\/p><\/div>\n<\/p><\/div>\n<\/p><\/div>\n<\/p><\/div>\n<\/div>\n<p>L&rsquo;Inspire 3 est \u00e9galement en vente pour 79,95 $, contre 99,95 $. Il n&rsquo;a pas son propre GPS et l&rsquo;\u00e9cran est plus petit. Le sens de style smartwatch 2 est de 199,95 $, contre 249,95 $. La Versa 4 est de 149,95 $, en baisse par rapport \u00e0 199,95 $.<\/p>\n<p><em>Vous cherchez autre chose? Les d\u00e9taillants comme Walmart et Best Buy ont des ventes de comp\u00e9tition de grande journ\u00e9e qui sont particuli\u00e8rement utiles si vous n&rsquo;avez pas Amazon Prime.<\/em><\/p>\n<ul>\n<li>\n<p><strong><em>Vente de concours de premier jour de Walmart<\/em><\/strong><em> se d\u00e9roule du 6 octobre \u00e0 19 h HE au 12 octobre et comprend des offres jusqu&rsquo;\u00e0 50% de r\u00e9duction. C&rsquo;est une option particuli\u00e8rement bonne si vous avez Walmart +.<\/em><\/p>\n<\/li>\n<li>\n<p><strong><em>Vente de concours de grande journ\u00e9e de Best Buy<\/em><\/strong><em> se d\u00e9roule du 27 septembre au 12 octobre et poss\u00e8de certaines des meilleures ventes technologiques en ligne. C&rsquo;est une option particuli\u00e8rement bonne si vous \u00eates un membre \u00abplus\u00bb ou \u00abtotal\u00bb de mon meilleur achat.<\/em><\/p>\n<\/li>\n<li>\n<p><strong><em>Vente de concours de premier jour de Target<\/em><\/strong><em> se d\u00e9roule du 5 octobre au 11 octobre, et il a des transactions \u00e0 50% de r\u00e9duction. Vous pouvez devenir un membre du cercle gratuitement.<\/em><\/p>\n<\/li>\n<\/ul>\n<hr>\n","protected":false},"excerpt":{"rendered":"<p>Des montres et des trackers de Garmin, Apple, Samsung et Fitbit sont d\u00e9j\u00e0 en vente. Voici mes choix. Amazon Big Deal Days se d\u00e9roule du<\/p>\n","protected":false},"author":1,"featured_media":10494,"comment_status":"","ping_status":"","sticky":false,"template":"","format":"standard","meta":{"footnotes":""},"categories":[38],"tags":[2703,2170,14,79,3684,345,8805,8804,33,5247],"class_list":["post-10493","post","type-post","status-publish","format-standard","has-post-thumbnail","hentry","category-sante","tag-fitness","tag-intelligentes","tag-les","tag-meilleures","tag-montres","tag-offres","tag-precoces","tag-primitives","tag-sur","tag-trackers","generate-columns","tablet-grid-50","mobile-grid-100","grid-parent","grid-33"],"yoast_head":"<!-- This site is optimized with the Yoast SEO plugin v24.0 - https:\/\/yoast.com\/wordpress\/plugins\/seo\/ -->\n<title>Les meilleures offres primitives pr\u00e9coces sur les trackers de fitness et les montres intelligentes | Vie Associative<\/title>\n<meta name=\"robots\" content=\"index, follow, max-snippet:-1, max-image-preview:large, max-video-preview:-1\" \/>\n<link rel=\"canonical\" href=\"https:\/\/vieassociative.be\/actualites\/les-meilleures-offres-primitives-precoces-sur-les-trackers-de-fitness-et-les-montres-intelligentes\/\" \/>\n<meta property=\"og:locale\" content=\"fr_FR\" \/>\n<meta property=\"og:type\" content=\"article\" \/>\n<meta property=\"og:title\" content=\"Les meilleures offres primitives pr\u00e9coces sur les trackers de fitness et les montres intelligentes | Vie Associative\" \/>\n<meta property=\"og:description\" content=\"Des montres et des trackers de Garmin, Apple, Samsung et Fitbit sont d\u00e9j\u00e0 en vente. Voici mes choix. Amazon Big Deal Days se d\u00e9roule du\" \/>\n<meta property=\"og:url\" content=\"https:\/\/vieassociative.be\/actualites\/les-meilleures-offres-primitives-precoces-sur-les-trackers-de-fitness-et-les-montres-intelligentes\/\" \/>\n<meta property=\"og:site_name\" content=\"Vie Associative\" \/>\n<meta property=\"article:published_time\" content=\"2025-10-07T05:17:15+00:00\" \/>\n<meta property=\"og:image\" content=\"https:\/\/vieassociative.be\/actualites\/wp-content\/uploads\/2025\/10\/Les-meilleures-offres-primitives-precoces-sur-les-trackers-de-fitness.jpg\" \/>\n<meta name=\"author\" content=\"Julien\" \/>\n<meta name=\"twitter:card\" content=\"summary_large_image\" \/>\n<meta name=\"twitter:label1\" content=\"\u00c9crit par\" \/>\n\t<meta name=\"twitter:data1\" content=\"Julien\" \/>\n\t<meta name=\"twitter:label2\" content=\"Dur\u00e9e de lecture est.\" \/>\n\t<meta name=\"twitter:data2\" content=\"5 minutes\" \/>\n<script type=\"application\/ld+json\" class=\"yoast-schema-graph\">{\"@context\":\"https:\/\/schema.org\",\"@graph\":[{\"@type\":\"Article\",\"@id\":\"https:\/\/vieassociative.be\/actualites\/les-meilleures-offres-primitives-precoces-sur-les-trackers-de-fitness-et-les-montres-intelligentes\/#article\",\"isPartOf\":{\"@id\":\"https:\/\/vieassociative.be\/actualites\/les-meilleures-offres-primitives-precoces-sur-les-trackers-de-fitness-et-les-montres-intelligentes\/\"},\"author\":{\"name\":\"Julien\",\"@id\":\"https:\/\/vieassociative.be\/actualites\/#\/schema\/person\/b87ac4f82f9d4e7b7cec7395b679edc4\"},\"headline\":\"Les meilleures offres primitives pr\u00e9coces sur les trackers de fitness et les montres intelligentes\",\"datePublished\":\"2025-10-07T05:17:15+00:00\",\"dateModified\":\"2025-10-07T05:17:15+00:00\",\"mainEntityOfPage\":{\"@id\":\"https:\/\/vieassociative.be\/actualites\/les-meilleures-offres-primitives-precoces-sur-les-trackers-de-fitness-et-les-montres-intelligentes\/\"},\"wordCount\":1064,\"publisher\":{\"@id\":\"https:\/\/vieassociative.be\/actualites\/#organization\"},\"image\":{\"@id\":\"https:\/\/vieassociative.be\/actualites\/les-meilleures-offres-primitives-precoces-sur-les-trackers-de-fitness-et-les-montres-intelligentes\/#primaryimage\"},\"thumbnailUrl\":\"https:\/\/vieassociative.be\/actualites\/wp-content\/uploads\/2025\/10\/1759814236_Les-meilleures-offres-primitives-precoces-sur-les-trackers-de-fitness.jpg\",\"keywords\":[\"fitness\",\"intelligentes\",\"Les\",\"meilleures\",\"montres\",\"offres\",\"pr\u00e9coces\",\"primitives\",\"sur\",\"trackers\"],\"articleSection\":[\"Sant\u00e9\"],\"inLanguage\":\"fr-BE\"},{\"@type\":\"WebPage\",\"@id\":\"https:\/\/vieassociative.be\/actualites\/les-meilleures-offres-primitives-precoces-sur-les-trackers-de-fitness-et-les-montres-intelligentes\/\",\"url\":\"https:\/\/vieassociative.be\/actualites\/les-meilleures-offres-primitives-precoces-sur-les-trackers-de-fitness-et-les-montres-intelligentes\/\",\"name\":\"Les meilleures offres primitives pr\u00e9coces sur les trackers de fitness et les montres intelligentes | Vie Associative\",\"isPartOf\":{\"@id\":\"https:\/\/vieassociative.be\/actualites\/#website\"},\"primaryImageOfPage\":{\"@id\":\"https:\/\/vieassociative.be\/actualites\/les-meilleures-offres-primitives-precoces-sur-les-trackers-de-fitness-et-les-montres-intelligentes\/#primaryimage\"},\"image\":{\"@id\":\"https:\/\/vieassociative.be\/actualites\/les-meilleures-offres-primitives-precoces-sur-les-trackers-de-fitness-et-les-montres-intelligentes\/#primaryimage\"},\"thumbnailUrl\":\"https:\/\/vieassociative.be\/actualites\/wp-content\/uploads\/2025\/10\/1759814236_Les-meilleures-offres-primitives-precoces-sur-les-trackers-de-fitness.jpg\",\"datePublished\":\"2025-10-07T05:17:15+00:00\",\"dateModified\":\"2025-10-07T05:17:15+00:00\",\"breadcrumb\":{\"@id\":\"https:\/\/vieassociative.be\/actualites\/les-meilleures-offres-primitives-precoces-sur-les-trackers-de-fitness-et-les-montres-intelligentes\/#breadcrumb\"},\"inLanguage\":\"fr-BE\",\"potentialAction\":[{\"@type\":\"ReadAction\",\"target\":[\"https:\/\/vieassociative.be\/actualites\/les-meilleures-offres-primitives-precoces-sur-les-trackers-de-fitness-et-les-montres-intelligentes\/\"]}]},{\"@type\":\"ImageObject\",\"inLanguage\":\"fr-BE\",\"@id\":\"https:\/\/vieassociative.be\/actualites\/les-meilleures-offres-primitives-precoces-sur-les-trackers-de-fitness-et-les-montres-intelligentes\/#primaryimage\",\"url\":\"https:\/\/vieassociative.be\/actualites\/wp-content\/uploads\/2025\/10\/1759814236_Les-meilleures-offres-primitives-precoces-sur-les-trackers-de-fitness.jpg\",\"contentUrl\":\"https:\/\/vieassociative.be\/actualites\/wp-content\/uploads\/2025\/10\/1759814236_Les-meilleures-offres-primitives-precoces-sur-les-trackers-de-fitness.jpg\",\"width\":1200,\"height\":675,\"caption\":\"Les meilleures offres primitives pr\u00e9coces sur les trackers de fitness et les montres intelligentes\"},{\"@type\":\"BreadcrumbList\",\"@id\":\"https:\/\/vieassociative.be\/actualites\/les-meilleures-offres-primitives-precoces-sur-les-trackers-de-fitness-et-les-montres-intelligentes\/#breadcrumb\",\"itemListElement\":[{\"@type\":\"ListItem\",\"position\":1,\"name\":\"Accueil\",\"item\":\"https:\/\/vieassociative.be\/actualites\/\"},{\"@type\":\"ListItem\",\"position\":2,\"name\":\"Les meilleures offres primitives pr\u00e9coces sur les trackers de fitness et les montres intelligentes\"}]},{\"@type\":\"WebSite\",\"@id\":\"https:\/\/vieassociative.be\/actualites\/#website\",\"url\":\"https:\/\/vieassociative.be\/actualites\/\",\"name\":\"Vie Associative\",\"description\":\"\",\"publisher\":{\"@id\":\"https:\/\/vieassociative.be\/actualites\/#organization\"},\"potentialAction\":[{\"@type\":\"SearchAction\",\"target\":{\"@type\":\"EntryPoint\",\"urlTemplate\":\"https:\/\/vieassociative.be\/actualites\/?s={search_term_string}\"},\"query-input\":{\"@type\":\"PropertyValueSpecification\",\"valueRequired\":true,\"valueName\":\"search_term_string\"}}],\"inLanguage\":\"fr-BE\"},{\"@type\":\"Organization\",\"@id\":\"https:\/\/vieassociative.be\/actualites\/#organization\",\"name\":\"Vie Associative\",\"url\":\"https:\/\/vieassociative.be\/actualites\/\",\"logo\":{\"@type\":\"ImageObject\",\"inLanguage\":\"fr-BE\",\"@id\":\"https:\/\/vieassociative.be\/actualites\/#\/schema\/logo\/image\/\",\"url\":\"https:\/\/vieassociative.be\/actualites\/wp-content\/uploads\/2024\/09\/cropped-vieassociative_favicon.ico.png\",\"contentUrl\":\"https:\/\/vieassociative.be\/actualites\/wp-content\/uploads\/2024\/09\/cropped-vieassociative_favicon.ico.png\",\"width\":512,\"height\":512,\"caption\":\"Vie Associative\"},\"image\":{\"@id\":\"https:\/\/vieassociative.be\/actualites\/#\/schema\/logo\/image\/\"}},{\"@type\":\"Person\",\"@id\":\"https:\/\/vieassociative.be\/actualites\/#\/schema\/person\/b87ac4f82f9d4e7b7cec7395b679edc4\",\"name\":\"Julien\",\"image\":{\"@type\":\"ImageObject\",\"inLanguage\":\"fr-BE\",\"@id\":\"https:\/\/vieassociative.be\/actualites\/#\/schema\/person\/image\/\",\"url\":\"https:\/\/vieassociative.be\/actualites\/wp-content\/uploads\/2024\/09\/vie-associative-1-150x150.jpg\",\"contentUrl\":\"https:\/\/vieassociative.be\/actualites\/wp-content\/uploads\/2024\/09\/vie-associative-1-150x150.jpg\",\"caption\":\"Julien\"},\"description\":\"Je suis Julien, r\u00e9dacteur pour Vie Associative. Passionn\u00e9 par le monde associatif depuis plus de 10 ans, j'ai \u00e0 c\u0153ur de partager des histoires inspirantes et de mettre en lumi\u00e8re les initiatives locales. Mon objectif est de sensibiliser et d'encourager l'engagement communautaire \u00e0 travers mes articles.\",\"sameAs\":[\"https:\/\/vieassociative.be\/\"]}]}<\/script>\n<!-- \/ Yoast SEO plugin. -->","yoast_head_json":{"title":"Les meilleures offres primitives pr\u00e9coces sur les trackers de fitness et les montres intelligentes | Vie Associative","robots":{"index":"index","follow":"follow","max-snippet":"max-snippet:-1","max-image-preview":"max-image-preview:large","max-video-preview":"max-video-preview:-1"},"canonical":"https:\/\/vieassociative.be\/actualites\/les-meilleures-offres-primitives-precoces-sur-les-trackers-de-fitness-et-les-montres-intelligentes\/","og_locale":"fr_FR","og_type":"article","og_title":"Les meilleures offres primitives pr\u00e9coces sur les trackers de fitness et les montres intelligentes | Vie Associative","og_description":"Des montres et des trackers de Garmin, Apple, Samsung et Fitbit sont d\u00e9j\u00e0 en vente. Voici mes choix. Amazon Big Deal Days se d\u00e9roule du","og_url":"https:\/\/vieassociative.be\/actualites\/les-meilleures-offres-primitives-precoces-sur-les-trackers-de-fitness-et-les-montres-intelligentes\/","og_site_name":"Vie Associative","article_published_time":"2025-10-07T05:17:15+00:00","og_image":[{"url":"https:\/\/vieassociative.be\/actualites\/wp-content\/uploads\/2025\/10\/Les-meilleures-offres-primitives-precoces-sur-les-trackers-de-fitness.jpg","type":"","width":"","height":""}],"author":"Julien","twitter_card":"summary_large_image","twitter_misc":{"\u00c9crit par":"Julien","Dur\u00e9e de lecture est.":"5 minutes"},"schema":{"@context":"https:\/\/schema.org","@graph":[{"@type":"Article","@id":"https:\/\/vieassociative.be\/actualites\/les-meilleures-offres-primitives-precoces-sur-les-trackers-de-fitness-et-les-montres-intelligentes\/#article","isPartOf":{"@id":"https:\/\/vieassociative.be\/actualites\/les-meilleures-offres-primitives-precoces-sur-les-trackers-de-fitness-et-les-montres-intelligentes\/"},"author":{"name":"Julien","@id":"https:\/\/vieassociative.be\/actualites\/#\/schema\/person\/b87ac4f82f9d4e7b7cec7395b679edc4"},"headline":"Les meilleures offres primitives pr\u00e9coces sur les trackers de fitness et les montres intelligentes","datePublished":"2025-10-07T05:17:15+00:00","dateModified":"2025-10-07T05:17:15+00:00","mainEntityOfPage":{"@id":"https:\/\/vieassociative.be\/actualites\/les-meilleures-offres-primitives-precoces-sur-les-trackers-de-fitness-et-les-montres-intelligentes\/"},"wordCount":1064,"publisher":{"@id":"https:\/\/vieassociative.be\/actualites\/#organization"},"image":{"@id":"https:\/\/vieassociative.be\/actualites\/les-meilleures-offres-primitives-precoces-sur-les-trackers-de-fitness-et-les-montres-intelligentes\/#primaryimage"},"thumbnailUrl":"https:\/\/vieassociative.be\/actualites\/wp-content\/uploads\/2025\/10\/1759814236_Les-meilleures-offres-primitives-precoces-sur-les-trackers-de-fitness.jpg","keywords":["fitness","intelligentes","Les","meilleures","montres","offres","pr\u00e9coces","primitives","sur","trackers"],"articleSection":["Sant\u00e9"],"inLanguage":"fr-BE"},{"@type":"WebPage","@id":"https:\/\/vieassociative.be\/actualites\/les-meilleures-offres-primitives-precoces-sur-les-trackers-de-fitness-et-les-montres-intelligentes\/","url":"https:\/\/vieassociative.be\/actualites\/les-meilleures-offres-primitives-precoces-sur-les-trackers-de-fitness-et-les-montres-intelligentes\/","name":"Les meilleures offres primitives pr\u00e9coces sur les trackers de fitness et les montres intelligentes | Vie Associative","isPartOf":{"@id":"https:\/\/vieassociative.be\/actualites\/#website"},"primaryImageOfPage":{"@id":"https:\/\/vieassociative.be\/actualites\/les-meilleures-offres-primitives-precoces-sur-les-trackers-de-fitness-et-les-montres-intelligentes\/#primaryimage"},"image":{"@id":"https:\/\/vieassociative.be\/actualites\/les-meilleures-offres-primitives-precoces-sur-les-trackers-de-fitness-et-les-montres-intelligentes\/#primaryimage"},"thumbnailUrl":"https:\/\/vieassociative.be\/actualites\/wp-content\/uploads\/2025\/10\/1759814236_Les-meilleures-offres-primitives-precoces-sur-les-trackers-de-fitness.jpg","datePublished":"2025-10-07T05:17:15+00:00","dateModified":"2025-10-07T05:17:15+00:00","breadcrumb":{"@id":"https:\/\/vieassociative.be\/actualites\/les-meilleures-offres-primitives-precoces-sur-les-trackers-de-fitness-et-les-montres-intelligentes\/#breadcrumb"},"inLanguage":"fr-BE","potentialAction":[{"@type":"ReadAction","target":["https:\/\/vieassociative.be\/actualites\/les-meilleures-offres-primitives-precoces-sur-les-trackers-de-fitness-et-les-montres-intelligentes\/"]}]},{"@type":"ImageObject","inLanguage":"fr-BE","@id":"https:\/\/vieassociative.be\/actualites\/les-meilleures-offres-primitives-precoces-sur-les-trackers-de-fitness-et-les-montres-intelligentes\/#primaryimage","url":"https:\/\/vieassociative.be\/actualites\/wp-content\/uploads\/2025\/10\/1759814236_Les-meilleures-offres-primitives-precoces-sur-les-trackers-de-fitness.jpg","contentUrl":"https:\/\/vieassociative.be\/actualites\/wp-content\/uploads\/2025\/10\/1759814236_Les-meilleures-offres-primitives-precoces-sur-les-trackers-de-fitness.jpg","width":1200,"height":675,"caption":"Les meilleures offres primitives pr\u00e9coces sur les trackers de fitness et les montres intelligentes"},{"@type":"BreadcrumbList","@id":"https:\/\/vieassociative.be\/actualites\/les-meilleures-offres-primitives-precoces-sur-les-trackers-de-fitness-et-les-montres-intelligentes\/#breadcrumb","itemListElement":[{"@type":"ListItem","position":1,"name":"Accueil","item":"https:\/\/vieassociative.be\/actualites\/"},{"@type":"ListItem","position":2,"name":"Les meilleures offres primitives pr\u00e9coces sur les trackers de fitness et les montres intelligentes"}]},{"@type":"WebSite","@id":"https:\/\/vieassociative.be\/actualites\/#website","url":"https:\/\/vieassociative.be\/actualites\/","name":"Vie Associative","description":"","publisher":{"@id":"https:\/\/vieassociative.be\/actualites\/#organization"},"potentialAction":[{"@type":"SearchAction","target":{"@type":"EntryPoint","urlTemplate":"https:\/\/vieassociative.be\/actualites\/?s={search_term_string}"},"query-input":{"@type":"PropertyValueSpecification","valueRequired":true,"valueName":"search_term_string"}}],"inLanguage":"fr-BE"},{"@type":"Organization","@id":"https:\/\/vieassociative.be\/actualites\/#organization","name":"Vie Associative","url":"https:\/\/vieassociative.be\/actualites\/","logo":{"@type":"ImageObject","inLanguage":"fr-BE","@id":"https:\/\/vieassociative.be\/actualites\/#\/schema\/logo\/image\/","url":"https:\/\/vieassociative.be\/actualites\/wp-content\/uploads\/2024\/09\/cropped-vieassociative_favicon.ico.png","contentUrl":"https:\/\/vieassociative.be\/actualites\/wp-content\/uploads\/2024\/09\/cropped-vieassociative_favicon.ico.png","width":512,"height":512,"caption":"Vie Associative"},"image":{"@id":"https:\/\/vieassociative.be\/actualites\/#\/schema\/logo\/image\/"}},{"@type":"Person","@id":"https:\/\/vieassociative.be\/actualites\/#\/schema\/person\/b87ac4f82f9d4e7b7cec7395b679edc4","name":"Julien","image":{"@type":"ImageObject","inLanguage":"fr-BE","@id":"https:\/\/vieassociative.be\/actualites\/#\/schema\/person\/image\/","url":"https:\/\/vieassociative.be\/actualites\/wp-content\/uploads\/2024\/09\/vie-associative-1-150x150.jpg","contentUrl":"https:\/\/vieassociative.be\/actualites\/wp-content\/uploads\/2024\/09\/vie-associative-1-150x150.jpg","caption":"Julien"},"description":"Je suis Julien, r\u00e9dacteur pour Vie Associative. Passionn\u00e9 par le monde associatif depuis plus de 10 ans, j'ai \u00e0 c\u0153ur de partager des histoires inspirantes et de mettre en lumi\u00e8re les initiatives locales. Mon objectif est de sensibiliser et d'encourager l'engagement communautaire \u00e0 travers mes articles.","sameAs":["https:\/\/vieassociative.be\/"]}]}},"_links":{"self":[{"href":"https:\/\/vieassociative.be\/actualites\/wp-json\/wp\/v2\/posts\/10493"}],"collection":[{"href":"https:\/\/vieassociative.be\/actualites\/wp-json\/wp\/v2\/posts"}],"about":[{"href":"https:\/\/vieassociative.be\/actualites\/wp-json\/wp\/v2\/types\/post"}],"author":[{"embeddable":true,"href":"https:\/\/vieassociative.be\/actualites\/wp-json\/wp\/v2\/users\/1"}],"replies":[{"embeddable":true,"href":"https:\/\/vieassociative.be\/actualites\/wp-json\/wp\/v2\/comments?post=10493"}],"version-history":[{"count":0,"href":"https:\/\/vieassociative.be\/actualites\/wp-json\/wp\/v2\/posts\/10493\/revisions"}],"wp:featuredmedia":[{"embeddable":true,"href":"https:\/\/vieassociative.be\/actualites\/wp-json\/wp\/v2\/media\/10494"}],"wp:attachment":[{"href":"https:\/\/vieassociative.be\/actualites\/wp-json\/wp\/v2\/media?parent=10493"}],"wp:term":[{"taxonomy":"category","embeddable":true,"href":"https:\/\/vieassociative.be\/actualites\/wp-json\/wp\/v2\/categories?post=10493"},{"taxonomy":"post_tag","embeddable":true,"href":"https:\/\/vieassociative.be\/actualites\/wp-json\/wp\/v2\/tags?post=10493"}],"curies":[{"name":"wp","href":"https:\/\/api.w.org\/{rel}","templated":true}]}}