{"id":10491,"date":"2025-10-07T04:16:57","date_gmt":"2025-10-07T02:16:57","guid":{"rendered":"https:\/\/vieassociative.be\/actualites\/rien-ne-va-plus-au-champion-de-la-dette-europeen-le-premier-ministre-francais-demissionnera-apres-seulement-quatre-semaines\/"},"modified":"2025-10-07T04:16:57","modified_gmt":"2025-10-07T02:16:57","slug":"rien-ne-va-plus-au-champion-de-la-dette-europeen-le-premier-ministre-francais-demissionnera-apres-seulement-quatre-semaines","status":"publish","type":"post","link":"https:\/\/vieassociative.be\/actualites\/rien-ne-va-plus-au-champion-de-la-dette-europeen-le-premier-ministre-francais-demissionnera-apres-seulement-quatre-semaines\/","title":{"rendered":"Rien NE VA Plus au champion de la dette europ\u00e9en: le Premier ministre fran\u00e7ais d\u00e9missionnera apr\u00e8s seulement quatre semaines"},"content":{"rendered":"<p><strong>Le nouveau Premier ministre fran\u00e7ais S\u00e9bastien Lecornu a \u00e9tonnamment d\u00e9missionn\u00e9 apr\u00e8s seulement quatre semaines face \u00e0 une crise du gouvernement. Le premier ministre a soumis sa d\u00e9mission au pr\u00e9sident Emmanuel Macron et il l&rsquo;a accept\u00e9, a d\u00e9clar\u00e9 le palais de l&rsquo;\u00c9lys\u00e9e.<\/strong><\/p>\n<p><span id=\"more-426340\"><\/span>Ce n&rsquo;est que la veille, Lecornu avait annonc\u00e9 la distribution des d\u00e9partements cl\u00e9s dans le futur gouvernement et avait ainsi \u00e9lev\u00e9 les conservateurs contre eux-m\u00eames, qui mena\u00e7ait rapidement de se retirer du gouvernement. En cela, les R\u00e9publicains avec le camp central du pr\u00e9sident Emmanuel Macron r\u00e8gne, mais le gouvernement n&rsquo;a aucune majorit\u00e9 au Parlement.<\/p>\n<p>Le ministre de l&rsquo;Int\u00e9rieur et pr\u00e9sident du R\u00e9publicain, Bruno Retailleau, a confirm\u00e9 dans son bureau, s&rsquo;est exprim\u00e9 dimanche soir sur la composition du nouveau gouvernement et a annonc\u00e9 une r\u00e9union de crise de son parti pour ce lundi. Le premier ministre, qui vient du camp pr\u00e9sidentiel, a d\u00e9missionn\u00e9 avant le d\u00e9but de cette r\u00e9union.<\/p>\n<div id=\"attachment_426344\" class=\"wp-caption alignleft\" style=\"max-width: 300px\"><img fetchpriority=\"high\" decoding=\"async\" class=\"wp-image-426344 size-medium\" src=\"https:\/\/vieassociative.be\/actualites\/wp-content\/uploads\/2025\/10\/Rien-NE-VA-Plus-au-champion-de-la-dette-europeen.jpg\" alt=\"\" width=\"300\" height=\"200\"><\/div>\n<p>Retailleau avait pr\u00e9c\u00e9demment demand\u00e9 un tiers des postes minist\u00e9riels pour son parti et \u00e9tait insatisfait du r\u00f4le et du poids des conservateurs du nouveau gouvernement, a rapport\u00e9 les m\u00e9dias, se r\u00e9f\u00e9rant aux directeurs du parti. Les conservateurs ont \u00e9galement veill\u00e9 \u00e0 ce que le ministre de l&rsquo;\u00c9conomie et les Finances de longue date Bruno Le Maire, qui appartenait au Parti Macron Mitte, ait \u00e9t\u00e9 \u00e9tonnamment d\u00e9termin\u00e9 comme le ministre de la D\u00e9fense.<\/p>\n<p><strong>&#8211; La France est dans la crise budg\u00e9taire:<\/strong> La France est maintenant dans une crise politique s\u00e9rieuse sur laquelle le pr\u00e9sident Macron exerce massivement la pression. Il est maintenant oblig\u00e9 d&rsquo;aller \u00e0 la recherche d&rsquo;un nouveau Premier ministre pour la troisi\u00e8me fois cette ann\u00e9e. Cependant, il peut \u00e9galement dissoudre le Parlement et appeler de nouvelles \u00e9lections. Le gouvernement pr\u00e9c\u00e9dent sous Fran\u00e7ois Bayrou est tomb\u00e9 dans le diff\u00e9rend sur le budget d&rsquo;\u00e9pargne pr\u00e9vu dans une question de confiance. Avec environ 3,3 billions d&rsquo;euros, le pays a la plus \u00e9lev\u00e9e de la dette de l&rsquo;Union europ\u00e9enne. (DPA \/ CRE)<\/p>\n","protected":false},"excerpt":{"rendered":"<p>Le nouveau Premier ministre fran\u00e7ais S\u00e9bastien Lecornu a \u00e9tonnamment d\u00e9missionn\u00e9 apr\u00e8s seulement quatre semaines face \u00e0 une crise du gouvernement. Le premier ministre a soumis<\/p>\n","protected":false},"author":1,"featured_media":10492,"comment_status":"","ping_status":"","sticky":false,"template":"","format":"standard","meta":{"footnotes":""},"categories":[298],"tags":[472,2524,8803,2609,2896,3990,1245,443,1435,892,3098,2583],"class_list":["post-10491","post","type-post","status-publish","format-standard","has-post-thumbnail","hentry","category-belgique","tag-apres","tag-champion","tag-demissionnera","tag-dette","tag-europeen","tag-francais","tag-ministre","tag-premier","tag-quatre","tag-rien","tag-semaines","tag-seulement","generate-columns","tablet-grid-50","mobile-grid-100","grid-parent","grid-33"],"yoast_head":"<!-- This site is optimized with the Yoast SEO plugin v24.0 - https:\/\/yoast.com\/wordpress\/plugins\/seo\/ -->\n<title>Rien NE VA Plus au champion de la dette europ\u00e9en: le Premier ministre fran\u00e7ais d\u00e9missionnera apr\u00e8s seulement quatre semaines | Vie Associative<\/title>\n<meta name=\"robots\" content=\"index, follow, max-snippet:-1, max-image-preview:large, max-video-preview:-1\" \/>\n<link rel=\"canonical\" href=\"https:\/\/vieassociative.be\/actualites\/rien-ne-va-plus-au-champion-de-la-dette-europeen-le-premier-ministre-francais-demissionnera-apres-seulement-quatre-semaines\/\" \/>\n<meta property=\"og:locale\" content=\"fr_FR\" \/>\n<meta property=\"og:type\" content=\"article\" \/>\n<meta property=\"og:title\" content=\"Rien NE VA Plus au champion de la dette europ\u00e9en: le Premier ministre fran\u00e7ais d\u00e9missionnera apr\u00e8s seulement quatre semaines | Vie Associative\" \/>\n<meta property=\"og:description\" content=\"Le nouveau Premier ministre fran\u00e7ais S\u00e9bastien Lecornu a \u00e9tonnamment d\u00e9missionn\u00e9 apr\u00e8s seulement quatre semaines face \u00e0 une crise du gouvernement. Le premier ministre a soumis\" \/>\n<meta property=\"og:url\" content=\"https:\/\/vieassociative.be\/actualites\/rien-ne-va-plus-au-champion-de-la-dette-europeen-le-premier-ministre-francais-demissionnera-apres-seulement-quatre-semaines\/\" \/>\n<meta property=\"og:site_name\" content=\"Vie Associative\" \/>\n<meta property=\"article:published_time\" content=\"2025-10-07T02:16:57+00:00\" \/>\n<meta property=\"og:image\" content=\"https:\/\/vieassociative.be\/actualites\/wp-content\/uploads\/2024\/09\/header_backgroundk-01-e1726694325946.png\" \/>\n\t<meta property=\"og:image:width\" content=\"279\" \/>\n\t<meta property=\"og:image:height\" content=\"92\" \/>\n\t<meta property=\"og:image:type\" content=\"image\/png\" \/>\n<meta name=\"author\" content=\"Julien\" \/>\n<meta name=\"twitter:card\" content=\"summary_large_image\" \/>\n<meta name=\"twitter:label1\" content=\"\u00c9crit par\" \/>\n\t<meta name=\"twitter:data1\" content=\"Julien\" \/>\n\t<meta name=\"twitter:label2\" content=\"Dur\u00e9e de lecture est.\" \/>\n\t<meta name=\"twitter:data2\" content=\"2 minutes\" \/>\n<script type=\"application\/ld+json\" class=\"yoast-schema-graph\">{\"@context\":\"https:\/\/schema.org\",\"@graph\":[{\"@type\":\"Article\",\"@id\":\"https:\/\/vieassociative.be\/actualites\/rien-ne-va-plus-au-champion-de-la-dette-europeen-le-premier-ministre-francais-demissionnera-apres-seulement-quatre-semaines\/#article\",\"isPartOf\":{\"@id\":\"https:\/\/vieassociative.be\/actualites\/rien-ne-va-plus-au-champion-de-la-dette-europeen-le-premier-ministre-francais-demissionnera-apres-seulement-quatre-semaines\/\"},\"author\":{\"name\":\"Julien\",\"@id\":\"https:\/\/vieassociative.be\/actualites\/#\/schema\/person\/b87ac4f82f9d4e7b7cec7395b679edc4\"},\"headline\":\"Rien NE VA Plus au champion de la dette europ\u00e9en: le Premier ministre fran\u00e7ais d\u00e9missionnera apr\u00e8s seulement quatre semaines\",\"datePublished\":\"2025-10-07T02:16:57+00:00\",\"dateModified\":\"2025-10-07T02:16:57+00:00\",\"mainEntityOfPage\":{\"@id\":\"https:\/\/vieassociative.be\/actualites\/rien-ne-va-plus-au-champion-de-la-dette-europeen-le-premier-ministre-francais-demissionnera-apres-seulement-quatre-semaines\/\"},\"wordCount\":392,\"publisher\":{\"@id\":\"https:\/\/vieassociative.be\/actualites\/#organization\"},\"image\":{\"@id\":\"https:\/\/vieassociative.be\/actualites\/rien-ne-va-plus-au-champion-de-la-dette-europeen-le-premier-ministre-francais-demissionnera-apres-seulement-quatre-semaines\/#primaryimage\"},\"thumbnailUrl\":\"https:\/\/vieassociative.be\/actualites\/wp-content\/uploads\/2025\/10\/1759803417_Rien-NE-VA-Plus-au-champion-de-la-dette-europeen.jpg\",\"keywords\":[\"Apr\u00e8s\",\"champion\",\"d\u00e9missionnera\",\"dette\",\"europ\u00e9en\",\"fran\u00e7ais\",\"ministre\",\"premier\",\"Quatre\",\"rien\",\"semaines\",\"seulement\"],\"articleSection\":[\"Belgique\"],\"inLanguage\":\"fr-BE\"},{\"@type\":\"WebPage\",\"@id\":\"https:\/\/vieassociative.be\/actualites\/rien-ne-va-plus-au-champion-de-la-dette-europeen-le-premier-ministre-francais-demissionnera-apres-seulement-quatre-semaines\/\",\"url\":\"https:\/\/vieassociative.be\/actualites\/rien-ne-va-plus-au-champion-de-la-dette-europeen-le-premier-ministre-francais-demissionnera-apres-seulement-quatre-semaines\/\",\"name\":\"Rien NE VA Plus au champion de la dette europ\u00e9en: le Premier ministre fran\u00e7ais d\u00e9missionnera apr\u00e8s seulement quatre semaines | Vie Associative\",\"isPartOf\":{\"@id\":\"https:\/\/vieassociative.be\/actualites\/#website\"},\"primaryImageOfPage\":{\"@id\":\"https:\/\/vieassociative.be\/actualites\/rien-ne-va-plus-au-champion-de-la-dette-europeen-le-premier-ministre-francais-demissionnera-apres-seulement-quatre-semaines\/#primaryimage\"},\"image\":{\"@id\":\"https:\/\/vieassociative.be\/actualites\/rien-ne-va-plus-au-champion-de-la-dette-europeen-le-premier-ministre-francais-demissionnera-apres-seulement-quatre-semaines\/#primaryimage\"},\"thumbnailUrl\":\"https:\/\/vieassociative.be\/actualites\/wp-content\/uploads\/2025\/10\/1759803417_Rien-NE-VA-Plus-au-champion-de-la-dette-europeen.jpg\",\"datePublished\":\"2025-10-07T02:16:57+00:00\",\"dateModified\":\"2025-10-07T02:16:57+00:00\",\"breadcrumb\":{\"@id\":\"https:\/\/vieassociative.be\/actualites\/rien-ne-va-plus-au-champion-de-la-dette-europeen-le-premier-ministre-francais-demissionnera-apres-seulement-quatre-semaines\/#breadcrumb\"},\"inLanguage\":\"fr-BE\",\"potentialAction\":[{\"@type\":\"ReadAction\",\"target\":[\"https:\/\/vieassociative.be\/actualites\/rien-ne-va-plus-au-champion-de-la-dette-europeen-le-premier-ministre-francais-demissionnera-apres-seulement-quatre-semaines\/\"]}]},{\"@type\":\"ImageObject\",\"inLanguage\":\"fr-BE\",\"@id\":\"https:\/\/vieassociative.be\/actualites\/rien-ne-va-plus-au-champion-de-la-dette-europeen-le-premier-ministre-francais-demissionnera-apres-seulement-quatre-semaines\/#primaryimage\",\"url\":\"https:\/\/vieassociative.be\/actualites\/wp-content\/uploads\/2025\/10\/1759803417_Rien-NE-VA-Plus-au-champion-de-la-dette-europeen.jpg\",\"contentUrl\":\"https:\/\/vieassociative.be\/actualites\/wp-content\/uploads\/2025\/10\/1759803417_Rien-NE-VA-Plus-au-champion-de-la-dette-europeen.jpg\",\"width\":1200,\"height\":819,\"caption\":\"Rien NE VA Plus au champion de la dette europ\u00e9en: le Premier ministre fran\u00e7ais d\u00e9missionnera apr\u00e8s seulement quatre semaines\"},{\"@type\":\"BreadcrumbList\",\"@id\":\"https:\/\/vieassociative.be\/actualites\/rien-ne-va-plus-au-champion-de-la-dette-europeen-le-premier-ministre-francais-demissionnera-apres-seulement-quatre-semaines\/#breadcrumb\",\"itemListElement\":[{\"@type\":\"ListItem\",\"position\":1,\"name\":\"Accueil\",\"item\":\"https:\/\/vieassociative.be\/actualites\/\"},{\"@type\":\"ListItem\",\"position\":2,\"name\":\"Rien NE VA Plus au champion de la dette europ\u00e9en: le Premier ministre fran\u00e7ais d\u00e9missionnera apr\u00e8s seulement quatre semaines\"}]},{\"@type\":\"WebSite\",\"@id\":\"https:\/\/vieassociative.be\/actualites\/#website\",\"url\":\"https:\/\/vieassociative.be\/actualites\/\",\"name\":\"Vie Associative\",\"description\":\"\",\"publisher\":{\"@id\":\"https:\/\/vieassociative.be\/actualites\/#organization\"},\"potentialAction\":[{\"@type\":\"SearchAction\",\"target\":{\"@type\":\"EntryPoint\",\"urlTemplate\":\"https:\/\/vieassociative.be\/actualites\/?s={search_term_string}\"},\"query-input\":{\"@type\":\"PropertyValueSpecification\",\"valueRequired\":true,\"valueName\":\"search_term_string\"}}],\"inLanguage\":\"fr-BE\"},{\"@type\":\"Organization\",\"@id\":\"https:\/\/vieassociative.be\/actualites\/#organization\",\"name\":\"Vie Associative\",\"url\":\"https:\/\/vieassociative.be\/actualites\/\",\"logo\":{\"@type\":\"ImageObject\",\"inLanguage\":\"fr-BE\",\"@id\":\"https:\/\/vieassociative.be\/actualites\/#\/schema\/logo\/image\/\",\"url\":\"https:\/\/vieassociative.be\/actualites\/wp-content\/uploads\/2024\/09\/cropped-vieassociative_favicon.ico.png\",\"contentUrl\":\"https:\/\/vieassociative.be\/actualites\/wp-content\/uploads\/2024\/09\/cropped-vieassociative_favicon.ico.png\",\"width\":512,\"height\":512,\"caption\":\"Vie Associative\"},\"image\":{\"@id\":\"https:\/\/vieassociative.be\/actualites\/#\/schema\/logo\/image\/\"}},{\"@type\":\"Person\",\"@id\":\"https:\/\/vieassociative.be\/actualites\/#\/schema\/person\/b87ac4f82f9d4e7b7cec7395b679edc4\",\"name\":\"Julien\",\"image\":{\"@type\":\"ImageObject\",\"inLanguage\":\"fr-BE\",\"@id\":\"https:\/\/vieassociative.be\/actualites\/#\/schema\/person\/image\/\",\"url\":\"https:\/\/vieassociative.be\/actualites\/wp-content\/uploads\/2024\/09\/vie-associative-1-150x150.jpg\",\"contentUrl\":\"https:\/\/vieassociative.be\/actualites\/wp-content\/uploads\/2024\/09\/vie-associative-1-150x150.jpg\",\"caption\":\"Julien\"},\"description\":\"Je suis Julien, r\u00e9dacteur pour Vie Associative. Passionn\u00e9 par le monde associatif depuis plus de 10 ans, j'ai \u00e0 c\u0153ur de partager des histoires inspirantes et de mettre en lumi\u00e8re les initiatives locales. Mon objectif est de sensibiliser et d'encourager l'engagement communautaire \u00e0 travers mes articles.\",\"sameAs\":[\"https:\/\/vieassociative.be\/\"]}]}<\/script>\n<!-- \/ Yoast SEO plugin. -->","yoast_head_json":{"title":"Rien NE VA Plus au champion de la dette europ\u00e9en: le Premier ministre fran\u00e7ais d\u00e9missionnera apr\u00e8s seulement quatre semaines | Vie Associative","robots":{"index":"index","follow":"follow","max-snippet":"max-snippet:-1","max-image-preview":"max-image-preview:large","max-video-preview":"max-video-preview:-1"},"canonical":"https:\/\/vieassociative.be\/actualites\/rien-ne-va-plus-au-champion-de-la-dette-europeen-le-premier-ministre-francais-demissionnera-apres-seulement-quatre-semaines\/","og_locale":"fr_FR","og_type":"article","og_title":"Rien NE VA Plus au champion de la dette europ\u00e9en: le Premier ministre fran\u00e7ais d\u00e9missionnera apr\u00e8s seulement quatre semaines | Vie Associative","og_description":"Le nouveau Premier ministre fran\u00e7ais S\u00e9bastien Lecornu a \u00e9tonnamment d\u00e9missionn\u00e9 apr\u00e8s seulement quatre semaines face \u00e0 une crise du gouvernement. Le premier ministre a soumis","og_url":"https:\/\/vieassociative.be\/actualites\/rien-ne-va-plus-au-champion-de-la-dette-europeen-le-premier-ministre-francais-demissionnera-apres-seulement-quatre-semaines\/","og_site_name":"Vie Associative","article_published_time":"2025-10-07T02:16:57+00:00","og_image":[{"width":279,"height":92,"url":"https:\/\/vieassociative.be\/actualites\/wp-content\/uploads\/2024\/09\/header_backgroundk-01-e1726694325946.png","type":"image\/png"}],"author":"Julien","twitter_card":"summary_large_image","twitter_misc":{"\u00c9crit par":"Julien","Dur\u00e9e de lecture est.":"2 minutes"},"schema":{"@context":"https:\/\/schema.org","@graph":[{"@type":"Article","@id":"https:\/\/vieassociative.be\/actualites\/rien-ne-va-plus-au-champion-de-la-dette-europeen-le-premier-ministre-francais-demissionnera-apres-seulement-quatre-semaines\/#article","isPartOf":{"@id":"https:\/\/vieassociative.be\/actualites\/rien-ne-va-plus-au-champion-de-la-dette-europeen-le-premier-ministre-francais-demissionnera-apres-seulement-quatre-semaines\/"},"author":{"name":"Julien","@id":"https:\/\/vieassociative.be\/actualites\/#\/schema\/person\/b87ac4f82f9d4e7b7cec7395b679edc4"},"headline":"Rien NE VA Plus au champion de la dette europ\u00e9en: le Premier ministre fran\u00e7ais d\u00e9missionnera apr\u00e8s seulement quatre semaines","datePublished":"2025-10-07T02:16:57+00:00","dateModified":"2025-10-07T02:16:57+00:00","mainEntityOfPage":{"@id":"https:\/\/vieassociative.be\/actualites\/rien-ne-va-plus-au-champion-de-la-dette-europeen-le-premier-ministre-francais-demissionnera-apres-seulement-quatre-semaines\/"},"wordCount":392,"publisher":{"@id":"https:\/\/vieassociative.be\/actualites\/#organization"},"image":{"@id":"https:\/\/vieassociative.be\/actualites\/rien-ne-va-plus-au-champion-de-la-dette-europeen-le-premier-ministre-francais-demissionnera-apres-seulement-quatre-semaines\/#primaryimage"},"thumbnailUrl":"https:\/\/vieassociative.be\/actualites\/wp-content\/uploads\/2025\/10\/1759803417_Rien-NE-VA-Plus-au-champion-de-la-dette-europeen.jpg","keywords":["Apr\u00e8s","champion","d\u00e9missionnera","dette","europ\u00e9en","fran\u00e7ais","ministre","premier","Quatre","rien","semaines","seulement"],"articleSection":["Belgique"],"inLanguage":"fr-BE"},{"@type":"WebPage","@id":"https:\/\/vieassociative.be\/actualites\/rien-ne-va-plus-au-champion-de-la-dette-europeen-le-premier-ministre-francais-demissionnera-apres-seulement-quatre-semaines\/","url":"https:\/\/vieassociative.be\/actualites\/rien-ne-va-plus-au-champion-de-la-dette-europeen-le-premier-ministre-francais-demissionnera-apres-seulement-quatre-semaines\/","name":"Rien NE VA Plus au champion de la dette europ\u00e9en: le Premier ministre fran\u00e7ais d\u00e9missionnera apr\u00e8s seulement quatre semaines | Vie Associative","isPartOf":{"@id":"https:\/\/vieassociative.be\/actualites\/#website"},"primaryImageOfPage":{"@id":"https:\/\/vieassociative.be\/actualites\/rien-ne-va-plus-au-champion-de-la-dette-europeen-le-premier-ministre-francais-demissionnera-apres-seulement-quatre-semaines\/#primaryimage"},"image":{"@id":"https:\/\/vieassociative.be\/actualites\/rien-ne-va-plus-au-champion-de-la-dette-europeen-le-premier-ministre-francais-demissionnera-apres-seulement-quatre-semaines\/#primaryimage"},"thumbnailUrl":"https:\/\/vieassociative.be\/actualites\/wp-content\/uploads\/2025\/10\/1759803417_Rien-NE-VA-Plus-au-champion-de-la-dette-europeen.jpg","datePublished":"2025-10-07T02:16:57+00:00","dateModified":"2025-10-07T02:16:57+00:00","breadcrumb":{"@id":"https:\/\/vieassociative.be\/actualites\/rien-ne-va-plus-au-champion-de-la-dette-europeen-le-premier-ministre-francais-demissionnera-apres-seulement-quatre-semaines\/#breadcrumb"},"inLanguage":"fr-BE","potentialAction":[{"@type":"ReadAction","target":["https:\/\/vieassociative.be\/actualites\/rien-ne-va-plus-au-champion-de-la-dette-europeen-le-premier-ministre-francais-demissionnera-apres-seulement-quatre-semaines\/"]}]},{"@type":"ImageObject","inLanguage":"fr-BE","@id":"https:\/\/vieassociative.be\/actualites\/rien-ne-va-plus-au-champion-de-la-dette-europeen-le-premier-ministre-francais-demissionnera-apres-seulement-quatre-semaines\/#primaryimage","url":"https:\/\/vieassociative.be\/actualites\/wp-content\/uploads\/2025\/10\/1759803417_Rien-NE-VA-Plus-au-champion-de-la-dette-europeen.jpg","contentUrl":"https:\/\/vieassociative.be\/actualites\/wp-content\/uploads\/2025\/10\/1759803417_Rien-NE-VA-Plus-au-champion-de-la-dette-europeen.jpg","width":1200,"height":819,"caption":"Rien NE VA Plus au champion de la dette europ\u00e9en: le Premier ministre fran\u00e7ais d\u00e9missionnera apr\u00e8s seulement quatre semaines"},{"@type":"BreadcrumbList","@id":"https:\/\/vieassociative.be\/actualites\/rien-ne-va-plus-au-champion-de-la-dette-europeen-le-premier-ministre-francais-demissionnera-apres-seulement-quatre-semaines\/#breadcrumb","itemListElement":[{"@type":"ListItem","position":1,"name":"Accueil","item":"https:\/\/vieassociative.be\/actualites\/"},{"@type":"ListItem","position":2,"name":"Rien NE VA Plus au champion de la dette europ\u00e9en: le Premier ministre fran\u00e7ais d\u00e9missionnera apr\u00e8s seulement quatre semaines"}]},{"@type":"WebSite","@id":"https:\/\/vieassociative.be\/actualites\/#website","url":"https:\/\/vieassociative.be\/actualites\/","name":"Vie Associative","description":"","publisher":{"@id":"https:\/\/vieassociative.be\/actualites\/#organization"},"potentialAction":[{"@type":"SearchAction","target":{"@type":"EntryPoint","urlTemplate":"https:\/\/vieassociative.be\/actualites\/?s={search_term_string}"},"query-input":{"@type":"PropertyValueSpecification","valueRequired":true,"valueName":"search_term_string"}}],"inLanguage":"fr-BE"},{"@type":"Organization","@id":"https:\/\/vieassociative.be\/actualites\/#organization","name":"Vie Associative","url":"https:\/\/vieassociative.be\/actualites\/","logo":{"@type":"ImageObject","inLanguage":"fr-BE","@id":"https:\/\/vieassociative.be\/actualites\/#\/schema\/logo\/image\/","url":"https:\/\/vieassociative.be\/actualites\/wp-content\/uploads\/2024\/09\/cropped-vieassociative_favicon.ico.png","contentUrl":"https:\/\/vieassociative.be\/actualites\/wp-content\/uploads\/2024\/09\/cropped-vieassociative_favicon.ico.png","width":512,"height":512,"caption":"Vie Associative"},"image":{"@id":"https:\/\/vieassociative.be\/actualites\/#\/schema\/logo\/image\/"}},{"@type":"Person","@id":"https:\/\/vieassociative.be\/actualites\/#\/schema\/person\/b87ac4f82f9d4e7b7cec7395b679edc4","name":"Julien","image":{"@type":"ImageObject","inLanguage":"fr-BE","@id":"https:\/\/vieassociative.be\/actualites\/#\/schema\/person\/image\/","url":"https:\/\/vieassociative.be\/actualites\/wp-content\/uploads\/2024\/09\/vie-associative-1-150x150.jpg","contentUrl":"https:\/\/vieassociative.be\/actualites\/wp-content\/uploads\/2024\/09\/vie-associative-1-150x150.jpg","caption":"Julien"},"description":"Je suis Julien, r\u00e9dacteur pour Vie Associative. Passionn\u00e9 par le monde associatif depuis plus de 10 ans, j'ai \u00e0 c\u0153ur de partager des histoires inspirantes et de mettre en lumi\u00e8re les initiatives locales. Mon objectif est de sensibiliser et d'encourager l'engagement communautaire \u00e0 travers mes articles.","sameAs":["https:\/\/vieassociative.be\/"]}]}},"_links":{"self":[{"href":"https:\/\/vieassociative.be\/actualites\/wp-json\/wp\/v2\/posts\/10491"}],"collection":[{"href":"https:\/\/vieassociative.be\/actualites\/wp-json\/wp\/v2\/posts"}],"about":[{"href":"https:\/\/vieassociative.be\/actualites\/wp-json\/wp\/v2\/types\/post"}],"author":[{"embeddable":true,"href":"https:\/\/vieassociative.be\/actualites\/wp-json\/wp\/v2\/users\/1"}],"replies":[{"embeddable":true,"href":"https:\/\/vieassociative.be\/actualites\/wp-json\/wp\/v2\/comments?post=10491"}],"version-history":[{"count":0,"href":"https:\/\/vieassociative.be\/actualites\/wp-json\/wp\/v2\/posts\/10491\/revisions"}],"wp:featuredmedia":[{"embeddable":true,"href":"https:\/\/vieassociative.be\/actualites\/wp-json\/wp\/v2\/media\/10492"}],"wp:attachment":[{"href":"https:\/\/vieassociative.be\/actualites\/wp-json\/wp\/v2\/media?parent=10491"}],"wp:term":[{"taxonomy":"category","embeddable":true,"href":"https:\/\/vieassociative.be\/actualites\/wp-json\/wp\/v2\/categories?post=10491"},{"taxonomy":"post_tag","embeddable":true,"href":"https:\/\/vieassociative.be\/actualites\/wp-json\/wp\/v2\/tags?post=10491"}],"curies":[{"name":"wp","href":"https:\/\/api.w.org\/{rel}","templated":true}]}}