{"id":1049,"date":"2024-10-10T02:19:50","date_gmt":"2024-10-10T00:19:50","guid":{"rendered":"https:\/\/vieassociative.be\/actualites\/le-velo-peloton-est-a-216-de-reduction-et-plus-de-ventes-prime-day-sur-les-velos-dexercice\/"},"modified":"2024-10-10T02:19:50","modified_gmt":"2024-10-10T00:19:50","slug":"le-velo-peloton-est-a-216-de-reduction-et-plus-de-ventes-prime-day-sur-les-velos-dexercice","status":"publish","type":"post","link":"https:\/\/vieassociative.be\/actualites\/le-velo-peloton-est-a-216-de-reduction-et-plus-de-ventes-prime-day-sur-les-velos-dexercice\/","title":{"rendered":"Le v\u00e9lo Peloton est \u00e0 216 $ de r\u00e9duction (et plus de ventes Prime Day sur les v\u00e9los d&rsquo;exercice)"},"content":{"rendered":"<div class=\"mt-4 leading-6 md:mb-8\">Les v\u00e9los Peloton, Bowflex, Echelon et Sunny sont en vente ce Prime Day.<\/div>\n<p><\/p>\n<p>Si vous souhaitez vous procurer un v\u00e9lo d&rsquo;exercice, Amazon propose des offres sur plusieurs marques pour le Prime Day d&rsquo;octobre. Celles-ci incluent des offres sur les v\u00e9los et chaussures Peloton, les v\u00e9los Bowflex et Echelon, ainsi que des offres sur plusieurs mod\u00e8les Sunny. Malheureusement pour les non-membres Prime, les v\u00e9los de grands noms sont r\u00e9serv\u00e9s aux membres. Mais n&rsquo;arr\u00eatez pas de lire : nous avons des informations sur certaines des meilleures r\u00e9ductions sur des marques moins connues qui seront disponibles pour tout le monde.<\/p>\n<h2 id=\"peloton\">Peloton<\/h2>\n<p>Le Bike original et le Bike+ sont en vente. Le v\u00e9lo d&rsquo;origine est en baisse de 1 228,24 $ (au lieu de 1 445 $) et le Bike+ est en baisse de 1 995 $ (au lieu de 2 495 $).<\/p>\n<p>Si vous ne savez pas si vous voulez le Bike ou le Bike+, nous avons ici un aper\u00e7u des diff\u00e9rences entre eux. Les deux ont la m\u00eame taille et peuvent acc\u00e9der au m\u00eame contenu de cours et aux m\u00eames programmes de formation avec un abonnement All-Access de 44\u00a0$\/mois. Le Bike+ dispose d&rsquo;un \u00e9cran plus grand, d&rsquo;une technologie mise \u00e0 jour (pour que l&rsquo;\u00e9cran soit plus rapide et plus r\u00e9actif) et il peut ajuster automatiquement votre r\u00e9sistance de p\u00e9dalage en fonction de ce que l&rsquo;instructeur appelle. <\/p>\n<p>Certains accessoires Peloton sont \u00e9galement en vente. Les chaussures ordinaires de Peloton, les chaussures Altos \u00e0 lani\u00e8re unique et leurs halt\u00e8res \u00e0 extr\u00e9mit\u00e9s carr\u00e9es embl\u00e9matiques sont entre 15 et 40 % de r\u00e9duction. (Notez que vous devrez peut-\u00eatre s\u00e9lectionner une taille sur les chaussures pour voir le prix sold\u00e9.)<\/p>\n<h2 id=\"sunny\">Ensoleill\u00e9<\/h2>\n<p>Sunny fabrique certains des v\u00e9los d\u2019exercice \u00e9conomiques les plus populaires, et plusieurs mod\u00e8les sont en vente pour Prime Day. Outre les offres pr\u00e9sent\u00e9es ci-dessous, Sunny propose \u00e9galement des r\u00e9ductions sur certains de ses v\u00e9los bas de gamme, comme ce v\u00e9lo d&rsquo;exercice vertical \u00e0 153 $ (au lieu de 199,99 $) et celui-ci \u00e0 238 $ (au lieu de 269,00 $). Ils disposent \u00e9galement d&rsquo;un p\u00e9dalier sous le bureau qui peut servir de v\u00e9lo \u00e0 bras de table pour seulement 108 $ (au lieu de 149,99 $).<\/p>\n<h2 id=\"other-bikes-with-deep-discounts\">Autres v\u00e9los avec des r\u00e9ductions importantes<\/h2>\n<p>Ce ne sont bien s\u00fbr pas les seuls v\u00e9los qui seront en vente. Voici quelques v\u00e9los de marques moins connues qui b\u00e9n\u00e9ficient de remises importantes\u00a0: <\/p>\n<p><em>Remarque\u00a0: les offres sont susceptibles de changer.<\/em><\/p>\n<div class=\"w-full mt-12 text-center sm:text-left\" x-data=\"{ showAll: false }\">\n<div class=\"flex flex-col items-center justify-between sm:px-6 sm:flex-row\">\n<span class=\"text-sm italic\">Les offres sont s\u00e9lectionn\u00e9es par notre \u00e9quipe commerciale<\/span>\n<\/div>\n<\/div>\n","protected":false},"excerpt":{"rendered":"<p>Les v\u00e9los Peloton, Bowflex, Echelon et Sunny sont en vente ce Prime Day. Si vous souhaitez vous procurer un v\u00e9lo d&rsquo;exercice, Amazon propose des offres<\/p>\n","protected":false},"author":1,"featured_media":1050,"comment_status":"","ping_status":"","sticky":false,"template":"","format":"standard","meta":{"footnotes":""},"categories":[38],"tags":[347,922,76,14,336,346,308,33,921,1598,1448],"class_list":["post-1049","post","type-post","status-publish","format-standard","has-post-thumbnail","hentry","category-sante","tag-day","tag-dexercice","tag-est","tag-les","tag-peloton","tag-prime","tag-reduction","tag-sur","tag-velo","tag-velos","tag-ventes","generate-columns","tablet-grid-50","mobile-grid-100","grid-parent","grid-33"],"yoast_head":"<!-- This site is optimized with the Yoast SEO plugin v24.0 - https:\/\/yoast.com\/wordpress\/plugins\/seo\/ -->\n<title>Le v\u00e9lo Peloton est \u00e0 216 $ de r\u00e9duction (et plus de ventes Prime Day sur les v\u00e9los d&#039;exercice) | Vie Associative<\/title>\n<meta name=\"robots\" content=\"index, follow, max-snippet:-1, max-image-preview:large, max-video-preview:-1\" \/>\n<link rel=\"canonical\" href=\"https:\/\/vieassociative.be\/actualites\/le-velo-peloton-est-a-216-de-reduction-et-plus-de-ventes-prime-day-sur-les-velos-dexercice\/\" \/>\n<meta property=\"og:locale\" content=\"fr_FR\" \/>\n<meta property=\"og:type\" content=\"article\" \/>\n<meta property=\"og:title\" content=\"Le v\u00e9lo Peloton est \u00e0 216 $ de r\u00e9duction (et plus de ventes Prime Day sur les v\u00e9los d&#039;exercice) | Vie Associative\" \/>\n<meta property=\"og:description\" content=\"Les v\u00e9los Peloton, Bowflex, Echelon et Sunny sont en vente ce Prime Day. Si vous souhaitez vous procurer un v\u00e9lo d&rsquo;exercice, Amazon propose des offres\" \/>\n<meta property=\"og:url\" content=\"https:\/\/vieassociative.be\/actualites\/le-velo-peloton-est-a-216-de-reduction-et-plus-de-ventes-prime-day-sur-les-velos-dexercice\/\" \/>\n<meta property=\"og:site_name\" content=\"Vie Associative\" \/>\n<meta property=\"article:published_time\" content=\"2024-10-10T00:19:50+00:00\" \/>\n<meta property=\"og:image\" content=\"https:\/\/vieassociative.be\/actualites\/wp-content\/uploads\/2024\/09\/header_backgroundk-01-e1726694325946.png\" \/>\n\t<meta property=\"og:image:width\" content=\"279\" \/>\n\t<meta property=\"og:image:height\" content=\"92\" \/>\n\t<meta property=\"og:image:type\" content=\"image\/png\" \/>\n<meta name=\"author\" content=\"Julien\" \/>\n<meta name=\"twitter:card\" content=\"summary_large_image\" \/>\n<meta name=\"twitter:label1\" content=\"\u00c9crit par\" \/>\n\t<meta name=\"twitter:data1\" content=\"Julien\" \/>\n\t<meta name=\"twitter:label2\" content=\"Dur\u00e9e de lecture est.\" \/>\n\t<meta name=\"twitter:data2\" content=\"2 minutes\" \/>\n<script type=\"application\/ld+json\" class=\"yoast-schema-graph\">{\"@context\":\"https:\/\/schema.org\",\"@graph\":[{\"@type\":\"Article\",\"@id\":\"https:\/\/vieassociative.be\/actualites\/le-velo-peloton-est-a-216-de-reduction-et-plus-de-ventes-prime-day-sur-les-velos-dexercice\/#article\",\"isPartOf\":{\"@id\":\"https:\/\/vieassociative.be\/actualites\/le-velo-peloton-est-a-216-de-reduction-et-plus-de-ventes-prime-day-sur-les-velos-dexercice\/\"},\"author\":{\"name\":\"Julien\",\"@id\":\"https:\/\/vieassociative.be\/actualites\/#\/schema\/person\/b87ac4f82f9d4e7b7cec7395b679edc4\"},\"headline\":\"Le v\u00e9lo Peloton est \u00e0 216 $ de r\u00e9duction (et plus de ventes Prime Day sur les v\u00e9los d&rsquo;exercice)\",\"datePublished\":\"2024-10-10T00:19:50+00:00\",\"dateModified\":\"2024-10-10T00:19:50+00:00\",\"mainEntityOfPage\":{\"@id\":\"https:\/\/vieassociative.be\/actualites\/le-velo-peloton-est-a-216-de-reduction-et-plus-de-ventes-prime-day-sur-les-velos-dexercice\/\"},\"wordCount\":450,\"publisher\":{\"@id\":\"https:\/\/vieassociative.be\/actualites\/#organization\"},\"image\":{\"@id\":\"https:\/\/vieassociative.be\/actualites\/le-velo-peloton-est-a-216-de-reduction-et-plus-de-ventes-prime-day-sur-les-velos-dexercice\/#primaryimage\"},\"thumbnailUrl\":\"https:\/\/vieassociative.be\/actualites\/wp-content\/uploads\/2024\/10\/Le-velo-Peloton-est-a-216-de-reduction-et.png\",\"keywords\":[\"Day\",\"dexercice\",\"est\",\"Les\",\"Peloton\",\"Prime\",\"r\u00e9duction\",\"sur\",\"v\u00e9lo\",\"v\u00e9los\",\"ventes\"],\"articleSection\":[\"Sant\u00e9\"],\"inLanguage\":\"fr-BE\"},{\"@type\":\"WebPage\",\"@id\":\"https:\/\/vieassociative.be\/actualites\/le-velo-peloton-est-a-216-de-reduction-et-plus-de-ventes-prime-day-sur-les-velos-dexercice\/\",\"url\":\"https:\/\/vieassociative.be\/actualites\/le-velo-peloton-est-a-216-de-reduction-et-plus-de-ventes-prime-day-sur-les-velos-dexercice\/\",\"name\":\"Le v\u00e9lo Peloton est \u00e0 216 $ de r\u00e9duction (et plus de ventes Prime Day sur les v\u00e9los d'exercice) | Vie Associative\",\"isPartOf\":{\"@id\":\"https:\/\/vieassociative.be\/actualites\/#website\"},\"primaryImageOfPage\":{\"@id\":\"https:\/\/vieassociative.be\/actualites\/le-velo-peloton-est-a-216-de-reduction-et-plus-de-ventes-prime-day-sur-les-velos-dexercice\/#primaryimage\"},\"image\":{\"@id\":\"https:\/\/vieassociative.be\/actualites\/le-velo-peloton-est-a-216-de-reduction-et-plus-de-ventes-prime-day-sur-les-velos-dexercice\/#primaryimage\"},\"thumbnailUrl\":\"https:\/\/vieassociative.be\/actualites\/wp-content\/uploads\/2024\/10\/Le-velo-Peloton-est-a-216-de-reduction-et.png\",\"datePublished\":\"2024-10-10T00:19:50+00:00\",\"dateModified\":\"2024-10-10T00:19:50+00:00\",\"breadcrumb\":{\"@id\":\"https:\/\/vieassociative.be\/actualites\/le-velo-peloton-est-a-216-de-reduction-et-plus-de-ventes-prime-day-sur-les-velos-dexercice\/#breadcrumb\"},\"inLanguage\":\"fr-BE\",\"potentialAction\":[{\"@type\":\"ReadAction\",\"target\":[\"https:\/\/vieassociative.be\/actualites\/le-velo-peloton-est-a-216-de-reduction-et-plus-de-ventes-prime-day-sur-les-velos-dexercice\/\"]}]},{\"@type\":\"ImageObject\",\"inLanguage\":\"fr-BE\",\"@id\":\"https:\/\/vieassociative.be\/actualites\/le-velo-peloton-est-a-216-de-reduction-et-plus-de-ventes-prime-day-sur-les-velos-dexercice\/#primaryimage\",\"url\":\"https:\/\/vieassociative.be\/actualites\/wp-content\/uploads\/2024\/10\/Le-velo-Peloton-est-a-216-de-reduction-et.png\",\"contentUrl\":\"https:\/\/vieassociative.be\/actualites\/wp-content\/uploads\/2024\/10\/Le-velo-Peloton-est-a-216-de-reduction-et.png\",\"width\":1200,\"height\":675,\"caption\":\"Le v\u00e9lo Peloton est \u00e0 216 $ de r\u00e9duction (et plus de ventes Prime Day sur les v\u00e9los d'exercice)\"},{\"@type\":\"BreadcrumbList\",\"@id\":\"https:\/\/vieassociative.be\/actualites\/le-velo-peloton-est-a-216-de-reduction-et-plus-de-ventes-prime-day-sur-les-velos-dexercice\/#breadcrumb\",\"itemListElement\":[{\"@type\":\"ListItem\",\"position\":1,\"name\":\"Accueil\",\"item\":\"https:\/\/vieassociative.be\/actualites\/\"},{\"@type\":\"ListItem\",\"position\":2,\"name\":\"Le v\u00e9lo Peloton est \u00e0 216 $ de r\u00e9duction (et plus de ventes Prime Day sur les v\u00e9los d&rsquo;exercice)\"}]},{\"@type\":\"WebSite\",\"@id\":\"https:\/\/vieassociative.be\/actualites\/#website\",\"url\":\"https:\/\/vieassociative.be\/actualites\/\",\"name\":\"Vie Associative\",\"description\":\"\",\"publisher\":{\"@id\":\"https:\/\/vieassociative.be\/actualites\/#organization\"},\"potentialAction\":[{\"@type\":\"SearchAction\",\"target\":{\"@type\":\"EntryPoint\",\"urlTemplate\":\"https:\/\/vieassociative.be\/actualites\/?s={search_term_string}\"},\"query-input\":{\"@type\":\"PropertyValueSpecification\",\"valueRequired\":true,\"valueName\":\"search_term_string\"}}],\"inLanguage\":\"fr-BE\"},{\"@type\":\"Organization\",\"@id\":\"https:\/\/vieassociative.be\/actualites\/#organization\",\"name\":\"Vie Associative\",\"url\":\"https:\/\/vieassociative.be\/actualites\/\",\"logo\":{\"@type\":\"ImageObject\",\"inLanguage\":\"fr-BE\",\"@id\":\"https:\/\/vieassociative.be\/actualites\/#\/schema\/logo\/image\/\",\"url\":\"https:\/\/vieassociative.be\/actualites\/wp-content\/uploads\/2024\/09\/cropped-vieassociative_favicon.ico.png\",\"contentUrl\":\"https:\/\/vieassociative.be\/actualites\/wp-content\/uploads\/2024\/09\/cropped-vieassociative_favicon.ico.png\",\"width\":512,\"height\":512,\"caption\":\"Vie Associative\"},\"image\":{\"@id\":\"https:\/\/vieassociative.be\/actualites\/#\/schema\/logo\/image\/\"}},{\"@type\":\"Person\",\"@id\":\"https:\/\/vieassociative.be\/actualites\/#\/schema\/person\/b87ac4f82f9d4e7b7cec7395b679edc4\",\"name\":\"Julien\",\"image\":{\"@type\":\"ImageObject\",\"inLanguage\":\"fr-BE\",\"@id\":\"https:\/\/vieassociative.be\/actualites\/#\/schema\/person\/image\/\",\"url\":\"https:\/\/vieassociative.be\/actualites\/wp-content\/uploads\/2024\/09\/vie-associative-1-150x150.jpg\",\"contentUrl\":\"https:\/\/vieassociative.be\/actualites\/wp-content\/uploads\/2024\/09\/vie-associative-1-150x150.jpg\",\"caption\":\"Julien\"},\"description\":\"Je suis Julien, r\u00e9dacteur pour Vie Associative. Passionn\u00e9 par le monde associatif depuis plus de 10 ans, j'ai \u00e0 c\u0153ur de partager des histoires inspirantes et de mettre en lumi\u00e8re les initiatives locales. Mon objectif est de sensibiliser et d'encourager l'engagement communautaire \u00e0 travers mes articles.\",\"sameAs\":[\"https:\/\/vieassociative.be\/\"]}]}<\/script>\n<!-- \/ Yoast SEO plugin. -->","yoast_head_json":{"title":"Le v\u00e9lo Peloton est \u00e0 216 $ de r\u00e9duction (et plus de ventes Prime Day sur les v\u00e9los d'exercice) | Vie Associative","robots":{"index":"index","follow":"follow","max-snippet":"max-snippet:-1","max-image-preview":"max-image-preview:large","max-video-preview":"max-video-preview:-1"},"canonical":"https:\/\/vieassociative.be\/actualites\/le-velo-peloton-est-a-216-de-reduction-et-plus-de-ventes-prime-day-sur-les-velos-dexercice\/","og_locale":"fr_FR","og_type":"article","og_title":"Le v\u00e9lo Peloton est \u00e0 216 $ de r\u00e9duction (et plus de ventes Prime Day sur les v\u00e9los d'exercice) | Vie Associative","og_description":"Les v\u00e9los Peloton, Bowflex, Echelon et Sunny sont en vente ce Prime Day. Si vous souhaitez vous procurer un v\u00e9lo d&rsquo;exercice, Amazon propose des offres","og_url":"https:\/\/vieassociative.be\/actualites\/le-velo-peloton-est-a-216-de-reduction-et-plus-de-ventes-prime-day-sur-les-velos-dexercice\/","og_site_name":"Vie Associative","article_published_time":"2024-10-10T00:19:50+00:00","og_image":[{"width":279,"height":92,"url":"https:\/\/vieassociative.be\/actualites\/wp-content\/uploads\/2024\/09\/header_backgroundk-01-e1726694325946.png","type":"image\/png"}],"author":"Julien","twitter_card":"summary_large_image","twitter_misc":{"\u00c9crit par":"Julien","Dur\u00e9e de lecture est.":"2 minutes"},"schema":{"@context":"https:\/\/schema.org","@graph":[{"@type":"Article","@id":"https:\/\/vieassociative.be\/actualites\/le-velo-peloton-est-a-216-de-reduction-et-plus-de-ventes-prime-day-sur-les-velos-dexercice\/#article","isPartOf":{"@id":"https:\/\/vieassociative.be\/actualites\/le-velo-peloton-est-a-216-de-reduction-et-plus-de-ventes-prime-day-sur-les-velos-dexercice\/"},"author":{"name":"Julien","@id":"https:\/\/vieassociative.be\/actualites\/#\/schema\/person\/b87ac4f82f9d4e7b7cec7395b679edc4"},"headline":"Le v\u00e9lo Peloton est \u00e0 216 $ de r\u00e9duction (et plus de ventes Prime Day sur les v\u00e9los d&rsquo;exercice)","datePublished":"2024-10-10T00:19:50+00:00","dateModified":"2024-10-10T00:19:50+00:00","mainEntityOfPage":{"@id":"https:\/\/vieassociative.be\/actualites\/le-velo-peloton-est-a-216-de-reduction-et-plus-de-ventes-prime-day-sur-les-velos-dexercice\/"},"wordCount":450,"publisher":{"@id":"https:\/\/vieassociative.be\/actualites\/#organization"},"image":{"@id":"https:\/\/vieassociative.be\/actualites\/le-velo-peloton-est-a-216-de-reduction-et-plus-de-ventes-prime-day-sur-les-velos-dexercice\/#primaryimage"},"thumbnailUrl":"https:\/\/vieassociative.be\/actualites\/wp-content\/uploads\/2024\/10\/Le-velo-Peloton-est-a-216-de-reduction-et.png","keywords":["Day","dexercice","est","Les","Peloton","Prime","r\u00e9duction","sur","v\u00e9lo","v\u00e9los","ventes"],"articleSection":["Sant\u00e9"],"inLanguage":"fr-BE"},{"@type":"WebPage","@id":"https:\/\/vieassociative.be\/actualites\/le-velo-peloton-est-a-216-de-reduction-et-plus-de-ventes-prime-day-sur-les-velos-dexercice\/","url":"https:\/\/vieassociative.be\/actualites\/le-velo-peloton-est-a-216-de-reduction-et-plus-de-ventes-prime-day-sur-les-velos-dexercice\/","name":"Le v\u00e9lo Peloton est \u00e0 216 $ de r\u00e9duction (et plus de ventes Prime Day sur les v\u00e9los d'exercice) | Vie Associative","isPartOf":{"@id":"https:\/\/vieassociative.be\/actualites\/#website"},"primaryImageOfPage":{"@id":"https:\/\/vieassociative.be\/actualites\/le-velo-peloton-est-a-216-de-reduction-et-plus-de-ventes-prime-day-sur-les-velos-dexercice\/#primaryimage"},"image":{"@id":"https:\/\/vieassociative.be\/actualites\/le-velo-peloton-est-a-216-de-reduction-et-plus-de-ventes-prime-day-sur-les-velos-dexercice\/#primaryimage"},"thumbnailUrl":"https:\/\/vieassociative.be\/actualites\/wp-content\/uploads\/2024\/10\/Le-velo-Peloton-est-a-216-de-reduction-et.png","datePublished":"2024-10-10T00:19:50+00:00","dateModified":"2024-10-10T00:19:50+00:00","breadcrumb":{"@id":"https:\/\/vieassociative.be\/actualites\/le-velo-peloton-est-a-216-de-reduction-et-plus-de-ventes-prime-day-sur-les-velos-dexercice\/#breadcrumb"},"inLanguage":"fr-BE","potentialAction":[{"@type":"ReadAction","target":["https:\/\/vieassociative.be\/actualites\/le-velo-peloton-est-a-216-de-reduction-et-plus-de-ventes-prime-day-sur-les-velos-dexercice\/"]}]},{"@type":"ImageObject","inLanguage":"fr-BE","@id":"https:\/\/vieassociative.be\/actualites\/le-velo-peloton-est-a-216-de-reduction-et-plus-de-ventes-prime-day-sur-les-velos-dexercice\/#primaryimage","url":"https:\/\/vieassociative.be\/actualites\/wp-content\/uploads\/2024\/10\/Le-velo-Peloton-est-a-216-de-reduction-et.png","contentUrl":"https:\/\/vieassociative.be\/actualites\/wp-content\/uploads\/2024\/10\/Le-velo-Peloton-est-a-216-de-reduction-et.png","width":1200,"height":675,"caption":"Le v\u00e9lo Peloton est \u00e0 216 $ de r\u00e9duction (et plus de ventes Prime Day sur les v\u00e9los d'exercice)"},{"@type":"BreadcrumbList","@id":"https:\/\/vieassociative.be\/actualites\/le-velo-peloton-est-a-216-de-reduction-et-plus-de-ventes-prime-day-sur-les-velos-dexercice\/#breadcrumb","itemListElement":[{"@type":"ListItem","position":1,"name":"Accueil","item":"https:\/\/vieassociative.be\/actualites\/"},{"@type":"ListItem","position":2,"name":"Le v\u00e9lo Peloton est \u00e0 216 $ de r\u00e9duction (et plus de ventes Prime Day sur les v\u00e9los d&rsquo;exercice)"}]},{"@type":"WebSite","@id":"https:\/\/vieassociative.be\/actualites\/#website","url":"https:\/\/vieassociative.be\/actualites\/","name":"Vie Associative","description":"","publisher":{"@id":"https:\/\/vieassociative.be\/actualites\/#organization"},"potentialAction":[{"@type":"SearchAction","target":{"@type":"EntryPoint","urlTemplate":"https:\/\/vieassociative.be\/actualites\/?s={search_term_string}"},"query-input":{"@type":"PropertyValueSpecification","valueRequired":true,"valueName":"search_term_string"}}],"inLanguage":"fr-BE"},{"@type":"Organization","@id":"https:\/\/vieassociative.be\/actualites\/#organization","name":"Vie Associative","url":"https:\/\/vieassociative.be\/actualites\/","logo":{"@type":"ImageObject","inLanguage":"fr-BE","@id":"https:\/\/vieassociative.be\/actualites\/#\/schema\/logo\/image\/","url":"https:\/\/vieassociative.be\/actualites\/wp-content\/uploads\/2024\/09\/cropped-vieassociative_favicon.ico.png","contentUrl":"https:\/\/vieassociative.be\/actualites\/wp-content\/uploads\/2024\/09\/cropped-vieassociative_favicon.ico.png","width":512,"height":512,"caption":"Vie Associative"},"image":{"@id":"https:\/\/vieassociative.be\/actualites\/#\/schema\/logo\/image\/"}},{"@type":"Person","@id":"https:\/\/vieassociative.be\/actualites\/#\/schema\/person\/b87ac4f82f9d4e7b7cec7395b679edc4","name":"Julien","image":{"@type":"ImageObject","inLanguage":"fr-BE","@id":"https:\/\/vieassociative.be\/actualites\/#\/schema\/person\/image\/","url":"https:\/\/vieassociative.be\/actualites\/wp-content\/uploads\/2024\/09\/vie-associative-1-150x150.jpg","contentUrl":"https:\/\/vieassociative.be\/actualites\/wp-content\/uploads\/2024\/09\/vie-associative-1-150x150.jpg","caption":"Julien"},"description":"Je suis Julien, r\u00e9dacteur pour Vie Associative. Passionn\u00e9 par le monde associatif depuis plus de 10 ans, j'ai \u00e0 c\u0153ur de partager des histoires inspirantes et de mettre en lumi\u00e8re les initiatives locales. Mon objectif est de sensibiliser et d'encourager l'engagement communautaire \u00e0 travers mes articles.","sameAs":["https:\/\/vieassociative.be\/"]}]}},"_links":{"self":[{"href":"https:\/\/vieassociative.be\/actualites\/wp-json\/wp\/v2\/posts\/1049"}],"collection":[{"href":"https:\/\/vieassociative.be\/actualites\/wp-json\/wp\/v2\/posts"}],"about":[{"href":"https:\/\/vieassociative.be\/actualites\/wp-json\/wp\/v2\/types\/post"}],"author":[{"embeddable":true,"href":"https:\/\/vieassociative.be\/actualites\/wp-json\/wp\/v2\/users\/1"}],"replies":[{"embeddable":true,"href":"https:\/\/vieassociative.be\/actualites\/wp-json\/wp\/v2\/comments?post=1049"}],"version-history":[{"count":0,"href":"https:\/\/vieassociative.be\/actualites\/wp-json\/wp\/v2\/posts\/1049\/revisions"}],"wp:featuredmedia":[{"embeddable":true,"href":"https:\/\/vieassociative.be\/actualites\/wp-json\/wp\/v2\/media\/1050"}],"wp:attachment":[{"href":"https:\/\/vieassociative.be\/actualites\/wp-json\/wp\/v2\/media?parent=1049"}],"wp:term":[{"taxonomy":"category","embeddable":true,"href":"https:\/\/vieassociative.be\/actualites\/wp-json\/wp\/v2\/categories?post=1049"},{"taxonomy":"post_tag","embeddable":true,"href":"https:\/\/vieassociative.be\/actualites\/wp-json\/wp\/v2\/tags?post=1049"}],"curies":[{"name":"wp","href":"https:\/\/api.w.org\/{rel}","templated":true}]}}