{"id":10487,"date":"2025-10-06T22:17:13","date_gmt":"2025-10-06T20:17:13","guid":{"rendered":"https:\/\/vieassociative.be\/actualites\/debut-de-la-saison-des-prix-nobel-trump-se-considere-comme-president-de-la-paix-qui-a-mis-fin-a-7-guerres\/"},"modified":"2025-10-06T22:17:13","modified_gmt":"2025-10-06T20:17:13","slug":"debut-de-la-saison-des-prix-nobel-trump-se-considere-comme-president-de-la-paix-qui-a-mis-fin-a-7-guerres","status":"publish","type":"post","link":"https:\/\/vieassociative.be\/actualites\/debut-de-la-saison-des-prix-nobel-trump-se-considere-comme-president-de-la-paix-qui-a-mis-fin-a-7-guerres\/","title":{"rendered":"D\u00e9but de la saison des prix Nobel: Trump se consid\u00e8re comme \u00ab\u00a0pr\u00e9sident de la paix\u00a0\u00bb, qui a mis fin \u00e0 7 guerres"},"content":{"rendered":"<p><strong>La saison des prix Nobel a commenc\u00e9 \u00e0 Stockholm lundi. L&rsquo;annonce dans la cat\u00e9gorie des prix de la physiologie ou de la m\u00e9decine commence traditionnellement par le freestyle annuel d&rsquo;experts exceptionnels, d&rsquo;\u00e9crivains et de stylos de paix. Le prix du prix Nobel de la paix est accueilli avec les plus grands int\u00e9r\u00eats m\u00e9diatiques du monde.<\/strong><\/p>\n<p><span id=\"more-426390\"><\/span>Le prix Nobel de m\u00e9decine va \u00e0 Mary Brunkow, Fred Ramsdell (tous deux aux \u00c9tats-Unis) et Shimon Sakaguchi (Japon) cette ann\u00e9e. Ses d\u00e9couvertes sont r\u00e9compens\u00e9es par l&rsquo;immunit\u00e9 p\u00e9riph\u00e9rique SOP, qui emp\u00eache le syst\u00e8me immunitaire d&rsquo;endommager le corps. <\/p>\n<p>Les d\u00e9couvertes avaient jet\u00e9 la base d&rsquo;un nouveau domaine de la science et promu le d\u00e9veloppement de plusieurs nouvelles m\u00e9thodes de traitement contre le cancer et les maladies auto-immunes, a d\u00e9clar\u00e9 Marie Wahren-Herlenius de l&rsquo;Institut Karolinska. Le prix le plus important pour les m\u00e9decins est dot\u00e9 de 11 millions de couronnes su\u00e9doises (environ un million d&rsquo;euros).<\/p>\n<\/p>\n<div id=\"attachment_426400\" class=\"wp-caption alignleft\" style=\"max-width: 300px\"><img fetchpriority=\"high\" decoding=\"async\" class=\"wp-image-426400 size-medium\" src=\"https:\/\/vieassociative.be\/actualites\/wp-content\/uploads\/2025\/10\/Debut-de-la-saison-des-prix-Nobel-Trump-se-considere.jpg\" alt=\"\" width=\"300\" height=\"184\"><\/div>\n<p>Dans les prochains jours, les proclamations dans les autres cat\u00e9gories de physique, de chimie, de litt\u00e9rature, de paix et d&rsquo;\u00e9conomie suivront progressivement.<\/p>\n<p>Les prix Nobel remontent \u00e0 l&rsquo;inventeur su\u00e9dois de la dynamite et \u00e0 la hauteur des prix Alfred Nobel (1833-1896). Dans son testament, il a salu\u00e9 les int\u00e9r\u00eats de ses actifs qui ont \u00e9t\u00e9 financ\u00e9s pour ceux qui ont apport\u00e9 l&rsquo;humanit\u00e9 dans les cat\u00e9gories de physique, de chimie, de physiologie \/ m\u00e9decine, de litt\u00e9rature et de paix l&rsquo;ann\u00e9e pr\u00e9c\u00e9dente.<\/p>\n<p>Les prix Nobel sont pr\u00e9sent\u00e9s le 10 d\u00e9cembre, la mort du Nobel. Le prix est dot\u00e9 de onze millions de couronnes su\u00e9doises (environ un million d&rsquo;euros) par cat\u00e9gorie cette ann\u00e9e.<\/p>\n<p><strong>&#8211; Le r\u00eave de Trump du prix Nobel de la paix:<\/strong> En ce qui concerne un, la chose a longtemps \u00e9t\u00e9 ray\u00e9e avec le prix Nobel de paix. En seulement sept mois, il a mis fin \u00e0 sept guerres qui ne devaient pas \u00eatre termin\u00e9es, a d\u00e9clar\u00e9 le pr\u00e9sident am\u00e9ricain Donald Trump r\u00e9cemment avant l&rsquo;Assembl\u00e9e g\u00e9n\u00e9rale des Nations Unies \u00e0 New York. Ce faisant, il a fait allusion aux r\u00f4les des \u00c9tats-Unis dans divers troupeaux de conflits dans le monde. <\/p>\n<p>\u00ab\u00a0Tout le monde dit que je devrais obtenir le prix Nobel de la paix pour chacune de ces r\u00e9alisations\u00a0\u00bb, a d\u00e9clar\u00e9 Trump. Plus r\u00e9cemment, il a \u00e9galement pr\u00e9sent\u00e9 un plan de paix dans la guerre de Gaza, \u00e0 laquelle des opportunit\u00e9s sont attribu\u00e9es.<\/p>\n<\/p>\n<div id=\"attachment_419588\" class=\"wp-caption alignleft\" style=\"max-width: 300px\"><img decoding=\"async\" class=\"wp-image-419588 size-medium\" src=\"https:\/\/vieassociative.be\/actualites\/wp-content\/uploads\/2025\/07\/1751962655_866_SLOTERDIJK-Trump-est-King-et-Cayenon-en-meme-temps.jpg\" alt=\"\" width=\"300\" height=\"200\"><\/div>\n<p>Ce serait donc clair &#8211; ou non. Parce que m\u00eame l&rsquo;homme le plus puissant du monde ne peut pas examiner les cartes que le comit\u00e9 norv\u00e9gien Noble d\u00e9tient traditionnellement le corps tr\u00e8s proche de cette ann\u00e9e \u00e0 Oslo, laur\u00e9at du prix Nobel de la paix de cette ann\u00e9e.<\/p>\n<p>338 Les personnalit\u00e9s et les organisations sont nomm\u00e9es cette fois &#8211; si vous \u00eates en dessous, vous resterez officiellement secret pendant 50 ans. Ce n&rsquo;est qu&rsquo;\u00e0 11 h 00 que le monde d\u00e9couvrira qui a obtenu le prix politique le plus important sur Terre cette fois.<\/p>\n<p>La stricte confidentialit\u00e9 laisse beaucoup d&rsquo;espace chaque ann\u00e9e \u00e0 la sp\u00e9culation. Et cette fois, une question joue un r\u00f4le particuli\u00e8rement important dans ces sp\u00e9culations: m\u00e9ritait-il vraiment un prix Nobel de la paix?<\/p>\n<p>Le nouveau directeur du Stockholm Peace Research Institute Sipri, Karim Haggag, ne veut pas rejeter cette question avec un ou non indiff\u00e9renci\u00e9. Alors que certaines personnes pensaient que Trump \u00e9tait absolument indigne du prix Nobel, d&rsquo;autres ont dit qu&rsquo;il devait absolument l&rsquo;obtenir, dit Haggag. \u00ab\u00a0Je pense que cette question m\u00e9rite une r\u00e9ponse plus nuanc\u00e9e.\u00a0\u00bb<\/p>\n<p>Le chercheur en paix Haggag dit \u00e0 Trump que le pr\u00e9sident de l&rsquo;UA avait sans aucun doute un haut degr\u00e9 d&rsquo;intervention diplomatique avec toute une s\u00e9rie de conflits, que ce soit directement ou indirectement.<\/p>\n<p>\u00c0 son avis, cependant, il y a un gros probl\u00e8me: lorsque vous regardez ces sept conflits, cela montre que Trump n&rsquo;a vraiment r\u00e9solu aucun d&rsquo;entre eux, explique Haggag. \u00ab\u00a0Avec tous ces conflits tr\u00e8s complexes, les tentatives peuvent certainement \u00eatre vues, obtenant un certain accord ou une certaine communication, mais c&rsquo;est loin de la paix ou d&rsquo;un accord qui fait un r\u00e8glement \u00e0 long terme du conflit\u00a0\u00bb, explique Haggag. Il arrive \u00e0 la conclusion: un prix Nobel pour Trump a \u00e9t\u00e9 difficile \u00e0 justifier sur cette base. (DPA \/ CRE)<\/p>\n","protected":false},"excerpt":{"rendered":"<p>La saison des prix Nobel a commenc\u00e9 \u00e0 Stockholm lundi. L&rsquo;annonce dans la cat\u00e9gorie des prix de la physiologie ou de la m\u00e9decine commence traditionnellement<\/p>\n","protected":false},"author":1,"featured_media":10488,"comment_status":"","ping_status":"","sticky":false,"template":"","format":"standard","meta":{"footnotes":""},"categories":[298],"tags":[1254,8801,359,29,1908,8802,2233,7659,3280,3075,1399,99,690,2425],"class_list":["post-10487","post","type-post","status-publish","format-standard","has-post-thumbnail","hentry","category-belgique","tag-comme","tag-considere","tag-debut","tag-des","tag-fin","tag-guerres","tag-mis","tag-nobel","tag-paix","tag-president","tag-prix","tag-qui","tag-saison","tag-trump","generate-columns","tablet-grid-50","mobile-grid-100","grid-parent","grid-33"],"yoast_head":"<!-- This site is optimized with the Yoast SEO plugin v24.0 - https:\/\/yoast.com\/wordpress\/plugins\/seo\/ -->\n<title>D\u00e9but de la saison des prix Nobel: Trump se consid\u00e8re comme &quot;pr\u00e9sident de la paix&quot;, qui a mis fin \u00e0 7 guerres | Vie Associative<\/title>\n<meta name=\"robots\" content=\"index, follow, max-snippet:-1, max-image-preview:large, max-video-preview:-1\" \/>\n<link rel=\"canonical\" href=\"https:\/\/vieassociative.be\/actualites\/debut-de-la-saison-des-prix-nobel-trump-se-considere-comme-president-de-la-paix-qui-a-mis-fin-a-7-guerres\/\" \/>\n<meta property=\"og:locale\" content=\"fr_FR\" \/>\n<meta property=\"og:type\" content=\"article\" \/>\n<meta property=\"og:title\" content=\"D\u00e9but de la saison des prix Nobel: Trump se consid\u00e8re comme &quot;pr\u00e9sident de la paix&quot;, qui a mis fin \u00e0 7 guerres | Vie Associative\" \/>\n<meta property=\"og:description\" content=\"La saison des prix Nobel a commenc\u00e9 \u00e0 Stockholm lundi. L&rsquo;annonce dans la cat\u00e9gorie des prix de la physiologie ou de la m\u00e9decine commence traditionnellement\" \/>\n<meta property=\"og:url\" content=\"https:\/\/vieassociative.be\/actualites\/debut-de-la-saison-des-prix-nobel-trump-se-considere-comme-president-de-la-paix-qui-a-mis-fin-a-7-guerres\/\" \/>\n<meta property=\"og:site_name\" content=\"Vie Associative\" \/>\n<meta property=\"article:published_time\" content=\"2025-10-06T20:17:13+00:00\" \/>\n<meta property=\"og:image\" content=\"https:\/\/vieassociative.be\/actualites\/wp-content\/uploads\/2024\/09\/header_backgroundk-01-e1726694325946.png\" \/>\n\t<meta property=\"og:image:width\" content=\"279\" \/>\n\t<meta property=\"og:image:height\" content=\"92\" \/>\n\t<meta property=\"og:image:type\" content=\"image\/png\" \/>\n<meta name=\"author\" content=\"Julien\" \/>\n<meta name=\"twitter:card\" content=\"summary_large_image\" \/>\n<meta name=\"twitter:label1\" content=\"\u00c9crit par\" \/>\n\t<meta name=\"twitter:data1\" content=\"Julien\" \/>\n\t<meta name=\"twitter:label2\" content=\"Dur\u00e9e de lecture est.\" \/>\n\t<meta name=\"twitter:data2\" content=\"4 minutes\" \/>\n<script type=\"application\/ld+json\" class=\"yoast-schema-graph\">{\"@context\":\"https:\/\/schema.org\",\"@graph\":[{\"@type\":\"Article\",\"@id\":\"https:\/\/vieassociative.be\/actualites\/debut-de-la-saison-des-prix-nobel-trump-se-considere-comme-president-de-la-paix-qui-a-mis-fin-a-7-guerres\/#article\",\"isPartOf\":{\"@id\":\"https:\/\/vieassociative.be\/actualites\/debut-de-la-saison-des-prix-nobel-trump-se-considere-comme-president-de-la-paix-qui-a-mis-fin-a-7-guerres\/\"},\"author\":{\"name\":\"Julien\",\"@id\":\"https:\/\/vieassociative.be\/actualites\/#\/schema\/person\/b87ac4f82f9d4e7b7cec7395b679edc4\"},\"headline\":\"D\u00e9but de la saison des prix Nobel: Trump se consid\u00e8re comme \u00ab\u00a0pr\u00e9sident de la paix\u00a0\u00bb, qui a mis fin \u00e0 7 guerres\",\"datePublished\":\"2025-10-06T20:17:13+00:00\",\"dateModified\":\"2025-10-06T20:17:13+00:00\",\"mainEntityOfPage\":{\"@id\":\"https:\/\/vieassociative.be\/actualites\/debut-de-la-saison-des-prix-nobel-trump-se-considere-comme-president-de-la-paix-qui-a-mis-fin-a-7-guerres\/\"},\"wordCount\":792,\"publisher\":{\"@id\":\"https:\/\/vieassociative.be\/actualites\/#organization\"},\"image\":{\"@id\":\"https:\/\/vieassociative.be\/actualites\/debut-de-la-saison-des-prix-nobel-trump-se-considere-comme-president-de-la-paix-qui-a-mis-fin-a-7-guerres\/#primaryimage\"},\"thumbnailUrl\":\"https:\/\/vieassociative.be\/actualites\/wp-content\/uploads\/2025\/10\/1759781835_Debut-de-la-saison-des-prix-Nobel-Trump-se-considere.jpg\",\"keywords\":[\"comme\",\"consid\u00e8re\",\"D\u00e9but\",\"Des\",\"fin\",\"guerres\",\"mis\",\"Nobel\",\"paix\",\"pr\u00e9sident\",\"prix\",\"qui\",\"Saison\",\"Trump\"],\"articleSection\":[\"Belgique\"],\"inLanguage\":\"fr-BE\"},{\"@type\":\"WebPage\",\"@id\":\"https:\/\/vieassociative.be\/actualites\/debut-de-la-saison-des-prix-nobel-trump-se-considere-comme-president-de-la-paix-qui-a-mis-fin-a-7-guerres\/\",\"url\":\"https:\/\/vieassociative.be\/actualites\/debut-de-la-saison-des-prix-nobel-trump-se-considere-comme-president-de-la-paix-qui-a-mis-fin-a-7-guerres\/\",\"name\":\"D\u00e9but de la saison des prix Nobel: Trump se consid\u00e8re comme \\\"pr\u00e9sident de la paix\\\", qui a mis fin \u00e0 7 guerres | Vie Associative\",\"isPartOf\":{\"@id\":\"https:\/\/vieassociative.be\/actualites\/#website\"},\"primaryImageOfPage\":{\"@id\":\"https:\/\/vieassociative.be\/actualites\/debut-de-la-saison-des-prix-nobel-trump-se-considere-comme-president-de-la-paix-qui-a-mis-fin-a-7-guerres\/#primaryimage\"},\"image\":{\"@id\":\"https:\/\/vieassociative.be\/actualites\/debut-de-la-saison-des-prix-nobel-trump-se-considere-comme-president-de-la-paix-qui-a-mis-fin-a-7-guerres\/#primaryimage\"},\"thumbnailUrl\":\"https:\/\/vieassociative.be\/actualites\/wp-content\/uploads\/2025\/10\/1759781835_Debut-de-la-saison-des-prix-Nobel-Trump-se-considere.jpg\",\"datePublished\":\"2025-10-06T20:17:13+00:00\",\"dateModified\":\"2025-10-06T20:17:13+00:00\",\"breadcrumb\":{\"@id\":\"https:\/\/vieassociative.be\/actualites\/debut-de-la-saison-des-prix-nobel-trump-se-considere-comme-president-de-la-paix-qui-a-mis-fin-a-7-guerres\/#breadcrumb\"},\"inLanguage\":\"fr-BE\",\"potentialAction\":[{\"@type\":\"ReadAction\",\"target\":[\"https:\/\/vieassociative.be\/actualites\/debut-de-la-saison-des-prix-nobel-trump-se-considere-comme-president-de-la-paix-qui-a-mis-fin-a-7-guerres\/\"]}]},{\"@type\":\"ImageObject\",\"inLanguage\":\"fr-BE\",\"@id\":\"https:\/\/vieassociative.be\/actualites\/debut-de-la-saison-des-prix-nobel-trump-se-considere-comme-president-de-la-paix-qui-a-mis-fin-a-7-guerres\/#primaryimage\",\"url\":\"https:\/\/vieassociative.be\/actualites\/wp-content\/uploads\/2025\/10\/1759781835_Debut-de-la-saison-des-prix-Nobel-Trump-se-considere.jpg\",\"contentUrl\":\"https:\/\/vieassociative.be\/actualites\/wp-content\/uploads\/2025\/10\/1759781835_Debut-de-la-saison-des-prix-Nobel-Trump-se-considere.jpg\",\"width\":1200,\"height\":800,\"caption\":\"D\u00e9but de la saison des prix Nobel: Trump se consid\u00e8re comme \\\"pr\u00e9sident de la paix\\\", qui a mis fin \u00e0 7 guerres\"},{\"@type\":\"BreadcrumbList\",\"@id\":\"https:\/\/vieassociative.be\/actualites\/debut-de-la-saison-des-prix-nobel-trump-se-considere-comme-president-de-la-paix-qui-a-mis-fin-a-7-guerres\/#breadcrumb\",\"itemListElement\":[{\"@type\":\"ListItem\",\"position\":1,\"name\":\"Accueil\",\"item\":\"https:\/\/vieassociative.be\/actualites\/\"},{\"@type\":\"ListItem\",\"position\":2,\"name\":\"D\u00e9but de la saison des prix Nobel: Trump se consid\u00e8re comme \u00ab\u00a0pr\u00e9sident de la paix\u00a0\u00bb, qui a mis fin \u00e0 7 guerres\"}]},{\"@type\":\"WebSite\",\"@id\":\"https:\/\/vieassociative.be\/actualites\/#website\",\"url\":\"https:\/\/vieassociative.be\/actualites\/\",\"name\":\"Vie Associative\",\"description\":\"\",\"publisher\":{\"@id\":\"https:\/\/vieassociative.be\/actualites\/#organization\"},\"potentialAction\":[{\"@type\":\"SearchAction\",\"target\":{\"@type\":\"EntryPoint\",\"urlTemplate\":\"https:\/\/vieassociative.be\/actualites\/?s={search_term_string}\"},\"query-input\":{\"@type\":\"PropertyValueSpecification\",\"valueRequired\":true,\"valueName\":\"search_term_string\"}}],\"inLanguage\":\"fr-BE\"},{\"@type\":\"Organization\",\"@id\":\"https:\/\/vieassociative.be\/actualites\/#organization\",\"name\":\"Vie Associative\",\"url\":\"https:\/\/vieassociative.be\/actualites\/\",\"logo\":{\"@type\":\"ImageObject\",\"inLanguage\":\"fr-BE\",\"@id\":\"https:\/\/vieassociative.be\/actualites\/#\/schema\/logo\/image\/\",\"url\":\"https:\/\/vieassociative.be\/actualites\/wp-content\/uploads\/2024\/09\/cropped-vieassociative_favicon.ico.png\",\"contentUrl\":\"https:\/\/vieassociative.be\/actualites\/wp-content\/uploads\/2024\/09\/cropped-vieassociative_favicon.ico.png\",\"width\":512,\"height\":512,\"caption\":\"Vie Associative\"},\"image\":{\"@id\":\"https:\/\/vieassociative.be\/actualites\/#\/schema\/logo\/image\/\"}},{\"@type\":\"Person\",\"@id\":\"https:\/\/vieassociative.be\/actualites\/#\/schema\/person\/b87ac4f82f9d4e7b7cec7395b679edc4\",\"name\":\"Julien\",\"image\":{\"@type\":\"ImageObject\",\"inLanguage\":\"fr-BE\",\"@id\":\"https:\/\/vieassociative.be\/actualites\/#\/schema\/person\/image\/\",\"url\":\"https:\/\/vieassociative.be\/actualites\/wp-content\/uploads\/2024\/09\/vie-associative-1-150x150.jpg\",\"contentUrl\":\"https:\/\/vieassociative.be\/actualites\/wp-content\/uploads\/2024\/09\/vie-associative-1-150x150.jpg\",\"caption\":\"Julien\"},\"description\":\"Je suis Julien, r\u00e9dacteur pour Vie Associative. Passionn\u00e9 par le monde associatif depuis plus de 10 ans, j'ai \u00e0 c\u0153ur de partager des histoires inspirantes et de mettre en lumi\u00e8re les initiatives locales. Mon objectif est de sensibiliser et d'encourager l'engagement communautaire \u00e0 travers mes articles.\",\"sameAs\":[\"https:\/\/vieassociative.be\/\"]}]}<\/script>\n<!-- \/ Yoast SEO plugin. -->","yoast_head_json":{"title":"D\u00e9but de la saison des prix Nobel: Trump se consid\u00e8re comme \"pr\u00e9sident de la paix\", qui a mis fin \u00e0 7 guerres | Vie Associative","robots":{"index":"index","follow":"follow","max-snippet":"max-snippet:-1","max-image-preview":"max-image-preview:large","max-video-preview":"max-video-preview:-1"},"canonical":"https:\/\/vieassociative.be\/actualites\/debut-de-la-saison-des-prix-nobel-trump-se-considere-comme-president-de-la-paix-qui-a-mis-fin-a-7-guerres\/","og_locale":"fr_FR","og_type":"article","og_title":"D\u00e9but de la saison des prix Nobel: Trump se consid\u00e8re comme \"pr\u00e9sident de la paix\", qui a mis fin \u00e0 7 guerres | Vie Associative","og_description":"La saison des prix Nobel a commenc\u00e9 \u00e0 Stockholm lundi. L&rsquo;annonce dans la cat\u00e9gorie des prix de la physiologie ou de la m\u00e9decine commence traditionnellement","og_url":"https:\/\/vieassociative.be\/actualites\/debut-de-la-saison-des-prix-nobel-trump-se-considere-comme-president-de-la-paix-qui-a-mis-fin-a-7-guerres\/","og_site_name":"Vie Associative","article_published_time":"2025-10-06T20:17:13+00:00","og_image":[{"width":279,"height":92,"url":"https:\/\/vieassociative.be\/actualites\/wp-content\/uploads\/2024\/09\/header_backgroundk-01-e1726694325946.png","type":"image\/png"}],"author":"Julien","twitter_card":"summary_large_image","twitter_misc":{"\u00c9crit par":"Julien","Dur\u00e9e de lecture est.":"4 minutes"},"schema":{"@context":"https:\/\/schema.org","@graph":[{"@type":"Article","@id":"https:\/\/vieassociative.be\/actualites\/debut-de-la-saison-des-prix-nobel-trump-se-considere-comme-president-de-la-paix-qui-a-mis-fin-a-7-guerres\/#article","isPartOf":{"@id":"https:\/\/vieassociative.be\/actualites\/debut-de-la-saison-des-prix-nobel-trump-se-considere-comme-president-de-la-paix-qui-a-mis-fin-a-7-guerres\/"},"author":{"name":"Julien","@id":"https:\/\/vieassociative.be\/actualites\/#\/schema\/person\/b87ac4f82f9d4e7b7cec7395b679edc4"},"headline":"D\u00e9but de la saison des prix Nobel: Trump se consid\u00e8re comme \u00ab\u00a0pr\u00e9sident de la paix\u00a0\u00bb, qui a mis fin \u00e0 7 guerres","datePublished":"2025-10-06T20:17:13+00:00","dateModified":"2025-10-06T20:17:13+00:00","mainEntityOfPage":{"@id":"https:\/\/vieassociative.be\/actualites\/debut-de-la-saison-des-prix-nobel-trump-se-considere-comme-president-de-la-paix-qui-a-mis-fin-a-7-guerres\/"},"wordCount":792,"publisher":{"@id":"https:\/\/vieassociative.be\/actualites\/#organization"},"image":{"@id":"https:\/\/vieassociative.be\/actualites\/debut-de-la-saison-des-prix-nobel-trump-se-considere-comme-president-de-la-paix-qui-a-mis-fin-a-7-guerres\/#primaryimage"},"thumbnailUrl":"https:\/\/vieassociative.be\/actualites\/wp-content\/uploads\/2025\/10\/1759781835_Debut-de-la-saison-des-prix-Nobel-Trump-se-considere.jpg","keywords":["comme","consid\u00e8re","D\u00e9but","Des","fin","guerres","mis","Nobel","paix","pr\u00e9sident","prix","qui","Saison","Trump"],"articleSection":["Belgique"],"inLanguage":"fr-BE"},{"@type":"WebPage","@id":"https:\/\/vieassociative.be\/actualites\/debut-de-la-saison-des-prix-nobel-trump-se-considere-comme-president-de-la-paix-qui-a-mis-fin-a-7-guerres\/","url":"https:\/\/vieassociative.be\/actualites\/debut-de-la-saison-des-prix-nobel-trump-se-considere-comme-president-de-la-paix-qui-a-mis-fin-a-7-guerres\/","name":"D\u00e9but de la saison des prix Nobel: Trump se consid\u00e8re comme \"pr\u00e9sident de la paix\", qui a mis fin \u00e0 7 guerres | Vie Associative","isPartOf":{"@id":"https:\/\/vieassociative.be\/actualites\/#website"},"primaryImageOfPage":{"@id":"https:\/\/vieassociative.be\/actualites\/debut-de-la-saison-des-prix-nobel-trump-se-considere-comme-president-de-la-paix-qui-a-mis-fin-a-7-guerres\/#primaryimage"},"image":{"@id":"https:\/\/vieassociative.be\/actualites\/debut-de-la-saison-des-prix-nobel-trump-se-considere-comme-president-de-la-paix-qui-a-mis-fin-a-7-guerres\/#primaryimage"},"thumbnailUrl":"https:\/\/vieassociative.be\/actualites\/wp-content\/uploads\/2025\/10\/1759781835_Debut-de-la-saison-des-prix-Nobel-Trump-se-considere.jpg","datePublished":"2025-10-06T20:17:13+00:00","dateModified":"2025-10-06T20:17:13+00:00","breadcrumb":{"@id":"https:\/\/vieassociative.be\/actualites\/debut-de-la-saison-des-prix-nobel-trump-se-considere-comme-president-de-la-paix-qui-a-mis-fin-a-7-guerres\/#breadcrumb"},"inLanguage":"fr-BE","potentialAction":[{"@type":"ReadAction","target":["https:\/\/vieassociative.be\/actualites\/debut-de-la-saison-des-prix-nobel-trump-se-considere-comme-president-de-la-paix-qui-a-mis-fin-a-7-guerres\/"]}]},{"@type":"ImageObject","inLanguage":"fr-BE","@id":"https:\/\/vieassociative.be\/actualites\/debut-de-la-saison-des-prix-nobel-trump-se-considere-comme-president-de-la-paix-qui-a-mis-fin-a-7-guerres\/#primaryimage","url":"https:\/\/vieassociative.be\/actualites\/wp-content\/uploads\/2025\/10\/1759781835_Debut-de-la-saison-des-prix-Nobel-Trump-se-considere.jpg","contentUrl":"https:\/\/vieassociative.be\/actualites\/wp-content\/uploads\/2025\/10\/1759781835_Debut-de-la-saison-des-prix-Nobel-Trump-se-considere.jpg","width":1200,"height":800,"caption":"D\u00e9but de la saison des prix Nobel: Trump se consid\u00e8re comme \"pr\u00e9sident de la paix\", qui a mis fin \u00e0 7 guerres"},{"@type":"BreadcrumbList","@id":"https:\/\/vieassociative.be\/actualites\/debut-de-la-saison-des-prix-nobel-trump-se-considere-comme-president-de-la-paix-qui-a-mis-fin-a-7-guerres\/#breadcrumb","itemListElement":[{"@type":"ListItem","position":1,"name":"Accueil","item":"https:\/\/vieassociative.be\/actualites\/"},{"@type":"ListItem","position":2,"name":"D\u00e9but de la saison des prix Nobel: Trump se consid\u00e8re comme \u00ab\u00a0pr\u00e9sident de la paix\u00a0\u00bb, qui a mis fin \u00e0 7 guerres"}]},{"@type":"WebSite","@id":"https:\/\/vieassociative.be\/actualites\/#website","url":"https:\/\/vieassociative.be\/actualites\/","name":"Vie Associative","description":"","publisher":{"@id":"https:\/\/vieassociative.be\/actualites\/#organization"},"potentialAction":[{"@type":"SearchAction","target":{"@type":"EntryPoint","urlTemplate":"https:\/\/vieassociative.be\/actualites\/?s={search_term_string}"},"query-input":{"@type":"PropertyValueSpecification","valueRequired":true,"valueName":"search_term_string"}}],"inLanguage":"fr-BE"},{"@type":"Organization","@id":"https:\/\/vieassociative.be\/actualites\/#organization","name":"Vie Associative","url":"https:\/\/vieassociative.be\/actualites\/","logo":{"@type":"ImageObject","inLanguage":"fr-BE","@id":"https:\/\/vieassociative.be\/actualites\/#\/schema\/logo\/image\/","url":"https:\/\/vieassociative.be\/actualites\/wp-content\/uploads\/2024\/09\/cropped-vieassociative_favicon.ico.png","contentUrl":"https:\/\/vieassociative.be\/actualites\/wp-content\/uploads\/2024\/09\/cropped-vieassociative_favicon.ico.png","width":512,"height":512,"caption":"Vie Associative"},"image":{"@id":"https:\/\/vieassociative.be\/actualites\/#\/schema\/logo\/image\/"}},{"@type":"Person","@id":"https:\/\/vieassociative.be\/actualites\/#\/schema\/person\/b87ac4f82f9d4e7b7cec7395b679edc4","name":"Julien","image":{"@type":"ImageObject","inLanguage":"fr-BE","@id":"https:\/\/vieassociative.be\/actualites\/#\/schema\/person\/image\/","url":"https:\/\/vieassociative.be\/actualites\/wp-content\/uploads\/2024\/09\/vie-associative-1-150x150.jpg","contentUrl":"https:\/\/vieassociative.be\/actualites\/wp-content\/uploads\/2024\/09\/vie-associative-1-150x150.jpg","caption":"Julien"},"description":"Je suis Julien, r\u00e9dacteur pour Vie Associative. Passionn\u00e9 par le monde associatif depuis plus de 10 ans, j'ai \u00e0 c\u0153ur de partager des histoires inspirantes et de mettre en lumi\u00e8re les initiatives locales. Mon objectif est de sensibiliser et d'encourager l'engagement communautaire \u00e0 travers mes articles.","sameAs":["https:\/\/vieassociative.be\/"]}]}},"_links":{"self":[{"href":"https:\/\/vieassociative.be\/actualites\/wp-json\/wp\/v2\/posts\/10487"}],"collection":[{"href":"https:\/\/vieassociative.be\/actualites\/wp-json\/wp\/v2\/posts"}],"about":[{"href":"https:\/\/vieassociative.be\/actualites\/wp-json\/wp\/v2\/types\/post"}],"author":[{"embeddable":true,"href":"https:\/\/vieassociative.be\/actualites\/wp-json\/wp\/v2\/users\/1"}],"replies":[{"embeddable":true,"href":"https:\/\/vieassociative.be\/actualites\/wp-json\/wp\/v2\/comments?post=10487"}],"version-history":[{"count":0,"href":"https:\/\/vieassociative.be\/actualites\/wp-json\/wp\/v2\/posts\/10487\/revisions"}],"wp:featuredmedia":[{"embeddable":true,"href":"https:\/\/vieassociative.be\/actualites\/wp-json\/wp\/v2\/media\/10488"}],"wp:attachment":[{"href":"https:\/\/vieassociative.be\/actualites\/wp-json\/wp\/v2\/media?parent=10487"}],"wp:term":[{"taxonomy":"category","embeddable":true,"href":"https:\/\/vieassociative.be\/actualites\/wp-json\/wp\/v2\/categories?post=10487"},{"taxonomy":"post_tag","embeddable":true,"href":"https:\/\/vieassociative.be\/actualites\/wp-json\/wp\/v2\/tags?post=10487"}],"curies":[{"name":"wp","href":"https:\/\/api.w.org\/{rel}","templated":true}]}}