{"id":10485,"date":"2025-10-06T21:17:02","date_gmt":"2025-10-06T19:17:02","guid":{"rendered":"https:\/\/vieassociative.be\/actualites\/octobre-prime-day-2025-mises-a-jour-en-direct-sur-les-meilleures-offres-pour-les-macbooks-les-lecteurs-electroniques-les-lunettes-intelligentes-et-plus-encore\/"},"modified":"2025-10-06T21:17:02","modified_gmt":"2025-10-06T19:17:02","slug":"octobre-prime-day-2025-mises-a-jour-en-direct-sur-les-meilleures-offres-pour-les-macbooks-les-lecteurs-electroniques-les-lunettes-intelligentes-et-plus-encore","status":"publish","type":"post","link":"https:\/\/vieassociative.be\/actualites\/octobre-prime-day-2025-mises-a-jour-en-direct-sur-les-meilleures-offres-pour-les-macbooks-les-lecteurs-electroniques-les-lunettes-intelligentes-et-plus-encore\/","title":{"rendered":"Octobre Prime Day 2025: Mises \u00e0 jour en direct sur les meilleures offres pour les macbooks, les lecteurs \u00e9lectroniques, les lunettes intelligentes et plus encore"},"content":{"rendered":"<div class=\"mt-4 leading-6 md:mb-8\">Les premi\u00e8res offres sont l\u00e0, et nous mettons en \u00e9vidence toutes les meilleures ventes au fur et \u00e0 mesure que nous les trouvons.<\/div>\n<p><\/p>\n<p>Notre couverture de premi\u00e8re journ\u00e9e est d\u00e9j\u00e0 en cours. Nous vous aidons \u00e0 conclure les meilleures offres pr\u00e9coces et \u00e0 vous donner un acc\u00e8s en direct aux meilleures offres que notre \u00e9quipe d&rsquo;experts peut trouver. Toutes nos offres recommand\u00e9es ont \u00e9t\u00e9 v\u00e9rifi\u00e9es \u00e0 l&rsquo;aide d&rsquo;outils de suivi des prix, vous pouvez donc croire que les ventes dont nous parlons sont en fait de bonnes affaires, et pas seulement du battage m\u00e9diatique con\u00e7u pour vous tromper.<\/p>\n<p>N&rsquo;oubliez pas que vous devez \u00eatre un membre privil\u00e9gi\u00e9 pour avoir acc\u00e8s \u00e0 toutes les offres de premi\u00e8re journ\u00e9e d&rsquo;Amazon et pour obtenir la livraison gratuite. L&rsquo;adh\u00e9sion principale commence \u00e0 <strong>14,99 $<\/strong> par mois (<strong>139 $<\/strong> par an) et comporte plus d&rsquo;avantages que les gens ne le pensent. Il est facile de d\u00e9terminer si l&rsquo;adh\u00e9sion annuelle en vaut la peine pour vous, mais n&rsquo;oubliez pas, vous pouvez toujours annuler votre abonnement Prime une fois la vente termin\u00e9e, car Amazon propose des essais gratuits de 30 jours. En th\u00e9orie, vous pouvez acheter l&rsquo;ensemble de l&rsquo;\u00e9v\u00e9nement et avoir encore le temps d&rsquo;annuler avant d&rsquo;\u00eatre factur\u00e9. (Voici comment s&rsquo;inscrire \u00e0 un essai gratuit.)<\/p>\n<p>Pour un aper\u00e7u des meilleures offres telles que nous les trouvons, consultez notre blog en direct de l&rsquo;\u00e9v\u00e9nement ci-dessous, qui pr\u00e9sente la couverture de l&rsquo;\u00e9quipe Vie Associative des deux jours d&rsquo;octobre Prime Day. Nous continuerons \u00e0 mettre en \u00e9vidence de nouvelles offres au fur et \u00e0 mesure que nous les trouvons, mais vous pouvez faire d\u00e9filer pour voir des offres ant\u00e9rieures qui peuvent toujours \u00eatre actives.<\/p>\n","protected":false},"excerpt":{"rendered":"<p>Les premi\u00e8res offres sont l\u00e0, et nous mettons en \u00e9vidence toutes les meilleures ventes au fur et \u00e0 mesure que nous les trouvons. Notre couverture<\/p>\n","protected":false},"author":1,"featured_media":10486,"comment_status":"","ping_status":"","sticky":false,"template":"","format":"standard","meta":{"footnotes":""},"categories":[41],"tags":[347,3308,1660,592,2170,53,7673,14,3912,8800,79,588,1147,345,81,346,33],"class_list":["post-10485","post","type-post","status-publish","format-standard","has-post-thumbnail","hentry","category-argent","tag-day","tag-direct","tag-electroniques","tag-encore","tag-intelligentes","tag-jour","tag-lecteurs","tag-les","tag-lunettes","tag-macbooks","tag-meilleures","tag-mises","tag-octobre","tag-offres","tag-pour","tag-prime","tag-sur","generate-columns","tablet-grid-50","mobile-grid-100","grid-parent","grid-33"],"yoast_head":"<!-- This site is optimized with the Yoast SEO plugin v24.0 - https:\/\/yoast.com\/wordpress\/plugins\/seo\/ -->\n<title>Octobre Prime Day 2025: Mises \u00e0 jour en direct sur les meilleures offres pour les macbooks, les lecteurs \u00e9lectroniques, les lunettes intelligentes et plus encore | Vie Associative<\/title>\n<meta name=\"robots\" content=\"index, follow, max-snippet:-1, max-image-preview:large, max-video-preview:-1\" \/>\n<link rel=\"canonical\" href=\"https:\/\/vieassociative.be\/actualites\/octobre-prime-day-2025-mises-a-jour-en-direct-sur-les-meilleures-offres-pour-les-macbooks-les-lecteurs-electroniques-les-lunettes-intelligentes-et-plus-encore\/\" \/>\n<meta property=\"og:locale\" content=\"fr_FR\" \/>\n<meta property=\"og:type\" content=\"article\" \/>\n<meta property=\"og:title\" content=\"Octobre Prime Day 2025: Mises \u00e0 jour en direct sur les meilleures offres pour les macbooks, les lecteurs \u00e9lectroniques, les lunettes intelligentes et plus encore | Vie Associative\" \/>\n<meta property=\"og:description\" content=\"Les premi\u00e8res offres sont l\u00e0, et nous mettons en \u00e9vidence toutes les meilleures ventes au fur et \u00e0 mesure que nous les trouvons. Notre couverture\" \/>\n<meta property=\"og:url\" content=\"https:\/\/vieassociative.be\/actualites\/octobre-prime-day-2025-mises-a-jour-en-direct-sur-les-meilleures-offres-pour-les-macbooks-les-lecteurs-electroniques-les-lunettes-intelligentes-et-plus-encore\/\" \/>\n<meta property=\"og:site_name\" content=\"Vie Associative\" \/>\n<meta property=\"article:published_time\" content=\"2025-10-06T19:17:02+00:00\" \/>\n<meta property=\"og:image\" content=\"https:\/\/vieassociative.be\/actualites\/wp-content\/uploads\/2024\/09\/header_backgroundk-01-e1726694325946.png\" \/>\n\t<meta property=\"og:image:width\" content=\"279\" \/>\n\t<meta property=\"og:image:height\" content=\"92\" \/>\n\t<meta property=\"og:image:type\" content=\"image\/png\" \/>\n<meta name=\"author\" content=\"Julien\" \/>\n<meta name=\"twitter:card\" content=\"summary_large_image\" \/>\n<meta name=\"twitter:label1\" content=\"\u00c9crit par\" \/>\n\t<meta name=\"twitter:data1\" content=\"Julien\" \/>\n\t<meta name=\"twitter:label2\" content=\"Dur\u00e9e de lecture est.\" \/>\n\t<meta name=\"twitter:data2\" content=\"1 minute\" \/>\n<script type=\"application\/ld+json\" class=\"yoast-schema-graph\">{\"@context\":\"https:\/\/schema.org\",\"@graph\":[{\"@type\":\"Article\",\"@id\":\"https:\/\/vieassociative.be\/actualites\/octobre-prime-day-2025-mises-a-jour-en-direct-sur-les-meilleures-offres-pour-les-macbooks-les-lecteurs-electroniques-les-lunettes-intelligentes-et-plus-encore\/#article\",\"isPartOf\":{\"@id\":\"https:\/\/vieassociative.be\/actualites\/octobre-prime-day-2025-mises-a-jour-en-direct-sur-les-meilleures-offres-pour-les-macbooks-les-lecteurs-electroniques-les-lunettes-intelligentes-et-plus-encore\/\"},\"author\":{\"name\":\"Julien\",\"@id\":\"https:\/\/vieassociative.be\/actualites\/#\/schema\/person\/b87ac4f82f9d4e7b7cec7395b679edc4\"},\"headline\":\"Octobre Prime Day 2025: Mises \u00e0 jour en direct sur les meilleures offres pour les macbooks, les lecteurs \u00e9lectroniques, les lunettes intelligentes et plus encore\",\"datePublished\":\"2025-10-06T19:17:02+00:00\",\"dateModified\":\"2025-10-06T19:17:02+00:00\",\"mainEntityOfPage\":{\"@id\":\"https:\/\/vieassociative.be\/actualites\/octobre-prime-day-2025-mises-a-jour-en-direct-sur-les-meilleures-offres-pour-les-macbooks-les-lecteurs-electroniques-les-lunettes-intelligentes-et-plus-encore\/\"},\"wordCount\":326,\"publisher\":{\"@id\":\"https:\/\/vieassociative.be\/actualites\/#organization\"},\"image\":{\"@id\":\"https:\/\/vieassociative.be\/actualites\/octobre-prime-day-2025-mises-a-jour-en-direct-sur-les-meilleures-offres-pour-les-macbooks-les-lecteurs-electroniques-les-lunettes-intelligentes-et-plus-encore\/#primaryimage\"},\"thumbnailUrl\":\"https:\/\/vieassociative.be\/actualites\/wp-content\/uploads\/2025\/10\/Octobre-Prime-Day-2025-Mises-a-jour-en-direct-sur.jpg\",\"keywords\":[\"Day\",\"direct\",\"\u00e9lectroniques\",\"encore\",\"intelligentes\",\"jour\",\"lecteurs\",\"Les\",\"lunettes\",\"macbooks\",\"meilleures\",\"mises\",\"octobre\",\"offres\",\"pour\",\"Prime\",\"sur\"],\"articleSection\":[\"Argent\"],\"inLanguage\":\"fr-BE\"},{\"@type\":\"WebPage\",\"@id\":\"https:\/\/vieassociative.be\/actualites\/octobre-prime-day-2025-mises-a-jour-en-direct-sur-les-meilleures-offres-pour-les-macbooks-les-lecteurs-electroniques-les-lunettes-intelligentes-et-plus-encore\/\",\"url\":\"https:\/\/vieassociative.be\/actualites\/octobre-prime-day-2025-mises-a-jour-en-direct-sur-les-meilleures-offres-pour-les-macbooks-les-lecteurs-electroniques-les-lunettes-intelligentes-et-plus-encore\/\",\"name\":\"Octobre Prime Day 2025: Mises \u00e0 jour en direct sur les meilleures offres pour les macbooks, les lecteurs \u00e9lectroniques, les lunettes intelligentes et plus encore | Vie Associative\",\"isPartOf\":{\"@id\":\"https:\/\/vieassociative.be\/actualites\/#website\"},\"primaryImageOfPage\":{\"@id\":\"https:\/\/vieassociative.be\/actualites\/octobre-prime-day-2025-mises-a-jour-en-direct-sur-les-meilleures-offres-pour-les-macbooks-les-lecteurs-electroniques-les-lunettes-intelligentes-et-plus-encore\/#primaryimage\"},\"image\":{\"@id\":\"https:\/\/vieassociative.be\/actualites\/octobre-prime-day-2025-mises-a-jour-en-direct-sur-les-meilleures-offres-pour-les-macbooks-les-lecteurs-electroniques-les-lunettes-intelligentes-et-plus-encore\/#primaryimage\"},\"thumbnailUrl\":\"https:\/\/vieassociative.be\/actualites\/wp-content\/uploads\/2025\/10\/Octobre-Prime-Day-2025-Mises-a-jour-en-direct-sur.jpg\",\"datePublished\":\"2025-10-06T19:17:02+00:00\",\"dateModified\":\"2025-10-06T19:17:02+00:00\",\"breadcrumb\":{\"@id\":\"https:\/\/vieassociative.be\/actualites\/octobre-prime-day-2025-mises-a-jour-en-direct-sur-les-meilleures-offres-pour-les-macbooks-les-lecteurs-electroniques-les-lunettes-intelligentes-et-plus-encore\/#breadcrumb\"},\"inLanguage\":\"fr-BE\",\"potentialAction\":[{\"@type\":\"ReadAction\",\"target\":[\"https:\/\/vieassociative.be\/actualites\/octobre-prime-day-2025-mises-a-jour-en-direct-sur-les-meilleures-offres-pour-les-macbooks-les-lecteurs-electroniques-les-lunettes-intelligentes-et-plus-encore\/\"]}]},{\"@type\":\"ImageObject\",\"inLanguage\":\"fr-BE\",\"@id\":\"https:\/\/vieassociative.be\/actualites\/octobre-prime-day-2025-mises-a-jour-en-direct-sur-les-meilleures-offres-pour-les-macbooks-les-lecteurs-electroniques-les-lunettes-intelligentes-et-plus-encore\/#primaryimage\",\"url\":\"https:\/\/vieassociative.be\/actualites\/wp-content\/uploads\/2025\/10\/Octobre-Prime-Day-2025-Mises-a-jour-en-direct-sur.jpg\",\"contentUrl\":\"https:\/\/vieassociative.be\/actualites\/wp-content\/uploads\/2025\/10\/Octobre-Prime-Day-2025-Mises-a-jour-en-direct-sur.jpg\",\"width\":1200,\"height\":675,\"caption\":\"Octobre Prime Day 2025: Mises \u00e0 jour en direct sur les meilleures offres pour les macbooks, les lecteurs \u00e9lectroniques, les lunettes intelligentes et plus encore\"},{\"@type\":\"BreadcrumbList\",\"@id\":\"https:\/\/vieassociative.be\/actualites\/octobre-prime-day-2025-mises-a-jour-en-direct-sur-les-meilleures-offres-pour-les-macbooks-les-lecteurs-electroniques-les-lunettes-intelligentes-et-plus-encore\/#breadcrumb\",\"itemListElement\":[{\"@type\":\"ListItem\",\"position\":1,\"name\":\"Accueil\",\"item\":\"https:\/\/vieassociative.be\/actualites\/\"},{\"@type\":\"ListItem\",\"position\":2,\"name\":\"Octobre Prime Day 2025: Mises \u00e0 jour en direct sur les meilleures offres pour les macbooks, les lecteurs \u00e9lectroniques, les lunettes intelligentes et plus encore\"}]},{\"@type\":\"WebSite\",\"@id\":\"https:\/\/vieassociative.be\/actualites\/#website\",\"url\":\"https:\/\/vieassociative.be\/actualites\/\",\"name\":\"Vie Associative\",\"description\":\"\",\"publisher\":{\"@id\":\"https:\/\/vieassociative.be\/actualites\/#organization\"},\"potentialAction\":[{\"@type\":\"SearchAction\",\"target\":{\"@type\":\"EntryPoint\",\"urlTemplate\":\"https:\/\/vieassociative.be\/actualites\/?s={search_term_string}\"},\"query-input\":{\"@type\":\"PropertyValueSpecification\",\"valueRequired\":true,\"valueName\":\"search_term_string\"}}],\"inLanguage\":\"fr-BE\"},{\"@type\":\"Organization\",\"@id\":\"https:\/\/vieassociative.be\/actualites\/#organization\",\"name\":\"Vie Associative\",\"url\":\"https:\/\/vieassociative.be\/actualites\/\",\"logo\":{\"@type\":\"ImageObject\",\"inLanguage\":\"fr-BE\",\"@id\":\"https:\/\/vieassociative.be\/actualites\/#\/schema\/logo\/image\/\",\"url\":\"https:\/\/vieassociative.be\/actualites\/wp-content\/uploads\/2024\/09\/cropped-vieassociative_favicon.ico.png\",\"contentUrl\":\"https:\/\/vieassociative.be\/actualites\/wp-content\/uploads\/2024\/09\/cropped-vieassociative_favicon.ico.png\",\"width\":512,\"height\":512,\"caption\":\"Vie Associative\"},\"image\":{\"@id\":\"https:\/\/vieassociative.be\/actualites\/#\/schema\/logo\/image\/\"}},{\"@type\":\"Person\",\"@id\":\"https:\/\/vieassociative.be\/actualites\/#\/schema\/person\/b87ac4f82f9d4e7b7cec7395b679edc4\",\"name\":\"Julien\",\"image\":{\"@type\":\"ImageObject\",\"inLanguage\":\"fr-BE\",\"@id\":\"https:\/\/vieassociative.be\/actualites\/#\/schema\/person\/image\/\",\"url\":\"https:\/\/vieassociative.be\/actualites\/wp-content\/uploads\/2024\/09\/vie-associative-1-150x150.jpg\",\"contentUrl\":\"https:\/\/vieassociative.be\/actualites\/wp-content\/uploads\/2024\/09\/vie-associative-1-150x150.jpg\",\"caption\":\"Julien\"},\"description\":\"Je suis Julien, r\u00e9dacteur pour Vie Associative. Passionn\u00e9 par le monde associatif depuis plus de 10 ans, j'ai \u00e0 c\u0153ur de partager des histoires inspirantes et de mettre en lumi\u00e8re les initiatives locales. Mon objectif est de sensibiliser et d'encourager l'engagement communautaire \u00e0 travers mes articles.\",\"sameAs\":[\"https:\/\/vieassociative.be\/\"]}]}<\/script>\n<!-- \/ Yoast SEO plugin. -->","yoast_head_json":{"title":"Octobre Prime Day 2025: Mises \u00e0 jour en direct sur les meilleures offres pour les macbooks, les lecteurs \u00e9lectroniques, les lunettes intelligentes et plus encore | Vie Associative","robots":{"index":"index","follow":"follow","max-snippet":"max-snippet:-1","max-image-preview":"max-image-preview:large","max-video-preview":"max-video-preview:-1"},"canonical":"https:\/\/vieassociative.be\/actualites\/octobre-prime-day-2025-mises-a-jour-en-direct-sur-les-meilleures-offres-pour-les-macbooks-les-lecteurs-electroniques-les-lunettes-intelligentes-et-plus-encore\/","og_locale":"fr_FR","og_type":"article","og_title":"Octobre Prime Day 2025: Mises \u00e0 jour en direct sur les meilleures offres pour les macbooks, les lecteurs \u00e9lectroniques, les lunettes intelligentes et plus encore | Vie Associative","og_description":"Les premi\u00e8res offres sont l\u00e0, et nous mettons en \u00e9vidence toutes les meilleures ventes au fur et \u00e0 mesure que nous les trouvons. Notre couverture","og_url":"https:\/\/vieassociative.be\/actualites\/octobre-prime-day-2025-mises-a-jour-en-direct-sur-les-meilleures-offres-pour-les-macbooks-les-lecteurs-electroniques-les-lunettes-intelligentes-et-plus-encore\/","og_site_name":"Vie Associative","article_published_time":"2025-10-06T19:17:02+00:00","og_image":[{"width":279,"height":92,"url":"https:\/\/vieassociative.be\/actualites\/wp-content\/uploads\/2024\/09\/header_backgroundk-01-e1726694325946.png","type":"image\/png"}],"author":"Julien","twitter_card":"summary_large_image","twitter_misc":{"\u00c9crit par":"Julien","Dur\u00e9e de lecture est.":"1 minute"},"schema":{"@context":"https:\/\/schema.org","@graph":[{"@type":"Article","@id":"https:\/\/vieassociative.be\/actualites\/octobre-prime-day-2025-mises-a-jour-en-direct-sur-les-meilleures-offres-pour-les-macbooks-les-lecteurs-electroniques-les-lunettes-intelligentes-et-plus-encore\/#article","isPartOf":{"@id":"https:\/\/vieassociative.be\/actualites\/octobre-prime-day-2025-mises-a-jour-en-direct-sur-les-meilleures-offres-pour-les-macbooks-les-lecteurs-electroniques-les-lunettes-intelligentes-et-plus-encore\/"},"author":{"name":"Julien","@id":"https:\/\/vieassociative.be\/actualites\/#\/schema\/person\/b87ac4f82f9d4e7b7cec7395b679edc4"},"headline":"Octobre Prime Day 2025: Mises \u00e0 jour en direct sur les meilleures offres pour les macbooks, les lecteurs \u00e9lectroniques, les lunettes intelligentes et plus encore","datePublished":"2025-10-06T19:17:02+00:00","dateModified":"2025-10-06T19:17:02+00:00","mainEntityOfPage":{"@id":"https:\/\/vieassociative.be\/actualites\/octobre-prime-day-2025-mises-a-jour-en-direct-sur-les-meilleures-offres-pour-les-macbooks-les-lecteurs-electroniques-les-lunettes-intelligentes-et-plus-encore\/"},"wordCount":326,"publisher":{"@id":"https:\/\/vieassociative.be\/actualites\/#organization"},"image":{"@id":"https:\/\/vieassociative.be\/actualites\/octobre-prime-day-2025-mises-a-jour-en-direct-sur-les-meilleures-offres-pour-les-macbooks-les-lecteurs-electroniques-les-lunettes-intelligentes-et-plus-encore\/#primaryimage"},"thumbnailUrl":"https:\/\/vieassociative.be\/actualites\/wp-content\/uploads\/2025\/10\/Octobre-Prime-Day-2025-Mises-a-jour-en-direct-sur.jpg","keywords":["Day","direct","\u00e9lectroniques","encore","intelligentes","jour","lecteurs","Les","lunettes","macbooks","meilleures","mises","octobre","offres","pour","Prime","sur"],"articleSection":["Argent"],"inLanguage":"fr-BE"},{"@type":"WebPage","@id":"https:\/\/vieassociative.be\/actualites\/octobre-prime-day-2025-mises-a-jour-en-direct-sur-les-meilleures-offres-pour-les-macbooks-les-lecteurs-electroniques-les-lunettes-intelligentes-et-plus-encore\/","url":"https:\/\/vieassociative.be\/actualites\/octobre-prime-day-2025-mises-a-jour-en-direct-sur-les-meilleures-offres-pour-les-macbooks-les-lecteurs-electroniques-les-lunettes-intelligentes-et-plus-encore\/","name":"Octobre Prime Day 2025: Mises \u00e0 jour en direct sur les meilleures offres pour les macbooks, les lecteurs \u00e9lectroniques, les lunettes intelligentes et plus encore | Vie Associative","isPartOf":{"@id":"https:\/\/vieassociative.be\/actualites\/#website"},"primaryImageOfPage":{"@id":"https:\/\/vieassociative.be\/actualites\/octobre-prime-day-2025-mises-a-jour-en-direct-sur-les-meilleures-offres-pour-les-macbooks-les-lecteurs-electroniques-les-lunettes-intelligentes-et-plus-encore\/#primaryimage"},"image":{"@id":"https:\/\/vieassociative.be\/actualites\/octobre-prime-day-2025-mises-a-jour-en-direct-sur-les-meilleures-offres-pour-les-macbooks-les-lecteurs-electroniques-les-lunettes-intelligentes-et-plus-encore\/#primaryimage"},"thumbnailUrl":"https:\/\/vieassociative.be\/actualites\/wp-content\/uploads\/2025\/10\/Octobre-Prime-Day-2025-Mises-a-jour-en-direct-sur.jpg","datePublished":"2025-10-06T19:17:02+00:00","dateModified":"2025-10-06T19:17:02+00:00","breadcrumb":{"@id":"https:\/\/vieassociative.be\/actualites\/octobre-prime-day-2025-mises-a-jour-en-direct-sur-les-meilleures-offres-pour-les-macbooks-les-lecteurs-electroniques-les-lunettes-intelligentes-et-plus-encore\/#breadcrumb"},"inLanguage":"fr-BE","potentialAction":[{"@type":"ReadAction","target":["https:\/\/vieassociative.be\/actualites\/octobre-prime-day-2025-mises-a-jour-en-direct-sur-les-meilleures-offres-pour-les-macbooks-les-lecteurs-electroniques-les-lunettes-intelligentes-et-plus-encore\/"]}]},{"@type":"ImageObject","inLanguage":"fr-BE","@id":"https:\/\/vieassociative.be\/actualites\/octobre-prime-day-2025-mises-a-jour-en-direct-sur-les-meilleures-offres-pour-les-macbooks-les-lecteurs-electroniques-les-lunettes-intelligentes-et-plus-encore\/#primaryimage","url":"https:\/\/vieassociative.be\/actualites\/wp-content\/uploads\/2025\/10\/Octobre-Prime-Day-2025-Mises-a-jour-en-direct-sur.jpg","contentUrl":"https:\/\/vieassociative.be\/actualites\/wp-content\/uploads\/2025\/10\/Octobre-Prime-Day-2025-Mises-a-jour-en-direct-sur.jpg","width":1200,"height":675,"caption":"Octobre Prime Day 2025: Mises \u00e0 jour en direct sur les meilleures offres pour les macbooks, les lecteurs \u00e9lectroniques, les lunettes intelligentes et plus encore"},{"@type":"BreadcrumbList","@id":"https:\/\/vieassociative.be\/actualites\/octobre-prime-day-2025-mises-a-jour-en-direct-sur-les-meilleures-offres-pour-les-macbooks-les-lecteurs-electroniques-les-lunettes-intelligentes-et-plus-encore\/#breadcrumb","itemListElement":[{"@type":"ListItem","position":1,"name":"Accueil","item":"https:\/\/vieassociative.be\/actualites\/"},{"@type":"ListItem","position":2,"name":"Octobre Prime Day 2025: Mises \u00e0 jour en direct sur les meilleures offres pour les macbooks, les lecteurs \u00e9lectroniques, les lunettes intelligentes et plus encore"}]},{"@type":"WebSite","@id":"https:\/\/vieassociative.be\/actualites\/#website","url":"https:\/\/vieassociative.be\/actualites\/","name":"Vie Associative","description":"","publisher":{"@id":"https:\/\/vieassociative.be\/actualites\/#organization"},"potentialAction":[{"@type":"SearchAction","target":{"@type":"EntryPoint","urlTemplate":"https:\/\/vieassociative.be\/actualites\/?s={search_term_string}"},"query-input":{"@type":"PropertyValueSpecification","valueRequired":true,"valueName":"search_term_string"}}],"inLanguage":"fr-BE"},{"@type":"Organization","@id":"https:\/\/vieassociative.be\/actualites\/#organization","name":"Vie Associative","url":"https:\/\/vieassociative.be\/actualites\/","logo":{"@type":"ImageObject","inLanguage":"fr-BE","@id":"https:\/\/vieassociative.be\/actualites\/#\/schema\/logo\/image\/","url":"https:\/\/vieassociative.be\/actualites\/wp-content\/uploads\/2024\/09\/cropped-vieassociative_favicon.ico.png","contentUrl":"https:\/\/vieassociative.be\/actualites\/wp-content\/uploads\/2024\/09\/cropped-vieassociative_favicon.ico.png","width":512,"height":512,"caption":"Vie Associative"},"image":{"@id":"https:\/\/vieassociative.be\/actualites\/#\/schema\/logo\/image\/"}},{"@type":"Person","@id":"https:\/\/vieassociative.be\/actualites\/#\/schema\/person\/b87ac4f82f9d4e7b7cec7395b679edc4","name":"Julien","image":{"@type":"ImageObject","inLanguage":"fr-BE","@id":"https:\/\/vieassociative.be\/actualites\/#\/schema\/person\/image\/","url":"https:\/\/vieassociative.be\/actualites\/wp-content\/uploads\/2024\/09\/vie-associative-1-150x150.jpg","contentUrl":"https:\/\/vieassociative.be\/actualites\/wp-content\/uploads\/2024\/09\/vie-associative-1-150x150.jpg","caption":"Julien"},"description":"Je suis Julien, r\u00e9dacteur pour Vie Associative. Passionn\u00e9 par le monde associatif depuis plus de 10 ans, j'ai \u00e0 c\u0153ur de partager des histoires inspirantes et de mettre en lumi\u00e8re les initiatives locales. Mon objectif est de sensibiliser et d'encourager l'engagement communautaire \u00e0 travers mes articles.","sameAs":["https:\/\/vieassociative.be\/"]}]}},"_links":{"self":[{"href":"https:\/\/vieassociative.be\/actualites\/wp-json\/wp\/v2\/posts\/10485"}],"collection":[{"href":"https:\/\/vieassociative.be\/actualites\/wp-json\/wp\/v2\/posts"}],"about":[{"href":"https:\/\/vieassociative.be\/actualites\/wp-json\/wp\/v2\/types\/post"}],"author":[{"embeddable":true,"href":"https:\/\/vieassociative.be\/actualites\/wp-json\/wp\/v2\/users\/1"}],"replies":[{"embeddable":true,"href":"https:\/\/vieassociative.be\/actualites\/wp-json\/wp\/v2\/comments?post=10485"}],"version-history":[{"count":0,"href":"https:\/\/vieassociative.be\/actualites\/wp-json\/wp\/v2\/posts\/10485\/revisions"}],"wp:featuredmedia":[{"embeddable":true,"href":"https:\/\/vieassociative.be\/actualites\/wp-json\/wp\/v2\/media\/10486"}],"wp:attachment":[{"href":"https:\/\/vieassociative.be\/actualites\/wp-json\/wp\/v2\/media?parent=10485"}],"wp:term":[{"taxonomy":"category","embeddable":true,"href":"https:\/\/vieassociative.be\/actualites\/wp-json\/wp\/v2\/categories?post=10485"},{"taxonomy":"post_tag","embeddable":true,"href":"https:\/\/vieassociative.be\/actualites\/wp-json\/wp\/v2\/tags?post=10485"}],"curies":[{"name":"wp","href":"https:\/\/api.w.org\/{rel}","templated":true}]}}