{"id":10483,"date":"2025-10-06T20:18:04","date_gmt":"2025-10-06T18:18:04","guid":{"rendered":"https:\/\/vieassociative.be\/actualites\/le-guide-des-adultes-hors-de-contact-pour-les-enfants-de-la-culture-quest-ce-quun-ventre-venus\/"},"modified":"2025-10-06T20:18:04","modified_gmt":"2025-10-06T18:18:04","slug":"le-guide-des-adultes-hors-de-contact-pour-les-enfants-de-la-culture-quest-ce-quun-ventre-venus","status":"publish","type":"post","link":"https:\/\/vieassociative.be\/actualites\/le-guide-des-adultes-hors-de-contact-pour-les-enfants-de-la-culture-quest-ce-quun-ventre-venus\/","title":{"rendered":"Le guide des adultes hors de contact pour les enfants de la culture: Qu&rsquo;est-ce qu&rsquo;un \u00abventre V\u00e9nus\u00bb?"},"content":{"rendered":"<div class=\"mt-4 leading-6 md:mb-8\">J&rsquo;ai plus d&rsquo;un \u00ab\u00a0intestin Jupiter\u00a0\u00bb.<\/div>\n<p><\/p>\n<p><em>Saviez-vous que vous pouvez personnaliser Google pour filtrer les ordures? <strong>Prendre ces \u00e9tapes<\/strong><\/em><em>  Pour de meilleurs r\u00e9sultats de recherche, <strong>y compris l&rsquo;ajout de travail chez Vie Associative comme source pr\u00e9f\u00e9r\u00e9e<\/strong><\/em><em>.<\/em><\/p>\n<hr>\n<p>Comment faites-vous, un autre adulte? L&rsquo;\u00e9dition de cette semaine de la culture de l&rsquo;adulte Out Of Of Touch propose un nouveau terme d&rsquo;argot corporel, une farce Tiktok o\u00f9 l&rsquo;IA met un hobo dans votre salon, le d\u00e9but possible des guerres d&rsquo;IA et une vid\u00e9o virale mettant en vedette les \u00e9tudiants qui g\u00e8rent un nazi hors de classe. Il y a beaucoup \u00e0 manger, alors rentrez votre serviette dans votre chemise et coupez.<\/p>\n<h2 id=\"what-is-a-venus-tummy\">Qu&rsquo;est-ce qu&rsquo;un ventre V\u00e9nus?<\/h2>\n<p>Un \u00ab\u00a0ventre V\u00e9nus\u00a0\u00bb est un terme d&rsquo;argot pour le ventre d&rsquo;une femme qui est un peu gros, mais pas trop gros &#8211; une petite poche qui peut \u00eatre pr\u00e9sent\u00e9e dans des v\u00eatements serr\u00e9s. Comme ainsi: <\/p>\n<div class=\"mx-auto mb-12 mt-5 w-full max-w-3xl rounded-md border-2 border-gray-100 p-3 shadow-md md:px-7 md:pb-7 md:pt-5\" id=\"related-video\">\n<div class=\"mb-3 flex items-center md:mb-5\">\n        <img decoding=\"async\" class=\"mr-4 mt-0 h-10 w-10 md:mr-5 md:h-12 md:w-12\" src=\"https:\/\/vieassociative.be\/actualites\/wp-content\/uploads\/2025\/09\/1757726237_608_Meta-pourrait-devoiler-une-montre-intelligente-pour-controler-ses-lunettes.jpg\" alt=\"Logo Lifehacker\"><\/p><\/div>\n<div class=\"aspect-video w-full overflow-hidden rounded-md\">\n<div id=\"video-container-01K6XB283HP4NMH305PDZR9SXP\"><\/div>\n<\/p><\/div>\n<\/div>\n<blockquote class=\"twitterEmbed twitter-tweet\"><p>\n    <a rel=\"nofollow noopener\" class=\"text-gray-600\" href=\"https:\/\/twitter.com\/nxstypxet\/status\/1969854168665133335\" title=\"open in a new window\" target=\"_blank\"><\/p>\n<p>        Ce tweet n&rsquo;est actuellement pas disponible. Il peut \u00eatre charg\u00e9 ou a \u00e9t\u00e9 supprim\u00e9.<br \/>\n    <\/a>\n<\/p><\/blockquote>\n<p>Le nom vient de la Gr\u00e8ce antique, o\u00f9 V\u00e9nus \u00e9tait repr\u00e9sent\u00e9e comme, euh, charnu, comme vous pouvez le voir \u00e0 partir de ces trois statues de \u00ab\u00a0Crouching V\u00e9nus:\u00a0\u00bb<\/p>\n<div class=\"eloquent-imagery-image\">\n<div class=\"flex justify-center\">\n                    <img decoding=\"async\" class=\"border border-gray-100\" src=\"https:\/\/vieassociative.be\/actualites\/wp-content\/uploads\/2025\/10\/Le-guide-des-adultes-hors-de-contact-pour-les-enfants.png\" alt=\"Trois V\u00e9nus accroupis\" width=\"2000\" height=\"1125\" loading=\"lazy\"  >\n            <\/div>\n<\/p><\/div>\n<p>Bien que les femmes ayant un ventre ne soient pas nouvelles, le terme \u00ab\u00a0ventre V\u00e9nus\u00a0\u00bb (et la reconnaissance que beaucoup de gens trouvent cette caract\u00e9ristique tr\u00e8s attrayante). Je suppose que les termes d&rsquo;argot plus anciens comme Zaftig, THICC, empil\u00e9s et \u00ab\u00a0construits comme un shithouse en brique\u00a0\u00bb ne sont pas suffisamment sp\u00e9cifiques, et la sp\u00e9cificit\u00e9 est importante dans l&rsquo;objectivation. Si Internet <em>a<\/em> Objectiver les femmes (et il semble que ce soit le cas), au moins V\u00e9nus, le ventre est bas\u00e9 dans l&rsquo;histoire et est plus positif et en bonne sant\u00e9 que la sexualisation \u00e9tant extr\u00eamement maigre. Alors oui, c&rsquo;est un peu effrayant, mais \u00ab\u00a0un peu effrayant\u00a0\u00bb est le meilleur que nous puissions esp\u00e9rer ces jours-ci.<\/p>\n<h2 id=\"ai-homeless-man-prank\">Ai sans-abri Prank<\/h2>\n<p>Si votre enfant vous envoie une photo d&rsquo;un sans-abri assis sur votre canap\u00e9 et demande: \u00ab\u00a0Que dois-je faire?\u00a0\u00bb ne pas paniquer. C&rsquo;est (probablement) une farce. La nouvelle tendance vid\u00e9o en ligne fait flipper vos parents et d&rsquo;autres proches avec une image g\u00e9n\u00e9r\u00e9e par l&rsquo;AI d&rsquo;une personne sans danger, puis en publiant une vid\u00e9o \u00e0 ce sujet \u00e0 Tiktok, comme ceci:<\/p>\n<blockquote class=\"tiktokEmbed tiktok-embed\" data-video-id=\"7555319575798205710\" style=\"max-width: 605px;min-width: 325px;\">\n<section><\/section>\n<\/blockquote>\n<p>Et ceci: <\/p>\n<blockquote class=\"tiktokEmbed tiktok-embed\" data-video-id=\"7555687369547009293\" style=\"max-width: 605px;min-width: 325px;\">\n<section><\/section>\n<\/blockquote>\n<p>Vous pourriez penser que vous allez \u00eatre intelligent et tirer un Switcheroo sur votre enfant, mais je vous avertisse, cela ne fonctionnera pas. Ils seront imm\u00e9diatement chronom\u00e9tr\u00e9s de l&rsquo;image comme faux, publieront un emoji sarcastique et vous laisseront lire, comme vous pouvez le voir:<\/p>\n<div class=\"eloquent-imagery-image\">\n<div class=\"flex justify-center\">\n                    <img decoding=\"async\" class=\"border border-gray-100\" src=\"https:\/\/vieassociative.be\/actualites\/wp-content\/uploads\/2025\/10\/1759774684_39_Le-guide-des-adultes-hors-de-contact-pour-les-enfants.png\" alt=\"Farce de texte\" width=\"2000\" height=\"1125\" loading=\"lazy\"  >\n            <\/div>\n<\/p><\/div>\n<h2 id=\"two-stories-of-backlash-against-ai\">Deux histoires de contrecoup contre l&rsquo;IA<\/h2>\n<p>L&rsquo;IA est id\u00e9ale pour g\u00e9n\u00e9rer des photos de personnes dans des situations malheureuses sur votre canap\u00e9, mais la fa\u00e7on dont il prend le contr\u00f4le de tout ce qui en vaut la peine est moins grand. Heureusement, il existe des preuves que la destruction de l&rsquo;IA de l&rsquo;humanit\u00e9 respectera au moins la r\u00e9sistance aux jetons et que la r\u00e9action contre l&rsquo;intelligence artificielle augmente. <\/p>\n<h3>NYC ne veut pas d&rsquo;un \u00ab\u00a0ami\u00a0\u00bb de l&rsquo;IA<\/h3>\n<p>En 2024, le monde a appris pour la premi\u00e8re fois le pendentif \u00ab\u00a0ami\u00a0\u00bb, un petit appareil AI que vous portez autour de votre cou, c&rsquo;est le seul but est de fournir une simulation d&rsquo;interaction humaine. Maintenant qu&rsquo;ils sont r\u00e9ellement disponibles \u00e0 l&rsquo;achat, la soci\u00e9t\u00e9 derri\u00e8re eux a lanc\u00e9 une campagne publicitaire; \u00c7a va extr\u00eamement mal. <\/p>\n<p>\u00c0 New York, des affiches de m\u00e9tro et de rue pour l&rsquo;appareil ami sont sans piti\u00e9 et de mani\u00e8re cr\u00e9ative, comme ainsi, avec des gens qui griffes de messages comme \u00ab\u00a0IA feront la promotion du suicide une fois invit\u00e9. Ce n&rsquo;est pas votre ami\u00a0\u00bb sur eux. Je ne suis pas exactement pro-vandalisme, mais dans ce cas, je fais une exception. <\/p>\n<h3>Tilly Norwood, la premi\u00e8re \u00ab\u00a0actrice AI\u00a0\u00bb<\/h3>\n<p>Il y a quelques jours, <em>Vari\u00e9t\u00e9<\/em> a publi\u00e9 une histoire sur Tilly Norwood, une \u00ab\u00a0actrice d&rsquo;IA\u00a0\u00bb dont le cr\u00e9ateur, com\u00e9dien et producteur Eline van der Velden, a menti qu&rsquo;il avait \u00ab\u00a0attir\u00e9 l&rsquo;attention de plusieurs agents de talents\u00a0\u00bb pour Norwood. Une cr\u00e9ation de \u00ab\u00a0AI Talent Studio\u00a0\u00bb Xicoia, le premier r\u00f4le vid\u00e9o de Norwood est ci-dessous:<\/p>\n<div class=\"mx-auto mt-8 w-full max-w-4xl aspect-video\">\n<div id=\"video-container-01K6XB283KA0FRVFP34MNY0TYH\"><\/div>\n<\/div>\n<p>Apparemment, la vid\u00e9o ci-dessus est consid\u00e9r\u00e9e comme \u00ab\u00a0dr\u00f4le\u00a0\u00bb au Royaume-Uni. Quoi qu&rsquo;il en soit, peu de temps apr\u00e8s que Norwood a \u00e9t\u00e9 annonc\u00e9 comme existant, de vrais agences de talents ont r\u00e9pondu avec \u00ab\u00a0la baise d&rsquo;ici avec cette merde stupide\u00a0\u00bb. Tout comme SAG, le syndicat des acteurs et tout le monde en vaut la peine.<\/p>\n<p>Mais avec son nom en public, les nouvelles troublantes du pass\u00e9 de Norwood sont devenues publiques, comme vous pouvez le voir dans ce post X:<\/p>\n<blockquote class=\"twitterEmbed twitter-tweet\"><p>\n    <a rel=\"nofollow noopener\" class=\"text-gray-600\" href=\"https:\/\/twitter.com\/lunch_enjoyer\/status\/1972701356193620276\" title=\"open in a new window\" target=\"_blank\"><\/p>\n<p>        Ce tweet n&rsquo;est actuellement pas disponible. Il peut \u00eatre charg\u00e9 ou a \u00e9t\u00e9 supprim\u00e9.<br \/>\n    <\/a>\n<\/p><\/blockquote>\n<p>Laissant l&rsquo;actrice chercher un emploi \u00ab\u00a0alternatif\u00a0\u00bb en divertissement. <\/p>\n<p>Dans des nouvelles ind\u00e9pendantes, si vous voulez savoir qui le premier <em>r\u00e9el<\/em> Ai Superstar sera, c&rsquo;est Johnny Extreme! Cr\u00e9\u00e9e en trois et 30 secondes par Stephen Johnson Studios, Extreme a attir\u00e9 l&rsquo;attention de plusieurs agents de talents pour son image de mauvais gar\u00e7on et son \u00e9laboration de r\u00e8gles incessantes. C&rsquo;est un accident \u00e0 la recherche d&rsquo;un endroit o\u00f9 se produire. Voici sa vid\u00e9o d&rsquo;audition, Suckers:<\/p>\n<div class=\"mx-auto mt-8 w-full max-w-4xl aspect-video\">\n<div id=\"video-container-01K6XB283MFG47MBDF1GX28R6F\"><\/div>\n<\/div>\n<p>(Si vous voulez embaucher Johnny Extreme, envoyez-moi de l&rsquo;argent.)<\/p>\n<h2 id=\"what-does-my-steak-is-too-juicy-mean\">Que signifie \u00ab\u00a0mon steak est trop juteux\u00a0\u00bb? <\/h2>\n<p>Les phrases \u00ab\u00a0Mon steak est trop juteux\u00a0\u00bb et \u00ab\u00a0mon homard est trop beurr\u00e9\u00a0\u00bb sont l&rsquo;argot en ligne utilis\u00e9s pour sugg\u00e9rer que quelqu&rsquo;un se plaint de quelque chose dont il devrait \u00eatre reconnaissant. Pour le voir dans son contexte et mettre les choses en boucle \u00e0 V\u00e9nus, cliquez ici. <\/p>\n<h2 id=\"viral-video-of-the-week-how-to-treat-nazis\">Vid\u00e9o virale de la semaine: comment traiter les nazis<\/h2>\n<p>La vid\u00e9o virale de cette semaine provient de l&rsquo;Universit\u00e9 de Washington, o\u00f9 un type nazi \u00e0 la recherche d&rsquo;attention a perturb\u00e9 une conf\u00e9rence dans un cours de psychologie en saisissant le micro, en jetant le signe de la main Elon Musk, en criant des insc\u00e9n\u00e9raires et des obsc\u00e9nit\u00e9s, et en appelant la classe de sexualit\u00e9 \u00ab\u00a0d\u00e9g\u00e9n\u00e9r\u00e9\u00a0\u00bb.<\/p>\n<p>Les \u00e9tudiants r\u00e9agissent en le huant et en le chassant de la classe, avec leur professeur dur \u00e0 cuire, le dirigeant, l&rsquo;a chass\u00e9. Mais ils ne lui donnent pas les coups qu&rsquo;il essaie de provoquer. Au lieu de cela, ils le retiennent et attendent que les autorit\u00e9s viennent le prendre. (Bien que l&rsquo;agitateur obtienne un visage satisfaisant plein de spray au poivre pour ses ennuis.)<\/p>\n<blockquote class=\"twitterEmbed twitter-tweet\"><p>\n    <a rel=\"nofollow noopener\" class=\"text-gray-600\" href=\"https:\/\/twitter.com\/BrodyFoxx\/status\/1973780782704717883\" title=\"open in a new window\" target=\"_blank\"><\/p>\n<p>        Ce tweet n&rsquo;est actuellement pas disponible. Il peut \u00eatre charg\u00e9 ou a \u00e9t\u00e9 supprim\u00e9.<br \/>\n    <\/a>\n<\/p><\/blockquote>\n<p>Voici le point de vue de l&rsquo;agresseur, qui \u00e9tait assez stupide pour publier son humiliation compl\u00e8te. <\/p>\n<blockquote class=\"twitterEmbed twitter-tweet\"><p>\n    <a rel=\"nofollow noopener\" class=\"text-gray-600\" href=\"https:\/\/twitter.com\/BrodyFoxx\/status\/1973853484375228694\" title=\"open in a new window\" target=\"_blank\"><\/p>\n<p>        Ce tweet n&rsquo;est actuellement pas disponible. Il peut \u00eatre charg\u00e9 ou a \u00e9t\u00e9 supprim\u00e9.<br \/>\n    <\/a>\n<\/p><\/blockquote>\n<p>Il est facile de regarder les bizarres bruyants et de penser qu&rsquo;ils repr\u00e9sentent beaucoup de gens, mais comme cette vid\u00e9o montre, dans la vraie vie, ce n&rsquo;est pas le cas. <\/p>\n<p><script async src=\"https:\/\/platform.twitter.com\/widgets.js\" charset=\"utf-8\"><\/script><\/p>\n","protected":false},"excerpt":{"rendered":"<p>J&rsquo;ai plus d&rsquo;un \u00ab\u00a0intestin Jupiter\u00a0\u00bb. Saviez-vous que vous pouvez personnaliser Google pour filtrer les ordures? Prendre ces \u00e9tapes Pour de meilleurs r\u00e9sultats de recherche, y<\/p>\n","protected":false},"author":1,"featured_media":10484,"comment_status":"","ping_status":"","sticky":false,"template":"","format":"standard","meta":{"footnotes":""},"categories":[36],"tags":[899,5283,2805,29,324,461,2494,14,81,2006,1185,8798,8799],"class_list":["post-10483","post","type-post","status-publish","format-standard","has-post-thumbnail","hentry","category-divertissement","tag-adultes","tag-contact","tag-culture","tag-des","tag-enfants","tag-guide","tag-hors","tag-les","tag-pour","tag-questce","tag-quun","tag-ventre","tag-venus","generate-columns","tablet-grid-50","mobile-grid-100","grid-parent","grid-33"],"yoast_head":"<!-- This site is optimized with the Yoast SEO plugin v24.0 - https:\/\/yoast.com\/wordpress\/plugins\/seo\/ -->\n<title>Le guide des adultes hors de contact pour les enfants de la culture: Qu&#039;est-ce qu&#039;un \u00abventre V\u00e9nus\u00bb? | Vie Associative<\/title>\n<meta name=\"robots\" content=\"index, follow, max-snippet:-1, max-image-preview:large, max-video-preview:-1\" \/>\n<link rel=\"canonical\" href=\"https:\/\/vieassociative.be\/actualites\/le-guide-des-adultes-hors-de-contact-pour-les-enfants-de-la-culture-quest-ce-quun-ventre-venus\/\" \/>\n<meta property=\"og:locale\" content=\"fr_FR\" \/>\n<meta property=\"og:type\" content=\"article\" \/>\n<meta property=\"og:title\" content=\"Le guide des adultes hors de contact pour les enfants de la culture: Qu&#039;est-ce qu&#039;un \u00abventre V\u00e9nus\u00bb? | Vie Associative\" \/>\n<meta property=\"og:description\" content=\"J&rsquo;ai plus d&rsquo;un \u00ab\u00a0intestin Jupiter\u00a0\u00bb. Saviez-vous que vous pouvez personnaliser Google pour filtrer les ordures? Prendre ces \u00e9tapes Pour de meilleurs r\u00e9sultats de recherche, y\" \/>\n<meta property=\"og:url\" content=\"https:\/\/vieassociative.be\/actualites\/le-guide-des-adultes-hors-de-contact-pour-les-enfants-de-la-culture-quest-ce-quun-ventre-venus\/\" \/>\n<meta property=\"og:site_name\" content=\"Vie Associative\" \/>\n<meta property=\"article:published_time\" content=\"2025-10-06T18:18:04+00:00\" \/>\n<meta property=\"og:image\" content=\"https:\/\/vieassociative.be\/actualites\/wp-content\/uploads\/2025\/09\/1757726237_608_Meta-pourrait-devoiler-une-montre-intelligente-pour-controler-ses-lunettes.jpg\" \/>\n<meta name=\"author\" content=\"Julien\" \/>\n<meta name=\"twitter:card\" content=\"summary_large_image\" \/>\n<meta name=\"twitter:label1\" content=\"\u00c9crit par\" \/>\n\t<meta name=\"twitter:data1\" content=\"Julien\" \/>\n\t<meta name=\"twitter:label2\" content=\"Dur\u00e9e de lecture est.\" \/>\n\t<meta name=\"twitter:data2\" content=\"6 minutes\" \/>\n<script type=\"application\/ld+json\" class=\"yoast-schema-graph\">{\"@context\":\"https:\/\/schema.org\",\"@graph\":[{\"@type\":\"Article\",\"@id\":\"https:\/\/vieassociative.be\/actualites\/le-guide-des-adultes-hors-de-contact-pour-les-enfants-de-la-culture-quest-ce-quun-ventre-venus\/#article\",\"isPartOf\":{\"@id\":\"https:\/\/vieassociative.be\/actualites\/le-guide-des-adultes-hors-de-contact-pour-les-enfants-de-la-culture-quest-ce-quun-ventre-venus\/\"},\"author\":{\"name\":\"Julien\",\"@id\":\"https:\/\/vieassociative.be\/actualites\/#\/schema\/person\/b87ac4f82f9d4e7b7cec7395b679edc4\"},\"headline\":\"Le guide des adultes hors de contact pour les enfants de la culture: Qu&rsquo;est-ce qu&rsquo;un \u00abventre V\u00e9nus\u00bb?\",\"datePublished\":\"2025-10-06T18:18:04+00:00\",\"dateModified\":\"2025-10-06T18:18:04+00:00\",\"mainEntityOfPage\":{\"@id\":\"https:\/\/vieassociative.be\/actualites\/le-guide-des-adultes-hors-de-contact-pour-les-enfants-de-la-culture-quest-ce-quun-ventre-venus\/\"},\"wordCount\":1253,\"publisher\":{\"@id\":\"https:\/\/vieassociative.be\/actualites\/#organization\"},\"image\":{\"@id\":\"https:\/\/vieassociative.be\/actualites\/le-guide-des-adultes-hors-de-contact-pour-les-enfants-de-la-culture-quest-ce-quun-ventre-venus\/#primaryimage\"},\"thumbnailUrl\":\"https:\/\/vieassociative.be\/actualites\/wp-content\/uploads\/2025\/10\/Le-guide-des-adultes-hors-de-contact-pour-les-enfants.jpg\",\"keywords\":[\"adultes\",\"contact\",\"culture\",\"Des\",\"enfants\",\"Guide\",\"hors\",\"Les\",\"pour\",\"Questce\",\"quun\",\"ventre\",\"V\u00e9nus\"],\"articleSection\":[\"Divertissement\"],\"inLanguage\":\"fr-BE\"},{\"@type\":\"WebPage\",\"@id\":\"https:\/\/vieassociative.be\/actualites\/le-guide-des-adultes-hors-de-contact-pour-les-enfants-de-la-culture-quest-ce-quun-ventre-venus\/\",\"url\":\"https:\/\/vieassociative.be\/actualites\/le-guide-des-adultes-hors-de-contact-pour-les-enfants-de-la-culture-quest-ce-quun-ventre-venus\/\",\"name\":\"Le guide des adultes hors de contact pour les enfants de la culture: Qu'est-ce qu'un \u00abventre V\u00e9nus\u00bb? | Vie Associative\",\"isPartOf\":{\"@id\":\"https:\/\/vieassociative.be\/actualites\/#website\"},\"primaryImageOfPage\":{\"@id\":\"https:\/\/vieassociative.be\/actualites\/le-guide-des-adultes-hors-de-contact-pour-les-enfants-de-la-culture-quest-ce-quun-ventre-venus\/#primaryimage\"},\"image\":{\"@id\":\"https:\/\/vieassociative.be\/actualites\/le-guide-des-adultes-hors-de-contact-pour-les-enfants-de-la-culture-quest-ce-quun-ventre-venus\/#primaryimage\"},\"thumbnailUrl\":\"https:\/\/vieassociative.be\/actualites\/wp-content\/uploads\/2025\/10\/Le-guide-des-adultes-hors-de-contact-pour-les-enfants.jpg\",\"datePublished\":\"2025-10-06T18:18:04+00:00\",\"dateModified\":\"2025-10-06T18:18:04+00:00\",\"breadcrumb\":{\"@id\":\"https:\/\/vieassociative.be\/actualites\/le-guide-des-adultes-hors-de-contact-pour-les-enfants-de-la-culture-quest-ce-quun-ventre-venus\/#breadcrumb\"},\"inLanguage\":\"fr-BE\",\"potentialAction\":[{\"@type\":\"ReadAction\",\"target\":[\"https:\/\/vieassociative.be\/actualites\/le-guide-des-adultes-hors-de-contact-pour-les-enfants-de-la-culture-quest-ce-quun-ventre-venus\/\"]}]},{\"@type\":\"ImageObject\",\"inLanguage\":\"fr-BE\",\"@id\":\"https:\/\/vieassociative.be\/actualites\/le-guide-des-adultes-hors-de-contact-pour-les-enfants-de-la-culture-quest-ce-quun-ventre-venus\/#primaryimage\",\"url\":\"https:\/\/vieassociative.be\/actualites\/wp-content\/uploads\/2025\/10\/Le-guide-des-adultes-hors-de-contact-pour-les-enfants.jpg\",\"contentUrl\":\"https:\/\/vieassociative.be\/actualites\/wp-content\/uploads\/2025\/10\/Le-guide-des-adultes-hors-de-contact-pour-les-enfants.jpg\",\"width\":1200,\"height\":675,\"caption\":\"Le guide des adultes hors de contact pour les enfants de la culture: Qu'est-ce qu'un \u00abventre V\u00e9nus\u00bb?\"},{\"@type\":\"BreadcrumbList\",\"@id\":\"https:\/\/vieassociative.be\/actualites\/le-guide-des-adultes-hors-de-contact-pour-les-enfants-de-la-culture-quest-ce-quun-ventre-venus\/#breadcrumb\",\"itemListElement\":[{\"@type\":\"ListItem\",\"position\":1,\"name\":\"Accueil\",\"item\":\"https:\/\/vieassociative.be\/actualites\/\"},{\"@type\":\"ListItem\",\"position\":2,\"name\":\"Le guide des adultes hors de contact pour les enfants de la culture: Qu&rsquo;est-ce qu&rsquo;un \u00abventre V\u00e9nus\u00bb?\"}]},{\"@type\":\"WebSite\",\"@id\":\"https:\/\/vieassociative.be\/actualites\/#website\",\"url\":\"https:\/\/vieassociative.be\/actualites\/\",\"name\":\"Vie Associative\",\"description\":\"\",\"publisher\":{\"@id\":\"https:\/\/vieassociative.be\/actualites\/#organization\"},\"potentialAction\":[{\"@type\":\"SearchAction\",\"target\":{\"@type\":\"EntryPoint\",\"urlTemplate\":\"https:\/\/vieassociative.be\/actualites\/?s={search_term_string}\"},\"query-input\":{\"@type\":\"PropertyValueSpecification\",\"valueRequired\":true,\"valueName\":\"search_term_string\"}}],\"inLanguage\":\"fr-BE\"},{\"@type\":\"Organization\",\"@id\":\"https:\/\/vieassociative.be\/actualites\/#organization\",\"name\":\"Vie Associative\",\"url\":\"https:\/\/vieassociative.be\/actualites\/\",\"logo\":{\"@type\":\"ImageObject\",\"inLanguage\":\"fr-BE\",\"@id\":\"https:\/\/vieassociative.be\/actualites\/#\/schema\/logo\/image\/\",\"url\":\"https:\/\/vieassociative.be\/actualites\/wp-content\/uploads\/2024\/09\/cropped-vieassociative_favicon.ico.png\",\"contentUrl\":\"https:\/\/vieassociative.be\/actualites\/wp-content\/uploads\/2024\/09\/cropped-vieassociative_favicon.ico.png\",\"width\":512,\"height\":512,\"caption\":\"Vie Associative\"},\"image\":{\"@id\":\"https:\/\/vieassociative.be\/actualites\/#\/schema\/logo\/image\/\"}},{\"@type\":\"Person\",\"@id\":\"https:\/\/vieassociative.be\/actualites\/#\/schema\/person\/b87ac4f82f9d4e7b7cec7395b679edc4\",\"name\":\"Julien\",\"image\":{\"@type\":\"ImageObject\",\"inLanguage\":\"fr-BE\",\"@id\":\"https:\/\/vieassociative.be\/actualites\/#\/schema\/person\/image\/\",\"url\":\"https:\/\/vieassociative.be\/actualites\/wp-content\/uploads\/2024\/09\/vie-associative-1-150x150.jpg\",\"contentUrl\":\"https:\/\/vieassociative.be\/actualites\/wp-content\/uploads\/2024\/09\/vie-associative-1-150x150.jpg\",\"caption\":\"Julien\"},\"description\":\"Je suis Julien, r\u00e9dacteur pour Vie Associative. Passionn\u00e9 par le monde associatif depuis plus de 10 ans, j'ai \u00e0 c\u0153ur de partager des histoires inspirantes et de mettre en lumi\u00e8re les initiatives locales. Mon objectif est de sensibiliser et d'encourager l'engagement communautaire \u00e0 travers mes articles.\",\"sameAs\":[\"https:\/\/vieassociative.be\/\"]}]}<\/script>\n<!-- \/ Yoast SEO plugin. -->","yoast_head_json":{"title":"Le guide des adultes hors de contact pour les enfants de la culture: Qu'est-ce qu'un \u00abventre V\u00e9nus\u00bb? | Vie Associative","robots":{"index":"index","follow":"follow","max-snippet":"max-snippet:-1","max-image-preview":"max-image-preview:large","max-video-preview":"max-video-preview:-1"},"canonical":"https:\/\/vieassociative.be\/actualites\/le-guide-des-adultes-hors-de-contact-pour-les-enfants-de-la-culture-quest-ce-quun-ventre-venus\/","og_locale":"fr_FR","og_type":"article","og_title":"Le guide des adultes hors de contact pour les enfants de la culture: Qu'est-ce qu'un \u00abventre V\u00e9nus\u00bb? | Vie Associative","og_description":"J&rsquo;ai plus d&rsquo;un \u00ab\u00a0intestin Jupiter\u00a0\u00bb. Saviez-vous que vous pouvez personnaliser Google pour filtrer les ordures? Prendre ces \u00e9tapes Pour de meilleurs r\u00e9sultats de recherche, y","og_url":"https:\/\/vieassociative.be\/actualites\/le-guide-des-adultes-hors-de-contact-pour-les-enfants-de-la-culture-quest-ce-quun-ventre-venus\/","og_site_name":"Vie Associative","article_published_time":"2025-10-06T18:18:04+00:00","og_image":[{"url":"https:\/\/vieassociative.be\/actualites\/wp-content\/uploads\/2025\/09\/1757726237_608_Meta-pourrait-devoiler-une-montre-intelligente-pour-controler-ses-lunettes.jpg","type":"","width":"","height":""}],"author":"Julien","twitter_card":"summary_large_image","twitter_misc":{"\u00c9crit par":"Julien","Dur\u00e9e de lecture est.":"6 minutes"},"schema":{"@context":"https:\/\/schema.org","@graph":[{"@type":"Article","@id":"https:\/\/vieassociative.be\/actualites\/le-guide-des-adultes-hors-de-contact-pour-les-enfants-de-la-culture-quest-ce-quun-ventre-venus\/#article","isPartOf":{"@id":"https:\/\/vieassociative.be\/actualites\/le-guide-des-adultes-hors-de-contact-pour-les-enfants-de-la-culture-quest-ce-quun-ventre-venus\/"},"author":{"name":"Julien","@id":"https:\/\/vieassociative.be\/actualites\/#\/schema\/person\/b87ac4f82f9d4e7b7cec7395b679edc4"},"headline":"Le guide des adultes hors de contact pour les enfants de la culture: Qu&rsquo;est-ce qu&rsquo;un \u00abventre V\u00e9nus\u00bb?","datePublished":"2025-10-06T18:18:04+00:00","dateModified":"2025-10-06T18:18:04+00:00","mainEntityOfPage":{"@id":"https:\/\/vieassociative.be\/actualites\/le-guide-des-adultes-hors-de-contact-pour-les-enfants-de-la-culture-quest-ce-quun-ventre-venus\/"},"wordCount":1253,"publisher":{"@id":"https:\/\/vieassociative.be\/actualites\/#organization"},"image":{"@id":"https:\/\/vieassociative.be\/actualites\/le-guide-des-adultes-hors-de-contact-pour-les-enfants-de-la-culture-quest-ce-quun-ventre-venus\/#primaryimage"},"thumbnailUrl":"https:\/\/vieassociative.be\/actualites\/wp-content\/uploads\/2025\/10\/Le-guide-des-adultes-hors-de-contact-pour-les-enfants.jpg","keywords":["adultes","contact","culture","Des","enfants","Guide","hors","Les","pour","Questce","quun","ventre","V\u00e9nus"],"articleSection":["Divertissement"],"inLanguage":"fr-BE"},{"@type":"WebPage","@id":"https:\/\/vieassociative.be\/actualites\/le-guide-des-adultes-hors-de-contact-pour-les-enfants-de-la-culture-quest-ce-quun-ventre-venus\/","url":"https:\/\/vieassociative.be\/actualites\/le-guide-des-adultes-hors-de-contact-pour-les-enfants-de-la-culture-quest-ce-quun-ventre-venus\/","name":"Le guide des adultes hors de contact pour les enfants de la culture: Qu'est-ce qu'un \u00abventre V\u00e9nus\u00bb? | Vie Associative","isPartOf":{"@id":"https:\/\/vieassociative.be\/actualites\/#website"},"primaryImageOfPage":{"@id":"https:\/\/vieassociative.be\/actualites\/le-guide-des-adultes-hors-de-contact-pour-les-enfants-de-la-culture-quest-ce-quun-ventre-venus\/#primaryimage"},"image":{"@id":"https:\/\/vieassociative.be\/actualites\/le-guide-des-adultes-hors-de-contact-pour-les-enfants-de-la-culture-quest-ce-quun-ventre-venus\/#primaryimage"},"thumbnailUrl":"https:\/\/vieassociative.be\/actualites\/wp-content\/uploads\/2025\/10\/Le-guide-des-adultes-hors-de-contact-pour-les-enfants.jpg","datePublished":"2025-10-06T18:18:04+00:00","dateModified":"2025-10-06T18:18:04+00:00","breadcrumb":{"@id":"https:\/\/vieassociative.be\/actualites\/le-guide-des-adultes-hors-de-contact-pour-les-enfants-de-la-culture-quest-ce-quun-ventre-venus\/#breadcrumb"},"inLanguage":"fr-BE","potentialAction":[{"@type":"ReadAction","target":["https:\/\/vieassociative.be\/actualites\/le-guide-des-adultes-hors-de-contact-pour-les-enfants-de-la-culture-quest-ce-quun-ventre-venus\/"]}]},{"@type":"ImageObject","inLanguage":"fr-BE","@id":"https:\/\/vieassociative.be\/actualites\/le-guide-des-adultes-hors-de-contact-pour-les-enfants-de-la-culture-quest-ce-quun-ventre-venus\/#primaryimage","url":"https:\/\/vieassociative.be\/actualites\/wp-content\/uploads\/2025\/10\/Le-guide-des-adultes-hors-de-contact-pour-les-enfants.jpg","contentUrl":"https:\/\/vieassociative.be\/actualites\/wp-content\/uploads\/2025\/10\/Le-guide-des-adultes-hors-de-contact-pour-les-enfants.jpg","width":1200,"height":675,"caption":"Le guide des adultes hors de contact pour les enfants de la culture: Qu'est-ce qu'un \u00abventre V\u00e9nus\u00bb?"},{"@type":"BreadcrumbList","@id":"https:\/\/vieassociative.be\/actualites\/le-guide-des-adultes-hors-de-contact-pour-les-enfants-de-la-culture-quest-ce-quun-ventre-venus\/#breadcrumb","itemListElement":[{"@type":"ListItem","position":1,"name":"Accueil","item":"https:\/\/vieassociative.be\/actualites\/"},{"@type":"ListItem","position":2,"name":"Le guide des adultes hors de contact pour les enfants de la culture: Qu&rsquo;est-ce qu&rsquo;un \u00abventre V\u00e9nus\u00bb?"}]},{"@type":"WebSite","@id":"https:\/\/vieassociative.be\/actualites\/#website","url":"https:\/\/vieassociative.be\/actualites\/","name":"Vie Associative","description":"","publisher":{"@id":"https:\/\/vieassociative.be\/actualites\/#organization"},"potentialAction":[{"@type":"SearchAction","target":{"@type":"EntryPoint","urlTemplate":"https:\/\/vieassociative.be\/actualites\/?s={search_term_string}"},"query-input":{"@type":"PropertyValueSpecification","valueRequired":true,"valueName":"search_term_string"}}],"inLanguage":"fr-BE"},{"@type":"Organization","@id":"https:\/\/vieassociative.be\/actualites\/#organization","name":"Vie Associative","url":"https:\/\/vieassociative.be\/actualites\/","logo":{"@type":"ImageObject","inLanguage":"fr-BE","@id":"https:\/\/vieassociative.be\/actualites\/#\/schema\/logo\/image\/","url":"https:\/\/vieassociative.be\/actualites\/wp-content\/uploads\/2024\/09\/cropped-vieassociative_favicon.ico.png","contentUrl":"https:\/\/vieassociative.be\/actualites\/wp-content\/uploads\/2024\/09\/cropped-vieassociative_favicon.ico.png","width":512,"height":512,"caption":"Vie Associative"},"image":{"@id":"https:\/\/vieassociative.be\/actualites\/#\/schema\/logo\/image\/"}},{"@type":"Person","@id":"https:\/\/vieassociative.be\/actualites\/#\/schema\/person\/b87ac4f82f9d4e7b7cec7395b679edc4","name":"Julien","image":{"@type":"ImageObject","inLanguage":"fr-BE","@id":"https:\/\/vieassociative.be\/actualites\/#\/schema\/person\/image\/","url":"https:\/\/vieassociative.be\/actualites\/wp-content\/uploads\/2024\/09\/vie-associative-1-150x150.jpg","contentUrl":"https:\/\/vieassociative.be\/actualites\/wp-content\/uploads\/2024\/09\/vie-associative-1-150x150.jpg","caption":"Julien"},"description":"Je suis Julien, r\u00e9dacteur pour Vie Associative. Passionn\u00e9 par le monde associatif depuis plus de 10 ans, j'ai \u00e0 c\u0153ur de partager des histoires inspirantes et de mettre en lumi\u00e8re les initiatives locales. Mon objectif est de sensibiliser et d'encourager l'engagement communautaire \u00e0 travers mes articles.","sameAs":["https:\/\/vieassociative.be\/"]}]}},"_links":{"self":[{"href":"https:\/\/vieassociative.be\/actualites\/wp-json\/wp\/v2\/posts\/10483"}],"collection":[{"href":"https:\/\/vieassociative.be\/actualites\/wp-json\/wp\/v2\/posts"}],"about":[{"href":"https:\/\/vieassociative.be\/actualites\/wp-json\/wp\/v2\/types\/post"}],"author":[{"embeddable":true,"href":"https:\/\/vieassociative.be\/actualites\/wp-json\/wp\/v2\/users\/1"}],"replies":[{"embeddable":true,"href":"https:\/\/vieassociative.be\/actualites\/wp-json\/wp\/v2\/comments?post=10483"}],"version-history":[{"count":0,"href":"https:\/\/vieassociative.be\/actualites\/wp-json\/wp\/v2\/posts\/10483\/revisions"}],"wp:featuredmedia":[{"embeddable":true,"href":"https:\/\/vieassociative.be\/actualites\/wp-json\/wp\/v2\/media\/10484"}],"wp:attachment":[{"href":"https:\/\/vieassociative.be\/actualites\/wp-json\/wp\/v2\/media?parent=10483"}],"wp:term":[{"taxonomy":"category","embeddable":true,"href":"https:\/\/vieassociative.be\/actualites\/wp-json\/wp\/v2\/categories?post=10483"},{"taxonomy":"post_tag","embeddable":true,"href":"https:\/\/vieassociative.be\/actualites\/wp-json\/wp\/v2\/tags?post=10483"}],"curies":[{"name":"wp","href":"https:\/\/api.w.org\/{rel}","templated":true}]}}