{"id":10481,"date":"2025-10-06T19:18:20","date_gmt":"2025-10-06T17:18:20","guid":{"rendered":"https:\/\/vieassociative.be\/actualites\/je-suis-un-charpentier-professionnel-et-ce-sont-les-meilleures-offres-de-premiere-journee-sur-les-outils\/"},"modified":"2025-10-06T19:18:20","modified_gmt":"2025-10-06T17:18:20","slug":"je-suis-un-charpentier-professionnel-et-ce-sont-les-meilleures-offres-de-premiere-journee-sur-les-outils","status":"publish","type":"post","link":"https:\/\/vieassociative.be\/actualites\/je-suis-un-charpentier-professionnel-et-ce-sont-les-meilleures-offres-de-premiere-journee-sur-les-outils\/","title":{"rendered":"Je suis un charpentier professionnel, et ce sont les meilleures offres de premi\u00e8re journ\u00e9e sur les outils"},"content":{"rendered":"<div class=\"mt-4 leading-6 md:mb-8\">Construisez votre ensemble d&rsquo;outils de bricolage \u00e0 domicile ou d\u00e9veloppez votre existant avec ces premi\u00e8res offres de premier jour.<\/div>\n<p><\/p>\n<p><em>Amazon Big Deal Days se d\u00e9roule du 7 au 8 octobre et Vie Associative partage les meilleures ventes en fonction des avis de produits, des comparaisons et des outils de suivi des prix avant sa fin.<\/em><\/p>\n<ul>\n<li>\n<p><em>Abonnez-vous \u00e0 notre newsletter shopping<\/em><em>Ajouter au panier, pour les meilleures ventes envoy\u00e9es dans votre bo\u00eete de r\u00e9ception.<\/em><\/p>\n<\/li>\n<li>\n<p><em>Nouveau \u00e0 Prime Day? Nous avons un appr\u00eat sur tout ce que vous devez savoir<\/em><em>. Les ventes sont exactes au moment de la publication, mais les prix et les stocks sont toujours susceptibles de changer.<\/em><\/p>\n<\/li>\n<\/ul>\n<p>Si vous cherchez \u00e0 construire une trousse \u00e0 outils sans fil ou \u00e0 ajouter \u00e0 celle que vous avez d\u00e9j\u00e0, vous avez probablement remarqu\u00e9 \u00e0 quel point les outils peuvent \u00eatre co\u00fbteux. Lorsque vous achetez de nouveaux outils, le co\u00fbt des batteries, des bits, des lames et des accessoires peut \u00eatre \u00e9lev\u00e9, sans parler des outils \u00e0 main. La recherche d&rsquo;offres sur des marques fiables qui tiendront au fil du temps peut vous faire \u00e9conomiser de l&rsquo;argent maintenant ainsi qu&rsquo;\u00e0 long terme lorsque vous consid\u00e9rez le co\u00fbt de remplacement des batteries et des outils \u00e0 mesure qu&rsquo;ils s&rsquo;usent. Voici quelques-unes des meilleures offres de premier jour sur les outils.<\/p>\n<h2 id=\"cordless-drills-and-drivers\">Exercices et conducteurs sans fil<\/h2>\n<p>Un ensemble de perceuses et de conducteur sans fil est la pierre angulaire d&rsquo;un ensemble d&rsquo;outils domestiques. Ces outils vous permettent de r\u00e9aliser des projets de bricolage de base comme la mise en place d&rsquo;\u00e9tag\u00e8res ou la suspension d&rsquo;un t\u00e9l\u00e9viseur, et ils seront \u00e9galement utiles pour des projets plus avanc\u00e9s comme la construction de meubles ou la r\u00e9paration de l&rsquo;escrime. L&rsquo;ensemble de perceuses et de pilotes max et de pilote max de 20 volts Dewalt est de 179 $, 31% de r\u00e9duction sur son prix r\u00e9gulier. Cet ensemble est livr\u00e9 avec une perceuse, un conducteur, deux batteries de 20 volts, un chargeur et un sac \u00e0 outils. Ceci est l&rsquo;ensemble de pilotes que j&rsquo;utilise au travail, et il r\u00e9siste \u00e0 beaucoup d&rsquo;abus. Les batteries peuvent aller jusqu&rsquo;\u00e0 1 0 ans sans avoir besoin d&rsquo;\u00eatre remplac\u00e9es, m\u00eame par une utilisation quotidienne.<\/p>\n<h3>Meilleure affaire sur un ensemble sp\u00e9cialis\u00e9<\/h3>\n<p>Cet ensemble de perceuses et de pilotes sous-compacts de Makita \u00e0 18 volts r\u00e9nov\u00e9s est maintenant de 164,99 $, 31% de r\u00e9duction sur son prix typique. Cet ensemble est livr\u00e9 avec une perceuse, un pilote d&rsquo;impact, deux batteries de 18 volts, 1,5 amp-heure, un chargeur et un sac \u00e0 outils. Un exercice ou un conducteur sous-compact p\u00e8se moins de trois livres, ce qui en fait une id\u00e9e de portabilit\u00e9. Ces outils sont \u00e9galement plus petits que le foret et le conducteur moyens, ils sont donc bons pour s&rsquo;int\u00e9grer dans les espaces serr\u00e9s.<\/p>\n<div class=\"pogoClear mb-12 mt-10 rounded-md border-2 border-gray-100 py-7 shadow-xl md:py-6\">\n<div class=\"flex flex-wrap justify-between px-7 text-black no-underline md:flex-nowrap md:px-8\">\n<div class=\"order-1 mx-auto flex flex-col justify-center md:order-2 md:ml-4 md:w-full md:grow\">\n<div class=\"block cursor-pointer text-center font-akshar text-2xl font-medium leading-7 text-brand-green duration-200 ease-in-out hover:text-brand-green-700 md:text-left md:text-xl md:leading-6\">Makita CX203SYB 18V LXT\u00ae Lithium-ion Sous-compacte Sous-compact sans cordon 2-PC. Kit combo (1,5h) (renouvel\u00e9)\n                <\/div>\n<div class=\"mt-4 hidden md:flex md:justify-between\">\n<div class=\"self-end\">\n<div class=\"mb-0 h-11 md:flex md:flex-col md:justify-center\">\n<div class=\" font-sans leading-4 text-black\">\n<div class=\"flex flex-wrap items-center justify-center gap-1 md:justify-start\">\n        <span class=\"font-bold\"><\/p>\n<p>            164,99 $<br \/>\n                            <span class=\"font-medium\">\u00e0 Amazon<\/span><br \/>\n                    <\/span>\n            <\/div>\n<div class=\"flex items-center justify-center gap-x-1 font-bold md:justify-start\">\n            <span class=\"text-sm line-through\">227,38 $<\/span><br \/>\n            <span class=\"text-sm text-brand-green\">\u00c9conomisez 62,39 $<\/span>\n        <\/div>\n<\/p><\/div>\n<\/p><\/div>\n<\/p><\/div>\n<div class=\"w-44 self-end\">\n                            <button class=\"flex justify-center items-center w-full bg-brand-green text-white text-base font-sans font-medium rounded-md hover:bg-brand-green-700 hover:cursor-pointer md:text-sm h-11\"><\/p>\n<p>    Conclure un accord<br \/>\n<\/button>\n                        <\/div>\n<\/p><\/div>\n<\/p><\/div>\n<div class=\"order-2 mt-5 h-auto w-full md:order-1 md:mt-0 md:hidden\">\n<div class=\"flex aspect-video items-center justify-center\">\n                                            <img decoding=\"async\" class=\"m-0 max-h-full max-w-full rounded-md\" src=\"https:\/\/vieassociative.be\/actualites\/wp-content\/uploads\/2025\/10\/Je-suis-un-charpentier-professionnel-et-ce-sont-les-meilleures.jpg\" alt=\"Makita CX203SYB 18V LXT\u00ae Lithium-ion Sous-compacte Sous-compact sans cordon 2-PC. Kit combo (1,5h) (renouvel\u00e9)\" width=\"auto\" height=\"auto\" loading=\"lazy\">\n                                    <\/div>\n<\/p><\/div>\n<div class=\"order-2 ml-2 hidden w-32 shrink-0 items-center md:order-1 md:ml-0 md:flex\">\n<div class=\"flex aspect-video items-center justify-center\">\n                                            <img decoding=\"async\" class=\"m-0 max-h-full max-w-full rounded-md\" src=\"https:\/\/vieassociative.be\/actualites\/wp-content\/uploads\/2025\/10\/Je-suis-un-charpentier-professionnel-et-ce-sont-les-meilleures.jpg\" alt=\"Makita CX203SYB 18V LXT\u00ae Lithium-ion Sous-compacte Sous-compact sans cordon 2-PC. Kit combo (1,5h) (renouvel\u00e9)\" width=\"auto\" height=\"auto\" loading=\"lazy\">\n                                    <\/div>\n<\/p><\/div>\n<div class=\"order-3 flex grow flex-wrap md:hidden md:grow-0\">\n<div class=\"mt-4 w-full\">\n                        <button class=\"flex justify-center items-center w-full bg-brand-green text-white text-base font-sans font-medium rounded-md hover:bg-brand-green-700 hover:cursor-pointer md:text-sm h-11\"><\/p>\n<p>    Conclure un accord<br \/>\n<\/button>\n                    <\/div>\n<div class=\"mx-2 mt-4 w-full\">\n<div class=\" font-sans leading-4 text-black\">\n<div class=\"flex flex-wrap items-center justify-center gap-1 md:justify-start\">\n        <span class=\"font-bold\"><\/p>\n<p>            164,99 $<br \/>\n                            <span class=\"font-medium\">\u00e0 Amazon<\/span><br \/>\n                    <\/span>\n            <\/div>\n<div class=\"flex items-center justify-center gap-x-1 font-bold md:justify-start\">\n            <span class=\"text-sm line-through\">227,38 $<\/span><br \/>\n            <span class=\"text-sm text-brand-green\">\u00c9conomisez 62,39 $<\/span>\n        <\/div>\n<\/p><\/div>\n<\/p><\/div>\n<\/p><\/div>\n<\/p><\/div>\n<\/div>\n<h3>Meilleure affaire de moins de 100 $<\/h3>\n<p>La perceuse de puissance sans fil Ryobi de 18 volts est de 49,97 $, 17% de r\u00e9duction sur son prix habituel. L&rsquo;ensemble est livr\u00e9 avec une perceuse, une batterie de 1,5 amplification et un chargeur. C&rsquo;est un bon ensemble pour un d\u00e9butant; Il fera tout ce dont vous avez besoin pour des projets de base. La batterie tiendra une charge pendant environ une heure et demie avec une utilisation mod\u00e9r\u00e9e.<\/p>\n<h2 id=\"cordless-power-tools\">Outils \u00e9lectriques sans fil<\/h2>\n<p>Les outils \u00e9lectriques sans fil sont devenus plus l\u00e9gers et plus avanc\u00e9s au cours des deux derni\u00e8res ann\u00e9es, vous permettant d&rsquo;utiliser des scies \u00e9lectriques pendant des heures sans \u00e9changer des batteries, et de terminer le travail sans faire glisser une rallonge derri\u00e8re vous. La ponceuse orbitale al\u00e9atoire sans limite sans fil de 18 volts Milwaukee est de 99 $, 39% de son prix r\u00e9gulier. Il s&rsquo;agit de la ponceuse que j&rsquo;utilise dans ma trousse d&rsquo;outils personnelle, et elle fonctionne aussi bien que la version c\u00e2bl\u00e9e sans avoir besoin d&rsquo;une prise et d&rsquo;une rallonge. Il est livr\u00e9 avec un accessoire de capteur de poussi\u00e8re et quelques disques de pon\u00e7age, mais vous aurez besoin d&rsquo;une batterie Milwaukee de 18 volts pour l&rsquo;utiliser.<\/p>\n<h3>Meilleure affaire sur une scie sans fil<\/h3>\n<p>Le DWALT 18 volts SAW est de 152,99 $, 36% sur son prix r\u00e9gulier. Cette scie est bonne pour faire des formes personnalis\u00e9es et pour faire de petites coupes pr\u00e9cises. Il est livr\u00e9 avec une lame polyvalente de d\u00e9marrage, mais vous aurez besoin d&rsquo;une batterie Dewalt 18 volts pour l&rsquo;utiliser.<\/p>\n<h3>Meilleure affaire de moins de 100 $<\/h3>\n<p>L&rsquo;outil de coupure de trois pouces Ryobi \u00e0 18 volts est de 98,88 $, 29% de r\u00e9duction sur son prix r\u00e9gulier. Il s&rsquo;agit d&rsquo;une scie con\u00e7ue pour couper le m\u00e9tal, le bois ou le PVC, c&rsquo;est donc un ajout polyvalent \u00e0 votre trousse \u00e0 outils de bricolage. Il est livr\u00e9 avec une lame de coupure m\u00e9tallique de trois pouces, mais vous aurez besoin d&rsquo;une batterie Ryobi de 18 volts pour l&rsquo;utiliser.<\/p>\n<div class=\"pogoClear mb-12 mt-10 rounded-md border-2 border-gray-100 py-7 shadow-xl md:py-6\">\n<div class=\"flex flex-wrap justify-between px-7 text-black no-underline md:flex-nowrap md:px-8\">\n<div class=\"order-1 mx-auto flex flex-col justify-center md:order-2 md:ml-4 md:w-full md:grow\">\n<div class=\"block cursor-pointer text-center font-akshar text-2xl font-medium leading-7 text-brand-green duration-200 ease-in-out hover:text-brand-green-700 md:text-left md:text-xl md:leading-6\">Ryobi PSBCS02 One + HP 18V Brushlessless sans cordon compact Light Weight Tool (outil uniquement, batterie non incluse)\n                <\/div>\n<div class=\"mt-4 hidden md:flex md:justify-between\">\n<div class=\"self-end\">\n<div class=\"mb-0 h-11 md:flex md:flex-col md:justify-center\">\n<div class=\" font-sans leading-4 text-black\">\n<div class=\"flex flex-wrap items-center justify-center gap-1 md:justify-start\">\n        <span class=\"font-bold\"><\/p>\n<p>            91,89 $<br \/>\n                            <span class=\"font-medium\">\u00e0 Amazon<\/span><br \/>\n                    <\/span>\n            <\/div>\n<div class=\"flex items-center justify-center gap-x-1 font-bold md:justify-start\">\n            <span class=\"text-sm line-through\">139,99 $<\/span><br \/>\n            <span class=\"text-sm text-brand-green\">\u00c9conomisez 48,10 $<\/span>\n        <\/div>\n<\/p><\/div>\n<\/p><\/div>\n<\/p><\/div>\n<div class=\"w-44 self-end\">\n                            <button class=\"flex justify-center items-center w-full bg-brand-green text-white text-base font-sans font-medium rounded-md hover:bg-brand-green-700 hover:cursor-pointer md:text-sm h-11\"><\/p>\n<p>    Conclure un accord<br \/>\n<\/button>\n                        <\/div>\n<\/p><\/div>\n<\/p><\/div>\n<div class=\"order-2 mt-5 h-auto w-full md:order-1 md:mt-0 md:hidden\">\n<div class=\"flex aspect-video items-center justify-center\">\n                                            <img decoding=\"async\" class=\"m-0 max-h-full max-w-full rounded-md\" src=\"https:\/\/vieassociative.be\/actualites\/wp-content\/uploads\/2025\/10\/1759771100_147_Je-suis-un-charpentier-professionnel-et-ce-sont-les-meilleures.jpg\" alt=\"Ryobi PSBCS02 One + HP 18V Brushlessless sans cordon compact Light Weight Tool (outil uniquement, batterie non incluse)\" width=\"auto\" height=\"auto\" loading=\"lazy\">\n                                    <\/div>\n<\/p><\/div>\n<div class=\"order-2 ml-2 hidden w-32 shrink-0 items-center md:order-1 md:ml-0 md:flex\">\n<div class=\"flex aspect-video items-center justify-center\">\n                                            <img decoding=\"async\" class=\"m-0 max-h-full max-w-full rounded-md\" src=\"https:\/\/vieassociative.be\/actualites\/wp-content\/uploads\/2025\/10\/1759771100_147_Je-suis-un-charpentier-professionnel-et-ce-sont-les-meilleures.jpg\" alt=\"Ryobi PSBCS02 One + HP 18V Brushlessless sans cordon compact Light Weight Tool (outil uniquement, batterie non incluse)\" width=\"auto\" height=\"auto\" loading=\"lazy\">\n                                    <\/div>\n<\/p><\/div>\n<div class=\"order-3 flex grow flex-wrap md:hidden md:grow-0\">\n<div class=\"mt-4 w-full\">\n                        <button class=\"flex justify-center items-center w-full bg-brand-green text-white text-base font-sans font-medium rounded-md hover:bg-brand-green-700 hover:cursor-pointer md:text-sm h-11\"><\/p>\n<p>    Conclure un accord<br \/>\n<\/button>\n                    <\/div>\n<div class=\"mx-2 mt-4 w-full\">\n<div class=\" font-sans leading-4 text-black\">\n<div class=\"flex flex-wrap items-center justify-center gap-1 md:justify-start\">\n        <span class=\"font-bold\"><\/p>\n<p>            91,89 $<br \/>\n                            <span class=\"font-medium\">\u00e0 Amazon<\/span><br \/>\n                    <\/span>\n            <\/div>\n<div class=\"flex items-center justify-center gap-x-1 font-bold md:justify-start\">\n            <span class=\"text-sm line-through\">139,99 $<\/span><br \/>\n            <span class=\"text-sm text-brand-green\">\u00c9conomisez 48,10 $<\/span>\n        <\/div>\n<\/p><\/div>\n<\/p><\/div>\n<\/p><\/div>\n<\/p><\/div>\n<\/div>\n<h2 id=\"hand-tools\">Outils \u00e0 main<\/h2>\n<p>Les outils \u00e0 main peuvent \u00eatre un composant n\u00e9glig\u00e9 d&rsquo;une trousse \u00e0 outils de bricolage \u00e0 domicile, mais ils sont importants pour la plupart des projets d&rsquo;entretien et de bricolage. Cependant, obtenir tous les diff\u00e9rents outils et bits dont vous avez besoin peut \u00eatre co\u00fbteux. La scie d&rsquo;adaptation d&rsquo;Irwin de 6 \u00bd pouces est de 8,99 $, 43% sur son prix r\u00e9gulier. Il peut faire des coupes pr\u00e9cises en bois pour des projets personnalis\u00e9s comme l&rsquo;installation de garnitures ou la fabrication de joints d&rsquo;aronde. <\/p>\n<div class=\"pogoClear mb-12 mt-10 rounded-md border-2 border-gray-100 py-7 shadow-xl md:py-6\">\n<div class=\"flex flex-wrap justify-between px-7 text-black no-underline md:flex-nowrap md:px-8\">\n<div class=\"order-1 mx-auto flex flex-col justify-center md:order-2 md:ml-4 md:w-full md:grow\">\n<div class=\"block cursor-pointer text-center font-akshar text-2xl font-medium leading-7 text-brand-green duration-200 ease-in-out hover:text-brand-green-700 md:text-left md:text-xl md:leading-6\">Scie d&rsquo;adaptation de protouch d&rsquo;Irwin Tools\n                <\/div>\n<div class=\"mt-4 hidden md:flex md:justify-between\">\n<div class=\"self-end\">\n<div class=\"mb-0 h-11 md:flex md:flex-col md:justify-center\">\n<div class=\" font-sans leading-4 text-black\">\n<div class=\"flex flex-wrap items-center justify-center gap-1 md:justify-start\">\n        <span class=\"font-bold\"><\/p>\n<p>            8,99 $<br \/>\n                            <span class=\"font-medium\">\u00e0 Amazon<\/span><br \/>\n                    <\/span>\n            <\/div>\n<div class=\"flex items-center justify-center gap-x-1 font-bold md:justify-start\">\n            <span class=\"text-sm line-through\">15,82 $<\/span><br \/>\n            <span class=\"text-sm text-brand-green\">\u00c9conomisez 6,83 $<\/span>\n        <\/div>\n<\/p><\/div>\n<\/p><\/div>\n<\/p><\/div>\n<div class=\"w-44 self-end\">\n                            <button class=\"flex justify-center items-center w-full bg-brand-green text-white text-base font-sans font-medium rounded-md hover:bg-brand-green-700 hover:cursor-pointer md:text-sm h-11\"><\/p>\n<p>    Conclure un accord<br \/>\n<\/button>\n                        <\/div>\n<\/p><\/div>\n<\/p><\/div>\n<div class=\"order-2 mt-5 h-auto w-full md:order-1 md:mt-0 md:hidden\">\n<div class=\"flex aspect-video items-center justify-center\">\n                                            <img decoding=\"async\" class=\"m-0 max-h-full max-w-full rounded-md\" src=\"https:\/\/vieassociative.be\/actualites\/wp-content\/uploads\/2025\/10\/1759771100_975_Je-suis-un-charpentier-professionnel-et-ce-sont-les-meilleures.jpg\" alt=\"Saw d'adaptation \u00e0 protouch d'Irwin Tools (2014400), bleu et jaune\" width=\"auto\" height=\"auto\" loading=\"lazy\">\n                                    <\/div>\n<\/p><\/div>\n<div class=\"order-2 ml-2 hidden w-32 shrink-0 items-center md:order-1 md:ml-0 md:flex\">\n<div class=\"flex aspect-video items-center justify-center\">\n                                            <img decoding=\"async\" class=\"m-0 max-h-full max-w-full rounded-md\" src=\"https:\/\/vieassociative.be\/actualites\/wp-content\/uploads\/2025\/10\/1759771100_975_Je-suis-un-charpentier-professionnel-et-ce-sont-les-meilleures.jpg\" alt=\"Saw d'adaptation \u00e0 protouch d'Irwin Tools (2014400), bleu et jaune\" width=\"auto\" height=\"auto\" loading=\"lazy\">\n                                    <\/div>\n<\/p><\/div>\n<div class=\"order-3 flex grow flex-wrap md:hidden md:grow-0\">\n<div class=\"mt-4 w-full\">\n                        <button class=\"flex justify-center items-center w-full bg-brand-green text-white text-base font-sans font-medium rounded-md hover:bg-brand-green-700 hover:cursor-pointer md:text-sm h-11\"><\/p>\n<p>    Conclure un accord<br \/>\n<\/button>\n                    <\/div>\n<div class=\"mx-2 mt-4 w-full\">\n<div class=\" font-sans leading-4 text-black\">\n<div class=\"flex flex-wrap items-center justify-center gap-1 md:justify-start\">\n        <span class=\"font-bold\"><\/p>\n<p>            8,99 $<br \/>\n                            <span class=\"font-medium\">\u00e0 Amazon<\/span><br \/>\n                    <\/span>\n            <\/div>\n<div class=\"flex items-center justify-center gap-x-1 font-bold md:justify-start\">\n            <span class=\"text-sm line-through\">15,82 $<\/span><br \/>\n            <span class=\"text-sm text-brand-green\">\u00c9conomisez 6,83 $<\/span>\n        <\/div>\n<\/p><\/div>\n<\/p><\/div>\n<\/p><\/div>\n<\/p><\/div>\n<\/div>\n<h3>Meilleure affaire sur les tournevis<\/h3>\n<p>L&rsquo;ensemble de tournevis \u00e0 cliquet d&rsquo;artisan est de 16,98 $, 29% sur son prix habituel. Cet ensemble est livr\u00e9 avec une poign\u00e9e de tournevis \u00e0 cliquet, 24 bits et un outil de ramassage magn\u00e9tique t\u00e9lescopique. Il s&rsquo;agit d&rsquo;un bon ensemble pour un kit de maintenance \u00e0 domicile simple &#8211; il ne prend pas beaucoup de place et il est livr\u00e9 avec presque tous les bit dont vous auriez besoin pour l&rsquo;entretien de base du bricolage, comme le changement de filtres \u00e0 air ou le mat\u00e9riel d&rsquo;armoire.<\/p>\n<h3>Meilleure affaire de moins de 20 $<\/h3>\n<p>Une paire de pinces de verrouillage Irwin de 10 pouces est de 12,93 $, 52% sur leur prix typique. Ces pinces de verrouillage sont indispensables pour \u00e9liminer les \u00e9crous et boulons rouill\u00e9s ou rouill\u00e9s, en tirant des ongles et une vari\u00e9t\u00e9 d&rsquo;autres t\u00e2ches. J&rsquo;ai une paire que je garde dans mon ensemble d&rsquo;outils personnel qui a dur\u00e9 plus d&rsquo;une d\u00e9cennie, et je trouve de nouvelles utilisations pour eux chaque fois que je commence un nouveau projet.<\/p>\n<p><em>Vous cherchez autre chose? Les d\u00e9taillants comme Walmart et Best Buy ont des ventes de comp\u00e9tition de grande journ\u00e9e qui sont particuli\u00e8rement utiles si vous n&rsquo;avez pas Amazon Prime.<\/em><\/p>\n<ul>\n<li>\n<p><strong><em>Vente de concours de premier jour de Walmart<\/em><\/strong><em>  se d\u00e9roule du 6 octobre \u00e0 19 h HE au 12 octobre et comprend des offres jusqu&rsquo;\u00e0 50% de r\u00e9duction. C&rsquo;est une option particuli\u00e8rement bonne si vous avez Walmart +.<\/em><\/p>\n<\/li>\n<li>\n<p><strong><em>Vente de concours de grande journ\u00e9e de Best Buy<\/em><\/strong><em>  se d\u00e9roule du 27 septembre au 12 octobre et poss\u00e8de certaines des meilleures ventes technologiques en ligne. C&rsquo;est une option particuli\u00e8rement bonne si vous \u00eates un membre \u00abplus\u00bb ou \u00abtotal\u00bb de mon meilleur achat.<\/em><\/p>\n<\/li>\n<li>\n<p><strong><em>Vente de concours de premier jour de Target<\/em><\/strong><em>se d\u00e9roule du 5 octobre au 11 octobre, et il a des offres \u00e0 50% de r\u00e9duction. Vous pouvez devenir un membre du cercle gratuitement.<\/em><\/p>\n<\/li>\n<\/ul>\n","protected":false},"excerpt":{"rendered":"<p>Construisez votre ensemble d&rsquo;outils de bricolage \u00e0 domicile ou d\u00e9veloppez votre existant avec ces premi\u00e8res offres de premier jour. Amazon Big Deal Days se d\u00e9roule<\/p>\n","protected":false},"author":1,"featured_media":10482,"comment_status":"","ping_status":"","sticky":false,"template":"","format":"standard","meta":{"footnotes":""},"categories":[40],"tags":[8797,2877,14,79,345,825,610,1441,18,2985,33],"class_list":["post-10481","post","type-post","status-publish","format-standard","has-post-thumbnail","hentry","category-maison","tag-charpentier","tag-journee","tag-les","tag-meilleures","tag-offres","tag-outils","tag-premiere","tag-professionnel","tag-sont","tag-suis","tag-sur","generate-columns","tablet-grid-50","mobile-grid-100","grid-parent","grid-33"],"yoast_head":"<!-- This site is optimized with the Yoast SEO plugin v24.0 - https:\/\/yoast.com\/wordpress\/plugins\/seo\/ -->\n<title>Je suis un charpentier professionnel, et ce sont les meilleures offres de premi\u00e8re journ\u00e9e sur les outils | Vie Associative<\/title>\n<meta name=\"robots\" content=\"index, follow, max-snippet:-1, max-image-preview:large, max-video-preview:-1\" \/>\n<link rel=\"canonical\" href=\"https:\/\/vieassociative.be\/actualites\/je-suis-un-charpentier-professionnel-et-ce-sont-les-meilleures-offres-de-premiere-journee-sur-les-outils\/\" \/>\n<meta property=\"og:locale\" content=\"fr_FR\" \/>\n<meta property=\"og:type\" content=\"article\" \/>\n<meta property=\"og:title\" content=\"Je suis un charpentier professionnel, et ce sont les meilleures offres de premi\u00e8re journ\u00e9e sur les outils | Vie Associative\" \/>\n<meta property=\"og:description\" content=\"Construisez votre ensemble d&rsquo;outils de bricolage \u00e0 domicile ou d\u00e9veloppez votre existant avec ces premi\u00e8res offres de premier jour. Amazon Big Deal Days se d\u00e9roule\" \/>\n<meta property=\"og:url\" content=\"https:\/\/vieassociative.be\/actualites\/je-suis-un-charpentier-professionnel-et-ce-sont-les-meilleures-offres-de-premiere-journee-sur-les-outils\/\" \/>\n<meta property=\"og:site_name\" content=\"Vie Associative\" \/>\n<meta property=\"article:published_time\" content=\"2025-10-06T17:18:20+00:00\" \/>\n<meta property=\"og:image\" content=\"https:\/\/vieassociative.be\/actualites\/wp-content\/uploads\/2025\/10\/Je-suis-un-charpentier-professionnel-et-ce-sont-les-meilleures.jpg\" \/>\n<meta name=\"author\" content=\"Julien\" \/>\n<meta name=\"twitter:card\" content=\"summary_large_image\" \/>\n<meta name=\"twitter:label1\" content=\"\u00c9crit par\" \/>\n\t<meta name=\"twitter:data1\" content=\"Julien\" \/>\n\t<meta name=\"twitter:label2\" content=\"Dur\u00e9e de lecture est.\" \/>\n\t<meta name=\"twitter:data2\" content=\"6 minutes\" \/>\n<script type=\"application\/ld+json\" class=\"yoast-schema-graph\">{\"@context\":\"https:\/\/schema.org\",\"@graph\":[{\"@type\":\"Article\",\"@id\":\"https:\/\/vieassociative.be\/actualites\/je-suis-un-charpentier-professionnel-et-ce-sont-les-meilleures-offres-de-premiere-journee-sur-les-outils\/#article\",\"isPartOf\":{\"@id\":\"https:\/\/vieassociative.be\/actualites\/je-suis-un-charpentier-professionnel-et-ce-sont-les-meilleures-offres-de-premiere-journee-sur-les-outils\/\"},\"author\":{\"name\":\"Julien\",\"@id\":\"https:\/\/vieassociative.be\/actualites\/#\/schema\/person\/b87ac4f82f9d4e7b7cec7395b679edc4\"},\"headline\":\"Je suis un charpentier professionnel, et ce sont les meilleures offres de premi\u00e8re journ\u00e9e sur les outils\",\"datePublished\":\"2025-10-06T17:18:20+00:00\",\"dateModified\":\"2025-10-06T17:18:20+00:00\",\"mainEntityOfPage\":{\"@id\":\"https:\/\/vieassociative.be\/actualites\/je-suis-un-charpentier-professionnel-et-ce-sont-les-meilleures-offres-de-premiere-journee-sur-les-outils\/\"},\"wordCount\":1335,\"publisher\":{\"@id\":\"https:\/\/vieassociative.be\/actualites\/#organization\"},\"image\":{\"@id\":\"https:\/\/vieassociative.be\/actualites\/je-suis-un-charpentier-professionnel-et-ce-sont-les-meilleures-offres-de-premiere-journee-sur-les-outils\/#primaryimage\"},\"thumbnailUrl\":\"https:\/\/vieassociative.be\/actualites\/wp-content\/uploads\/2025\/10\/Je-suis-un-charpentier-professionnel-et-ce-sont-les-meilleures.png\",\"keywords\":[\"charpentier\",\"journ\u00e9e\",\"Les\",\"meilleures\",\"offres\",\"outils\",\"premi\u00e8re\",\"professionnel\",\"sont\",\"suis\",\"sur\"],\"articleSection\":[\"Maison\"],\"inLanguage\":\"fr-BE\"},{\"@type\":\"WebPage\",\"@id\":\"https:\/\/vieassociative.be\/actualites\/je-suis-un-charpentier-professionnel-et-ce-sont-les-meilleures-offres-de-premiere-journee-sur-les-outils\/\",\"url\":\"https:\/\/vieassociative.be\/actualites\/je-suis-un-charpentier-professionnel-et-ce-sont-les-meilleures-offres-de-premiere-journee-sur-les-outils\/\",\"name\":\"Je suis un charpentier professionnel, et ce sont les meilleures offres de premi\u00e8re journ\u00e9e sur les outils | Vie Associative\",\"isPartOf\":{\"@id\":\"https:\/\/vieassociative.be\/actualites\/#website\"},\"primaryImageOfPage\":{\"@id\":\"https:\/\/vieassociative.be\/actualites\/je-suis-un-charpentier-professionnel-et-ce-sont-les-meilleures-offres-de-premiere-journee-sur-les-outils\/#primaryimage\"},\"image\":{\"@id\":\"https:\/\/vieassociative.be\/actualites\/je-suis-un-charpentier-professionnel-et-ce-sont-les-meilleures-offres-de-premiere-journee-sur-les-outils\/#primaryimage\"},\"thumbnailUrl\":\"https:\/\/vieassociative.be\/actualites\/wp-content\/uploads\/2025\/10\/Je-suis-un-charpentier-professionnel-et-ce-sont-les-meilleures.png\",\"datePublished\":\"2025-10-06T17:18:20+00:00\",\"dateModified\":\"2025-10-06T17:18:20+00:00\",\"breadcrumb\":{\"@id\":\"https:\/\/vieassociative.be\/actualites\/je-suis-un-charpentier-professionnel-et-ce-sont-les-meilleures-offres-de-premiere-journee-sur-les-outils\/#breadcrumb\"},\"inLanguage\":\"fr-BE\",\"potentialAction\":[{\"@type\":\"ReadAction\",\"target\":[\"https:\/\/vieassociative.be\/actualites\/je-suis-un-charpentier-professionnel-et-ce-sont-les-meilleures-offres-de-premiere-journee-sur-les-outils\/\"]}]},{\"@type\":\"ImageObject\",\"inLanguage\":\"fr-BE\",\"@id\":\"https:\/\/vieassociative.be\/actualites\/je-suis-un-charpentier-professionnel-et-ce-sont-les-meilleures-offres-de-premiere-journee-sur-les-outils\/#primaryimage\",\"url\":\"https:\/\/vieassociative.be\/actualites\/wp-content\/uploads\/2025\/10\/Je-suis-un-charpentier-professionnel-et-ce-sont-les-meilleures.png\",\"contentUrl\":\"https:\/\/vieassociative.be\/actualites\/wp-content\/uploads\/2025\/10\/Je-suis-un-charpentier-professionnel-et-ce-sont-les-meilleures.png\",\"width\":1200,\"height\":675,\"caption\":\"Je suis un charpentier professionnel, et ce sont les meilleures offres de premi\u00e8re journ\u00e9e sur les outils\"},{\"@type\":\"BreadcrumbList\",\"@id\":\"https:\/\/vieassociative.be\/actualites\/je-suis-un-charpentier-professionnel-et-ce-sont-les-meilleures-offres-de-premiere-journee-sur-les-outils\/#breadcrumb\",\"itemListElement\":[{\"@type\":\"ListItem\",\"position\":1,\"name\":\"Accueil\",\"item\":\"https:\/\/vieassociative.be\/actualites\/\"},{\"@type\":\"ListItem\",\"position\":2,\"name\":\"Je suis un charpentier professionnel, et ce sont les meilleures offres de premi\u00e8re journ\u00e9e sur les outils\"}]},{\"@type\":\"WebSite\",\"@id\":\"https:\/\/vieassociative.be\/actualites\/#website\",\"url\":\"https:\/\/vieassociative.be\/actualites\/\",\"name\":\"Vie Associative\",\"description\":\"\",\"publisher\":{\"@id\":\"https:\/\/vieassociative.be\/actualites\/#organization\"},\"potentialAction\":[{\"@type\":\"SearchAction\",\"target\":{\"@type\":\"EntryPoint\",\"urlTemplate\":\"https:\/\/vieassociative.be\/actualites\/?s={search_term_string}\"},\"query-input\":{\"@type\":\"PropertyValueSpecification\",\"valueRequired\":true,\"valueName\":\"search_term_string\"}}],\"inLanguage\":\"fr-BE\"},{\"@type\":\"Organization\",\"@id\":\"https:\/\/vieassociative.be\/actualites\/#organization\",\"name\":\"Vie Associative\",\"url\":\"https:\/\/vieassociative.be\/actualites\/\",\"logo\":{\"@type\":\"ImageObject\",\"inLanguage\":\"fr-BE\",\"@id\":\"https:\/\/vieassociative.be\/actualites\/#\/schema\/logo\/image\/\",\"url\":\"https:\/\/vieassociative.be\/actualites\/wp-content\/uploads\/2024\/09\/cropped-vieassociative_favicon.ico.png\",\"contentUrl\":\"https:\/\/vieassociative.be\/actualites\/wp-content\/uploads\/2024\/09\/cropped-vieassociative_favicon.ico.png\",\"width\":512,\"height\":512,\"caption\":\"Vie Associative\"},\"image\":{\"@id\":\"https:\/\/vieassociative.be\/actualites\/#\/schema\/logo\/image\/\"}},{\"@type\":\"Person\",\"@id\":\"https:\/\/vieassociative.be\/actualites\/#\/schema\/person\/b87ac4f82f9d4e7b7cec7395b679edc4\",\"name\":\"Julien\",\"image\":{\"@type\":\"ImageObject\",\"inLanguage\":\"fr-BE\",\"@id\":\"https:\/\/vieassociative.be\/actualites\/#\/schema\/person\/image\/\",\"url\":\"https:\/\/vieassociative.be\/actualites\/wp-content\/uploads\/2024\/09\/vie-associative-1-150x150.jpg\",\"contentUrl\":\"https:\/\/vieassociative.be\/actualites\/wp-content\/uploads\/2024\/09\/vie-associative-1-150x150.jpg\",\"caption\":\"Julien\"},\"description\":\"Je suis Julien, r\u00e9dacteur pour Vie Associative. Passionn\u00e9 par le monde associatif depuis plus de 10 ans, j'ai \u00e0 c\u0153ur de partager des histoires inspirantes et de mettre en lumi\u00e8re les initiatives locales. Mon objectif est de sensibiliser et d'encourager l'engagement communautaire \u00e0 travers mes articles.\",\"sameAs\":[\"https:\/\/vieassociative.be\/\"]}]}<\/script>\n<!-- \/ Yoast SEO plugin. -->","yoast_head_json":{"title":"Je suis un charpentier professionnel, et ce sont les meilleures offres de premi\u00e8re journ\u00e9e sur les outils | Vie Associative","robots":{"index":"index","follow":"follow","max-snippet":"max-snippet:-1","max-image-preview":"max-image-preview:large","max-video-preview":"max-video-preview:-1"},"canonical":"https:\/\/vieassociative.be\/actualites\/je-suis-un-charpentier-professionnel-et-ce-sont-les-meilleures-offres-de-premiere-journee-sur-les-outils\/","og_locale":"fr_FR","og_type":"article","og_title":"Je suis un charpentier professionnel, et ce sont les meilleures offres de premi\u00e8re journ\u00e9e sur les outils | Vie Associative","og_description":"Construisez votre ensemble d&rsquo;outils de bricolage \u00e0 domicile ou d\u00e9veloppez votre existant avec ces premi\u00e8res offres de premier jour. Amazon Big Deal Days se d\u00e9roule","og_url":"https:\/\/vieassociative.be\/actualites\/je-suis-un-charpentier-professionnel-et-ce-sont-les-meilleures-offres-de-premiere-journee-sur-les-outils\/","og_site_name":"Vie Associative","article_published_time":"2025-10-06T17:18:20+00:00","og_image":[{"url":"https:\/\/vieassociative.be\/actualites\/wp-content\/uploads\/2025\/10\/Je-suis-un-charpentier-professionnel-et-ce-sont-les-meilleures.jpg","type":"","width":"","height":""}],"author":"Julien","twitter_card":"summary_large_image","twitter_misc":{"\u00c9crit par":"Julien","Dur\u00e9e de lecture est.":"6 minutes"},"schema":{"@context":"https:\/\/schema.org","@graph":[{"@type":"Article","@id":"https:\/\/vieassociative.be\/actualites\/je-suis-un-charpentier-professionnel-et-ce-sont-les-meilleures-offres-de-premiere-journee-sur-les-outils\/#article","isPartOf":{"@id":"https:\/\/vieassociative.be\/actualites\/je-suis-un-charpentier-professionnel-et-ce-sont-les-meilleures-offres-de-premiere-journee-sur-les-outils\/"},"author":{"name":"Julien","@id":"https:\/\/vieassociative.be\/actualites\/#\/schema\/person\/b87ac4f82f9d4e7b7cec7395b679edc4"},"headline":"Je suis un charpentier professionnel, et ce sont les meilleures offres de premi\u00e8re journ\u00e9e sur les outils","datePublished":"2025-10-06T17:18:20+00:00","dateModified":"2025-10-06T17:18:20+00:00","mainEntityOfPage":{"@id":"https:\/\/vieassociative.be\/actualites\/je-suis-un-charpentier-professionnel-et-ce-sont-les-meilleures-offres-de-premiere-journee-sur-les-outils\/"},"wordCount":1335,"publisher":{"@id":"https:\/\/vieassociative.be\/actualites\/#organization"},"image":{"@id":"https:\/\/vieassociative.be\/actualites\/je-suis-un-charpentier-professionnel-et-ce-sont-les-meilleures-offres-de-premiere-journee-sur-les-outils\/#primaryimage"},"thumbnailUrl":"https:\/\/vieassociative.be\/actualites\/wp-content\/uploads\/2025\/10\/Je-suis-un-charpentier-professionnel-et-ce-sont-les-meilleures.png","keywords":["charpentier","journ\u00e9e","Les","meilleures","offres","outils","premi\u00e8re","professionnel","sont","suis","sur"],"articleSection":["Maison"],"inLanguage":"fr-BE"},{"@type":"WebPage","@id":"https:\/\/vieassociative.be\/actualites\/je-suis-un-charpentier-professionnel-et-ce-sont-les-meilleures-offres-de-premiere-journee-sur-les-outils\/","url":"https:\/\/vieassociative.be\/actualites\/je-suis-un-charpentier-professionnel-et-ce-sont-les-meilleures-offres-de-premiere-journee-sur-les-outils\/","name":"Je suis un charpentier professionnel, et ce sont les meilleures offres de premi\u00e8re journ\u00e9e sur les outils | Vie Associative","isPartOf":{"@id":"https:\/\/vieassociative.be\/actualites\/#website"},"primaryImageOfPage":{"@id":"https:\/\/vieassociative.be\/actualites\/je-suis-un-charpentier-professionnel-et-ce-sont-les-meilleures-offres-de-premiere-journee-sur-les-outils\/#primaryimage"},"image":{"@id":"https:\/\/vieassociative.be\/actualites\/je-suis-un-charpentier-professionnel-et-ce-sont-les-meilleures-offres-de-premiere-journee-sur-les-outils\/#primaryimage"},"thumbnailUrl":"https:\/\/vieassociative.be\/actualites\/wp-content\/uploads\/2025\/10\/Je-suis-un-charpentier-professionnel-et-ce-sont-les-meilleures.png","datePublished":"2025-10-06T17:18:20+00:00","dateModified":"2025-10-06T17:18:20+00:00","breadcrumb":{"@id":"https:\/\/vieassociative.be\/actualites\/je-suis-un-charpentier-professionnel-et-ce-sont-les-meilleures-offres-de-premiere-journee-sur-les-outils\/#breadcrumb"},"inLanguage":"fr-BE","potentialAction":[{"@type":"ReadAction","target":["https:\/\/vieassociative.be\/actualites\/je-suis-un-charpentier-professionnel-et-ce-sont-les-meilleures-offres-de-premiere-journee-sur-les-outils\/"]}]},{"@type":"ImageObject","inLanguage":"fr-BE","@id":"https:\/\/vieassociative.be\/actualites\/je-suis-un-charpentier-professionnel-et-ce-sont-les-meilleures-offres-de-premiere-journee-sur-les-outils\/#primaryimage","url":"https:\/\/vieassociative.be\/actualites\/wp-content\/uploads\/2025\/10\/Je-suis-un-charpentier-professionnel-et-ce-sont-les-meilleures.png","contentUrl":"https:\/\/vieassociative.be\/actualites\/wp-content\/uploads\/2025\/10\/Je-suis-un-charpentier-professionnel-et-ce-sont-les-meilleures.png","width":1200,"height":675,"caption":"Je suis un charpentier professionnel, et ce sont les meilleures offres de premi\u00e8re journ\u00e9e sur les outils"},{"@type":"BreadcrumbList","@id":"https:\/\/vieassociative.be\/actualites\/je-suis-un-charpentier-professionnel-et-ce-sont-les-meilleures-offres-de-premiere-journee-sur-les-outils\/#breadcrumb","itemListElement":[{"@type":"ListItem","position":1,"name":"Accueil","item":"https:\/\/vieassociative.be\/actualites\/"},{"@type":"ListItem","position":2,"name":"Je suis un charpentier professionnel, et ce sont les meilleures offres de premi\u00e8re journ\u00e9e sur les outils"}]},{"@type":"WebSite","@id":"https:\/\/vieassociative.be\/actualites\/#website","url":"https:\/\/vieassociative.be\/actualites\/","name":"Vie Associative","description":"","publisher":{"@id":"https:\/\/vieassociative.be\/actualites\/#organization"},"potentialAction":[{"@type":"SearchAction","target":{"@type":"EntryPoint","urlTemplate":"https:\/\/vieassociative.be\/actualites\/?s={search_term_string}"},"query-input":{"@type":"PropertyValueSpecification","valueRequired":true,"valueName":"search_term_string"}}],"inLanguage":"fr-BE"},{"@type":"Organization","@id":"https:\/\/vieassociative.be\/actualites\/#organization","name":"Vie Associative","url":"https:\/\/vieassociative.be\/actualites\/","logo":{"@type":"ImageObject","inLanguage":"fr-BE","@id":"https:\/\/vieassociative.be\/actualites\/#\/schema\/logo\/image\/","url":"https:\/\/vieassociative.be\/actualites\/wp-content\/uploads\/2024\/09\/cropped-vieassociative_favicon.ico.png","contentUrl":"https:\/\/vieassociative.be\/actualites\/wp-content\/uploads\/2024\/09\/cropped-vieassociative_favicon.ico.png","width":512,"height":512,"caption":"Vie Associative"},"image":{"@id":"https:\/\/vieassociative.be\/actualites\/#\/schema\/logo\/image\/"}},{"@type":"Person","@id":"https:\/\/vieassociative.be\/actualites\/#\/schema\/person\/b87ac4f82f9d4e7b7cec7395b679edc4","name":"Julien","image":{"@type":"ImageObject","inLanguage":"fr-BE","@id":"https:\/\/vieassociative.be\/actualites\/#\/schema\/person\/image\/","url":"https:\/\/vieassociative.be\/actualites\/wp-content\/uploads\/2024\/09\/vie-associative-1-150x150.jpg","contentUrl":"https:\/\/vieassociative.be\/actualites\/wp-content\/uploads\/2024\/09\/vie-associative-1-150x150.jpg","caption":"Julien"},"description":"Je suis Julien, r\u00e9dacteur pour Vie Associative. Passionn\u00e9 par le monde associatif depuis plus de 10 ans, j'ai \u00e0 c\u0153ur de partager des histoires inspirantes et de mettre en lumi\u00e8re les initiatives locales. Mon objectif est de sensibiliser et d'encourager l'engagement communautaire \u00e0 travers mes articles.","sameAs":["https:\/\/vieassociative.be\/"]}]}},"_links":{"self":[{"href":"https:\/\/vieassociative.be\/actualites\/wp-json\/wp\/v2\/posts\/10481"}],"collection":[{"href":"https:\/\/vieassociative.be\/actualites\/wp-json\/wp\/v2\/posts"}],"about":[{"href":"https:\/\/vieassociative.be\/actualites\/wp-json\/wp\/v2\/types\/post"}],"author":[{"embeddable":true,"href":"https:\/\/vieassociative.be\/actualites\/wp-json\/wp\/v2\/users\/1"}],"replies":[{"embeddable":true,"href":"https:\/\/vieassociative.be\/actualites\/wp-json\/wp\/v2\/comments?post=10481"}],"version-history":[{"count":0,"href":"https:\/\/vieassociative.be\/actualites\/wp-json\/wp\/v2\/posts\/10481\/revisions"}],"wp:featuredmedia":[{"embeddable":true,"href":"https:\/\/vieassociative.be\/actualites\/wp-json\/wp\/v2\/media\/10482"}],"wp:attachment":[{"href":"https:\/\/vieassociative.be\/actualites\/wp-json\/wp\/v2\/media?parent=10481"}],"wp:term":[{"taxonomy":"category","embeddable":true,"href":"https:\/\/vieassociative.be\/actualites\/wp-json\/wp\/v2\/categories?post=10481"},{"taxonomy":"post_tag","embeddable":true,"href":"https:\/\/vieassociative.be\/actualites\/wp-json\/wp\/v2\/tags?post=10481"}],"curies":[{"name":"wp","href":"https:\/\/api.w.org\/{rel}","templated":true}]}}