{"id":10479,"date":"2025-10-06T16:17:59","date_gmt":"2025-10-06T14:17:59","guid":{"rendered":"https:\/\/vieassociative.be\/actualites\/vincent-kompany-a-fait-leloge-de-la-baviere-belge-avec-sa-famille-sur-munich-oktoberfest\/"},"modified":"2025-10-06T16:17:59","modified_gmt":"2025-10-06T14:17:59","slug":"vincent-kompany-a-fait-leloge-de-la-baviere-belge-avec-sa-famille-sur-munich-oktoberfest","status":"publish","type":"post","link":"https:\/\/vieassociative.be\/actualites\/vincent-kompany-a-fait-leloge-de-la-baviere-belge-avec-sa-famille-sur-munich-oktoberfest\/","title":{"rendered":"Vincent Kompany a fait l&rsquo;\u00e9loge de la Bavi\u00e8re &#8211; Belge avec sa famille sur Munich Oktoberfest"},"content":{"rendered":"<p><strong>Vincent Kompany a c\u00e9l\u00e9br\u00e9 son d\u00e9but de saison historique avec sa famille au Munich Oktoberfest. Apr\u00e8s la dixi\u00e8me victoire cons\u00e9cutive avec le Bayern Munich, la Belge en Bavi\u00e8re est doubl\u00e9e de louanges.<\/strong><\/p>\n<p><span id=\"more-426352\"><\/span>\u00ab\u00a0So many successful coaches have already worked for FC Bayern-gentlemen such as Udo Lattek, Ottmar Hitzfeld, Felix Magath, Louis van Gaal, Jupp Heynckes, Pep Guardiola or Hansi Flick. But they had not made any records like this under Vincent Kompany,\u00a0\u00bb wrote \u00ab\u00a0The Kicker\u00a0\u00bb after the FC 3: 0-Sieg Bavaria at Eintracht Frankfurt.<\/p>\n<p>Dimanche, Vincent Kompany s&rsquo;est offert une pause bien m\u00e9rit\u00e9e. L&rsquo;entra\u00eeneur-chef du FC Bayern a visit\u00e9 l&rsquo;Oktoberfest accompagn\u00e9 de sa femme (Carla Higgs), de ses enfants (Sienna, Kai et Caleb) et de son p\u00e8re (Pierre).<\/p>\n<div id=\"attachment_426366\" class=\"wp-caption alignleft\" style=\"max-width: 300px\"><img fetchpriority=\"high\" decoding=\"async\" class=\"wp-image-426366 size-medium\" src=\"https:\/\/vieassociative.be\/actualites\/wp-content\/uploads\/2025\/10\/Vincent-Kompany-a-fait-leloge-de-la-Baviere-Belge.jpg\" alt=\"\" width=\"300\" height=\"200\"><\/div>\n<p>L&rsquo;ancien Devil Red, qui a jou\u00e9 89 casquettes pour la Belgique, est apparu au Munich Oktoberfest avec un sourire sur les l\u00e8vres et en costume traditionnel. Les joueurs du FC Bayern \u00e9taient \u00e9galement pr\u00e9sents. La participation \u00e0 l&rsquo;Oktoberfest est une tradition annuelle pour l&rsquo;\u00e9quipe et les dirigeants du FC Bayern.<\/p>\n<p>Tout se passe bien \u00e0 Munich pour Kompany. Aucun autre entra\u00eeneur de l&rsquo;histoire du FC Bayern n&rsquo;a r\u00e9ussi \u00e0 remporter ses dix premiers matchs de saison. Cela va jusqu&rsquo;\u00e0 pr\u00e9sent que certains m\u00e9dias locaux sp\u00e9culent d\u00e9j\u00e0 sur une \u00e9ventuelle extension de contrat.<\/p>\n<p>Les \u00e9loges de tous les c\u00f4t\u00e9s ont salu\u00e9 le Bavarian et Kompany, mais il n&rsquo;y a pas longtemps, le champion de disques allemand a \u00e9t\u00e9 souri pour sa d\u00e9cision par entreprise, car il a \u00e9t\u00e9 consid\u00e9r\u00e9 comme une sorte de solution d&rsquo;urgence inexp\u00e9riment\u00e9e, car les meilleurs candidats tels que Xabi Alonso, Julian Nagelsmann ou Ralf Rangnick auraient \u00e9t\u00e9 annul\u00e9s.<\/p>\n<\/p>\n<div id=\"attachment_426364\" class=\"wp-caption alignleft\" style=\"max-width: 226px\"><img decoding=\"async\" class=\"wp-image-426364 size-medium\" src=\"https:\/\/vieassociative.be\/actualites\/wp-content\/uploads\/2025\/10\/1759760279_650_Vincent-Kompany-a-fait-leloge-de-la-Baviere-Belge.jpg\" alt=\"\" width=\"226\" height=\"300\"><\/div>\n<p>Le directeur des sports du Bayern, Max Eberl, il y a un an en raison de sa d\u00e9cision, est maintenant abattu, rit de la devise &#8211; m\u00eame s&rsquo;il ne voyait pas Kompany \u00e0 l&rsquo;\u00e9poque.<\/p>\n<p>\u00ab\u00a0Je pense que la d\u00e9cision a \u00e9t\u00e9 une \u00e9tape tr\u00e8s, tr\u00e8s importante pour Vincent Kompany il y a 16 mois\u00a0\u00bb, a soulign\u00e9 un eberl bien-gelaunter apr\u00e8s la victoire souverain 3-0 samedi \u00e0 Eintracht Frankfurt OB du d\u00e9veloppement positif sous Kompany. \u00ab\u00a0Nous avons eu une tr\u00e8s, tr\u00e8s bonne main \u00e0 la fin et avons trouv\u00e9 un entra\u00eeneur qui correspond vraiment \u00e0 l&rsquo;\u0153il du FC Bayern, qui a une intelligence incroyable, mais surtout a une compr\u00e9hension du football et peut le ramener \u00e0 l&rsquo;\u00e9quipe.\u00a0\u00bb<\/p>\n<p>M\u00eame le Stefan Effenberg autrement tr\u00e8s critique n&rsquo;a pas cach\u00e9 son admiration pour Kompany et le FC Bayern: \u00ab\u00a0La Bavi\u00e8re a fait un grand pas en avant (par rapport \u00e0 3: 3 \u00e0 Francfort la saison derni\u00e8re). Apr\u00e8s 15 secondes, ils font le deuxi\u00e8me, le troisi\u00e8me. Mais v\u00e9rifiez ensuite le jeu\u00a0\u00bb, a expliqu\u00e9 Stefan Effenberg.<\/p>\n<p>L&rsquo;expert Sport1 a ajout\u00e9: \u00ab\u00a0Il y a un an, ils voulaient faire le quatri\u00e8me et voulaient offrir un spectacle, maintenant ils ont compris qu&rsquo;ils fassent attention \u00e0 la d\u00e9fensive et v\u00e9rifiez le jeu. Ensuite, vous v\u00e9rifiez \u00e9galement votre adversaire et rentrez chez vous 3-0. Je pense que c&rsquo;est le pas en avant et aussi une \u00e9criture de Kompany.\u00a0\u00bb<\/p>\n<p>Les joueurs sont \u00e9galement enthousiastes. Jonathan Tah a soulign\u00e9 le r\u00f4le de l&rsquo;entra\u00eeneur Vincent Kompany, qui communique parfaitement et sait garder tous les joueurs heureux: \u00ab\u00a0Tous ceux qui entrent sont pr\u00eats \u00e0 tout donner pour l&rsquo;entra\u00eeneur.\u00a0\u00bb<\/p>\n<\/p>\n<div id=\"attachment_426365\" class=\"wp-caption alignleft\" style=\"max-width: 300px\"><img decoding=\"async\" class=\"wp-image-426365 size-medium\" src=\"https:\/\/vieassociative.be\/actualites\/wp-content\/uploads\/2025\/10\/1759760279_684_Vincent-Kompany-a-fait-leloge-de-la-Baviere-Belge.jpg\" alt=\"\" width=\"300\" height=\"207\"><\/div>\n<p>Sport1 voulait d\u00e9couvrir dans une enqu\u00eate en ligne si Kompany a pu lancer une grande \u00e9poque du Bayern. 87% pensaient que le Belge serait l&rsquo;un des grands entra\u00eeneurs du Bayern. Seulement 13% ont constat\u00e9 qu&rsquo;il manquait encore beaucoup pour pouvoir rivaliser avec des entra\u00eeneurs comme Jupp Heynckes ou Ottmar Hitzfeld.<\/p>\n<p>En Bavi\u00e8re, cependant, il y a d\u00e9j\u00e0 de s\u00e9rieuses inqui\u00e9tudes, avec un succ\u00e8s croissant, Kompany peut \u00e9galement int\u00e9resser d&rsquo;autres clubs europ\u00e9ens. Kompany n&rsquo;a pas pu refuser une offre de son ancien club Manchester City, dont il \u00e9tait capitaine. Remarque: Le contrat de Kompany avec Bavaria et Guardiola avec Man City est \u00e9puis\u00e9 en 2027.<\/p>\n<p>Pour le FC Bayern, cependant, les tr\u00e8s grands tests durs arrivent toujours. Dans la Bundesliga, aucun autre club en concurrence avec Munich, mais non seulement ils veulent devenir champions allemands, mais aussi briller \u00e0 l&rsquo;international. Et dans le combat pour avoir remport\u00e9 la Ligue des champions, le Bayern doit \u00eatre en mesure de vaincre les meilleures \u00e9quipes comme le Paris Saint-Germain, Manchester City, le Real Madrid ou le FC Barcelone. (Cre)<\/p>\n","protected":false},"excerpt":{"rendered":"<p>Vincent Kompany a c\u00e9l\u00e9br\u00e9 son d\u00e9but de saison historique avec sa famille au Munich Oktoberfest. Apr\u00e8s la dixi\u00e8me victoire cons\u00e9cutive avec le Bayern Munich, la<\/p>\n","protected":false},"author":1,"featured_media":10480,"comment_status":"","ping_status":"","sticky":false,"template":"","format":"standard","meta":{"footnotes":""},"categories":[298],"tags":[61,5359,410,635,1558,4024,8795,3449,8796,33,4513],"class_list":["post-10479","post","type-post","status-publish","format-standard","has-post-thumbnail","hentry","category-belgique","tag-avec","tag-baviere","tag-belge","tag-fait","tag-famille","tag-kompany","tag-leloge","tag-munich","tag-oktoberfest","tag-sur","tag-vincent","generate-columns","tablet-grid-50","mobile-grid-100","grid-parent","grid-33"],"yoast_head":"<!-- This site is optimized with the Yoast SEO plugin v24.0 - https:\/\/yoast.com\/wordpress\/plugins\/seo\/ -->\n<title>Vincent Kompany a fait l&#039;\u00e9loge de la Bavi\u00e8re - Belge avec sa famille sur Munich Oktoberfest | Vie Associative<\/title>\n<meta name=\"robots\" content=\"index, follow, max-snippet:-1, max-image-preview:large, max-video-preview:-1\" \/>\n<link rel=\"canonical\" href=\"https:\/\/vieassociative.be\/actualites\/vincent-kompany-a-fait-leloge-de-la-baviere-belge-avec-sa-famille-sur-munich-oktoberfest\/\" \/>\n<meta property=\"og:locale\" content=\"fr_FR\" \/>\n<meta property=\"og:type\" content=\"article\" \/>\n<meta property=\"og:title\" content=\"Vincent Kompany a fait l&#039;\u00e9loge de la Bavi\u00e8re - Belge avec sa famille sur Munich Oktoberfest | Vie Associative\" \/>\n<meta property=\"og:description\" content=\"Vincent Kompany a c\u00e9l\u00e9br\u00e9 son d\u00e9but de saison historique avec sa famille au Munich Oktoberfest. Apr\u00e8s la dixi\u00e8me victoire cons\u00e9cutive avec le Bayern Munich, la\" \/>\n<meta property=\"og:url\" content=\"https:\/\/vieassociative.be\/actualites\/vincent-kompany-a-fait-leloge-de-la-baviere-belge-avec-sa-famille-sur-munich-oktoberfest\/\" \/>\n<meta property=\"og:site_name\" content=\"Vie Associative\" \/>\n<meta property=\"article:published_time\" content=\"2025-10-06T14:17:59+00:00\" \/>\n<meta property=\"og:image\" content=\"https:\/\/vieassociative.be\/actualites\/wp-content\/uploads\/2024\/09\/header_backgroundk-01-e1726694325946.png\" \/>\n\t<meta property=\"og:image:width\" content=\"279\" \/>\n\t<meta property=\"og:image:height\" content=\"92\" \/>\n\t<meta property=\"og:image:type\" content=\"image\/png\" \/>\n<meta name=\"author\" content=\"Julien\" \/>\n<meta name=\"twitter:card\" content=\"summary_large_image\" \/>\n<meta name=\"twitter:label1\" content=\"\u00c9crit par\" \/>\n\t<meta name=\"twitter:data1\" content=\"Julien\" \/>\n\t<meta name=\"twitter:label2\" content=\"Dur\u00e9e de lecture est.\" \/>\n\t<meta name=\"twitter:data2\" content=\"4 minutes\" \/>\n<script type=\"application\/ld+json\" class=\"yoast-schema-graph\">{\"@context\":\"https:\/\/schema.org\",\"@graph\":[{\"@type\":\"Article\",\"@id\":\"https:\/\/vieassociative.be\/actualites\/vincent-kompany-a-fait-leloge-de-la-baviere-belge-avec-sa-famille-sur-munich-oktoberfest\/#article\",\"isPartOf\":{\"@id\":\"https:\/\/vieassociative.be\/actualites\/vincent-kompany-a-fait-leloge-de-la-baviere-belge-avec-sa-famille-sur-munich-oktoberfest\/\"},\"author\":{\"name\":\"Julien\",\"@id\":\"https:\/\/vieassociative.be\/actualites\/#\/schema\/person\/b87ac4f82f9d4e7b7cec7395b679edc4\"},\"headline\":\"Vincent Kompany a fait l&rsquo;\u00e9loge de la Bavi\u00e8re &#8211; Belge avec sa famille sur Munich Oktoberfest\",\"datePublished\":\"2025-10-06T14:17:59+00:00\",\"dateModified\":\"2025-10-06T14:17:59+00:00\",\"mainEntityOfPage\":{\"@id\":\"https:\/\/vieassociative.be\/actualites\/vincent-kompany-a-fait-leloge-de-la-baviere-belge-avec-sa-famille-sur-munich-oktoberfest\/\"},\"wordCount\":796,\"publisher\":{\"@id\":\"https:\/\/vieassociative.be\/actualites\/#organization\"},\"image\":{\"@id\":\"https:\/\/vieassociative.be\/actualites\/vincent-kompany-a-fait-leloge-de-la-baviere-belge-avec-sa-famille-sur-munich-oktoberfest\/#primaryimage\"},\"thumbnailUrl\":\"https:\/\/vieassociative.be\/actualites\/wp-content\/uploads\/2025\/10\/1759760280_Vincent-Kompany-a-fait-leloge-de-la-Baviere-Belge.jpg\",\"keywords\":[\"avec\",\"Bavi\u00e8re\",\"belge\",\"fait\",\"famille\",\"Kompany\",\"l\u00e9loge\",\"Munich\",\"Oktoberfest\",\"sur\",\"Vincent\"],\"articleSection\":[\"Belgique\"],\"inLanguage\":\"fr-BE\"},{\"@type\":\"WebPage\",\"@id\":\"https:\/\/vieassociative.be\/actualites\/vincent-kompany-a-fait-leloge-de-la-baviere-belge-avec-sa-famille-sur-munich-oktoberfest\/\",\"url\":\"https:\/\/vieassociative.be\/actualites\/vincent-kompany-a-fait-leloge-de-la-baviere-belge-avec-sa-famille-sur-munich-oktoberfest\/\",\"name\":\"Vincent Kompany a fait l'\u00e9loge de la Bavi\u00e8re - Belge avec sa famille sur Munich Oktoberfest | Vie Associative\",\"isPartOf\":{\"@id\":\"https:\/\/vieassociative.be\/actualites\/#website\"},\"primaryImageOfPage\":{\"@id\":\"https:\/\/vieassociative.be\/actualites\/vincent-kompany-a-fait-leloge-de-la-baviere-belge-avec-sa-famille-sur-munich-oktoberfest\/#primaryimage\"},\"image\":{\"@id\":\"https:\/\/vieassociative.be\/actualites\/vincent-kompany-a-fait-leloge-de-la-baviere-belge-avec-sa-famille-sur-munich-oktoberfest\/#primaryimage\"},\"thumbnailUrl\":\"https:\/\/vieassociative.be\/actualites\/wp-content\/uploads\/2025\/10\/1759760280_Vincent-Kompany-a-fait-leloge-de-la-Baviere-Belge.jpg\",\"datePublished\":\"2025-10-06T14:17:59+00:00\",\"dateModified\":\"2025-10-06T14:17:59+00:00\",\"breadcrumb\":{\"@id\":\"https:\/\/vieassociative.be\/actualites\/vincent-kompany-a-fait-leloge-de-la-baviere-belge-avec-sa-famille-sur-munich-oktoberfest\/#breadcrumb\"},\"inLanguage\":\"fr-BE\",\"potentialAction\":[{\"@type\":\"ReadAction\",\"target\":[\"https:\/\/vieassociative.be\/actualites\/vincent-kompany-a-fait-leloge-de-la-baviere-belge-avec-sa-famille-sur-munich-oktoberfest\/\"]}]},{\"@type\":\"ImageObject\",\"inLanguage\":\"fr-BE\",\"@id\":\"https:\/\/vieassociative.be\/actualites\/vincent-kompany-a-fait-leloge-de-la-baviere-belge-avec-sa-famille-sur-munich-oktoberfest\/#primaryimage\",\"url\":\"https:\/\/vieassociative.be\/actualites\/wp-content\/uploads\/2025\/10\/1759760280_Vincent-Kompany-a-fait-leloge-de-la-Baviere-Belge.jpg\",\"contentUrl\":\"https:\/\/vieassociative.be\/actualites\/wp-content\/uploads\/2025\/10\/1759760280_Vincent-Kompany-a-fait-leloge-de-la-Baviere-Belge.jpg\",\"width\":1200,\"height\":951,\"caption\":\"Vincent Kompany a fait l'\u00e9loge de la Bavi\u00e8re - Belge avec sa famille sur Munich Oktoberfest\"},{\"@type\":\"BreadcrumbList\",\"@id\":\"https:\/\/vieassociative.be\/actualites\/vincent-kompany-a-fait-leloge-de-la-baviere-belge-avec-sa-famille-sur-munich-oktoberfest\/#breadcrumb\",\"itemListElement\":[{\"@type\":\"ListItem\",\"position\":1,\"name\":\"Accueil\",\"item\":\"https:\/\/vieassociative.be\/actualites\/\"},{\"@type\":\"ListItem\",\"position\":2,\"name\":\"Vincent Kompany a fait l&rsquo;\u00e9loge de la Bavi\u00e8re &#8211; Belge avec sa famille sur Munich Oktoberfest\"}]},{\"@type\":\"WebSite\",\"@id\":\"https:\/\/vieassociative.be\/actualites\/#website\",\"url\":\"https:\/\/vieassociative.be\/actualites\/\",\"name\":\"Vie Associative\",\"description\":\"\",\"publisher\":{\"@id\":\"https:\/\/vieassociative.be\/actualites\/#organization\"},\"potentialAction\":[{\"@type\":\"SearchAction\",\"target\":{\"@type\":\"EntryPoint\",\"urlTemplate\":\"https:\/\/vieassociative.be\/actualites\/?s={search_term_string}\"},\"query-input\":{\"@type\":\"PropertyValueSpecification\",\"valueRequired\":true,\"valueName\":\"search_term_string\"}}],\"inLanguage\":\"fr-BE\"},{\"@type\":\"Organization\",\"@id\":\"https:\/\/vieassociative.be\/actualites\/#organization\",\"name\":\"Vie Associative\",\"url\":\"https:\/\/vieassociative.be\/actualites\/\",\"logo\":{\"@type\":\"ImageObject\",\"inLanguage\":\"fr-BE\",\"@id\":\"https:\/\/vieassociative.be\/actualites\/#\/schema\/logo\/image\/\",\"url\":\"https:\/\/vieassociative.be\/actualites\/wp-content\/uploads\/2024\/09\/cropped-vieassociative_favicon.ico.png\",\"contentUrl\":\"https:\/\/vieassociative.be\/actualites\/wp-content\/uploads\/2024\/09\/cropped-vieassociative_favicon.ico.png\",\"width\":512,\"height\":512,\"caption\":\"Vie Associative\"},\"image\":{\"@id\":\"https:\/\/vieassociative.be\/actualites\/#\/schema\/logo\/image\/\"}},{\"@type\":\"Person\",\"@id\":\"https:\/\/vieassociative.be\/actualites\/#\/schema\/person\/b87ac4f82f9d4e7b7cec7395b679edc4\",\"name\":\"Julien\",\"image\":{\"@type\":\"ImageObject\",\"inLanguage\":\"fr-BE\",\"@id\":\"https:\/\/vieassociative.be\/actualites\/#\/schema\/person\/image\/\",\"url\":\"https:\/\/vieassociative.be\/actualites\/wp-content\/uploads\/2024\/09\/vie-associative-1-150x150.jpg\",\"contentUrl\":\"https:\/\/vieassociative.be\/actualites\/wp-content\/uploads\/2024\/09\/vie-associative-1-150x150.jpg\",\"caption\":\"Julien\"},\"description\":\"Je suis Julien, r\u00e9dacteur pour Vie Associative. Passionn\u00e9 par le monde associatif depuis plus de 10 ans, j'ai \u00e0 c\u0153ur de partager des histoires inspirantes et de mettre en lumi\u00e8re les initiatives locales. Mon objectif est de sensibiliser et d'encourager l'engagement communautaire \u00e0 travers mes articles.\",\"sameAs\":[\"https:\/\/vieassociative.be\/\"]}]}<\/script>\n<!-- \/ Yoast SEO plugin. -->","yoast_head_json":{"title":"Vincent Kompany a fait l'\u00e9loge de la Bavi\u00e8re - Belge avec sa famille sur Munich Oktoberfest | Vie Associative","robots":{"index":"index","follow":"follow","max-snippet":"max-snippet:-1","max-image-preview":"max-image-preview:large","max-video-preview":"max-video-preview:-1"},"canonical":"https:\/\/vieassociative.be\/actualites\/vincent-kompany-a-fait-leloge-de-la-baviere-belge-avec-sa-famille-sur-munich-oktoberfest\/","og_locale":"fr_FR","og_type":"article","og_title":"Vincent Kompany a fait l'\u00e9loge de la Bavi\u00e8re - Belge avec sa famille sur Munich Oktoberfest | Vie Associative","og_description":"Vincent Kompany a c\u00e9l\u00e9br\u00e9 son d\u00e9but de saison historique avec sa famille au Munich Oktoberfest. Apr\u00e8s la dixi\u00e8me victoire cons\u00e9cutive avec le Bayern Munich, la","og_url":"https:\/\/vieassociative.be\/actualites\/vincent-kompany-a-fait-leloge-de-la-baviere-belge-avec-sa-famille-sur-munich-oktoberfest\/","og_site_name":"Vie Associative","article_published_time":"2025-10-06T14:17:59+00:00","og_image":[{"width":279,"height":92,"url":"https:\/\/vieassociative.be\/actualites\/wp-content\/uploads\/2024\/09\/header_backgroundk-01-e1726694325946.png","type":"image\/png"}],"author":"Julien","twitter_card":"summary_large_image","twitter_misc":{"\u00c9crit par":"Julien","Dur\u00e9e de lecture est.":"4 minutes"},"schema":{"@context":"https:\/\/schema.org","@graph":[{"@type":"Article","@id":"https:\/\/vieassociative.be\/actualites\/vincent-kompany-a-fait-leloge-de-la-baviere-belge-avec-sa-famille-sur-munich-oktoberfest\/#article","isPartOf":{"@id":"https:\/\/vieassociative.be\/actualites\/vincent-kompany-a-fait-leloge-de-la-baviere-belge-avec-sa-famille-sur-munich-oktoberfest\/"},"author":{"name":"Julien","@id":"https:\/\/vieassociative.be\/actualites\/#\/schema\/person\/b87ac4f82f9d4e7b7cec7395b679edc4"},"headline":"Vincent Kompany a fait l&rsquo;\u00e9loge de la Bavi\u00e8re &#8211; Belge avec sa famille sur Munich Oktoberfest","datePublished":"2025-10-06T14:17:59+00:00","dateModified":"2025-10-06T14:17:59+00:00","mainEntityOfPage":{"@id":"https:\/\/vieassociative.be\/actualites\/vincent-kompany-a-fait-leloge-de-la-baviere-belge-avec-sa-famille-sur-munich-oktoberfest\/"},"wordCount":796,"publisher":{"@id":"https:\/\/vieassociative.be\/actualites\/#organization"},"image":{"@id":"https:\/\/vieassociative.be\/actualites\/vincent-kompany-a-fait-leloge-de-la-baviere-belge-avec-sa-famille-sur-munich-oktoberfest\/#primaryimage"},"thumbnailUrl":"https:\/\/vieassociative.be\/actualites\/wp-content\/uploads\/2025\/10\/1759760280_Vincent-Kompany-a-fait-leloge-de-la-Baviere-Belge.jpg","keywords":["avec","Bavi\u00e8re","belge","fait","famille","Kompany","l\u00e9loge","Munich","Oktoberfest","sur","Vincent"],"articleSection":["Belgique"],"inLanguage":"fr-BE"},{"@type":"WebPage","@id":"https:\/\/vieassociative.be\/actualites\/vincent-kompany-a-fait-leloge-de-la-baviere-belge-avec-sa-famille-sur-munich-oktoberfest\/","url":"https:\/\/vieassociative.be\/actualites\/vincent-kompany-a-fait-leloge-de-la-baviere-belge-avec-sa-famille-sur-munich-oktoberfest\/","name":"Vincent Kompany a fait l'\u00e9loge de la Bavi\u00e8re - Belge avec sa famille sur Munich Oktoberfest | Vie Associative","isPartOf":{"@id":"https:\/\/vieassociative.be\/actualites\/#website"},"primaryImageOfPage":{"@id":"https:\/\/vieassociative.be\/actualites\/vincent-kompany-a-fait-leloge-de-la-baviere-belge-avec-sa-famille-sur-munich-oktoberfest\/#primaryimage"},"image":{"@id":"https:\/\/vieassociative.be\/actualites\/vincent-kompany-a-fait-leloge-de-la-baviere-belge-avec-sa-famille-sur-munich-oktoberfest\/#primaryimage"},"thumbnailUrl":"https:\/\/vieassociative.be\/actualites\/wp-content\/uploads\/2025\/10\/1759760280_Vincent-Kompany-a-fait-leloge-de-la-Baviere-Belge.jpg","datePublished":"2025-10-06T14:17:59+00:00","dateModified":"2025-10-06T14:17:59+00:00","breadcrumb":{"@id":"https:\/\/vieassociative.be\/actualites\/vincent-kompany-a-fait-leloge-de-la-baviere-belge-avec-sa-famille-sur-munich-oktoberfest\/#breadcrumb"},"inLanguage":"fr-BE","potentialAction":[{"@type":"ReadAction","target":["https:\/\/vieassociative.be\/actualites\/vincent-kompany-a-fait-leloge-de-la-baviere-belge-avec-sa-famille-sur-munich-oktoberfest\/"]}]},{"@type":"ImageObject","inLanguage":"fr-BE","@id":"https:\/\/vieassociative.be\/actualites\/vincent-kompany-a-fait-leloge-de-la-baviere-belge-avec-sa-famille-sur-munich-oktoberfest\/#primaryimage","url":"https:\/\/vieassociative.be\/actualites\/wp-content\/uploads\/2025\/10\/1759760280_Vincent-Kompany-a-fait-leloge-de-la-Baviere-Belge.jpg","contentUrl":"https:\/\/vieassociative.be\/actualites\/wp-content\/uploads\/2025\/10\/1759760280_Vincent-Kompany-a-fait-leloge-de-la-Baviere-Belge.jpg","width":1200,"height":951,"caption":"Vincent Kompany a fait l'\u00e9loge de la Bavi\u00e8re - Belge avec sa famille sur Munich Oktoberfest"},{"@type":"BreadcrumbList","@id":"https:\/\/vieassociative.be\/actualites\/vincent-kompany-a-fait-leloge-de-la-baviere-belge-avec-sa-famille-sur-munich-oktoberfest\/#breadcrumb","itemListElement":[{"@type":"ListItem","position":1,"name":"Accueil","item":"https:\/\/vieassociative.be\/actualites\/"},{"@type":"ListItem","position":2,"name":"Vincent Kompany a fait l&rsquo;\u00e9loge de la Bavi\u00e8re &#8211; Belge avec sa famille sur Munich Oktoberfest"}]},{"@type":"WebSite","@id":"https:\/\/vieassociative.be\/actualites\/#website","url":"https:\/\/vieassociative.be\/actualites\/","name":"Vie Associative","description":"","publisher":{"@id":"https:\/\/vieassociative.be\/actualites\/#organization"},"potentialAction":[{"@type":"SearchAction","target":{"@type":"EntryPoint","urlTemplate":"https:\/\/vieassociative.be\/actualites\/?s={search_term_string}"},"query-input":{"@type":"PropertyValueSpecification","valueRequired":true,"valueName":"search_term_string"}}],"inLanguage":"fr-BE"},{"@type":"Organization","@id":"https:\/\/vieassociative.be\/actualites\/#organization","name":"Vie Associative","url":"https:\/\/vieassociative.be\/actualites\/","logo":{"@type":"ImageObject","inLanguage":"fr-BE","@id":"https:\/\/vieassociative.be\/actualites\/#\/schema\/logo\/image\/","url":"https:\/\/vieassociative.be\/actualites\/wp-content\/uploads\/2024\/09\/cropped-vieassociative_favicon.ico.png","contentUrl":"https:\/\/vieassociative.be\/actualites\/wp-content\/uploads\/2024\/09\/cropped-vieassociative_favicon.ico.png","width":512,"height":512,"caption":"Vie Associative"},"image":{"@id":"https:\/\/vieassociative.be\/actualites\/#\/schema\/logo\/image\/"}},{"@type":"Person","@id":"https:\/\/vieassociative.be\/actualites\/#\/schema\/person\/b87ac4f82f9d4e7b7cec7395b679edc4","name":"Julien","image":{"@type":"ImageObject","inLanguage":"fr-BE","@id":"https:\/\/vieassociative.be\/actualites\/#\/schema\/person\/image\/","url":"https:\/\/vieassociative.be\/actualites\/wp-content\/uploads\/2024\/09\/vie-associative-1-150x150.jpg","contentUrl":"https:\/\/vieassociative.be\/actualites\/wp-content\/uploads\/2024\/09\/vie-associative-1-150x150.jpg","caption":"Julien"},"description":"Je suis Julien, r\u00e9dacteur pour Vie Associative. Passionn\u00e9 par le monde associatif depuis plus de 10 ans, j'ai \u00e0 c\u0153ur de partager des histoires inspirantes et de mettre en lumi\u00e8re les initiatives locales. Mon objectif est de sensibiliser et d'encourager l'engagement communautaire \u00e0 travers mes articles.","sameAs":["https:\/\/vieassociative.be\/"]}]}},"_links":{"self":[{"href":"https:\/\/vieassociative.be\/actualites\/wp-json\/wp\/v2\/posts\/10479"}],"collection":[{"href":"https:\/\/vieassociative.be\/actualites\/wp-json\/wp\/v2\/posts"}],"about":[{"href":"https:\/\/vieassociative.be\/actualites\/wp-json\/wp\/v2\/types\/post"}],"author":[{"embeddable":true,"href":"https:\/\/vieassociative.be\/actualites\/wp-json\/wp\/v2\/users\/1"}],"replies":[{"embeddable":true,"href":"https:\/\/vieassociative.be\/actualites\/wp-json\/wp\/v2\/comments?post=10479"}],"version-history":[{"count":0,"href":"https:\/\/vieassociative.be\/actualites\/wp-json\/wp\/v2\/posts\/10479\/revisions"}],"wp:featuredmedia":[{"embeddable":true,"href":"https:\/\/vieassociative.be\/actualites\/wp-json\/wp\/v2\/media\/10480"}],"wp:attachment":[{"href":"https:\/\/vieassociative.be\/actualites\/wp-json\/wp\/v2\/media?parent=10479"}],"wp:term":[{"taxonomy":"category","embeddable":true,"href":"https:\/\/vieassociative.be\/actualites\/wp-json\/wp\/v2\/categories?post=10479"},{"taxonomy":"post_tag","embeddable":true,"href":"https:\/\/vieassociative.be\/actualites\/wp-json\/wp\/v2\/tags?post=10479"}],"curies":[{"name":"wp","href":"https:\/\/api.w.org\/{rel}","templated":true}]}}