{"id":10476,"date":"2025-10-06T09:18:07","date_gmt":"2025-10-06T07:18:07","guid":{"rendered":"https:\/\/vieassociative.be\/actualites\/ce-televiseur-hissense-de-55-pouces-populaire-est-de-45-de-reduction-avant-le-jour-de-premier-ordre-2\/"},"modified":"2025-10-06T09:18:07","modified_gmt":"2025-10-06T07:18:07","slug":"ce-televiseur-hissense-de-55-pouces-populaire-est-de-45-de-reduction-avant-le-jour-de-premier-ordre-2","status":"publish","type":"post","link":"https:\/\/vieassociative.be\/actualites\/ce-televiseur-hissense-de-55-pouces-populaire-est-de-45-de-reduction-avant-le-jour-de-premier-ordre-2\/","title":{"rendered":"Ce t\u00e9l\u00e9viseur Hissense de 55 pouces populaire est de 45% de r\u00e9duction avant le jour de premier ordre"},"content":{"rendered":"<div class=\"mt-4 leading-6 md:mb-8\">Il a des visuels 4K, une excellente qualit\u00e9 d&rsquo;image et un taux de rafra\u00eechissement de 144 Hz.<\/div>\n<p><\/p>\n<p><em>Saviez-vous que vous pouvez personnaliser Google pour filtrer les ordures? Prendre ces \u00e9tapes<\/em><em> Pour de meilleurs r\u00e9sultats de recherche, notamment l&rsquo;ajout de Vie Associative comme source pr\u00e9f\u00e9r\u00e9e pour les nouvelles technologiques<\/em><em>.<\/em><\/p>\n<hr>\n<p>Avec<strong> <\/strong>Les premi\u00e8res offres de premier jour sont en ligne, c&rsquo;est le moment id\u00e9al pour commencer \u00e0 acheter de nouveaux \u00e9l\u00e9ments essentiels comme les t\u00e9l\u00e9viseurs, les \u00e9couteurs et les haut-parleurs. Si vous \u00eates un joueur ou un fanatique de films et de t\u00e9l\u00e9vision sur le march\u00e9 pour un nouvel \u00e9cran, le TV QLED de 55 pouces Hisense U65QF 2025<strong> je<\/strong>S actuellement 42% sur Amazon, le ramenant \u00e0 moins de 500 $.<\/p>\n<div class=\"pogoClear mb-12 mt-10 rounded-md border-2 border-gray-100 py-7 shadow-xl md:py-6\">\n<div class=\"flex flex-wrap justify-between px-7 text-black no-underline md:flex-nowrap md:px-8\">\n<div class=\"order-1 mx-auto flex flex-col justify-center md:order-2 md:ml-4 md:w-full md:grow\">\n<div class=\"block cursor-pointer text-center font-akshar text-2xl font-medium leading-7 text-brand-green duration-200 ease-in-out hover:text-brand-green-700 md:text-left md:text-xl md:leading-6\">2025 HISENSE U65QF TV QLED 55 pouces\n                <\/div>\n<div class=\"mt-4 hidden md:flex md:justify-between\">\n<div class=\"self-end\">\n<div class=\"mb-0 h-11 md:flex md:flex-col md:justify-center\">\n<div class=\" font-sans leading-4 text-black\">\n<div class=\"flex flex-wrap items-center justify-center gap-1 md:justify-start\">\n        <span class=\"font-bold\"><\/p>\n<p>            467,99 $<br \/>\n                            <span class=\"font-medium\">\u00e0 Amazon<\/span><br \/>\n                    <\/span>\n            <\/div>\n<div class=\"flex items-center justify-center gap-x-1 font-bold md:justify-start\">\n            <span class=\"text-sm line-through\">799,99 $<\/span><br \/>\n            <span class=\"text-sm text-brand-green\">\u00c9conomisez 332,00 $<\/span>\n        <\/div>\n<\/p><\/div>\n<\/p><\/div>\n<\/p><\/div>\n<div class=\"w-44 self-end\">\n                            <button class=\"flex justify-center items-center w-full bg-brand-green text-white text-base font-sans font-medium rounded-md hover:bg-brand-green-700 hover:cursor-pointer md:text-sm h-11\"><\/p>\n<p>    Conclure un accord<br \/>\n<\/button>\n                        <\/div>\n<\/p><\/div>\n<\/p><\/div>\n<div class=\"order-2 mt-5 h-auto w-full md:order-1 md:mt-0 md:hidden\">\n<div class=\"flex aspect-video items-center justify-center\">\n                                            <img decoding=\"async\" class=\"m-0 max-h-full max-w-full rounded-md\" src=\"https:\/\/vieassociative.be\/actualites\/wp-content\/uploads\/2025\/10\/1759735087_414_Ce-televiseur-Hissense-de-55-pouces-populaire-est-de-45.jpg\" alt=\"Hissense U65QF TV QLED 55 pouces\" width=\"auto\" height=\"auto\" loading=\"lazy\">\n                                    <\/div>\n<\/p><\/div>\n<div class=\"order-2 ml-2 hidden w-32 shrink-0 items-center md:order-1 md:ml-0 md:flex\">\n<div class=\"flex aspect-video items-center justify-center\">\n                                            <img decoding=\"async\" class=\"m-0 max-h-full max-w-full rounded-md\" src=\"https:\/\/vieassociative.be\/actualites\/wp-content\/uploads\/2025\/10\/1759735087_414_Ce-televiseur-Hissense-de-55-pouces-populaire-est-de-45.jpg\" alt=\"Hissense U65QF TV QLED 55 pouces\" width=\"auto\" height=\"auto\" loading=\"lazy\">\n                                    <\/div>\n<\/p><\/div>\n<div class=\"order-3 flex grow flex-wrap md:hidden md:grow-0\">\n<div class=\"mt-4 w-full\">\n                        <button class=\"flex justify-center items-center w-full bg-brand-green text-white text-base font-sans font-medium rounded-md hover:bg-brand-green-700 hover:cursor-pointer md:text-sm h-11\"><\/p>\n<p>    Conclure un accord<br \/>\n<\/button>\n                    <\/div>\n<div class=\"mx-2 mt-4 w-full\">\n<div class=\" font-sans leading-4 text-black\">\n<div class=\"flex flex-wrap items-center justify-center gap-1 md:justify-start\">\n        <span class=\"font-bold\"><\/p>\n<p>            467,99 $<br \/>\n                            <span class=\"font-medium\">\u00e0 Amazon<\/span><br \/>\n                    <\/span>\n            <\/div>\n<div class=\"flex items-center justify-center gap-x-1 font-bold md:justify-start\">\n            <span class=\"text-sm line-through\">799,99 $<\/span><br \/>\n            <span class=\"text-sm text-brand-green\">\u00c9conomisez 332,00 $<\/span>\n        <\/div>\n<\/p><\/div>\n<\/p><\/div>\n<\/p><\/div>\n<\/p><\/div>\n<\/div>\n<p>Selon cette revue PCMAG, la Hisense U65QF QLED se distingue par sa qualit\u00e9 d&rsquo;image lumineuse, bien \u00e9quilibr\u00e9e et color\u00e9e. Il a une r\u00e9solution 4K, un rapport d&rsquo;aspect 16: 9 et 1 024 nits de luminosit\u00e9, ce qui en fait l&rsquo;un des t\u00e9l\u00e9viseurs les plus abordables \u00e0 d\u00e9passer 1 000 nits. Son mini-lumi\u00e8re LED s&rsquo;adapte \u00e0 diff\u00e9rentes conditions d&rsquo;\u00e9clairage et aide l&rsquo;\u00e9cran \u00e0 atteindre les noirs noirs, comme la revue mentionne, mais il peut encore y avoir une floraison l\u00e9g\u00e8re autour des bords \u00e0 contraste \u00e9lev\u00e9. Les performances de Dolby Vision et la pr\u00e9cision des couleurs sont impressionnantes pour un t\u00e9l\u00e9viseur \u00e0 petit budget \u00e0 ce prix (comme le visionnement en angle), bien que certains verts puissent sembler l\u00e9g\u00e8rement sursatur\u00e9s.<\/p>\n<p>Les joueurs appr\u00e9cieront le taux de rafra\u00eechissement natif de 144Hz, HDMI 2.1 et AMD Freesync Premium Pro. Le testeur PCMAG note les performances r\u00e9actives, avec un d\u00e9calage d&rsquo;entr\u00e9e en mode de jeu \u00e0 13,1 millisecondes avec un signal 4K60 et 4,6 millisecondes avec un signal 1080p120. Le support Dolby Atmos et un subwoofer int\u00e9gr\u00e9 ajoutent \u00e0 l&rsquo;exp\u00e9rience immersive. Bien qu&rsquo;il n&rsquo;y ait pas de contr\u00f4le vocal mains libres sur ce mod\u00e8le, il a Alexa et Amazon Fire TV int\u00e9gr\u00e9, avec acc\u00e8s \u00e0 tous les principaux services de streaming.<\/p>\n<p>En fin de compte, si vous \u00eates sur le march\u00e9 pour un mini-t\u00e9l\u00e9viseur intelligent en mini-LED avec une valeur exceptionnelle pour les \u00e9missions de jeu ou de visualisation, les sports et les \u00e9missions de t\u00e9l\u00e9vision, la t\u00e9l\u00e9vision QLED HIENSEN U65QF 55 pouces<strong> <\/strong>proposer<strong> <\/strong>De superbes visuels 4K, une pr\u00e9cision de couleur QLED, un taux de rafra\u00eechissement lisse et d&rsquo;autres attributs qui en font un excellent choix de milieu de gamme pour tous ceux qui souhaitent des fonctionnalit\u00e9s de niveau sup\u00e9rieur sans d\u00e9penser plus de 500 $.<\/p>\n","protected":false},"excerpt":{"rendered":"<p>Il a des visuels 4K, une excellente qualit\u00e9 d&rsquo;image et un taux de rafra\u00eechissement de 144 Hz. Saviez-vous que vous pouvez personnaliser Google pour filtrer<\/p>\n","protected":false},"author":1,"featured_media":10441,"comment_status":"","ping_status":"","sticky":false,"template":"","format":"standard","meta":{"footnotes":""},"categories":[13],"tags":[142,76,7839,53,7703,4115,1980,443,308,1978],"class_list":["post-10476","post","type-post","status-publish","format-standard","has-post-thumbnail","hentry","category-technologie","tag-avant","tag-est","tag-hissense","tag-jour","tag-ordre","tag-populaire","tag-pouces","tag-premier","tag-reduction","tag-televiseur","generate-columns","tablet-grid-50","mobile-grid-100","grid-parent","grid-33"],"yoast_head":"<!-- This site is optimized with the Yoast SEO plugin v24.0 - https:\/\/yoast.com\/wordpress\/plugins\/seo\/ -->\n<title>Ce t\u00e9l\u00e9viseur Hissense de 55 pouces populaire est de 45% de r\u00e9duction avant le jour de premier ordre | Vie Associative<\/title>\n<meta name=\"robots\" content=\"index, follow, max-snippet:-1, max-image-preview:large, max-video-preview:-1\" \/>\n<link rel=\"canonical\" href=\"https:\/\/vieassociative.be\/actualites\/ce-televiseur-hissense-de-55-pouces-populaire-est-de-45-de-reduction-avant-le-jour-de-premier-ordre-2\/\" \/>\n<meta property=\"og:locale\" content=\"fr_FR\" \/>\n<meta property=\"og:type\" content=\"article\" \/>\n<meta property=\"og:title\" content=\"Ce t\u00e9l\u00e9viseur Hissense de 55 pouces populaire est de 45% de r\u00e9duction avant le jour de premier ordre | Vie Associative\" \/>\n<meta property=\"og:description\" content=\"Il a des visuels 4K, une excellente qualit\u00e9 d&rsquo;image et un taux de rafra\u00eechissement de 144 Hz. Saviez-vous que vous pouvez personnaliser Google pour filtrer\" \/>\n<meta property=\"og:url\" content=\"https:\/\/vieassociative.be\/actualites\/ce-televiseur-hissense-de-55-pouces-populaire-est-de-45-de-reduction-avant-le-jour-de-premier-ordre-2\/\" \/>\n<meta property=\"og:site_name\" content=\"Vie Associative\" \/>\n<meta property=\"article:published_time\" content=\"2025-10-06T07:18:07+00:00\" \/>\n<meta property=\"og:image\" content=\"https:\/\/vieassociative.be\/actualites\/wp-content\/uploads\/2025\/10\/1759735087_414_Ce-televiseur-Hissense-de-55-pouces-populaire-est-de-45.jpg\" \/>\n<meta name=\"author\" content=\"Julien\" \/>\n<meta name=\"twitter:card\" content=\"summary_large_image\" \/>\n<meta name=\"twitter:label1\" content=\"\u00c9crit par\" \/>\n\t<meta name=\"twitter:data1\" content=\"Julien\" \/>\n\t<meta name=\"twitter:label2\" content=\"Dur\u00e9e de lecture est.\" \/>\n\t<meta name=\"twitter:data2\" content=\"2 minutes\" \/>\n<script type=\"application\/ld+json\" class=\"yoast-schema-graph\">{\"@context\":\"https:\/\/schema.org\",\"@graph\":[{\"@type\":\"Article\",\"@id\":\"https:\/\/vieassociative.be\/actualites\/ce-televiseur-hissense-de-55-pouces-populaire-est-de-45-de-reduction-avant-le-jour-de-premier-ordre-2\/#article\",\"isPartOf\":{\"@id\":\"https:\/\/vieassociative.be\/actualites\/ce-televiseur-hissense-de-55-pouces-populaire-est-de-45-de-reduction-avant-le-jour-de-premier-ordre-2\/\"},\"author\":{\"name\":\"Julien\",\"@id\":\"https:\/\/vieassociative.be\/actualites\/#\/schema\/person\/b87ac4f82f9d4e7b7cec7395b679edc4\"},\"headline\":\"Ce t\u00e9l\u00e9viseur Hissense de 55 pouces populaire est de 45% de r\u00e9duction avant le jour de premier ordre\",\"datePublished\":\"2025-10-06T07:18:07+00:00\",\"dateModified\":\"2025-10-06T07:18:07+00:00\",\"mainEntityOfPage\":{\"@id\":\"https:\/\/vieassociative.be\/actualites\/ce-televiseur-hissense-de-55-pouces-populaire-est-de-45-de-reduction-avant-le-jour-de-premier-ordre-2\/\"},\"wordCount\":485,\"publisher\":{\"@id\":\"https:\/\/vieassociative.be\/actualites\/#organization\"},\"image\":{\"@id\":\"https:\/\/vieassociative.be\/actualites\/ce-televiseur-hissense-de-55-pouces-populaire-est-de-45-de-reduction-avant-le-jour-de-premier-ordre-2\/#primaryimage\"},\"thumbnailUrl\":\"https:\/\/vieassociative.be\/actualites\/wp-content\/uploads\/2025\/10\/Ce-televiseur-Hissense-de-55-pouces-populaire-est-de-45.png\",\"keywords\":[\"avant\",\"est\",\"Hissense\",\"jour\",\"ordre\",\"populaire\",\"pouces\",\"premier\",\"r\u00e9duction\",\"t\u00e9l\u00e9viseur\"],\"articleSection\":[\"Technologie\"],\"inLanguage\":\"fr-BE\"},{\"@type\":\"WebPage\",\"@id\":\"https:\/\/vieassociative.be\/actualites\/ce-televiseur-hissense-de-55-pouces-populaire-est-de-45-de-reduction-avant-le-jour-de-premier-ordre-2\/\",\"url\":\"https:\/\/vieassociative.be\/actualites\/ce-televiseur-hissense-de-55-pouces-populaire-est-de-45-de-reduction-avant-le-jour-de-premier-ordre-2\/\",\"name\":\"Ce t\u00e9l\u00e9viseur Hissense de 55 pouces populaire est de 45% de r\u00e9duction avant le jour de premier ordre | Vie Associative\",\"isPartOf\":{\"@id\":\"https:\/\/vieassociative.be\/actualites\/#website\"},\"primaryImageOfPage\":{\"@id\":\"https:\/\/vieassociative.be\/actualites\/ce-televiseur-hissense-de-55-pouces-populaire-est-de-45-de-reduction-avant-le-jour-de-premier-ordre-2\/#primaryimage\"},\"image\":{\"@id\":\"https:\/\/vieassociative.be\/actualites\/ce-televiseur-hissense-de-55-pouces-populaire-est-de-45-de-reduction-avant-le-jour-de-premier-ordre-2\/#primaryimage\"},\"thumbnailUrl\":\"https:\/\/vieassociative.be\/actualites\/wp-content\/uploads\/2025\/10\/Ce-televiseur-Hissense-de-55-pouces-populaire-est-de-45.png\",\"datePublished\":\"2025-10-06T07:18:07+00:00\",\"dateModified\":\"2025-10-06T07:18:07+00:00\",\"breadcrumb\":{\"@id\":\"https:\/\/vieassociative.be\/actualites\/ce-televiseur-hissense-de-55-pouces-populaire-est-de-45-de-reduction-avant-le-jour-de-premier-ordre-2\/#breadcrumb\"},\"inLanguage\":\"fr-BE\",\"potentialAction\":[{\"@type\":\"ReadAction\",\"target\":[\"https:\/\/vieassociative.be\/actualites\/ce-televiseur-hissense-de-55-pouces-populaire-est-de-45-de-reduction-avant-le-jour-de-premier-ordre-2\/\"]}]},{\"@type\":\"ImageObject\",\"inLanguage\":\"fr-BE\",\"@id\":\"https:\/\/vieassociative.be\/actualites\/ce-televiseur-hissense-de-55-pouces-populaire-est-de-45-de-reduction-avant-le-jour-de-premier-ordre-2\/#primaryimage\",\"url\":\"https:\/\/vieassociative.be\/actualites\/wp-content\/uploads\/2025\/10\/Ce-televiseur-Hissense-de-55-pouces-populaire-est-de-45.png\",\"contentUrl\":\"https:\/\/vieassociative.be\/actualites\/wp-content\/uploads\/2025\/10\/Ce-televiseur-Hissense-de-55-pouces-populaire-est-de-45.png\",\"width\":1200,\"height\":675,\"caption\":\"Ce t\u00e9l\u00e9viseur Hissense de 55 pouces populaire est de 45% de r\u00e9duction avant le jour de premier ordre\"},{\"@type\":\"BreadcrumbList\",\"@id\":\"https:\/\/vieassociative.be\/actualites\/ce-televiseur-hissense-de-55-pouces-populaire-est-de-45-de-reduction-avant-le-jour-de-premier-ordre-2\/#breadcrumb\",\"itemListElement\":[{\"@type\":\"ListItem\",\"position\":1,\"name\":\"Accueil\",\"item\":\"https:\/\/vieassociative.be\/actualites\/\"},{\"@type\":\"ListItem\",\"position\":2,\"name\":\"Ce t\u00e9l\u00e9viseur Hissense de 55 pouces populaire est de 45% de r\u00e9duction avant le jour de premier ordre\"}]},{\"@type\":\"WebSite\",\"@id\":\"https:\/\/vieassociative.be\/actualites\/#website\",\"url\":\"https:\/\/vieassociative.be\/actualites\/\",\"name\":\"Vie Associative\",\"description\":\"\",\"publisher\":{\"@id\":\"https:\/\/vieassociative.be\/actualites\/#organization\"},\"potentialAction\":[{\"@type\":\"SearchAction\",\"target\":{\"@type\":\"EntryPoint\",\"urlTemplate\":\"https:\/\/vieassociative.be\/actualites\/?s={search_term_string}\"},\"query-input\":{\"@type\":\"PropertyValueSpecification\",\"valueRequired\":true,\"valueName\":\"search_term_string\"}}],\"inLanguage\":\"fr-BE\"},{\"@type\":\"Organization\",\"@id\":\"https:\/\/vieassociative.be\/actualites\/#organization\",\"name\":\"Vie Associative\",\"url\":\"https:\/\/vieassociative.be\/actualites\/\",\"logo\":{\"@type\":\"ImageObject\",\"inLanguage\":\"fr-BE\",\"@id\":\"https:\/\/vieassociative.be\/actualites\/#\/schema\/logo\/image\/\",\"url\":\"https:\/\/vieassociative.be\/actualites\/wp-content\/uploads\/2024\/09\/cropped-vieassociative_favicon.ico.png\",\"contentUrl\":\"https:\/\/vieassociative.be\/actualites\/wp-content\/uploads\/2024\/09\/cropped-vieassociative_favicon.ico.png\",\"width\":512,\"height\":512,\"caption\":\"Vie Associative\"},\"image\":{\"@id\":\"https:\/\/vieassociative.be\/actualites\/#\/schema\/logo\/image\/\"}},{\"@type\":\"Person\",\"@id\":\"https:\/\/vieassociative.be\/actualites\/#\/schema\/person\/b87ac4f82f9d4e7b7cec7395b679edc4\",\"name\":\"Julien\",\"image\":{\"@type\":\"ImageObject\",\"inLanguage\":\"fr-BE\",\"@id\":\"https:\/\/vieassociative.be\/actualites\/#\/schema\/person\/image\/\",\"url\":\"https:\/\/vieassociative.be\/actualites\/wp-content\/uploads\/2024\/09\/vie-associative-1-150x150.jpg\",\"contentUrl\":\"https:\/\/vieassociative.be\/actualites\/wp-content\/uploads\/2024\/09\/vie-associative-1-150x150.jpg\",\"caption\":\"Julien\"},\"description\":\"Je suis Julien, r\u00e9dacteur pour Vie Associative. Passionn\u00e9 par le monde associatif depuis plus de 10 ans, j'ai \u00e0 c\u0153ur de partager des histoires inspirantes et de mettre en lumi\u00e8re les initiatives locales. Mon objectif est de sensibiliser et d'encourager l'engagement communautaire \u00e0 travers mes articles.\",\"sameAs\":[\"https:\/\/vieassociative.be\/\"]}]}<\/script>\n<!-- \/ Yoast SEO plugin. -->","yoast_head_json":{"title":"Ce t\u00e9l\u00e9viseur Hissense de 55 pouces populaire est de 45% de r\u00e9duction avant le jour de premier ordre | Vie Associative","robots":{"index":"index","follow":"follow","max-snippet":"max-snippet:-1","max-image-preview":"max-image-preview:large","max-video-preview":"max-video-preview:-1"},"canonical":"https:\/\/vieassociative.be\/actualites\/ce-televiseur-hissense-de-55-pouces-populaire-est-de-45-de-reduction-avant-le-jour-de-premier-ordre-2\/","og_locale":"fr_FR","og_type":"article","og_title":"Ce t\u00e9l\u00e9viseur Hissense de 55 pouces populaire est de 45% de r\u00e9duction avant le jour de premier ordre | Vie Associative","og_description":"Il a des visuels 4K, une excellente qualit\u00e9 d&rsquo;image et un taux de rafra\u00eechissement de 144 Hz. Saviez-vous que vous pouvez personnaliser Google pour filtrer","og_url":"https:\/\/vieassociative.be\/actualites\/ce-televiseur-hissense-de-55-pouces-populaire-est-de-45-de-reduction-avant-le-jour-de-premier-ordre-2\/","og_site_name":"Vie Associative","article_published_time":"2025-10-06T07:18:07+00:00","og_image":[{"url":"https:\/\/vieassociative.be\/actualites\/wp-content\/uploads\/2025\/10\/1759735087_414_Ce-televiseur-Hissense-de-55-pouces-populaire-est-de-45.jpg","type":"","width":"","height":""}],"author":"Julien","twitter_card":"summary_large_image","twitter_misc":{"\u00c9crit par":"Julien","Dur\u00e9e de lecture est.":"2 minutes"},"schema":{"@context":"https:\/\/schema.org","@graph":[{"@type":"Article","@id":"https:\/\/vieassociative.be\/actualites\/ce-televiseur-hissense-de-55-pouces-populaire-est-de-45-de-reduction-avant-le-jour-de-premier-ordre-2\/#article","isPartOf":{"@id":"https:\/\/vieassociative.be\/actualites\/ce-televiseur-hissense-de-55-pouces-populaire-est-de-45-de-reduction-avant-le-jour-de-premier-ordre-2\/"},"author":{"name":"Julien","@id":"https:\/\/vieassociative.be\/actualites\/#\/schema\/person\/b87ac4f82f9d4e7b7cec7395b679edc4"},"headline":"Ce t\u00e9l\u00e9viseur Hissense de 55 pouces populaire est de 45% de r\u00e9duction avant le jour de premier ordre","datePublished":"2025-10-06T07:18:07+00:00","dateModified":"2025-10-06T07:18:07+00:00","mainEntityOfPage":{"@id":"https:\/\/vieassociative.be\/actualites\/ce-televiseur-hissense-de-55-pouces-populaire-est-de-45-de-reduction-avant-le-jour-de-premier-ordre-2\/"},"wordCount":485,"publisher":{"@id":"https:\/\/vieassociative.be\/actualites\/#organization"},"image":{"@id":"https:\/\/vieassociative.be\/actualites\/ce-televiseur-hissense-de-55-pouces-populaire-est-de-45-de-reduction-avant-le-jour-de-premier-ordre-2\/#primaryimage"},"thumbnailUrl":"https:\/\/vieassociative.be\/actualites\/wp-content\/uploads\/2025\/10\/Ce-televiseur-Hissense-de-55-pouces-populaire-est-de-45.png","keywords":["avant","est","Hissense","jour","ordre","populaire","pouces","premier","r\u00e9duction","t\u00e9l\u00e9viseur"],"articleSection":["Technologie"],"inLanguage":"fr-BE"},{"@type":"WebPage","@id":"https:\/\/vieassociative.be\/actualites\/ce-televiseur-hissense-de-55-pouces-populaire-est-de-45-de-reduction-avant-le-jour-de-premier-ordre-2\/","url":"https:\/\/vieassociative.be\/actualites\/ce-televiseur-hissense-de-55-pouces-populaire-est-de-45-de-reduction-avant-le-jour-de-premier-ordre-2\/","name":"Ce t\u00e9l\u00e9viseur Hissense de 55 pouces populaire est de 45% de r\u00e9duction avant le jour de premier ordre | Vie Associative","isPartOf":{"@id":"https:\/\/vieassociative.be\/actualites\/#website"},"primaryImageOfPage":{"@id":"https:\/\/vieassociative.be\/actualites\/ce-televiseur-hissense-de-55-pouces-populaire-est-de-45-de-reduction-avant-le-jour-de-premier-ordre-2\/#primaryimage"},"image":{"@id":"https:\/\/vieassociative.be\/actualites\/ce-televiseur-hissense-de-55-pouces-populaire-est-de-45-de-reduction-avant-le-jour-de-premier-ordre-2\/#primaryimage"},"thumbnailUrl":"https:\/\/vieassociative.be\/actualites\/wp-content\/uploads\/2025\/10\/Ce-televiseur-Hissense-de-55-pouces-populaire-est-de-45.png","datePublished":"2025-10-06T07:18:07+00:00","dateModified":"2025-10-06T07:18:07+00:00","breadcrumb":{"@id":"https:\/\/vieassociative.be\/actualites\/ce-televiseur-hissense-de-55-pouces-populaire-est-de-45-de-reduction-avant-le-jour-de-premier-ordre-2\/#breadcrumb"},"inLanguage":"fr-BE","potentialAction":[{"@type":"ReadAction","target":["https:\/\/vieassociative.be\/actualites\/ce-televiseur-hissense-de-55-pouces-populaire-est-de-45-de-reduction-avant-le-jour-de-premier-ordre-2\/"]}]},{"@type":"ImageObject","inLanguage":"fr-BE","@id":"https:\/\/vieassociative.be\/actualites\/ce-televiseur-hissense-de-55-pouces-populaire-est-de-45-de-reduction-avant-le-jour-de-premier-ordre-2\/#primaryimage","url":"https:\/\/vieassociative.be\/actualites\/wp-content\/uploads\/2025\/10\/Ce-televiseur-Hissense-de-55-pouces-populaire-est-de-45.png","contentUrl":"https:\/\/vieassociative.be\/actualites\/wp-content\/uploads\/2025\/10\/Ce-televiseur-Hissense-de-55-pouces-populaire-est-de-45.png","width":1200,"height":675,"caption":"Ce t\u00e9l\u00e9viseur Hissense de 55 pouces populaire est de 45% de r\u00e9duction avant le jour de premier ordre"},{"@type":"BreadcrumbList","@id":"https:\/\/vieassociative.be\/actualites\/ce-televiseur-hissense-de-55-pouces-populaire-est-de-45-de-reduction-avant-le-jour-de-premier-ordre-2\/#breadcrumb","itemListElement":[{"@type":"ListItem","position":1,"name":"Accueil","item":"https:\/\/vieassociative.be\/actualites\/"},{"@type":"ListItem","position":2,"name":"Ce t\u00e9l\u00e9viseur Hissense de 55 pouces populaire est de 45% de r\u00e9duction avant le jour de premier ordre"}]},{"@type":"WebSite","@id":"https:\/\/vieassociative.be\/actualites\/#website","url":"https:\/\/vieassociative.be\/actualites\/","name":"Vie Associative","description":"","publisher":{"@id":"https:\/\/vieassociative.be\/actualites\/#organization"},"potentialAction":[{"@type":"SearchAction","target":{"@type":"EntryPoint","urlTemplate":"https:\/\/vieassociative.be\/actualites\/?s={search_term_string}"},"query-input":{"@type":"PropertyValueSpecification","valueRequired":true,"valueName":"search_term_string"}}],"inLanguage":"fr-BE"},{"@type":"Organization","@id":"https:\/\/vieassociative.be\/actualites\/#organization","name":"Vie Associative","url":"https:\/\/vieassociative.be\/actualites\/","logo":{"@type":"ImageObject","inLanguage":"fr-BE","@id":"https:\/\/vieassociative.be\/actualites\/#\/schema\/logo\/image\/","url":"https:\/\/vieassociative.be\/actualites\/wp-content\/uploads\/2024\/09\/cropped-vieassociative_favicon.ico.png","contentUrl":"https:\/\/vieassociative.be\/actualites\/wp-content\/uploads\/2024\/09\/cropped-vieassociative_favicon.ico.png","width":512,"height":512,"caption":"Vie Associative"},"image":{"@id":"https:\/\/vieassociative.be\/actualites\/#\/schema\/logo\/image\/"}},{"@type":"Person","@id":"https:\/\/vieassociative.be\/actualites\/#\/schema\/person\/b87ac4f82f9d4e7b7cec7395b679edc4","name":"Julien","image":{"@type":"ImageObject","inLanguage":"fr-BE","@id":"https:\/\/vieassociative.be\/actualites\/#\/schema\/person\/image\/","url":"https:\/\/vieassociative.be\/actualites\/wp-content\/uploads\/2024\/09\/vie-associative-1-150x150.jpg","contentUrl":"https:\/\/vieassociative.be\/actualites\/wp-content\/uploads\/2024\/09\/vie-associative-1-150x150.jpg","caption":"Julien"},"description":"Je suis Julien, r\u00e9dacteur pour Vie Associative. Passionn\u00e9 par le monde associatif depuis plus de 10 ans, j'ai \u00e0 c\u0153ur de partager des histoires inspirantes et de mettre en lumi\u00e8re les initiatives locales. Mon objectif est de sensibiliser et d'encourager l'engagement communautaire \u00e0 travers mes articles.","sameAs":["https:\/\/vieassociative.be\/"]}]}},"_links":{"self":[{"href":"https:\/\/vieassociative.be\/actualites\/wp-json\/wp\/v2\/posts\/10476"}],"collection":[{"href":"https:\/\/vieassociative.be\/actualites\/wp-json\/wp\/v2\/posts"}],"about":[{"href":"https:\/\/vieassociative.be\/actualites\/wp-json\/wp\/v2\/types\/post"}],"author":[{"embeddable":true,"href":"https:\/\/vieassociative.be\/actualites\/wp-json\/wp\/v2\/users\/1"}],"replies":[{"embeddable":true,"href":"https:\/\/vieassociative.be\/actualites\/wp-json\/wp\/v2\/comments?post=10476"}],"version-history":[{"count":0,"href":"https:\/\/vieassociative.be\/actualites\/wp-json\/wp\/v2\/posts\/10476\/revisions"}],"wp:featuredmedia":[{"embeddable":true,"href":"https:\/\/vieassociative.be\/actualites\/wp-json\/wp\/v2\/media\/10441"}],"wp:attachment":[{"href":"https:\/\/vieassociative.be\/actualites\/wp-json\/wp\/v2\/media?parent=10476"}],"wp:term":[{"taxonomy":"category","embeddable":true,"href":"https:\/\/vieassociative.be\/actualites\/wp-json\/wp\/v2\/categories?post=10476"},{"taxonomy":"post_tag","embeddable":true,"href":"https:\/\/vieassociative.be\/actualites\/wp-json\/wp\/v2\/tags?post=10476"}],"curies":[{"name":"wp","href":"https:\/\/api.w.org\/{rel}","templated":true}]}}