{"id":10474,"date":"2025-10-06T04:17:07","date_gmt":"2025-10-06T02:17:07","guid":{"rendered":"https:\/\/vieassociative.be\/actualites\/trois-geants-de-combat-pogacar-onepoel-et-vingegaard-veulent-etre-champions-deurope-aujourdhui\/"},"modified":"2025-10-06T04:17:07","modified_gmt":"2025-10-06T02:17:07","slug":"trois-geants-de-combat-pogacar-onepoel-et-vingegaard-veulent-etre-champions-deurope-aujourdhui","status":"publish","type":"post","link":"https:\/\/vieassociative.be\/actualites\/trois-geants-de-combat-pogacar-onepoel-et-vingegaard-veulent-etre-champions-deurope-aujourdhui\/","title":{"rendered":"Trois g\u00e9ants de combat: Pogacar, Onepoel et Vingegaard veulent \u00eatre champions d&rsquo;Europe aujourd&rsquo;hui"},"content":{"rendered":"<p><strong>Une semaine apr\u00e8s leur r\u00e9union \u00e0 la course de rue des Championnats du monde \u00e0 Kigali, au Rwanda, Remco Evenepoel et au Slov\u00e8ne Tadej Pogacar, se r\u00e9unissent aujourd&rsquo;hui aux championnats europ\u00e9ens du radium Road Radium dans l&rsquo;Ard\u00c8che en France (en direct sur RTBF2 \u00ab\u00a0Tipik\u00a0\u00bb et RTBF1 \u00ab\u00a0LA\u00a0\u00bb). Un nouveau duel qui pourrait m\u00eame \u00eatre une bataille \u00e0 trois voies, car le Dane Jonas Vingegaard est \u00e9galement l\u00e0.<\/strong><\/p>\n<p><span id=\"more-426285\"><\/span>Oelpoel et Pogacar ont tous deux apport\u00e9 une m\u00e9daille d&rsquo;or de la capitale rwandaise. Le Belge a domin\u00e9 le contre-la-montre et en particulier a laiss\u00e9 Pogacar derri\u00e8re pour s\u00e9curiser le maillot arc-en-ciel pour la troisi\u00e8me fois cons\u00e9cutive. Une semaine plus tard, \u00abPogi\u00bb est revenu avec une victoire en solo dans la course de rue et a remport\u00e9 son deuxi\u00e8me titre cons\u00e9cutif avant m\u00eame.<\/p>\n<div id=\"attachment_392053\" class=\"wp-caption alignleft\" style=\"max-width: 300px\"><img fetchpriority=\"high\" decoding=\"async\" class=\"wp-image-392053 size-medium\" src=\"https:\/\/vieassociative.be\/actualites\/wp-content\/uploads\/2024\/10\/Tour-de-France-2025-Depart-de-Lille-retour-a.jpg\" alt=\"\" width=\"300\" height=\"200\"><\/div>\n<p>Les deux \u00e9toiles devraient \u00e0 nouveau garantir la tension sur la route exigeante de 202,5 \u200b\u200bkm entre les privats et les culp\u00e8res. Apr\u00e8s le Col du Moulin \u00e0 l&rsquo;\u00e9vent (4 km avec une pente de 5,1%) au d\u00e9but de la sc\u00e8ne, les conducteurs doivent surmonter l&rsquo;augmentation des Saint-Romain-de-Lerps (ascension \u00e0 7%) et l&rsquo;augmentation de Costbelle (0,3 km avec une pente de 7%) et six fois la val de l&rsquo;e en ENFER (1,6 km avec 9,8% de pente).<\/p>\n<p>M\u00eame EvenEpoel, qui est devenu champion d&rsquo;Europe en contre-la-montre pour la deuxi\u00e8me fois de sa carri\u00e8re mercredi, a montr\u00e9 qu&rsquo;il \u00e9tait toujours en pleine forme, mais Pogacar a assur\u00e9 qu&rsquo;il se sent toujours \u00ab\u00a0bien\u00a0\u00bb.<\/p>\n<p>Le Belge et le Slov\u00e8ne ne seront pas les seuls \u00e0 s&rsquo;efforcer de pour un premier titre continental. Le Dane Jonas Vingegaard, rival de Pogacar sur les grandes tourn\u00e9es et r\u00e9cemment vainqueur de la tourn\u00e9e de l&rsquo;Espagne, participera au premier championnat de sa carri\u00e8re parmi les pilotes d&rsquo;\u00e9lite et reste un candidat s\u00e9rieux pour le titre.<\/p>\n<p>Le portugais Joao Almeida, l&rsquo;Espagnol Juan Ayuso, le Danois de Mattias Skjelmosis et le Fran\u00e7ais Romain Gr\u00e9goire font partie des \u00e9trangers que Tim Merlier, vainqueur de 2024 \u00e0 Hasselt. (Cre)<\/p>\n","protected":false},"excerpt":{"rendered":"<p>Une semaine apr\u00e8s leur r\u00e9union \u00e0 la course de rue des Championnats du monde \u00e0 Kigali, au Rwanda, Remco Evenepoel et au Slov\u00e8ne Tadej Pogacar,<\/p>\n","protected":false},"author":1,"featured_media":10304,"comment_status":"","ping_status":"","sticky":false,"template":"","format":"standard","meta":{"footnotes":""},"categories":[298],"tags":[2330,2818,5197,3976,23,8792,8690,5976,771,4105,8793],"class_list":["post-10474","post","type-post","status-publish","format-standard","has-post-thumbnail","hentry","category-belgique","tag-aujourdhui","tag-champions","tag-combat","tag-deurope","tag-etre","tag-geants","tag-onepoel","tag-pogacar","tag-trois","tag-veulent","tag-vingegaard","generate-columns","tablet-grid-50","mobile-grid-100","grid-parent","grid-33"],"yoast_head":"<!-- This site is optimized with the Yoast SEO plugin v24.0 - https:\/\/yoast.com\/wordpress\/plugins\/seo\/ -->\n<title>Trois g\u00e9ants de combat: Pogacar, Onepoel et Vingegaard veulent \u00eatre champions d&#039;Europe aujourd&#039;hui | Vie Associative<\/title>\n<meta name=\"robots\" content=\"index, follow, max-snippet:-1, max-image-preview:large, max-video-preview:-1\" \/>\n<link rel=\"canonical\" href=\"https:\/\/vieassociative.be\/actualites\/trois-geants-de-combat-pogacar-onepoel-et-vingegaard-veulent-etre-champions-deurope-aujourdhui\/\" \/>\n<meta property=\"og:locale\" content=\"fr_FR\" \/>\n<meta property=\"og:type\" content=\"article\" \/>\n<meta property=\"og:title\" content=\"Trois g\u00e9ants de combat: Pogacar, Onepoel et Vingegaard veulent \u00eatre champions d&#039;Europe aujourd&#039;hui | Vie Associative\" \/>\n<meta property=\"og:description\" content=\"Une semaine apr\u00e8s leur r\u00e9union \u00e0 la course de rue des Championnats du monde \u00e0 Kigali, au Rwanda, Remco Evenepoel et au Slov\u00e8ne Tadej Pogacar,\" \/>\n<meta property=\"og:url\" content=\"https:\/\/vieassociative.be\/actualites\/trois-geants-de-combat-pogacar-onepoel-et-vingegaard-veulent-etre-champions-deurope-aujourdhui\/\" \/>\n<meta property=\"og:site_name\" content=\"Vie Associative\" \/>\n<meta property=\"article:published_time\" content=\"2025-10-06T02:17:07+00:00\" \/>\n<meta property=\"og:image\" content=\"https:\/\/vieassociative.be\/actualites\/wp-content\/uploads\/2024\/09\/header_backgroundk-01-e1726694325946.png\" \/>\n\t<meta property=\"og:image:width\" content=\"279\" \/>\n\t<meta property=\"og:image:height\" content=\"92\" \/>\n\t<meta property=\"og:image:type\" content=\"image\/png\" \/>\n<meta name=\"author\" content=\"Julien\" \/>\n<meta name=\"twitter:card\" content=\"summary_large_image\" \/>\n<meta name=\"twitter:label1\" content=\"\u00c9crit par\" \/>\n\t<meta name=\"twitter:data1\" content=\"Julien\" \/>\n\t<meta name=\"twitter:label2\" content=\"Dur\u00e9e de lecture est.\" \/>\n\t<meta name=\"twitter:data2\" content=\"2 minutes\" \/>\n<script type=\"application\/ld+json\" class=\"yoast-schema-graph\">{\"@context\":\"https:\/\/schema.org\",\"@graph\":[{\"@type\":\"Article\",\"@id\":\"https:\/\/vieassociative.be\/actualites\/trois-geants-de-combat-pogacar-onepoel-et-vingegaard-veulent-etre-champions-deurope-aujourdhui\/#article\",\"isPartOf\":{\"@id\":\"https:\/\/vieassociative.be\/actualites\/trois-geants-de-combat-pogacar-onepoel-et-vingegaard-veulent-etre-champions-deurope-aujourdhui\/\"},\"author\":{\"name\":\"Julien\",\"@id\":\"https:\/\/vieassociative.be\/actualites\/#\/schema\/person\/b87ac4f82f9d4e7b7cec7395b679edc4\"},\"headline\":\"Trois g\u00e9ants de combat: Pogacar, Onepoel et Vingegaard veulent \u00eatre champions d&rsquo;Europe aujourd&rsquo;hui\",\"datePublished\":\"2025-10-06T02:17:07+00:00\",\"dateModified\":\"2025-10-06T02:17:07+00:00\",\"mainEntityOfPage\":{\"@id\":\"https:\/\/vieassociative.be\/actualites\/trois-geants-de-combat-pogacar-onepoel-et-vingegaard-veulent-etre-champions-deurope-aujourdhui\/\"},\"wordCount\":370,\"publisher\":{\"@id\":\"https:\/\/vieassociative.be\/actualites\/#organization\"},\"image\":{\"@id\":\"https:\/\/vieassociative.be\/actualites\/trois-geants-de-combat-pogacar-onepoel-et-vingegaard-veulent-etre-champions-deurope-aujourdhui\/#primaryimage\"},\"thumbnailUrl\":\"https:\/\/vieassociative.be\/actualites\/wp-content\/uploads\/2025\/09\/1759025848_Pogacar-et-Onepoel-avant-leur-prochain-duel-qui-sera.jpg\",\"keywords\":[\"aujourdhui\",\"Champions\",\"combat\",\"dEurope\",\"\u00eatre\",\"g\u00e9ants\",\"Onepoel\",\"Pogacar\",\"trois\",\"veulent\",\"Vingegaard\"],\"articleSection\":[\"Belgique\"],\"inLanguage\":\"fr-BE\"},{\"@type\":\"WebPage\",\"@id\":\"https:\/\/vieassociative.be\/actualites\/trois-geants-de-combat-pogacar-onepoel-et-vingegaard-veulent-etre-champions-deurope-aujourdhui\/\",\"url\":\"https:\/\/vieassociative.be\/actualites\/trois-geants-de-combat-pogacar-onepoel-et-vingegaard-veulent-etre-champions-deurope-aujourdhui\/\",\"name\":\"Trois g\u00e9ants de combat: Pogacar, Onepoel et Vingegaard veulent \u00eatre champions d'Europe aujourd'hui | Vie Associative\",\"isPartOf\":{\"@id\":\"https:\/\/vieassociative.be\/actualites\/#website\"},\"primaryImageOfPage\":{\"@id\":\"https:\/\/vieassociative.be\/actualites\/trois-geants-de-combat-pogacar-onepoel-et-vingegaard-veulent-etre-champions-deurope-aujourdhui\/#primaryimage\"},\"image\":{\"@id\":\"https:\/\/vieassociative.be\/actualites\/trois-geants-de-combat-pogacar-onepoel-et-vingegaard-veulent-etre-champions-deurope-aujourdhui\/#primaryimage\"},\"thumbnailUrl\":\"https:\/\/vieassociative.be\/actualites\/wp-content\/uploads\/2025\/09\/1759025848_Pogacar-et-Onepoel-avant-leur-prochain-duel-qui-sera.jpg\",\"datePublished\":\"2025-10-06T02:17:07+00:00\",\"dateModified\":\"2025-10-06T02:17:07+00:00\",\"breadcrumb\":{\"@id\":\"https:\/\/vieassociative.be\/actualites\/trois-geants-de-combat-pogacar-onepoel-et-vingegaard-veulent-etre-champions-deurope-aujourdhui\/#breadcrumb\"},\"inLanguage\":\"fr-BE\",\"potentialAction\":[{\"@type\":\"ReadAction\",\"target\":[\"https:\/\/vieassociative.be\/actualites\/trois-geants-de-combat-pogacar-onepoel-et-vingegaard-veulent-etre-champions-deurope-aujourdhui\/\"]}]},{\"@type\":\"ImageObject\",\"inLanguage\":\"fr-BE\",\"@id\":\"https:\/\/vieassociative.be\/actualites\/trois-geants-de-combat-pogacar-onepoel-et-vingegaard-veulent-etre-champions-deurope-aujourdhui\/#primaryimage\",\"url\":\"https:\/\/vieassociative.be\/actualites\/wp-content\/uploads\/2025\/09\/1759025848_Pogacar-et-Onepoel-avant-leur-prochain-duel-qui-sera.jpg\",\"contentUrl\":\"https:\/\/vieassociative.be\/actualites\/wp-content\/uploads\/2025\/09\/1759025848_Pogacar-et-Onepoel-avant-leur-prochain-duel-qui-sera.jpg\",\"width\":1200,\"height\":800,\"caption\":\"Pogacar et Onepoel avant leur prochain duel - qui sera un champion du monde de v\u00e9lo au Rwanda?\"},{\"@type\":\"BreadcrumbList\",\"@id\":\"https:\/\/vieassociative.be\/actualites\/trois-geants-de-combat-pogacar-onepoel-et-vingegaard-veulent-etre-champions-deurope-aujourdhui\/#breadcrumb\",\"itemListElement\":[{\"@type\":\"ListItem\",\"position\":1,\"name\":\"Accueil\",\"item\":\"https:\/\/vieassociative.be\/actualites\/\"},{\"@type\":\"ListItem\",\"position\":2,\"name\":\"Trois g\u00e9ants de combat: Pogacar, Onepoel et Vingegaard veulent \u00eatre champions d&rsquo;Europe aujourd&rsquo;hui\"}]},{\"@type\":\"WebSite\",\"@id\":\"https:\/\/vieassociative.be\/actualites\/#website\",\"url\":\"https:\/\/vieassociative.be\/actualites\/\",\"name\":\"Vie Associative\",\"description\":\"\",\"publisher\":{\"@id\":\"https:\/\/vieassociative.be\/actualites\/#organization\"},\"potentialAction\":[{\"@type\":\"SearchAction\",\"target\":{\"@type\":\"EntryPoint\",\"urlTemplate\":\"https:\/\/vieassociative.be\/actualites\/?s={search_term_string}\"},\"query-input\":{\"@type\":\"PropertyValueSpecification\",\"valueRequired\":true,\"valueName\":\"search_term_string\"}}],\"inLanguage\":\"fr-BE\"},{\"@type\":\"Organization\",\"@id\":\"https:\/\/vieassociative.be\/actualites\/#organization\",\"name\":\"Vie Associative\",\"url\":\"https:\/\/vieassociative.be\/actualites\/\",\"logo\":{\"@type\":\"ImageObject\",\"inLanguage\":\"fr-BE\",\"@id\":\"https:\/\/vieassociative.be\/actualites\/#\/schema\/logo\/image\/\",\"url\":\"https:\/\/vieassociative.be\/actualites\/wp-content\/uploads\/2024\/09\/cropped-vieassociative_favicon.ico.png\",\"contentUrl\":\"https:\/\/vieassociative.be\/actualites\/wp-content\/uploads\/2024\/09\/cropped-vieassociative_favicon.ico.png\",\"width\":512,\"height\":512,\"caption\":\"Vie Associative\"},\"image\":{\"@id\":\"https:\/\/vieassociative.be\/actualites\/#\/schema\/logo\/image\/\"}},{\"@type\":\"Person\",\"@id\":\"https:\/\/vieassociative.be\/actualites\/#\/schema\/person\/b87ac4f82f9d4e7b7cec7395b679edc4\",\"name\":\"Julien\",\"image\":{\"@type\":\"ImageObject\",\"inLanguage\":\"fr-BE\",\"@id\":\"https:\/\/vieassociative.be\/actualites\/#\/schema\/person\/image\/\",\"url\":\"https:\/\/vieassociative.be\/actualites\/wp-content\/uploads\/2024\/09\/vie-associative-1-150x150.jpg\",\"contentUrl\":\"https:\/\/vieassociative.be\/actualites\/wp-content\/uploads\/2024\/09\/vie-associative-1-150x150.jpg\",\"caption\":\"Julien\"},\"description\":\"Je suis Julien, r\u00e9dacteur pour Vie Associative. Passionn\u00e9 par le monde associatif depuis plus de 10 ans, j'ai \u00e0 c\u0153ur de partager des histoires inspirantes et de mettre en lumi\u00e8re les initiatives locales. Mon objectif est de sensibiliser et d'encourager l'engagement communautaire \u00e0 travers mes articles.\",\"sameAs\":[\"https:\/\/vieassociative.be\/\"]}]}<\/script>\n<!-- \/ Yoast SEO plugin. -->","yoast_head_json":{"title":"Trois g\u00e9ants de combat: Pogacar, Onepoel et Vingegaard veulent \u00eatre champions d'Europe aujourd'hui | Vie Associative","robots":{"index":"index","follow":"follow","max-snippet":"max-snippet:-1","max-image-preview":"max-image-preview:large","max-video-preview":"max-video-preview:-1"},"canonical":"https:\/\/vieassociative.be\/actualites\/trois-geants-de-combat-pogacar-onepoel-et-vingegaard-veulent-etre-champions-deurope-aujourdhui\/","og_locale":"fr_FR","og_type":"article","og_title":"Trois g\u00e9ants de combat: Pogacar, Onepoel et Vingegaard veulent \u00eatre champions d'Europe aujourd'hui | Vie Associative","og_description":"Une semaine apr\u00e8s leur r\u00e9union \u00e0 la course de rue des Championnats du monde \u00e0 Kigali, au Rwanda, Remco Evenepoel et au Slov\u00e8ne Tadej Pogacar,","og_url":"https:\/\/vieassociative.be\/actualites\/trois-geants-de-combat-pogacar-onepoel-et-vingegaard-veulent-etre-champions-deurope-aujourdhui\/","og_site_name":"Vie Associative","article_published_time":"2025-10-06T02:17:07+00:00","og_image":[{"width":279,"height":92,"url":"https:\/\/vieassociative.be\/actualites\/wp-content\/uploads\/2024\/09\/header_backgroundk-01-e1726694325946.png","type":"image\/png"}],"author":"Julien","twitter_card":"summary_large_image","twitter_misc":{"\u00c9crit par":"Julien","Dur\u00e9e de lecture est.":"2 minutes"},"schema":{"@context":"https:\/\/schema.org","@graph":[{"@type":"Article","@id":"https:\/\/vieassociative.be\/actualites\/trois-geants-de-combat-pogacar-onepoel-et-vingegaard-veulent-etre-champions-deurope-aujourdhui\/#article","isPartOf":{"@id":"https:\/\/vieassociative.be\/actualites\/trois-geants-de-combat-pogacar-onepoel-et-vingegaard-veulent-etre-champions-deurope-aujourdhui\/"},"author":{"name":"Julien","@id":"https:\/\/vieassociative.be\/actualites\/#\/schema\/person\/b87ac4f82f9d4e7b7cec7395b679edc4"},"headline":"Trois g\u00e9ants de combat: Pogacar, Onepoel et Vingegaard veulent \u00eatre champions d&rsquo;Europe aujourd&rsquo;hui","datePublished":"2025-10-06T02:17:07+00:00","dateModified":"2025-10-06T02:17:07+00:00","mainEntityOfPage":{"@id":"https:\/\/vieassociative.be\/actualites\/trois-geants-de-combat-pogacar-onepoel-et-vingegaard-veulent-etre-champions-deurope-aujourdhui\/"},"wordCount":370,"publisher":{"@id":"https:\/\/vieassociative.be\/actualites\/#organization"},"image":{"@id":"https:\/\/vieassociative.be\/actualites\/trois-geants-de-combat-pogacar-onepoel-et-vingegaard-veulent-etre-champions-deurope-aujourdhui\/#primaryimage"},"thumbnailUrl":"https:\/\/vieassociative.be\/actualites\/wp-content\/uploads\/2025\/09\/1759025848_Pogacar-et-Onepoel-avant-leur-prochain-duel-qui-sera.jpg","keywords":["aujourdhui","Champions","combat","dEurope","\u00eatre","g\u00e9ants","Onepoel","Pogacar","trois","veulent","Vingegaard"],"articleSection":["Belgique"],"inLanguage":"fr-BE"},{"@type":"WebPage","@id":"https:\/\/vieassociative.be\/actualites\/trois-geants-de-combat-pogacar-onepoel-et-vingegaard-veulent-etre-champions-deurope-aujourdhui\/","url":"https:\/\/vieassociative.be\/actualites\/trois-geants-de-combat-pogacar-onepoel-et-vingegaard-veulent-etre-champions-deurope-aujourdhui\/","name":"Trois g\u00e9ants de combat: Pogacar, Onepoel et Vingegaard veulent \u00eatre champions d'Europe aujourd'hui | Vie Associative","isPartOf":{"@id":"https:\/\/vieassociative.be\/actualites\/#website"},"primaryImageOfPage":{"@id":"https:\/\/vieassociative.be\/actualites\/trois-geants-de-combat-pogacar-onepoel-et-vingegaard-veulent-etre-champions-deurope-aujourdhui\/#primaryimage"},"image":{"@id":"https:\/\/vieassociative.be\/actualites\/trois-geants-de-combat-pogacar-onepoel-et-vingegaard-veulent-etre-champions-deurope-aujourdhui\/#primaryimage"},"thumbnailUrl":"https:\/\/vieassociative.be\/actualites\/wp-content\/uploads\/2025\/09\/1759025848_Pogacar-et-Onepoel-avant-leur-prochain-duel-qui-sera.jpg","datePublished":"2025-10-06T02:17:07+00:00","dateModified":"2025-10-06T02:17:07+00:00","breadcrumb":{"@id":"https:\/\/vieassociative.be\/actualites\/trois-geants-de-combat-pogacar-onepoel-et-vingegaard-veulent-etre-champions-deurope-aujourdhui\/#breadcrumb"},"inLanguage":"fr-BE","potentialAction":[{"@type":"ReadAction","target":["https:\/\/vieassociative.be\/actualites\/trois-geants-de-combat-pogacar-onepoel-et-vingegaard-veulent-etre-champions-deurope-aujourdhui\/"]}]},{"@type":"ImageObject","inLanguage":"fr-BE","@id":"https:\/\/vieassociative.be\/actualites\/trois-geants-de-combat-pogacar-onepoel-et-vingegaard-veulent-etre-champions-deurope-aujourdhui\/#primaryimage","url":"https:\/\/vieassociative.be\/actualites\/wp-content\/uploads\/2025\/09\/1759025848_Pogacar-et-Onepoel-avant-leur-prochain-duel-qui-sera.jpg","contentUrl":"https:\/\/vieassociative.be\/actualites\/wp-content\/uploads\/2025\/09\/1759025848_Pogacar-et-Onepoel-avant-leur-prochain-duel-qui-sera.jpg","width":1200,"height":800,"caption":"Pogacar et Onepoel avant leur prochain duel - qui sera un champion du monde de v\u00e9lo au Rwanda?"},{"@type":"BreadcrumbList","@id":"https:\/\/vieassociative.be\/actualites\/trois-geants-de-combat-pogacar-onepoel-et-vingegaard-veulent-etre-champions-deurope-aujourdhui\/#breadcrumb","itemListElement":[{"@type":"ListItem","position":1,"name":"Accueil","item":"https:\/\/vieassociative.be\/actualites\/"},{"@type":"ListItem","position":2,"name":"Trois g\u00e9ants de combat: Pogacar, Onepoel et Vingegaard veulent \u00eatre champions d&rsquo;Europe aujourd&rsquo;hui"}]},{"@type":"WebSite","@id":"https:\/\/vieassociative.be\/actualites\/#website","url":"https:\/\/vieassociative.be\/actualites\/","name":"Vie Associative","description":"","publisher":{"@id":"https:\/\/vieassociative.be\/actualites\/#organization"},"potentialAction":[{"@type":"SearchAction","target":{"@type":"EntryPoint","urlTemplate":"https:\/\/vieassociative.be\/actualites\/?s={search_term_string}"},"query-input":{"@type":"PropertyValueSpecification","valueRequired":true,"valueName":"search_term_string"}}],"inLanguage":"fr-BE"},{"@type":"Organization","@id":"https:\/\/vieassociative.be\/actualites\/#organization","name":"Vie Associative","url":"https:\/\/vieassociative.be\/actualites\/","logo":{"@type":"ImageObject","inLanguage":"fr-BE","@id":"https:\/\/vieassociative.be\/actualites\/#\/schema\/logo\/image\/","url":"https:\/\/vieassociative.be\/actualites\/wp-content\/uploads\/2024\/09\/cropped-vieassociative_favicon.ico.png","contentUrl":"https:\/\/vieassociative.be\/actualites\/wp-content\/uploads\/2024\/09\/cropped-vieassociative_favicon.ico.png","width":512,"height":512,"caption":"Vie Associative"},"image":{"@id":"https:\/\/vieassociative.be\/actualites\/#\/schema\/logo\/image\/"}},{"@type":"Person","@id":"https:\/\/vieassociative.be\/actualites\/#\/schema\/person\/b87ac4f82f9d4e7b7cec7395b679edc4","name":"Julien","image":{"@type":"ImageObject","inLanguage":"fr-BE","@id":"https:\/\/vieassociative.be\/actualites\/#\/schema\/person\/image\/","url":"https:\/\/vieassociative.be\/actualites\/wp-content\/uploads\/2024\/09\/vie-associative-1-150x150.jpg","contentUrl":"https:\/\/vieassociative.be\/actualites\/wp-content\/uploads\/2024\/09\/vie-associative-1-150x150.jpg","caption":"Julien"},"description":"Je suis Julien, r\u00e9dacteur pour Vie Associative. Passionn\u00e9 par le monde associatif depuis plus de 10 ans, j'ai \u00e0 c\u0153ur de partager des histoires inspirantes et de mettre en lumi\u00e8re les initiatives locales. Mon objectif est de sensibiliser et d'encourager l'engagement communautaire \u00e0 travers mes articles.","sameAs":["https:\/\/vieassociative.be\/"]}]}},"_links":{"self":[{"href":"https:\/\/vieassociative.be\/actualites\/wp-json\/wp\/v2\/posts\/10474"}],"collection":[{"href":"https:\/\/vieassociative.be\/actualites\/wp-json\/wp\/v2\/posts"}],"about":[{"href":"https:\/\/vieassociative.be\/actualites\/wp-json\/wp\/v2\/types\/post"}],"author":[{"embeddable":true,"href":"https:\/\/vieassociative.be\/actualites\/wp-json\/wp\/v2\/users\/1"}],"replies":[{"embeddable":true,"href":"https:\/\/vieassociative.be\/actualites\/wp-json\/wp\/v2\/comments?post=10474"}],"version-history":[{"count":0,"href":"https:\/\/vieassociative.be\/actualites\/wp-json\/wp\/v2\/posts\/10474\/revisions"}],"wp:featuredmedia":[{"embeddable":true,"href":"https:\/\/vieassociative.be\/actualites\/wp-json\/wp\/v2\/media\/10304"}],"wp:attachment":[{"href":"https:\/\/vieassociative.be\/actualites\/wp-json\/wp\/v2\/media?parent=10474"}],"wp:term":[{"taxonomy":"category","embeddable":true,"href":"https:\/\/vieassociative.be\/actualites\/wp-json\/wp\/v2\/categories?post=10474"},{"taxonomy":"post_tag","embeddable":true,"href":"https:\/\/vieassociative.be\/actualites\/wp-json\/wp\/v2\/tags?post=10474"}],"curies":[{"name":"wp","href":"https:\/\/api.w.org\/{rel}","templated":true}]}}