{"id":10472,"date":"2025-10-06T03:17:15","date_gmt":"2025-10-06T01:17:15","guid":{"rendered":"https:\/\/vieassociative.be\/actualites\/voici-pourquoi-les-airpod-pro-3-sont-non-reparables\/"},"modified":"2025-10-06T03:17:15","modified_gmt":"2025-10-06T01:17:15","slug":"voici-pourquoi-les-airpod-pro-3-sont-non-reparables","status":"publish","type":"post","link":"https:\/\/vieassociative.be\/actualites\/voici-pourquoi-les-airpod-pro-3-sont-non-reparables\/","title":{"rendered":"Voici pourquoi les AirPod Pro 3 sont \u00abnon r\u00e9parables\u00bb"},"content":{"rendered":"<div class=\"mt-4 leading-6 md:mb-8\">Si vous ouvrez vos AirPods, vous \u00eates presque assur\u00e9 de les casser.<\/div>\n<p><\/p>\n<p><em>Saviez-vous que vous pouvez personnaliser Google pour filtrer les ordures? Prendre ces \u00e9tapes<\/em><em>  Pour de meilleurs r\u00e9sultats de recherche, notamment en ajoutant mon travail chez Vie Associative comme source pr\u00e9f\u00e9r\u00e9e<\/em><em>.<\/em><\/p>\n<hr>\n<p>Si vous \u00eates dans l&rsquo;\u00e9cosyst\u00e8me d&rsquo;Apple, il y a peu de trousons mieux adapt\u00e9es \u00e0 vos appareils que les AirPods. AirPods se synchronise entre tous vos appareils Apple, sonnez bien et exp\u00e9die avec des fonctionnalit\u00e9s comme Live Translate et m\u00eame un moniteur de fr\u00e9quence cardiaque. Le probl\u00e8me vient cependant si quelque chose arrive \u00e0 vos bourgeons, en particulier lorsque votre batterie commence \u00e0 perdre sa capacit\u00e9 \u00e0 maintenir une charge. Contrairement \u00e0 votre iPhone, dont la batterie est facilement rempla\u00e7able, les AirPods ne sont pas simples \u00e0 r\u00e9parer. En l&rsquo;occurrence, ils pourraient ne pas \u00eatre r\u00e9parables du tout.  <\/p>\n<p>Il semble que cela n&rsquo;ait pas chang\u00e9 avec les derniers \u00e9couteurs d&rsquo;Apple, l&rsquo;AirPod Pro 3. IFIXIT a mis le plus r\u00e9cent AirPods Pro gr\u00e2ce \u00e0 un test de d\u00e9montage pour voir \u00e0 quel point ils pourraient \u00eatre r\u00e9parables. Le r\u00e9sultat? Un \u00e9norme z\u00e9ro sur 10: totalement in\u00e9branlable. <\/p>\n<div class=\"mx-auto mb-12 mt-5 w-full max-w-3xl rounded-md border-2 border-gray-100 p-3 shadow-md md:px-7 md:pb-7 md:pt-5\" id=\"related-video\">\n<div class=\"mb-3 flex items-center md:mb-5\">\n        <img decoding=\"async\" class=\"mr-4 mt-0 h-10 w-10 md:mr-5 md:h-12 md:w-12\" src=\"https:\/\/vieassociative.be\/actualites\/wp-content\/uploads\/2025\/09\/1757726237_608_Meta-pourrait-devoiler-une-montre-intelligente-pour-controler-ses-lunettes.jpg\" alt=\"Logo Lifehacker\"><\/p><\/div>\n<div class=\"aspect-video w-full overflow-hidden rounded-md\">\n<div id=\"video-container-01K6VGJSH2E1RT3ENFKK3QTRAT\"><\/div>\n<\/p><\/div>\n<\/div>\n<h2 id=\"airpods-pro-3-cant-be-fixed\">AirPods Pro 3 ne peut pas \u00eatre r\u00e9par\u00e9<\/h2>\n<p>Il y a un certain nombre de probl\u00e8mes dans la conception d&rsquo;AirPods Pro 3 qui m\u00e8ne \u00e0 la d\u00e9claration d&rsquo;Ifixit ici. Le principal parmi eux est qu&rsquo;Apple choisit de sceller l&rsquo;ensemble du bo\u00eetier avec de la colle forte. Afin d&rsquo;ouvrir les bourgeons, vous devez les chauffer pour desserrer cette colle, puis s&rsquo;ouvrir avec les bourgeons avec des outils pointus. Vous devez \u00e0 la fois \u00e9viter de faire fondre le plastique des \u00e9couteurs eux-m\u00eames, tout en essayant \u00e9galement de ne pas d\u00e9figurer le bo\u00eetier tout en le tranchant. C&rsquo;est un \u00e9quilibre difficile. <\/p>\n<p>Une fois \u00e0 l&rsquo;int\u00e9rieur, cependant, le probl\u00e8me ne se poursuit. La batterie est \u00e9galement maintenue avec une forte colle, donc, encore une fois, vous devez appliquer de la chaleur sans fondre l&rsquo;\u00e9couteur lui-m\u00eame. M\u00eame si vous retirez avec succ\u00e8s la batterie, il est extr\u00eamement difficile de r\u00e9assembler tous les \u00e9l\u00e9ments ici &#8211; ou, \u00e0 Dieu, nous en pr\u00e9serve <em>remplacer<\/em> Un de ces \u00e9l\u00e9ments devrait-il se casser. Apple a con\u00e7u ces \u00e9couteurs pour emballer une tonne de technologie <em>minuscule<\/em> Emballage, avec de la colle et du soudage, ce qui signifie que vous courez le risque de d\u00e9truire des composants cruciaux lorsque vous les d\u00e9placez. Il est trop facile de ruiner accidentellement les microphones ou la technologie de l&rsquo;annulation du bruit ici.<\/p>\n<p>Il en va de m\u00eame pour la tige des bourgeons, et m\u00eame le cas AirPods Pro 3: les deux sont tous coll\u00e9s et sont trop faciles \u00e0 d\u00e9truire tout en essayant d&rsquo;ouvrir ou de r\u00e9parer un composant. En fait, Ifixit dit que ces \u00ab\u00a0r\u00e9parations\u00a0\u00bb sont si difficiles, de nombreux ateliers de r\u00e9paration ne se soucient m\u00eame pas. Entre la n\u00e9cessit\u00e9 d&rsquo;outils sp\u00e9ciaux et le risque d&rsquo;\u00e9chec, ils renoncent simplement aux tentatives de r\u00e9paration des AirPods.<\/p>\n<p>Ce rien de nouveau pour AirPods. Selon IFIXIT, tous les \u00e9couteurs Bluetooth pr\u00e9c\u00e9dents d&rsquo;Apple ont le m\u00eame probl\u00e8me. En l&rsquo;occurrence, tous les mod\u00e8les AirPods &#8211; \u00e0 l&rsquo;\u00e9chelle des AirPods Max &#8211; ont obtenu un z\u00e9ro sur 10 sur l&rsquo;\u00e9chelle d&rsquo;IFIXIT. <\/p>\n<h2 id=\"are-there-repairable-earbuds\">Y a-t-il des \u00e9couteurs r\u00e9parables?<\/h2>\n<p>Alors que de nombreuses autres marques d&rsquo;\u00e9couteurs marquent mieux sur l&rsquo;\u00e9chelle de r\u00e9paration, beaucoup ne s&rsquo;en sortent pas non plus beaucoup<em> <\/em>Mieux que AirPods. Faites d\u00e9filer la liste d&rsquo;Ifixit, et vous trouverez d&rsquo;autres scores allant de z\u00e9ro \u00e0 trois sur 10. Il semble que beaucoup d&rsquo;entreprises suivent l&rsquo;avance d&rsquo;Apple ici et soudent leurs batteries et composants avec de la colle. <\/p>\n<p>Pourtant, il y a des gagnants ici, selon Ifixit. Le champion ind\u00e9niable vient les Fairphone Fairbuds, qui ont obtenu un parfait 10 sur 10. Les batteries des \u00e9couteurs sont faciles \u00e0 remplacer, le bo\u00eetier est modulaire et facile \u00e0 d\u00e9monter, et Fairphone propose des pi\u00e8ces et des instructions de remplacement. Le Galaxy Buds en direct de Samsung est le finaliste avec un huit sur 10: ils sont \u00e9galement r\u00e9parables aux Fairbuds, mais ils n&rsquo;ont pas d&rsquo;instructions ou de pi\u00e8ces de r\u00e9paration officielles, autres que les batteries pour les \u00e9couteurs. Le WF-1000XM4 de Sony a marqu\u00e9 un respectable sept sur 10, car ils ont \u00e9galement des batteries faciles \u00e0 remplacer par un cas modulaire, bien qu&rsquo;ils n&rsquo;incluent pas les pi\u00e8ces ou les instructions officielles.  <\/p>\n<p>Si votre objectif principal lorsque vous achetez des \u00e9couteurs est la r\u00e9parabilit\u00e9, vous avez des options. Si vous voulez la meilleure exp\u00e9rience possible lorsque vous utilisez vos appareils Apple, AirPods est toujours l\u00e0 o\u00f9 il en est. Sachez que lorsque quelque chose \u00e9choue, comme la batterie ou un autre composant, vos \u00e9couteurs de pomme sont en quelque sorte de toast. <\/p>\n","protected":false},"excerpt":{"rendered":"<p>Si vous ouvrez vos AirPods, vous \u00eates presque assur\u00e9 de les casser. Saviez-vous que vous pouvez personnaliser Google pour filtrer les ordures? Prendre ces \u00e9tapes<\/p>\n","protected":false},"author":1,"featured_media":10473,"comment_status":"","ping_status":"","sticky":false,"template":"","format":"standard","meta":{"footnotes":""},"categories":[13],"tags":[3444,14,734,630,8791,18,529],"class_list":["post-10472","post","type-post","status-publish","format-standard","has-post-thumbnail","hentry","category-technologie","tag-airpod","tag-les","tag-pourquoi","tag-pro","tag-reparables","tag-sont","tag-voici","generate-columns","tablet-grid-50","mobile-grid-100","grid-parent","grid-33"],"yoast_head":"<!-- This site is optimized with the Yoast SEO plugin v24.0 - https:\/\/yoast.com\/wordpress\/plugins\/seo\/ -->\n<title>Voici pourquoi les AirPod Pro 3 sont \u00abnon r\u00e9parables\u00bb | Vie Associative<\/title>\n<meta name=\"robots\" content=\"index, follow, max-snippet:-1, max-image-preview:large, max-video-preview:-1\" \/>\n<link rel=\"canonical\" href=\"https:\/\/vieassociative.be\/actualites\/voici-pourquoi-les-airpod-pro-3-sont-non-reparables\/\" \/>\n<meta property=\"og:locale\" content=\"fr_FR\" \/>\n<meta property=\"og:type\" content=\"article\" \/>\n<meta property=\"og:title\" content=\"Voici pourquoi les AirPod Pro 3 sont \u00abnon r\u00e9parables\u00bb | Vie Associative\" \/>\n<meta property=\"og:description\" content=\"Si vous ouvrez vos AirPods, vous \u00eates presque assur\u00e9 de les casser. Saviez-vous que vous pouvez personnaliser Google pour filtrer les ordures? Prendre ces \u00e9tapes\" \/>\n<meta property=\"og:url\" content=\"https:\/\/vieassociative.be\/actualites\/voici-pourquoi-les-airpod-pro-3-sont-non-reparables\/\" \/>\n<meta property=\"og:site_name\" content=\"Vie Associative\" \/>\n<meta property=\"article:published_time\" content=\"2025-10-06T01:17:15+00:00\" \/>\n<meta property=\"og:image\" content=\"https:\/\/vieassociative.be\/actualites\/wp-content\/uploads\/2025\/09\/1757726237_608_Meta-pourrait-devoiler-une-montre-intelligente-pour-controler-ses-lunettes.jpg\" \/>\n<meta name=\"author\" content=\"Julien\" \/>\n<meta name=\"twitter:card\" content=\"summary_large_image\" \/>\n<meta name=\"twitter:label1\" content=\"\u00c9crit par\" \/>\n\t<meta name=\"twitter:data1\" content=\"Julien\" \/>\n\t<meta name=\"twitter:label2\" content=\"Dur\u00e9e de lecture est.\" \/>\n\t<meta name=\"twitter:data2\" content=\"4 minutes\" \/>\n<script type=\"application\/ld+json\" class=\"yoast-schema-graph\">{\"@context\":\"https:\/\/schema.org\",\"@graph\":[{\"@type\":\"Article\",\"@id\":\"https:\/\/vieassociative.be\/actualites\/voici-pourquoi-les-airpod-pro-3-sont-non-reparables\/#article\",\"isPartOf\":{\"@id\":\"https:\/\/vieassociative.be\/actualites\/voici-pourquoi-les-airpod-pro-3-sont-non-reparables\/\"},\"author\":{\"name\":\"Julien\",\"@id\":\"https:\/\/vieassociative.be\/actualites\/#\/schema\/person\/b87ac4f82f9d4e7b7cec7395b679edc4\"},\"headline\":\"Voici pourquoi les AirPod Pro 3 sont \u00abnon r\u00e9parables\u00bb\",\"datePublished\":\"2025-10-06T01:17:15+00:00\",\"dateModified\":\"2025-10-06T01:17:15+00:00\",\"mainEntityOfPage\":{\"@id\":\"https:\/\/vieassociative.be\/actualites\/voici-pourquoi-les-airpod-pro-3-sont-non-reparables\/\"},\"wordCount\":859,\"publisher\":{\"@id\":\"https:\/\/vieassociative.be\/actualites\/#organization\"},\"image\":{\"@id\":\"https:\/\/vieassociative.be\/actualites\/voici-pourquoi-les-airpod-pro-3-sont-non-reparables\/#primaryimage\"},\"thumbnailUrl\":\"https:\/\/vieassociative.be\/actualites\/wp-content\/uploads\/2025\/10\/Voici-pourquoi-les-AirPod-Pro-3-sont-non-reparables.jpg\",\"keywords\":[\"AirPod\",\"Les\",\"Pourquoi\",\"Pro\",\"r\u00e9parables\",\"sont\",\"Voici\"],\"articleSection\":[\"Technologie\"],\"inLanguage\":\"fr-BE\"},{\"@type\":\"WebPage\",\"@id\":\"https:\/\/vieassociative.be\/actualites\/voici-pourquoi-les-airpod-pro-3-sont-non-reparables\/\",\"url\":\"https:\/\/vieassociative.be\/actualites\/voici-pourquoi-les-airpod-pro-3-sont-non-reparables\/\",\"name\":\"Voici pourquoi les AirPod Pro 3 sont \u00abnon r\u00e9parables\u00bb | Vie Associative\",\"isPartOf\":{\"@id\":\"https:\/\/vieassociative.be\/actualites\/#website\"},\"primaryImageOfPage\":{\"@id\":\"https:\/\/vieassociative.be\/actualites\/voici-pourquoi-les-airpod-pro-3-sont-non-reparables\/#primaryimage\"},\"image\":{\"@id\":\"https:\/\/vieassociative.be\/actualites\/voici-pourquoi-les-airpod-pro-3-sont-non-reparables\/#primaryimage\"},\"thumbnailUrl\":\"https:\/\/vieassociative.be\/actualites\/wp-content\/uploads\/2025\/10\/Voici-pourquoi-les-AirPod-Pro-3-sont-non-reparables.jpg\",\"datePublished\":\"2025-10-06T01:17:15+00:00\",\"dateModified\":\"2025-10-06T01:17:15+00:00\",\"breadcrumb\":{\"@id\":\"https:\/\/vieassociative.be\/actualites\/voici-pourquoi-les-airpod-pro-3-sont-non-reparables\/#breadcrumb\"},\"inLanguage\":\"fr-BE\",\"potentialAction\":[{\"@type\":\"ReadAction\",\"target\":[\"https:\/\/vieassociative.be\/actualites\/voici-pourquoi-les-airpod-pro-3-sont-non-reparables\/\"]}]},{\"@type\":\"ImageObject\",\"inLanguage\":\"fr-BE\",\"@id\":\"https:\/\/vieassociative.be\/actualites\/voici-pourquoi-les-airpod-pro-3-sont-non-reparables\/#primaryimage\",\"url\":\"https:\/\/vieassociative.be\/actualites\/wp-content\/uploads\/2025\/10\/Voici-pourquoi-les-AirPod-Pro-3-sont-non-reparables.jpg\",\"contentUrl\":\"https:\/\/vieassociative.be\/actualites\/wp-content\/uploads\/2025\/10\/Voici-pourquoi-les-AirPod-Pro-3-sont-non-reparables.jpg\",\"width\":1200,\"height\":675,\"caption\":\"Voici pourquoi les AirPod Pro 3 sont \u00abnon r\u00e9parables\u00bb\"},{\"@type\":\"BreadcrumbList\",\"@id\":\"https:\/\/vieassociative.be\/actualites\/voici-pourquoi-les-airpod-pro-3-sont-non-reparables\/#breadcrumb\",\"itemListElement\":[{\"@type\":\"ListItem\",\"position\":1,\"name\":\"Accueil\",\"item\":\"https:\/\/vieassociative.be\/actualites\/\"},{\"@type\":\"ListItem\",\"position\":2,\"name\":\"Voici pourquoi les AirPod Pro 3 sont \u00abnon r\u00e9parables\u00bb\"}]},{\"@type\":\"WebSite\",\"@id\":\"https:\/\/vieassociative.be\/actualites\/#website\",\"url\":\"https:\/\/vieassociative.be\/actualites\/\",\"name\":\"Vie Associative\",\"description\":\"\",\"publisher\":{\"@id\":\"https:\/\/vieassociative.be\/actualites\/#organization\"},\"potentialAction\":[{\"@type\":\"SearchAction\",\"target\":{\"@type\":\"EntryPoint\",\"urlTemplate\":\"https:\/\/vieassociative.be\/actualites\/?s={search_term_string}\"},\"query-input\":{\"@type\":\"PropertyValueSpecification\",\"valueRequired\":true,\"valueName\":\"search_term_string\"}}],\"inLanguage\":\"fr-BE\"},{\"@type\":\"Organization\",\"@id\":\"https:\/\/vieassociative.be\/actualites\/#organization\",\"name\":\"Vie Associative\",\"url\":\"https:\/\/vieassociative.be\/actualites\/\",\"logo\":{\"@type\":\"ImageObject\",\"inLanguage\":\"fr-BE\",\"@id\":\"https:\/\/vieassociative.be\/actualites\/#\/schema\/logo\/image\/\",\"url\":\"https:\/\/vieassociative.be\/actualites\/wp-content\/uploads\/2024\/09\/cropped-vieassociative_favicon.ico.png\",\"contentUrl\":\"https:\/\/vieassociative.be\/actualites\/wp-content\/uploads\/2024\/09\/cropped-vieassociative_favicon.ico.png\",\"width\":512,\"height\":512,\"caption\":\"Vie Associative\"},\"image\":{\"@id\":\"https:\/\/vieassociative.be\/actualites\/#\/schema\/logo\/image\/\"}},{\"@type\":\"Person\",\"@id\":\"https:\/\/vieassociative.be\/actualites\/#\/schema\/person\/b87ac4f82f9d4e7b7cec7395b679edc4\",\"name\":\"Julien\",\"image\":{\"@type\":\"ImageObject\",\"inLanguage\":\"fr-BE\",\"@id\":\"https:\/\/vieassociative.be\/actualites\/#\/schema\/person\/image\/\",\"url\":\"https:\/\/vieassociative.be\/actualites\/wp-content\/uploads\/2024\/09\/vie-associative-1-150x150.jpg\",\"contentUrl\":\"https:\/\/vieassociative.be\/actualites\/wp-content\/uploads\/2024\/09\/vie-associative-1-150x150.jpg\",\"caption\":\"Julien\"},\"description\":\"Je suis Julien, r\u00e9dacteur pour Vie Associative. Passionn\u00e9 par le monde associatif depuis plus de 10 ans, j'ai \u00e0 c\u0153ur de partager des histoires inspirantes et de mettre en lumi\u00e8re les initiatives locales. Mon objectif est de sensibiliser et d'encourager l'engagement communautaire \u00e0 travers mes articles.\",\"sameAs\":[\"https:\/\/vieassociative.be\/\"]}]}<\/script>\n<!-- \/ Yoast SEO plugin. -->","yoast_head_json":{"title":"Voici pourquoi les AirPod Pro 3 sont \u00abnon r\u00e9parables\u00bb | Vie Associative","robots":{"index":"index","follow":"follow","max-snippet":"max-snippet:-1","max-image-preview":"max-image-preview:large","max-video-preview":"max-video-preview:-1"},"canonical":"https:\/\/vieassociative.be\/actualites\/voici-pourquoi-les-airpod-pro-3-sont-non-reparables\/","og_locale":"fr_FR","og_type":"article","og_title":"Voici pourquoi les AirPod Pro 3 sont \u00abnon r\u00e9parables\u00bb | Vie Associative","og_description":"Si vous ouvrez vos AirPods, vous \u00eates presque assur\u00e9 de les casser. Saviez-vous que vous pouvez personnaliser Google pour filtrer les ordures? Prendre ces \u00e9tapes","og_url":"https:\/\/vieassociative.be\/actualites\/voici-pourquoi-les-airpod-pro-3-sont-non-reparables\/","og_site_name":"Vie Associative","article_published_time":"2025-10-06T01:17:15+00:00","og_image":[{"url":"https:\/\/vieassociative.be\/actualites\/wp-content\/uploads\/2025\/09\/1757726237_608_Meta-pourrait-devoiler-une-montre-intelligente-pour-controler-ses-lunettes.jpg","type":"","width":"","height":""}],"author":"Julien","twitter_card":"summary_large_image","twitter_misc":{"\u00c9crit par":"Julien","Dur\u00e9e de lecture est.":"4 minutes"},"schema":{"@context":"https:\/\/schema.org","@graph":[{"@type":"Article","@id":"https:\/\/vieassociative.be\/actualites\/voici-pourquoi-les-airpod-pro-3-sont-non-reparables\/#article","isPartOf":{"@id":"https:\/\/vieassociative.be\/actualites\/voici-pourquoi-les-airpod-pro-3-sont-non-reparables\/"},"author":{"name":"Julien","@id":"https:\/\/vieassociative.be\/actualites\/#\/schema\/person\/b87ac4f82f9d4e7b7cec7395b679edc4"},"headline":"Voici pourquoi les AirPod Pro 3 sont \u00abnon r\u00e9parables\u00bb","datePublished":"2025-10-06T01:17:15+00:00","dateModified":"2025-10-06T01:17:15+00:00","mainEntityOfPage":{"@id":"https:\/\/vieassociative.be\/actualites\/voici-pourquoi-les-airpod-pro-3-sont-non-reparables\/"},"wordCount":859,"publisher":{"@id":"https:\/\/vieassociative.be\/actualites\/#organization"},"image":{"@id":"https:\/\/vieassociative.be\/actualites\/voici-pourquoi-les-airpod-pro-3-sont-non-reparables\/#primaryimage"},"thumbnailUrl":"https:\/\/vieassociative.be\/actualites\/wp-content\/uploads\/2025\/10\/Voici-pourquoi-les-AirPod-Pro-3-sont-non-reparables.jpg","keywords":["AirPod","Les","Pourquoi","Pro","r\u00e9parables","sont","Voici"],"articleSection":["Technologie"],"inLanguage":"fr-BE"},{"@type":"WebPage","@id":"https:\/\/vieassociative.be\/actualites\/voici-pourquoi-les-airpod-pro-3-sont-non-reparables\/","url":"https:\/\/vieassociative.be\/actualites\/voici-pourquoi-les-airpod-pro-3-sont-non-reparables\/","name":"Voici pourquoi les AirPod Pro 3 sont \u00abnon r\u00e9parables\u00bb | Vie Associative","isPartOf":{"@id":"https:\/\/vieassociative.be\/actualites\/#website"},"primaryImageOfPage":{"@id":"https:\/\/vieassociative.be\/actualites\/voici-pourquoi-les-airpod-pro-3-sont-non-reparables\/#primaryimage"},"image":{"@id":"https:\/\/vieassociative.be\/actualites\/voici-pourquoi-les-airpod-pro-3-sont-non-reparables\/#primaryimage"},"thumbnailUrl":"https:\/\/vieassociative.be\/actualites\/wp-content\/uploads\/2025\/10\/Voici-pourquoi-les-AirPod-Pro-3-sont-non-reparables.jpg","datePublished":"2025-10-06T01:17:15+00:00","dateModified":"2025-10-06T01:17:15+00:00","breadcrumb":{"@id":"https:\/\/vieassociative.be\/actualites\/voici-pourquoi-les-airpod-pro-3-sont-non-reparables\/#breadcrumb"},"inLanguage":"fr-BE","potentialAction":[{"@type":"ReadAction","target":["https:\/\/vieassociative.be\/actualites\/voici-pourquoi-les-airpod-pro-3-sont-non-reparables\/"]}]},{"@type":"ImageObject","inLanguage":"fr-BE","@id":"https:\/\/vieassociative.be\/actualites\/voici-pourquoi-les-airpod-pro-3-sont-non-reparables\/#primaryimage","url":"https:\/\/vieassociative.be\/actualites\/wp-content\/uploads\/2025\/10\/Voici-pourquoi-les-AirPod-Pro-3-sont-non-reparables.jpg","contentUrl":"https:\/\/vieassociative.be\/actualites\/wp-content\/uploads\/2025\/10\/Voici-pourquoi-les-AirPod-Pro-3-sont-non-reparables.jpg","width":1200,"height":675,"caption":"Voici pourquoi les AirPod Pro 3 sont \u00abnon r\u00e9parables\u00bb"},{"@type":"BreadcrumbList","@id":"https:\/\/vieassociative.be\/actualites\/voici-pourquoi-les-airpod-pro-3-sont-non-reparables\/#breadcrumb","itemListElement":[{"@type":"ListItem","position":1,"name":"Accueil","item":"https:\/\/vieassociative.be\/actualites\/"},{"@type":"ListItem","position":2,"name":"Voici pourquoi les AirPod Pro 3 sont \u00abnon r\u00e9parables\u00bb"}]},{"@type":"WebSite","@id":"https:\/\/vieassociative.be\/actualites\/#website","url":"https:\/\/vieassociative.be\/actualites\/","name":"Vie Associative","description":"","publisher":{"@id":"https:\/\/vieassociative.be\/actualites\/#organization"},"potentialAction":[{"@type":"SearchAction","target":{"@type":"EntryPoint","urlTemplate":"https:\/\/vieassociative.be\/actualites\/?s={search_term_string}"},"query-input":{"@type":"PropertyValueSpecification","valueRequired":true,"valueName":"search_term_string"}}],"inLanguage":"fr-BE"},{"@type":"Organization","@id":"https:\/\/vieassociative.be\/actualites\/#organization","name":"Vie Associative","url":"https:\/\/vieassociative.be\/actualites\/","logo":{"@type":"ImageObject","inLanguage":"fr-BE","@id":"https:\/\/vieassociative.be\/actualites\/#\/schema\/logo\/image\/","url":"https:\/\/vieassociative.be\/actualites\/wp-content\/uploads\/2024\/09\/cropped-vieassociative_favicon.ico.png","contentUrl":"https:\/\/vieassociative.be\/actualites\/wp-content\/uploads\/2024\/09\/cropped-vieassociative_favicon.ico.png","width":512,"height":512,"caption":"Vie Associative"},"image":{"@id":"https:\/\/vieassociative.be\/actualites\/#\/schema\/logo\/image\/"}},{"@type":"Person","@id":"https:\/\/vieassociative.be\/actualites\/#\/schema\/person\/b87ac4f82f9d4e7b7cec7395b679edc4","name":"Julien","image":{"@type":"ImageObject","inLanguage":"fr-BE","@id":"https:\/\/vieassociative.be\/actualites\/#\/schema\/person\/image\/","url":"https:\/\/vieassociative.be\/actualites\/wp-content\/uploads\/2024\/09\/vie-associative-1-150x150.jpg","contentUrl":"https:\/\/vieassociative.be\/actualites\/wp-content\/uploads\/2024\/09\/vie-associative-1-150x150.jpg","caption":"Julien"},"description":"Je suis Julien, r\u00e9dacteur pour Vie Associative. Passionn\u00e9 par le monde associatif depuis plus de 10 ans, j'ai \u00e0 c\u0153ur de partager des histoires inspirantes et de mettre en lumi\u00e8re les initiatives locales. Mon objectif est de sensibiliser et d'encourager l'engagement communautaire \u00e0 travers mes articles.","sameAs":["https:\/\/vieassociative.be\/"]}]}},"_links":{"self":[{"href":"https:\/\/vieassociative.be\/actualites\/wp-json\/wp\/v2\/posts\/10472"}],"collection":[{"href":"https:\/\/vieassociative.be\/actualites\/wp-json\/wp\/v2\/posts"}],"about":[{"href":"https:\/\/vieassociative.be\/actualites\/wp-json\/wp\/v2\/types\/post"}],"author":[{"embeddable":true,"href":"https:\/\/vieassociative.be\/actualites\/wp-json\/wp\/v2\/users\/1"}],"replies":[{"embeddable":true,"href":"https:\/\/vieassociative.be\/actualites\/wp-json\/wp\/v2\/comments?post=10472"}],"version-history":[{"count":0,"href":"https:\/\/vieassociative.be\/actualites\/wp-json\/wp\/v2\/posts\/10472\/revisions"}],"wp:featuredmedia":[{"embeddable":true,"href":"https:\/\/vieassociative.be\/actualites\/wp-json\/wp\/v2\/media\/10473"}],"wp:attachment":[{"href":"https:\/\/vieassociative.be\/actualites\/wp-json\/wp\/v2\/media?parent=10472"}],"wp:term":[{"taxonomy":"category","embeddable":true,"href":"https:\/\/vieassociative.be\/actualites\/wp-json\/wp\/v2\/categories?post=10472"},{"taxonomy":"post_tag","embeddable":true,"href":"https:\/\/vieassociative.be\/actualites\/wp-json\/wp\/v2\/tags?post=10472"}],"curies":[{"name":"wp","href":"https:\/\/api.w.org\/{rel}","templated":true}]}}