{"id":10470,"date":"2025-10-05T22:18:23","date_gmt":"2025-10-05T20:18:23","guid":{"rendered":"https:\/\/vieassociative.be\/actualites\/au-championnat-deurope-dans-lardeche-comme-lors-de-la-coupe-du-monde-au-rwanda-tadej-pogacar-gagne-lor-devant-remco-millepoel\/"},"modified":"2025-10-05T22:18:23","modified_gmt":"2025-10-05T20:18:23","slug":"au-championnat-deurope-dans-lardeche-comme-lors-de-la-coupe-du-monde-au-rwanda-tadej-pogacar-gagne-lor-devant-remco-millepoel","status":"publish","type":"post","link":"https:\/\/vieassociative.be\/actualites\/au-championnat-deurope-dans-lardeche-comme-lors-de-la-coupe-du-monde-au-rwanda-tadej-pogacar-gagne-lor-devant-remco-millepoel\/","title":{"rendered":"Au Championnat d&rsquo;Europe dans l&rsquo;Ard\u00e8che comme lors de la Coupe du monde au Rwanda: Tadej Pogacar gagne l&rsquo;or devant Remco Millepoel"},"content":{"rendered":"<p><strong>Une semaine apr\u00e8s la m\u00e9daille d&rsquo;or aux Championnats du monde de Kigali, la superstar Tadej Pogacar de Slov\u00e9nie dans l&rsquo;Ard\u00e8che est \u00e9galement devenue champion europ\u00e9enne de v\u00e9lo de la route. Comme au Rwanda, le Remco Belgian Remco Evenepoel devait \u00e9galement \u00eatre satisfait de la deuxi\u00e8me place en France. Le jeune espoir fran\u00e7ais Paul Seixas a pris la troisi\u00e8me place.<\/strong><\/p>\n<p><span id=\"more-426317\"><\/span>Tadej Pogacar a regard\u00e9 en arri\u00e8re bri\u00e8vement avec un large sourire, puis le clo\u00eetre exceptionnel slov\u00e8ne a roul\u00e9 sur la ligne d&rsquo;arriv\u00e9e apr\u00e8s une autre d\u00e9monstration de puissance avec un index sur\u00e9lev\u00e9.<\/p>\n<p>Dans les vignobles de l&rsquo;Ard\u00e8che, le champion du Tour de France a donn\u00e9 \u00e0 ses rivaux un autre coup difficile et n&rsquo;a remport\u00e9 le championnat europ\u00e9en du radium Road une semaine apr\u00e8s le triomphe de la Coupe du monde de Kigali pour la premi\u00e8re fois. <\/p>\n<\/p>\n<div id=\"attachment_414305\" class=\"wp-caption alignleft\" style=\"max-width: 300px\"><img fetchpriority=\"high\" decoding=\"async\" class=\"wp-image-414305 size-medium\" src=\"https:\/\/vieassociative.be\/actualites\/wp-content\/uploads\/2025\/10\/Au-Championnat-dEurope-dans-lArdeche-comme-lors-de-la-Coupe.jpg\" alt=\"\" width=\"300\" height=\"200\"  ><\/div>\n<p>Apr\u00e8s un impressionnant solo de 75 kilom\u00e8tres, Pogacar a gagn\u00e9 devant son grand adversaire Remco Evenepoel et le talent fran\u00e7ais Paul Seixas.<\/p>\n<p>\u00ab\u00a0Chaque ann\u00e9e, je veux \u00eatre mieux, acqu\u00e9rir plus d&rsquo;exp\u00e9rience et gagner des courses diff\u00e9rentes. Je suis heureux de gagner toutes ces courses. Je dois en profiter, tant que je peux\u00a0\u00bb, a d\u00e9clar\u00e9 Pogacar, qui \u00e9tait une avance de 31 secondes \u00e0 l&rsquo;arriv\u00e9e: \u00ab\u00a0Je ne pensais pas que c&rsquo;\u00e9tait super dominant. Remco \u00e9tait vraiment bon.\u00a0\u00bb J&rsquo;ai d\u00fb tout donner. \u00ab\u00a0<\/p>\n<p>La bataille \u00e0 trois plats esp\u00e9r\u00e9e \u00e9tait de plus de 202,5 \u200b\u200bkilom\u00e8tres sur le circuit difficile, car le rival de la tourn\u00e9e Jonas Vingegaard du Danemark n&rsquo;a pas du tout jou\u00e9 un r\u00f4le et a \u00e9t\u00e9 laiss\u00e9 \u00e0 109 kilom\u00e8tres avant la fin. Et avec un double champion olympique, il est de nouveau revenu clair qu&rsquo;il a un grand moteur, mais est d\u00e9sesp\u00e9r\u00e9ment inf\u00e9rieur aux longues mont\u00e9es contre Pogacar.<\/p>\n<p><strong>&#8211; Vingegaard et ses probl\u00e8mes avec une course \u00e0 un seul jour:<\/strong> Dans la course masculine, il y avait un grand espoir d&rsquo;un \u00e9change ouvert de coups. Jamais auparavant \u00e0 une EM n&rsquo;\u00e9tait le champ si haut de gamme. Et similaire \u00e0 il y a une semaine au Rwanda, les choses se sont d\u00e9roul\u00e9es t\u00f4t. Pour Vingegaard, cependant, le rythme \u00e9tait beaucoup trop \u00e9lev\u00e9.<\/p>\n<\/p>\n<div id=\"attachment_426323\" class=\"wp-caption alignleft\" style=\"max-width: 300px\"><img decoding=\"async\" class=\"wp-image-426323 size-medium\" src=\"https:\/\/vieassociative.be\/actualites\/wp-content\/uploads\/2025\/10\/1759695503_158_Au-Championnat-dEurope-dans-lArdeche-comme-lors-de-la-Coupe.jpg\" alt=\"\" width=\"300\" height=\"200\"><\/div>\n<p>\u00ab\u00a0J&rsquo;ai toujours eu des probl\u00e8mes avec une course d&rsquo;une journ\u00e9e. Cette course est un test\u00a0\u00bb, a d\u00e9clar\u00e9 le double vainqueur du tour de France. Trois semaines seulement apr\u00e8s sa victoire de Vuelta, d\u00e9sillusion \u00e0 Vingegaard, qui voyageait dans le maillot national pour la premi\u00e8re fois depuis 2018, \u00e9tait probablement formidable.<\/p>\n<p>D\u00e8s que Vingegaard a \u00e9t\u00e9 laiss\u00e9 pour compte, m\u00eame m\u00eame le rythme. Le Belge, qui conduira \u00e0 l&rsquo;\u00e9quipe allemande Red Bull \u00e0 l&rsquo;avenir, voulait prendre Revanche pour la course de la Coupe du monde il y a une semaine. Mais sur la C\u00f4te de Saint-Romain-de-Lerps, une augmentation moyenne d&rsquo;une mont\u00e9e de 7,2%, les faiblesses de la seconde de la Coupe du monde se sont r\u00e9v\u00e9l\u00e9es \u00e0 nouveau sur la montagne. Le joueur de 25 ans est actuellement imbattable dans les contre-temps &#8211; m\u00eame Ovepoel a remport\u00e9 la lutte contre le chronom\u00e8tre au milieu de la semaine apr\u00e8s les triomphes aux Jeux olympiques et \u00e0 la Coupe du monde.<\/p>\n<p><strong>&#8211; 18e victoire de la saison pour Pogacar:<\/strong> Pour Pogacar, c&rsquo;\u00e9tait la 18e victoire de la saison. En plus du titre de la Coupe du monde au Rwanda, le Slov\u00e8ne avait remport\u00e9 quatre succ\u00e8s sur sc\u00e8ne et sa quatri\u00e8me victoire globale \u00e0 la tourn\u00e9e ainsi que la tourn\u00e9e classique des Flandre, Fl\u00e8che Wallonne et Li\u00e8ge-Bastogne-Li\u00e8ge.<\/p>\n<p>Et un dernier point culminant est toujours en attente cette ann\u00e9e. La semaine prochaine, le dernier soi-disant monument est sur le programme cette ann\u00e9e avec la course Lombardy Tour-A qui a domin\u00e9 Pogacar au cours des quatre derni\u00e8res ann\u00e9es. Le Lombardy Tour est l&rsquo;un des cinq monuments du cyclisme professionnel avec Milan-Sanremo, Flandre Tour, Paris-Roubaix et Li\u00e8ge-Bastogne-Li\u00e8ge. (DPA \/ CRE)<\/p>\n","protected":false},"excerpt":{"rendered":"<p>Une semaine apr\u00e8s la m\u00e9daille d&rsquo;or aux Championnats du monde de Kigali, la superstar Tadej Pogacar de Slov\u00e9nie dans l&rsquo;Ard\u00e8che est \u00e9galement devenue champion europ\u00e9enne<\/p>\n","protected":false},"author":1,"featured_media":10471,"comment_status":"","ping_status":"","sticky":false,"template":"","format":"standard","meta":{"footnotes":""},"categories":[298],"tags":[4054,1254,2472,166,3976,2381,2299,8789,2566,353,8790,237,5976,6493,8691,6345],"class_list":["post-10470","post","type-post","status-publish","format-standard","has-post-thumbnail","hentry","category-belgique","tag-championnat","tag-comme","tag-coupe","tag-dans","tag-deurope","tag-devant","tag-gagne","tag-lardeche","tag-lor","tag-lors","tag-millepoel","tag-monde","tag-pogacar","tag-remco","tag-rwanda","tag-tadej","generate-columns","tablet-grid-50","mobile-grid-100","grid-parent","grid-33"],"yoast_head":"<!-- This site is optimized with the Yoast SEO plugin v24.0 - https:\/\/yoast.com\/wordpress\/plugins\/seo\/ -->\n<title>Au Championnat d&#039;Europe dans l&#039;Ard\u00e8che comme lors de la Coupe du monde au Rwanda: Tadej Pogacar gagne l&#039;or devant Remco Millepoel | Vie Associative<\/title>\n<meta name=\"robots\" content=\"index, follow, max-snippet:-1, max-image-preview:large, max-video-preview:-1\" \/>\n<link rel=\"canonical\" href=\"https:\/\/vieassociative.be\/actualites\/au-championnat-deurope-dans-lardeche-comme-lors-de-la-coupe-du-monde-au-rwanda-tadej-pogacar-gagne-lor-devant-remco-millepoel\/\" \/>\n<meta property=\"og:locale\" content=\"fr_FR\" \/>\n<meta property=\"og:type\" content=\"article\" \/>\n<meta property=\"og:title\" content=\"Au Championnat d&#039;Europe dans l&#039;Ard\u00e8che comme lors de la Coupe du monde au Rwanda: Tadej Pogacar gagne l&#039;or devant Remco Millepoel | Vie Associative\" \/>\n<meta property=\"og:description\" content=\"Une semaine apr\u00e8s la m\u00e9daille d&rsquo;or aux Championnats du monde de Kigali, la superstar Tadej Pogacar de Slov\u00e9nie dans l&rsquo;Ard\u00e8che est \u00e9galement devenue champion europ\u00e9enne\" \/>\n<meta property=\"og:url\" content=\"https:\/\/vieassociative.be\/actualites\/au-championnat-deurope-dans-lardeche-comme-lors-de-la-coupe-du-monde-au-rwanda-tadej-pogacar-gagne-lor-devant-remco-millepoel\/\" \/>\n<meta property=\"og:site_name\" content=\"Vie Associative\" \/>\n<meta property=\"article:published_time\" content=\"2025-10-05T20:18:23+00:00\" \/>\n<meta property=\"og:image\" content=\"https:\/\/vieassociative.be\/actualites\/wp-content\/uploads\/2024\/09\/header_backgroundk-01-e1726694325946.png\" \/>\n\t<meta property=\"og:image:width\" content=\"279\" \/>\n\t<meta property=\"og:image:height\" content=\"92\" \/>\n\t<meta property=\"og:image:type\" content=\"image\/png\" \/>\n<meta name=\"author\" content=\"Julien\" \/>\n<meta name=\"twitter:card\" content=\"summary_large_image\" \/>\n<meta name=\"twitter:label1\" content=\"\u00c9crit par\" \/>\n\t<meta name=\"twitter:data1\" content=\"Julien\" \/>\n\t<meta name=\"twitter:label2\" content=\"Dur\u00e9e de lecture est.\" \/>\n\t<meta name=\"twitter:data2\" content=\"3 minutes\" \/>\n<script type=\"application\/ld+json\" class=\"yoast-schema-graph\">{\"@context\":\"https:\/\/schema.org\",\"@graph\":[{\"@type\":\"Article\",\"@id\":\"https:\/\/vieassociative.be\/actualites\/au-championnat-deurope-dans-lardeche-comme-lors-de-la-coupe-du-monde-au-rwanda-tadej-pogacar-gagne-lor-devant-remco-millepoel\/#article\",\"isPartOf\":{\"@id\":\"https:\/\/vieassociative.be\/actualites\/au-championnat-deurope-dans-lardeche-comme-lors-de-la-coupe-du-monde-au-rwanda-tadej-pogacar-gagne-lor-devant-remco-millepoel\/\"},\"author\":{\"name\":\"Julien\",\"@id\":\"https:\/\/vieassociative.be\/actualites\/#\/schema\/person\/b87ac4f82f9d4e7b7cec7395b679edc4\"},\"headline\":\"Au Championnat d&rsquo;Europe dans l&rsquo;Ard\u00e8che comme lors de la Coupe du monde au Rwanda: Tadej Pogacar gagne l&rsquo;or devant Remco Millepoel\",\"datePublished\":\"2025-10-05T20:18:23+00:00\",\"dateModified\":\"2025-10-05T20:18:23+00:00\",\"mainEntityOfPage\":{\"@id\":\"https:\/\/vieassociative.be\/actualites\/au-championnat-deurope-dans-lardeche-comme-lors-de-la-coupe-du-monde-au-rwanda-tadej-pogacar-gagne-lor-devant-remco-millepoel\/\"},\"wordCount\":723,\"publisher\":{\"@id\":\"https:\/\/vieassociative.be\/actualites\/#organization\"},\"image\":{\"@id\":\"https:\/\/vieassociative.be\/actualites\/au-championnat-deurope-dans-lardeche-comme-lors-de-la-coupe-du-monde-au-rwanda-tadej-pogacar-gagne-lor-devant-remco-millepoel\/#primaryimage\"},\"thumbnailUrl\":\"https:\/\/vieassociative.be\/actualites\/wp-content\/uploads\/2025\/10\/1759695503_Au-Championnat-dEurope-dans-lArdeche-comme-lors-de-la-Coupe.jpg\",\"keywords\":[\"Championnat\",\"comme\",\"Coupe\",\"dans\",\"dEurope\",\"devant\",\"gagn\u00e9\",\"lArd\u00e8che\",\"lor\",\"lors\",\"Millepoel\",\"monde\",\"Pogacar\",\"Remco\",\"Rwanda\",\"Tadej\"],\"articleSection\":[\"Belgique\"],\"inLanguage\":\"fr-BE\"},{\"@type\":\"WebPage\",\"@id\":\"https:\/\/vieassociative.be\/actualites\/au-championnat-deurope-dans-lardeche-comme-lors-de-la-coupe-du-monde-au-rwanda-tadej-pogacar-gagne-lor-devant-remco-millepoel\/\",\"url\":\"https:\/\/vieassociative.be\/actualites\/au-championnat-deurope-dans-lardeche-comme-lors-de-la-coupe-du-monde-au-rwanda-tadej-pogacar-gagne-lor-devant-remco-millepoel\/\",\"name\":\"Au Championnat d'Europe dans l'Ard\u00e8che comme lors de la Coupe du monde au Rwanda: Tadej Pogacar gagne l'or devant Remco Millepoel | Vie Associative\",\"isPartOf\":{\"@id\":\"https:\/\/vieassociative.be\/actualites\/#website\"},\"primaryImageOfPage\":{\"@id\":\"https:\/\/vieassociative.be\/actualites\/au-championnat-deurope-dans-lardeche-comme-lors-de-la-coupe-du-monde-au-rwanda-tadej-pogacar-gagne-lor-devant-remco-millepoel\/#primaryimage\"},\"image\":{\"@id\":\"https:\/\/vieassociative.be\/actualites\/au-championnat-deurope-dans-lardeche-comme-lors-de-la-coupe-du-monde-au-rwanda-tadej-pogacar-gagne-lor-devant-remco-millepoel\/#primaryimage\"},\"thumbnailUrl\":\"https:\/\/vieassociative.be\/actualites\/wp-content\/uploads\/2025\/10\/1759695503_Au-Championnat-dEurope-dans-lArdeche-comme-lors-de-la-Coupe.jpg\",\"datePublished\":\"2025-10-05T20:18:23+00:00\",\"dateModified\":\"2025-10-05T20:18:23+00:00\",\"breadcrumb\":{\"@id\":\"https:\/\/vieassociative.be\/actualites\/au-championnat-deurope-dans-lardeche-comme-lors-de-la-coupe-du-monde-au-rwanda-tadej-pogacar-gagne-lor-devant-remco-millepoel\/#breadcrumb\"},\"inLanguage\":\"fr-BE\",\"potentialAction\":[{\"@type\":\"ReadAction\",\"target\":[\"https:\/\/vieassociative.be\/actualites\/au-championnat-deurope-dans-lardeche-comme-lors-de-la-coupe-du-monde-au-rwanda-tadej-pogacar-gagne-lor-devant-remco-millepoel\/\"]}]},{\"@type\":\"ImageObject\",\"inLanguage\":\"fr-BE\",\"@id\":\"https:\/\/vieassociative.be\/actualites\/au-championnat-deurope-dans-lardeche-comme-lors-de-la-coupe-du-monde-au-rwanda-tadej-pogacar-gagne-lor-devant-remco-millepoel\/#primaryimage\",\"url\":\"https:\/\/vieassociative.be\/actualites\/wp-content\/uploads\/2025\/10\/1759695503_Au-Championnat-dEurope-dans-lArdeche-comme-lors-de-la-Coupe.jpg\",\"contentUrl\":\"https:\/\/vieassociative.be\/actualites\/wp-content\/uploads\/2025\/10\/1759695503_Au-Championnat-dEurope-dans-lArdeche-comme-lors-de-la-Coupe.jpg\",\"width\":1200,\"height\":800,\"caption\":\"Au Championnat d'Europe dans l'Ard\u00e8che comme lors de la Coupe du monde au Rwanda: Tadej Pogacar gagne l'or devant Remco Millepoel\"},{\"@type\":\"BreadcrumbList\",\"@id\":\"https:\/\/vieassociative.be\/actualites\/au-championnat-deurope-dans-lardeche-comme-lors-de-la-coupe-du-monde-au-rwanda-tadej-pogacar-gagne-lor-devant-remco-millepoel\/#breadcrumb\",\"itemListElement\":[{\"@type\":\"ListItem\",\"position\":1,\"name\":\"Accueil\",\"item\":\"https:\/\/vieassociative.be\/actualites\/\"},{\"@type\":\"ListItem\",\"position\":2,\"name\":\"Au Championnat d&rsquo;Europe dans l&rsquo;Ard\u00e8che comme lors de la Coupe du monde au Rwanda: Tadej Pogacar gagne l&rsquo;or devant Remco Millepoel\"}]},{\"@type\":\"WebSite\",\"@id\":\"https:\/\/vieassociative.be\/actualites\/#website\",\"url\":\"https:\/\/vieassociative.be\/actualites\/\",\"name\":\"Vie Associative\",\"description\":\"\",\"publisher\":{\"@id\":\"https:\/\/vieassociative.be\/actualites\/#organization\"},\"potentialAction\":[{\"@type\":\"SearchAction\",\"target\":{\"@type\":\"EntryPoint\",\"urlTemplate\":\"https:\/\/vieassociative.be\/actualites\/?s={search_term_string}\"},\"query-input\":{\"@type\":\"PropertyValueSpecification\",\"valueRequired\":true,\"valueName\":\"search_term_string\"}}],\"inLanguage\":\"fr-BE\"},{\"@type\":\"Organization\",\"@id\":\"https:\/\/vieassociative.be\/actualites\/#organization\",\"name\":\"Vie Associative\",\"url\":\"https:\/\/vieassociative.be\/actualites\/\",\"logo\":{\"@type\":\"ImageObject\",\"inLanguage\":\"fr-BE\",\"@id\":\"https:\/\/vieassociative.be\/actualites\/#\/schema\/logo\/image\/\",\"url\":\"https:\/\/vieassociative.be\/actualites\/wp-content\/uploads\/2024\/09\/cropped-vieassociative_favicon.ico.png\",\"contentUrl\":\"https:\/\/vieassociative.be\/actualites\/wp-content\/uploads\/2024\/09\/cropped-vieassociative_favicon.ico.png\",\"width\":512,\"height\":512,\"caption\":\"Vie Associative\"},\"image\":{\"@id\":\"https:\/\/vieassociative.be\/actualites\/#\/schema\/logo\/image\/\"}},{\"@type\":\"Person\",\"@id\":\"https:\/\/vieassociative.be\/actualites\/#\/schema\/person\/b87ac4f82f9d4e7b7cec7395b679edc4\",\"name\":\"Julien\",\"image\":{\"@type\":\"ImageObject\",\"inLanguage\":\"fr-BE\",\"@id\":\"https:\/\/vieassociative.be\/actualites\/#\/schema\/person\/image\/\",\"url\":\"https:\/\/vieassociative.be\/actualites\/wp-content\/uploads\/2024\/09\/vie-associative-1-150x150.jpg\",\"contentUrl\":\"https:\/\/vieassociative.be\/actualites\/wp-content\/uploads\/2024\/09\/vie-associative-1-150x150.jpg\",\"caption\":\"Julien\"},\"description\":\"Je suis Julien, r\u00e9dacteur pour Vie Associative. Passionn\u00e9 par le monde associatif depuis plus de 10 ans, j'ai \u00e0 c\u0153ur de partager des histoires inspirantes et de mettre en lumi\u00e8re les initiatives locales. Mon objectif est de sensibiliser et d'encourager l'engagement communautaire \u00e0 travers mes articles.\",\"sameAs\":[\"https:\/\/vieassociative.be\/\"]}]}<\/script>\n<!-- \/ Yoast SEO plugin. -->","yoast_head_json":{"title":"Au Championnat d'Europe dans l'Ard\u00e8che comme lors de la Coupe du monde au Rwanda: Tadej Pogacar gagne l'or devant Remco Millepoel | Vie Associative","robots":{"index":"index","follow":"follow","max-snippet":"max-snippet:-1","max-image-preview":"max-image-preview:large","max-video-preview":"max-video-preview:-1"},"canonical":"https:\/\/vieassociative.be\/actualites\/au-championnat-deurope-dans-lardeche-comme-lors-de-la-coupe-du-monde-au-rwanda-tadej-pogacar-gagne-lor-devant-remco-millepoel\/","og_locale":"fr_FR","og_type":"article","og_title":"Au Championnat d'Europe dans l'Ard\u00e8che comme lors de la Coupe du monde au Rwanda: Tadej Pogacar gagne l'or devant Remco Millepoel | Vie Associative","og_description":"Une semaine apr\u00e8s la m\u00e9daille d&rsquo;or aux Championnats du monde de Kigali, la superstar Tadej Pogacar de Slov\u00e9nie dans l&rsquo;Ard\u00e8che est \u00e9galement devenue champion europ\u00e9enne","og_url":"https:\/\/vieassociative.be\/actualites\/au-championnat-deurope-dans-lardeche-comme-lors-de-la-coupe-du-monde-au-rwanda-tadej-pogacar-gagne-lor-devant-remco-millepoel\/","og_site_name":"Vie Associative","article_published_time":"2025-10-05T20:18:23+00:00","og_image":[{"width":279,"height":92,"url":"https:\/\/vieassociative.be\/actualites\/wp-content\/uploads\/2024\/09\/header_backgroundk-01-e1726694325946.png","type":"image\/png"}],"author":"Julien","twitter_card":"summary_large_image","twitter_misc":{"\u00c9crit par":"Julien","Dur\u00e9e de lecture est.":"3 minutes"},"schema":{"@context":"https:\/\/schema.org","@graph":[{"@type":"Article","@id":"https:\/\/vieassociative.be\/actualites\/au-championnat-deurope-dans-lardeche-comme-lors-de-la-coupe-du-monde-au-rwanda-tadej-pogacar-gagne-lor-devant-remco-millepoel\/#article","isPartOf":{"@id":"https:\/\/vieassociative.be\/actualites\/au-championnat-deurope-dans-lardeche-comme-lors-de-la-coupe-du-monde-au-rwanda-tadej-pogacar-gagne-lor-devant-remco-millepoel\/"},"author":{"name":"Julien","@id":"https:\/\/vieassociative.be\/actualites\/#\/schema\/person\/b87ac4f82f9d4e7b7cec7395b679edc4"},"headline":"Au Championnat d&rsquo;Europe dans l&rsquo;Ard\u00e8che comme lors de la Coupe du monde au Rwanda: Tadej Pogacar gagne l&rsquo;or devant Remco Millepoel","datePublished":"2025-10-05T20:18:23+00:00","dateModified":"2025-10-05T20:18:23+00:00","mainEntityOfPage":{"@id":"https:\/\/vieassociative.be\/actualites\/au-championnat-deurope-dans-lardeche-comme-lors-de-la-coupe-du-monde-au-rwanda-tadej-pogacar-gagne-lor-devant-remco-millepoel\/"},"wordCount":723,"publisher":{"@id":"https:\/\/vieassociative.be\/actualites\/#organization"},"image":{"@id":"https:\/\/vieassociative.be\/actualites\/au-championnat-deurope-dans-lardeche-comme-lors-de-la-coupe-du-monde-au-rwanda-tadej-pogacar-gagne-lor-devant-remco-millepoel\/#primaryimage"},"thumbnailUrl":"https:\/\/vieassociative.be\/actualites\/wp-content\/uploads\/2025\/10\/1759695503_Au-Championnat-dEurope-dans-lArdeche-comme-lors-de-la-Coupe.jpg","keywords":["Championnat","comme","Coupe","dans","dEurope","devant","gagn\u00e9","lArd\u00e8che","lor","lors","Millepoel","monde","Pogacar","Remco","Rwanda","Tadej"],"articleSection":["Belgique"],"inLanguage":"fr-BE"},{"@type":"WebPage","@id":"https:\/\/vieassociative.be\/actualites\/au-championnat-deurope-dans-lardeche-comme-lors-de-la-coupe-du-monde-au-rwanda-tadej-pogacar-gagne-lor-devant-remco-millepoel\/","url":"https:\/\/vieassociative.be\/actualites\/au-championnat-deurope-dans-lardeche-comme-lors-de-la-coupe-du-monde-au-rwanda-tadej-pogacar-gagne-lor-devant-remco-millepoel\/","name":"Au Championnat d'Europe dans l'Ard\u00e8che comme lors de la Coupe du monde au Rwanda: Tadej Pogacar gagne l'or devant Remco Millepoel | Vie Associative","isPartOf":{"@id":"https:\/\/vieassociative.be\/actualites\/#website"},"primaryImageOfPage":{"@id":"https:\/\/vieassociative.be\/actualites\/au-championnat-deurope-dans-lardeche-comme-lors-de-la-coupe-du-monde-au-rwanda-tadej-pogacar-gagne-lor-devant-remco-millepoel\/#primaryimage"},"image":{"@id":"https:\/\/vieassociative.be\/actualites\/au-championnat-deurope-dans-lardeche-comme-lors-de-la-coupe-du-monde-au-rwanda-tadej-pogacar-gagne-lor-devant-remco-millepoel\/#primaryimage"},"thumbnailUrl":"https:\/\/vieassociative.be\/actualites\/wp-content\/uploads\/2025\/10\/1759695503_Au-Championnat-dEurope-dans-lArdeche-comme-lors-de-la-Coupe.jpg","datePublished":"2025-10-05T20:18:23+00:00","dateModified":"2025-10-05T20:18:23+00:00","breadcrumb":{"@id":"https:\/\/vieassociative.be\/actualites\/au-championnat-deurope-dans-lardeche-comme-lors-de-la-coupe-du-monde-au-rwanda-tadej-pogacar-gagne-lor-devant-remco-millepoel\/#breadcrumb"},"inLanguage":"fr-BE","potentialAction":[{"@type":"ReadAction","target":["https:\/\/vieassociative.be\/actualites\/au-championnat-deurope-dans-lardeche-comme-lors-de-la-coupe-du-monde-au-rwanda-tadej-pogacar-gagne-lor-devant-remco-millepoel\/"]}]},{"@type":"ImageObject","inLanguage":"fr-BE","@id":"https:\/\/vieassociative.be\/actualites\/au-championnat-deurope-dans-lardeche-comme-lors-de-la-coupe-du-monde-au-rwanda-tadej-pogacar-gagne-lor-devant-remco-millepoel\/#primaryimage","url":"https:\/\/vieassociative.be\/actualites\/wp-content\/uploads\/2025\/10\/1759695503_Au-Championnat-dEurope-dans-lArdeche-comme-lors-de-la-Coupe.jpg","contentUrl":"https:\/\/vieassociative.be\/actualites\/wp-content\/uploads\/2025\/10\/1759695503_Au-Championnat-dEurope-dans-lArdeche-comme-lors-de-la-Coupe.jpg","width":1200,"height":800,"caption":"Au Championnat d'Europe dans l'Ard\u00e8che comme lors de la Coupe du monde au Rwanda: Tadej Pogacar gagne l'or devant Remco Millepoel"},{"@type":"BreadcrumbList","@id":"https:\/\/vieassociative.be\/actualites\/au-championnat-deurope-dans-lardeche-comme-lors-de-la-coupe-du-monde-au-rwanda-tadej-pogacar-gagne-lor-devant-remco-millepoel\/#breadcrumb","itemListElement":[{"@type":"ListItem","position":1,"name":"Accueil","item":"https:\/\/vieassociative.be\/actualites\/"},{"@type":"ListItem","position":2,"name":"Au Championnat d&rsquo;Europe dans l&rsquo;Ard\u00e8che comme lors de la Coupe du monde au Rwanda: Tadej Pogacar gagne l&rsquo;or devant Remco Millepoel"}]},{"@type":"WebSite","@id":"https:\/\/vieassociative.be\/actualites\/#website","url":"https:\/\/vieassociative.be\/actualites\/","name":"Vie Associative","description":"","publisher":{"@id":"https:\/\/vieassociative.be\/actualites\/#organization"},"potentialAction":[{"@type":"SearchAction","target":{"@type":"EntryPoint","urlTemplate":"https:\/\/vieassociative.be\/actualites\/?s={search_term_string}"},"query-input":{"@type":"PropertyValueSpecification","valueRequired":true,"valueName":"search_term_string"}}],"inLanguage":"fr-BE"},{"@type":"Organization","@id":"https:\/\/vieassociative.be\/actualites\/#organization","name":"Vie Associative","url":"https:\/\/vieassociative.be\/actualites\/","logo":{"@type":"ImageObject","inLanguage":"fr-BE","@id":"https:\/\/vieassociative.be\/actualites\/#\/schema\/logo\/image\/","url":"https:\/\/vieassociative.be\/actualites\/wp-content\/uploads\/2024\/09\/cropped-vieassociative_favicon.ico.png","contentUrl":"https:\/\/vieassociative.be\/actualites\/wp-content\/uploads\/2024\/09\/cropped-vieassociative_favicon.ico.png","width":512,"height":512,"caption":"Vie Associative"},"image":{"@id":"https:\/\/vieassociative.be\/actualites\/#\/schema\/logo\/image\/"}},{"@type":"Person","@id":"https:\/\/vieassociative.be\/actualites\/#\/schema\/person\/b87ac4f82f9d4e7b7cec7395b679edc4","name":"Julien","image":{"@type":"ImageObject","inLanguage":"fr-BE","@id":"https:\/\/vieassociative.be\/actualites\/#\/schema\/person\/image\/","url":"https:\/\/vieassociative.be\/actualites\/wp-content\/uploads\/2024\/09\/vie-associative-1-150x150.jpg","contentUrl":"https:\/\/vieassociative.be\/actualites\/wp-content\/uploads\/2024\/09\/vie-associative-1-150x150.jpg","caption":"Julien"},"description":"Je suis Julien, r\u00e9dacteur pour Vie Associative. Passionn\u00e9 par le monde associatif depuis plus de 10 ans, j'ai \u00e0 c\u0153ur de partager des histoires inspirantes et de mettre en lumi\u00e8re les initiatives locales. Mon objectif est de sensibiliser et d'encourager l'engagement communautaire \u00e0 travers mes articles.","sameAs":["https:\/\/vieassociative.be\/"]}]}},"_links":{"self":[{"href":"https:\/\/vieassociative.be\/actualites\/wp-json\/wp\/v2\/posts\/10470"}],"collection":[{"href":"https:\/\/vieassociative.be\/actualites\/wp-json\/wp\/v2\/posts"}],"about":[{"href":"https:\/\/vieassociative.be\/actualites\/wp-json\/wp\/v2\/types\/post"}],"author":[{"embeddable":true,"href":"https:\/\/vieassociative.be\/actualites\/wp-json\/wp\/v2\/users\/1"}],"replies":[{"embeddable":true,"href":"https:\/\/vieassociative.be\/actualites\/wp-json\/wp\/v2\/comments?post=10470"}],"version-history":[{"count":0,"href":"https:\/\/vieassociative.be\/actualites\/wp-json\/wp\/v2\/posts\/10470\/revisions"}],"wp:featuredmedia":[{"embeddable":true,"href":"https:\/\/vieassociative.be\/actualites\/wp-json\/wp\/v2\/media\/10471"}],"wp:attachment":[{"href":"https:\/\/vieassociative.be\/actualites\/wp-json\/wp\/v2\/media?parent=10470"}],"wp:term":[{"taxonomy":"category","embeddable":true,"href":"https:\/\/vieassociative.be\/actualites\/wp-json\/wp\/v2\/categories?post=10470"},{"taxonomy":"post_tag","embeddable":true,"href":"https:\/\/vieassociative.be\/actualites\/wp-json\/wp\/v2\/tags?post=10470"}],"curies":[{"name":"wp","href":"https:\/\/api.w.org\/{rel}","templated":true}]}}